{"id":1197,"date":"2023-10-05T21:17:49","date_gmt":"2023-10-06T00:17:49","guid":{"rendered":"https:\/\/transamerica93.com.br\/home\/?p=1197"},"modified":"2023-10-05T21:17:49","modified_gmt":"2023-10-06T00:17:49","slug":"aviao-de-marilia-mendonca-caiu-por-causa-de-negligencia-diz-policia","status":"publish","type":"post","link":"https:\/\/transamerica93.com.br\/home\/aviao-de-marilia-mendonca-caiu-por-causa-de-negligencia-diz-policia\/","title":{"rendered":"Avi\u00e3o de Mar\u00edlia Mendon\u00e7a caiu por causa de neglig\u00eancia, diz Pol\u00edcia"},"content":{"rendered":"<div class=\"post-item alt-font\">\n<div class=\"post-item-wrap\">\n<p>A Pol\u00edcia Civil de Minas Gerais concluiu que neglig\u00eancia e imprud\u00eancia foram as causas da morte de cinco pessoas, incluindo a cantora Mar\u00edlia Mendon\u00e7a, em um\u00a0<a href=\"https:\/\/agenciabrasil.ebc.com.br\/geral\/noticia\/2021-11\/cantora-marilia-mendonca-morre-em-queda-de-aviao-em-minas-gerais\" target=\"_blank\" rel=\"noopener\">acidente a\u00e9reo<\/a>\u00a0no dia 5 de novembro de 2021. Ficou evidenciada a pr\u00e1tica de homic\u00eddio culposo por parte do piloto e do copiloto da aeronave, mas o inqu\u00e9rito foi arquivado devido ao falecimento dos dois no acidente.\u00a0<img decoding=\"async\" data-src=\"https:\/\/agenciabrasil.ebc.com.br\/ebc.png?id=1559200&amp;o=node\" src=\"data:image\/svg+xml;base64,PHN2ZyB3aWR0aD0iMSIgaGVpZ2h0PSIxIiB4bWxucz0iaHR0cDovL3d3dy53My5vcmcvMjAwMC9zdmciPjwvc3ZnPg==\" class=\"lazyload\" \/><img decoding=\"async\" data-src=\"https:\/\/agenciabrasil.ebc.com.br\/ebc.gif?id=1559200&amp;o=node\" src=\"data:image\/svg+xml;base64,PHN2ZyB3aWR0aD0iMSIgaGVpZ2h0PSIxIiB4bWxucz0iaHR0cDovL3d3dy53My5vcmcvMjAwMC9zdmciPjwvc3ZnPg==\" class=\"lazyload\" \/><\/p>\n<p>A aeronave modelo Beech Aircraft caiu momentos antes do pouso em uma cachoeira do distrito de Piedade de Caratinga, no munic\u00edpio mineiro de Caratinga.<\/p>\n<p>Para chegar a essa conclus\u00e3o, a Pol\u00edcia Civil descartou outras hip\u00f3teses que teriam motivado o acidente. O laudo do Centro de Investiga\u00e7\u00e3o e Preven\u00e7\u00e3o de Acidentes Aeron\u00e1uticos (Cenipa) descartou qualquer problema t\u00e9cnico na aeronave, e o Instituto M\u00e9dico Legal negou problemas de sa\u00fade nos pilotos, como um mal s\u00fabito. Tamb\u00e9m foi descartado um eventual atentado.<\/p>\n<p>No dia do acidente, a aeronave\u00a0<a href=\"https:\/\/agenciabrasil.ebc.com.br\/geral\/noticia\/2023-05\/marilia-mendonca-cabos-de-energia-da-cemig-provocaram-queda-de-aviao\" target=\"_blank\" rel=\"noopener\">se chocou com uma torre de transmiss\u00e3o de energia<\/a>\u00a0que n\u00e3o era sinalizada. Segundo a Pol\u00edcia Civil, a sinaliza\u00e7\u00e3o n\u00e3o era obrigat\u00f3ria por causa da altura das torres e da dist\u00e2ncia que ela est\u00e1 da zona de prote\u00e7\u00e3o do aeroporto.<\/p>\n<p>Segundo o delegado de Caratinga, Ivan Lopes, os manuais da aeronave determinavam que os pilotos observassem previamente a proximidade de morros e antenas. \u201cEra um dever de quem comandava a aeronave ter feito essa an\u00e1lise pr\u00e9via\u201d, disse Lopes. O delegado acrescentou que havia cartas aeron\u00e1uticas que possibilitariam aos pilotos identificar torres no local.<\/p>\n<p>Para o advogado Sergio Alonso, que representa a filha do piloto, a conclus\u00e3o da Pol\u00edcia Civil \u00e9 \u201cabsurda e lament\u00e1vel\u201d. S\u00e9rgio Alonso afirmou que o acidente ocorreu pela falta de sinaliza\u00e7\u00e3o da torre de transmiss\u00e3o da Cemig e pela falta da carta de aproxima\u00e7\u00e3o, que traz os detalhes do local de pouso.<\/p>\n<p>\u201cPara comprovar isso, a Cemig, no dia 1\u00ba de setembro, atendendo solicita\u00e7\u00e3o do Cenipa, sinalizou a rede. E o Decea [Departamento de Controle do Espa\u00e7o A\u00e9reo] fez a carta de aproxima\u00e7\u00e3o e ainda elevou a altitude do tr\u00e1fego a\u00e9reo na regi\u00e3o. Consequentemente, se isso tudo tivesse sido feito antes do acidente, o acidente n\u00e3o teria ocorrido\u201d, disse Alonso \u00e0\u00a0<strong>Ag\u00eancia Brasil<\/strong>.<\/p>\n<p><em>Texto ampliado \u00e0s 9h57 do dia 5 de outubro para incluir fala do advogado da filha do piloto, que morreu no acidente<\/em><\/p>\n<\/div>\n<p class=\"alt-font font-italic my-2 small text-info\">Edi\u00e7\u00e3o: N\u00e1dia Franco<\/p>\n<\/div>\n","protected":false},"excerpt":{"rendered":"<p>A Pol\u00edcia Civil de Minas Gerais concluiu que neglig\u00eancia e imprud\u00eancia foram as causas da morte de cinco pessoas, incluindo a cantora Mar\u00edlia Mendon\u00e7a, em um\u00a0acidente a\u00e9reo\u00a0no dia 5 de novembro de 2021. Ficou evidenciada a pr\u00e1tica de homic\u00eddio culposo por parte do piloto e do copiloto da aeronave, mas o inqu\u00e9rito foi arquivado devido &hellip;<\/p>\n","protected":false},"author":1,"featured_media":1198,"comment_status":"open","ping_status":"open","sticky":false,"template":"","format":"standard","meta":{"footnotes":""},"categories":[30],"tags":[],"class_list":["post-1197","post","type-post","status-publish","format-standard","has-post-thumbnail","hentry","category-geral"],"yoast_head":"<!-- This site is optimized with the Yoast SEO plugin v27.4 - https:\/\/yoast.com\/product\/yoast-seo-wordpress\/ -->\n<title>Avi\u00e3o de Mar\u00edlia Mendon\u00e7a caiu por causa de neglig\u00eancia, diz Pol\u00edcia - Transam\u00e9rica Mococa 93,3<\/title>\n<meta name=\"robots\" content=\"index, follow, max-snippet:-1, max-image-preview:large, max-video-preview:-1\" \/>\n<link rel=\"canonical\" href=\"https:\/\/transamerica93.com.br\/home\/aviao-de-marilia-mendonca-caiu-por-causa-de-negligencia-diz-policia\/\" \/>\n<meta property=\"og:locale\" content=\"pt_BR\" \/>\n<meta property=\"og:type\" content=\"article\" \/>\n<meta property=\"og:title\" content=\"Avi\u00e3o de Mar\u00edlia Mendon\u00e7a caiu por causa de neglig\u00eancia, diz Pol\u00edcia - Transam\u00e9rica Mococa 93,3\" \/>\n<meta property=\"og:description\" content=\"A Pol\u00edcia Civil de Minas Gerais concluiu que neglig\u00eancia e imprud\u00eancia foram as causas da morte de cinco pessoas, incluindo a cantora Mar\u00edlia Mendon\u00e7a, em um\u00a0acidente a\u00e9reo\u00a0no dia 5 de novembro de 2021. Ficou evidenciada a pr\u00e1tica de homic\u00eddio culposo por parte do piloto e do copiloto da aeronave, mas o inqu\u00e9rito foi arquivado devido &hellip;\" \/>\n<meta property=\"og:url\" content=\"https:\/\/transamerica93.com.br\/home\/aviao-de-marilia-mendonca-caiu-por-causa-de-negligencia-diz-policia\/\" \/>\n<meta property=\"og:site_name\" content=\"Transam\u00e9rica Mococa 93,3\" \/>\n<meta property=\"article:publisher\" content=\"https:\/\/www.facebook.com\/transamericamococa\" \/>\n<meta property=\"article:published_time\" content=\"2023-10-06T00:17:49+00:00\" \/>\n<meta property=\"og:image\" content=\"https:\/\/transamerica93.com.br\/home\/wp-content\/uploads\/2023\/10\/marilia_mendonca_aeronave_vai_passar_por_pericia_detalhada_2.jpg\" \/>\n\t<meta property=\"og:image:width\" content=\"1170\" \/>\n\t<meta property=\"og:image:height\" content=\"700\" \/>\n\t<meta property=\"og:image:type\" content=\"image\/jpeg\" \/>\n<meta name=\"author\" content=\"Reda\u00e7\u00e3o\" \/>\n<meta name=\"twitter:card\" content=\"summary_large_image\" \/>\n<meta name=\"twitter:creator\" content=\"@transamerica933\" \/>\n<meta name=\"twitter:site\" content=\"@transamerica933\" \/>\n<meta name=\"twitter:label1\" content=\"Escrito por\" \/>\n\t<meta name=\"twitter:data1\" content=\"Reda\u00e7\u00e3o\" \/>\n\t<meta name=\"twitter:label2\" content=\"Est. tempo de leitura\" \/>\n\t<meta name=\"twitter:data2\" content=\"2 minutos\" \/>\n<script type=\"application\/ld+json\" class=\"yoast-schema-graph\">{\"@context\":\"https:\\\/\\\/schema.org\",\"@graph\":[{\"@type\":\"Article\",\"@id\":\"https:\\\/\\\/transamerica93.com.br\\\/home\\\/aviao-de-marilia-mendonca-caiu-por-causa-de-negligencia-diz-policia\\\/#article\",\"isPartOf\":{\"@id\":\"https:\\\/\\\/transamerica93.com.br\\\/home\\\/aviao-de-marilia-mendonca-caiu-por-causa-de-negligencia-diz-policia\\\/\"},\"author\":{\"name\":\"Reda\u00e7\u00e3o\",\"@id\":\"https:\\\/\\\/transamerica93.com.br\\\/home\\\/#\\\/schema\\\/person\\\/7fed7c99c0d4562efa8561bc0f543172\"},\"headline\":\"Avi\u00e3o de Mar\u00edlia Mendon\u00e7a caiu por causa de neglig\u00eancia, diz Pol\u00edcia\",\"datePublished\":\"2023-10-06T00:17:49+00:00\",\"mainEntityOfPage\":{\"@id\":\"https:\\\/\\\/transamerica93.com.br\\\/home\\\/aviao-de-marilia-mendonca-caiu-por-causa-de-negligencia-diz-policia\\\/\"},\"wordCount\":439,\"commentCount\":0,\"publisher\":{\"@id\":\"https:\\\/\\\/transamerica93.com.br\\\/home\\\/#organization\"},\"image\":{\"@id\":\"https:\\\/\\\/transamerica93.com.br\\\/home\\\/aviao-de-marilia-mendonca-caiu-por-causa-de-negligencia-diz-policia\\\/#primaryimage\"},\"thumbnailUrl\":\"https:\\\/\\\/transamerica93.com.br\\\/home\\\/wp-content\\\/uploads\\\/2023\\\/10\\\/marilia_mendonca_aeronave_vai_passar_por_pericia_detalhada_2.jpg\",\"articleSection\":[\"Geral\"],\"inLanguage\":\"pt-BR\"},{\"@type\":\"WebPage\",\"@id\":\"https:\\\/\\\/transamerica93.com.br\\\/home\\\/aviao-de-marilia-mendonca-caiu-por-causa-de-negligencia-diz-policia\\\/\",\"url\":\"https:\\\/\\\/transamerica93.com.br\\\/home\\\/aviao-de-marilia-mendonca-caiu-por-causa-de-negligencia-diz-policia\\\/\",\"name\":\"Avi\u00e3o de Mar\u00edlia Mendon\u00e7a caiu por causa de neglig\u00eancia, diz Pol\u00edcia - Transam\u00e9rica Mococa 93,3\",\"isPartOf\":{\"@id\":\"https:\\\/\\\/transamerica93.com.br\\\/home\\\/#website\"},\"primaryImageOfPage\":{\"@id\":\"https:\\\/\\\/transamerica93.com.br\\\/home\\\/aviao-de-marilia-mendonca-caiu-por-causa-de-negligencia-diz-policia\\\/#primaryimage\"},\"image\":{\"@id\":\"https:\\\/\\\/transamerica93.com.br\\\/home\\\/aviao-de-marilia-mendonca-caiu-por-causa-de-negligencia-diz-policia\\\/#primaryimage\"},\"thumbnailUrl\":\"https:\\\/\\\/transamerica93.com.br\\\/home\\\/wp-content\\\/uploads\\\/2023\\\/10\\\/marilia_mendonca_aeronave_vai_passar_por_pericia_detalhada_2.jpg\",\"datePublished\":\"2023-10-06T00:17:49+00:00\",\"breadcrumb\":{\"@id\":\"https:\\\/\\\/transamerica93.com.br\\\/home\\\/aviao-de-marilia-mendonca-caiu-por-causa-de-negligencia-diz-policia\\\/#breadcrumb\"},\"inLanguage\":\"pt-BR\",\"potentialAction\":[{\"@type\":\"ReadAction\",\"target\":[\"https:\\\/\\\/transamerica93.com.br\\\/home\\\/aviao-de-marilia-mendonca-caiu-por-causa-de-negligencia-diz-policia\\\/\"]}]},{\"@type\":\"ImageObject\",\"inLanguage\":\"pt-BR\",\"@id\":\"https:\\\/\\\/transamerica93.com.br\\\/home\\\/aviao-de-marilia-mendonca-caiu-por-causa-de-negligencia-diz-policia\\\/#primaryimage\",\"url\":\"https:\\\/\\\/transamerica93.com.br\\\/home\\\/wp-content\\\/uploads\\\/2023\\\/10\\\/marilia_mendonca_aeronave_vai_passar_por_pericia_detalhada_2.jpg\",\"contentUrl\":\"https:\\\/\\\/transamerica93.com.br\\\/home\\\/wp-content\\\/uploads\\\/2023\\\/10\\\/marilia_mendonca_aeronave_vai_passar_por_pericia_detalhada_2.jpg\",\"width\":1170,\"height\":700,\"caption\":\"\u00a9 Youtube\\\/Wikimedia Commons\"},{\"@type\":\"BreadcrumbList\",\"@id\":\"https:\\\/\\\/transamerica93.com.br\\\/home\\\/aviao-de-marilia-mendonca-caiu-por-causa-de-negligencia-diz-policia\\\/#breadcrumb\",\"itemListElement\":[{\"@type\":\"ListItem\",\"position\":1,\"name\":\"In\u00edcio\",\"item\":\"https:\\\/\\\/transamerica93.com.br\\\/home\\\/\"},{\"@type\":\"ListItem\",\"position\":2,\"name\":\"Avi\u00e3o de Mar\u00edlia Mendon\u00e7a caiu por causa de neglig\u00eancia, diz Pol\u00edcia\"}]},{\"@type\":\"WebSite\",\"@id\":\"https:\\\/\\\/transamerica93.com.br\\\/home\\\/#website\",\"url\":\"https:\\\/\\\/transamerica93.com.br\\\/home\\\/\",\"name\":\"Transam\u00e9rica Mococa 93,3\",\"description\":\"\",\"publisher\":{\"@id\":\"https:\\\/\\\/transamerica93.com.br\\\/home\\\/#organization\"},\"potentialAction\":[{\"@type\":\"SearchAction\",\"target\":{\"@type\":\"EntryPoint\",\"urlTemplate\":\"https:\\\/\\\/transamerica93.com.br\\\/home\\\/?s={search_term_string}\"},\"query-input\":{\"@type\":\"PropertyValueSpecification\",\"valueRequired\":true,\"valueName\":\"search_term_string\"}}],\"inLanguage\":\"pt-BR\"},{\"@type\":\"Organization\",\"@id\":\"https:\\\/\\\/transamerica93.com.br\\\/home\\\/#organization\",\"name\":\"Transam\u00e9rica Mococa 93,3\",\"url\":\"https:\\\/\\\/transamerica93.com.br\\\/home\\\/\",\"logo\":{\"@type\":\"ImageObject\",\"inLanguage\":\"pt-BR\",\"@id\":\"https:\\\/\\\/transamerica93.com.br\\\/home\\\/#\\\/schema\\\/logo\\\/image\\\/\",\"url\":\"https:\\\/\\\/transamerica93.com.br\\\/home\\\/wp-content\\\/uploads\\\/2023\\\/10\\\/logo2.png\",\"contentUrl\":\"https:\\\/\\\/transamerica93.com.br\\\/home\\\/wp-content\\\/uploads\\\/2023\\\/10\\\/logo2.png\",\"width\":800,\"height\":500,\"caption\":\"Transam\u00e9rica Mococa 93,3\"},\"image\":{\"@id\":\"https:\\\/\\\/transamerica93.com.br\\\/home\\\/#\\\/schema\\\/logo\\\/image\\\/\"},\"sameAs\":[\"https:\\\/\\\/www.facebook.com\\\/transamericamococa\",\"https:\\\/\\\/x.com\\\/transamerica933\",\"https:\\\/\\\/www.instagram.com\\\/transamericamococa\"]},{\"@type\":\"Person\",\"@id\":\"https:\\\/\\\/transamerica93.com.br\\\/home\\\/#\\\/schema\\\/person\\\/7fed7c99c0d4562efa8561bc0f543172\",\"name\":\"Reda\u00e7\u00e3o\",\"image\":{\"@type\":\"ImageObject\",\"inLanguage\":\"pt-BR\",\"@id\":\"https:\\\/\\\/secure.gravatar.com\\\/avatar\\\/1072c6b775fb02ef8506ce967551d95926669a6b7d2c2147b42eea4d7c68395e?s=96&d=mm&r=g\",\"url\":\"https:\\\/\\\/secure.gravatar.com\\\/avatar\\\/1072c6b775fb02ef8506ce967551d95926669a6b7d2c2147b42eea4d7c68395e?s=96&d=mm&r=g\",\"contentUrl\":\"https:\\\/\\\/secure.gravatar.com\\\/avatar\\\/1072c6b775fb02ef8506ce967551d95926669a6b7d2c2147b42eea4d7c68395e?s=96&d=mm&r=g\",\"caption\":\"Reda\u00e7\u00e3o\"},\"sameAs\":[\"https:\\\/\\\/transamerica93.com.br\\\/home\"],\"url\":\"https:\\\/\\\/transamerica93.com.br\\\/home\\\/author\\\/william\\\/\"}]}<\/script>\n<!-- \/ Yoast SEO plugin. -->","yoast_head_json":{"title":"Avi\u00e3o de Mar\u00edlia Mendon\u00e7a caiu por causa de neglig\u00eancia, diz Pol\u00edcia - Transam\u00e9rica Mococa 93,3","robots":{"index":"index","follow":"follow","max-snippet":"max-snippet:-1","max-image-preview":"max-image-preview:large","max-video-preview":"max-video-preview:-1"},"canonical":"https:\/\/transamerica93.com.br\/home\/aviao-de-marilia-mendonca-caiu-por-causa-de-negligencia-diz-policia\/","og_locale":"pt_BR","og_type":"article","og_title":"Avi\u00e3o de Mar\u00edlia Mendon\u00e7a caiu por causa de neglig\u00eancia, diz Pol\u00edcia - Transam\u00e9rica Mococa 93,3","og_description":"A Pol\u00edcia Civil de Minas Gerais concluiu que neglig\u00eancia e imprud\u00eancia foram as causas da morte de cinco pessoas, incluindo a cantora Mar\u00edlia Mendon\u00e7a, em um\u00a0acidente a\u00e9reo\u00a0no dia 5 de novembro de 2021. Ficou evidenciada a pr\u00e1tica de homic\u00eddio culposo por parte do piloto e do copiloto da aeronave, mas o inqu\u00e9rito foi arquivado devido &hellip;","og_url":"https:\/\/transamerica93.com.br\/home\/aviao-de-marilia-mendonca-caiu-por-causa-de-negligencia-diz-policia\/","og_site_name":"Transam\u00e9rica Mococa 93,3","article_publisher":"https:\/\/www.facebook.com\/transamericamococa","article_published_time":"2023-10-06T00:17:49+00:00","og_image":[{"width":1170,"height":700,"url":"https:\/\/transamerica93.com.br\/home\/wp-content\/uploads\/2023\/10\/marilia_mendonca_aeronave_vai_passar_por_pericia_detalhada_2.jpg","type":"image\/jpeg"}],"author":"Reda\u00e7\u00e3o","twitter_card":"summary_large_image","twitter_creator":"@transamerica933","twitter_site":"@transamerica933","twitter_misc":{"Escrito por":"Reda\u00e7\u00e3o","Est. tempo de leitura":"2 minutos"},"schema":{"@context":"https:\/\/schema.org","@graph":[{"@type":"Article","@id":"https:\/\/transamerica93.com.br\/home\/aviao-de-marilia-mendonca-caiu-por-causa-de-negligencia-diz-policia\/#article","isPartOf":{"@id":"https:\/\/transamerica93.com.br\/home\/aviao-de-marilia-mendonca-caiu-por-causa-de-negligencia-diz-policia\/"},"author":{"name":"Reda\u00e7\u00e3o","@id":"https:\/\/transamerica93.com.br\/home\/#\/schema\/person\/7fed7c99c0d4562efa8561bc0f543172"},"headline":"Avi\u00e3o de Mar\u00edlia Mendon\u00e7a caiu por causa de neglig\u00eancia, diz Pol\u00edcia","datePublished":"2023-10-06T00:17:49+00:00","mainEntityOfPage":{"@id":"https:\/\/transamerica93.com.br\/home\/aviao-de-marilia-mendonca-caiu-por-causa-de-negligencia-diz-policia\/"},"wordCount":439,"commentCount":0,"publisher":{"@id":"https:\/\/transamerica93.com.br\/home\/#organization"},"image":{"@id":"https:\/\/transamerica93.com.br\/home\/aviao-de-marilia-mendonca-caiu-por-causa-de-negligencia-diz-policia\/#primaryimage"},"thumbnailUrl":"https:\/\/transamerica93.com.br\/home\/wp-content\/uploads\/2023\/10\/marilia_mendonca_aeronave_vai_passar_por_pericia_detalhada_2.jpg","articleSection":["Geral"],"inLanguage":"pt-BR"},{"@type":"WebPage","@id":"https:\/\/transamerica93.com.br\/home\/aviao-de-marilia-mendonca-caiu-por-causa-de-negligencia-diz-policia\/","url":"https:\/\/transamerica93.com.br\/home\/aviao-de-marilia-mendonca-caiu-por-causa-de-negligencia-diz-policia\/","name":"Avi\u00e3o de Mar\u00edlia Mendon\u00e7a caiu por causa de neglig\u00eancia, diz Pol\u00edcia - Transam\u00e9rica Mococa 93,3","isPartOf":{"@id":"https:\/\/transamerica93.com.br\/home\/#website"},"primaryImageOfPage":{"@id":"https:\/\/transamerica93.com.br\/home\/aviao-de-marilia-mendonca-caiu-por-causa-de-negligencia-diz-policia\/#primaryimage"},"image":{"@id":"https:\/\/transamerica93.com.br\/home\/aviao-de-marilia-mendonca-caiu-por-causa-de-negligencia-diz-policia\/#primaryimage"},"thumbnailUrl":"https:\/\/transamerica93.com.br\/home\/wp-content\/uploads\/2023\/10\/marilia_mendonca_aeronave_vai_passar_por_pericia_detalhada_2.jpg","datePublished":"2023-10-06T00:17:49+00:00","breadcrumb":{"@id":"https:\/\/transamerica93.com.br\/home\/aviao-de-marilia-mendonca-caiu-por-causa-de-negligencia-diz-policia\/#breadcrumb"},"inLanguage":"pt-BR","potentialAction":[{"@type":"ReadAction","target":["https:\/\/transamerica93.com.br\/home\/aviao-de-marilia-mendonca-caiu-por-causa-de-negligencia-diz-policia\/"]}]},{"@type":"ImageObject","inLanguage":"pt-BR","@id":"https:\/\/transamerica93.com.br\/home\/aviao-de-marilia-mendonca-caiu-por-causa-de-negligencia-diz-policia\/#primaryimage","url":"https:\/\/transamerica93.com.br\/home\/wp-content\/uploads\/2023\/10\/marilia_mendonca_aeronave_vai_passar_por_pericia_detalhada_2.jpg","contentUrl":"https:\/\/transamerica93.com.br\/home\/wp-content\/uploads\/2023\/10\/marilia_mendonca_aeronave_vai_passar_por_pericia_detalhada_2.jpg","width":1170,"height":700,"caption":"\u00a9 Youtube\/Wikimedia Commons"},{"@type":"BreadcrumbList","@id":"https:\/\/transamerica93.com.br\/home\/aviao-de-marilia-mendonca-caiu-por-causa-de-negligencia-diz-policia\/#breadcrumb","itemListElement":[{"@type":"ListItem","position":1,"name":"In\u00edcio","item":"https:\/\/transamerica93.com.br\/home\/"},{"@type":"ListItem","position":2,"name":"Avi\u00e3o de Mar\u00edlia Mendon\u00e7a caiu por causa de neglig\u00eancia, diz Pol\u00edcia"}]},{"@type":"WebSite","@id":"https:\/\/transamerica93.com.br\/home\/#website","url":"https:\/\/transamerica93.com.br\/home\/","name":"Transam\u00e9rica Mococa 93,3","description":"","publisher":{"@id":"https:\/\/transamerica93.com.br\/home\/#organization"},"potentialAction":[{"@type":"SearchAction","target":{"@type":"EntryPoint","urlTemplate":"https:\/\/transamerica93.com.br\/home\/?s={search_term_string}"},"query-input":{"@type":"PropertyValueSpecification","valueRequired":true,"valueName":"search_term_string"}}],"inLanguage":"pt-BR"},{"@type":"Organization","@id":"https:\/\/transamerica93.com.br\/home\/#organization","name":"Transam\u00e9rica Mococa 93,3","url":"https:\/\/transamerica93.com.br\/home\/","logo":{"@type":"ImageObject","inLanguage":"pt-BR","@id":"https:\/\/transamerica93.com.br\/home\/#\/schema\/logo\/image\/","url":"https:\/\/transamerica93.com.br\/home\/wp-content\/uploads\/2023\/10\/logo2.png","contentUrl":"https:\/\/transamerica93.com.br\/home\/wp-content\/uploads\/2023\/10\/logo2.png","width":800,"height":500,"caption":"Transam\u00e9rica Mococa 93,3"},"image":{"@id":"https:\/\/transamerica93.com.br\/home\/#\/schema\/logo\/image\/"},"sameAs":["https:\/\/www.facebook.com\/transamericamococa","https:\/\/x.com\/transamerica933","https:\/\/www.instagram.com\/transamericamococa"]},{"@type":"Person","@id":"https:\/\/transamerica93.com.br\/home\/#\/schema\/person\/7fed7c99c0d4562efa8561bc0f543172","name":"Reda\u00e7\u00e3o","image":{"@type":"ImageObject","inLanguage":"pt-BR","@id":"https:\/\/secure.gravatar.com\/avatar\/1072c6b775fb02ef8506ce967551d95926669a6b7d2c2147b42eea4d7c68395e?s=96&d=mm&r=g","url":"https:\/\/secure.gravatar.com\/avatar\/1072c6b775fb02ef8506ce967551d95926669a6b7d2c2147b42eea4d7c68395e?s=96&d=mm&r=g","contentUrl":"https:\/\/secure.gravatar.com\/avatar\/1072c6b775fb02ef8506ce967551d95926669a6b7d2c2147b42eea4d7c68395e?s=96&d=mm&r=g","caption":"Reda\u00e7\u00e3o"},"sameAs":["https:\/\/transamerica93.com.br\/home"],"url":"https:\/\/transamerica93.com.br\/home\/author\/william\/"}]}},"_links":{"self":[{"href":"https:\/\/transamerica93.com.br\/home\/wp-json\/wp\/v2\/posts\/1197","targetHints":{"allow":["GET"]}}],"collection":[{"href":"https:\/\/transamerica93.com.br\/home\/wp-json\/wp\/v2\/posts"}],"about":[{"href":"https:\/\/transamerica93.com.br\/home\/wp-json\/wp\/v2\/types\/post"}],"author":[{"embeddable":true,"href":"https:\/\/transamerica93.com.br\/home\/wp-json\/wp\/v2\/users\/1"}],"replies":[{"embeddable":true,"href":"https:\/\/transamerica93.com.br\/home\/wp-json\/wp\/v2\/comments?post=1197"}],"version-history":[{"count":1,"href":"https:\/\/transamerica93.com.br\/home\/wp-json\/wp\/v2\/posts\/1197\/revisions"}],"predecessor-version":[{"id":1199,"href":"https:\/\/transamerica93.com.br\/home\/wp-json\/wp\/v2\/posts\/1197\/revisions\/1199"}],"wp:featuredmedia":[{"embeddable":true,"href":"https:\/\/transamerica93.com.br\/home\/wp-json\/wp\/v2\/media\/1198"}],"wp:attachment":[{"href":"https:\/\/transamerica93.com.br\/home\/wp-json\/wp\/v2\/media?parent=1197"}],"wp:term":[{"taxonomy":"category","embeddable":true,"href":"https:\/\/transamerica93.com.br\/home\/wp-json\/wp\/v2\/categories?post=1197"},{"taxonomy":"post_tag","embeddable":true,"href":"https:\/\/transamerica93.com.br\/home\/wp-json\/wp\/v2\/tags?post=1197"}],"curies":[{"name":"wp","href":"https:\/\/api.w.org\/{rel}","templated":true}]}}