{"id":1206,"date":"2023-10-05T21:21:03","date_gmt":"2023-10-06T00:21:03","guid":{"rendered":"https:\/\/transamerica93.com.br\/home\/?p=1206"},"modified":"2023-10-05T21:21:03","modified_gmt":"2023-10-06T00:21:03","slug":"medida-provisoria-perde-validade-e-imposto-sobre-diesel-sera-zerado","status":"publish","type":"post","link":"https:\/\/transamerica93.com.br\/home\/medida-provisoria-perde-validade-e-imposto-sobre-diesel-sera-zerado\/","title":{"rendered":"Medida Provis\u00f3ria perde validade e imposto sobre diesel ser\u00e1 zerado"},"content":{"rendered":"<div class=\"post-item-wrap\">\n<p>A Medida Provis\u00f3ria (MP) que criou o programa de desconto na compra de ve\u00edculos novos perdeu a validade nesta ter\u00e7a-feira (3) e, com isso, os tributos federais que incidiam sobre o \u00f3leo diesel voltam a ficar zerados, o que pode baratear o valor do combust\u00edvel na bomba. Em janeiro, o governo federal decidiu manter zerada, at\u00e9 dezembro, a tributa\u00e7\u00e3o pelo Programa de Integra\u00e7\u00e3o Social (PIS) e a Contribui\u00e7\u00e3o para o Financiamento da Seguridade Social (Cofins) sobre o diesel e o g\u00e1s liquefeito de petr\u00f3leo (GLP), o g\u00e1s de cozinha. No entanto, essa desonera\u00e7\u00e3o total foi parcialmente revertida, especificamente sobre o diesel, para compensar a perda de arrecada\u00e7\u00e3o com o programa para baratear carros populares, \u00f4nibus e caminh\u00f5es\u00a0<a href=\"https:\/\/agenciabrasil.ebc.com.br\/economia\/noticia\/2023-06\/mp-que-da-desconto-carros-populares-e-publicada\" target=\"_blank\" rel=\"noopener\">lan\u00e7ado em junho<\/a>.<img decoding=\"async\" data-src=\"https:\/\/agenciabrasil.ebc.com.br\/ebc.png?id=1559210&amp;o=node\" src=\"data:image\/svg+xml;base64,PHN2ZyB3aWR0aD0iMSIgaGVpZ2h0PSIxIiB4bWxucz0iaHR0cDovL3d3dy53My5vcmcvMjAwMC9zdmciPjwvc3ZnPg==\" class=\"lazyload\" \/><img decoding=\"async\" data-src=\"https:\/\/agenciabrasil.ebc.com.br\/ebc.gif?id=1559210&amp;o=node\" src=\"data:image\/svg+xml;base64,PHN2ZyB3aWR0aD0iMSIgaGVpZ2h0PSIxIiB4bWxucz0iaHR0cDovL3d3dy53My5vcmcvMjAwMC9zdmciPjwvc3ZnPg==\" class=\"lazyload\" \/><\/p>\n<p>Quando foi editada, a MP 1.175, que criou o programa de incentivo, voltou a tributar o diesel em R$ 0,11 por litro para bancar o desconto de R$ 1,5 bilh\u00e3o em impostos sobre ve\u00edculos novos, entre caminh\u00f5es, vans e carros. Ainda no fim de junho, uma nova medida (MP 1178) elevou essa reonera\u00e7\u00e3o em R$ 0,03, para o total de R$ 0,14 por litro, para custear mais R$ 300 milh\u00f5es em\u00a0<a href=\"https:\/\/agenciabrasil.ebc.com.br\/economia\/noticia\/2023-06\/governo-destinara-mais-r-300-milhoes-em-incentivos-para-carro-popular\" target=\"_blank\" rel=\"noopener\">descontos extras nos carros populares<\/a>, cuja demanda havia sido superada nas primeiras semanas do programa de desconto. Essa eleva\u00e7\u00e3o no tributo do diesel ocorreria a partir de outubro e arrecadaria R$ 200 milh\u00f5es extras (os R$ 100 milh\u00f5es restantes j\u00e1 haviam sido bancados pelo aumento de R$ 0,11 sobre o litro do diesel).<\/p>\n<p>Procurada, a Receita Federal confirmou os efeitos do fim da validade da MP 1.175, que faz com que a MP 1.178 tamb\u00e9m perdesse seu objeto. &#8220;Em princ\u00edpio, se n\u00e3o houver outra altera\u00e7\u00e3o legal, volta a se aplicar o disposto no art. 3\u00ba. da Lei 14.592, de 2023, que previa a desonera\u00e7\u00e3o do diesel e do biodiesel at\u00e9 31 de dezembro de 2023. Se n\u00e3o houver mudan\u00e7as legais at\u00e9 l\u00e1, a partir de 1 de janeiro de 2024 as al\u00edquotas do diesel e do biodiesel voltam aos seus valores normais, a saber: R$0,35\/litro para o diesel; e R$0,14\/litro para o biodiesel&#8221;, informou o \u00f3rg\u00e3o.<\/p>\n<h2>Programa<\/h2>\n<p>O programa de inventivo \u00e0 compra de ve\u00edculos foi encerrado no in\u00edcio de julho, com a\u00a0<a href=\"https:\/\/agenciabrasil.ebc.com.br\/economia\/noticia\/2023-07\/governo-encerra-programa-de-desconto-para-carros-leves\" target=\"_blank\" rel=\"noopener\">libera\u00e7\u00e3o de todos os recursos<\/a>\u00a0dispon\u00edveis para carros leves. De acordo com o balan\u00e7o do Minist\u00e9rio do Desenvolvimento, Ind\u00fastria, Com\u00e9rcio e Servi\u00e7os (MDIC), 125 mil carros foram comercializados com descontos entre R$ 2 mil e R$ 8 mil, ou 1,7% e 11,7%.<\/p>\n<p>J\u00e1 para caminh\u00f5es, vans e \u00f4nibus, o programa seguia em vigor, com prazo de vig\u00eancia at\u00e9 novembro ou at\u00e9 os cr\u00e9ditos tribut\u00e1rios se esgotarem. Estava prevista a utiliza\u00e7\u00e3o de R$ 700 milh\u00f5es para a venda de caminh\u00f5es e R$ 300 milh\u00f5es para vans e \u00f4nibus, sendo que, at\u00e9 o meio do ano, haviam sido utilizados R$ 100 milh\u00f5es e R$ 140 milh\u00f5es, respectivamente. O governo n\u00e3o informou os valores atualizados sobre a utiliza\u00e7\u00e3o dos descontos.<\/p>\n<\/div>\n<p class=\"alt-font font-italic my-2 small text-info\">Edi\u00e7\u00e3o: Aline Leal<\/p>\n","protected":false},"excerpt":{"rendered":"<p>A Medida Provis\u00f3ria (MP) que criou o programa de desconto na compra de ve\u00edculos novos perdeu a validade nesta ter\u00e7a-feira (3) e, com isso, os tributos federais que incidiam sobre o \u00f3leo diesel voltam a ficar zerados, o que pode baratear o valor do combust\u00edvel na bomba. Em janeiro, o governo federal decidiu manter zerada, &hellip;<\/p>\n","protected":false},"author":1,"featured_media":1207,"comment_status":"open","ping_status":"open","sticky":false,"template":"","format":"standard","meta":{"footnotes":""},"categories":[30],"tags":[],"class_list":["post-1206","post","type-post","status-publish","format-standard","has-post-thumbnail","hentry","category-geral"],"yoast_head":"<!-- This site is optimized with the Yoast SEO plugin v27.4 - https:\/\/yoast.com\/product\/yoast-seo-wordpress\/ -->\n<title>Medida Provis\u00f3ria perde validade e imposto sobre diesel ser\u00e1 zerado - Transam\u00e9rica Mococa 93,3<\/title>\n<meta name=\"robots\" content=\"index, follow, max-snippet:-1, max-image-preview:large, max-video-preview:-1\" \/>\n<link rel=\"canonical\" href=\"https:\/\/transamerica93.com.br\/home\/medida-provisoria-perde-validade-e-imposto-sobre-diesel-sera-zerado\/\" \/>\n<meta property=\"og:locale\" content=\"pt_BR\" \/>\n<meta property=\"og:type\" content=\"article\" \/>\n<meta property=\"og:title\" content=\"Medida Provis\u00f3ria perde validade e imposto sobre diesel ser\u00e1 zerado - Transam\u00e9rica Mococa 93,3\" \/>\n<meta property=\"og:description\" content=\"A Medida Provis\u00f3ria (MP) que criou o programa de desconto na compra de ve\u00edculos novos perdeu a validade nesta ter\u00e7a-feira (3) e, com isso, os tributos federais que incidiam sobre o \u00f3leo diesel voltam a ficar zerados, o que pode baratear o valor do combust\u00edvel na bomba. Em janeiro, o governo federal decidiu manter zerada, &hellip;\" \/>\n<meta property=\"og:url\" content=\"https:\/\/transamerica93.com.br\/home\/medida-provisoria-perde-validade-e-imposto-sobre-diesel-sera-zerado\/\" \/>\n<meta property=\"og:site_name\" content=\"Transam\u00e9rica Mococa 93,3\" \/>\n<meta property=\"article:publisher\" content=\"https:\/\/www.facebook.com\/transamericamococa\" \/>\n<meta property=\"article:published_time\" content=\"2023-10-06T00:21:03+00:00\" \/>\n<meta property=\"og:image\" content=\"https:\/\/transamerica93.com.br\/home\/wp-content\/uploads\/2023\/10\/alcoogasolinadiesel.jpg\" \/>\n\t<meta property=\"og:image:width\" content=\"1170\" \/>\n\t<meta property=\"og:image:height\" content=\"700\" \/>\n\t<meta property=\"og:image:type\" content=\"image\/jpeg\" \/>\n<meta name=\"author\" content=\"Reda\u00e7\u00e3o\" \/>\n<meta name=\"twitter:card\" content=\"summary_large_image\" \/>\n<meta name=\"twitter:creator\" content=\"@transamerica933\" \/>\n<meta name=\"twitter:site\" content=\"@transamerica933\" \/>\n<meta name=\"twitter:label1\" content=\"Escrito por\" \/>\n\t<meta name=\"twitter:data1\" content=\"Reda\u00e7\u00e3o\" \/>\n\t<meta name=\"twitter:label2\" content=\"Est. tempo de leitura\" \/>\n\t<meta name=\"twitter:data2\" content=\"3 minutos\" \/>\n<script type=\"application\/ld+json\" class=\"yoast-schema-graph\">{\"@context\":\"https:\\\/\\\/schema.org\",\"@graph\":[{\"@type\":\"Article\",\"@id\":\"https:\\\/\\\/transamerica93.com.br\\\/home\\\/medida-provisoria-perde-validade-e-imposto-sobre-diesel-sera-zerado\\\/#article\",\"isPartOf\":{\"@id\":\"https:\\\/\\\/transamerica93.com.br\\\/home\\\/medida-provisoria-perde-validade-e-imposto-sobre-diesel-sera-zerado\\\/\"},\"author\":{\"name\":\"Reda\u00e7\u00e3o\",\"@id\":\"https:\\\/\\\/transamerica93.com.br\\\/home\\\/#\\\/schema\\\/person\\\/7fed7c99c0d4562efa8561bc0f543172\"},\"headline\":\"Medida Provis\u00f3ria perde validade e imposto sobre diesel ser\u00e1 zerado\",\"datePublished\":\"2023-10-06T00:21:03+00:00\",\"mainEntityOfPage\":{\"@id\":\"https:\\\/\\\/transamerica93.com.br\\\/home\\\/medida-provisoria-perde-validade-e-imposto-sobre-diesel-sera-zerado\\\/\"},\"wordCount\":520,\"commentCount\":0,\"publisher\":{\"@id\":\"https:\\\/\\\/transamerica93.com.br\\\/home\\\/#organization\"},\"image\":{\"@id\":\"https:\\\/\\\/transamerica93.com.br\\\/home\\\/medida-provisoria-perde-validade-e-imposto-sobre-diesel-sera-zerado\\\/#primaryimage\"},\"thumbnailUrl\":\"https:\\\/\\\/transamerica93.com.br\\\/home\\\/wp-content\\\/uploads\\\/2023\\\/10\\\/alcoogasolinadiesel.jpg\",\"articleSection\":[\"Geral\"],\"inLanguage\":\"pt-BR\"},{\"@type\":\"WebPage\",\"@id\":\"https:\\\/\\\/transamerica93.com.br\\\/home\\\/medida-provisoria-perde-validade-e-imposto-sobre-diesel-sera-zerado\\\/\",\"url\":\"https:\\\/\\\/transamerica93.com.br\\\/home\\\/medida-provisoria-perde-validade-e-imposto-sobre-diesel-sera-zerado\\\/\",\"name\":\"Medida Provis\u00f3ria perde validade e imposto sobre diesel ser\u00e1 zerado - Transam\u00e9rica Mococa 93,3\",\"isPartOf\":{\"@id\":\"https:\\\/\\\/transamerica93.com.br\\\/home\\\/#website\"},\"primaryImageOfPage\":{\"@id\":\"https:\\\/\\\/transamerica93.com.br\\\/home\\\/medida-provisoria-perde-validade-e-imposto-sobre-diesel-sera-zerado\\\/#primaryimage\"},\"image\":{\"@id\":\"https:\\\/\\\/transamerica93.com.br\\\/home\\\/medida-provisoria-perde-validade-e-imposto-sobre-diesel-sera-zerado\\\/#primaryimage\"},\"thumbnailUrl\":\"https:\\\/\\\/transamerica93.com.br\\\/home\\\/wp-content\\\/uploads\\\/2023\\\/10\\\/alcoogasolinadiesel.jpg\",\"datePublished\":\"2023-10-06T00:21:03+00:00\",\"breadcrumb\":{\"@id\":\"https:\\\/\\\/transamerica93.com.br\\\/home\\\/medida-provisoria-perde-validade-e-imposto-sobre-diesel-sera-zerado\\\/#breadcrumb\"},\"inLanguage\":\"pt-BR\",\"potentialAction\":[{\"@type\":\"ReadAction\",\"target\":[\"https:\\\/\\\/transamerica93.com.br\\\/home\\\/medida-provisoria-perde-validade-e-imposto-sobre-diesel-sera-zerado\\\/\"]}]},{\"@type\":\"ImageObject\",\"inLanguage\":\"pt-BR\",\"@id\":\"https:\\\/\\\/transamerica93.com.br\\\/home\\\/medida-provisoria-perde-validade-e-imposto-sobre-diesel-sera-zerado\\\/#primaryimage\",\"url\":\"https:\\\/\\\/transamerica93.com.br\\\/home\\\/wp-content\\\/uploads\\\/2023\\\/10\\\/alcoogasolinadiesel.jpg\",\"contentUrl\":\"https:\\\/\\\/transamerica93.com.br\\\/home\\\/wp-content\\\/uploads\\\/2023\\\/10\\\/alcoogasolinadiesel.jpg\",\"width\":1170,\"height\":700,\"caption\":\"\u00a9 Marcelo Camargo\\\/Ag\u00eancia Brasil\"},{\"@type\":\"BreadcrumbList\",\"@id\":\"https:\\\/\\\/transamerica93.com.br\\\/home\\\/medida-provisoria-perde-validade-e-imposto-sobre-diesel-sera-zerado\\\/#breadcrumb\",\"itemListElement\":[{\"@type\":\"ListItem\",\"position\":1,\"name\":\"In\u00edcio\",\"item\":\"https:\\\/\\\/transamerica93.com.br\\\/home\\\/\"},{\"@type\":\"ListItem\",\"position\":2,\"name\":\"Medida Provis\u00f3ria perde validade e imposto sobre diesel ser\u00e1 zerado\"}]},{\"@type\":\"WebSite\",\"@id\":\"https:\\\/\\\/transamerica93.com.br\\\/home\\\/#website\",\"url\":\"https:\\\/\\\/transamerica93.com.br\\\/home\\\/\",\"name\":\"Transam\u00e9rica Mococa 93,3\",\"description\":\"\",\"publisher\":{\"@id\":\"https:\\\/\\\/transamerica93.com.br\\\/home\\\/#organization\"},\"potentialAction\":[{\"@type\":\"SearchAction\",\"target\":{\"@type\":\"EntryPoint\",\"urlTemplate\":\"https:\\\/\\\/transamerica93.com.br\\\/home\\\/?s={search_term_string}\"},\"query-input\":{\"@type\":\"PropertyValueSpecification\",\"valueRequired\":true,\"valueName\":\"search_term_string\"}}],\"inLanguage\":\"pt-BR\"},{\"@type\":\"Organization\",\"@id\":\"https:\\\/\\\/transamerica93.com.br\\\/home\\\/#organization\",\"name\":\"Transam\u00e9rica Mococa 93,3\",\"url\":\"https:\\\/\\\/transamerica93.com.br\\\/home\\\/\",\"logo\":{\"@type\":\"ImageObject\",\"inLanguage\":\"pt-BR\",\"@id\":\"https:\\\/\\\/transamerica93.com.br\\\/home\\\/#\\\/schema\\\/logo\\\/image\\\/\",\"url\":\"https:\\\/\\\/transamerica93.com.br\\\/home\\\/wp-content\\\/uploads\\\/2023\\\/10\\\/logo2.png\",\"contentUrl\":\"https:\\\/\\\/transamerica93.com.br\\\/home\\\/wp-content\\\/uploads\\\/2023\\\/10\\\/logo2.png\",\"width\":800,\"height\":500,\"caption\":\"Transam\u00e9rica Mococa 93,3\"},\"image\":{\"@id\":\"https:\\\/\\\/transamerica93.com.br\\\/home\\\/#\\\/schema\\\/logo\\\/image\\\/\"},\"sameAs\":[\"https:\\\/\\\/www.facebook.com\\\/transamericamococa\",\"https:\\\/\\\/x.com\\\/transamerica933\",\"https:\\\/\\\/www.instagram.com\\\/transamericamococa\"]},{\"@type\":\"Person\",\"@id\":\"https:\\\/\\\/transamerica93.com.br\\\/home\\\/#\\\/schema\\\/person\\\/7fed7c99c0d4562efa8561bc0f543172\",\"name\":\"Reda\u00e7\u00e3o\",\"image\":{\"@type\":\"ImageObject\",\"inLanguage\":\"pt-BR\",\"@id\":\"https:\\\/\\\/secure.gravatar.com\\\/avatar\\\/1072c6b775fb02ef8506ce967551d95926669a6b7d2c2147b42eea4d7c68395e?s=96&d=mm&r=g\",\"url\":\"https:\\\/\\\/secure.gravatar.com\\\/avatar\\\/1072c6b775fb02ef8506ce967551d95926669a6b7d2c2147b42eea4d7c68395e?s=96&d=mm&r=g\",\"contentUrl\":\"https:\\\/\\\/secure.gravatar.com\\\/avatar\\\/1072c6b775fb02ef8506ce967551d95926669a6b7d2c2147b42eea4d7c68395e?s=96&d=mm&r=g\",\"caption\":\"Reda\u00e7\u00e3o\"},\"sameAs\":[\"https:\\\/\\\/transamerica93.com.br\\\/home\"],\"url\":\"https:\\\/\\\/transamerica93.com.br\\\/home\\\/author\\\/william\\\/\"}]}<\/script>\n<!-- \/ Yoast SEO plugin. -->","yoast_head_json":{"title":"Medida Provis\u00f3ria perde validade e imposto sobre diesel ser\u00e1 zerado - Transam\u00e9rica Mococa 93,3","robots":{"index":"index","follow":"follow","max-snippet":"max-snippet:-1","max-image-preview":"max-image-preview:large","max-video-preview":"max-video-preview:-1"},"canonical":"https:\/\/transamerica93.com.br\/home\/medida-provisoria-perde-validade-e-imposto-sobre-diesel-sera-zerado\/","og_locale":"pt_BR","og_type":"article","og_title":"Medida Provis\u00f3ria perde validade e imposto sobre diesel ser\u00e1 zerado - Transam\u00e9rica Mococa 93,3","og_description":"A Medida Provis\u00f3ria (MP) que criou o programa de desconto na compra de ve\u00edculos novos perdeu a validade nesta ter\u00e7a-feira (3) e, com isso, os tributos federais que incidiam sobre o \u00f3leo diesel voltam a ficar zerados, o que pode baratear o valor do combust\u00edvel na bomba. Em janeiro, o governo federal decidiu manter zerada, &hellip;","og_url":"https:\/\/transamerica93.com.br\/home\/medida-provisoria-perde-validade-e-imposto-sobre-diesel-sera-zerado\/","og_site_name":"Transam\u00e9rica Mococa 93,3","article_publisher":"https:\/\/www.facebook.com\/transamericamococa","article_published_time":"2023-10-06T00:21:03+00:00","og_image":[{"width":1170,"height":700,"url":"https:\/\/transamerica93.com.br\/home\/wp-content\/uploads\/2023\/10\/alcoogasolinadiesel.jpg","type":"image\/jpeg"}],"author":"Reda\u00e7\u00e3o","twitter_card":"summary_large_image","twitter_creator":"@transamerica933","twitter_site":"@transamerica933","twitter_misc":{"Escrito por":"Reda\u00e7\u00e3o","Est. tempo de leitura":"3 minutos"},"schema":{"@context":"https:\/\/schema.org","@graph":[{"@type":"Article","@id":"https:\/\/transamerica93.com.br\/home\/medida-provisoria-perde-validade-e-imposto-sobre-diesel-sera-zerado\/#article","isPartOf":{"@id":"https:\/\/transamerica93.com.br\/home\/medida-provisoria-perde-validade-e-imposto-sobre-diesel-sera-zerado\/"},"author":{"name":"Reda\u00e7\u00e3o","@id":"https:\/\/transamerica93.com.br\/home\/#\/schema\/person\/7fed7c99c0d4562efa8561bc0f543172"},"headline":"Medida Provis\u00f3ria perde validade e imposto sobre diesel ser\u00e1 zerado","datePublished":"2023-10-06T00:21:03+00:00","mainEntityOfPage":{"@id":"https:\/\/transamerica93.com.br\/home\/medida-provisoria-perde-validade-e-imposto-sobre-diesel-sera-zerado\/"},"wordCount":520,"commentCount":0,"publisher":{"@id":"https:\/\/transamerica93.com.br\/home\/#organization"},"image":{"@id":"https:\/\/transamerica93.com.br\/home\/medida-provisoria-perde-validade-e-imposto-sobre-diesel-sera-zerado\/#primaryimage"},"thumbnailUrl":"https:\/\/transamerica93.com.br\/home\/wp-content\/uploads\/2023\/10\/alcoogasolinadiesel.jpg","articleSection":["Geral"],"inLanguage":"pt-BR"},{"@type":"WebPage","@id":"https:\/\/transamerica93.com.br\/home\/medida-provisoria-perde-validade-e-imposto-sobre-diesel-sera-zerado\/","url":"https:\/\/transamerica93.com.br\/home\/medida-provisoria-perde-validade-e-imposto-sobre-diesel-sera-zerado\/","name":"Medida Provis\u00f3ria perde validade e imposto sobre diesel ser\u00e1 zerado - Transam\u00e9rica Mococa 93,3","isPartOf":{"@id":"https:\/\/transamerica93.com.br\/home\/#website"},"primaryImageOfPage":{"@id":"https:\/\/transamerica93.com.br\/home\/medida-provisoria-perde-validade-e-imposto-sobre-diesel-sera-zerado\/#primaryimage"},"image":{"@id":"https:\/\/transamerica93.com.br\/home\/medida-provisoria-perde-validade-e-imposto-sobre-diesel-sera-zerado\/#primaryimage"},"thumbnailUrl":"https:\/\/transamerica93.com.br\/home\/wp-content\/uploads\/2023\/10\/alcoogasolinadiesel.jpg","datePublished":"2023-10-06T00:21:03+00:00","breadcrumb":{"@id":"https:\/\/transamerica93.com.br\/home\/medida-provisoria-perde-validade-e-imposto-sobre-diesel-sera-zerado\/#breadcrumb"},"inLanguage":"pt-BR","potentialAction":[{"@type":"ReadAction","target":["https:\/\/transamerica93.com.br\/home\/medida-provisoria-perde-validade-e-imposto-sobre-diesel-sera-zerado\/"]}]},{"@type":"ImageObject","inLanguage":"pt-BR","@id":"https:\/\/transamerica93.com.br\/home\/medida-provisoria-perde-validade-e-imposto-sobre-diesel-sera-zerado\/#primaryimage","url":"https:\/\/transamerica93.com.br\/home\/wp-content\/uploads\/2023\/10\/alcoogasolinadiesel.jpg","contentUrl":"https:\/\/transamerica93.com.br\/home\/wp-content\/uploads\/2023\/10\/alcoogasolinadiesel.jpg","width":1170,"height":700,"caption":"\u00a9 Marcelo Camargo\/Ag\u00eancia Brasil"},{"@type":"BreadcrumbList","@id":"https:\/\/transamerica93.com.br\/home\/medida-provisoria-perde-validade-e-imposto-sobre-diesel-sera-zerado\/#breadcrumb","itemListElement":[{"@type":"ListItem","position":1,"name":"In\u00edcio","item":"https:\/\/transamerica93.com.br\/home\/"},{"@type":"ListItem","position":2,"name":"Medida Provis\u00f3ria perde validade e imposto sobre diesel ser\u00e1 zerado"}]},{"@type":"WebSite","@id":"https:\/\/transamerica93.com.br\/home\/#website","url":"https:\/\/transamerica93.com.br\/home\/","name":"Transam\u00e9rica Mococa 93,3","description":"","publisher":{"@id":"https:\/\/transamerica93.com.br\/home\/#organization"},"potentialAction":[{"@type":"SearchAction","target":{"@type":"EntryPoint","urlTemplate":"https:\/\/transamerica93.com.br\/home\/?s={search_term_string}"},"query-input":{"@type":"PropertyValueSpecification","valueRequired":true,"valueName":"search_term_string"}}],"inLanguage":"pt-BR"},{"@type":"Organization","@id":"https:\/\/transamerica93.com.br\/home\/#organization","name":"Transam\u00e9rica Mococa 93,3","url":"https:\/\/transamerica93.com.br\/home\/","logo":{"@type":"ImageObject","inLanguage":"pt-BR","@id":"https:\/\/transamerica93.com.br\/home\/#\/schema\/logo\/image\/","url":"https:\/\/transamerica93.com.br\/home\/wp-content\/uploads\/2023\/10\/logo2.png","contentUrl":"https:\/\/transamerica93.com.br\/home\/wp-content\/uploads\/2023\/10\/logo2.png","width":800,"height":500,"caption":"Transam\u00e9rica Mococa 93,3"},"image":{"@id":"https:\/\/transamerica93.com.br\/home\/#\/schema\/logo\/image\/"},"sameAs":["https:\/\/www.facebook.com\/transamericamococa","https:\/\/x.com\/transamerica933","https:\/\/www.instagram.com\/transamericamococa"]},{"@type":"Person","@id":"https:\/\/transamerica93.com.br\/home\/#\/schema\/person\/7fed7c99c0d4562efa8561bc0f543172","name":"Reda\u00e7\u00e3o","image":{"@type":"ImageObject","inLanguage":"pt-BR","@id":"https:\/\/secure.gravatar.com\/avatar\/1072c6b775fb02ef8506ce967551d95926669a6b7d2c2147b42eea4d7c68395e?s=96&d=mm&r=g","url":"https:\/\/secure.gravatar.com\/avatar\/1072c6b775fb02ef8506ce967551d95926669a6b7d2c2147b42eea4d7c68395e?s=96&d=mm&r=g","contentUrl":"https:\/\/secure.gravatar.com\/avatar\/1072c6b775fb02ef8506ce967551d95926669a6b7d2c2147b42eea4d7c68395e?s=96&d=mm&r=g","caption":"Reda\u00e7\u00e3o"},"sameAs":["https:\/\/transamerica93.com.br\/home"],"url":"https:\/\/transamerica93.com.br\/home\/author\/william\/"}]}},"_links":{"self":[{"href":"https:\/\/transamerica93.com.br\/home\/wp-json\/wp\/v2\/posts\/1206","targetHints":{"allow":["GET"]}}],"collection":[{"href":"https:\/\/transamerica93.com.br\/home\/wp-json\/wp\/v2\/posts"}],"about":[{"href":"https:\/\/transamerica93.com.br\/home\/wp-json\/wp\/v2\/types\/post"}],"author":[{"embeddable":true,"href":"https:\/\/transamerica93.com.br\/home\/wp-json\/wp\/v2\/users\/1"}],"replies":[{"embeddable":true,"href":"https:\/\/transamerica93.com.br\/home\/wp-json\/wp\/v2\/comments?post=1206"}],"version-history":[{"count":1,"href":"https:\/\/transamerica93.com.br\/home\/wp-json\/wp\/v2\/posts\/1206\/revisions"}],"predecessor-version":[{"id":1208,"href":"https:\/\/transamerica93.com.br\/home\/wp-json\/wp\/v2\/posts\/1206\/revisions\/1208"}],"wp:featuredmedia":[{"embeddable":true,"href":"https:\/\/transamerica93.com.br\/home\/wp-json\/wp\/v2\/media\/1207"}],"wp:attachment":[{"href":"https:\/\/transamerica93.com.br\/home\/wp-json\/wp\/v2\/media?parent=1206"}],"wp:term":[{"taxonomy":"category","embeddable":true,"href":"https:\/\/transamerica93.com.br\/home\/wp-json\/wp\/v2\/categories?post=1206"},{"taxonomy":"post_tag","embeddable":true,"href":"https:\/\/transamerica93.com.br\/home\/wp-json\/wp\/v2\/tags?post=1206"}],"curies":[{"name":"wp","href":"https:\/\/api.w.org\/{rel}","templated":true}]}}