{"id":1471,"date":"2023-10-10T14:32:14","date_gmt":"2023-10-10T17:32:14","guid":{"rendered":"https:\/\/transamerica93.com.br\/home\/?p=1471"},"modified":"2023-10-10T14:32:14","modified_gmt":"2023-10-10T17:32:14","slug":"u2-homenageia-vitimas-de-ataque-em-israel-com-nova-versao-de-pride-em-show","status":"publish","type":"post","link":"https:\/\/transamerica93.com.br\/home\/u2-homenageia-vitimas-de-ataque-em-israel-com-nova-versao-de-pride-em-show\/","title":{"rendered":"U2 homenageia v\u00edtimas de ataque em Israel com nova vers\u00e3o de \u2018Pride\u2019 em show"},"content":{"rendered":"<h6 class=\"Assina\">Por Reda\u00e7\u00e3o O Estado de S. Paulo<\/h6>\n<p>O U2 homenageou as centenas de v\u00edtimas dos ataques do grupo palestino Hamas, ocorrido no s\u00e1bado, 7, em um festival de m\u00fasica eletr\u00f4nica, em Israel. Em Las Vegas (EUA), a banda dedicou a m\u00fasica\u00a0<i>Pride (In the Name of Love)<\/i>\u00a0\u00e0s pessoas que foram atingidas pelo bombardeio.<\/p>\n<p>No show que aconteceu no domingo, 8, Bono Vox mudou a letra da faixa que fala sobre morte de Martin Luther King Jr. Na nova vers\u00e3o, o artista se referiu \u00e0s v\u00edtimas como &#8220;estrelas de Davi&#8221;<\/p>\n<p>&#8220;Na manh\u00e3 cedo, 7 de outubro, o sol est\u00e1 nascendo no c\u00e9u do deserto&#8221;, cantou Bono. &#8220;Estrelas de Davi, eles tiraram sua vida, mas n\u00e3o puderam tirar seu orgulho&#8221;, continuou.<\/p>\n<p>Na apresenta\u00e7\u00e3o, o cantor liderou a multid\u00e3o: &#8220;cantem para nossos irm\u00e3os e irm\u00e3s, que cantavam no Supernova Sukkot, em Israel. Cantamos para eles. Nosso povo, nosso povo gentil, povo da m\u00fasica. Brincalh\u00e3o, povo experimental. Nosso tipo de gente. Cantamos para eles&#8221;.<\/p>\n<p>&#8220;\u00c0 luz do que aconteceu em Israel e Gaza, uma can\u00e7\u00e3o sobre a n\u00e3o viol\u00eancia parece um tanto rid\u00edcula, at\u00e9 ris\u00edvel, mas nossas preces sempre foram pela paz e pela n\u00e3o viol\u00eancia&#8230; Mas nossos cora\u00e7\u00f5es e nossa raiva, voc\u00eas sabem onde est\u00e3o direcionados. Portanto, cantem conosco&#8230; e por aquelas belas crian\u00e7as daquele festival de m\u00fasica&#8221;, concluiu.<\/p>\n","protected":false},"excerpt":{"rendered":"<p>Por Reda\u00e7\u00e3o O Estado de S. Paulo O U2 homenageou as centenas de v\u00edtimas dos ataques do grupo palestino Hamas, ocorrido no s\u00e1bado, 7, em um festival de m\u00fasica eletr\u00f4nica, em Israel. Em Las Vegas (EUA), a banda dedicou a m\u00fasica\u00a0Pride (In the Name of Love)\u00a0\u00e0s pessoas que foram atingidas pelo bombardeio. No show que &hellip;<\/p>\n","protected":false},"author":1,"featured_media":1472,"comment_status":"open","ping_status":"open","sticky":false,"template":"","format":"standard","meta":{"footnotes":""},"categories":[25],"tags":[],"class_list":["post-1471","post","type-post","status-publish","format-standard","has-post-thumbnail","hentry","category-musica"],"yoast_head":"<!-- This site is optimized with the Yoast SEO plugin v27.4 - https:\/\/yoast.com\/product\/yoast-seo-wordpress\/ -->\n<title>U2 homenageia v\u00edtimas de ataque em Israel com nova vers\u00e3o de \u2018Pride\u2019 em show - Transam\u00e9rica Mococa 93,3<\/title>\n<meta name=\"robots\" content=\"index, follow, max-snippet:-1, max-image-preview:large, max-video-preview:-1\" \/>\n<link rel=\"canonical\" href=\"https:\/\/transamerica93.com.br\/home\/u2-homenageia-vitimas-de-ataque-em-israel-com-nova-versao-de-pride-em-show\/\" \/>\n<meta property=\"og:locale\" content=\"pt_BR\" \/>\n<meta property=\"og:type\" content=\"article\" \/>\n<meta property=\"og:title\" content=\"U2 homenageia v\u00edtimas de ataque em Israel com nova vers\u00e3o de \u2018Pride\u2019 em show - Transam\u00e9rica Mococa 93,3\" \/>\n<meta property=\"og:description\" content=\"Por Reda\u00e7\u00e3o O Estado de S. Paulo O U2 homenageou as centenas de v\u00edtimas dos ataques do grupo palestino Hamas, ocorrido no s\u00e1bado, 7, em um festival de m\u00fasica eletr\u00f4nica, em Israel. Em Las Vegas (EUA), a banda dedicou a m\u00fasica\u00a0Pride (In the Name of Love)\u00a0\u00e0s pessoas que foram atingidas pelo bombardeio. No show que &hellip;\" \/>\n<meta property=\"og:url\" content=\"https:\/\/transamerica93.com.br\/home\/u2-homenageia-vitimas-de-ataque-em-israel-com-nova-versao-de-pride-em-show\/\" \/>\n<meta property=\"og:site_name\" content=\"Transam\u00e9rica Mococa 93,3\" \/>\n<meta property=\"article:publisher\" content=\"https:\/\/www.facebook.com\/transamericamococa\" \/>\n<meta property=\"article:published_time\" content=\"2023-10-10T17:32:14+00:00\" \/>\n<meta property=\"og:image\" content=\"https:\/\/transamerica93.com.br\/home\/wp-content\/uploads\/2023\/10\/u2.jpg\" \/>\n\t<meta property=\"og:image:width\" content=\"800\" \/>\n\t<meta property=\"og:image:height\" content=\"500\" \/>\n\t<meta property=\"og:image:type\" content=\"image\/jpeg\" \/>\n<meta name=\"author\" content=\"Reda\u00e7\u00e3o\" \/>\n<meta name=\"twitter:card\" content=\"summary_large_image\" \/>\n<meta name=\"twitter:creator\" content=\"@transamerica933\" \/>\n<meta name=\"twitter:site\" content=\"@transamerica933\" \/>\n<meta name=\"twitter:label1\" content=\"Escrito por\" \/>\n\t<meta name=\"twitter:data1\" content=\"Reda\u00e7\u00e3o\" \/>\n\t<meta name=\"twitter:label2\" content=\"Est. tempo de leitura\" \/>\n\t<meta name=\"twitter:data2\" content=\"1 minuto\" \/>\n<script type=\"application\/ld+json\" class=\"yoast-schema-graph\">{\"@context\":\"https:\\\/\\\/schema.org\",\"@graph\":[{\"@type\":\"Article\",\"@id\":\"https:\\\/\\\/transamerica93.com.br\\\/home\\\/u2-homenageia-vitimas-de-ataque-em-israel-com-nova-versao-de-pride-em-show\\\/#article\",\"isPartOf\":{\"@id\":\"https:\\\/\\\/transamerica93.com.br\\\/home\\\/u2-homenageia-vitimas-de-ataque-em-israel-com-nova-versao-de-pride-em-show\\\/\"},\"author\":{\"name\":\"Reda\u00e7\u00e3o\",\"@id\":\"https:\\\/\\\/transamerica93.com.br\\\/home\\\/#\\\/schema\\\/person\\\/7fed7c99c0d4562efa8561bc0f543172\"},\"headline\":\"U2 homenageia v\u00edtimas de ataque em Israel com nova vers\u00e3o de \u2018Pride\u2019 em show\",\"datePublished\":\"2023-10-10T17:32:14+00:00\",\"mainEntityOfPage\":{\"@id\":\"https:\\\/\\\/transamerica93.com.br\\\/home\\\/u2-homenageia-vitimas-de-ataque-em-israel-com-nova-versao-de-pride-em-show\\\/\"},\"wordCount\":257,\"commentCount\":0,\"publisher\":{\"@id\":\"https:\\\/\\\/transamerica93.com.br\\\/home\\\/#organization\"},\"image\":{\"@id\":\"https:\\\/\\\/transamerica93.com.br\\\/home\\\/u2-homenageia-vitimas-de-ataque-em-israel-com-nova-versao-de-pride-em-show\\\/#primaryimage\"},\"thumbnailUrl\":\"https:\\\/\\\/transamerica93.com.br\\\/home\\\/wp-content\\\/uploads\\\/2023\\\/10\\\/u2.jpg\",\"articleSection\":[\"M\u00fasica\"],\"inLanguage\":\"pt-BR\"},{\"@type\":\"WebPage\",\"@id\":\"https:\\\/\\\/transamerica93.com.br\\\/home\\\/u2-homenageia-vitimas-de-ataque-em-israel-com-nova-versao-de-pride-em-show\\\/\",\"url\":\"https:\\\/\\\/transamerica93.com.br\\\/home\\\/u2-homenageia-vitimas-de-ataque-em-israel-com-nova-versao-de-pride-em-show\\\/\",\"name\":\"U2 homenageia v\u00edtimas de ataque em Israel com nova vers\u00e3o de \u2018Pride\u2019 em show - Transam\u00e9rica Mococa 93,3\",\"isPartOf\":{\"@id\":\"https:\\\/\\\/transamerica93.com.br\\\/home\\\/#website\"},\"primaryImageOfPage\":{\"@id\":\"https:\\\/\\\/transamerica93.com.br\\\/home\\\/u2-homenageia-vitimas-de-ataque-em-israel-com-nova-versao-de-pride-em-show\\\/#primaryimage\"},\"image\":{\"@id\":\"https:\\\/\\\/transamerica93.com.br\\\/home\\\/u2-homenageia-vitimas-de-ataque-em-israel-com-nova-versao-de-pride-em-show\\\/#primaryimage\"},\"thumbnailUrl\":\"https:\\\/\\\/transamerica93.com.br\\\/home\\\/wp-content\\\/uploads\\\/2023\\\/10\\\/u2.jpg\",\"datePublished\":\"2023-10-10T17:32:14+00:00\",\"breadcrumb\":{\"@id\":\"https:\\\/\\\/transamerica93.com.br\\\/home\\\/u2-homenageia-vitimas-de-ataque-em-israel-com-nova-versao-de-pride-em-show\\\/#breadcrumb\"},\"inLanguage\":\"pt-BR\",\"potentialAction\":[{\"@type\":\"ReadAction\",\"target\":[\"https:\\\/\\\/transamerica93.com.br\\\/home\\\/u2-homenageia-vitimas-de-ataque-em-israel-com-nova-versao-de-pride-em-show\\\/\"]}]},{\"@type\":\"ImageObject\",\"inLanguage\":\"pt-BR\",\"@id\":\"https:\\\/\\\/transamerica93.com.br\\\/home\\\/u2-homenageia-vitimas-de-ataque-em-israel-com-nova-versao-de-pride-em-show\\\/#primaryimage\",\"url\":\"https:\\\/\\\/transamerica93.com.br\\\/home\\\/wp-content\\\/uploads\\\/2023\\\/10\\\/u2.jpg\",\"contentUrl\":\"https:\\\/\\\/transamerica93.com.br\\\/home\\\/wp-content\\\/uploads\\\/2023\\\/10\\\/u2.jpg\",\"width\":800,\"height\":500,\"caption\":\"Divulga\u00e7\u00e3o\"},{\"@type\":\"BreadcrumbList\",\"@id\":\"https:\\\/\\\/transamerica93.com.br\\\/home\\\/u2-homenageia-vitimas-de-ataque-em-israel-com-nova-versao-de-pride-em-show\\\/#breadcrumb\",\"itemListElement\":[{\"@type\":\"ListItem\",\"position\":1,\"name\":\"In\u00edcio\",\"item\":\"https:\\\/\\\/transamerica93.com.br\\\/home\\\/\"},{\"@type\":\"ListItem\",\"position\":2,\"name\":\"U2 homenageia v\u00edtimas de ataque em Israel com nova vers\u00e3o de \u2018Pride\u2019 em show\"}]},{\"@type\":\"WebSite\",\"@id\":\"https:\\\/\\\/transamerica93.com.br\\\/home\\\/#website\",\"url\":\"https:\\\/\\\/transamerica93.com.br\\\/home\\\/\",\"name\":\"Transam\u00e9rica Mococa 93,3\",\"description\":\"\",\"publisher\":{\"@id\":\"https:\\\/\\\/transamerica93.com.br\\\/home\\\/#organization\"},\"potentialAction\":[{\"@type\":\"SearchAction\",\"target\":{\"@type\":\"EntryPoint\",\"urlTemplate\":\"https:\\\/\\\/transamerica93.com.br\\\/home\\\/?s={search_term_string}\"},\"query-input\":{\"@type\":\"PropertyValueSpecification\",\"valueRequired\":true,\"valueName\":\"search_term_string\"}}],\"inLanguage\":\"pt-BR\"},{\"@type\":\"Organization\",\"@id\":\"https:\\\/\\\/transamerica93.com.br\\\/home\\\/#organization\",\"name\":\"Transam\u00e9rica Mococa 93,3\",\"url\":\"https:\\\/\\\/transamerica93.com.br\\\/home\\\/\",\"logo\":{\"@type\":\"ImageObject\",\"inLanguage\":\"pt-BR\",\"@id\":\"https:\\\/\\\/transamerica93.com.br\\\/home\\\/#\\\/schema\\\/logo\\\/image\\\/\",\"url\":\"https:\\\/\\\/transamerica93.com.br\\\/home\\\/wp-content\\\/uploads\\\/2023\\\/10\\\/logo2.png\",\"contentUrl\":\"https:\\\/\\\/transamerica93.com.br\\\/home\\\/wp-content\\\/uploads\\\/2023\\\/10\\\/logo2.png\",\"width\":800,\"height\":500,\"caption\":\"Transam\u00e9rica Mococa 93,3\"},\"image\":{\"@id\":\"https:\\\/\\\/transamerica93.com.br\\\/home\\\/#\\\/schema\\\/logo\\\/image\\\/\"},\"sameAs\":[\"https:\\\/\\\/www.facebook.com\\\/transamericamococa\",\"https:\\\/\\\/x.com\\\/transamerica933\",\"https:\\\/\\\/www.instagram.com\\\/transamericamococa\"]},{\"@type\":\"Person\",\"@id\":\"https:\\\/\\\/transamerica93.com.br\\\/home\\\/#\\\/schema\\\/person\\\/7fed7c99c0d4562efa8561bc0f543172\",\"name\":\"Reda\u00e7\u00e3o\",\"image\":{\"@type\":\"ImageObject\",\"inLanguage\":\"pt-BR\",\"@id\":\"https:\\\/\\\/secure.gravatar.com\\\/avatar\\\/1072c6b775fb02ef8506ce967551d95926669a6b7d2c2147b42eea4d7c68395e?s=96&d=mm&r=g\",\"url\":\"https:\\\/\\\/secure.gravatar.com\\\/avatar\\\/1072c6b775fb02ef8506ce967551d95926669a6b7d2c2147b42eea4d7c68395e?s=96&d=mm&r=g\",\"contentUrl\":\"https:\\\/\\\/secure.gravatar.com\\\/avatar\\\/1072c6b775fb02ef8506ce967551d95926669a6b7d2c2147b42eea4d7c68395e?s=96&d=mm&r=g\",\"caption\":\"Reda\u00e7\u00e3o\"},\"sameAs\":[\"https:\\\/\\\/transamerica93.com.br\\\/home\"],\"url\":\"https:\\\/\\\/transamerica93.com.br\\\/home\\\/author\\\/william\\\/\"}]}<\/script>\n<!-- \/ Yoast SEO plugin. -->","yoast_head_json":{"title":"U2 homenageia v\u00edtimas de ataque em Israel com nova vers\u00e3o de \u2018Pride\u2019 em show - Transam\u00e9rica Mococa 93,3","robots":{"index":"index","follow":"follow","max-snippet":"max-snippet:-1","max-image-preview":"max-image-preview:large","max-video-preview":"max-video-preview:-1"},"canonical":"https:\/\/transamerica93.com.br\/home\/u2-homenageia-vitimas-de-ataque-em-israel-com-nova-versao-de-pride-em-show\/","og_locale":"pt_BR","og_type":"article","og_title":"U2 homenageia v\u00edtimas de ataque em Israel com nova vers\u00e3o de \u2018Pride\u2019 em show - Transam\u00e9rica Mococa 93,3","og_description":"Por Reda\u00e7\u00e3o O Estado de S. Paulo O U2 homenageou as centenas de v\u00edtimas dos ataques do grupo palestino Hamas, ocorrido no s\u00e1bado, 7, em um festival de m\u00fasica eletr\u00f4nica, em Israel. Em Las Vegas (EUA), a banda dedicou a m\u00fasica\u00a0Pride (In the Name of Love)\u00a0\u00e0s pessoas que foram atingidas pelo bombardeio. No show que &hellip;","og_url":"https:\/\/transamerica93.com.br\/home\/u2-homenageia-vitimas-de-ataque-em-israel-com-nova-versao-de-pride-em-show\/","og_site_name":"Transam\u00e9rica Mococa 93,3","article_publisher":"https:\/\/www.facebook.com\/transamericamococa","article_published_time":"2023-10-10T17:32:14+00:00","og_image":[{"width":800,"height":500,"url":"https:\/\/transamerica93.com.br\/home\/wp-content\/uploads\/2023\/10\/u2.jpg","type":"image\/jpeg"}],"author":"Reda\u00e7\u00e3o","twitter_card":"summary_large_image","twitter_creator":"@transamerica933","twitter_site":"@transamerica933","twitter_misc":{"Escrito por":"Reda\u00e7\u00e3o","Est. tempo de leitura":"1 minuto"},"schema":{"@context":"https:\/\/schema.org","@graph":[{"@type":"Article","@id":"https:\/\/transamerica93.com.br\/home\/u2-homenageia-vitimas-de-ataque-em-israel-com-nova-versao-de-pride-em-show\/#article","isPartOf":{"@id":"https:\/\/transamerica93.com.br\/home\/u2-homenageia-vitimas-de-ataque-em-israel-com-nova-versao-de-pride-em-show\/"},"author":{"name":"Reda\u00e7\u00e3o","@id":"https:\/\/transamerica93.com.br\/home\/#\/schema\/person\/7fed7c99c0d4562efa8561bc0f543172"},"headline":"U2 homenageia v\u00edtimas de ataque em Israel com nova vers\u00e3o de \u2018Pride\u2019 em show","datePublished":"2023-10-10T17:32:14+00:00","mainEntityOfPage":{"@id":"https:\/\/transamerica93.com.br\/home\/u2-homenageia-vitimas-de-ataque-em-israel-com-nova-versao-de-pride-em-show\/"},"wordCount":257,"commentCount":0,"publisher":{"@id":"https:\/\/transamerica93.com.br\/home\/#organization"},"image":{"@id":"https:\/\/transamerica93.com.br\/home\/u2-homenageia-vitimas-de-ataque-em-israel-com-nova-versao-de-pride-em-show\/#primaryimage"},"thumbnailUrl":"https:\/\/transamerica93.com.br\/home\/wp-content\/uploads\/2023\/10\/u2.jpg","articleSection":["M\u00fasica"],"inLanguage":"pt-BR"},{"@type":"WebPage","@id":"https:\/\/transamerica93.com.br\/home\/u2-homenageia-vitimas-de-ataque-em-israel-com-nova-versao-de-pride-em-show\/","url":"https:\/\/transamerica93.com.br\/home\/u2-homenageia-vitimas-de-ataque-em-israel-com-nova-versao-de-pride-em-show\/","name":"U2 homenageia v\u00edtimas de ataque em Israel com nova vers\u00e3o de \u2018Pride\u2019 em show - Transam\u00e9rica Mococa 93,3","isPartOf":{"@id":"https:\/\/transamerica93.com.br\/home\/#website"},"primaryImageOfPage":{"@id":"https:\/\/transamerica93.com.br\/home\/u2-homenageia-vitimas-de-ataque-em-israel-com-nova-versao-de-pride-em-show\/#primaryimage"},"image":{"@id":"https:\/\/transamerica93.com.br\/home\/u2-homenageia-vitimas-de-ataque-em-israel-com-nova-versao-de-pride-em-show\/#primaryimage"},"thumbnailUrl":"https:\/\/transamerica93.com.br\/home\/wp-content\/uploads\/2023\/10\/u2.jpg","datePublished":"2023-10-10T17:32:14+00:00","breadcrumb":{"@id":"https:\/\/transamerica93.com.br\/home\/u2-homenageia-vitimas-de-ataque-em-israel-com-nova-versao-de-pride-em-show\/#breadcrumb"},"inLanguage":"pt-BR","potentialAction":[{"@type":"ReadAction","target":["https:\/\/transamerica93.com.br\/home\/u2-homenageia-vitimas-de-ataque-em-israel-com-nova-versao-de-pride-em-show\/"]}]},{"@type":"ImageObject","inLanguage":"pt-BR","@id":"https:\/\/transamerica93.com.br\/home\/u2-homenageia-vitimas-de-ataque-em-israel-com-nova-versao-de-pride-em-show\/#primaryimage","url":"https:\/\/transamerica93.com.br\/home\/wp-content\/uploads\/2023\/10\/u2.jpg","contentUrl":"https:\/\/transamerica93.com.br\/home\/wp-content\/uploads\/2023\/10\/u2.jpg","width":800,"height":500,"caption":"Divulga\u00e7\u00e3o"},{"@type":"BreadcrumbList","@id":"https:\/\/transamerica93.com.br\/home\/u2-homenageia-vitimas-de-ataque-em-israel-com-nova-versao-de-pride-em-show\/#breadcrumb","itemListElement":[{"@type":"ListItem","position":1,"name":"In\u00edcio","item":"https:\/\/transamerica93.com.br\/home\/"},{"@type":"ListItem","position":2,"name":"U2 homenageia v\u00edtimas de ataque em Israel com nova vers\u00e3o de \u2018Pride\u2019 em show"}]},{"@type":"WebSite","@id":"https:\/\/transamerica93.com.br\/home\/#website","url":"https:\/\/transamerica93.com.br\/home\/","name":"Transam\u00e9rica Mococa 93,3","description":"","publisher":{"@id":"https:\/\/transamerica93.com.br\/home\/#organization"},"potentialAction":[{"@type":"SearchAction","target":{"@type":"EntryPoint","urlTemplate":"https:\/\/transamerica93.com.br\/home\/?s={search_term_string}"},"query-input":{"@type":"PropertyValueSpecification","valueRequired":true,"valueName":"search_term_string"}}],"inLanguage":"pt-BR"},{"@type":"Organization","@id":"https:\/\/transamerica93.com.br\/home\/#organization","name":"Transam\u00e9rica Mococa 93,3","url":"https:\/\/transamerica93.com.br\/home\/","logo":{"@type":"ImageObject","inLanguage":"pt-BR","@id":"https:\/\/transamerica93.com.br\/home\/#\/schema\/logo\/image\/","url":"https:\/\/transamerica93.com.br\/home\/wp-content\/uploads\/2023\/10\/logo2.png","contentUrl":"https:\/\/transamerica93.com.br\/home\/wp-content\/uploads\/2023\/10\/logo2.png","width":800,"height":500,"caption":"Transam\u00e9rica Mococa 93,3"},"image":{"@id":"https:\/\/transamerica93.com.br\/home\/#\/schema\/logo\/image\/"},"sameAs":["https:\/\/www.facebook.com\/transamericamococa","https:\/\/x.com\/transamerica933","https:\/\/www.instagram.com\/transamericamococa"]},{"@type":"Person","@id":"https:\/\/transamerica93.com.br\/home\/#\/schema\/person\/7fed7c99c0d4562efa8561bc0f543172","name":"Reda\u00e7\u00e3o","image":{"@type":"ImageObject","inLanguage":"pt-BR","@id":"https:\/\/secure.gravatar.com\/avatar\/1072c6b775fb02ef8506ce967551d95926669a6b7d2c2147b42eea4d7c68395e?s=96&d=mm&r=g","url":"https:\/\/secure.gravatar.com\/avatar\/1072c6b775fb02ef8506ce967551d95926669a6b7d2c2147b42eea4d7c68395e?s=96&d=mm&r=g","contentUrl":"https:\/\/secure.gravatar.com\/avatar\/1072c6b775fb02ef8506ce967551d95926669a6b7d2c2147b42eea4d7c68395e?s=96&d=mm&r=g","caption":"Reda\u00e7\u00e3o"},"sameAs":["https:\/\/transamerica93.com.br\/home"],"url":"https:\/\/transamerica93.com.br\/home\/author\/william\/"}]}},"_links":{"self":[{"href":"https:\/\/transamerica93.com.br\/home\/wp-json\/wp\/v2\/posts\/1471","targetHints":{"allow":["GET"]}}],"collection":[{"href":"https:\/\/transamerica93.com.br\/home\/wp-json\/wp\/v2\/posts"}],"about":[{"href":"https:\/\/transamerica93.com.br\/home\/wp-json\/wp\/v2\/types\/post"}],"author":[{"embeddable":true,"href":"https:\/\/transamerica93.com.br\/home\/wp-json\/wp\/v2\/users\/1"}],"replies":[{"embeddable":true,"href":"https:\/\/transamerica93.com.br\/home\/wp-json\/wp\/v2\/comments?post=1471"}],"version-history":[{"count":1,"href":"https:\/\/transamerica93.com.br\/home\/wp-json\/wp\/v2\/posts\/1471\/revisions"}],"predecessor-version":[{"id":1473,"href":"https:\/\/transamerica93.com.br\/home\/wp-json\/wp\/v2\/posts\/1471\/revisions\/1473"}],"wp:featuredmedia":[{"embeddable":true,"href":"https:\/\/transamerica93.com.br\/home\/wp-json\/wp\/v2\/media\/1472"}],"wp:attachment":[{"href":"https:\/\/transamerica93.com.br\/home\/wp-json\/wp\/v2\/media?parent=1471"}],"wp:term":[{"taxonomy":"category","embeddable":true,"href":"https:\/\/transamerica93.com.br\/home\/wp-json\/wp\/v2\/categories?post=1471"},{"taxonomy":"post_tag","embeddable":true,"href":"https:\/\/transamerica93.com.br\/home\/wp-json\/wp\/v2\/tags?post=1471"}],"curies":[{"name":"wp","href":"https:\/\/api.w.org\/{rel}","templated":true}]}}