{"id":1490,"date":"2023-10-10T14:45:25","date_gmt":"2023-10-10T17:45:25","guid":{"rendered":"https:\/\/transamerica93.com.br\/home\/?p=1490"},"modified":"2023-10-10T14:45:25","modified_gmt":"2023-10-10T17:45:25","slug":"primeiro-aviao-de-resgate-parte-de-tel-aviv-trazendo-211-brasileiros","status":"publish","type":"post","link":"https:\/\/transamerica93.com.br\/home\/primeiro-aviao-de-resgate-parte-de-tel-aviv-trazendo-211-brasileiros\/","title":{"rendered":"Primeiro avi\u00e3o de resgate parte de Tel Aviv trazendo 211 brasileiros"},"content":{"rendered":"<div class=\"post-item-wrap\">\n<p>O primeiro dos seis avi\u00f5es que o governo federal mobilizou para resgatar brasileiros do confronto entre Israel e o grupo Hamas, no Oriente M\u00e9dio, partiu de Tel Aviv pouco depois das 14\u00a0horas (hor\u00e1rio de Bras\u00edlia) desta ter\u00e7a-feira (10), levando a bordo 211\u00a0passageiros.<img decoding=\"async\" data-src=\"https:\/\/agenciabrasil.ebc.com.br\/ebc.png?id=1559957&amp;o=node\" src=\"data:image\/svg+xml;base64,PHN2ZyB3aWR0aD0iMSIgaGVpZ2h0PSIxIiB4bWxucz0iaHR0cDovL3d3dy53My5vcmcvMjAwMC9zdmciPjwvc3ZnPg==\" class=\"lazyload\" \/><img decoding=\"async\" data-src=\"https:\/\/agenciabrasil.ebc.com.br\/ebc.gif?id=1559957&amp;o=node\" src=\"data:image\/svg+xml;base64,PHN2ZyB3aWR0aD0iMSIgaGVpZ2h0PSIxIiB4bWxucz0iaHR0cDovL3d3dy53My5vcmcvMjAwMC9zdmciPjwvc3ZnPg==\" class=\"lazyload\" \/><\/p>\n<p>Segundo a For\u00e7a A\u00e9rea Brasileira (FAB), a aeronave, um KC-30 com capacidade para 230 passageiros, voar\u00e1 direto para Bras\u00edlia, onde deve pousar na Base A\u00e9rea\u00a0no in\u00edcio da madrugada de\u00a0quarta-feira (11).<\/p>\n<p>At\u00e9 a manh\u00e3 de ontem,\u00a0cerca de 2,2\u00a0mil brasileiros\u00a0j\u00e1 tinham contatado a embaixada brasileira em Tel Aviv, em busca de ajuda para deixar Israel.\u00a0Segundo o Itamaraty, a maioria deles \u00e9\u00a0formada\u00a0por turistas que visitavam Tel Aviv e Jerusal\u00e9m quando, no \u00faltimo s\u00e1bado (7), o grupo Hamas, que governa a Faixa de Gaza, deflagrou o ataque contra o territ\u00f3rio israelense.<\/p>\n<p>De acordo com o Minist\u00e9rio das Rela\u00e7\u00f5es Exteriores, em torno de 14 mil brasileiros vivem em Israel e outros 6 mil na Palestina. Al\u00e9m disso, muitos turistas visitam a regi\u00e3o, seja para conhecer locais considerados sagrados, seja para participar de eventos.\u00a0Neste primeiro momento, o Itamaraty priorizou o\u00a0traslado de cidad\u00e3os que residem no Brasil e visitavam a regi\u00e3o do conflito sem ter passagem de volta para o Brasil.<\/p>\n<h2>Rea\u00e7\u00e3o israelense<\/h2>\n<p>Ao ataque, seguiu-se forte rea\u00e7\u00e3o militar israelense, que passou a bombardear a Faixa de Gaza.\u00a0De um lado, autoridades israelitas afirmam j\u00e1 ter registrado mais de 900 mortos e 2.700 feridos desde o in\u00edcio da ofensiva do Hamas, que, por sua vez, contabiliza 680 palestinos mortos e 3.700 feridos pela contraofensiva israelense. Os n\u00fameros seguem atualizados a todo instante.<\/p>\n<p>Os atletas profissionais de t\u00eanis em cadeira de rodas Leandro Pena, Ymanitu Silva e Daniel Rodrigues desembarcaram em Tel Aviv no s\u00e1bado de manh\u00e3, poucas horas ap\u00f3s o Hamas invadir o territ\u00f3rio israelense, dando in\u00edcio ao conflito. Os tr\u00eas participariam do Israel Open, uma das etapas do Circuito Uniqlo Wheelchair Tennis Tour, e receberia alguns dos principais atletas da categoria, de hoje (9) a sexta-feira (13).<\/p>\n<p>Surpreendidos pela escalada da viol\u00eancia na regi\u00e3o, os tr\u00eas sequer deixaram o aeroporto de Tel Aviv, onde passaram a noite ao lado de milhares de pessoas que tentavam embarcar em um voo e deixar Israel. S\u00f3 ontem (8) eles conseguiram lugarem em um voo para Bangcoc, na Tail\u00e2ndia, de onde devem regressar ao Brasil.<\/p>\n<p>\u201cDepois de 33 horas esperando aqui no aeroporto [de Tel Aviv], estamos aqui, dentro avi\u00e3o para embarcar para Bangcoc. Bora para casa\u201d, comemorou Rodrigues, em\u00a0<a href=\"https:\/\/twitter.com\/EsporteGovBR\/status\/1711126070097752302?ref_src=twsrc%5Egoogle%7Ctwcamp%5Eserp%7Ctwgr%5Etweet\" target=\"_blank\" rel=\"noopener\">v\u00eddeo<\/a>\u00a0compartilhado nas redes sociais. \u201cBora! Chega.\u201d, afirmaram Pena e Silva.<\/p>\n<h2>Contatos<\/h2>\n<p>A Embaixada do Brasil em Tel Aviv est\u00e1 publicando, em seu\u00a0<a href=\"https:\/\/www.gov.br\/mre\/pt-br\/embaixada-tel-aviv\" target=\"_blank\" rel=\"noopener\">site<\/a>, um formul\u00e1rio para inscri\u00e7\u00e3o de interessados nos eventuais voos de repatria\u00e7\u00e3o.<\/p>\n<p>Os plant\u00f5es consulares da Embaixada em Tel Aviv (+972 (54) 803 5858) e do Escrit\u00f3rio de Representa\u00e7\u00e3o em Ramala (+972 (59) 205 5510), com\u00a0Whatsapp, permanecem em funcionamento para atender nacionais em situa\u00e7\u00e3o de emerg\u00eancia. O plant\u00e3o consular geral do Itamaraty tamb\u00e9m pode ser contatado por meio do telefone +55 (61) 98260-0610.<\/p>\n<p>O Escrit\u00f3rio de Representa\u00e7\u00e3o em Ramala, na Cisjord\u00e2nia, segue em contato com os brasileiros na Faixa de Gaza e, tendo em conta a deteriora\u00e7\u00e3o das condi\u00e7\u00f5es securit\u00e1rias na \u00e1rea, est\u00e1 implementando plano de evacua\u00e7\u00e3o desses nacionais da regi\u00e3o, em coordena\u00e7\u00e3o com a Embaixada do Brasil no Cairo.<\/p>\n<\/div>\n<p class=\"alt-font font-italic my-2 small text-info\">Edi\u00e7\u00e3o: Maria Claudia<\/p>\n","protected":false},"excerpt":{"rendered":"<p>O primeiro dos seis avi\u00f5es que o governo federal mobilizou para resgatar brasileiros do confronto entre Israel e o grupo Hamas, no Oriente M\u00e9dio, partiu de Tel Aviv pouco depois das 14\u00a0horas (hor\u00e1rio de Bras\u00edlia) desta ter\u00e7a-feira (10), levando a bordo 211\u00a0passageiros. Segundo a For\u00e7a A\u00e9rea Brasileira (FAB), a aeronave, um KC-30 com capacidade para &hellip;<\/p>\n","protected":false},"author":1,"featured_media":1491,"comment_status":"open","ping_status":"open","sticky":false,"template":"","format":"standard","meta":{"footnotes":""},"categories":[30],"tags":[],"class_list":["post-1490","post","type-post","status-publish","format-standard","has-post-thumbnail","hentry","category-geral"],"yoast_head":"<!-- This site is optimized with the Yoast SEO plugin v27.4 - https:\/\/yoast.com\/product\/yoast-seo-wordpress\/ -->\n<title>Primeiro avi\u00e3o de resgate parte de Tel Aviv trazendo 211 brasileiros - Transam\u00e9rica Mococa 93,3<\/title>\n<meta name=\"robots\" content=\"index, follow, max-snippet:-1, max-image-preview:large, max-video-preview:-1\" \/>\n<link rel=\"canonical\" href=\"https:\/\/transamerica93.com.br\/home\/primeiro-aviao-de-resgate-parte-de-tel-aviv-trazendo-211-brasileiros\/\" \/>\n<meta property=\"og:locale\" content=\"pt_BR\" \/>\n<meta property=\"og:type\" content=\"article\" \/>\n<meta property=\"og:title\" content=\"Primeiro avi\u00e3o de resgate parte de Tel Aviv trazendo 211 brasileiros - Transam\u00e9rica Mococa 93,3\" \/>\n<meta property=\"og:description\" content=\"O primeiro dos seis avi\u00f5es que o governo federal mobilizou para resgatar brasileiros do confronto entre Israel e o grupo Hamas, no Oriente M\u00e9dio, partiu de Tel Aviv pouco depois das 14\u00a0horas (hor\u00e1rio de Bras\u00edlia) desta ter\u00e7a-feira (10), levando a bordo 211\u00a0passageiros. Segundo a For\u00e7a A\u00e9rea Brasileira (FAB), a aeronave, um KC-30 com capacidade para &hellip;\" \/>\n<meta property=\"og:url\" content=\"https:\/\/transamerica93.com.br\/home\/primeiro-aviao-de-resgate-parte-de-tel-aviv-trazendo-211-brasileiros\/\" \/>\n<meta property=\"og:site_name\" content=\"Transam\u00e9rica Mococa 93,3\" \/>\n<meta property=\"article:publisher\" content=\"https:\/\/www.facebook.com\/transamericamococa\" \/>\n<meta property=\"article:published_time\" content=\"2023-10-10T17:45:25+00:00\" \/>\n<meta property=\"og:image\" content=\"https:\/\/transamerica93.com.br\/home\/wp-content\/uploads\/2023\/10\/fmh0sqjxwa0wutp.jpg\" \/>\n\t<meta property=\"og:image:width\" content=\"1170\" \/>\n\t<meta property=\"og:image:height\" content=\"700\" \/>\n\t<meta property=\"og:image:type\" content=\"image\/jpeg\" \/>\n<meta name=\"author\" content=\"Reda\u00e7\u00e3o\" \/>\n<meta name=\"twitter:card\" content=\"summary_large_image\" \/>\n<meta name=\"twitter:creator\" content=\"@transamerica933\" \/>\n<meta name=\"twitter:site\" content=\"@transamerica933\" \/>\n<meta name=\"twitter:label1\" content=\"Escrito por\" \/>\n\t<meta name=\"twitter:data1\" content=\"Reda\u00e7\u00e3o\" \/>\n\t<meta name=\"twitter:label2\" content=\"Est. tempo de leitura\" \/>\n\t<meta name=\"twitter:data2\" content=\"3 minutos\" \/>\n<script type=\"application\/ld+json\" class=\"yoast-schema-graph\">{\"@context\":\"https:\\\/\\\/schema.org\",\"@graph\":[{\"@type\":\"Article\",\"@id\":\"https:\\\/\\\/transamerica93.com.br\\\/home\\\/primeiro-aviao-de-resgate-parte-de-tel-aviv-trazendo-211-brasileiros\\\/#article\",\"isPartOf\":{\"@id\":\"https:\\\/\\\/transamerica93.com.br\\\/home\\\/primeiro-aviao-de-resgate-parte-de-tel-aviv-trazendo-211-brasileiros\\\/\"},\"author\":{\"name\":\"Reda\u00e7\u00e3o\",\"@id\":\"https:\\\/\\\/transamerica93.com.br\\\/home\\\/#\\\/schema\\\/person\\\/7fed7c99c0d4562efa8561bc0f543172\"},\"headline\":\"Primeiro avi\u00e3o de resgate parte de Tel Aviv trazendo 211 brasileiros\",\"datePublished\":\"2023-10-10T17:45:25+00:00\",\"mainEntityOfPage\":{\"@id\":\"https:\\\/\\\/transamerica93.com.br\\\/home\\\/primeiro-aviao-de-resgate-parte-de-tel-aviv-trazendo-211-brasileiros\\\/\"},\"wordCount\":589,\"commentCount\":0,\"publisher\":{\"@id\":\"https:\\\/\\\/transamerica93.com.br\\\/home\\\/#organization\"},\"image\":{\"@id\":\"https:\\\/\\\/transamerica93.com.br\\\/home\\\/primeiro-aviao-de-resgate-parte-de-tel-aviv-trazendo-211-brasileiros\\\/#primaryimage\"},\"thumbnailUrl\":\"https:\\\/\\\/transamerica93.com.br\\\/home\\\/wp-content\\\/uploads\\\/2023\\\/10\\\/fmh0sqjxwa0wutp.jpg\",\"articleSection\":[\"Geral\"],\"inLanguage\":\"pt-BR\"},{\"@type\":\"WebPage\",\"@id\":\"https:\\\/\\\/transamerica93.com.br\\\/home\\\/primeiro-aviao-de-resgate-parte-de-tel-aviv-trazendo-211-brasileiros\\\/\",\"url\":\"https:\\\/\\\/transamerica93.com.br\\\/home\\\/primeiro-aviao-de-resgate-parte-de-tel-aviv-trazendo-211-brasileiros\\\/\",\"name\":\"Primeiro avi\u00e3o de resgate parte de Tel Aviv trazendo 211 brasileiros - Transam\u00e9rica Mococa 93,3\",\"isPartOf\":{\"@id\":\"https:\\\/\\\/transamerica93.com.br\\\/home\\\/#website\"},\"primaryImageOfPage\":{\"@id\":\"https:\\\/\\\/transamerica93.com.br\\\/home\\\/primeiro-aviao-de-resgate-parte-de-tel-aviv-trazendo-211-brasileiros\\\/#primaryimage\"},\"image\":{\"@id\":\"https:\\\/\\\/transamerica93.com.br\\\/home\\\/primeiro-aviao-de-resgate-parte-de-tel-aviv-trazendo-211-brasileiros\\\/#primaryimage\"},\"thumbnailUrl\":\"https:\\\/\\\/transamerica93.com.br\\\/home\\\/wp-content\\\/uploads\\\/2023\\\/10\\\/fmh0sqjxwa0wutp.jpg\",\"datePublished\":\"2023-10-10T17:45:25+00:00\",\"breadcrumb\":{\"@id\":\"https:\\\/\\\/transamerica93.com.br\\\/home\\\/primeiro-aviao-de-resgate-parte-de-tel-aviv-trazendo-211-brasileiros\\\/#breadcrumb\"},\"inLanguage\":\"pt-BR\",\"potentialAction\":[{\"@type\":\"ReadAction\",\"target\":[\"https:\\\/\\\/transamerica93.com.br\\\/home\\\/primeiro-aviao-de-resgate-parte-de-tel-aviv-trazendo-211-brasileiros\\\/\"]}]},{\"@type\":\"ImageObject\",\"inLanguage\":\"pt-BR\",\"@id\":\"https:\\\/\\\/transamerica93.com.br\\\/home\\\/primeiro-aviao-de-resgate-parte-de-tel-aviv-trazendo-211-brasileiros\\\/#primaryimage\",\"url\":\"https:\\\/\\\/transamerica93.com.br\\\/home\\\/wp-content\\\/uploads\\\/2023\\\/10\\\/fmh0sqjxwa0wutp.jpg\",\"contentUrl\":\"https:\\\/\\\/transamerica93.com.br\\\/home\\\/wp-content\\\/uploads\\\/2023\\\/10\\\/fmh0sqjxwa0wutp.jpg\",\"width\":1170,\"height\":700,\"caption\":\"\u00a9 For\u00e7a A\u00e9rea Brasileira (FAB)\"},{\"@type\":\"BreadcrumbList\",\"@id\":\"https:\\\/\\\/transamerica93.com.br\\\/home\\\/primeiro-aviao-de-resgate-parte-de-tel-aviv-trazendo-211-brasileiros\\\/#breadcrumb\",\"itemListElement\":[{\"@type\":\"ListItem\",\"position\":1,\"name\":\"In\u00edcio\",\"item\":\"https:\\\/\\\/transamerica93.com.br\\\/home\\\/\"},{\"@type\":\"ListItem\",\"position\":2,\"name\":\"Primeiro avi\u00e3o de resgate parte de Tel Aviv trazendo 211 brasileiros\"}]},{\"@type\":\"WebSite\",\"@id\":\"https:\\\/\\\/transamerica93.com.br\\\/home\\\/#website\",\"url\":\"https:\\\/\\\/transamerica93.com.br\\\/home\\\/\",\"name\":\"Transam\u00e9rica Mococa 93,3\",\"description\":\"\",\"publisher\":{\"@id\":\"https:\\\/\\\/transamerica93.com.br\\\/home\\\/#organization\"},\"potentialAction\":[{\"@type\":\"SearchAction\",\"target\":{\"@type\":\"EntryPoint\",\"urlTemplate\":\"https:\\\/\\\/transamerica93.com.br\\\/home\\\/?s={search_term_string}\"},\"query-input\":{\"@type\":\"PropertyValueSpecification\",\"valueRequired\":true,\"valueName\":\"search_term_string\"}}],\"inLanguage\":\"pt-BR\"},{\"@type\":\"Organization\",\"@id\":\"https:\\\/\\\/transamerica93.com.br\\\/home\\\/#organization\",\"name\":\"Transam\u00e9rica Mococa 93,3\",\"url\":\"https:\\\/\\\/transamerica93.com.br\\\/home\\\/\",\"logo\":{\"@type\":\"ImageObject\",\"inLanguage\":\"pt-BR\",\"@id\":\"https:\\\/\\\/transamerica93.com.br\\\/home\\\/#\\\/schema\\\/logo\\\/image\\\/\",\"url\":\"https:\\\/\\\/transamerica93.com.br\\\/home\\\/wp-content\\\/uploads\\\/2023\\\/10\\\/logo2.png\",\"contentUrl\":\"https:\\\/\\\/transamerica93.com.br\\\/home\\\/wp-content\\\/uploads\\\/2023\\\/10\\\/logo2.png\",\"width\":800,\"height\":500,\"caption\":\"Transam\u00e9rica Mococa 93,3\"},\"image\":{\"@id\":\"https:\\\/\\\/transamerica93.com.br\\\/home\\\/#\\\/schema\\\/logo\\\/image\\\/\"},\"sameAs\":[\"https:\\\/\\\/www.facebook.com\\\/transamericamococa\",\"https:\\\/\\\/x.com\\\/transamerica933\",\"https:\\\/\\\/www.instagram.com\\\/transamericamococa\"]},{\"@type\":\"Person\",\"@id\":\"https:\\\/\\\/transamerica93.com.br\\\/home\\\/#\\\/schema\\\/person\\\/7fed7c99c0d4562efa8561bc0f543172\",\"name\":\"Reda\u00e7\u00e3o\",\"image\":{\"@type\":\"ImageObject\",\"inLanguage\":\"pt-BR\",\"@id\":\"https:\\\/\\\/secure.gravatar.com\\\/avatar\\\/1072c6b775fb02ef8506ce967551d95926669a6b7d2c2147b42eea4d7c68395e?s=96&d=mm&r=g\",\"url\":\"https:\\\/\\\/secure.gravatar.com\\\/avatar\\\/1072c6b775fb02ef8506ce967551d95926669a6b7d2c2147b42eea4d7c68395e?s=96&d=mm&r=g\",\"contentUrl\":\"https:\\\/\\\/secure.gravatar.com\\\/avatar\\\/1072c6b775fb02ef8506ce967551d95926669a6b7d2c2147b42eea4d7c68395e?s=96&d=mm&r=g\",\"caption\":\"Reda\u00e7\u00e3o\"},\"sameAs\":[\"https:\\\/\\\/transamerica93.com.br\\\/home\"],\"url\":\"https:\\\/\\\/transamerica93.com.br\\\/home\\\/author\\\/william\\\/\"}]}<\/script>\n<!-- \/ Yoast SEO plugin. -->","yoast_head_json":{"title":"Primeiro avi\u00e3o de resgate parte de Tel Aviv trazendo 211 brasileiros - Transam\u00e9rica Mococa 93,3","robots":{"index":"index","follow":"follow","max-snippet":"max-snippet:-1","max-image-preview":"max-image-preview:large","max-video-preview":"max-video-preview:-1"},"canonical":"https:\/\/transamerica93.com.br\/home\/primeiro-aviao-de-resgate-parte-de-tel-aviv-trazendo-211-brasileiros\/","og_locale":"pt_BR","og_type":"article","og_title":"Primeiro avi\u00e3o de resgate parte de Tel Aviv trazendo 211 brasileiros - Transam\u00e9rica Mococa 93,3","og_description":"O primeiro dos seis avi\u00f5es que o governo federal mobilizou para resgatar brasileiros do confronto entre Israel e o grupo Hamas, no Oriente M\u00e9dio, partiu de Tel Aviv pouco depois das 14\u00a0horas (hor\u00e1rio de Bras\u00edlia) desta ter\u00e7a-feira (10), levando a bordo 211\u00a0passageiros. Segundo a For\u00e7a A\u00e9rea Brasileira (FAB), a aeronave, um KC-30 com capacidade para &hellip;","og_url":"https:\/\/transamerica93.com.br\/home\/primeiro-aviao-de-resgate-parte-de-tel-aviv-trazendo-211-brasileiros\/","og_site_name":"Transam\u00e9rica Mococa 93,3","article_publisher":"https:\/\/www.facebook.com\/transamericamococa","article_published_time":"2023-10-10T17:45:25+00:00","og_image":[{"width":1170,"height":700,"url":"https:\/\/transamerica93.com.br\/home\/wp-content\/uploads\/2023\/10\/fmh0sqjxwa0wutp.jpg","type":"image\/jpeg"}],"author":"Reda\u00e7\u00e3o","twitter_card":"summary_large_image","twitter_creator":"@transamerica933","twitter_site":"@transamerica933","twitter_misc":{"Escrito por":"Reda\u00e7\u00e3o","Est. tempo de leitura":"3 minutos"},"schema":{"@context":"https:\/\/schema.org","@graph":[{"@type":"Article","@id":"https:\/\/transamerica93.com.br\/home\/primeiro-aviao-de-resgate-parte-de-tel-aviv-trazendo-211-brasileiros\/#article","isPartOf":{"@id":"https:\/\/transamerica93.com.br\/home\/primeiro-aviao-de-resgate-parte-de-tel-aviv-trazendo-211-brasileiros\/"},"author":{"name":"Reda\u00e7\u00e3o","@id":"https:\/\/transamerica93.com.br\/home\/#\/schema\/person\/7fed7c99c0d4562efa8561bc0f543172"},"headline":"Primeiro avi\u00e3o de resgate parte de Tel Aviv trazendo 211 brasileiros","datePublished":"2023-10-10T17:45:25+00:00","mainEntityOfPage":{"@id":"https:\/\/transamerica93.com.br\/home\/primeiro-aviao-de-resgate-parte-de-tel-aviv-trazendo-211-brasileiros\/"},"wordCount":589,"commentCount":0,"publisher":{"@id":"https:\/\/transamerica93.com.br\/home\/#organization"},"image":{"@id":"https:\/\/transamerica93.com.br\/home\/primeiro-aviao-de-resgate-parte-de-tel-aviv-trazendo-211-brasileiros\/#primaryimage"},"thumbnailUrl":"https:\/\/transamerica93.com.br\/home\/wp-content\/uploads\/2023\/10\/fmh0sqjxwa0wutp.jpg","articleSection":["Geral"],"inLanguage":"pt-BR"},{"@type":"WebPage","@id":"https:\/\/transamerica93.com.br\/home\/primeiro-aviao-de-resgate-parte-de-tel-aviv-trazendo-211-brasileiros\/","url":"https:\/\/transamerica93.com.br\/home\/primeiro-aviao-de-resgate-parte-de-tel-aviv-trazendo-211-brasileiros\/","name":"Primeiro avi\u00e3o de resgate parte de Tel Aviv trazendo 211 brasileiros - Transam\u00e9rica Mococa 93,3","isPartOf":{"@id":"https:\/\/transamerica93.com.br\/home\/#website"},"primaryImageOfPage":{"@id":"https:\/\/transamerica93.com.br\/home\/primeiro-aviao-de-resgate-parte-de-tel-aviv-trazendo-211-brasileiros\/#primaryimage"},"image":{"@id":"https:\/\/transamerica93.com.br\/home\/primeiro-aviao-de-resgate-parte-de-tel-aviv-trazendo-211-brasileiros\/#primaryimage"},"thumbnailUrl":"https:\/\/transamerica93.com.br\/home\/wp-content\/uploads\/2023\/10\/fmh0sqjxwa0wutp.jpg","datePublished":"2023-10-10T17:45:25+00:00","breadcrumb":{"@id":"https:\/\/transamerica93.com.br\/home\/primeiro-aviao-de-resgate-parte-de-tel-aviv-trazendo-211-brasileiros\/#breadcrumb"},"inLanguage":"pt-BR","potentialAction":[{"@type":"ReadAction","target":["https:\/\/transamerica93.com.br\/home\/primeiro-aviao-de-resgate-parte-de-tel-aviv-trazendo-211-brasileiros\/"]}]},{"@type":"ImageObject","inLanguage":"pt-BR","@id":"https:\/\/transamerica93.com.br\/home\/primeiro-aviao-de-resgate-parte-de-tel-aviv-trazendo-211-brasileiros\/#primaryimage","url":"https:\/\/transamerica93.com.br\/home\/wp-content\/uploads\/2023\/10\/fmh0sqjxwa0wutp.jpg","contentUrl":"https:\/\/transamerica93.com.br\/home\/wp-content\/uploads\/2023\/10\/fmh0sqjxwa0wutp.jpg","width":1170,"height":700,"caption":"\u00a9 For\u00e7a A\u00e9rea Brasileira (FAB)"},{"@type":"BreadcrumbList","@id":"https:\/\/transamerica93.com.br\/home\/primeiro-aviao-de-resgate-parte-de-tel-aviv-trazendo-211-brasileiros\/#breadcrumb","itemListElement":[{"@type":"ListItem","position":1,"name":"In\u00edcio","item":"https:\/\/transamerica93.com.br\/home\/"},{"@type":"ListItem","position":2,"name":"Primeiro avi\u00e3o de resgate parte de Tel Aviv trazendo 211 brasileiros"}]},{"@type":"WebSite","@id":"https:\/\/transamerica93.com.br\/home\/#website","url":"https:\/\/transamerica93.com.br\/home\/","name":"Transam\u00e9rica Mococa 93,3","description":"","publisher":{"@id":"https:\/\/transamerica93.com.br\/home\/#organization"},"potentialAction":[{"@type":"SearchAction","target":{"@type":"EntryPoint","urlTemplate":"https:\/\/transamerica93.com.br\/home\/?s={search_term_string}"},"query-input":{"@type":"PropertyValueSpecification","valueRequired":true,"valueName":"search_term_string"}}],"inLanguage":"pt-BR"},{"@type":"Organization","@id":"https:\/\/transamerica93.com.br\/home\/#organization","name":"Transam\u00e9rica Mococa 93,3","url":"https:\/\/transamerica93.com.br\/home\/","logo":{"@type":"ImageObject","inLanguage":"pt-BR","@id":"https:\/\/transamerica93.com.br\/home\/#\/schema\/logo\/image\/","url":"https:\/\/transamerica93.com.br\/home\/wp-content\/uploads\/2023\/10\/logo2.png","contentUrl":"https:\/\/transamerica93.com.br\/home\/wp-content\/uploads\/2023\/10\/logo2.png","width":800,"height":500,"caption":"Transam\u00e9rica Mococa 93,3"},"image":{"@id":"https:\/\/transamerica93.com.br\/home\/#\/schema\/logo\/image\/"},"sameAs":["https:\/\/www.facebook.com\/transamericamococa","https:\/\/x.com\/transamerica933","https:\/\/www.instagram.com\/transamericamococa"]},{"@type":"Person","@id":"https:\/\/transamerica93.com.br\/home\/#\/schema\/person\/7fed7c99c0d4562efa8561bc0f543172","name":"Reda\u00e7\u00e3o","image":{"@type":"ImageObject","inLanguage":"pt-BR","@id":"https:\/\/secure.gravatar.com\/avatar\/1072c6b775fb02ef8506ce967551d95926669a6b7d2c2147b42eea4d7c68395e?s=96&d=mm&r=g","url":"https:\/\/secure.gravatar.com\/avatar\/1072c6b775fb02ef8506ce967551d95926669a6b7d2c2147b42eea4d7c68395e?s=96&d=mm&r=g","contentUrl":"https:\/\/secure.gravatar.com\/avatar\/1072c6b775fb02ef8506ce967551d95926669a6b7d2c2147b42eea4d7c68395e?s=96&d=mm&r=g","caption":"Reda\u00e7\u00e3o"},"sameAs":["https:\/\/transamerica93.com.br\/home"],"url":"https:\/\/transamerica93.com.br\/home\/author\/william\/"}]}},"_links":{"self":[{"href":"https:\/\/transamerica93.com.br\/home\/wp-json\/wp\/v2\/posts\/1490","targetHints":{"allow":["GET"]}}],"collection":[{"href":"https:\/\/transamerica93.com.br\/home\/wp-json\/wp\/v2\/posts"}],"about":[{"href":"https:\/\/transamerica93.com.br\/home\/wp-json\/wp\/v2\/types\/post"}],"author":[{"embeddable":true,"href":"https:\/\/transamerica93.com.br\/home\/wp-json\/wp\/v2\/users\/1"}],"replies":[{"embeddable":true,"href":"https:\/\/transamerica93.com.br\/home\/wp-json\/wp\/v2\/comments?post=1490"}],"version-history":[{"count":1,"href":"https:\/\/transamerica93.com.br\/home\/wp-json\/wp\/v2\/posts\/1490\/revisions"}],"predecessor-version":[{"id":1492,"href":"https:\/\/transamerica93.com.br\/home\/wp-json\/wp\/v2\/posts\/1490\/revisions\/1492"}],"wp:featuredmedia":[{"embeddable":true,"href":"https:\/\/transamerica93.com.br\/home\/wp-json\/wp\/v2\/media\/1491"}],"wp:attachment":[{"href":"https:\/\/transamerica93.com.br\/home\/wp-json\/wp\/v2\/media?parent=1490"}],"wp:term":[{"taxonomy":"category","embeddable":true,"href":"https:\/\/transamerica93.com.br\/home\/wp-json\/wp\/v2\/categories?post=1490"},{"taxonomy":"post_tag","embeddable":true,"href":"https:\/\/transamerica93.com.br\/home\/wp-json\/wp\/v2\/tags?post=1490"}],"curies":[{"name":"wp","href":"https:\/\/api.w.org\/{rel}","templated":true}]}}