{"id":1499,"date":"2023-10-10T15:19:17","date_gmt":"2023-10-10T18:19:17","guid":{"rendered":"https:\/\/transamerica93.com.br\/home\/?p=1499"},"modified":"2023-10-10T15:19:17","modified_gmt":"2023-10-10T18:19:17","slug":"unicef-analfabetismo-em-criancas-brasileiras-dobra-durante-a-pandemia","status":"publish","type":"post","link":"https:\/\/transamerica93.com.br\/home\/unicef-analfabetismo-em-criancas-brasileiras-dobra-durante-a-pandemia\/","title":{"rendered":"Unicef: analfabetismo em crian\u00e7as brasileiras dobra durante a pandemia"},"content":{"rendered":"<div class=\"post-item-wrap\">\n<p>Apesar da pandemia da covid-19, que causou impactos econ\u00f4micos e sociais no pa\u00eds e no mundo, o Brasil apresentou melhora em \u00edndices de pobreza na inf\u00e2ncia. No entanto, viu dobrar a taxa de analfabetismo em crian\u00e7as. Os dados constam do relat\u00f3rio Pobreza Multidimensional na Inf\u00e2ncia e Adolesc\u00eancia no Brasil, divulgado nesta ter\u00e7a-feira (10) pelo Fundo das Na\u00e7\u00f5es Unidas para a Inf\u00e2ncia (Unicef).<img decoding=\"async\" data-src=\"https:\/\/agenciabrasil.ebc.com.br\/ebc.png?id=1559952&amp;o=node\" src=\"data:image\/svg+xml;base64,PHN2ZyB3aWR0aD0iMSIgaGVpZ2h0PSIxIiB4bWxucz0iaHR0cDovL3d3dy53My5vcmcvMjAwMC9zdmciPjwvc3ZnPg==\" class=\"lazyload\" \/><img decoding=\"async\" data-src=\"https:\/\/agenciabrasil.ebc.com.br\/ebc.gif?id=1559952&amp;o=node\" src=\"data:image\/svg+xml;base64,PHN2ZyB3aWR0aD0iMSIgaGVpZ2h0PSIxIiB4bWxucz0iaHR0cDovL3d3dy53My5vcmcvMjAwMC9zdmciPjwvc3ZnPg==\" class=\"lazyload\" \/><\/p>\n<p>Para medir a pobreza multidimensional, o Unicef avalia o acesso de crian\u00e7as e adolescentes a seis direitos b\u00e1sicos: renda, educa\u00e7\u00e3o, informa\u00e7\u00e3o, \u00e1gua, saneamento e moradia. Foram contabilizadas situa\u00e7\u00f5es de priva\u00e7\u00e3o intermedi\u00e1ria, ou seja, quando h\u00e1 dificuldades de exercer os direitos; e extrema, quando n\u00e3o h\u00e1 o acesso. O relat\u00f3rio se baseia na Pesquisa Nacional por Amostra de Domic\u00edlios Cont\u00ednua (Pnad Cont\u00ednua), do Instituto Brasileiro de Geografia e Estat\u00edstica (IBGE).<\/p>\n<p>\u201cA gente parte do princ\u00edpio de que os direitos das crian\u00e7as s\u00e3o priorit\u00e1rios e todos s\u00e3o igualmente importantes\u201d, explica Santiago Varella, especialista em pol\u00edticas sociais do Unicef.<\/p>\n<p>A pesquisa mostra que o Brasil conseguiu reduzir o percentual de pessoas at\u00e9 17 anos de idade com alguma priva\u00e7\u00e3o. Em 2016, a propor\u00e7\u00e3o era de 66,1%. Em 2019, \u00faltimo ano antes da pandemia, 62,9%. Em 2022, a taxa ficou em 60,3%. Esse percentual representa 31,9 milh\u00f5es de crian\u00e7as e adolescentes de um total de 52,8 milh\u00f5es no pa\u00eds. &#8220;Uma tend\u00eancia de queda que a gente acha muito lenta ainda\u201d, avalia Varella.<\/p>\n<p>&#8220;Olhar a pobreza multidimensional tendo a perspectiva temporal de 2022 \u00e9 muito relevante porque a gente come\u00e7a a entender o que est\u00e1 significando para a vida das crian\u00e7as e dos adolescentes a recupera\u00e7\u00e3o do per\u00edodo p\u00f3s-pandemia&#8221;, disse.<\/p>\n<h2>Desigualdades<\/h2>\n<p>Os n\u00fameros apresentados pelo Unicef apontam um padr\u00e3o de disparidades regionais e raciais. Em 2022, o Norte e o Nordeste figuravam com os piores \u00edndices de crian\u00e7as e adolescentes com alguma priva\u00e7\u00e3o. Nenhum estado ficava abaixo da marca de 70% (quanto maior o percentual, piores as condi\u00e7\u00f5es da popula\u00e7\u00e3o at\u00e9 17 anos). Destaques negativos para o Par\u00e1, Amap\u00e1, Maranh\u00e3o e Piau\u00ed, todos acima de 90%.<\/p>\n<div class=\"dnd-widget-wrapper context-cheio_8colunas type-image\">\n<div class=\"dnd-atom-rendered\">\n<div class=\"shadow overflow-hidden rounded-lg d-block w-100\"><img decoding=\"async\" class=\"flex-fill img-cover lazyload\" title=\"Ilustra\u00e7\u00e3o UNICEF\" data-src=\"https:\/\/imagens.ebc.com.br\/cjlzbvn47dqR1pFFrhRbQdNkQLE=\/754x0\/smart\/https:\/\/agenciabrasil.ebc.com.br\/sites\/default\/files\/thumbnails\/image\/73c81033-b010-43aa-bb70-c6606cb60a4f.jpg?itok=JJGcwi9q\" alt=\"Rio de Janeiro (RJ) 10\/10\/2023 - Analfabetismo em crian\u00e7as dobra durante a pandemia\nIlustra\u00e7\u00e3o UNICEF\" src=\"data:image\/svg+xml;base64,PHN2ZyB3aWR0aD0iMSIgaGVpZ2h0PSIxIiB4bWxucz0iaHR0cDovL3d3dy53My5vcmcvMjAwMC9zdmciPjwvc3ZnPg==\" \/><\/div>\n<\/div>\n<div class=\"dnd-caption-wrapper\">\n<h6 class=\"meta\">Analfabetismo em crian\u00e7as dobra durante a pandemia &#8211;\u00a0<strong>Ilustra\u00e7\u00e3o Unicef<\/strong><\/h6>\n<\/div>\n<\/div>\n<p>Na outra ponta, o Sul e o Sudeste apareciam com os melhores \u00edndices. Destaque para S\u00e3o Paulo, o melhor do pa\u00eds, com 35,7%. Fora dessas duas regi\u00f5es, o Distrito Federal apresentava bom resultado, com a segunda melhor taxa do pa\u00eds, 37,6%.<\/p>\n<p>Ao se observar a pobreza multidimensional pelo prisma da cor da popula\u00e7\u00e3o, 48,2% dos brancos apresentava alguma priva\u00e7\u00e3o, enquanto no grupo dos negros o \u00edndice era de 68,8%. Essa diferen\u00e7a de 20,6 pontos percentuais (p.p) era de 22,1 p.p em 2019. \u201cEssa diferen\u00e7a \u00e9 uma quest\u00e3o persistente e com uma tend\u00eancia de diminui\u00e7\u00e3o lenta\u201d, lamenta Varella.<\/p>\n<h2>Piora no analfabetismo<\/h2>\n<p>O panorama de jovens de 4 a 17 anos de idade com acesso \u00e0 escola na idade correta segue, desde 2016, uma trajet\u00f3ria crescente. Em 2022, 93,8% deles estavam na s\u00e9rie adequada, 3,4% tinham uma priva\u00e7\u00e3o intermedi\u00e1ria e 2,9%, priva\u00e7\u00e3o extrema. De acordo com o relat\u00f3rio, \u201cos dados da priva\u00e7\u00e3o relativa a estar na escola na idade certa podem ser resultado da aprova\u00e7\u00e3o autom\u00e1tica na pandemia\u201d. Para o Unicef, isso demanda \u201cabordagens mais cautelosas e contextualizadas ao interpretar dados educacionais em tempos de crise\u201d.<\/p>\n<p>J\u00e1 em rela\u00e7\u00e3o \u00e0 alfabetiza\u00e7\u00e3o, o estudo do Unicef acende um sinal de alerta. H\u00e1 uma grande piora no analfabetismo. A propor\u00e7\u00e3o de crian\u00e7as de 7 anos de idade que n\u00e3o sabem ler nem escrever saltou de 20% para 40% de 2019 para 2022. Situa\u00e7\u00e3o similar \u00e0 de crian\u00e7as de 8 anos de idade. De uma taxa de 8,5%, em 2019, houve eleva\u00e7\u00e3o para 20,8%, em 2022. Para as crian\u00e7as de 9 anos de idade, a propor\u00e7\u00e3o cresceu de 4,4% para 9,5%, de 2019 para 2022.<\/p>\n<p>Santiago Varella liga esses dados diretamente ao fechamento das escolas durante a pandemia. \u201cEssas crian\u00e7as estavam no processo mais sens\u00edvel, talvez, da vida educacional, que \u00e9 a alfabetiza\u00e7\u00e3o. Essa piora reflete a dificuldade e o car\u00e1ter lento que a recupera\u00e7\u00e3o do direito \u00e0 aprendizagem demanda\u201d, avalia. &#8220;\u00c9 preciso um esfor\u00e7o concentrado para que esse passivo da pandemia n\u00e3o se prolongue&#8221;, defende.<\/p>\n<p>Novamente, a discrep\u00e2ncia entre negros e brancos se mostra presente. O percentual de crian\u00e7as brancas de 7 a 10 anos de idade consideradas analfabetas era de 6,3% em 2019 e 15,1% em 2022. J\u00e1 entre as negras, 10,6% e 21,8%, respectivamente.<\/p>\n<h2>Alimenta\u00e7\u00e3o e renda<\/h2>\n<p>Outro indicador que apresentou piora foi o provimento da alimenta\u00e7\u00e3o para as crian\u00e7as e adolescente. Em 2019, 19% desse grupo tinha renda familiar abaixo do necess\u00e1rio para uma alimenta\u00e7\u00e3o apropriada. Em 2022, o \u00edndice estava em 20%.<\/p>\n<p>De acordo com o estudo, esse fen\u00f4meno foi atribu\u00eddo \u201cprincipalmente ao aumento acentuado no pre\u00e7o dos alimentos, demonstrando que a infla\u00e7\u00e3o nessa \u00e1rea afetou mais severamente as fam\u00edlias em situa\u00e7\u00e3o de vulnerabilidade\u201d.<\/p>\n<p>Ainda sobre renda, o Unicef fez uma an\u00e1lise sobre o n\u00famero de crian\u00e7as e adolescentes vivendo abaixo de um n\u00edvel m\u00ednimo de recursos para satisfazer suas necessidades. Esse patamar \u00e9 de R$ 541 mensais por pessoa em \u00e1reas urbanas e R$ 386 em \u00e1reas rurais &#8211; valores referentes a 2022.<\/p>\n<p>Em 2019, essa priva\u00e7\u00e3o afetava cerca de 40% das pessoas de at\u00e9 17 anos de idade. Em 2022, caiu para 36%, \u201cem parte por conta das pol\u00edticas de aux\u00edlio emergencial\u201d.<\/p>\n<p>Varella aponta um otimismo para os anos seguintes a 2022. &#8220;Para depois de 2022, a gente v\u00ea ainda outras melhoras, como amplia\u00e7\u00e3o das pol\u00edticas de transfer\u00eancia de renda, sobretudo o Bolsa Fam\u00edlia com foco na primeira inf\u00e2ncia&#8221;.<\/p>\n<h2>Saneamento e moradia<\/h2>\n<p>Em rela\u00e7\u00e3o \u00e0 moradia, o Unicef identificou que o percentual de crian\u00e7as e adolescentes com algum tipo de priva\u00e7\u00e3o diminuiu de 10,9% para 9,4% entre 2019 e 2022. As priva\u00e7\u00f5es s\u00e3o excesso de moradores no lar e condi\u00e7\u00f5es inadequadas da constru\u00e7\u00e3o.<\/p>\n<p>Em rela\u00e7\u00e3o ao saneamento b\u00e1sico, 37% das pessoas de at\u00e9 17 anos de idade n\u00e3o tinham garantido o acesso adequado a banheiros e rede de esgoto, isso representa 17,5 milh\u00f5es de crian\u00e7as e adolescentes submetidos a condi\u00e7\u00f5es, por exemplo, com fossas sendo utilizadas como se fossem banheiros. O saneamento \u00e9 a previs\u00e3o que mais afeta essa popula\u00e7\u00e3o. Al\u00e9m disso, 5,4% n\u00e3o tinham \u00e1gua pot\u00e1vel.<\/p>\n<h2>Acesso \u00e0 informa\u00e7\u00e3o<\/h2>\n<p>Um direito que apresentou melhora significativa foi o acesso \u00e0 informa\u00e7\u00e3o. Dos jovens de 9 a 17 anos de idade, 6,1% tinham alguma priva\u00e7\u00e3o ao contato com internet e televis\u00e3o. Em 2019, eram 14%.<\/p>\n<p>O especialista do Unicef elogiou o\u00a0<a href=\"https:\/\/agenciabrasil.ebc.com.br\/economia\/noticia\/2023-08\/novo-ppa-preve-r-133-trilhoes-para-politicas-publicas-em-quatro-anos-0\" target=\"_blank\" rel=\"noopener\">Plano Plurianual (PPA) enviado pelo governo ao Congresso<\/a>, no fim de agosto. Para Santiago, o PPA aponta uma prioriza\u00e7\u00e3o relevante das crian\u00e7as no conjunto das pol\u00edticas p\u00fablicas. \u201cIsso \u00e9 muito relevante\u201d, avalia Varella.<\/p>\n<\/div>\n<p class=\"alt-font font-italic my-2 small text-info\">Edi\u00e7\u00e3o: Fernando Fraga<\/p>\n","protected":false},"excerpt":{"rendered":"<p>Apesar da pandemia da covid-19, que causou impactos econ\u00f4micos e sociais no pa\u00eds e no mundo, o Brasil apresentou melhora em \u00edndices de pobreza na inf\u00e2ncia. No entanto, viu dobrar a taxa de analfabetismo em crian\u00e7as. Os dados constam do relat\u00f3rio Pobreza Multidimensional na Inf\u00e2ncia e Adolesc\u00eancia no Brasil, divulgado nesta ter\u00e7a-feira (10) pelo Fundo &hellip;<\/p>\n","protected":false},"author":1,"featured_media":1500,"comment_status":"open","ping_status":"open","sticky":false,"template":"","format":"standard","meta":{"footnotes":""},"categories":[30],"tags":[],"class_list":["post-1499","post","type-post","status-publish","format-standard","has-post-thumbnail","hentry","category-geral"],"yoast_head":"<!-- This site is optimized with the Yoast SEO plugin v27.4 - https:\/\/yoast.com\/product\/yoast-seo-wordpress\/ -->\n<title>Unicef: analfabetismo em crian\u00e7as brasileiras dobra durante a pandemia - Transam\u00e9rica Mococa 93,3<\/title>\n<meta name=\"robots\" content=\"index, follow, max-snippet:-1, max-image-preview:large, max-video-preview:-1\" \/>\n<link rel=\"canonical\" href=\"https:\/\/transamerica93.com.br\/home\/unicef-analfabetismo-em-criancas-brasileiras-dobra-durante-a-pandemia\/\" \/>\n<meta property=\"og:locale\" content=\"pt_BR\" \/>\n<meta property=\"og:type\" content=\"article\" \/>\n<meta property=\"og:title\" content=\"Unicef: analfabetismo em crian\u00e7as brasileiras dobra durante a pandemia - Transam\u00e9rica Mococa 93,3\" \/>\n<meta property=\"og:description\" content=\"Apesar da pandemia da covid-19, que causou impactos econ\u00f4micos e sociais no pa\u00eds e no mundo, o Brasil apresentou melhora em \u00edndices de pobreza na inf\u00e2ncia. No entanto, viu dobrar a taxa de analfabetismo em crian\u00e7as. Os dados constam do relat\u00f3rio Pobreza Multidimensional na Inf\u00e2ncia e Adolesc\u00eancia no Brasil, divulgado nesta ter\u00e7a-feira (10) pelo Fundo &hellip;\" \/>\n<meta property=\"og:url\" content=\"https:\/\/transamerica93.com.br\/home\/unicef-analfabetismo-em-criancas-brasileiras-dobra-durante-a-pandemia\/\" \/>\n<meta property=\"og:site_name\" content=\"Transam\u00e9rica Mococa 93,3\" \/>\n<meta property=\"article:publisher\" content=\"https:\/\/www.facebook.com\/transamericamococa\" \/>\n<meta property=\"article:published_time\" content=\"2023-10-10T18:19:17+00:00\" \/>\n<meta property=\"og:image\" content=\"https:\/\/transamerica93.com.br\/home\/wp-content\/uploads\/2023\/10\/arquivo_escola.jpg\" \/>\n\t<meta property=\"og:image:width\" content=\"1170\" \/>\n\t<meta property=\"og:image:height\" content=\"700\" \/>\n\t<meta property=\"og:image:type\" content=\"image\/jpeg\" \/>\n<meta name=\"author\" content=\"Reda\u00e7\u00e3o\" \/>\n<meta name=\"twitter:card\" content=\"summary_large_image\" \/>\n<meta name=\"twitter:creator\" content=\"@transamerica933\" \/>\n<meta name=\"twitter:site\" content=\"@transamerica933\" \/>\n<meta name=\"twitter:label1\" content=\"Escrito por\" \/>\n\t<meta name=\"twitter:data1\" content=\"Reda\u00e7\u00e3o\" \/>\n\t<meta name=\"twitter:label2\" content=\"Est. tempo de leitura\" \/>\n\t<meta name=\"twitter:data2\" content=\"6 minutos\" \/>\n<script type=\"application\/ld+json\" class=\"yoast-schema-graph\">{\"@context\":\"https:\\\/\\\/schema.org\",\"@graph\":[{\"@type\":\"Article\",\"@id\":\"https:\\\/\\\/transamerica93.com.br\\\/home\\\/unicef-analfabetismo-em-criancas-brasileiras-dobra-durante-a-pandemia\\\/#article\",\"isPartOf\":{\"@id\":\"https:\\\/\\\/transamerica93.com.br\\\/home\\\/unicef-analfabetismo-em-criancas-brasileiras-dobra-durante-a-pandemia\\\/\"},\"author\":{\"name\":\"Reda\u00e7\u00e3o\",\"@id\":\"https:\\\/\\\/transamerica93.com.br\\\/home\\\/#\\\/schema\\\/person\\\/7fed7c99c0d4562efa8561bc0f543172\"},\"headline\":\"Unicef: analfabetismo em crian\u00e7as brasileiras dobra durante a pandemia\",\"datePublished\":\"2023-10-10T18:19:17+00:00\",\"mainEntityOfPage\":{\"@id\":\"https:\\\/\\\/transamerica93.com.br\\\/home\\\/unicef-analfabetismo-em-criancas-brasileiras-dobra-durante-a-pandemia\\\/\"},\"wordCount\":1150,\"commentCount\":0,\"publisher\":{\"@id\":\"https:\\\/\\\/transamerica93.com.br\\\/home\\\/#organization\"},\"image\":{\"@id\":\"https:\\\/\\\/transamerica93.com.br\\\/home\\\/unicef-analfabetismo-em-criancas-brasileiras-dobra-durante-a-pandemia\\\/#primaryimage\"},\"thumbnailUrl\":\"https:\\\/\\\/transamerica93.com.br\\\/home\\\/wp-content\\\/uploads\\\/2023\\\/10\\\/arquivo_escola.jpg\",\"articleSection\":[\"Geral\"],\"inLanguage\":\"pt-BR\"},{\"@type\":\"WebPage\",\"@id\":\"https:\\\/\\\/transamerica93.com.br\\\/home\\\/unicef-analfabetismo-em-criancas-brasileiras-dobra-durante-a-pandemia\\\/\",\"url\":\"https:\\\/\\\/transamerica93.com.br\\\/home\\\/unicef-analfabetismo-em-criancas-brasileiras-dobra-durante-a-pandemia\\\/\",\"name\":\"Unicef: analfabetismo em crian\u00e7as brasileiras dobra durante a pandemia - Transam\u00e9rica Mococa 93,3\",\"isPartOf\":{\"@id\":\"https:\\\/\\\/transamerica93.com.br\\\/home\\\/#website\"},\"primaryImageOfPage\":{\"@id\":\"https:\\\/\\\/transamerica93.com.br\\\/home\\\/unicef-analfabetismo-em-criancas-brasileiras-dobra-durante-a-pandemia\\\/#primaryimage\"},\"image\":{\"@id\":\"https:\\\/\\\/transamerica93.com.br\\\/home\\\/unicef-analfabetismo-em-criancas-brasileiras-dobra-durante-a-pandemia\\\/#primaryimage\"},\"thumbnailUrl\":\"https:\\\/\\\/transamerica93.com.br\\\/home\\\/wp-content\\\/uploads\\\/2023\\\/10\\\/arquivo_escola.jpg\",\"datePublished\":\"2023-10-10T18:19:17+00:00\",\"breadcrumb\":{\"@id\":\"https:\\\/\\\/transamerica93.com.br\\\/home\\\/unicef-analfabetismo-em-criancas-brasileiras-dobra-durante-a-pandemia\\\/#breadcrumb\"},\"inLanguage\":\"pt-BR\",\"potentialAction\":[{\"@type\":\"ReadAction\",\"target\":[\"https:\\\/\\\/transamerica93.com.br\\\/home\\\/unicef-analfabetismo-em-criancas-brasileiras-dobra-durante-a-pandemia\\\/\"]}]},{\"@type\":\"ImageObject\",\"inLanguage\":\"pt-BR\",\"@id\":\"https:\\\/\\\/transamerica93.com.br\\\/home\\\/unicef-analfabetismo-em-criancas-brasileiras-dobra-durante-a-pandemia\\\/#primaryimage\",\"url\":\"https:\\\/\\\/transamerica93.com.br\\\/home\\\/wp-content\\\/uploads\\\/2023\\\/10\\\/arquivo_escola.jpg\",\"contentUrl\":\"https:\\\/\\\/transamerica93.com.br\\\/home\\\/wp-content\\\/uploads\\\/2023\\\/10\\\/arquivo_escola.jpg\",\"width\":1170,\"height\":700,\"caption\":\"\u00a9 Arquivo\\\/ Ag\u00eancia Brasil\"},{\"@type\":\"BreadcrumbList\",\"@id\":\"https:\\\/\\\/transamerica93.com.br\\\/home\\\/unicef-analfabetismo-em-criancas-brasileiras-dobra-durante-a-pandemia\\\/#breadcrumb\",\"itemListElement\":[{\"@type\":\"ListItem\",\"position\":1,\"name\":\"In\u00edcio\",\"item\":\"https:\\\/\\\/transamerica93.com.br\\\/home\\\/\"},{\"@type\":\"ListItem\",\"position\":2,\"name\":\"Unicef: analfabetismo em crian\u00e7as brasileiras dobra durante a pandemia\"}]},{\"@type\":\"WebSite\",\"@id\":\"https:\\\/\\\/transamerica93.com.br\\\/home\\\/#website\",\"url\":\"https:\\\/\\\/transamerica93.com.br\\\/home\\\/\",\"name\":\"Transam\u00e9rica Mococa 93,3\",\"description\":\"\",\"publisher\":{\"@id\":\"https:\\\/\\\/transamerica93.com.br\\\/home\\\/#organization\"},\"potentialAction\":[{\"@type\":\"SearchAction\",\"target\":{\"@type\":\"EntryPoint\",\"urlTemplate\":\"https:\\\/\\\/transamerica93.com.br\\\/home\\\/?s={search_term_string}\"},\"query-input\":{\"@type\":\"PropertyValueSpecification\",\"valueRequired\":true,\"valueName\":\"search_term_string\"}}],\"inLanguage\":\"pt-BR\"},{\"@type\":\"Organization\",\"@id\":\"https:\\\/\\\/transamerica93.com.br\\\/home\\\/#organization\",\"name\":\"Transam\u00e9rica Mococa 93,3\",\"url\":\"https:\\\/\\\/transamerica93.com.br\\\/home\\\/\",\"logo\":{\"@type\":\"ImageObject\",\"inLanguage\":\"pt-BR\",\"@id\":\"https:\\\/\\\/transamerica93.com.br\\\/home\\\/#\\\/schema\\\/logo\\\/image\\\/\",\"url\":\"https:\\\/\\\/transamerica93.com.br\\\/home\\\/wp-content\\\/uploads\\\/2023\\\/10\\\/logo2.png\",\"contentUrl\":\"https:\\\/\\\/transamerica93.com.br\\\/home\\\/wp-content\\\/uploads\\\/2023\\\/10\\\/logo2.png\",\"width\":800,\"height\":500,\"caption\":\"Transam\u00e9rica Mococa 93,3\"},\"image\":{\"@id\":\"https:\\\/\\\/transamerica93.com.br\\\/home\\\/#\\\/schema\\\/logo\\\/image\\\/\"},\"sameAs\":[\"https:\\\/\\\/www.facebook.com\\\/transamericamococa\",\"https:\\\/\\\/x.com\\\/transamerica933\",\"https:\\\/\\\/www.instagram.com\\\/transamericamococa\"]},{\"@type\":\"Person\",\"@id\":\"https:\\\/\\\/transamerica93.com.br\\\/home\\\/#\\\/schema\\\/person\\\/7fed7c99c0d4562efa8561bc0f543172\",\"name\":\"Reda\u00e7\u00e3o\",\"image\":{\"@type\":\"ImageObject\",\"inLanguage\":\"pt-BR\",\"@id\":\"https:\\\/\\\/secure.gravatar.com\\\/avatar\\\/1072c6b775fb02ef8506ce967551d95926669a6b7d2c2147b42eea4d7c68395e?s=96&d=mm&r=g\",\"url\":\"https:\\\/\\\/secure.gravatar.com\\\/avatar\\\/1072c6b775fb02ef8506ce967551d95926669a6b7d2c2147b42eea4d7c68395e?s=96&d=mm&r=g\",\"contentUrl\":\"https:\\\/\\\/secure.gravatar.com\\\/avatar\\\/1072c6b775fb02ef8506ce967551d95926669a6b7d2c2147b42eea4d7c68395e?s=96&d=mm&r=g\",\"caption\":\"Reda\u00e7\u00e3o\"},\"sameAs\":[\"https:\\\/\\\/transamerica93.com.br\\\/home\"],\"url\":\"https:\\\/\\\/transamerica93.com.br\\\/home\\\/author\\\/william\\\/\"}]}<\/script>\n<!-- \/ Yoast SEO plugin. -->","yoast_head_json":{"title":"Unicef: analfabetismo em crian\u00e7as brasileiras dobra durante a pandemia - Transam\u00e9rica Mococa 93,3","robots":{"index":"index","follow":"follow","max-snippet":"max-snippet:-1","max-image-preview":"max-image-preview:large","max-video-preview":"max-video-preview:-1"},"canonical":"https:\/\/transamerica93.com.br\/home\/unicef-analfabetismo-em-criancas-brasileiras-dobra-durante-a-pandemia\/","og_locale":"pt_BR","og_type":"article","og_title":"Unicef: analfabetismo em crian\u00e7as brasileiras dobra durante a pandemia - Transam\u00e9rica Mococa 93,3","og_description":"Apesar da pandemia da covid-19, que causou impactos econ\u00f4micos e sociais no pa\u00eds e no mundo, o Brasil apresentou melhora em \u00edndices de pobreza na inf\u00e2ncia. No entanto, viu dobrar a taxa de analfabetismo em crian\u00e7as. Os dados constam do relat\u00f3rio Pobreza Multidimensional na Inf\u00e2ncia e Adolesc\u00eancia no Brasil, divulgado nesta ter\u00e7a-feira (10) pelo Fundo &hellip;","og_url":"https:\/\/transamerica93.com.br\/home\/unicef-analfabetismo-em-criancas-brasileiras-dobra-durante-a-pandemia\/","og_site_name":"Transam\u00e9rica Mococa 93,3","article_publisher":"https:\/\/www.facebook.com\/transamericamococa","article_published_time":"2023-10-10T18:19:17+00:00","og_image":[{"width":1170,"height":700,"url":"https:\/\/transamerica93.com.br\/home\/wp-content\/uploads\/2023\/10\/arquivo_escola.jpg","type":"image\/jpeg"}],"author":"Reda\u00e7\u00e3o","twitter_card":"summary_large_image","twitter_creator":"@transamerica933","twitter_site":"@transamerica933","twitter_misc":{"Escrito por":"Reda\u00e7\u00e3o","Est. tempo de leitura":"6 minutos"},"schema":{"@context":"https:\/\/schema.org","@graph":[{"@type":"Article","@id":"https:\/\/transamerica93.com.br\/home\/unicef-analfabetismo-em-criancas-brasileiras-dobra-durante-a-pandemia\/#article","isPartOf":{"@id":"https:\/\/transamerica93.com.br\/home\/unicef-analfabetismo-em-criancas-brasileiras-dobra-durante-a-pandemia\/"},"author":{"name":"Reda\u00e7\u00e3o","@id":"https:\/\/transamerica93.com.br\/home\/#\/schema\/person\/7fed7c99c0d4562efa8561bc0f543172"},"headline":"Unicef: analfabetismo em crian\u00e7as brasileiras dobra durante a pandemia","datePublished":"2023-10-10T18:19:17+00:00","mainEntityOfPage":{"@id":"https:\/\/transamerica93.com.br\/home\/unicef-analfabetismo-em-criancas-brasileiras-dobra-durante-a-pandemia\/"},"wordCount":1150,"commentCount":0,"publisher":{"@id":"https:\/\/transamerica93.com.br\/home\/#organization"},"image":{"@id":"https:\/\/transamerica93.com.br\/home\/unicef-analfabetismo-em-criancas-brasileiras-dobra-durante-a-pandemia\/#primaryimage"},"thumbnailUrl":"https:\/\/transamerica93.com.br\/home\/wp-content\/uploads\/2023\/10\/arquivo_escola.jpg","articleSection":["Geral"],"inLanguage":"pt-BR"},{"@type":"WebPage","@id":"https:\/\/transamerica93.com.br\/home\/unicef-analfabetismo-em-criancas-brasileiras-dobra-durante-a-pandemia\/","url":"https:\/\/transamerica93.com.br\/home\/unicef-analfabetismo-em-criancas-brasileiras-dobra-durante-a-pandemia\/","name":"Unicef: analfabetismo em crian\u00e7as brasileiras dobra durante a pandemia - Transam\u00e9rica Mococa 93,3","isPartOf":{"@id":"https:\/\/transamerica93.com.br\/home\/#website"},"primaryImageOfPage":{"@id":"https:\/\/transamerica93.com.br\/home\/unicef-analfabetismo-em-criancas-brasileiras-dobra-durante-a-pandemia\/#primaryimage"},"image":{"@id":"https:\/\/transamerica93.com.br\/home\/unicef-analfabetismo-em-criancas-brasileiras-dobra-durante-a-pandemia\/#primaryimage"},"thumbnailUrl":"https:\/\/transamerica93.com.br\/home\/wp-content\/uploads\/2023\/10\/arquivo_escola.jpg","datePublished":"2023-10-10T18:19:17+00:00","breadcrumb":{"@id":"https:\/\/transamerica93.com.br\/home\/unicef-analfabetismo-em-criancas-brasileiras-dobra-durante-a-pandemia\/#breadcrumb"},"inLanguage":"pt-BR","potentialAction":[{"@type":"ReadAction","target":["https:\/\/transamerica93.com.br\/home\/unicef-analfabetismo-em-criancas-brasileiras-dobra-durante-a-pandemia\/"]}]},{"@type":"ImageObject","inLanguage":"pt-BR","@id":"https:\/\/transamerica93.com.br\/home\/unicef-analfabetismo-em-criancas-brasileiras-dobra-durante-a-pandemia\/#primaryimage","url":"https:\/\/transamerica93.com.br\/home\/wp-content\/uploads\/2023\/10\/arquivo_escola.jpg","contentUrl":"https:\/\/transamerica93.com.br\/home\/wp-content\/uploads\/2023\/10\/arquivo_escola.jpg","width":1170,"height":700,"caption":"\u00a9 Arquivo\/ Ag\u00eancia Brasil"},{"@type":"BreadcrumbList","@id":"https:\/\/transamerica93.com.br\/home\/unicef-analfabetismo-em-criancas-brasileiras-dobra-durante-a-pandemia\/#breadcrumb","itemListElement":[{"@type":"ListItem","position":1,"name":"In\u00edcio","item":"https:\/\/transamerica93.com.br\/home\/"},{"@type":"ListItem","position":2,"name":"Unicef: analfabetismo em crian\u00e7as brasileiras dobra durante a pandemia"}]},{"@type":"WebSite","@id":"https:\/\/transamerica93.com.br\/home\/#website","url":"https:\/\/transamerica93.com.br\/home\/","name":"Transam\u00e9rica Mococa 93,3","description":"","publisher":{"@id":"https:\/\/transamerica93.com.br\/home\/#organization"},"potentialAction":[{"@type":"SearchAction","target":{"@type":"EntryPoint","urlTemplate":"https:\/\/transamerica93.com.br\/home\/?s={search_term_string}"},"query-input":{"@type":"PropertyValueSpecification","valueRequired":true,"valueName":"search_term_string"}}],"inLanguage":"pt-BR"},{"@type":"Organization","@id":"https:\/\/transamerica93.com.br\/home\/#organization","name":"Transam\u00e9rica Mococa 93,3","url":"https:\/\/transamerica93.com.br\/home\/","logo":{"@type":"ImageObject","inLanguage":"pt-BR","@id":"https:\/\/transamerica93.com.br\/home\/#\/schema\/logo\/image\/","url":"https:\/\/transamerica93.com.br\/home\/wp-content\/uploads\/2023\/10\/logo2.png","contentUrl":"https:\/\/transamerica93.com.br\/home\/wp-content\/uploads\/2023\/10\/logo2.png","width":800,"height":500,"caption":"Transam\u00e9rica Mococa 93,3"},"image":{"@id":"https:\/\/transamerica93.com.br\/home\/#\/schema\/logo\/image\/"},"sameAs":["https:\/\/www.facebook.com\/transamericamococa","https:\/\/x.com\/transamerica933","https:\/\/www.instagram.com\/transamericamococa"]},{"@type":"Person","@id":"https:\/\/transamerica93.com.br\/home\/#\/schema\/person\/7fed7c99c0d4562efa8561bc0f543172","name":"Reda\u00e7\u00e3o","image":{"@type":"ImageObject","inLanguage":"pt-BR","@id":"https:\/\/secure.gravatar.com\/avatar\/1072c6b775fb02ef8506ce967551d95926669a6b7d2c2147b42eea4d7c68395e?s=96&d=mm&r=g","url":"https:\/\/secure.gravatar.com\/avatar\/1072c6b775fb02ef8506ce967551d95926669a6b7d2c2147b42eea4d7c68395e?s=96&d=mm&r=g","contentUrl":"https:\/\/secure.gravatar.com\/avatar\/1072c6b775fb02ef8506ce967551d95926669a6b7d2c2147b42eea4d7c68395e?s=96&d=mm&r=g","caption":"Reda\u00e7\u00e3o"},"sameAs":["https:\/\/transamerica93.com.br\/home"],"url":"https:\/\/transamerica93.com.br\/home\/author\/william\/"}]}},"_links":{"self":[{"href":"https:\/\/transamerica93.com.br\/home\/wp-json\/wp\/v2\/posts\/1499","targetHints":{"allow":["GET"]}}],"collection":[{"href":"https:\/\/transamerica93.com.br\/home\/wp-json\/wp\/v2\/posts"}],"about":[{"href":"https:\/\/transamerica93.com.br\/home\/wp-json\/wp\/v2\/types\/post"}],"author":[{"embeddable":true,"href":"https:\/\/transamerica93.com.br\/home\/wp-json\/wp\/v2\/users\/1"}],"replies":[{"embeddable":true,"href":"https:\/\/transamerica93.com.br\/home\/wp-json\/wp\/v2\/comments?post=1499"}],"version-history":[{"count":1,"href":"https:\/\/transamerica93.com.br\/home\/wp-json\/wp\/v2\/posts\/1499\/revisions"}],"predecessor-version":[{"id":1501,"href":"https:\/\/transamerica93.com.br\/home\/wp-json\/wp\/v2\/posts\/1499\/revisions\/1501"}],"wp:featuredmedia":[{"embeddable":true,"href":"https:\/\/transamerica93.com.br\/home\/wp-json\/wp\/v2\/media\/1500"}],"wp:attachment":[{"href":"https:\/\/transamerica93.com.br\/home\/wp-json\/wp\/v2\/media?parent=1499"}],"wp:term":[{"taxonomy":"category","embeddable":true,"href":"https:\/\/transamerica93.com.br\/home\/wp-json\/wp\/v2\/categories?post=1499"},{"taxonomy":"post_tag","embeddable":true,"href":"https:\/\/transamerica93.com.br\/home\/wp-json\/wp\/v2\/tags?post=1499"}],"curies":[{"name":"wp","href":"https:\/\/api.w.org\/{rel}","templated":true}]}}