{"id":1502,"date":"2023-10-10T15:20:08","date_gmt":"2023-10-10T18:20:08","guid":{"rendered":"https:\/\/transamerica93.com.br\/home\/?p=1502"},"modified":"2023-10-10T15:20:08","modified_gmt":"2023-10-10T18:20:08","slug":"pesquisadores-descobrem-nova-especie-de-bromelia-peluda-em-mg","status":"publish","type":"post","link":"https:\/\/transamerica93.com.br\/home\/pesquisadores-descobrem-nova-especie-de-bromelia-peluda-em-mg\/","title":{"rendered":"Pesquisadores descobrem nova esp\u00e9cie de brom\u00e9lia peluda em MG"},"content":{"rendered":"<div class=\"post-item-wrap\">\n<p>Pesquisadores descobriram\u00a0nova esp\u00e9cie de brom\u00e9lia, em Minas Gerais, que tem como caracter\u00edstica as folhas cheias de pelos. A\u00a0<em>Krenakanthus ribeiranus<\/em>\u00a0\u00e9 uma variedade t\u00e3o diferente de outras esp\u00e9cies da mesma fam\u00edlia que, inicialmente, os cientistas n\u00e3o acreditaram que se tratava de uma bromeli\u00e1cea.\u00a0<img decoding=\"async\" data-src=\"https:\/\/agenciabrasil.ebc.com.br\/ebc.png?id=1559927&amp;o=node\" src=\"data:image\/svg+xml;base64,PHN2ZyB3aWR0aD0iMSIgaGVpZ2h0PSIxIiB4bWxucz0iaHR0cDovL3d3dy53My5vcmcvMjAwMC9zdmciPjwvc3ZnPg==\" class=\"lazyload\" \/><img decoding=\"async\" data-src=\"https:\/\/agenciabrasil.ebc.com.br\/ebc.gif?id=1559927&amp;o=node\" src=\"data:image\/svg+xml;base64,PHN2ZyB3aWR0aD0iMSIgaGVpZ2h0PSIxIiB4bWxucz0iaHR0cDovL3d3dy53My5vcmcvMjAwMC9zdmciPjwvc3ZnPg==\" class=\"lazyload\" \/><\/p>\n<p>A descoberta foi feita com a ajuda de J\u00falio Cesar Ribeiro, um morador do munic\u00edpio de Alvarenga que tirou fotos da esp\u00e9cie e enviou a pesquisadores para que pudessem identific\u00e1-la.<\/p>\n<p>\u201cEssa planta \u00e9 t\u00e3o diferente que, quando o J\u00falio mandou a foto dela pra gente, achamos que pudesse ser tudo, menos uma brom\u00e9lia! \u00c9 dif\u00edcil imaginar uma brom\u00e9lia com folhas aveludadas e cheia de pelos, e isso \u00e9 s\u00f3 um dos motivos que tornam essa descoberta t\u00e3o empolgante\u201d, explica Dayvid Couto, pesquisador do \u00a0Instituto Nacional da Mata Atl\u00e2ntica (INMA).<\/p>\n<p>A brom\u00e9lia-peluda, apelido que ganhou dos pesquisadores, s\u00f3 tem registros conhecidos em uma montanha da regi\u00e3o do Vale do Rio Doce. Devido \u00e0\u00a0sua distribui\u00e7\u00e3o restrita e o avan\u00e7ado grau de degrada\u00e7\u00e3o da \u00e1rea, a nova esp\u00e9cie j\u00e1 \u00e9 classificada como criticamente em perigo de extin\u00e7\u00e3o.<\/p>\n<p>O pesquisador Eduardo Fernandez, do Centro Nacional de Conserva\u00e7\u00e3o da Flora (CNCFlora), vinculado ao Jardim Bot\u00e2nico do Rio de Janeiro (JBRJ), defende a ado\u00e7\u00e3o de medidas para a prote\u00e7\u00e3o da esp\u00e9cie, que \u00e9 amea\u00e7ada por quest\u00f5es como o desmatamento para a abertura de pastagens e lavouras e pelo aumento da frequ\u00eancia de inc\u00eandios.<\/p>\n<p>\u201cAlgumas medidas urgentes precisam ser tomadas para a prote\u00e7\u00e3o dessa esp\u00e9cie, como um estudo para cria\u00e7\u00e3o de uma unidade de conserva\u00e7\u00e3o e a inclus\u00e3o da esp\u00e9cie em pol\u00edticas de conserva\u00e7\u00e3o que v\u00eam sendo elaboradas para a regi\u00e3o. Essas medidas, combinadas \u00e0 estrat\u00e9gias de conserva\u00e7\u00e3o\u00a0<em>ex situ<\/em>, podem nos ajudar a assegurar um futuro pr\u00f3spero para a brom\u00e9lia-peluda\u201d, afirma Fernandez.<\/p>\n<p>As serras do Leste de Minas Gerais t\u00eam sido fontes de v\u00e1rias descobertas recentemente. Segundo o JBRJ, mais de 30 novas esp\u00e9cies vegetais da regi\u00e3o foram descritas por pesquisadores na \u00faltima d\u00e9cada.<\/p>\n<p>\u201cPela sua alta riqueza, \u00fanica e extremamente amea\u00e7ada, as serras do Leste de Minas v\u00eam aos poucos atraindo a aten\u00e7\u00e3o do Poder P\u00fablico, mas ainda de maneira incipiente. \u00c9 crucial o estabelecimento de unidades de conserva\u00e7\u00e3o na regi\u00e3o, que tem\u00a0um dos mais proeminentes d\u00e9ficits de medidas de conserva\u00e7\u00e3o\u00a0<em>in situ<\/em>\u00a0na regi\u00e3o do M\u00e9dio Rio Doce\u201d, afirma o pesquisador Paulo Gonella, da Universidade Federal de S\u00e3o Jo\u00e3o del-Rei (UFSJ).<\/p>\n<p>A brom\u00e9lia-peluda foi descrita em artigo publicado na revista cient\u00edfica\u00a0<em>Phytotaxa<\/em>\u00a0e assinado por pesquisadores do INMA, UFSJ, JBRJ, Universidade Federal do Rio Grande do Sul (UFRGS) e Universidade Federal do Rio de Janeiro (UFRJ).<\/p>\n<\/div>\n<p class=\"alt-font font-italic my-2 small text-info\">Edi\u00e7\u00e3o: Gra\u00e7a Adjuto<\/p>\n","protected":false},"excerpt":{"rendered":"<p>Pesquisadores descobriram\u00a0nova esp\u00e9cie de brom\u00e9lia, em Minas Gerais, que tem como caracter\u00edstica as folhas cheias de pelos. A\u00a0Krenakanthus ribeiranus\u00a0\u00e9 uma variedade t\u00e3o diferente de outras esp\u00e9cies da mesma fam\u00edlia que, inicialmente, os cientistas n\u00e3o acreditaram que se tratava de uma bromeli\u00e1cea.\u00a0 A descoberta foi feita com a ajuda de J\u00falio Cesar Ribeiro, um morador do &hellip;<\/p>\n","protected":false},"author":1,"featured_media":1503,"comment_status":"open","ping_status":"open","sticky":false,"template":"","format":"standard","meta":{"footnotes":""},"categories":[30],"tags":[],"class_list":["post-1502","post","type-post","status-publish","format-standard","has-post-thumbnail","hentry","category-geral"],"yoast_head":"<!-- This site is optimized with the Yoast SEO plugin v27.4 - https:\/\/yoast.com\/product\/yoast-seo-wordpress\/ -->\n<title>Pesquisadores descobrem nova esp\u00e9cie de brom\u00e9lia peluda em MG - Transam\u00e9rica Mococa 93,3<\/title>\n<meta name=\"robots\" content=\"index, follow, max-snippet:-1, max-image-preview:large, max-video-preview:-1\" \/>\n<link rel=\"canonical\" href=\"https:\/\/transamerica93.com.br\/home\/pesquisadores-descobrem-nova-especie-de-bromelia-peluda-em-mg\/\" \/>\n<meta property=\"og:locale\" content=\"pt_BR\" \/>\n<meta property=\"og:type\" content=\"article\" \/>\n<meta property=\"og:title\" content=\"Pesquisadores descobrem nova esp\u00e9cie de brom\u00e9lia peluda em MG - Transam\u00e9rica Mococa 93,3\" \/>\n<meta property=\"og:description\" content=\"Pesquisadores descobriram\u00a0nova esp\u00e9cie de brom\u00e9lia, em Minas Gerais, que tem como caracter\u00edstica as folhas cheias de pelos. A\u00a0Krenakanthus ribeiranus\u00a0\u00e9 uma variedade t\u00e3o diferente de outras esp\u00e9cies da mesma fam\u00edlia que, inicialmente, os cientistas n\u00e3o acreditaram que se tratava de uma bromeli\u00e1cea.\u00a0 A descoberta foi feita com a ajuda de J\u00falio Cesar Ribeiro, um morador do &hellip;\" \/>\n<meta property=\"og:url\" content=\"https:\/\/transamerica93.com.br\/home\/pesquisadores-descobrem-nova-especie-de-bromelia-peluda-em-mg\/\" \/>\n<meta property=\"og:site_name\" content=\"Transam\u00e9rica Mococa 93,3\" \/>\n<meta property=\"article:publisher\" content=\"https:\/\/www.facebook.com\/transamericamococa\" \/>\n<meta property=\"article:published_time\" content=\"2023-10-10T18:20:08+00:00\" \/>\n<meta property=\"og:image\" content=\"https:\/\/transamerica93.com.br\/home\/wp-content\/uploads\/2023\/10\/bromelia_peluda_foto_julio_cesar_ribeiro_1.jpg\" \/>\n\t<meta property=\"og:image:width\" content=\"1170\" \/>\n\t<meta property=\"og:image:height\" content=\"700\" \/>\n\t<meta property=\"og:image:type\" content=\"image\/jpeg\" \/>\n<meta name=\"author\" content=\"Reda\u00e7\u00e3o\" \/>\n<meta name=\"twitter:card\" content=\"summary_large_image\" \/>\n<meta name=\"twitter:creator\" content=\"@transamerica933\" \/>\n<meta name=\"twitter:site\" content=\"@transamerica933\" \/>\n<meta name=\"twitter:label1\" content=\"Escrito por\" \/>\n\t<meta name=\"twitter:data1\" content=\"Reda\u00e7\u00e3o\" \/>\n\t<meta name=\"twitter:label2\" content=\"Est. tempo de leitura\" \/>\n\t<meta name=\"twitter:data2\" content=\"2 minutos\" \/>\n<script type=\"application\/ld+json\" class=\"yoast-schema-graph\">{\"@context\":\"https:\\\/\\\/schema.org\",\"@graph\":[{\"@type\":\"Article\",\"@id\":\"https:\\\/\\\/transamerica93.com.br\\\/home\\\/pesquisadores-descobrem-nova-especie-de-bromelia-peluda-em-mg\\\/#article\",\"isPartOf\":{\"@id\":\"https:\\\/\\\/transamerica93.com.br\\\/home\\\/pesquisadores-descobrem-nova-especie-de-bromelia-peluda-em-mg\\\/\"},\"author\":{\"name\":\"Reda\u00e7\u00e3o\",\"@id\":\"https:\\\/\\\/transamerica93.com.br\\\/home\\\/#\\\/schema\\\/person\\\/7fed7c99c0d4562efa8561bc0f543172\"},\"headline\":\"Pesquisadores descobrem nova esp\u00e9cie de brom\u00e9lia peluda em MG\",\"datePublished\":\"2023-10-10T18:20:08+00:00\",\"mainEntityOfPage\":{\"@id\":\"https:\\\/\\\/transamerica93.com.br\\\/home\\\/pesquisadores-descobrem-nova-especie-de-bromelia-peluda-em-mg\\\/\"},\"wordCount\":502,\"commentCount\":0,\"publisher\":{\"@id\":\"https:\\\/\\\/transamerica93.com.br\\\/home\\\/#organization\"},\"image\":{\"@id\":\"https:\\\/\\\/transamerica93.com.br\\\/home\\\/pesquisadores-descobrem-nova-especie-de-bromelia-peluda-em-mg\\\/#primaryimage\"},\"thumbnailUrl\":\"https:\\\/\\\/transamerica93.com.br\\\/home\\\/wp-content\\\/uploads\\\/2023\\\/10\\\/bromelia_peluda_foto_julio_cesar_ribeiro_1.jpg\",\"articleSection\":[\"Geral\"],\"inLanguage\":\"pt-BR\"},{\"@type\":\"WebPage\",\"@id\":\"https:\\\/\\\/transamerica93.com.br\\\/home\\\/pesquisadores-descobrem-nova-especie-de-bromelia-peluda-em-mg\\\/\",\"url\":\"https:\\\/\\\/transamerica93.com.br\\\/home\\\/pesquisadores-descobrem-nova-especie-de-bromelia-peluda-em-mg\\\/\",\"name\":\"Pesquisadores descobrem nova esp\u00e9cie de brom\u00e9lia peluda em MG - Transam\u00e9rica Mococa 93,3\",\"isPartOf\":{\"@id\":\"https:\\\/\\\/transamerica93.com.br\\\/home\\\/#website\"},\"primaryImageOfPage\":{\"@id\":\"https:\\\/\\\/transamerica93.com.br\\\/home\\\/pesquisadores-descobrem-nova-especie-de-bromelia-peluda-em-mg\\\/#primaryimage\"},\"image\":{\"@id\":\"https:\\\/\\\/transamerica93.com.br\\\/home\\\/pesquisadores-descobrem-nova-especie-de-bromelia-peluda-em-mg\\\/#primaryimage\"},\"thumbnailUrl\":\"https:\\\/\\\/transamerica93.com.br\\\/home\\\/wp-content\\\/uploads\\\/2023\\\/10\\\/bromelia_peluda_foto_julio_cesar_ribeiro_1.jpg\",\"datePublished\":\"2023-10-10T18:20:08+00:00\",\"breadcrumb\":{\"@id\":\"https:\\\/\\\/transamerica93.com.br\\\/home\\\/pesquisadores-descobrem-nova-especie-de-bromelia-peluda-em-mg\\\/#breadcrumb\"},\"inLanguage\":\"pt-BR\",\"potentialAction\":[{\"@type\":\"ReadAction\",\"target\":[\"https:\\\/\\\/transamerica93.com.br\\\/home\\\/pesquisadores-descobrem-nova-especie-de-bromelia-peluda-em-mg\\\/\"]}]},{\"@type\":\"ImageObject\",\"inLanguage\":\"pt-BR\",\"@id\":\"https:\\\/\\\/transamerica93.com.br\\\/home\\\/pesquisadores-descobrem-nova-especie-de-bromelia-peluda-em-mg\\\/#primaryimage\",\"url\":\"https:\\\/\\\/transamerica93.com.br\\\/home\\\/wp-content\\\/uploads\\\/2023\\\/10\\\/bromelia_peluda_foto_julio_cesar_ribeiro_1.jpg\",\"contentUrl\":\"https:\\\/\\\/transamerica93.com.br\\\/home\\\/wp-content\\\/uploads\\\/2023\\\/10\\\/bromelia_peluda_foto_julio_cesar_ribeiro_1.jpg\",\"width\":1170,\"height\":700,\"caption\":\"\u00a9 Julio Cesar Ribeiro\\\/Divulga\u00e7\u00e3o\"},{\"@type\":\"BreadcrumbList\",\"@id\":\"https:\\\/\\\/transamerica93.com.br\\\/home\\\/pesquisadores-descobrem-nova-especie-de-bromelia-peluda-em-mg\\\/#breadcrumb\",\"itemListElement\":[{\"@type\":\"ListItem\",\"position\":1,\"name\":\"In\u00edcio\",\"item\":\"https:\\\/\\\/transamerica93.com.br\\\/home\\\/\"},{\"@type\":\"ListItem\",\"position\":2,\"name\":\"Pesquisadores descobrem nova esp\u00e9cie de brom\u00e9lia peluda em MG\"}]},{\"@type\":\"WebSite\",\"@id\":\"https:\\\/\\\/transamerica93.com.br\\\/home\\\/#website\",\"url\":\"https:\\\/\\\/transamerica93.com.br\\\/home\\\/\",\"name\":\"Transam\u00e9rica Mococa 93,3\",\"description\":\"\",\"publisher\":{\"@id\":\"https:\\\/\\\/transamerica93.com.br\\\/home\\\/#organization\"},\"potentialAction\":[{\"@type\":\"SearchAction\",\"target\":{\"@type\":\"EntryPoint\",\"urlTemplate\":\"https:\\\/\\\/transamerica93.com.br\\\/home\\\/?s={search_term_string}\"},\"query-input\":{\"@type\":\"PropertyValueSpecification\",\"valueRequired\":true,\"valueName\":\"search_term_string\"}}],\"inLanguage\":\"pt-BR\"},{\"@type\":\"Organization\",\"@id\":\"https:\\\/\\\/transamerica93.com.br\\\/home\\\/#organization\",\"name\":\"Transam\u00e9rica Mococa 93,3\",\"url\":\"https:\\\/\\\/transamerica93.com.br\\\/home\\\/\",\"logo\":{\"@type\":\"ImageObject\",\"inLanguage\":\"pt-BR\",\"@id\":\"https:\\\/\\\/transamerica93.com.br\\\/home\\\/#\\\/schema\\\/logo\\\/image\\\/\",\"url\":\"https:\\\/\\\/transamerica93.com.br\\\/home\\\/wp-content\\\/uploads\\\/2023\\\/10\\\/logo2.png\",\"contentUrl\":\"https:\\\/\\\/transamerica93.com.br\\\/home\\\/wp-content\\\/uploads\\\/2023\\\/10\\\/logo2.png\",\"width\":800,\"height\":500,\"caption\":\"Transam\u00e9rica Mococa 93,3\"},\"image\":{\"@id\":\"https:\\\/\\\/transamerica93.com.br\\\/home\\\/#\\\/schema\\\/logo\\\/image\\\/\"},\"sameAs\":[\"https:\\\/\\\/www.facebook.com\\\/transamericamococa\",\"https:\\\/\\\/x.com\\\/transamerica933\",\"https:\\\/\\\/www.instagram.com\\\/transamericamococa\"]},{\"@type\":\"Person\",\"@id\":\"https:\\\/\\\/transamerica93.com.br\\\/home\\\/#\\\/schema\\\/person\\\/7fed7c99c0d4562efa8561bc0f543172\",\"name\":\"Reda\u00e7\u00e3o\",\"image\":{\"@type\":\"ImageObject\",\"inLanguage\":\"pt-BR\",\"@id\":\"https:\\\/\\\/secure.gravatar.com\\\/avatar\\\/1072c6b775fb02ef8506ce967551d95926669a6b7d2c2147b42eea4d7c68395e?s=96&d=mm&r=g\",\"url\":\"https:\\\/\\\/secure.gravatar.com\\\/avatar\\\/1072c6b775fb02ef8506ce967551d95926669a6b7d2c2147b42eea4d7c68395e?s=96&d=mm&r=g\",\"contentUrl\":\"https:\\\/\\\/secure.gravatar.com\\\/avatar\\\/1072c6b775fb02ef8506ce967551d95926669a6b7d2c2147b42eea4d7c68395e?s=96&d=mm&r=g\",\"caption\":\"Reda\u00e7\u00e3o\"},\"sameAs\":[\"https:\\\/\\\/transamerica93.com.br\\\/home\"],\"url\":\"https:\\\/\\\/transamerica93.com.br\\\/home\\\/author\\\/william\\\/\"}]}<\/script>\n<!-- \/ Yoast SEO plugin. -->","yoast_head_json":{"title":"Pesquisadores descobrem nova esp\u00e9cie de brom\u00e9lia peluda em MG - Transam\u00e9rica Mococa 93,3","robots":{"index":"index","follow":"follow","max-snippet":"max-snippet:-1","max-image-preview":"max-image-preview:large","max-video-preview":"max-video-preview:-1"},"canonical":"https:\/\/transamerica93.com.br\/home\/pesquisadores-descobrem-nova-especie-de-bromelia-peluda-em-mg\/","og_locale":"pt_BR","og_type":"article","og_title":"Pesquisadores descobrem nova esp\u00e9cie de brom\u00e9lia peluda em MG - Transam\u00e9rica Mococa 93,3","og_description":"Pesquisadores descobriram\u00a0nova esp\u00e9cie de brom\u00e9lia, em Minas Gerais, que tem como caracter\u00edstica as folhas cheias de pelos. A\u00a0Krenakanthus ribeiranus\u00a0\u00e9 uma variedade t\u00e3o diferente de outras esp\u00e9cies da mesma fam\u00edlia que, inicialmente, os cientistas n\u00e3o acreditaram que se tratava de uma bromeli\u00e1cea.\u00a0 A descoberta foi feita com a ajuda de J\u00falio Cesar Ribeiro, um morador do &hellip;","og_url":"https:\/\/transamerica93.com.br\/home\/pesquisadores-descobrem-nova-especie-de-bromelia-peluda-em-mg\/","og_site_name":"Transam\u00e9rica Mococa 93,3","article_publisher":"https:\/\/www.facebook.com\/transamericamococa","article_published_time":"2023-10-10T18:20:08+00:00","og_image":[{"width":1170,"height":700,"url":"https:\/\/transamerica93.com.br\/home\/wp-content\/uploads\/2023\/10\/bromelia_peluda_foto_julio_cesar_ribeiro_1.jpg","type":"image\/jpeg"}],"author":"Reda\u00e7\u00e3o","twitter_card":"summary_large_image","twitter_creator":"@transamerica933","twitter_site":"@transamerica933","twitter_misc":{"Escrito por":"Reda\u00e7\u00e3o","Est. tempo de leitura":"2 minutos"},"schema":{"@context":"https:\/\/schema.org","@graph":[{"@type":"Article","@id":"https:\/\/transamerica93.com.br\/home\/pesquisadores-descobrem-nova-especie-de-bromelia-peluda-em-mg\/#article","isPartOf":{"@id":"https:\/\/transamerica93.com.br\/home\/pesquisadores-descobrem-nova-especie-de-bromelia-peluda-em-mg\/"},"author":{"name":"Reda\u00e7\u00e3o","@id":"https:\/\/transamerica93.com.br\/home\/#\/schema\/person\/7fed7c99c0d4562efa8561bc0f543172"},"headline":"Pesquisadores descobrem nova esp\u00e9cie de brom\u00e9lia peluda em MG","datePublished":"2023-10-10T18:20:08+00:00","mainEntityOfPage":{"@id":"https:\/\/transamerica93.com.br\/home\/pesquisadores-descobrem-nova-especie-de-bromelia-peluda-em-mg\/"},"wordCount":502,"commentCount":0,"publisher":{"@id":"https:\/\/transamerica93.com.br\/home\/#organization"},"image":{"@id":"https:\/\/transamerica93.com.br\/home\/pesquisadores-descobrem-nova-especie-de-bromelia-peluda-em-mg\/#primaryimage"},"thumbnailUrl":"https:\/\/transamerica93.com.br\/home\/wp-content\/uploads\/2023\/10\/bromelia_peluda_foto_julio_cesar_ribeiro_1.jpg","articleSection":["Geral"],"inLanguage":"pt-BR"},{"@type":"WebPage","@id":"https:\/\/transamerica93.com.br\/home\/pesquisadores-descobrem-nova-especie-de-bromelia-peluda-em-mg\/","url":"https:\/\/transamerica93.com.br\/home\/pesquisadores-descobrem-nova-especie-de-bromelia-peluda-em-mg\/","name":"Pesquisadores descobrem nova esp\u00e9cie de brom\u00e9lia peluda em MG - Transam\u00e9rica Mococa 93,3","isPartOf":{"@id":"https:\/\/transamerica93.com.br\/home\/#website"},"primaryImageOfPage":{"@id":"https:\/\/transamerica93.com.br\/home\/pesquisadores-descobrem-nova-especie-de-bromelia-peluda-em-mg\/#primaryimage"},"image":{"@id":"https:\/\/transamerica93.com.br\/home\/pesquisadores-descobrem-nova-especie-de-bromelia-peluda-em-mg\/#primaryimage"},"thumbnailUrl":"https:\/\/transamerica93.com.br\/home\/wp-content\/uploads\/2023\/10\/bromelia_peluda_foto_julio_cesar_ribeiro_1.jpg","datePublished":"2023-10-10T18:20:08+00:00","breadcrumb":{"@id":"https:\/\/transamerica93.com.br\/home\/pesquisadores-descobrem-nova-especie-de-bromelia-peluda-em-mg\/#breadcrumb"},"inLanguage":"pt-BR","potentialAction":[{"@type":"ReadAction","target":["https:\/\/transamerica93.com.br\/home\/pesquisadores-descobrem-nova-especie-de-bromelia-peluda-em-mg\/"]}]},{"@type":"ImageObject","inLanguage":"pt-BR","@id":"https:\/\/transamerica93.com.br\/home\/pesquisadores-descobrem-nova-especie-de-bromelia-peluda-em-mg\/#primaryimage","url":"https:\/\/transamerica93.com.br\/home\/wp-content\/uploads\/2023\/10\/bromelia_peluda_foto_julio_cesar_ribeiro_1.jpg","contentUrl":"https:\/\/transamerica93.com.br\/home\/wp-content\/uploads\/2023\/10\/bromelia_peluda_foto_julio_cesar_ribeiro_1.jpg","width":1170,"height":700,"caption":"\u00a9 Julio Cesar Ribeiro\/Divulga\u00e7\u00e3o"},{"@type":"BreadcrumbList","@id":"https:\/\/transamerica93.com.br\/home\/pesquisadores-descobrem-nova-especie-de-bromelia-peluda-em-mg\/#breadcrumb","itemListElement":[{"@type":"ListItem","position":1,"name":"In\u00edcio","item":"https:\/\/transamerica93.com.br\/home\/"},{"@type":"ListItem","position":2,"name":"Pesquisadores descobrem nova esp\u00e9cie de brom\u00e9lia peluda em MG"}]},{"@type":"WebSite","@id":"https:\/\/transamerica93.com.br\/home\/#website","url":"https:\/\/transamerica93.com.br\/home\/","name":"Transam\u00e9rica Mococa 93,3","description":"","publisher":{"@id":"https:\/\/transamerica93.com.br\/home\/#organization"},"potentialAction":[{"@type":"SearchAction","target":{"@type":"EntryPoint","urlTemplate":"https:\/\/transamerica93.com.br\/home\/?s={search_term_string}"},"query-input":{"@type":"PropertyValueSpecification","valueRequired":true,"valueName":"search_term_string"}}],"inLanguage":"pt-BR"},{"@type":"Organization","@id":"https:\/\/transamerica93.com.br\/home\/#organization","name":"Transam\u00e9rica Mococa 93,3","url":"https:\/\/transamerica93.com.br\/home\/","logo":{"@type":"ImageObject","inLanguage":"pt-BR","@id":"https:\/\/transamerica93.com.br\/home\/#\/schema\/logo\/image\/","url":"https:\/\/transamerica93.com.br\/home\/wp-content\/uploads\/2023\/10\/logo2.png","contentUrl":"https:\/\/transamerica93.com.br\/home\/wp-content\/uploads\/2023\/10\/logo2.png","width":800,"height":500,"caption":"Transam\u00e9rica Mococa 93,3"},"image":{"@id":"https:\/\/transamerica93.com.br\/home\/#\/schema\/logo\/image\/"},"sameAs":["https:\/\/www.facebook.com\/transamericamococa","https:\/\/x.com\/transamerica933","https:\/\/www.instagram.com\/transamericamococa"]},{"@type":"Person","@id":"https:\/\/transamerica93.com.br\/home\/#\/schema\/person\/7fed7c99c0d4562efa8561bc0f543172","name":"Reda\u00e7\u00e3o","image":{"@type":"ImageObject","inLanguage":"pt-BR","@id":"https:\/\/secure.gravatar.com\/avatar\/1072c6b775fb02ef8506ce967551d95926669a6b7d2c2147b42eea4d7c68395e?s=96&d=mm&r=g","url":"https:\/\/secure.gravatar.com\/avatar\/1072c6b775fb02ef8506ce967551d95926669a6b7d2c2147b42eea4d7c68395e?s=96&d=mm&r=g","contentUrl":"https:\/\/secure.gravatar.com\/avatar\/1072c6b775fb02ef8506ce967551d95926669a6b7d2c2147b42eea4d7c68395e?s=96&d=mm&r=g","caption":"Reda\u00e7\u00e3o"},"sameAs":["https:\/\/transamerica93.com.br\/home"],"url":"https:\/\/transamerica93.com.br\/home\/author\/william\/"}]}},"_links":{"self":[{"href":"https:\/\/transamerica93.com.br\/home\/wp-json\/wp\/v2\/posts\/1502","targetHints":{"allow":["GET"]}}],"collection":[{"href":"https:\/\/transamerica93.com.br\/home\/wp-json\/wp\/v2\/posts"}],"about":[{"href":"https:\/\/transamerica93.com.br\/home\/wp-json\/wp\/v2\/types\/post"}],"author":[{"embeddable":true,"href":"https:\/\/transamerica93.com.br\/home\/wp-json\/wp\/v2\/users\/1"}],"replies":[{"embeddable":true,"href":"https:\/\/transamerica93.com.br\/home\/wp-json\/wp\/v2\/comments?post=1502"}],"version-history":[{"count":1,"href":"https:\/\/transamerica93.com.br\/home\/wp-json\/wp\/v2\/posts\/1502\/revisions"}],"predecessor-version":[{"id":1504,"href":"https:\/\/transamerica93.com.br\/home\/wp-json\/wp\/v2\/posts\/1502\/revisions\/1504"}],"wp:featuredmedia":[{"embeddable":true,"href":"https:\/\/transamerica93.com.br\/home\/wp-json\/wp\/v2\/media\/1503"}],"wp:attachment":[{"href":"https:\/\/transamerica93.com.br\/home\/wp-json\/wp\/v2\/media?parent=1502"}],"wp:term":[{"taxonomy":"category","embeddable":true,"href":"https:\/\/transamerica93.com.br\/home\/wp-json\/wp\/v2\/categories?post=1502"},{"taxonomy":"post_tag","embeddable":true,"href":"https:\/\/transamerica93.com.br\/home\/wp-json\/wp\/v2\/tags?post=1502"}],"curies":[{"name":"wp","href":"https:\/\/api.w.org\/{rel}","templated":true}]}}