{"id":1514,"date":"2023-10-10T17:59:21","date_gmt":"2023-10-10T20:59:21","guid":{"rendered":"https:\/\/transamerica93.com.br\/home\/?p=1514"},"modified":"2023-10-10T17:59:21","modified_gmt":"2023-10-10T20:59:21","slug":"corinthians-prepara-reformulacao-no-elenco-ate-o-fim-da-temporada","status":"publish","type":"post","link":"https:\/\/transamerica93.com.br\/home\/corinthians-prepara-reformulacao-no-elenco-ate-o-fim-da-temporada\/","title":{"rendered":"Corinthians prepara reformula\u00e7\u00e3o no elenco at\u00e9 o fim da temporada"},"content":{"rendered":"<h6 class=\"Assina\">Por Rodrigo Sampaio<\/h6>\n<p>Apesar de ainda faltar cerca de dois meses para o fim da temporada, o torcedor do Corinthians j\u00e1 est\u00e1 com a cabe\u00e7a em 2024. O clube amargou elimina\u00e7\u00f5es durante o ano, acumulou trocas no comando t\u00e9cnico e agora disputa o Campeonato Brasileiro com a miss\u00e3o de se afastar da zona de rebaixamento &#8211; a 11 pontos do G-6 faltando 12 rodadas, as chances de vaga na Copa Libertadores est\u00e3o praticamente descartadas. \u00c0s v\u00e9speras da elei\u00e7\u00e3o para o novo presidente, o elenco vive indefini\u00e7\u00f5es por renova\u00e7\u00e3o e uma &#8220;barca&#8221; de jogadores deve zarpar do Parque S\u00e3o Jorge ao fim de 2023, com medalh\u00f5es possivelmente dando adeus ao Corinthians.<\/p>\n<p>O Corinthians tem dez jogadores cujo v\u00ednculo se encerra em dezembro. S\u00e3o eles: Fabio Santos, Gil, Giuliano, Paulinho, Renato Augusto, Luan, Maycon, Bruno M\u00e9ndez, Ruan Oliveira e Cantillo. Apenas os quatro \u00faltimos entre os atletas citados n\u00e3o t\u00eam 30 anos ou mais. A tend\u00eancia \u00e9 que alguns medalh\u00f5es deixem o clube para possibilitar a reformula\u00e7\u00e3o do elenco, considerado envelhecido e com jogadores com sal\u00e1rios n\u00e3o condizentes com o seu retorno esportivo. O atacante Pedro, negociado com o Zenit-RUS por 9 milh\u00f5es de euros (R$ 46,7 milh\u00f5es), d\u00e1 adeus ao time em fevereiro, quando completar\u00e1 18 anos.<\/p>\n<p>Quem j\u00e1 adiantou o adeus tamb\u00e9m foi o lateral-esquerdo F\u00e1bio Santos. Ap\u00f3s a derrota por 2 a 0 para o Fortaleza na semifinal da Copa Sul-Americana, o experiente jogador de 38 anos afirmou que vai pendurar as chuteiras ao fim da temporada. O atleta alternou entre ser titular e reserva ao longo do ano, perdendo a vaga em diversas ocasi\u00f5es para Matheus Bidu.<\/p>\n<p>Criticado pela torcida, F\u00e1bio Santos falhou nos dois gols que arruinaram os planos de o Corinthians ganhar ao menos o t\u00edtulo da Sul-Americana em 2023. Pelo clube, o lateral conquistou dois t\u00edtulos do Campeonato Brasileiro (2011 e 2015), a Libertadores de 2012, o Mundial da Fifa, no mesmo ano, o Paulist\u00e3o 2013 e a Recopa Sul-Americana, ambos em 2013.<\/p>\n<p>OUTRO DA ZAGA E ALGUNS QUE J\u00c1 TIVERAM CHANCES<\/p>\n<p>Titular durante quase toda a temporada, Gil n\u00e3o \u00e9 unanimidade entre os torcedores. O rendimento question\u00e1vel do zagueiro de 36 anos, campe\u00e3o brasileiro (2015), paulista (2013) e da Recopa (2013), deve gui\u00e1-lo para longe do Parque S\u00e3o Jorge. Para a posi\u00e7\u00e3o, a diretoria contratou Lucas Ver\u00edssimo por empr\u00e9stimo at\u00e9 julho do ano que vem e tamb\u00e9m conta com Caetano, que ganhou minutos na equipe neste ano ap\u00f3s sequ\u00eancia de empr\u00e9stimos. Murillo, al\u00e7ado ao time principal por Vanderlei Luxemburgo, j\u00e1 aproveita a chances na Inglaterra ap\u00f3s ser vendido ao Nottingham Forest por R$ 64 milh\u00f5es.<\/p>\n<p>Os volantes Giuliano e Paulinho, de 33 anos e 35, respectivamente, tamb\u00e9m t\u00eam mais possibilidades de sair do que de ficar. Enquanto o primeiro n\u00e3o agradou nas oportunidades no time titular, o segundo rompeu o ligamento do joelho esquerdo, o mesmo lesionado no ano passado, e disse adeus \u00e0 temporada em maio. Como a lei obriga o clube a dar suporte durante toda a recupera\u00e7\u00e3o de um atleta que sofre acidente de trabalho, a diretoria pode ser obrigada a renovar com Paulinho por mais alguns meses ap\u00f3s dezembro. Por\u00e9m, o conv\u00edvio no departamento m\u00e9dico e a idade avan\u00e7ada pesam contra a hip\u00f3tese de um v\u00ednculo extenso.<\/p>\n<p>Ruan Oliveira, de 23 anos, est\u00e1 em baixa e corre risco de tamb\u00e9m n\u00e3o ficar com Mano Menezes. O meia pertence ao Metropolitano, de Santa Catarina, e, inicialmente, estava emprestado at\u00e9 junho, mas as boas partidas fizeram a diretoria estender o v\u00ednculo at\u00e9 dezembro. O atleta, por\u00e9m, sumiu nas \u00faltimas partidas e, por escolha de Mano, n\u00e3o viajou sequer para enfrentar o Fortaleza na Sul-Americana.<\/p>\n<p>Cantillo, que completa 30 na pr\u00f3xima semana, chegou a ganhar oportunidade no cl\u00e1ssico com o S\u00e3o Paulo, vencida pelo time tricolor por 2 a 1, mas os poucos minutos em 2023 n\u00e3o devem ser suficientes para convencer a diretoria da sua renova\u00e7\u00e3o.<\/p>\n<p>E RENATO AUGUSTO?<\/p>\n<p>O \u00fanico atleta que estava em reta final de contrato e j\u00e1 renovou com o Corinthians foi o atacante Gustavo Mosquito, que fechou acordo por mais tr\u00eas anos. Existe a expectativa pela renova\u00e7\u00e3o de Renato Augusto, considerado o melhor jogador do time. Neste caso, a idade avan\u00e7ada (35 anos) e o ac\u00famulo de les\u00f5es devem ser relevados. Maycon tamb\u00e9m tem chances de ganhar um novo contrato pela diretoria acreditar que Mano pode recuperar o futebol do volante de 26 anos.<\/p>\n<p>Um dos destaques de 2023, o uruguaio Bruno M\u00e9ndez \u00e9 outro que n\u00e3o deve ficar. Zagueiro de origem, o jogador acumula convoca\u00e7\u00f5es para a sele\u00e7\u00e3o do seu pa\u00eds e desempenhou bom papel at\u00e9 mesmo improvisado na lateral-direita. Valorizado, teve promessa de renova\u00e7\u00e3o em junho, mas o acordo acabou n\u00e3o acontecendo. Um final feliz que parecia \u00f3bvio, agora est\u00e1 em xeque, uma vez que o zagueiro entrou na mira do Flamengo e do Internacional, seu antigo clube.<\/p>\n<p>FIM DO CONTRATO DE LUAN<\/p>\n<p>Dezembro tamb\u00e9m ir\u00e1 marcar o \u00faltimo m\u00eas de v\u00ednculo de Luan com o Corinthians. Contratado pelo clube junto ao Gr\u00eamio por cerca de R$ 29 milh\u00f5es, durante a gest\u00e3o do presidente Andr\u00e9s Sanchez, e com um sal\u00e1rio mensal de R$ 800 mil, ele n\u00e3o se firmou com nenhum treinador que passou pelo clube e, por escolha t\u00e9cnica, passou a treinar separadamente e n\u00e3o entra em campo desde o ano passado.<\/p>\n<p>Ele retornou ao Gr\u00eamio por empr\u00e9stimo depois de ser agredido por torcedores em um motel da zona oeste de S\u00e3o Paulo, mas foi poucas vezes acionado pelo t\u00e9cnico Renato Ga\u00facho. Segundo balan\u00e7o financeiro lan\u00e7ado no \u00faltimo ano, o Corinthians deve R$ 4,5 milh\u00f5es em direitos de imagem ao meia.<\/p>\n<p>ELEI\u00c7\u00c3O<\/p>\n<p>Em novembro, os s\u00f3cios do Corinthians v\u00e3o \u00e0s urnas decidir quem comandar\u00e1 o clube no pr\u00f3ximo tri\u00eanio. A chapa da situa\u00e7\u00e3o, &#8220;Renova\u00e7\u00e3o e Transpar\u00eancia&#8221;, indicou o conselheiro Andr\u00e9 Luiz Oliveira, mais conhecido como Andr\u00e9 Neg\u00e3o, para tentar manter o grupo do ex-presidente Andr\u00e9s S\u00e1nchez e Du\u00edlio no poder. A oposi\u00e7\u00e3o se at\u00e9m \u00e0 candidatura \u00fanica de Augusto Melo, segundo colocado no \u00faltimo pleito, e est\u00e1 confiante em conseguir encerrar um dom\u00ednio de 16 anos na pol\u00edtica corintiana. O ano eleitoral est\u00e1 sendo marcado por acusa\u00e7\u00f5es de ambos os lados, amea\u00e7as de morte e disputas por apoio.<\/p>\n<p>A rixa nos bastidores deixam o cen\u00e1rio pol\u00edtico do Corinthians incerto, e todas as negocia\u00e7\u00f5es com os jogadores s\u00f3 devem ocorrer ap\u00f3s o pleito do m\u00eas que vem. Contudo, a estrat\u00e9gia \u00e9 considerada arriscada, uma vez que todos os atletas com v\u00ednculo somente at\u00e9 dezembro j\u00e1 podem assinar pr\u00e9-contrato com qualquer outra equipe desde o dia 1\u00ba de julho. Alessandro Nunes, gerente de futebol do clube, n\u00e3o agrada aos candidatos e vai deixar a fun\u00e7\u00e3o ao fim do mandato de Du\u00edlio Monteiro Alves. Caso ven\u00e7a, Augusto Melo estuda trazer o ex-jogador Chic\u00e3o para o cargo.<\/p>\n<p>Al\u00e9m da d\u00edvida de R$ 825 milh\u00f5es e um est\u00e1dio para pagar, quem vencer as elei\u00e7\u00f5es ter\u00e1 a miss\u00e3o de tratar da continuidade de medalh\u00f5es tamb\u00e9m em 2024, ano em que se encerra os atuais contratos de C\u00e1ssio, Fagner e Romero, al\u00e9m dos &#8220;pratas da casa&#8221; Roni e Matheus Ara\u00fajo.<\/p>\n","protected":false},"excerpt":{"rendered":"<p>Por Rodrigo Sampaio Apesar de ainda faltar cerca de dois meses para o fim da temporada, o torcedor do Corinthians j\u00e1 est\u00e1 com a cabe\u00e7a em 2024. O clube amargou elimina\u00e7\u00f5es durante o ano, acumulou trocas no comando t\u00e9cnico e agora disputa o Campeonato Brasileiro com a miss\u00e3o de se afastar da zona de rebaixamento &hellip;<\/p>\n","protected":false},"author":1,"featured_media":1515,"comment_status":"open","ping_status":"open","sticky":false,"template":"","format":"standard","meta":{"footnotes":""},"categories":[31],"tags":[],"class_list":["post-1514","post","type-post","status-publish","format-standard","has-post-thumbnail","hentry","category-esportes"],"yoast_head":"<!-- This site is optimized with the Yoast SEO plugin v27.4 - https:\/\/yoast.com\/product\/yoast-seo-wordpress\/ -->\n<title>Corinthians prepara reformula\u00e7\u00e3o no elenco at\u00e9 o fim da temporada - Transam\u00e9rica Mococa 93,3<\/title>\n<meta name=\"robots\" content=\"index, follow, max-snippet:-1, max-image-preview:large, max-video-preview:-1\" \/>\n<link rel=\"canonical\" href=\"https:\/\/transamerica93.com.br\/home\/corinthians-prepara-reformulacao-no-elenco-ate-o-fim-da-temporada\/\" \/>\n<meta property=\"og:locale\" content=\"pt_BR\" \/>\n<meta property=\"og:type\" content=\"article\" \/>\n<meta property=\"og:title\" content=\"Corinthians prepara reformula\u00e7\u00e3o no elenco at\u00e9 o fim da temporada - Transam\u00e9rica Mococa 93,3\" \/>\n<meta property=\"og:description\" content=\"Por Rodrigo Sampaio Apesar de ainda faltar cerca de dois meses para o fim da temporada, o torcedor do Corinthians j\u00e1 est\u00e1 com a cabe\u00e7a em 2024. O clube amargou elimina\u00e7\u00f5es durante o ano, acumulou trocas no comando t\u00e9cnico e agora disputa o Campeonato Brasileiro com a miss\u00e3o de se afastar da zona de rebaixamento &hellip;\" \/>\n<meta property=\"og:url\" content=\"https:\/\/transamerica93.com.br\/home\/corinthians-prepara-reformulacao-no-elenco-ate-o-fim-da-temporada\/\" \/>\n<meta property=\"og:site_name\" content=\"Transam\u00e9rica Mococa 93,3\" \/>\n<meta property=\"article:publisher\" content=\"https:\/\/www.facebook.com\/transamericamococa\" \/>\n<meta property=\"article:published_time\" content=\"2023-10-10T20:59:21+00:00\" \/>\n<meta property=\"og:image\" content=\"https:\/\/transamerica93.com.br\/home\/wp-content\/uploads\/2023\/10\/renatoaugusto.jpg\" \/>\n\t<meta property=\"og:image:width\" content=\"800\" \/>\n\t<meta property=\"og:image:height\" content=\"500\" \/>\n\t<meta property=\"og:image:type\" content=\"image\/jpeg\" \/>\n<meta name=\"author\" content=\"Reda\u00e7\u00e3o\" \/>\n<meta name=\"twitter:card\" content=\"summary_large_image\" \/>\n<meta name=\"twitter:creator\" content=\"@transamerica933\" \/>\n<meta name=\"twitter:site\" content=\"@transamerica933\" \/>\n<meta name=\"twitter:label1\" content=\"Escrito por\" \/>\n\t<meta name=\"twitter:data1\" content=\"Reda\u00e7\u00e3o\" \/>\n\t<meta name=\"twitter:label2\" content=\"Est. tempo de leitura\" \/>\n\t<meta name=\"twitter:data2\" content=\"6 minutos\" \/>\n<script type=\"application\/ld+json\" class=\"yoast-schema-graph\">{\"@context\":\"https:\\\/\\\/schema.org\",\"@graph\":[{\"@type\":\"Article\",\"@id\":\"https:\\\/\\\/transamerica93.com.br\\\/home\\\/corinthians-prepara-reformulacao-no-elenco-ate-o-fim-da-temporada\\\/#article\",\"isPartOf\":{\"@id\":\"https:\\\/\\\/transamerica93.com.br\\\/home\\\/corinthians-prepara-reformulacao-no-elenco-ate-o-fim-da-temporada\\\/\"},\"author\":{\"name\":\"Reda\u00e7\u00e3o\",\"@id\":\"https:\\\/\\\/transamerica93.com.br\\\/home\\\/#\\\/schema\\\/person\\\/7fed7c99c0d4562efa8561bc0f543172\"},\"headline\":\"Corinthians prepara reformula\u00e7\u00e3o no elenco at\u00e9 o fim da temporada\",\"datePublished\":\"2023-10-10T20:59:21+00:00\",\"mainEntityOfPage\":{\"@id\":\"https:\\\/\\\/transamerica93.com.br\\\/home\\\/corinthians-prepara-reformulacao-no-elenco-ate-o-fim-da-temporada\\\/\"},\"wordCount\":1276,\"commentCount\":0,\"publisher\":{\"@id\":\"https:\\\/\\\/transamerica93.com.br\\\/home\\\/#organization\"},\"image\":{\"@id\":\"https:\\\/\\\/transamerica93.com.br\\\/home\\\/corinthians-prepara-reformulacao-no-elenco-ate-o-fim-da-temporada\\\/#primaryimage\"},\"thumbnailUrl\":\"https:\\\/\\\/transamerica93.com.br\\\/home\\\/wp-content\\\/uploads\\\/2023\\\/10\\\/renatoaugusto.jpg\",\"articleSection\":[\"Esportes\"],\"inLanguage\":\"pt-BR\"},{\"@type\":\"WebPage\",\"@id\":\"https:\\\/\\\/transamerica93.com.br\\\/home\\\/corinthians-prepara-reformulacao-no-elenco-ate-o-fim-da-temporada\\\/\",\"url\":\"https:\\\/\\\/transamerica93.com.br\\\/home\\\/corinthians-prepara-reformulacao-no-elenco-ate-o-fim-da-temporada\\\/\",\"name\":\"Corinthians prepara reformula\u00e7\u00e3o no elenco at\u00e9 o fim da temporada - Transam\u00e9rica Mococa 93,3\",\"isPartOf\":{\"@id\":\"https:\\\/\\\/transamerica93.com.br\\\/home\\\/#website\"},\"primaryImageOfPage\":{\"@id\":\"https:\\\/\\\/transamerica93.com.br\\\/home\\\/corinthians-prepara-reformulacao-no-elenco-ate-o-fim-da-temporada\\\/#primaryimage\"},\"image\":{\"@id\":\"https:\\\/\\\/transamerica93.com.br\\\/home\\\/corinthians-prepara-reformulacao-no-elenco-ate-o-fim-da-temporada\\\/#primaryimage\"},\"thumbnailUrl\":\"https:\\\/\\\/transamerica93.com.br\\\/home\\\/wp-content\\\/uploads\\\/2023\\\/10\\\/renatoaugusto.jpg\",\"datePublished\":\"2023-10-10T20:59:21+00:00\",\"breadcrumb\":{\"@id\":\"https:\\\/\\\/transamerica93.com.br\\\/home\\\/corinthians-prepara-reformulacao-no-elenco-ate-o-fim-da-temporada\\\/#breadcrumb\"},\"inLanguage\":\"pt-BR\",\"potentialAction\":[{\"@type\":\"ReadAction\",\"target\":[\"https:\\\/\\\/transamerica93.com.br\\\/home\\\/corinthians-prepara-reformulacao-no-elenco-ate-o-fim-da-temporada\\\/\"]}]},{\"@type\":\"ImageObject\",\"inLanguage\":\"pt-BR\",\"@id\":\"https:\\\/\\\/transamerica93.com.br\\\/home\\\/corinthians-prepara-reformulacao-no-elenco-ate-o-fim-da-temporada\\\/#primaryimage\",\"url\":\"https:\\\/\\\/transamerica93.com.br\\\/home\\\/wp-content\\\/uploads\\\/2023\\\/10\\\/renatoaugusto.jpg\",\"contentUrl\":\"https:\\\/\\\/transamerica93.com.br\\\/home\\\/wp-content\\\/uploads\\\/2023\\\/10\\\/renatoaugusto.jpg\",\"width\":800,\"height\":500,\"caption\":\"Foto: Rodrigo Coca\\\/Corinthians\"},{\"@type\":\"BreadcrumbList\",\"@id\":\"https:\\\/\\\/transamerica93.com.br\\\/home\\\/corinthians-prepara-reformulacao-no-elenco-ate-o-fim-da-temporada\\\/#breadcrumb\",\"itemListElement\":[{\"@type\":\"ListItem\",\"position\":1,\"name\":\"In\u00edcio\",\"item\":\"https:\\\/\\\/transamerica93.com.br\\\/home\\\/\"},{\"@type\":\"ListItem\",\"position\":2,\"name\":\"Corinthians prepara reformula\u00e7\u00e3o no elenco at\u00e9 o fim da temporada\"}]},{\"@type\":\"WebSite\",\"@id\":\"https:\\\/\\\/transamerica93.com.br\\\/home\\\/#website\",\"url\":\"https:\\\/\\\/transamerica93.com.br\\\/home\\\/\",\"name\":\"Transam\u00e9rica Mococa 93,3\",\"description\":\"\",\"publisher\":{\"@id\":\"https:\\\/\\\/transamerica93.com.br\\\/home\\\/#organization\"},\"potentialAction\":[{\"@type\":\"SearchAction\",\"target\":{\"@type\":\"EntryPoint\",\"urlTemplate\":\"https:\\\/\\\/transamerica93.com.br\\\/home\\\/?s={search_term_string}\"},\"query-input\":{\"@type\":\"PropertyValueSpecification\",\"valueRequired\":true,\"valueName\":\"search_term_string\"}}],\"inLanguage\":\"pt-BR\"},{\"@type\":\"Organization\",\"@id\":\"https:\\\/\\\/transamerica93.com.br\\\/home\\\/#organization\",\"name\":\"Transam\u00e9rica Mococa 93,3\",\"url\":\"https:\\\/\\\/transamerica93.com.br\\\/home\\\/\",\"logo\":{\"@type\":\"ImageObject\",\"inLanguage\":\"pt-BR\",\"@id\":\"https:\\\/\\\/transamerica93.com.br\\\/home\\\/#\\\/schema\\\/logo\\\/image\\\/\",\"url\":\"https:\\\/\\\/transamerica93.com.br\\\/home\\\/wp-content\\\/uploads\\\/2023\\\/10\\\/logo2.png\",\"contentUrl\":\"https:\\\/\\\/transamerica93.com.br\\\/home\\\/wp-content\\\/uploads\\\/2023\\\/10\\\/logo2.png\",\"width\":800,\"height\":500,\"caption\":\"Transam\u00e9rica Mococa 93,3\"},\"image\":{\"@id\":\"https:\\\/\\\/transamerica93.com.br\\\/home\\\/#\\\/schema\\\/logo\\\/image\\\/\"},\"sameAs\":[\"https:\\\/\\\/www.facebook.com\\\/transamericamococa\",\"https:\\\/\\\/x.com\\\/transamerica933\",\"https:\\\/\\\/www.instagram.com\\\/transamericamococa\"]},{\"@type\":\"Person\",\"@id\":\"https:\\\/\\\/transamerica93.com.br\\\/home\\\/#\\\/schema\\\/person\\\/7fed7c99c0d4562efa8561bc0f543172\",\"name\":\"Reda\u00e7\u00e3o\",\"image\":{\"@type\":\"ImageObject\",\"inLanguage\":\"pt-BR\",\"@id\":\"https:\\\/\\\/secure.gravatar.com\\\/avatar\\\/1072c6b775fb02ef8506ce967551d95926669a6b7d2c2147b42eea4d7c68395e?s=96&d=mm&r=g\",\"url\":\"https:\\\/\\\/secure.gravatar.com\\\/avatar\\\/1072c6b775fb02ef8506ce967551d95926669a6b7d2c2147b42eea4d7c68395e?s=96&d=mm&r=g\",\"contentUrl\":\"https:\\\/\\\/secure.gravatar.com\\\/avatar\\\/1072c6b775fb02ef8506ce967551d95926669a6b7d2c2147b42eea4d7c68395e?s=96&d=mm&r=g\",\"caption\":\"Reda\u00e7\u00e3o\"},\"sameAs\":[\"https:\\\/\\\/transamerica93.com.br\\\/home\"],\"url\":\"https:\\\/\\\/transamerica93.com.br\\\/home\\\/author\\\/william\\\/\"}]}<\/script>\n<!-- \/ Yoast SEO plugin. -->","yoast_head_json":{"title":"Corinthians prepara reformula\u00e7\u00e3o no elenco at\u00e9 o fim da temporada - Transam\u00e9rica Mococa 93,3","robots":{"index":"index","follow":"follow","max-snippet":"max-snippet:-1","max-image-preview":"max-image-preview:large","max-video-preview":"max-video-preview:-1"},"canonical":"https:\/\/transamerica93.com.br\/home\/corinthians-prepara-reformulacao-no-elenco-ate-o-fim-da-temporada\/","og_locale":"pt_BR","og_type":"article","og_title":"Corinthians prepara reformula\u00e7\u00e3o no elenco at\u00e9 o fim da temporada - Transam\u00e9rica Mococa 93,3","og_description":"Por Rodrigo Sampaio Apesar de ainda faltar cerca de dois meses para o fim da temporada, o torcedor do Corinthians j\u00e1 est\u00e1 com a cabe\u00e7a em 2024. O clube amargou elimina\u00e7\u00f5es durante o ano, acumulou trocas no comando t\u00e9cnico e agora disputa o Campeonato Brasileiro com a miss\u00e3o de se afastar da zona de rebaixamento &hellip;","og_url":"https:\/\/transamerica93.com.br\/home\/corinthians-prepara-reformulacao-no-elenco-ate-o-fim-da-temporada\/","og_site_name":"Transam\u00e9rica Mococa 93,3","article_publisher":"https:\/\/www.facebook.com\/transamericamococa","article_published_time":"2023-10-10T20:59:21+00:00","og_image":[{"width":800,"height":500,"url":"https:\/\/transamerica93.com.br\/home\/wp-content\/uploads\/2023\/10\/renatoaugusto.jpg","type":"image\/jpeg"}],"author":"Reda\u00e7\u00e3o","twitter_card":"summary_large_image","twitter_creator":"@transamerica933","twitter_site":"@transamerica933","twitter_misc":{"Escrito por":"Reda\u00e7\u00e3o","Est. tempo de leitura":"6 minutos"},"schema":{"@context":"https:\/\/schema.org","@graph":[{"@type":"Article","@id":"https:\/\/transamerica93.com.br\/home\/corinthians-prepara-reformulacao-no-elenco-ate-o-fim-da-temporada\/#article","isPartOf":{"@id":"https:\/\/transamerica93.com.br\/home\/corinthians-prepara-reformulacao-no-elenco-ate-o-fim-da-temporada\/"},"author":{"name":"Reda\u00e7\u00e3o","@id":"https:\/\/transamerica93.com.br\/home\/#\/schema\/person\/7fed7c99c0d4562efa8561bc0f543172"},"headline":"Corinthians prepara reformula\u00e7\u00e3o no elenco at\u00e9 o fim da temporada","datePublished":"2023-10-10T20:59:21+00:00","mainEntityOfPage":{"@id":"https:\/\/transamerica93.com.br\/home\/corinthians-prepara-reformulacao-no-elenco-ate-o-fim-da-temporada\/"},"wordCount":1276,"commentCount":0,"publisher":{"@id":"https:\/\/transamerica93.com.br\/home\/#organization"},"image":{"@id":"https:\/\/transamerica93.com.br\/home\/corinthians-prepara-reformulacao-no-elenco-ate-o-fim-da-temporada\/#primaryimage"},"thumbnailUrl":"https:\/\/transamerica93.com.br\/home\/wp-content\/uploads\/2023\/10\/renatoaugusto.jpg","articleSection":["Esportes"],"inLanguage":"pt-BR"},{"@type":"WebPage","@id":"https:\/\/transamerica93.com.br\/home\/corinthians-prepara-reformulacao-no-elenco-ate-o-fim-da-temporada\/","url":"https:\/\/transamerica93.com.br\/home\/corinthians-prepara-reformulacao-no-elenco-ate-o-fim-da-temporada\/","name":"Corinthians prepara reformula\u00e7\u00e3o no elenco at\u00e9 o fim da temporada - Transam\u00e9rica Mococa 93,3","isPartOf":{"@id":"https:\/\/transamerica93.com.br\/home\/#website"},"primaryImageOfPage":{"@id":"https:\/\/transamerica93.com.br\/home\/corinthians-prepara-reformulacao-no-elenco-ate-o-fim-da-temporada\/#primaryimage"},"image":{"@id":"https:\/\/transamerica93.com.br\/home\/corinthians-prepara-reformulacao-no-elenco-ate-o-fim-da-temporada\/#primaryimage"},"thumbnailUrl":"https:\/\/transamerica93.com.br\/home\/wp-content\/uploads\/2023\/10\/renatoaugusto.jpg","datePublished":"2023-10-10T20:59:21+00:00","breadcrumb":{"@id":"https:\/\/transamerica93.com.br\/home\/corinthians-prepara-reformulacao-no-elenco-ate-o-fim-da-temporada\/#breadcrumb"},"inLanguage":"pt-BR","potentialAction":[{"@type":"ReadAction","target":["https:\/\/transamerica93.com.br\/home\/corinthians-prepara-reformulacao-no-elenco-ate-o-fim-da-temporada\/"]}]},{"@type":"ImageObject","inLanguage":"pt-BR","@id":"https:\/\/transamerica93.com.br\/home\/corinthians-prepara-reformulacao-no-elenco-ate-o-fim-da-temporada\/#primaryimage","url":"https:\/\/transamerica93.com.br\/home\/wp-content\/uploads\/2023\/10\/renatoaugusto.jpg","contentUrl":"https:\/\/transamerica93.com.br\/home\/wp-content\/uploads\/2023\/10\/renatoaugusto.jpg","width":800,"height":500,"caption":"Foto: Rodrigo Coca\/Corinthians"},{"@type":"BreadcrumbList","@id":"https:\/\/transamerica93.com.br\/home\/corinthians-prepara-reformulacao-no-elenco-ate-o-fim-da-temporada\/#breadcrumb","itemListElement":[{"@type":"ListItem","position":1,"name":"In\u00edcio","item":"https:\/\/transamerica93.com.br\/home\/"},{"@type":"ListItem","position":2,"name":"Corinthians prepara reformula\u00e7\u00e3o no elenco at\u00e9 o fim da temporada"}]},{"@type":"WebSite","@id":"https:\/\/transamerica93.com.br\/home\/#website","url":"https:\/\/transamerica93.com.br\/home\/","name":"Transam\u00e9rica Mococa 93,3","description":"","publisher":{"@id":"https:\/\/transamerica93.com.br\/home\/#organization"},"potentialAction":[{"@type":"SearchAction","target":{"@type":"EntryPoint","urlTemplate":"https:\/\/transamerica93.com.br\/home\/?s={search_term_string}"},"query-input":{"@type":"PropertyValueSpecification","valueRequired":true,"valueName":"search_term_string"}}],"inLanguage":"pt-BR"},{"@type":"Organization","@id":"https:\/\/transamerica93.com.br\/home\/#organization","name":"Transam\u00e9rica Mococa 93,3","url":"https:\/\/transamerica93.com.br\/home\/","logo":{"@type":"ImageObject","inLanguage":"pt-BR","@id":"https:\/\/transamerica93.com.br\/home\/#\/schema\/logo\/image\/","url":"https:\/\/transamerica93.com.br\/home\/wp-content\/uploads\/2023\/10\/logo2.png","contentUrl":"https:\/\/transamerica93.com.br\/home\/wp-content\/uploads\/2023\/10\/logo2.png","width":800,"height":500,"caption":"Transam\u00e9rica Mococa 93,3"},"image":{"@id":"https:\/\/transamerica93.com.br\/home\/#\/schema\/logo\/image\/"},"sameAs":["https:\/\/www.facebook.com\/transamericamococa","https:\/\/x.com\/transamerica933","https:\/\/www.instagram.com\/transamericamococa"]},{"@type":"Person","@id":"https:\/\/transamerica93.com.br\/home\/#\/schema\/person\/7fed7c99c0d4562efa8561bc0f543172","name":"Reda\u00e7\u00e3o","image":{"@type":"ImageObject","inLanguage":"pt-BR","@id":"https:\/\/secure.gravatar.com\/avatar\/1072c6b775fb02ef8506ce967551d95926669a6b7d2c2147b42eea4d7c68395e?s=96&d=mm&r=g","url":"https:\/\/secure.gravatar.com\/avatar\/1072c6b775fb02ef8506ce967551d95926669a6b7d2c2147b42eea4d7c68395e?s=96&d=mm&r=g","contentUrl":"https:\/\/secure.gravatar.com\/avatar\/1072c6b775fb02ef8506ce967551d95926669a6b7d2c2147b42eea4d7c68395e?s=96&d=mm&r=g","caption":"Reda\u00e7\u00e3o"},"sameAs":["https:\/\/transamerica93.com.br\/home"],"url":"https:\/\/transamerica93.com.br\/home\/author\/william\/"}]}},"_links":{"self":[{"href":"https:\/\/transamerica93.com.br\/home\/wp-json\/wp\/v2\/posts\/1514","targetHints":{"allow":["GET"]}}],"collection":[{"href":"https:\/\/transamerica93.com.br\/home\/wp-json\/wp\/v2\/posts"}],"about":[{"href":"https:\/\/transamerica93.com.br\/home\/wp-json\/wp\/v2\/types\/post"}],"author":[{"embeddable":true,"href":"https:\/\/transamerica93.com.br\/home\/wp-json\/wp\/v2\/users\/1"}],"replies":[{"embeddable":true,"href":"https:\/\/transamerica93.com.br\/home\/wp-json\/wp\/v2\/comments?post=1514"}],"version-history":[{"count":1,"href":"https:\/\/transamerica93.com.br\/home\/wp-json\/wp\/v2\/posts\/1514\/revisions"}],"predecessor-version":[{"id":1516,"href":"https:\/\/transamerica93.com.br\/home\/wp-json\/wp\/v2\/posts\/1514\/revisions\/1516"}],"wp:featuredmedia":[{"embeddable":true,"href":"https:\/\/transamerica93.com.br\/home\/wp-json\/wp\/v2\/media\/1515"}],"wp:attachment":[{"href":"https:\/\/transamerica93.com.br\/home\/wp-json\/wp\/v2\/media?parent=1514"}],"wp:term":[{"taxonomy":"category","embeddable":true,"href":"https:\/\/transamerica93.com.br\/home\/wp-json\/wp\/v2\/categories?post=1514"},{"taxonomy":"post_tag","embeddable":true,"href":"https:\/\/transamerica93.com.br\/home\/wp-json\/wp\/v2\/tags?post=1514"}],"curies":[{"name":"wp","href":"https:\/\/api.w.org\/{rel}","templated":true}]}}