{"id":1523,"date":"2023-10-10T18:04:31","date_gmt":"2023-10-10T21:04:31","guid":{"rendered":"https:\/\/transamerica93.com.br\/home\/?p=1523"},"modified":"2023-10-10T18:04:31","modified_gmt":"2023-10-10T21:04:31","slug":"quais-os-proximos-passos-de-rebeca-andrade-apos-as-conquistas-no-mundial","status":"publish","type":"post","link":"https:\/\/transamerica93.com.br\/home\/quais-os-proximos-passos-de-rebeca-andrade-apos-as-conquistas-no-mundial\/","title":{"rendered":"Quais os pr\u00f3ximos passos de Rebeca Andrade ap\u00f3s as conquistas no Mundial?"},"content":{"rendered":"<div id=\"Corpo\">Com cinco medalhas conquistadas no Mundial de gin\u00e1stica art\u00edstica, na Antu\u00e9rpia, Rebeca Andrade retornou ao Brasil na segunda-feira com dois objetivos: aproveitar as merecidas gl\u00f3rias ap\u00f3s uma exibi\u00e7\u00e3o de gala na B\u00e9lgica e j\u00e1 se preparar para o Pan-Americano, que acontece a partir do dia 20, em Santiago, no Chile. Apesar de chegar com o t\u00edtulo de campe\u00e3 mundial ao pa\u00eds, a tend\u00eancia \u00e9 que a ginasta mantenha seu foco nos pr\u00f3ximos dias, para chegar em sua melhor forma para a competi\u00e7\u00e3o. Ela viaja j\u00e1 nesta semana para a disputa do Pan.<\/p>\n<p>Nesta ter\u00e7a-feira, a atleta tem dia de folga. Ela foi recebida com festa por um grupo de crian\u00e7as das divis\u00f5es de base do Flamengo na chegada ao Aeroporto Internacional Tom Jobim, no Rio de Janeiro, clube onde treina uma vez por semana e recebe o aux\u00edlio financeiro. A ginasta tem v\u00ednculo com o clube rubro-negro desde 2011, quando ainda tinha apenas 12 anos. Hoje, com 24 anos, ela tem contrato at\u00e9 o final de 2024.<\/p>\n<p>A rela\u00e7\u00e3o com o Flamengo faz com que Rebeca tenha o acompanhamento dos profissionais do clube, como fisioterapeutas, nutricionistas, entre outros, nas competi\u00e7\u00f5es que disputa. Nos campeonatos nacionais, a ginasta defende as cores do clube. Natural de Guarulhos, em S\u00e3o Paulo, a atleta transformou o Rio em sua casa. Al\u00e9m de utilizar as depend\u00eancias do Flamengo semanalmente, usa o Centro de Treinamento Time Brasil, do Comit\u00ea Ol\u00edmpico do Brasil (COB), na Barra da Tijuca. Ele abriga o CT de Gin\u00e1stica Art\u00edstica, na Arena da Barra.<\/p>\n<p>Rebeca viaja nesta semana \u00e0 Santiago, no Chile, onde defende o Brasil nos Jogos Pan-Americanos. Al\u00e9m de ter uma folga em seus treinamentos nesta ter\u00e7a-feira, ela ir\u00e1 manter um trabalho regenerativo, para readaptar seu f\u00edsico ap\u00f3s o Mundial na Antu\u00e9rpia e o seu fuso hor\u00e1rio &#8211; a B\u00e9lgica est\u00e1 cinco horas \u00e0 frente do Brasil. A ginasta viaja para o vizinho sul-americano j\u00e1 nesta semana, enquanto os jogos se iniciam no dia 20.<\/p>\n<p>Apesar de ter o apoio de diversos profissionais ao longo de sua carreira, um nome se destaca dentre os demais: Francisco Porath Neto, o Chico, \u00e9 o t\u00e9cnico de Rebeca desde 2006, quando ainda tinha apenas sete anos. \u00c9 ele quem determina a rotina de treinamentos da atleta e acompanha toda a sua prepara\u00e7\u00e3o em competi\u00e7\u00f5es mundiais e ol\u00edmpicas. Chico \u00e9 treinador da sele\u00e7\u00e3o brasileira de gin\u00e1stica art\u00edstica e, at\u00e9 2016, era treinador do Flamengo.<\/p>\n<p>&#8220;Ela est\u00e1 mais firme nas competi\u00e7\u00f5es mais importantes. Vem conseguindo fazer a execu\u00e7\u00e3o de uma forma muito tranquila. Na verdade, compete com ela mesma, sem contar com a nota de uma ou de outra advers\u00e1ria. Ela conta com a nota dela mesma. J\u00e1 faz tr\u00eas anos que ela \u00e9 campe\u00e3 mundial: 2021, 2022 e 2023. Isso diz muito sobre a compet\u00eancia e a regularidade da Rebeca&#8221;, afirmou Chico durante o Mundial.<\/p>\n<p>F\u00c9RIAS E JOGOS OL\u00cdMPICOS<\/p>\n<p>Em sua chegada ao Brasil, Rebeca brincou que ap\u00f3s, os Jogos Pan-Americanos, precisa tirar um per\u00edodo de f\u00e9rias e de descanso, antes de voltar a se concentrar na prepara\u00e7\u00e3o para a Olimp\u00edada de Paris-2024. Em T\u00f3quio, em 2021, conquistou a medalha de ouro no salto e prata no individual geral. Na ocasi\u00e3o, se tornou a primeira mulher do esporte brasileiro a voltar de uma edi\u00e7\u00e3o de Jogos Ol\u00edmpicos com mais de uma medalha<\/p>\n<p>No Mundial da Antu\u00e9rpia, teve o melhor desempenho de sua carreira e de uma atleta brasileira em uma competi\u00e7\u00e3o deste porte. As medalhas de ouro no salto, de prata por equipe, individual geral e solo e de bronze na trave vieram ap\u00f3s um importante acompanhamento psicol\u00f3gico, que a atleta destacou ap\u00f3s as conquistas na B\u00e9lgica. &#8220;Estava muito concentrada para fazer a minha parte e consegui fazer, com foco total. Estou muito feliz e orgulhosa. Esta \u00e9 uma medalha muito importante, porque \u00e9 o meu melhor aparelho&#8221;, disse, ap\u00f3s conquistar a medalha de ouro no salto.<\/p>\n<p>Independentemente do resultado em Santiago, Rebeca deve ter um per\u00edodo de recupera\u00e7\u00e3o f\u00edsica em novembro, no Brasil. No meio do ano, defender\u00e1 suas conquistas no cen\u00e1rio ol\u00edmpico.<\/p><\/div>\n","protected":false},"excerpt":{"rendered":"<p>Com cinco medalhas conquistadas no Mundial de gin\u00e1stica art\u00edstica, na Antu\u00e9rpia, Rebeca Andrade retornou ao Brasil na segunda-feira com dois objetivos: aproveitar as merecidas gl\u00f3rias ap\u00f3s uma exibi\u00e7\u00e3o de gala na B\u00e9lgica e j\u00e1 se preparar para o Pan-Americano, que acontece a partir do dia 20, em Santiago, no Chile. Apesar de chegar com o &hellip;<\/p>\n","protected":false},"author":1,"featured_media":1524,"comment_status":"open","ping_status":"open","sticky":false,"template":"","format":"standard","meta":{"footnotes":""},"categories":[31],"tags":[],"class_list":["post-1523","post","type-post","status-publish","format-standard","has-post-thumbnail","hentry","category-esportes"],"yoast_head":"<!-- This site is optimized with the Yoast SEO plugin v27.4 - https:\/\/yoast.com\/product\/yoast-seo-wordpress\/ -->\n<title>Quais os pr\u00f3ximos passos de Rebeca Andrade ap\u00f3s as conquistas no Mundial? - Transam\u00e9rica Mococa 93,3<\/title>\n<meta name=\"robots\" content=\"index, follow, max-snippet:-1, max-image-preview:large, max-video-preview:-1\" \/>\n<link rel=\"canonical\" href=\"https:\/\/transamerica93.com.br\/home\/quais-os-proximos-passos-de-rebeca-andrade-apos-as-conquistas-no-mundial\/\" \/>\n<meta property=\"og:locale\" content=\"pt_BR\" \/>\n<meta property=\"og:type\" content=\"article\" \/>\n<meta property=\"og:title\" content=\"Quais os pr\u00f3ximos passos de Rebeca Andrade ap\u00f3s as conquistas no Mundial? - Transam\u00e9rica Mococa 93,3\" \/>\n<meta property=\"og:description\" content=\"Com cinco medalhas conquistadas no Mundial de gin\u00e1stica art\u00edstica, na Antu\u00e9rpia, Rebeca Andrade retornou ao Brasil na segunda-feira com dois objetivos: aproveitar as merecidas gl\u00f3rias ap\u00f3s uma exibi\u00e7\u00e3o de gala na B\u00e9lgica e j\u00e1 se preparar para o Pan-Americano, que acontece a partir do dia 20, em Santiago, no Chile. Apesar de chegar com o &hellip;\" \/>\n<meta property=\"og:url\" content=\"https:\/\/transamerica93.com.br\/home\/quais-os-proximos-passos-de-rebeca-andrade-apos-as-conquistas-no-mundial\/\" \/>\n<meta property=\"og:site_name\" content=\"Transam\u00e9rica Mococa 93,3\" \/>\n<meta property=\"article:publisher\" content=\"https:\/\/www.facebook.com\/transamericamococa\" \/>\n<meta property=\"article:published_time\" content=\"2023-10-10T21:04:31+00:00\" \/>\n<meta property=\"og:image\" content=\"https:\/\/transamerica93.com.br\/home\/wp-content\/uploads\/2023\/10\/rebecaandrade.jpg\" \/>\n\t<meta property=\"og:image:width\" content=\"1170\" \/>\n\t<meta property=\"og:image:height\" content=\"700\" \/>\n\t<meta property=\"og:image:type\" content=\"image\/jpeg\" \/>\n<meta name=\"author\" content=\"Reda\u00e7\u00e3o\" \/>\n<meta name=\"twitter:card\" content=\"summary_large_image\" \/>\n<meta name=\"twitter:creator\" content=\"@transamerica933\" \/>\n<meta name=\"twitter:site\" content=\"@transamerica933\" \/>\n<meta name=\"twitter:label1\" content=\"Escrito por\" \/>\n\t<meta name=\"twitter:data1\" content=\"Reda\u00e7\u00e3o\" \/>\n\t<meta name=\"twitter:label2\" content=\"Est. tempo de leitura\" \/>\n\t<meta name=\"twitter:data2\" content=\"4 minutos\" \/>\n<script type=\"application\/ld+json\" class=\"yoast-schema-graph\">{\"@context\":\"https:\\\/\\\/schema.org\",\"@graph\":[{\"@type\":\"Article\",\"@id\":\"https:\\\/\\\/transamerica93.com.br\\\/home\\\/quais-os-proximos-passos-de-rebeca-andrade-apos-as-conquistas-no-mundial\\\/#article\",\"isPartOf\":{\"@id\":\"https:\\\/\\\/transamerica93.com.br\\\/home\\\/quais-os-proximos-passos-de-rebeca-andrade-apos-as-conquistas-no-mundial\\\/\"},\"author\":{\"name\":\"Reda\u00e7\u00e3o\",\"@id\":\"https:\\\/\\\/transamerica93.com.br\\\/home\\\/#\\\/schema\\\/person\\\/7fed7c99c0d4562efa8561bc0f543172\"},\"headline\":\"Quais os pr\u00f3ximos passos de Rebeca Andrade ap\u00f3s as conquistas no Mundial?\",\"datePublished\":\"2023-10-10T21:04:31+00:00\",\"mainEntityOfPage\":{\"@id\":\"https:\\\/\\\/transamerica93.com.br\\\/home\\\/quais-os-proximos-passos-de-rebeca-andrade-apos-as-conquistas-no-mundial\\\/\"},\"wordCount\":730,\"commentCount\":0,\"publisher\":{\"@id\":\"https:\\\/\\\/transamerica93.com.br\\\/home\\\/#organization\"},\"image\":{\"@id\":\"https:\\\/\\\/transamerica93.com.br\\\/home\\\/quais-os-proximos-passos-de-rebeca-andrade-apos-as-conquistas-no-mundial\\\/#primaryimage\"},\"thumbnailUrl\":\"https:\\\/\\\/transamerica93.com.br\\\/home\\\/wp-content\\\/uploads\\\/2023\\\/10\\\/rebecaandrade.jpg\",\"articleSection\":[\"Esportes\"],\"inLanguage\":\"pt-BR\"},{\"@type\":\"WebPage\",\"@id\":\"https:\\\/\\\/transamerica93.com.br\\\/home\\\/quais-os-proximos-passos-de-rebeca-andrade-apos-as-conquistas-no-mundial\\\/\",\"url\":\"https:\\\/\\\/transamerica93.com.br\\\/home\\\/quais-os-proximos-passos-de-rebeca-andrade-apos-as-conquistas-no-mundial\\\/\",\"name\":\"Quais os pr\u00f3ximos passos de Rebeca Andrade ap\u00f3s as conquistas no Mundial? - Transam\u00e9rica Mococa 93,3\",\"isPartOf\":{\"@id\":\"https:\\\/\\\/transamerica93.com.br\\\/home\\\/#website\"},\"primaryImageOfPage\":{\"@id\":\"https:\\\/\\\/transamerica93.com.br\\\/home\\\/quais-os-proximos-passos-de-rebeca-andrade-apos-as-conquistas-no-mundial\\\/#primaryimage\"},\"image\":{\"@id\":\"https:\\\/\\\/transamerica93.com.br\\\/home\\\/quais-os-proximos-passos-de-rebeca-andrade-apos-as-conquistas-no-mundial\\\/#primaryimage\"},\"thumbnailUrl\":\"https:\\\/\\\/transamerica93.com.br\\\/home\\\/wp-content\\\/uploads\\\/2023\\\/10\\\/rebecaandrade.jpg\",\"datePublished\":\"2023-10-10T21:04:31+00:00\",\"breadcrumb\":{\"@id\":\"https:\\\/\\\/transamerica93.com.br\\\/home\\\/quais-os-proximos-passos-de-rebeca-andrade-apos-as-conquistas-no-mundial\\\/#breadcrumb\"},\"inLanguage\":\"pt-BR\",\"potentialAction\":[{\"@type\":\"ReadAction\",\"target\":[\"https:\\\/\\\/transamerica93.com.br\\\/home\\\/quais-os-proximos-passos-de-rebeca-andrade-apos-as-conquistas-no-mundial\\\/\"]}]},{\"@type\":\"ImageObject\",\"inLanguage\":\"pt-BR\",\"@id\":\"https:\\\/\\\/transamerica93.com.br\\\/home\\\/quais-os-proximos-passos-de-rebeca-andrade-apos-as-conquistas-no-mundial\\\/#primaryimage\",\"url\":\"https:\\\/\\\/transamerica93.com.br\\\/home\\\/wp-content\\\/uploads\\\/2023\\\/10\\\/rebecaandrade.jpg\",\"contentUrl\":\"https:\\\/\\\/transamerica93.com.br\\\/home\\\/wp-content\\\/uploads\\\/2023\\\/10\\\/rebecaandrade.jpg\",\"width\":1170,\"height\":700,\"caption\":\"\u00a9 REUTERS\\\/Yves Herman\"},{\"@type\":\"BreadcrumbList\",\"@id\":\"https:\\\/\\\/transamerica93.com.br\\\/home\\\/quais-os-proximos-passos-de-rebeca-andrade-apos-as-conquistas-no-mundial\\\/#breadcrumb\",\"itemListElement\":[{\"@type\":\"ListItem\",\"position\":1,\"name\":\"In\u00edcio\",\"item\":\"https:\\\/\\\/transamerica93.com.br\\\/home\\\/\"},{\"@type\":\"ListItem\",\"position\":2,\"name\":\"Quais os pr\u00f3ximos passos de Rebeca Andrade ap\u00f3s as conquistas no Mundial?\"}]},{\"@type\":\"WebSite\",\"@id\":\"https:\\\/\\\/transamerica93.com.br\\\/home\\\/#website\",\"url\":\"https:\\\/\\\/transamerica93.com.br\\\/home\\\/\",\"name\":\"Transam\u00e9rica Mococa 93,3\",\"description\":\"\",\"publisher\":{\"@id\":\"https:\\\/\\\/transamerica93.com.br\\\/home\\\/#organization\"},\"potentialAction\":[{\"@type\":\"SearchAction\",\"target\":{\"@type\":\"EntryPoint\",\"urlTemplate\":\"https:\\\/\\\/transamerica93.com.br\\\/home\\\/?s={search_term_string}\"},\"query-input\":{\"@type\":\"PropertyValueSpecification\",\"valueRequired\":true,\"valueName\":\"search_term_string\"}}],\"inLanguage\":\"pt-BR\"},{\"@type\":\"Organization\",\"@id\":\"https:\\\/\\\/transamerica93.com.br\\\/home\\\/#organization\",\"name\":\"Transam\u00e9rica Mococa 93,3\",\"url\":\"https:\\\/\\\/transamerica93.com.br\\\/home\\\/\",\"logo\":{\"@type\":\"ImageObject\",\"inLanguage\":\"pt-BR\",\"@id\":\"https:\\\/\\\/transamerica93.com.br\\\/home\\\/#\\\/schema\\\/logo\\\/image\\\/\",\"url\":\"https:\\\/\\\/transamerica93.com.br\\\/home\\\/wp-content\\\/uploads\\\/2023\\\/10\\\/logo2.png\",\"contentUrl\":\"https:\\\/\\\/transamerica93.com.br\\\/home\\\/wp-content\\\/uploads\\\/2023\\\/10\\\/logo2.png\",\"width\":800,\"height\":500,\"caption\":\"Transam\u00e9rica Mococa 93,3\"},\"image\":{\"@id\":\"https:\\\/\\\/transamerica93.com.br\\\/home\\\/#\\\/schema\\\/logo\\\/image\\\/\"},\"sameAs\":[\"https:\\\/\\\/www.facebook.com\\\/transamericamococa\",\"https:\\\/\\\/x.com\\\/transamerica933\",\"https:\\\/\\\/www.instagram.com\\\/transamericamococa\"]},{\"@type\":\"Person\",\"@id\":\"https:\\\/\\\/transamerica93.com.br\\\/home\\\/#\\\/schema\\\/person\\\/7fed7c99c0d4562efa8561bc0f543172\",\"name\":\"Reda\u00e7\u00e3o\",\"image\":{\"@type\":\"ImageObject\",\"inLanguage\":\"pt-BR\",\"@id\":\"https:\\\/\\\/secure.gravatar.com\\\/avatar\\\/1072c6b775fb02ef8506ce967551d95926669a6b7d2c2147b42eea4d7c68395e?s=96&d=mm&r=g\",\"url\":\"https:\\\/\\\/secure.gravatar.com\\\/avatar\\\/1072c6b775fb02ef8506ce967551d95926669a6b7d2c2147b42eea4d7c68395e?s=96&d=mm&r=g\",\"contentUrl\":\"https:\\\/\\\/secure.gravatar.com\\\/avatar\\\/1072c6b775fb02ef8506ce967551d95926669a6b7d2c2147b42eea4d7c68395e?s=96&d=mm&r=g\",\"caption\":\"Reda\u00e7\u00e3o\"},\"sameAs\":[\"https:\\\/\\\/transamerica93.com.br\\\/home\"],\"url\":\"https:\\\/\\\/transamerica93.com.br\\\/home\\\/author\\\/william\\\/\"}]}<\/script>\n<!-- \/ Yoast SEO plugin. -->","yoast_head_json":{"title":"Quais os pr\u00f3ximos passos de Rebeca Andrade ap\u00f3s as conquistas no Mundial? - Transam\u00e9rica Mococa 93,3","robots":{"index":"index","follow":"follow","max-snippet":"max-snippet:-1","max-image-preview":"max-image-preview:large","max-video-preview":"max-video-preview:-1"},"canonical":"https:\/\/transamerica93.com.br\/home\/quais-os-proximos-passos-de-rebeca-andrade-apos-as-conquistas-no-mundial\/","og_locale":"pt_BR","og_type":"article","og_title":"Quais os pr\u00f3ximos passos de Rebeca Andrade ap\u00f3s as conquistas no Mundial? - Transam\u00e9rica Mococa 93,3","og_description":"Com cinco medalhas conquistadas no Mundial de gin\u00e1stica art\u00edstica, na Antu\u00e9rpia, Rebeca Andrade retornou ao Brasil na segunda-feira com dois objetivos: aproveitar as merecidas gl\u00f3rias ap\u00f3s uma exibi\u00e7\u00e3o de gala na B\u00e9lgica e j\u00e1 se preparar para o Pan-Americano, que acontece a partir do dia 20, em Santiago, no Chile. Apesar de chegar com o &hellip;","og_url":"https:\/\/transamerica93.com.br\/home\/quais-os-proximos-passos-de-rebeca-andrade-apos-as-conquistas-no-mundial\/","og_site_name":"Transam\u00e9rica Mococa 93,3","article_publisher":"https:\/\/www.facebook.com\/transamericamococa","article_published_time":"2023-10-10T21:04:31+00:00","og_image":[{"width":1170,"height":700,"url":"https:\/\/transamerica93.com.br\/home\/wp-content\/uploads\/2023\/10\/rebecaandrade.jpg","type":"image\/jpeg"}],"author":"Reda\u00e7\u00e3o","twitter_card":"summary_large_image","twitter_creator":"@transamerica933","twitter_site":"@transamerica933","twitter_misc":{"Escrito por":"Reda\u00e7\u00e3o","Est. tempo de leitura":"4 minutos"},"schema":{"@context":"https:\/\/schema.org","@graph":[{"@type":"Article","@id":"https:\/\/transamerica93.com.br\/home\/quais-os-proximos-passos-de-rebeca-andrade-apos-as-conquistas-no-mundial\/#article","isPartOf":{"@id":"https:\/\/transamerica93.com.br\/home\/quais-os-proximos-passos-de-rebeca-andrade-apos-as-conquistas-no-mundial\/"},"author":{"name":"Reda\u00e7\u00e3o","@id":"https:\/\/transamerica93.com.br\/home\/#\/schema\/person\/7fed7c99c0d4562efa8561bc0f543172"},"headline":"Quais os pr\u00f3ximos passos de Rebeca Andrade ap\u00f3s as conquistas no Mundial?","datePublished":"2023-10-10T21:04:31+00:00","mainEntityOfPage":{"@id":"https:\/\/transamerica93.com.br\/home\/quais-os-proximos-passos-de-rebeca-andrade-apos-as-conquistas-no-mundial\/"},"wordCount":730,"commentCount":0,"publisher":{"@id":"https:\/\/transamerica93.com.br\/home\/#organization"},"image":{"@id":"https:\/\/transamerica93.com.br\/home\/quais-os-proximos-passos-de-rebeca-andrade-apos-as-conquistas-no-mundial\/#primaryimage"},"thumbnailUrl":"https:\/\/transamerica93.com.br\/home\/wp-content\/uploads\/2023\/10\/rebecaandrade.jpg","articleSection":["Esportes"],"inLanguage":"pt-BR"},{"@type":"WebPage","@id":"https:\/\/transamerica93.com.br\/home\/quais-os-proximos-passos-de-rebeca-andrade-apos-as-conquistas-no-mundial\/","url":"https:\/\/transamerica93.com.br\/home\/quais-os-proximos-passos-de-rebeca-andrade-apos-as-conquistas-no-mundial\/","name":"Quais os pr\u00f3ximos passos de Rebeca Andrade ap\u00f3s as conquistas no Mundial? - Transam\u00e9rica Mococa 93,3","isPartOf":{"@id":"https:\/\/transamerica93.com.br\/home\/#website"},"primaryImageOfPage":{"@id":"https:\/\/transamerica93.com.br\/home\/quais-os-proximos-passos-de-rebeca-andrade-apos-as-conquistas-no-mundial\/#primaryimage"},"image":{"@id":"https:\/\/transamerica93.com.br\/home\/quais-os-proximos-passos-de-rebeca-andrade-apos-as-conquistas-no-mundial\/#primaryimage"},"thumbnailUrl":"https:\/\/transamerica93.com.br\/home\/wp-content\/uploads\/2023\/10\/rebecaandrade.jpg","datePublished":"2023-10-10T21:04:31+00:00","breadcrumb":{"@id":"https:\/\/transamerica93.com.br\/home\/quais-os-proximos-passos-de-rebeca-andrade-apos-as-conquistas-no-mundial\/#breadcrumb"},"inLanguage":"pt-BR","potentialAction":[{"@type":"ReadAction","target":["https:\/\/transamerica93.com.br\/home\/quais-os-proximos-passos-de-rebeca-andrade-apos-as-conquistas-no-mundial\/"]}]},{"@type":"ImageObject","inLanguage":"pt-BR","@id":"https:\/\/transamerica93.com.br\/home\/quais-os-proximos-passos-de-rebeca-andrade-apos-as-conquistas-no-mundial\/#primaryimage","url":"https:\/\/transamerica93.com.br\/home\/wp-content\/uploads\/2023\/10\/rebecaandrade.jpg","contentUrl":"https:\/\/transamerica93.com.br\/home\/wp-content\/uploads\/2023\/10\/rebecaandrade.jpg","width":1170,"height":700,"caption":"\u00a9 REUTERS\/Yves Herman"},{"@type":"BreadcrumbList","@id":"https:\/\/transamerica93.com.br\/home\/quais-os-proximos-passos-de-rebeca-andrade-apos-as-conquistas-no-mundial\/#breadcrumb","itemListElement":[{"@type":"ListItem","position":1,"name":"In\u00edcio","item":"https:\/\/transamerica93.com.br\/home\/"},{"@type":"ListItem","position":2,"name":"Quais os pr\u00f3ximos passos de Rebeca Andrade ap\u00f3s as conquistas no Mundial?"}]},{"@type":"WebSite","@id":"https:\/\/transamerica93.com.br\/home\/#website","url":"https:\/\/transamerica93.com.br\/home\/","name":"Transam\u00e9rica Mococa 93,3","description":"","publisher":{"@id":"https:\/\/transamerica93.com.br\/home\/#organization"},"potentialAction":[{"@type":"SearchAction","target":{"@type":"EntryPoint","urlTemplate":"https:\/\/transamerica93.com.br\/home\/?s={search_term_string}"},"query-input":{"@type":"PropertyValueSpecification","valueRequired":true,"valueName":"search_term_string"}}],"inLanguage":"pt-BR"},{"@type":"Organization","@id":"https:\/\/transamerica93.com.br\/home\/#organization","name":"Transam\u00e9rica Mococa 93,3","url":"https:\/\/transamerica93.com.br\/home\/","logo":{"@type":"ImageObject","inLanguage":"pt-BR","@id":"https:\/\/transamerica93.com.br\/home\/#\/schema\/logo\/image\/","url":"https:\/\/transamerica93.com.br\/home\/wp-content\/uploads\/2023\/10\/logo2.png","contentUrl":"https:\/\/transamerica93.com.br\/home\/wp-content\/uploads\/2023\/10\/logo2.png","width":800,"height":500,"caption":"Transam\u00e9rica Mococa 93,3"},"image":{"@id":"https:\/\/transamerica93.com.br\/home\/#\/schema\/logo\/image\/"},"sameAs":["https:\/\/www.facebook.com\/transamericamococa","https:\/\/x.com\/transamerica933","https:\/\/www.instagram.com\/transamericamococa"]},{"@type":"Person","@id":"https:\/\/transamerica93.com.br\/home\/#\/schema\/person\/7fed7c99c0d4562efa8561bc0f543172","name":"Reda\u00e7\u00e3o","image":{"@type":"ImageObject","inLanguage":"pt-BR","@id":"https:\/\/secure.gravatar.com\/avatar\/1072c6b775fb02ef8506ce967551d95926669a6b7d2c2147b42eea4d7c68395e?s=96&d=mm&r=g","url":"https:\/\/secure.gravatar.com\/avatar\/1072c6b775fb02ef8506ce967551d95926669a6b7d2c2147b42eea4d7c68395e?s=96&d=mm&r=g","contentUrl":"https:\/\/secure.gravatar.com\/avatar\/1072c6b775fb02ef8506ce967551d95926669a6b7d2c2147b42eea4d7c68395e?s=96&d=mm&r=g","caption":"Reda\u00e7\u00e3o"},"sameAs":["https:\/\/transamerica93.com.br\/home"],"url":"https:\/\/transamerica93.com.br\/home\/author\/william\/"}]}},"_links":{"self":[{"href":"https:\/\/transamerica93.com.br\/home\/wp-json\/wp\/v2\/posts\/1523","targetHints":{"allow":["GET"]}}],"collection":[{"href":"https:\/\/transamerica93.com.br\/home\/wp-json\/wp\/v2\/posts"}],"about":[{"href":"https:\/\/transamerica93.com.br\/home\/wp-json\/wp\/v2\/types\/post"}],"author":[{"embeddable":true,"href":"https:\/\/transamerica93.com.br\/home\/wp-json\/wp\/v2\/users\/1"}],"replies":[{"embeddable":true,"href":"https:\/\/transamerica93.com.br\/home\/wp-json\/wp\/v2\/comments?post=1523"}],"version-history":[{"count":1,"href":"https:\/\/transamerica93.com.br\/home\/wp-json\/wp\/v2\/posts\/1523\/revisions"}],"predecessor-version":[{"id":1525,"href":"https:\/\/transamerica93.com.br\/home\/wp-json\/wp\/v2\/posts\/1523\/revisions\/1525"}],"wp:featuredmedia":[{"embeddable":true,"href":"https:\/\/transamerica93.com.br\/home\/wp-json\/wp\/v2\/media\/1524"}],"wp:attachment":[{"href":"https:\/\/transamerica93.com.br\/home\/wp-json\/wp\/v2\/media?parent=1523"}],"wp:term":[{"taxonomy":"category","embeddable":true,"href":"https:\/\/transamerica93.com.br\/home\/wp-json\/wp\/v2\/categories?post=1523"},{"taxonomy":"post_tag","embeddable":true,"href":"https:\/\/transamerica93.com.br\/home\/wp-json\/wp\/v2\/tags?post=1523"}],"curies":[{"name":"wp","href":"https:\/\/api.w.org\/{rel}","templated":true}]}}