{"id":1526,"date":"2023-10-10T18:10:44","date_gmt":"2023-10-10T21:10:44","guid":{"rendered":"https:\/\/transamerica93.com.br\/home\/?p=1526"},"modified":"2023-10-10T18:10:44","modified_gmt":"2023-10-10T21:10:44","slug":"abel-ferreira-e-suspenso-por-dois-jogos-pelo-stjd-apos-insinuar-roubo-contra-o-palmeiras","status":"publish","type":"post","link":"https:\/\/transamerica93.com.br\/home\/abel-ferreira-e-suspenso-por-dois-jogos-pelo-stjd-apos-insinuar-roubo-contra-o-palmeiras\/","title":{"rendered":"Abel Ferreira \u00e9 suspenso por dois jogos pelo STJD ap\u00f3s insinuar roubo contra o Palmeiras"},"content":{"rendered":"<p>O Superior Tribunal de Justi\u00e7a Desportiva (STJD) puniu Abel Ferreira, nesta ter\u00e7a-feira, com dois jogos de suspens\u00e3o no Campeonato Brasileiro pela insinua\u00e7\u00e3o de que o Palmeiras estava sendo &#8220;roubado&#8221; pela arbitragem no jogo contra o Gr\u00eamio, no dia 21 de setembro, em partida v\u00e1lida pela 24\u00aa rodada.<\/p>\n<p>Na ocasi\u00e3o, o time alviverde foi derrotado por 1 a 0, em Porto Alegre. O clube paulista tamb\u00e9m foi punido em R$ 2 mil pela infra\u00e7\u00e3o cometida pelo treinador portugu\u00eas.<\/p>\n<p>Abel deixou o gramado da Arena do Gr\u00eamio fazendo um gesto de roubo com as m\u00e3os e falando &#8220;isso \u00e9 roubar, isso \u00e9 roubar&#8221;, em dire\u00e7\u00e3o \u00e0s c\u00e2meras de transmiss\u00e3o. O \u00e1rbitro Bruno Arleu de Ara\u00fajo relatou a reclama\u00e7\u00e3o na s\u00famula e o treinador foi denunciado no artigo 258 do C\u00f3digo Brasileiro de Justi\u00e7a Desportiva, referente \u00e0 conduta contr\u00e1ria \u00e0 disciplina ou \u00e0 \u00e9tica desportiva.<\/p>\n<p>&#8220;Ap\u00f3s o t\u00e9rmino do jogo, quando me dirigia ao vesti\u00e1rio, fui informado pelo VAR, sr. Igor Junio Benevenuto, que ap\u00f3s verificar as imagens da cabine do \u00e1rbitro de v\u00eddeo, identificou que o treinador do Palmeiras, sr. Abel Fernando Moreira Ferreira, se dirigindo a zona mista do est\u00e1dio, fez com a sua m\u00e3o direita, gestos com os dedos, e proferiu as seguintes palavras atrav\u00e9s da leitura labial: &#8216;isso \u00e9 roubar! isso \u00e9 roubar! isso \u00e9 roubar'&#8221;, citou o \u00e1rbitro na s\u00famula da partida.<\/p>\n<p>Na entrevista coletiva ap\u00f3s a partida, Abel Ferreira se defendeu e disse que a derrota do Palmeiras para o Gr\u00eamio por 1 a 0 n\u00e3o se deu por causa da arbitragem. &#8220;O que acontece no campo fica no campo.&#8221; Al\u00e9m disso, afirmou seu desejo de que as c\u00e2meras na \u00e1rea t\u00e9cnica, pr\u00f3xima ao treinador, sejam retiradas.<\/p>\n<p>&#8220;Pedi \u00e0 CBF se pudesse fazer, o que fez com o Diniz, para tirar o microfone para n\u00e3o ouvirem, se tirar um cameraman ao meu lado, se puder tirar. Microfone j\u00e1 me dou bem com ele, j\u00e1 fizemos as pazes. Se fizer favor de tirar o c\u00e2mera man, ouve o que fa\u00e7o, tudo que fa\u00e7o. Os protagonistas est\u00e3o dentro das quatro linhas &#8221;<\/p>\n<p>Com a puni\u00e7\u00e3o, Abel desfalcar\u00e1 o Palmeiras nas partidas contra Atl\u00e9tico-MG, no Allianz Parque, em S\u00e3o Paulo, e Coritiba, no est\u00e1dio Couto Pereira, na capital paranaense. Eliminado na semifinal da Copa Libertadores, o time alviverde concentra suas for\u00e7as no Brasileir\u00e3o. A equipe paulista est\u00e1 na quarta coloca\u00e7\u00e3o, com 44 pontos, a 11 do l\u00edder Botafogo, com 55. O departamento jur\u00eddico do clube ir\u00e1 recorrer \u00e0 decis\u00e3o.<\/p>\n","protected":false},"excerpt":{"rendered":"<p>O Superior Tribunal de Justi\u00e7a Desportiva (STJD) puniu Abel Ferreira, nesta ter\u00e7a-feira, com dois jogos de suspens\u00e3o no Campeonato Brasileiro pela insinua\u00e7\u00e3o de que o Palmeiras estava sendo &#8220;roubado&#8221; pela arbitragem no jogo contra o Gr\u00eamio, no dia 21 de setembro, em partida v\u00e1lida pela 24\u00aa rodada. Na ocasi\u00e3o, o time alviverde foi derrotado por &hellip;<\/p>\n","protected":false},"author":1,"featured_media":1527,"comment_status":"open","ping_status":"open","sticky":false,"template":"","format":"standard","meta":{"footnotes":""},"categories":[31],"tags":[],"class_list":["post-1526","post","type-post","status-publish","format-standard","has-post-thumbnail","hentry","category-esportes"],"yoast_head":"<!-- This site is optimized with the Yoast SEO plugin v27.4 - https:\/\/yoast.com\/product\/yoast-seo-wordpress\/ -->\n<title>Abel Ferreira \u00e9 suspenso por dois jogos pelo STJD ap\u00f3s insinuar roubo contra o Palmeiras - Transam\u00e9rica Mococa 93,3<\/title>\n<meta name=\"robots\" content=\"index, follow, max-snippet:-1, max-image-preview:large, max-video-preview:-1\" \/>\n<link rel=\"canonical\" href=\"https:\/\/transamerica93.com.br\/home\/abel-ferreira-e-suspenso-por-dois-jogos-pelo-stjd-apos-insinuar-roubo-contra-o-palmeiras\/\" \/>\n<meta property=\"og:locale\" content=\"pt_BR\" \/>\n<meta property=\"og:type\" content=\"article\" \/>\n<meta property=\"og:title\" content=\"Abel Ferreira \u00e9 suspenso por dois jogos pelo STJD ap\u00f3s insinuar roubo contra o Palmeiras - Transam\u00e9rica Mococa 93,3\" \/>\n<meta property=\"og:description\" content=\"O Superior Tribunal de Justi\u00e7a Desportiva (STJD) puniu Abel Ferreira, nesta ter\u00e7a-feira, com dois jogos de suspens\u00e3o no Campeonato Brasileiro pela insinua\u00e7\u00e3o de que o Palmeiras estava sendo &#8220;roubado&#8221; pela arbitragem no jogo contra o Gr\u00eamio, no dia 21 de setembro, em partida v\u00e1lida pela 24\u00aa rodada. Na ocasi\u00e3o, o time alviverde foi derrotado por &hellip;\" \/>\n<meta property=\"og:url\" content=\"https:\/\/transamerica93.com.br\/home\/abel-ferreira-e-suspenso-por-dois-jogos-pelo-stjd-apos-insinuar-roubo-contra-o-palmeiras\/\" \/>\n<meta property=\"og:site_name\" content=\"Transam\u00e9rica Mococa 93,3\" \/>\n<meta property=\"article:publisher\" content=\"https:\/\/www.facebook.com\/transamericamococa\" \/>\n<meta property=\"article:published_time\" content=\"2023-10-10T21:10:44+00:00\" \/>\n<meta property=\"og:image\" content=\"https:\/\/transamerica93.com.br\/home\/wp-content\/uploads\/2023\/10\/abelferreira.jpg\" \/>\n\t<meta property=\"og:image:width\" content=\"800\" \/>\n\t<meta property=\"og:image:height\" content=\"500\" \/>\n\t<meta property=\"og:image:type\" content=\"image\/jpeg\" \/>\n<meta name=\"author\" content=\"Reda\u00e7\u00e3o\" \/>\n<meta name=\"twitter:card\" content=\"summary_large_image\" \/>\n<meta name=\"twitter:creator\" content=\"@transamerica933\" \/>\n<meta name=\"twitter:site\" content=\"@transamerica933\" \/>\n<meta name=\"twitter:label1\" content=\"Escrito por\" \/>\n\t<meta name=\"twitter:data1\" content=\"Reda\u00e7\u00e3o\" \/>\n\t<meta name=\"twitter:label2\" content=\"Est. tempo de leitura\" \/>\n\t<meta name=\"twitter:data2\" content=\"2 minutos\" \/>\n<script type=\"application\/ld+json\" class=\"yoast-schema-graph\">{\"@context\":\"https:\\\/\\\/schema.org\",\"@graph\":[{\"@type\":\"Article\",\"@id\":\"https:\\\/\\\/transamerica93.com.br\\\/home\\\/abel-ferreira-e-suspenso-por-dois-jogos-pelo-stjd-apos-insinuar-roubo-contra-o-palmeiras\\\/#article\",\"isPartOf\":{\"@id\":\"https:\\\/\\\/transamerica93.com.br\\\/home\\\/abel-ferreira-e-suspenso-por-dois-jogos-pelo-stjd-apos-insinuar-roubo-contra-o-palmeiras\\\/\"},\"author\":{\"name\":\"Reda\u00e7\u00e3o\",\"@id\":\"https:\\\/\\\/transamerica93.com.br\\\/home\\\/#\\\/schema\\\/person\\\/7fed7c99c0d4562efa8561bc0f543172\"},\"headline\":\"Abel Ferreira \u00e9 suspenso por dois jogos pelo STJD ap\u00f3s insinuar roubo contra o Palmeiras\",\"datePublished\":\"2023-10-10T21:10:44+00:00\",\"mainEntityOfPage\":{\"@id\":\"https:\\\/\\\/transamerica93.com.br\\\/home\\\/abel-ferreira-e-suspenso-por-dois-jogos-pelo-stjd-apos-insinuar-roubo-contra-o-palmeiras\\\/\"},\"wordCount\":454,\"commentCount\":0,\"publisher\":{\"@id\":\"https:\\\/\\\/transamerica93.com.br\\\/home\\\/#organization\"},\"image\":{\"@id\":\"https:\\\/\\\/transamerica93.com.br\\\/home\\\/abel-ferreira-e-suspenso-por-dois-jogos-pelo-stjd-apos-insinuar-roubo-contra-o-palmeiras\\\/#primaryimage\"},\"thumbnailUrl\":\"https:\\\/\\\/transamerica93.com.br\\\/home\\\/wp-content\\\/uploads\\\/2023\\\/10\\\/abelferreira.jpg\",\"articleSection\":[\"Esportes\"],\"inLanguage\":\"pt-BR\"},{\"@type\":\"WebPage\",\"@id\":\"https:\\\/\\\/transamerica93.com.br\\\/home\\\/abel-ferreira-e-suspenso-por-dois-jogos-pelo-stjd-apos-insinuar-roubo-contra-o-palmeiras\\\/\",\"url\":\"https:\\\/\\\/transamerica93.com.br\\\/home\\\/abel-ferreira-e-suspenso-por-dois-jogos-pelo-stjd-apos-insinuar-roubo-contra-o-palmeiras\\\/\",\"name\":\"Abel Ferreira \u00e9 suspenso por dois jogos pelo STJD ap\u00f3s insinuar roubo contra o Palmeiras - Transam\u00e9rica Mococa 93,3\",\"isPartOf\":{\"@id\":\"https:\\\/\\\/transamerica93.com.br\\\/home\\\/#website\"},\"primaryImageOfPage\":{\"@id\":\"https:\\\/\\\/transamerica93.com.br\\\/home\\\/abel-ferreira-e-suspenso-por-dois-jogos-pelo-stjd-apos-insinuar-roubo-contra-o-palmeiras\\\/#primaryimage\"},\"image\":{\"@id\":\"https:\\\/\\\/transamerica93.com.br\\\/home\\\/abel-ferreira-e-suspenso-por-dois-jogos-pelo-stjd-apos-insinuar-roubo-contra-o-palmeiras\\\/#primaryimage\"},\"thumbnailUrl\":\"https:\\\/\\\/transamerica93.com.br\\\/home\\\/wp-content\\\/uploads\\\/2023\\\/10\\\/abelferreira.jpg\",\"datePublished\":\"2023-10-10T21:10:44+00:00\",\"breadcrumb\":{\"@id\":\"https:\\\/\\\/transamerica93.com.br\\\/home\\\/abel-ferreira-e-suspenso-por-dois-jogos-pelo-stjd-apos-insinuar-roubo-contra-o-palmeiras\\\/#breadcrumb\"},\"inLanguage\":\"pt-BR\",\"potentialAction\":[{\"@type\":\"ReadAction\",\"target\":[\"https:\\\/\\\/transamerica93.com.br\\\/home\\\/abel-ferreira-e-suspenso-por-dois-jogos-pelo-stjd-apos-insinuar-roubo-contra-o-palmeiras\\\/\"]}]},{\"@type\":\"ImageObject\",\"inLanguage\":\"pt-BR\",\"@id\":\"https:\\\/\\\/transamerica93.com.br\\\/home\\\/abel-ferreira-e-suspenso-por-dois-jogos-pelo-stjd-apos-insinuar-roubo-contra-o-palmeiras\\\/#primaryimage\",\"url\":\"https:\\\/\\\/transamerica93.com.br\\\/home\\\/wp-content\\\/uploads\\\/2023\\\/10\\\/abelferreira.jpg\",\"contentUrl\":\"https:\\\/\\\/transamerica93.com.br\\\/home\\\/wp-content\\\/uploads\\\/2023\\\/10\\\/abelferreira.jpg\",\"width\":800,\"height\":500,\"caption\":\"Foto: Cesar Greco\\\/Palmeiras\"},{\"@type\":\"BreadcrumbList\",\"@id\":\"https:\\\/\\\/transamerica93.com.br\\\/home\\\/abel-ferreira-e-suspenso-por-dois-jogos-pelo-stjd-apos-insinuar-roubo-contra-o-palmeiras\\\/#breadcrumb\",\"itemListElement\":[{\"@type\":\"ListItem\",\"position\":1,\"name\":\"In\u00edcio\",\"item\":\"https:\\\/\\\/transamerica93.com.br\\\/home\\\/\"},{\"@type\":\"ListItem\",\"position\":2,\"name\":\"Abel Ferreira \u00e9 suspenso por dois jogos pelo STJD ap\u00f3s insinuar roubo contra o Palmeiras\"}]},{\"@type\":\"WebSite\",\"@id\":\"https:\\\/\\\/transamerica93.com.br\\\/home\\\/#website\",\"url\":\"https:\\\/\\\/transamerica93.com.br\\\/home\\\/\",\"name\":\"Transam\u00e9rica Mococa 93,3\",\"description\":\"\",\"publisher\":{\"@id\":\"https:\\\/\\\/transamerica93.com.br\\\/home\\\/#organization\"},\"potentialAction\":[{\"@type\":\"SearchAction\",\"target\":{\"@type\":\"EntryPoint\",\"urlTemplate\":\"https:\\\/\\\/transamerica93.com.br\\\/home\\\/?s={search_term_string}\"},\"query-input\":{\"@type\":\"PropertyValueSpecification\",\"valueRequired\":true,\"valueName\":\"search_term_string\"}}],\"inLanguage\":\"pt-BR\"},{\"@type\":\"Organization\",\"@id\":\"https:\\\/\\\/transamerica93.com.br\\\/home\\\/#organization\",\"name\":\"Transam\u00e9rica Mococa 93,3\",\"url\":\"https:\\\/\\\/transamerica93.com.br\\\/home\\\/\",\"logo\":{\"@type\":\"ImageObject\",\"inLanguage\":\"pt-BR\",\"@id\":\"https:\\\/\\\/transamerica93.com.br\\\/home\\\/#\\\/schema\\\/logo\\\/image\\\/\",\"url\":\"https:\\\/\\\/transamerica93.com.br\\\/home\\\/wp-content\\\/uploads\\\/2023\\\/10\\\/logo2.png\",\"contentUrl\":\"https:\\\/\\\/transamerica93.com.br\\\/home\\\/wp-content\\\/uploads\\\/2023\\\/10\\\/logo2.png\",\"width\":800,\"height\":500,\"caption\":\"Transam\u00e9rica Mococa 93,3\"},\"image\":{\"@id\":\"https:\\\/\\\/transamerica93.com.br\\\/home\\\/#\\\/schema\\\/logo\\\/image\\\/\"},\"sameAs\":[\"https:\\\/\\\/www.facebook.com\\\/transamericamococa\",\"https:\\\/\\\/x.com\\\/transamerica933\",\"https:\\\/\\\/www.instagram.com\\\/transamericamococa\"]},{\"@type\":\"Person\",\"@id\":\"https:\\\/\\\/transamerica93.com.br\\\/home\\\/#\\\/schema\\\/person\\\/7fed7c99c0d4562efa8561bc0f543172\",\"name\":\"Reda\u00e7\u00e3o\",\"image\":{\"@type\":\"ImageObject\",\"inLanguage\":\"pt-BR\",\"@id\":\"https:\\\/\\\/secure.gravatar.com\\\/avatar\\\/1072c6b775fb02ef8506ce967551d95926669a6b7d2c2147b42eea4d7c68395e?s=96&d=mm&r=g\",\"url\":\"https:\\\/\\\/secure.gravatar.com\\\/avatar\\\/1072c6b775fb02ef8506ce967551d95926669a6b7d2c2147b42eea4d7c68395e?s=96&d=mm&r=g\",\"contentUrl\":\"https:\\\/\\\/secure.gravatar.com\\\/avatar\\\/1072c6b775fb02ef8506ce967551d95926669a6b7d2c2147b42eea4d7c68395e?s=96&d=mm&r=g\",\"caption\":\"Reda\u00e7\u00e3o\"},\"sameAs\":[\"https:\\\/\\\/transamerica93.com.br\\\/home\"],\"url\":\"https:\\\/\\\/transamerica93.com.br\\\/home\\\/author\\\/william\\\/\"}]}<\/script>\n<!-- \/ Yoast SEO plugin. -->","yoast_head_json":{"title":"Abel Ferreira \u00e9 suspenso por dois jogos pelo STJD ap\u00f3s insinuar roubo contra o Palmeiras - Transam\u00e9rica Mococa 93,3","robots":{"index":"index","follow":"follow","max-snippet":"max-snippet:-1","max-image-preview":"max-image-preview:large","max-video-preview":"max-video-preview:-1"},"canonical":"https:\/\/transamerica93.com.br\/home\/abel-ferreira-e-suspenso-por-dois-jogos-pelo-stjd-apos-insinuar-roubo-contra-o-palmeiras\/","og_locale":"pt_BR","og_type":"article","og_title":"Abel Ferreira \u00e9 suspenso por dois jogos pelo STJD ap\u00f3s insinuar roubo contra o Palmeiras - Transam\u00e9rica Mococa 93,3","og_description":"O Superior Tribunal de Justi\u00e7a Desportiva (STJD) puniu Abel Ferreira, nesta ter\u00e7a-feira, com dois jogos de suspens\u00e3o no Campeonato Brasileiro pela insinua\u00e7\u00e3o de que o Palmeiras estava sendo &#8220;roubado&#8221; pela arbitragem no jogo contra o Gr\u00eamio, no dia 21 de setembro, em partida v\u00e1lida pela 24\u00aa rodada. Na ocasi\u00e3o, o time alviverde foi derrotado por &hellip;","og_url":"https:\/\/transamerica93.com.br\/home\/abel-ferreira-e-suspenso-por-dois-jogos-pelo-stjd-apos-insinuar-roubo-contra-o-palmeiras\/","og_site_name":"Transam\u00e9rica Mococa 93,3","article_publisher":"https:\/\/www.facebook.com\/transamericamococa","article_published_time":"2023-10-10T21:10:44+00:00","og_image":[{"width":800,"height":500,"url":"https:\/\/transamerica93.com.br\/home\/wp-content\/uploads\/2023\/10\/abelferreira.jpg","type":"image\/jpeg"}],"author":"Reda\u00e7\u00e3o","twitter_card":"summary_large_image","twitter_creator":"@transamerica933","twitter_site":"@transamerica933","twitter_misc":{"Escrito por":"Reda\u00e7\u00e3o","Est. tempo de leitura":"2 minutos"},"schema":{"@context":"https:\/\/schema.org","@graph":[{"@type":"Article","@id":"https:\/\/transamerica93.com.br\/home\/abel-ferreira-e-suspenso-por-dois-jogos-pelo-stjd-apos-insinuar-roubo-contra-o-palmeiras\/#article","isPartOf":{"@id":"https:\/\/transamerica93.com.br\/home\/abel-ferreira-e-suspenso-por-dois-jogos-pelo-stjd-apos-insinuar-roubo-contra-o-palmeiras\/"},"author":{"name":"Reda\u00e7\u00e3o","@id":"https:\/\/transamerica93.com.br\/home\/#\/schema\/person\/7fed7c99c0d4562efa8561bc0f543172"},"headline":"Abel Ferreira \u00e9 suspenso por dois jogos pelo STJD ap\u00f3s insinuar roubo contra o Palmeiras","datePublished":"2023-10-10T21:10:44+00:00","mainEntityOfPage":{"@id":"https:\/\/transamerica93.com.br\/home\/abel-ferreira-e-suspenso-por-dois-jogos-pelo-stjd-apos-insinuar-roubo-contra-o-palmeiras\/"},"wordCount":454,"commentCount":0,"publisher":{"@id":"https:\/\/transamerica93.com.br\/home\/#organization"},"image":{"@id":"https:\/\/transamerica93.com.br\/home\/abel-ferreira-e-suspenso-por-dois-jogos-pelo-stjd-apos-insinuar-roubo-contra-o-palmeiras\/#primaryimage"},"thumbnailUrl":"https:\/\/transamerica93.com.br\/home\/wp-content\/uploads\/2023\/10\/abelferreira.jpg","articleSection":["Esportes"],"inLanguage":"pt-BR"},{"@type":"WebPage","@id":"https:\/\/transamerica93.com.br\/home\/abel-ferreira-e-suspenso-por-dois-jogos-pelo-stjd-apos-insinuar-roubo-contra-o-palmeiras\/","url":"https:\/\/transamerica93.com.br\/home\/abel-ferreira-e-suspenso-por-dois-jogos-pelo-stjd-apos-insinuar-roubo-contra-o-palmeiras\/","name":"Abel Ferreira \u00e9 suspenso por dois jogos pelo STJD ap\u00f3s insinuar roubo contra o Palmeiras - Transam\u00e9rica Mococa 93,3","isPartOf":{"@id":"https:\/\/transamerica93.com.br\/home\/#website"},"primaryImageOfPage":{"@id":"https:\/\/transamerica93.com.br\/home\/abel-ferreira-e-suspenso-por-dois-jogos-pelo-stjd-apos-insinuar-roubo-contra-o-palmeiras\/#primaryimage"},"image":{"@id":"https:\/\/transamerica93.com.br\/home\/abel-ferreira-e-suspenso-por-dois-jogos-pelo-stjd-apos-insinuar-roubo-contra-o-palmeiras\/#primaryimage"},"thumbnailUrl":"https:\/\/transamerica93.com.br\/home\/wp-content\/uploads\/2023\/10\/abelferreira.jpg","datePublished":"2023-10-10T21:10:44+00:00","breadcrumb":{"@id":"https:\/\/transamerica93.com.br\/home\/abel-ferreira-e-suspenso-por-dois-jogos-pelo-stjd-apos-insinuar-roubo-contra-o-palmeiras\/#breadcrumb"},"inLanguage":"pt-BR","potentialAction":[{"@type":"ReadAction","target":["https:\/\/transamerica93.com.br\/home\/abel-ferreira-e-suspenso-por-dois-jogos-pelo-stjd-apos-insinuar-roubo-contra-o-palmeiras\/"]}]},{"@type":"ImageObject","inLanguage":"pt-BR","@id":"https:\/\/transamerica93.com.br\/home\/abel-ferreira-e-suspenso-por-dois-jogos-pelo-stjd-apos-insinuar-roubo-contra-o-palmeiras\/#primaryimage","url":"https:\/\/transamerica93.com.br\/home\/wp-content\/uploads\/2023\/10\/abelferreira.jpg","contentUrl":"https:\/\/transamerica93.com.br\/home\/wp-content\/uploads\/2023\/10\/abelferreira.jpg","width":800,"height":500,"caption":"Foto: Cesar Greco\/Palmeiras"},{"@type":"BreadcrumbList","@id":"https:\/\/transamerica93.com.br\/home\/abel-ferreira-e-suspenso-por-dois-jogos-pelo-stjd-apos-insinuar-roubo-contra-o-palmeiras\/#breadcrumb","itemListElement":[{"@type":"ListItem","position":1,"name":"In\u00edcio","item":"https:\/\/transamerica93.com.br\/home\/"},{"@type":"ListItem","position":2,"name":"Abel Ferreira \u00e9 suspenso por dois jogos pelo STJD ap\u00f3s insinuar roubo contra o Palmeiras"}]},{"@type":"WebSite","@id":"https:\/\/transamerica93.com.br\/home\/#website","url":"https:\/\/transamerica93.com.br\/home\/","name":"Transam\u00e9rica Mococa 93,3","description":"","publisher":{"@id":"https:\/\/transamerica93.com.br\/home\/#organization"},"potentialAction":[{"@type":"SearchAction","target":{"@type":"EntryPoint","urlTemplate":"https:\/\/transamerica93.com.br\/home\/?s={search_term_string}"},"query-input":{"@type":"PropertyValueSpecification","valueRequired":true,"valueName":"search_term_string"}}],"inLanguage":"pt-BR"},{"@type":"Organization","@id":"https:\/\/transamerica93.com.br\/home\/#organization","name":"Transam\u00e9rica Mococa 93,3","url":"https:\/\/transamerica93.com.br\/home\/","logo":{"@type":"ImageObject","inLanguage":"pt-BR","@id":"https:\/\/transamerica93.com.br\/home\/#\/schema\/logo\/image\/","url":"https:\/\/transamerica93.com.br\/home\/wp-content\/uploads\/2023\/10\/logo2.png","contentUrl":"https:\/\/transamerica93.com.br\/home\/wp-content\/uploads\/2023\/10\/logo2.png","width":800,"height":500,"caption":"Transam\u00e9rica Mococa 93,3"},"image":{"@id":"https:\/\/transamerica93.com.br\/home\/#\/schema\/logo\/image\/"},"sameAs":["https:\/\/www.facebook.com\/transamericamococa","https:\/\/x.com\/transamerica933","https:\/\/www.instagram.com\/transamericamococa"]},{"@type":"Person","@id":"https:\/\/transamerica93.com.br\/home\/#\/schema\/person\/7fed7c99c0d4562efa8561bc0f543172","name":"Reda\u00e7\u00e3o","image":{"@type":"ImageObject","inLanguage":"pt-BR","@id":"https:\/\/secure.gravatar.com\/avatar\/1072c6b775fb02ef8506ce967551d95926669a6b7d2c2147b42eea4d7c68395e?s=96&d=mm&r=g","url":"https:\/\/secure.gravatar.com\/avatar\/1072c6b775fb02ef8506ce967551d95926669a6b7d2c2147b42eea4d7c68395e?s=96&d=mm&r=g","contentUrl":"https:\/\/secure.gravatar.com\/avatar\/1072c6b775fb02ef8506ce967551d95926669a6b7d2c2147b42eea4d7c68395e?s=96&d=mm&r=g","caption":"Reda\u00e7\u00e3o"},"sameAs":["https:\/\/transamerica93.com.br\/home"],"url":"https:\/\/transamerica93.com.br\/home\/author\/william\/"}]}},"_links":{"self":[{"href":"https:\/\/transamerica93.com.br\/home\/wp-json\/wp\/v2\/posts\/1526","targetHints":{"allow":["GET"]}}],"collection":[{"href":"https:\/\/transamerica93.com.br\/home\/wp-json\/wp\/v2\/posts"}],"about":[{"href":"https:\/\/transamerica93.com.br\/home\/wp-json\/wp\/v2\/types\/post"}],"author":[{"embeddable":true,"href":"https:\/\/transamerica93.com.br\/home\/wp-json\/wp\/v2\/users\/1"}],"replies":[{"embeddable":true,"href":"https:\/\/transamerica93.com.br\/home\/wp-json\/wp\/v2\/comments?post=1526"}],"version-history":[{"count":1,"href":"https:\/\/transamerica93.com.br\/home\/wp-json\/wp\/v2\/posts\/1526\/revisions"}],"predecessor-version":[{"id":1528,"href":"https:\/\/transamerica93.com.br\/home\/wp-json\/wp\/v2\/posts\/1526\/revisions\/1528"}],"wp:featuredmedia":[{"embeddable":true,"href":"https:\/\/transamerica93.com.br\/home\/wp-json\/wp\/v2\/media\/1527"}],"wp:attachment":[{"href":"https:\/\/transamerica93.com.br\/home\/wp-json\/wp\/v2\/media?parent=1526"}],"wp:term":[{"taxonomy":"category","embeddable":true,"href":"https:\/\/transamerica93.com.br\/home\/wp-json\/wp\/v2\/categories?post=1526"},{"taxonomy":"post_tag","embeddable":true,"href":"https:\/\/transamerica93.com.br\/home\/wp-json\/wp\/v2\/tags?post=1526"}],"curies":[{"name":"wp","href":"https:\/\/api.w.org\/{rel}","templated":true}]}}