{"id":1532,"date":"2023-10-10T13:00:46","date_gmt":"2023-10-10T16:00:46","guid":{"rendered":"https:\/\/transamerica93.com.br\/home\/?p=1532"},"modified":"2023-10-10T18:19:33","modified_gmt":"2023-10-10T21:19:33","slug":"arana-volta-a-selecao-ansioso-e-confiante-e-como-se-fosse-a-1a-vez-mas-estou-preparado","status":"publish","type":"post","link":"https:\/\/transamerica93.com.br\/home\/arana-volta-a-selecao-ansioso-e-confiante-e-como-se-fosse-a-1a-vez-mas-estou-preparado\/","title":{"rendered":"Arana volta \u00e0 sele\u00e7\u00e3o ansioso e confiante: &#8216;\u00c9 como se fosse a 1\u00aa vez, mas estou preparado&#8217;"},"content":{"rendered":"<p>Guilherme Arana n\u00e3o escondeu sua ansiedade e euforia neste retorno \u00e0 sele\u00e7\u00e3o brasileira ap\u00f3s perder a Copa do Mundo do Catar por causa de les\u00e3o no joelho. Convocado para substituir Caio Henrique, cortado tamb\u00e9m por problemas no joelho, o lateral-esquerdo do Atl\u00e9tico-MG deve ser titular diante da Venezuela, nesta quinta-feira, pela terceira rodada das Eliminat\u00f3rias Sul-Americanas para a Copa do Mundo. Apesar de dizer que o retorno \u00e9 que se fosse sua estreia, garantiu estar pronto para ajudar.<\/p>\n<p>&#8220;Foi um per\u00edodo muito dif\u00edcil, sofri bastante, quem sofreu mais foi minha fam\u00edlia, sem d\u00favida. Mas \u00e9 uma p\u00e1gina virada, um novo ciclo, nova comiss\u00e3o, e estou aqui para ajudar. Tudo que passou uso como aprendizado. Tiro como aprendizado, terei novamente minha oportunidade e darei conta do recado&#8221;, afirmou o lateral, deixando os problemas no passado e focando somente no futuro.<\/p>\n<p>Arana n\u00e3o escondeu, contudo, que est\u00e1 usando este retorno como um recome\u00e7o. &#8220;Como se fosse a primeira vez, uma estreia, uma oportunidade nova, em ciclo novo&#8221;, afirmou. &#8220;Fiquei muito tempo fora, n\u00e3o tem nem tr\u00eas meses que estou atuando ap\u00f3s a les\u00e3o. Infelizmente estou aqui por causa do corte do Caio Henrique, quero desejar melhoras a ele, mas estou pronto. N\u00e3o sei se vou iniciar, por\u00e9m estou preparado mentalmente e fisicamente para dar conta do recado&#8221;, repetiu.<\/p>\n<p>Um dos poucos chamados que atuam no Pa\u00eds, ele garante que isso n\u00e3o \u00e9 problema. Mesmo com uma base repleta de atletas que atuam na Europa, Guilherme Arana garante que a receptividade e o conv\u00edvio nos trabalhos facilita na hora que a bola rola no campo<\/p>\n<p>&#8220;Desde o primeiro momento, da estreia, os jogadores que estavam jogando fora me acolheram superbem, me apoiaram e deram algumas instru\u00e7\u00f5es. (O entrosamento vem) Mais na base da conversa. S\u00e3o grandes pessoas, grandes jogadores, que vivenciaram muitas coisas e nos treinamentos a gente se entende e se entrosa. Isso \u00e9 super tranquilo, pois todos me receberam bem aqui. Isso s\u00f3 agrega, n\u00e3o me atrapalha.&#8221;<\/p>\n<p>A inspira\u00e7\u00e3o de Arana na sele\u00e7\u00e3o \u00e9 o lateral Roberto Carlos. &#8220;Eu, apesar da pouca idade, sempre acompanhei v\u00eddeos, meu pai disse que pare\u00e7o Roberto Carlos. E todas as vezes que chuto uma bola errada, meu pai manda v\u00eddeos dele batendo na bola. \u00c9 importante ver, porque \u00e9 um aprendizado a mais e faz a diferen\u00e7a nos jogos.&#8221;<\/p>\n<p>Agora sob o comando de Fernando Diniz, Arana n\u00e3o deixou de reconhecer o m\u00e9rito de Tite em seu crescimento como profissional Foi o antigo t\u00e9cnico da sele\u00e7\u00e3o brasileira quem o lan\u00e7ou no profissional do Corinthians e o levou pela primeira vez \u00e0 sele\u00e7\u00e3o.<\/p>\n<p>&#8220;S\u00e3o dois grandes treinadores. Tive o prazer de jogar por muito tempo com o Tite, com quem aprendi muito. Ele me colocou no cen\u00e1rio do futebol&#8221;, reconheceu. Sobre o estilo mais ofensivo de Diniz, por\u00e9m, comemorou. &#8220;Eu j\u00e1 tive treinador que me usava com essa mesma fun\u00e7\u00e3o, o (Jorge) Sampaoli, como extrema, e isso favorece meu jogo, pois sou ofensivo. Mas minha fun\u00e7\u00e3o \u00e9 a marca\u00e7\u00e3o tamb\u00e9m e vou procurar ajudar a equipe.&#8221;<\/p>\n","protected":false},"excerpt":{"rendered":"<p>Guilherme Arana n\u00e3o escondeu sua ansiedade e euforia neste retorno \u00e0 sele\u00e7\u00e3o brasileira ap\u00f3s perder a Copa do Mundo do Catar por causa de les\u00e3o no joelho. Convocado para substituir Caio Henrique, cortado tamb\u00e9m por problemas no joelho, o lateral-esquerdo do Atl\u00e9tico-MG deve ser titular diante da Venezuela, nesta quinta-feira, pela terceira rodada das Eliminat\u00f3rias &hellip;<\/p>\n","protected":false},"author":1,"featured_media":1533,"comment_status":"open","ping_status":"open","sticky":false,"template":"","format":"standard","meta":{"footnotes":""},"categories":[31],"tags":[],"class_list":["post-1532","post","type-post","status-publish","format-standard","has-post-thumbnail","hentry","category-esportes"],"yoast_head":"<!-- This site is optimized with the Yoast SEO plugin v27.4 - https:\/\/yoast.com\/product\/yoast-seo-wordpress\/ -->\n<title>Arana volta \u00e0 sele\u00e7\u00e3o ansioso e confiante: &#039;\u00c9 como se fosse a 1\u00aa vez, mas estou preparado&#039; - Transam\u00e9rica Mococa 93,3<\/title>\n<meta name=\"robots\" content=\"index, follow, max-snippet:-1, max-image-preview:large, max-video-preview:-1\" \/>\n<link rel=\"canonical\" href=\"https:\/\/transamerica93.com.br\/home\/arana-volta-a-selecao-ansioso-e-confiante-e-como-se-fosse-a-1a-vez-mas-estou-preparado\/\" \/>\n<meta property=\"og:locale\" content=\"pt_BR\" \/>\n<meta property=\"og:type\" content=\"article\" \/>\n<meta property=\"og:title\" content=\"Arana volta \u00e0 sele\u00e7\u00e3o ansioso e confiante: &#039;\u00c9 como se fosse a 1\u00aa vez, mas estou preparado&#039; - Transam\u00e9rica Mococa 93,3\" \/>\n<meta property=\"og:description\" content=\"Guilherme Arana n\u00e3o escondeu sua ansiedade e euforia neste retorno \u00e0 sele\u00e7\u00e3o brasileira ap\u00f3s perder a Copa do Mundo do Catar por causa de les\u00e3o no joelho. Convocado para substituir Caio Henrique, cortado tamb\u00e9m por problemas no joelho, o lateral-esquerdo do Atl\u00e9tico-MG deve ser titular diante da Venezuela, nesta quinta-feira, pela terceira rodada das Eliminat\u00f3rias &hellip;\" \/>\n<meta property=\"og:url\" content=\"https:\/\/transamerica93.com.br\/home\/arana-volta-a-selecao-ansioso-e-confiante-e-como-se-fosse-a-1a-vez-mas-estou-preparado\/\" \/>\n<meta property=\"og:site_name\" content=\"Transam\u00e9rica Mococa 93,3\" \/>\n<meta property=\"article:publisher\" content=\"https:\/\/www.facebook.com\/transamericamococa\" \/>\n<meta property=\"article:published_time\" content=\"2023-10-10T16:00:46+00:00\" \/>\n<meta property=\"article:modified_time\" content=\"2023-10-10T21:19:33+00:00\" \/>\n<meta property=\"og:image\" content=\"https:\/\/transamerica93.com.br\/home\/wp-content\/uploads\/2023\/10\/arana.jpg\" \/>\n\t<meta property=\"og:image:width\" content=\"800\" \/>\n\t<meta property=\"og:image:height\" content=\"500\" \/>\n\t<meta property=\"og:image:type\" content=\"image\/jpeg\" \/>\n<meta name=\"author\" content=\"Reda\u00e7\u00e3o\" \/>\n<meta name=\"twitter:card\" content=\"summary_large_image\" \/>\n<meta name=\"twitter:creator\" content=\"@transamerica933\" \/>\n<meta name=\"twitter:site\" content=\"@transamerica933\" \/>\n<meta name=\"twitter:label1\" content=\"Escrito por\" \/>\n\t<meta name=\"twitter:data1\" content=\"Reda\u00e7\u00e3o\" \/>\n\t<meta name=\"twitter:label2\" content=\"Est. tempo de leitura\" \/>\n\t<meta name=\"twitter:data2\" content=\"3 minutos\" \/>\n<script type=\"application\/ld+json\" class=\"yoast-schema-graph\">{\"@context\":\"https:\\\/\\\/schema.org\",\"@graph\":[{\"@type\":\"Article\",\"@id\":\"https:\\\/\\\/transamerica93.com.br\\\/home\\\/arana-volta-a-selecao-ansioso-e-confiante-e-como-se-fosse-a-1a-vez-mas-estou-preparado\\\/#article\",\"isPartOf\":{\"@id\":\"https:\\\/\\\/transamerica93.com.br\\\/home\\\/arana-volta-a-selecao-ansioso-e-confiante-e-como-se-fosse-a-1a-vez-mas-estou-preparado\\\/\"},\"author\":{\"name\":\"Reda\u00e7\u00e3o\",\"@id\":\"https:\\\/\\\/transamerica93.com.br\\\/home\\\/#\\\/schema\\\/person\\\/7fed7c99c0d4562efa8561bc0f543172\"},\"headline\":\"Arana volta \u00e0 sele\u00e7\u00e3o ansioso e confiante: &#8216;\u00c9 como se fosse a 1\u00aa vez, mas estou preparado&#8217;\",\"datePublished\":\"2023-10-10T16:00:46+00:00\",\"dateModified\":\"2023-10-10T21:19:33+00:00\",\"mainEntityOfPage\":{\"@id\":\"https:\\\/\\\/transamerica93.com.br\\\/home\\\/arana-volta-a-selecao-ansioso-e-confiante-e-como-se-fosse-a-1a-vez-mas-estou-preparado\\\/\"},\"wordCount\":551,\"commentCount\":0,\"publisher\":{\"@id\":\"https:\\\/\\\/transamerica93.com.br\\\/home\\\/#organization\"},\"image\":{\"@id\":\"https:\\\/\\\/transamerica93.com.br\\\/home\\\/arana-volta-a-selecao-ansioso-e-confiante-e-como-se-fosse-a-1a-vez-mas-estou-preparado\\\/#primaryimage\"},\"thumbnailUrl\":\"https:\\\/\\\/transamerica93.com.br\\\/home\\\/wp-content\\\/uploads\\\/2023\\\/10\\\/arana.jpg\",\"articleSection\":[\"Esportes\"],\"inLanguage\":\"pt-BR\"},{\"@type\":\"WebPage\",\"@id\":\"https:\\\/\\\/transamerica93.com.br\\\/home\\\/arana-volta-a-selecao-ansioso-e-confiante-e-como-se-fosse-a-1a-vez-mas-estou-preparado\\\/\",\"url\":\"https:\\\/\\\/transamerica93.com.br\\\/home\\\/arana-volta-a-selecao-ansioso-e-confiante-e-como-se-fosse-a-1a-vez-mas-estou-preparado\\\/\",\"name\":\"Arana volta \u00e0 sele\u00e7\u00e3o ansioso e confiante: '\u00c9 como se fosse a 1\u00aa vez, mas estou preparado' - Transam\u00e9rica Mococa 93,3\",\"isPartOf\":{\"@id\":\"https:\\\/\\\/transamerica93.com.br\\\/home\\\/#website\"},\"primaryImageOfPage\":{\"@id\":\"https:\\\/\\\/transamerica93.com.br\\\/home\\\/arana-volta-a-selecao-ansioso-e-confiante-e-como-se-fosse-a-1a-vez-mas-estou-preparado\\\/#primaryimage\"},\"image\":{\"@id\":\"https:\\\/\\\/transamerica93.com.br\\\/home\\\/arana-volta-a-selecao-ansioso-e-confiante-e-como-se-fosse-a-1a-vez-mas-estou-preparado\\\/#primaryimage\"},\"thumbnailUrl\":\"https:\\\/\\\/transamerica93.com.br\\\/home\\\/wp-content\\\/uploads\\\/2023\\\/10\\\/arana.jpg\",\"datePublished\":\"2023-10-10T16:00:46+00:00\",\"dateModified\":\"2023-10-10T21:19:33+00:00\",\"breadcrumb\":{\"@id\":\"https:\\\/\\\/transamerica93.com.br\\\/home\\\/arana-volta-a-selecao-ansioso-e-confiante-e-como-se-fosse-a-1a-vez-mas-estou-preparado\\\/#breadcrumb\"},\"inLanguage\":\"pt-BR\",\"potentialAction\":[{\"@type\":\"ReadAction\",\"target\":[\"https:\\\/\\\/transamerica93.com.br\\\/home\\\/arana-volta-a-selecao-ansioso-e-confiante-e-como-se-fosse-a-1a-vez-mas-estou-preparado\\\/\"]}]},{\"@type\":\"ImageObject\",\"inLanguage\":\"pt-BR\",\"@id\":\"https:\\\/\\\/transamerica93.com.br\\\/home\\\/arana-volta-a-selecao-ansioso-e-confiante-e-como-se-fosse-a-1a-vez-mas-estou-preparado\\\/#primaryimage\",\"url\":\"https:\\\/\\\/transamerica93.com.br\\\/home\\\/wp-content\\\/uploads\\\/2023\\\/10\\\/arana.jpg\",\"contentUrl\":\"https:\\\/\\\/transamerica93.com.br\\\/home\\\/wp-content\\\/uploads\\\/2023\\\/10\\\/arana.jpg\",\"width\":800,\"height\":500,\"caption\":\"Foto: Instagram @guiarana\"},{\"@type\":\"BreadcrumbList\",\"@id\":\"https:\\\/\\\/transamerica93.com.br\\\/home\\\/arana-volta-a-selecao-ansioso-e-confiante-e-como-se-fosse-a-1a-vez-mas-estou-preparado\\\/#breadcrumb\",\"itemListElement\":[{\"@type\":\"ListItem\",\"position\":1,\"name\":\"In\u00edcio\",\"item\":\"https:\\\/\\\/transamerica93.com.br\\\/home\\\/\"},{\"@type\":\"ListItem\",\"position\":2,\"name\":\"Arana volta \u00e0 sele\u00e7\u00e3o ansioso e confiante: &#8216;\u00c9 como se fosse a 1\u00aa vez, mas estou preparado&#8217;\"}]},{\"@type\":\"WebSite\",\"@id\":\"https:\\\/\\\/transamerica93.com.br\\\/home\\\/#website\",\"url\":\"https:\\\/\\\/transamerica93.com.br\\\/home\\\/\",\"name\":\"Transam\u00e9rica Mococa 93,3\",\"description\":\"\",\"publisher\":{\"@id\":\"https:\\\/\\\/transamerica93.com.br\\\/home\\\/#organization\"},\"potentialAction\":[{\"@type\":\"SearchAction\",\"target\":{\"@type\":\"EntryPoint\",\"urlTemplate\":\"https:\\\/\\\/transamerica93.com.br\\\/home\\\/?s={search_term_string}\"},\"query-input\":{\"@type\":\"PropertyValueSpecification\",\"valueRequired\":true,\"valueName\":\"search_term_string\"}}],\"inLanguage\":\"pt-BR\"},{\"@type\":\"Organization\",\"@id\":\"https:\\\/\\\/transamerica93.com.br\\\/home\\\/#organization\",\"name\":\"Transam\u00e9rica Mococa 93,3\",\"url\":\"https:\\\/\\\/transamerica93.com.br\\\/home\\\/\",\"logo\":{\"@type\":\"ImageObject\",\"inLanguage\":\"pt-BR\",\"@id\":\"https:\\\/\\\/transamerica93.com.br\\\/home\\\/#\\\/schema\\\/logo\\\/image\\\/\",\"url\":\"https:\\\/\\\/transamerica93.com.br\\\/home\\\/wp-content\\\/uploads\\\/2023\\\/10\\\/logo2.png\",\"contentUrl\":\"https:\\\/\\\/transamerica93.com.br\\\/home\\\/wp-content\\\/uploads\\\/2023\\\/10\\\/logo2.png\",\"width\":800,\"height\":500,\"caption\":\"Transam\u00e9rica Mococa 93,3\"},\"image\":{\"@id\":\"https:\\\/\\\/transamerica93.com.br\\\/home\\\/#\\\/schema\\\/logo\\\/image\\\/\"},\"sameAs\":[\"https:\\\/\\\/www.facebook.com\\\/transamericamococa\",\"https:\\\/\\\/x.com\\\/transamerica933\",\"https:\\\/\\\/www.instagram.com\\\/transamericamococa\"]},{\"@type\":\"Person\",\"@id\":\"https:\\\/\\\/transamerica93.com.br\\\/home\\\/#\\\/schema\\\/person\\\/7fed7c99c0d4562efa8561bc0f543172\",\"name\":\"Reda\u00e7\u00e3o\",\"image\":{\"@type\":\"ImageObject\",\"inLanguage\":\"pt-BR\",\"@id\":\"https:\\\/\\\/secure.gravatar.com\\\/avatar\\\/1072c6b775fb02ef8506ce967551d95926669a6b7d2c2147b42eea4d7c68395e?s=96&d=mm&r=g\",\"url\":\"https:\\\/\\\/secure.gravatar.com\\\/avatar\\\/1072c6b775fb02ef8506ce967551d95926669a6b7d2c2147b42eea4d7c68395e?s=96&d=mm&r=g\",\"contentUrl\":\"https:\\\/\\\/secure.gravatar.com\\\/avatar\\\/1072c6b775fb02ef8506ce967551d95926669a6b7d2c2147b42eea4d7c68395e?s=96&d=mm&r=g\",\"caption\":\"Reda\u00e7\u00e3o\"},\"sameAs\":[\"https:\\\/\\\/transamerica93.com.br\\\/home\"],\"url\":\"https:\\\/\\\/transamerica93.com.br\\\/home\\\/author\\\/william\\\/\"}]}<\/script>\n<!-- \/ Yoast SEO plugin. -->","yoast_head_json":{"title":"Arana volta \u00e0 sele\u00e7\u00e3o ansioso e confiante: '\u00c9 como se fosse a 1\u00aa vez, mas estou preparado' - Transam\u00e9rica Mococa 93,3","robots":{"index":"index","follow":"follow","max-snippet":"max-snippet:-1","max-image-preview":"max-image-preview:large","max-video-preview":"max-video-preview:-1"},"canonical":"https:\/\/transamerica93.com.br\/home\/arana-volta-a-selecao-ansioso-e-confiante-e-como-se-fosse-a-1a-vez-mas-estou-preparado\/","og_locale":"pt_BR","og_type":"article","og_title":"Arana volta \u00e0 sele\u00e7\u00e3o ansioso e confiante: '\u00c9 como se fosse a 1\u00aa vez, mas estou preparado' - Transam\u00e9rica Mococa 93,3","og_description":"Guilherme Arana n\u00e3o escondeu sua ansiedade e euforia neste retorno \u00e0 sele\u00e7\u00e3o brasileira ap\u00f3s perder a Copa do Mundo do Catar por causa de les\u00e3o no joelho. Convocado para substituir Caio Henrique, cortado tamb\u00e9m por problemas no joelho, o lateral-esquerdo do Atl\u00e9tico-MG deve ser titular diante da Venezuela, nesta quinta-feira, pela terceira rodada das Eliminat\u00f3rias &hellip;","og_url":"https:\/\/transamerica93.com.br\/home\/arana-volta-a-selecao-ansioso-e-confiante-e-como-se-fosse-a-1a-vez-mas-estou-preparado\/","og_site_name":"Transam\u00e9rica Mococa 93,3","article_publisher":"https:\/\/www.facebook.com\/transamericamococa","article_published_time":"2023-10-10T16:00:46+00:00","article_modified_time":"2023-10-10T21:19:33+00:00","og_image":[{"width":800,"height":500,"url":"https:\/\/transamerica93.com.br\/home\/wp-content\/uploads\/2023\/10\/arana.jpg","type":"image\/jpeg"}],"author":"Reda\u00e7\u00e3o","twitter_card":"summary_large_image","twitter_creator":"@transamerica933","twitter_site":"@transamerica933","twitter_misc":{"Escrito por":"Reda\u00e7\u00e3o","Est. tempo de leitura":"3 minutos"},"schema":{"@context":"https:\/\/schema.org","@graph":[{"@type":"Article","@id":"https:\/\/transamerica93.com.br\/home\/arana-volta-a-selecao-ansioso-e-confiante-e-como-se-fosse-a-1a-vez-mas-estou-preparado\/#article","isPartOf":{"@id":"https:\/\/transamerica93.com.br\/home\/arana-volta-a-selecao-ansioso-e-confiante-e-como-se-fosse-a-1a-vez-mas-estou-preparado\/"},"author":{"name":"Reda\u00e7\u00e3o","@id":"https:\/\/transamerica93.com.br\/home\/#\/schema\/person\/7fed7c99c0d4562efa8561bc0f543172"},"headline":"Arana volta \u00e0 sele\u00e7\u00e3o ansioso e confiante: &#8216;\u00c9 como se fosse a 1\u00aa vez, mas estou preparado&#8217;","datePublished":"2023-10-10T16:00:46+00:00","dateModified":"2023-10-10T21:19:33+00:00","mainEntityOfPage":{"@id":"https:\/\/transamerica93.com.br\/home\/arana-volta-a-selecao-ansioso-e-confiante-e-como-se-fosse-a-1a-vez-mas-estou-preparado\/"},"wordCount":551,"commentCount":0,"publisher":{"@id":"https:\/\/transamerica93.com.br\/home\/#organization"},"image":{"@id":"https:\/\/transamerica93.com.br\/home\/arana-volta-a-selecao-ansioso-e-confiante-e-como-se-fosse-a-1a-vez-mas-estou-preparado\/#primaryimage"},"thumbnailUrl":"https:\/\/transamerica93.com.br\/home\/wp-content\/uploads\/2023\/10\/arana.jpg","articleSection":["Esportes"],"inLanguage":"pt-BR"},{"@type":"WebPage","@id":"https:\/\/transamerica93.com.br\/home\/arana-volta-a-selecao-ansioso-e-confiante-e-como-se-fosse-a-1a-vez-mas-estou-preparado\/","url":"https:\/\/transamerica93.com.br\/home\/arana-volta-a-selecao-ansioso-e-confiante-e-como-se-fosse-a-1a-vez-mas-estou-preparado\/","name":"Arana volta \u00e0 sele\u00e7\u00e3o ansioso e confiante: '\u00c9 como se fosse a 1\u00aa vez, mas estou preparado' - Transam\u00e9rica Mococa 93,3","isPartOf":{"@id":"https:\/\/transamerica93.com.br\/home\/#website"},"primaryImageOfPage":{"@id":"https:\/\/transamerica93.com.br\/home\/arana-volta-a-selecao-ansioso-e-confiante-e-como-se-fosse-a-1a-vez-mas-estou-preparado\/#primaryimage"},"image":{"@id":"https:\/\/transamerica93.com.br\/home\/arana-volta-a-selecao-ansioso-e-confiante-e-como-se-fosse-a-1a-vez-mas-estou-preparado\/#primaryimage"},"thumbnailUrl":"https:\/\/transamerica93.com.br\/home\/wp-content\/uploads\/2023\/10\/arana.jpg","datePublished":"2023-10-10T16:00:46+00:00","dateModified":"2023-10-10T21:19:33+00:00","breadcrumb":{"@id":"https:\/\/transamerica93.com.br\/home\/arana-volta-a-selecao-ansioso-e-confiante-e-como-se-fosse-a-1a-vez-mas-estou-preparado\/#breadcrumb"},"inLanguage":"pt-BR","potentialAction":[{"@type":"ReadAction","target":["https:\/\/transamerica93.com.br\/home\/arana-volta-a-selecao-ansioso-e-confiante-e-como-se-fosse-a-1a-vez-mas-estou-preparado\/"]}]},{"@type":"ImageObject","inLanguage":"pt-BR","@id":"https:\/\/transamerica93.com.br\/home\/arana-volta-a-selecao-ansioso-e-confiante-e-como-se-fosse-a-1a-vez-mas-estou-preparado\/#primaryimage","url":"https:\/\/transamerica93.com.br\/home\/wp-content\/uploads\/2023\/10\/arana.jpg","contentUrl":"https:\/\/transamerica93.com.br\/home\/wp-content\/uploads\/2023\/10\/arana.jpg","width":800,"height":500,"caption":"Foto: Instagram @guiarana"},{"@type":"BreadcrumbList","@id":"https:\/\/transamerica93.com.br\/home\/arana-volta-a-selecao-ansioso-e-confiante-e-como-se-fosse-a-1a-vez-mas-estou-preparado\/#breadcrumb","itemListElement":[{"@type":"ListItem","position":1,"name":"In\u00edcio","item":"https:\/\/transamerica93.com.br\/home\/"},{"@type":"ListItem","position":2,"name":"Arana volta \u00e0 sele\u00e7\u00e3o ansioso e confiante: &#8216;\u00c9 como se fosse a 1\u00aa vez, mas estou preparado&#8217;"}]},{"@type":"WebSite","@id":"https:\/\/transamerica93.com.br\/home\/#website","url":"https:\/\/transamerica93.com.br\/home\/","name":"Transam\u00e9rica Mococa 93,3","description":"","publisher":{"@id":"https:\/\/transamerica93.com.br\/home\/#organization"},"potentialAction":[{"@type":"SearchAction","target":{"@type":"EntryPoint","urlTemplate":"https:\/\/transamerica93.com.br\/home\/?s={search_term_string}"},"query-input":{"@type":"PropertyValueSpecification","valueRequired":true,"valueName":"search_term_string"}}],"inLanguage":"pt-BR"},{"@type":"Organization","@id":"https:\/\/transamerica93.com.br\/home\/#organization","name":"Transam\u00e9rica Mococa 93,3","url":"https:\/\/transamerica93.com.br\/home\/","logo":{"@type":"ImageObject","inLanguage":"pt-BR","@id":"https:\/\/transamerica93.com.br\/home\/#\/schema\/logo\/image\/","url":"https:\/\/transamerica93.com.br\/home\/wp-content\/uploads\/2023\/10\/logo2.png","contentUrl":"https:\/\/transamerica93.com.br\/home\/wp-content\/uploads\/2023\/10\/logo2.png","width":800,"height":500,"caption":"Transam\u00e9rica Mococa 93,3"},"image":{"@id":"https:\/\/transamerica93.com.br\/home\/#\/schema\/logo\/image\/"},"sameAs":["https:\/\/www.facebook.com\/transamericamococa","https:\/\/x.com\/transamerica933","https:\/\/www.instagram.com\/transamericamococa"]},{"@type":"Person","@id":"https:\/\/transamerica93.com.br\/home\/#\/schema\/person\/7fed7c99c0d4562efa8561bc0f543172","name":"Reda\u00e7\u00e3o","image":{"@type":"ImageObject","inLanguage":"pt-BR","@id":"https:\/\/secure.gravatar.com\/avatar\/1072c6b775fb02ef8506ce967551d95926669a6b7d2c2147b42eea4d7c68395e?s=96&d=mm&r=g","url":"https:\/\/secure.gravatar.com\/avatar\/1072c6b775fb02ef8506ce967551d95926669a6b7d2c2147b42eea4d7c68395e?s=96&d=mm&r=g","contentUrl":"https:\/\/secure.gravatar.com\/avatar\/1072c6b775fb02ef8506ce967551d95926669a6b7d2c2147b42eea4d7c68395e?s=96&d=mm&r=g","caption":"Reda\u00e7\u00e3o"},"sameAs":["https:\/\/transamerica93.com.br\/home"],"url":"https:\/\/transamerica93.com.br\/home\/author\/william\/"}]}},"_links":{"self":[{"href":"https:\/\/transamerica93.com.br\/home\/wp-json\/wp\/v2\/posts\/1532","targetHints":{"allow":["GET"]}}],"collection":[{"href":"https:\/\/transamerica93.com.br\/home\/wp-json\/wp\/v2\/posts"}],"about":[{"href":"https:\/\/transamerica93.com.br\/home\/wp-json\/wp\/v2\/types\/post"}],"author":[{"embeddable":true,"href":"https:\/\/transamerica93.com.br\/home\/wp-json\/wp\/v2\/users\/1"}],"replies":[{"embeddable":true,"href":"https:\/\/transamerica93.com.br\/home\/wp-json\/wp\/v2\/comments?post=1532"}],"version-history":[{"count":1,"href":"https:\/\/transamerica93.com.br\/home\/wp-json\/wp\/v2\/posts\/1532\/revisions"}],"predecessor-version":[{"id":1534,"href":"https:\/\/transamerica93.com.br\/home\/wp-json\/wp\/v2\/posts\/1532\/revisions\/1534"}],"wp:featuredmedia":[{"embeddable":true,"href":"https:\/\/transamerica93.com.br\/home\/wp-json\/wp\/v2\/media\/1533"}],"wp:attachment":[{"href":"https:\/\/transamerica93.com.br\/home\/wp-json\/wp\/v2\/media?parent=1532"}],"wp:term":[{"taxonomy":"category","embeddable":true,"href":"https:\/\/transamerica93.com.br\/home\/wp-json\/wp\/v2\/categories?post=1532"},{"taxonomy":"post_tag","embeddable":true,"href":"https:\/\/transamerica93.com.br\/home\/wp-json\/wp\/v2\/tags?post=1532"}],"curies":[{"name":"wp","href":"https:\/\/api.w.org\/{rel}","templated":true}]}}