{"id":1571,"date":"2023-10-11T09:00:37","date_gmt":"2023-10-11T12:00:37","guid":{"rendered":"https:\/\/transamerica93.com.br\/home\/?p=1571"},"modified":"2023-10-11T06:48:20","modified_gmt":"2023-10-11T09:48:20","slug":"michelle-loreto-da-a-luz-1a-filha-e-faz-relato-achei-que-nao-iria-aguentar","status":"publish","type":"post","link":"https:\/\/transamerica93.com.br\/home\/michelle-loreto-da-a-luz-1a-filha-e-faz-relato-achei-que-nao-iria-aguentar\/","title":{"rendered":"Michelle Loreto d\u00e1 \u00e0 luz 1\u00aa filha e faz relato: &#8216;Achei que n\u00e3o iria aguentar&#8217;"},"content":{"rendered":"<h6 class=\"Assina\">Por Reda\u00e7\u00e3o, O Estado de S. Paulo<\/h6>\n<p>Michelle Loreto deu \u00e0 luz na madrugada no \u00faltimo s\u00e1bado, 7, Aurora, sua primeira filha, fruto do seu relacionamento com o diretor da Globo Alexandre Mattoso.<\/p>\n<p>Mam\u00e3e de primeira viagem, a jornalista relatou em suas\u00a0<a href=\"https:\/\/www.instagram.com\/p\/CyHo9tYsf_K\/\" target=\"_blank\" rel=\"noopener\"><u>redes sociais<\/u><\/a>\u00a0como foi a experi\u00eancia do parto que, ela descreveu como &#8220;o &#8216;rol\u00ea&#8217; mais louco&#8221; de sua vida<\/p>\n<p>&#8220;Eu me preparei muito para ter um parto normal. Mas uma surpresa no final da gesta\u00e7\u00e3o poderia atrapalhar tudo: minha press\u00e3o subia e n\u00e3o conseguimos controlar&#8221;, conta.<\/p>\n<p>Michelle relata que a solu\u00e7\u00e3o, ap\u00f3s monitorar e se certificar de que o beb\u00ea e ela estavam em seguran\u00e7a, foi ent\u00e3o fazer um parto por indu\u00e7\u00e3o. E na metade do tempo previsto, Aurora chegou ao mundo. &#8220;Foi tudo muito r\u00e1pido. Aurora veio ao mundo com 37 semanas e 6 dias, super saud\u00e1vel&#8221;, diz.<\/p>\n<p>Apesar da rapidez, a apresentadora dividiu que a experi\u00eancia foi muito dolorosa para ela. &#8220;Nunca senti tanta dor. Achei que n\u00e3o iria aguentar. Chorei. De medo, emo\u00e7\u00e3o e frustra\u00e7\u00e3o porque j\u00e1 estava quase desistindo. Sim, eu enlouqueci durante o trabalho de parto&#8221;, conta.<\/p>\n<p>Por fim, a jornalista aproveitou a oportunidade para ressaltar como foi importante receber apoio durante esse momento.<\/p>\n<p>&#8220;N\u00e3o conseguiria ter feito tudo sozinha, obviamente. O apoio, principalmente emocional, que recebi ali na hora, foi decisivo para o resultado final. Ainda n\u00e3o sei dizer o que essa experi\u00eancia mudou dentro de mim. Mas, com certeza, alguma coisa mudou&#8221;, finaliza.<\/p>\n","protected":false},"excerpt":{"rendered":"<p>Por Reda\u00e7\u00e3o, O Estado de S. Paulo Michelle Loreto deu \u00e0 luz na madrugada no \u00faltimo s\u00e1bado, 7, Aurora, sua primeira filha, fruto do seu relacionamento com o diretor da Globo Alexandre Mattoso. Mam\u00e3e de primeira viagem, a jornalista relatou em suas\u00a0redes sociais\u00a0como foi a experi\u00eancia do parto que, ela descreveu como &#8220;o &#8216;rol\u00ea&#8217; mais &hellip;<\/p>\n","protected":false},"author":1,"featured_media":1572,"comment_status":"open","ping_status":"open","sticky":false,"template":"","format":"standard","meta":{"footnotes":""},"categories":[24],"tags":[],"class_list":["post-1571","post","type-post","status-publish","format-standard","has-post-thumbnail","hentry","category-entretenimento"],"yoast_head":"<!-- This site is optimized with the Yoast SEO plugin v27.4 - https:\/\/yoast.com\/product\/yoast-seo-wordpress\/ -->\n<title>Michelle Loreto d\u00e1 \u00e0 luz 1\u00aa filha e faz relato: &#039;Achei que n\u00e3o iria aguentar&#039; - Transam\u00e9rica Mococa 93,3<\/title>\n<meta name=\"robots\" content=\"index, follow, max-snippet:-1, max-image-preview:large, max-video-preview:-1\" \/>\n<link rel=\"canonical\" href=\"https:\/\/transamerica93.com.br\/home\/michelle-loreto-da-a-luz-1a-filha-e-faz-relato-achei-que-nao-iria-aguentar\/\" \/>\n<meta property=\"og:locale\" content=\"pt_BR\" \/>\n<meta property=\"og:type\" content=\"article\" \/>\n<meta property=\"og:title\" content=\"Michelle Loreto d\u00e1 \u00e0 luz 1\u00aa filha e faz relato: &#039;Achei que n\u00e3o iria aguentar&#039; - Transam\u00e9rica Mococa 93,3\" \/>\n<meta property=\"og:description\" content=\"Por Reda\u00e7\u00e3o, O Estado de S. Paulo Michelle Loreto deu \u00e0 luz na madrugada no \u00faltimo s\u00e1bado, 7, Aurora, sua primeira filha, fruto do seu relacionamento com o diretor da Globo Alexandre Mattoso. Mam\u00e3e de primeira viagem, a jornalista relatou em suas\u00a0redes sociais\u00a0como foi a experi\u00eancia do parto que, ela descreveu como &#8220;o &#8216;rol\u00ea&#8217; mais &hellip;\" \/>\n<meta property=\"og:url\" content=\"https:\/\/transamerica93.com.br\/home\/michelle-loreto-da-a-luz-1a-filha-e-faz-relato-achei-que-nao-iria-aguentar\/\" \/>\n<meta property=\"og:site_name\" content=\"Transam\u00e9rica Mococa 93,3\" \/>\n<meta property=\"article:publisher\" content=\"https:\/\/www.facebook.com\/transamericamococa\" \/>\n<meta property=\"article:published_time\" content=\"2023-10-11T12:00:37+00:00\" \/>\n<meta property=\"og:image\" content=\"https:\/\/transamerica93.com.br\/home\/wp-content\/uploads\/2023\/10\/micheleloreto.jpg\" \/>\n\t<meta property=\"og:image:width\" content=\"800\" \/>\n\t<meta property=\"og:image:height\" content=\"500\" \/>\n\t<meta property=\"og:image:type\" content=\"image\/jpeg\" \/>\n<meta name=\"author\" content=\"Reda\u00e7\u00e3o\" \/>\n<meta name=\"twitter:card\" content=\"summary_large_image\" \/>\n<meta name=\"twitter:creator\" content=\"@transamerica933\" \/>\n<meta name=\"twitter:site\" content=\"@transamerica933\" \/>\n<meta name=\"twitter:label1\" content=\"Escrito por\" \/>\n\t<meta name=\"twitter:data1\" content=\"Reda\u00e7\u00e3o\" \/>\n\t<meta name=\"twitter:label2\" content=\"Est. tempo de leitura\" \/>\n\t<meta name=\"twitter:data2\" content=\"2 minutos\" \/>\n<script type=\"application\/ld+json\" class=\"yoast-schema-graph\">{\"@context\":\"https:\\\/\\\/schema.org\",\"@graph\":[{\"@type\":\"Article\",\"@id\":\"https:\\\/\\\/transamerica93.com.br\\\/home\\\/michelle-loreto-da-a-luz-1a-filha-e-faz-relato-achei-que-nao-iria-aguentar\\\/#article\",\"isPartOf\":{\"@id\":\"https:\\\/\\\/transamerica93.com.br\\\/home\\\/michelle-loreto-da-a-luz-1a-filha-e-faz-relato-achei-que-nao-iria-aguentar\\\/\"},\"author\":{\"name\":\"Reda\u00e7\u00e3o\",\"@id\":\"https:\\\/\\\/transamerica93.com.br\\\/home\\\/#\\\/schema\\\/person\\\/7fed7c99c0d4562efa8561bc0f543172\"},\"headline\":\"Michelle Loreto d\u00e1 \u00e0 luz 1\u00aa filha e faz relato: &#8216;Achei que n\u00e3o iria aguentar&#8217;\",\"datePublished\":\"2023-10-11T12:00:37+00:00\",\"mainEntityOfPage\":{\"@id\":\"https:\\\/\\\/transamerica93.com.br\\\/home\\\/michelle-loreto-da-a-luz-1a-filha-e-faz-relato-achei-que-nao-iria-aguentar\\\/\"},\"wordCount\":273,\"commentCount\":0,\"publisher\":{\"@id\":\"https:\\\/\\\/transamerica93.com.br\\\/home\\\/#organization\"},\"image\":{\"@id\":\"https:\\\/\\\/transamerica93.com.br\\\/home\\\/michelle-loreto-da-a-luz-1a-filha-e-faz-relato-achei-que-nao-iria-aguentar\\\/#primaryimage\"},\"thumbnailUrl\":\"https:\\\/\\\/transamerica93.com.br\\\/home\\\/wp-content\\\/uploads\\\/2023\\\/10\\\/micheleloreto.jpg\",\"articleSection\":[\"Entretenimento\"],\"inLanguage\":\"pt-BR\"},{\"@type\":\"WebPage\",\"@id\":\"https:\\\/\\\/transamerica93.com.br\\\/home\\\/michelle-loreto-da-a-luz-1a-filha-e-faz-relato-achei-que-nao-iria-aguentar\\\/\",\"url\":\"https:\\\/\\\/transamerica93.com.br\\\/home\\\/michelle-loreto-da-a-luz-1a-filha-e-faz-relato-achei-que-nao-iria-aguentar\\\/\",\"name\":\"Michelle Loreto d\u00e1 \u00e0 luz 1\u00aa filha e faz relato: 'Achei que n\u00e3o iria aguentar' - Transam\u00e9rica Mococa 93,3\",\"isPartOf\":{\"@id\":\"https:\\\/\\\/transamerica93.com.br\\\/home\\\/#website\"},\"primaryImageOfPage\":{\"@id\":\"https:\\\/\\\/transamerica93.com.br\\\/home\\\/michelle-loreto-da-a-luz-1a-filha-e-faz-relato-achei-que-nao-iria-aguentar\\\/#primaryimage\"},\"image\":{\"@id\":\"https:\\\/\\\/transamerica93.com.br\\\/home\\\/michelle-loreto-da-a-luz-1a-filha-e-faz-relato-achei-que-nao-iria-aguentar\\\/#primaryimage\"},\"thumbnailUrl\":\"https:\\\/\\\/transamerica93.com.br\\\/home\\\/wp-content\\\/uploads\\\/2023\\\/10\\\/micheleloreto.jpg\",\"datePublished\":\"2023-10-11T12:00:37+00:00\",\"breadcrumb\":{\"@id\":\"https:\\\/\\\/transamerica93.com.br\\\/home\\\/michelle-loreto-da-a-luz-1a-filha-e-faz-relato-achei-que-nao-iria-aguentar\\\/#breadcrumb\"},\"inLanguage\":\"pt-BR\",\"potentialAction\":[{\"@type\":\"ReadAction\",\"target\":[\"https:\\\/\\\/transamerica93.com.br\\\/home\\\/michelle-loreto-da-a-luz-1a-filha-e-faz-relato-achei-que-nao-iria-aguentar\\\/\"]}]},{\"@type\":\"ImageObject\",\"inLanguage\":\"pt-BR\",\"@id\":\"https:\\\/\\\/transamerica93.com.br\\\/home\\\/michelle-loreto-da-a-luz-1a-filha-e-faz-relato-achei-que-nao-iria-aguentar\\\/#primaryimage\",\"url\":\"https:\\\/\\\/transamerica93.com.br\\\/home\\\/wp-content\\\/uploads\\\/2023\\\/10\\\/micheleloreto.jpg\",\"contentUrl\":\"https:\\\/\\\/transamerica93.com.br\\\/home\\\/wp-content\\\/uploads\\\/2023\\\/10\\\/micheleloreto.jpg\",\"width\":800,\"height\":500,\"caption\":\"Reprodu\u00e7\u00e3o\\\/Instagram\"},{\"@type\":\"BreadcrumbList\",\"@id\":\"https:\\\/\\\/transamerica93.com.br\\\/home\\\/michelle-loreto-da-a-luz-1a-filha-e-faz-relato-achei-que-nao-iria-aguentar\\\/#breadcrumb\",\"itemListElement\":[{\"@type\":\"ListItem\",\"position\":1,\"name\":\"In\u00edcio\",\"item\":\"https:\\\/\\\/transamerica93.com.br\\\/home\\\/\"},{\"@type\":\"ListItem\",\"position\":2,\"name\":\"Michelle Loreto d\u00e1 \u00e0 luz 1\u00aa filha e faz relato: &#8216;Achei que n\u00e3o iria aguentar&#8217;\"}]},{\"@type\":\"WebSite\",\"@id\":\"https:\\\/\\\/transamerica93.com.br\\\/home\\\/#website\",\"url\":\"https:\\\/\\\/transamerica93.com.br\\\/home\\\/\",\"name\":\"Transam\u00e9rica Mococa 93,3\",\"description\":\"\",\"publisher\":{\"@id\":\"https:\\\/\\\/transamerica93.com.br\\\/home\\\/#organization\"},\"potentialAction\":[{\"@type\":\"SearchAction\",\"target\":{\"@type\":\"EntryPoint\",\"urlTemplate\":\"https:\\\/\\\/transamerica93.com.br\\\/home\\\/?s={search_term_string}\"},\"query-input\":{\"@type\":\"PropertyValueSpecification\",\"valueRequired\":true,\"valueName\":\"search_term_string\"}}],\"inLanguage\":\"pt-BR\"},{\"@type\":\"Organization\",\"@id\":\"https:\\\/\\\/transamerica93.com.br\\\/home\\\/#organization\",\"name\":\"Transam\u00e9rica Mococa 93,3\",\"url\":\"https:\\\/\\\/transamerica93.com.br\\\/home\\\/\",\"logo\":{\"@type\":\"ImageObject\",\"inLanguage\":\"pt-BR\",\"@id\":\"https:\\\/\\\/transamerica93.com.br\\\/home\\\/#\\\/schema\\\/logo\\\/image\\\/\",\"url\":\"https:\\\/\\\/transamerica93.com.br\\\/home\\\/wp-content\\\/uploads\\\/2023\\\/10\\\/logo2.png\",\"contentUrl\":\"https:\\\/\\\/transamerica93.com.br\\\/home\\\/wp-content\\\/uploads\\\/2023\\\/10\\\/logo2.png\",\"width\":800,\"height\":500,\"caption\":\"Transam\u00e9rica Mococa 93,3\"},\"image\":{\"@id\":\"https:\\\/\\\/transamerica93.com.br\\\/home\\\/#\\\/schema\\\/logo\\\/image\\\/\"},\"sameAs\":[\"https:\\\/\\\/www.facebook.com\\\/transamericamococa\",\"https:\\\/\\\/x.com\\\/transamerica933\",\"https:\\\/\\\/www.instagram.com\\\/transamericamococa\"]},{\"@type\":\"Person\",\"@id\":\"https:\\\/\\\/transamerica93.com.br\\\/home\\\/#\\\/schema\\\/person\\\/7fed7c99c0d4562efa8561bc0f543172\",\"name\":\"Reda\u00e7\u00e3o\",\"image\":{\"@type\":\"ImageObject\",\"inLanguage\":\"pt-BR\",\"@id\":\"https:\\\/\\\/secure.gravatar.com\\\/avatar\\\/1072c6b775fb02ef8506ce967551d95926669a6b7d2c2147b42eea4d7c68395e?s=96&d=mm&r=g\",\"url\":\"https:\\\/\\\/secure.gravatar.com\\\/avatar\\\/1072c6b775fb02ef8506ce967551d95926669a6b7d2c2147b42eea4d7c68395e?s=96&d=mm&r=g\",\"contentUrl\":\"https:\\\/\\\/secure.gravatar.com\\\/avatar\\\/1072c6b775fb02ef8506ce967551d95926669a6b7d2c2147b42eea4d7c68395e?s=96&d=mm&r=g\",\"caption\":\"Reda\u00e7\u00e3o\"},\"sameAs\":[\"https:\\\/\\\/transamerica93.com.br\\\/home\"],\"url\":\"https:\\\/\\\/transamerica93.com.br\\\/home\\\/author\\\/william\\\/\"}]}<\/script>\n<!-- \/ Yoast SEO plugin. -->","yoast_head_json":{"title":"Michelle Loreto d\u00e1 \u00e0 luz 1\u00aa filha e faz relato: 'Achei que n\u00e3o iria aguentar' - Transam\u00e9rica Mococa 93,3","robots":{"index":"index","follow":"follow","max-snippet":"max-snippet:-1","max-image-preview":"max-image-preview:large","max-video-preview":"max-video-preview:-1"},"canonical":"https:\/\/transamerica93.com.br\/home\/michelle-loreto-da-a-luz-1a-filha-e-faz-relato-achei-que-nao-iria-aguentar\/","og_locale":"pt_BR","og_type":"article","og_title":"Michelle Loreto d\u00e1 \u00e0 luz 1\u00aa filha e faz relato: 'Achei que n\u00e3o iria aguentar' - Transam\u00e9rica Mococa 93,3","og_description":"Por Reda\u00e7\u00e3o, O Estado de S. Paulo Michelle Loreto deu \u00e0 luz na madrugada no \u00faltimo s\u00e1bado, 7, Aurora, sua primeira filha, fruto do seu relacionamento com o diretor da Globo Alexandre Mattoso. Mam\u00e3e de primeira viagem, a jornalista relatou em suas\u00a0redes sociais\u00a0como foi a experi\u00eancia do parto que, ela descreveu como &#8220;o &#8216;rol\u00ea&#8217; mais &hellip;","og_url":"https:\/\/transamerica93.com.br\/home\/michelle-loreto-da-a-luz-1a-filha-e-faz-relato-achei-que-nao-iria-aguentar\/","og_site_name":"Transam\u00e9rica Mococa 93,3","article_publisher":"https:\/\/www.facebook.com\/transamericamococa","article_published_time":"2023-10-11T12:00:37+00:00","og_image":[{"width":800,"height":500,"url":"https:\/\/transamerica93.com.br\/home\/wp-content\/uploads\/2023\/10\/micheleloreto.jpg","type":"image\/jpeg"}],"author":"Reda\u00e7\u00e3o","twitter_card":"summary_large_image","twitter_creator":"@transamerica933","twitter_site":"@transamerica933","twitter_misc":{"Escrito por":"Reda\u00e7\u00e3o","Est. tempo de leitura":"2 minutos"},"schema":{"@context":"https:\/\/schema.org","@graph":[{"@type":"Article","@id":"https:\/\/transamerica93.com.br\/home\/michelle-loreto-da-a-luz-1a-filha-e-faz-relato-achei-que-nao-iria-aguentar\/#article","isPartOf":{"@id":"https:\/\/transamerica93.com.br\/home\/michelle-loreto-da-a-luz-1a-filha-e-faz-relato-achei-que-nao-iria-aguentar\/"},"author":{"name":"Reda\u00e7\u00e3o","@id":"https:\/\/transamerica93.com.br\/home\/#\/schema\/person\/7fed7c99c0d4562efa8561bc0f543172"},"headline":"Michelle Loreto d\u00e1 \u00e0 luz 1\u00aa filha e faz relato: &#8216;Achei que n\u00e3o iria aguentar&#8217;","datePublished":"2023-10-11T12:00:37+00:00","mainEntityOfPage":{"@id":"https:\/\/transamerica93.com.br\/home\/michelle-loreto-da-a-luz-1a-filha-e-faz-relato-achei-que-nao-iria-aguentar\/"},"wordCount":273,"commentCount":0,"publisher":{"@id":"https:\/\/transamerica93.com.br\/home\/#organization"},"image":{"@id":"https:\/\/transamerica93.com.br\/home\/michelle-loreto-da-a-luz-1a-filha-e-faz-relato-achei-que-nao-iria-aguentar\/#primaryimage"},"thumbnailUrl":"https:\/\/transamerica93.com.br\/home\/wp-content\/uploads\/2023\/10\/micheleloreto.jpg","articleSection":["Entretenimento"],"inLanguage":"pt-BR"},{"@type":"WebPage","@id":"https:\/\/transamerica93.com.br\/home\/michelle-loreto-da-a-luz-1a-filha-e-faz-relato-achei-que-nao-iria-aguentar\/","url":"https:\/\/transamerica93.com.br\/home\/michelle-loreto-da-a-luz-1a-filha-e-faz-relato-achei-que-nao-iria-aguentar\/","name":"Michelle Loreto d\u00e1 \u00e0 luz 1\u00aa filha e faz relato: 'Achei que n\u00e3o iria aguentar' - Transam\u00e9rica Mococa 93,3","isPartOf":{"@id":"https:\/\/transamerica93.com.br\/home\/#website"},"primaryImageOfPage":{"@id":"https:\/\/transamerica93.com.br\/home\/michelle-loreto-da-a-luz-1a-filha-e-faz-relato-achei-que-nao-iria-aguentar\/#primaryimage"},"image":{"@id":"https:\/\/transamerica93.com.br\/home\/michelle-loreto-da-a-luz-1a-filha-e-faz-relato-achei-que-nao-iria-aguentar\/#primaryimage"},"thumbnailUrl":"https:\/\/transamerica93.com.br\/home\/wp-content\/uploads\/2023\/10\/micheleloreto.jpg","datePublished":"2023-10-11T12:00:37+00:00","breadcrumb":{"@id":"https:\/\/transamerica93.com.br\/home\/michelle-loreto-da-a-luz-1a-filha-e-faz-relato-achei-que-nao-iria-aguentar\/#breadcrumb"},"inLanguage":"pt-BR","potentialAction":[{"@type":"ReadAction","target":["https:\/\/transamerica93.com.br\/home\/michelle-loreto-da-a-luz-1a-filha-e-faz-relato-achei-que-nao-iria-aguentar\/"]}]},{"@type":"ImageObject","inLanguage":"pt-BR","@id":"https:\/\/transamerica93.com.br\/home\/michelle-loreto-da-a-luz-1a-filha-e-faz-relato-achei-que-nao-iria-aguentar\/#primaryimage","url":"https:\/\/transamerica93.com.br\/home\/wp-content\/uploads\/2023\/10\/micheleloreto.jpg","contentUrl":"https:\/\/transamerica93.com.br\/home\/wp-content\/uploads\/2023\/10\/micheleloreto.jpg","width":800,"height":500,"caption":"Reprodu\u00e7\u00e3o\/Instagram"},{"@type":"BreadcrumbList","@id":"https:\/\/transamerica93.com.br\/home\/michelle-loreto-da-a-luz-1a-filha-e-faz-relato-achei-que-nao-iria-aguentar\/#breadcrumb","itemListElement":[{"@type":"ListItem","position":1,"name":"In\u00edcio","item":"https:\/\/transamerica93.com.br\/home\/"},{"@type":"ListItem","position":2,"name":"Michelle Loreto d\u00e1 \u00e0 luz 1\u00aa filha e faz relato: &#8216;Achei que n\u00e3o iria aguentar&#8217;"}]},{"@type":"WebSite","@id":"https:\/\/transamerica93.com.br\/home\/#website","url":"https:\/\/transamerica93.com.br\/home\/","name":"Transam\u00e9rica Mococa 93,3","description":"","publisher":{"@id":"https:\/\/transamerica93.com.br\/home\/#organization"},"potentialAction":[{"@type":"SearchAction","target":{"@type":"EntryPoint","urlTemplate":"https:\/\/transamerica93.com.br\/home\/?s={search_term_string}"},"query-input":{"@type":"PropertyValueSpecification","valueRequired":true,"valueName":"search_term_string"}}],"inLanguage":"pt-BR"},{"@type":"Organization","@id":"https:\/\/transamerica93.com.br\/home\/#organization","name":"Transam\u00e9rica Mococa 93,3","url":"https:\/\/transamerica93.com.br\/home\/","logo":{"@type":"ImageObject","inLanguage":"pt-BR","@id":"https:\/\/transamerica93.com.br\/home\/#\/schema\/logo\/image\/","url":"https:\/\/transamerica93.com.br\/home\/wp-content\/uploads\/2023\/10\/logo2.png","contentUrl":"https:\/\/transamerica93.com.br\/home\/wp-content\/uploads\/2023\/10\/logo2.png","width":800,"height":500,"caption":"Transam\u00e9rica Mococa 93,3"},"image":{"@id":"https:\/\/transamerica93.com.br\/home\/#\/schema\/logo\/image\/"},"sameAs":["https:\/\/www.facebook.com\/transamericamococa","https:\/\/x.com\/transamerica933","https:\/\/www.instagram.com\/transamericamococa"]},{"@type":"Person","@id":"https:\/\/transamerica93.com.br\/home\/#\/schema\/person\/7fed7c99c0d4562efa8561bc0f543172","name":"Reda\u00e7\u00e3o","image":{"@type":"ImageObject","inLanguage":"pt-BR","@id":"https:\/\/secure.gravatar.com\/avatar\/1072c6b775fb02ef8506ce967551d95926669a6b7d2c2147b42eea4d7c68395e?s=96&d=mm&r=g","url":"https:\/\/secure.gravatar.com\/avatar\/1072c6b775fb02ef8506ce967551d95926669a6b7d2c2147b42eea4d7c68395e?s=96&d=mm&r=g","contentUrl":"https:\/\/secure.gravatar.com\/avatar\/1072c6b775fb02ef8506ce967551d95926669a6b7d2c2147b42eea4d7c68395e?s=96&d=mm&r=g","caption":"Reda\u00e7\u00e3o"},"sameAs":["https:\/\/transamerica93.com.br\/home"],"url":"https:\/\/transamerica93.com.br\/home\/author\/william\/"}]}},"_links":{"self":[{"href":"https:\/\/transamerica93.com.br\/home\/wp-json\/wp\/v2\/posts\/1571","targetHints":{"allow":["GET"]}}],"collection":[{"href":"https:\/\/transamerica93.com.br\/home\/wp-json\/wp\/v2\/posts"}],"about":[{"href":"https:\/\/transamerica93.com.br\/home\/wp-json\/wp\/v2\/types\/post"}],"author":[{"embeddable":true,"href":"https:\/\/transamerica93.com.br\/home\/wp-json\/wp\/v2\/users\/1"}],"replies":[{"embeddable":true,"href":"https:\/\/transamerica93.com.br\/home\/wp-json\/wp\/v2\/comments?post=1571"}],"version-history":[{"count":1,"href":"https:\/\/transamerica93.com.br\/home\/wp-json\/wp\/v2\/posts\/1571\/revisions"}],"predecessor-version":[{"id":1573,"href":"https:\/\/transamerica93.com.br\/home\/wp-json\/wp\/v2\/posts\/1571\/revisions\/1573"}],"wp:featuredmedia":[{"embeddable":true,"href":"https:\/\/transamerica93.com.br\/home\/wp-json\/wp\/v2\/media\/1572"}],"wp:attachment":[{"href":"https:\/\/transamerica93.com.br\/home\/wp-json\/wp\/v2\/media?parent=1571"}],"wp:term":[{"taxonomy":"category","embeddable":true,"href":"https:\/\/transamerica93.com.br\/home\/wp-json\/wp\/v2\/categories?post=1571"},{"taxonomy":"post_tag","embeddable":true,"href":"https:\/\/transamerica93.com.br\/home\/wp-json\/wp\/v2\/tags?post=1571"}],"curies":[{"name":"wp","href":"https:\/\/api.w.org\/{rel}","templated":true}]}}