{"id":1580,"date":"2023-10-11T08:30:46","date_gmt":"2023-10-11T11:30:46","guid":{"rendered":"https:\/\/transamerica93.com.br\/home\/?p=1580"},"modified":"2023-10-11T06:55:38","modified_gmt":"2023-10-11T09:55:38","slug":"chega-a-brasilia-primeiro-aviao-trazendo-brasileiros-de-israel","status":"publish","type":"post","link":"https:\/\/transamerica93.com.br\/home\/chega-a-brasilia-primeiro-aviao-trazendo-brasileiros-de-israel\/","title":{"rendered":"Chega a Bras\u00edlia primeiro avi\u00e3o trazendo brasileiros de Israel"},"content":{"rendered":"<div class=\"post-item alt-font\">\n<div class=\"post-item-wrap\">\n<p>O primeiro avi\u00e3o de resgate trazendo brasileiros de Israel pousou em Bras\u00edlia por volta das 4h10 desta quarta-feira (11). A aeronave KC-30 da For\u00e7a A\u00e9rea Brasileira (FAB), com 211 passageiros,\u00a0<a href=\"https:\/\/agenciabrasil.ebc.com.br\/internacional\/noticia\/2023-10\/primeiro-aviao-de-resgate-parte-de-tel-aviv-trazendo-210-brasileiros\" target=\"_blank\" rel=\"noopener\">decolou de Tel Aviv<\/a>\u00a0\u00e0s 14h12 (hor\u00e1rio de Bras\u00edlia) de ontem (10) e fez voo de cerca de 14 horas direto para a capital federal.<img decoding=\"async\" data-src=\"https:\/\/agenciabrasil.ebc.com.br\/ebc.png?id=1560240&amp;o=node\" src=\"data:image\/svg+xml;base64,PHN2ZyB3aWR0aD0iMSIgaGVpZ2h0PSIxIiB4bWxucz0iaHR0cDovL3d3dy53My5vcmcvMjAwMC9zdmciPjwvc3ZnPg==\" class=\"lazyload\" \/><img decoding=\"async\" data-src=\"https:\/\/agenciabrasil.ebc.com.br\/ebc.gif?id=1560240&amp;o=node\" src=\"data:image\/svg+xml;base64,PHN2ZyB3aWR0aD0iMSIgaGVpZ2h0PSIxIiB4bWxucz0iaHR0cDovL3d3dy53My5vcmcvMjAwMC9zdmciPjwvc3ZnPg==\" class=\"lazyload\" \/><\/p>\n<p>Do total, 107 passageiros desembarcaram em Bras\u00edlia e 104 seguiram\u00a0para o Rio de Janeiro em dois avi\u00f5es da FAB.<\/p>\n<p>O governo federal mobilizou a repatria\u00e7\u00e3o dos brasileiros devido ao confronto iniciado no \u00faltimo fim\u00a0de semana entre Israel e o grupo Hamas, no Oriente M\u00e9dio. Est\u00e3o previstos\u00a0<a href=\"https:\/\/agenciabrasil.ebc.com.br\/internacional\/noticia\/2023-10\/governo-pretende-retirar-900-brasileiros-de-israel-ate-sabado\" target=\"_blank\" rel=\"noopener\">mais quatro voos<\/a>\u00a0at\u00e9 domingo (15) na chamada Opera\u00e7\u00e3o Voltando em Paz, coordenada pelos minist\u00e9rios da Defesa e das Rela\u00e7\u00f5es Exteriores. Neste primeiro momento, a estimativa \u00e9 retirar 900 brasileiros que est\u00e3o em Israel e na Palestina.<\/p>\n<p>As pr\u00f3ximas aeronaves com repatriados pousar\u00e3o no Rio de Janeiro, no Recife, em S\u00e3o Paulo e as duas \u00faltimas no Rio de Janeiro. Para o deslocamento at\u00e9 o destino final de cada um\u00a0as passagens ser\u00e3o custeadas pela empresa a\u00e9rea Azul. A parceria \u00e9 uma articula\u00e7\u00e3o da Presid\u00eancia da Rep\u00fablica com a companhia.<\/p>\n<p>O Itamaraty j\u00e1 colheu os dados de\u00a0pelo menos\u00a02,7 mil brasileiros interessados em deixar a regi\u00e3o e voltar ao Brasil. A maioria \u00e9 de turistas que visitavam Tel Aviv e Jerusal\u00e9m quando, no \u00faltimo s\u00e1bado (7), o Hamas, que governa a Faixa de Gaza, deflagrou um ataque contra o territ\u00f3rio israelense. Seguiu-se, ent\u00e3o,\u00a0<a href=\"https:\/\/agenciabrasil.ebc.com.br\/internacional\/noticia\/2023-10\/ataques-israelenses-atingem-casas-e-escolas-de-gaza-diz-onu\" target=\"_blank\" rel=\"noopener\">forte rea\u00e7\u00e3o militar de Israel<\/a>, que passou a bombardear a Faixa de Gaza.<\/p>\n<p>A ministra substituta das Rela\u00e7\u00f5es Exteriores, Maria Laura da Rocha, disse hoje que o objetivo do governo \u00e9 &#8220;trazer todos de volta&#8221;. Ela, o ministro da Defesa, Jos\u00e9 M\u00facio, e o comandante da Aeron\u00e1utica, Marcelo Damasceno, receberam\u00a0os repatriados na Base A\u00e9rea de Bras\u00edlia.<\/p>\n<p>Neste primeiro momento, o Itamaraty priorizou o traslado de cidad\u00e3os que residem no Brasil e visitavam a regi\u00e3o do conflito sem ter passagem de volta. Uma\u00a0segunda etapa da opera\u00e7\u00e3o est\u00e1 sendo planejada, ap\u00f3s a conclus\u00e3o desses primeiros cinco voos.<\/p>\n<h2>Ataque<\/h2>\n<p>No confronto no \u00faltimo fim de semana, os brasileiros Ranani Nidejelski Glazer e\u00a0<a href=\"https:\/\/agenciabrasil.ebc.com.br\/internacional\/noticia\/2023-10\/familia-confirma-morte-de-brasileira-vitima-de-ataque-do-hamas\" target=\"_blank\" rel=\"noopener\">Bruna Valeanu<\/a>,\u00a0ambos de 24 anos, morreram. Os dois foram v\u00edtimas do ataque do Hamas a um festival de m\u00fasica eletr\u00f4nica que ocorria\u00a0no Sul de Israel, pr\u00f3ximo \u00e0 Faixa de Gaza. Segundo a imprensa israelense, s\u00f3 no local, j\u00e1 foram localizados 260 mortos.<\/p>\n<p>H\u00e1 ainda uma brasileira desaparecida. A carioca Karla Stelzer, de 41 anos, vive em Israel h\u00e1 mais de dez anos e, como Bruna e Glazer, tamb\u00e9m participava da\u00a0<em>rave<\/em>\u00a0Universo Paralello.<\/p>\n<p>De acordo com o Minist\u00e9rio das Rela\u00e7\u00f5es Exteriores, em torno de 14 mil brasileiros vivem em Israel e\u00a06 mil na Palestina. Al\u00e9m disso, muitos turistas visitam a regi\u00e3o, seja para conhecer locais considerados sagrados, seja para participar de eventos.<\/p>\n<p>Segundo\u00a0 o Minist\u00e9rio da Defesa, nos \u00faltimos anos\u00a0as For\u00e7as Armadas realizaram quatro opera\u00e7\u00f5es de repatria\u00e7\u00e3o, por ar e por terra, na Turquia, Ucr\u00e2nia, China e Bol\u00edvia. Cerca de cinco aeronaves e 30 viaturas foram utilizadas nas miss\u00f5es, que resultaram no resgate de, aproximadamente, 6,6 mil pessoas, entre brasileiros e estrangeiros.<\/p>\n<h2>Orienta\u00e7\u00f5es<\/h2>\n<p>A Embaixada do Brasil em Tel Aviv est\u00e1 recebendo, por meio de\u00a0<a href=\"https:\/\/www.gov.br\/mre\/pt-br\/embaixada-tel-aviv\" target=\"_blank\" rel=\"noopener\">formul\u00e1rio em seu\u00a0<em>site<\/em><\/a>, a inscri\u00e7\u00e3o de interessados em repatria\u00e7\u00e3o.<\/p>\n<p>Os plant\u00f5es consulares da embaixada em Tel Aviv (+972 (54) 803 5858) e do Escrit\u00f3rio de Representa\u00e7\u00e3o em Ramala (+972 (59) 205 5510), com whatsapp, permanecem em funcionamento para atender pessoas\u00a0em situa\u00e7\u00e3o de emerg\u00eancia. O plant\u00e3o consular geral do Itamaraty, em Bras\u00edlia, tamb\u00e9m pode ser contatado pelo\u00a0telefone +55 (61) 98260-0610.<\/p>\n<p>O Escrit\u00f3rio de Representa\u00e7\u00e3o em Ramala, na Cisjord\u00e2nia, segue em contato com os cerca de 50 brasileiros que vivem na Faixa de Gaza e prepara a retirada\u00a0daqueles que desejam deixar a regi\u00e3o, em coordena\u00e7\u00e3o com a Embaixada do Brasil no Cairo, no Egito, pa\u00eds fronteiri\u00e7o.<\/p>\n<p>Segundo Damasceno, a FAB est\u00e1 mapeando os aeroportos no Norte e Nordeste para realizar a opera\u00e7\u00e3o de resgate.<\/p>\n<p>O Itamaraty refor\u00e7a ainda a orienta\u00e7\u00e3o de que\u00a0todos os brasileiros que est\u00e3o na regi\u00e3o e que tenham\u00a0passagens a\u00e9reas, ou condi\u00e7\u00f5es de adquiri-las, embarquem em voos comerciais a partir do Aeroporto Internacional Ben Gurion, que continua a operar, ainda que com restri\u00e7\u00f5es.<\/p>\n<\/div>\n<p class=\"alt-font font-italic my-2 small text-info\">Edi\u00e7\u00e3o: Gra\u00e7a Adjuto<\/p>\n<\/div>\n","protected":false},"excerpt":{"rendered":"<p>O primeiro avi\u00e3o de resgate trazendo brasileiros de Israel pousou em Bras\u00edlia por volta das 4h10 desta quarta-feira (11). A aeronave KC-30 da For\u00e7a A\u00e9rea Brasileira (FAB), com 211 passageiros,\u00a0decolou de Tel Aviv\u00a0\u00e0s 14h12 (hor\u00e1rio de Bras\u00edlia) de ontem (10) e fez voo de cerca de 14 horas direto para a capital federal. Do total, &hellip;<\/p>\n","protected":false},"author":1,"featured_media":1581,"comment_status":"open","ping_status":"open","sticky":false,"template":"","format":"standard","meta":{"footnotes":""},"categories":[30],"tags":[],"class_list":["post-1580","post","type-post","status-publish","format-standard","has-post-thumbnail","hentry","category-geral"],"yoast_head":"<!-- This site is optimized with the Yoast SEO plugin v27.4 - https:\/\/yoast.com\/product\/yoast-seo-wordpress\/ -->\n<title>Chega a Bras\u00edlia primeiro avi\u00e3o trazendo brasileiros de Israel - Transam\u00e9rica Mococa 93,3<\/title>\n<meta name=\"robots\" content=\"index, follow, max-snippet:-1, max-image-preview:large, max-video-preview:-1\" \/>\n<link rel=\"canonical\" href=\"https:\/\/transamerica93.com.br\/home\/chega-a-brasilia-primeiro-aviao-trazendo-brasileiros-de-israel\/\" \/>\n<meta property=\"og:locale\" content=\"pt_BR\" \/>\n<meta property=\"og:type\" content=\"article\" \/>\n<meta property=\"og:title\" content=\"Chega a Bras\u00edlia primeiro avi\u00e3o trazendo brasileiros de Israel - Transam\u00e9rica Mococa 93,3\" \/>\n<meta property=\"og:description\" content=\"O primeiro avi\u00e3o de resgate trazendo brasileiros de Israel pousou em Bras\u00edlia por volta das 4h10 desta quarta-feira (11). A aeronave KC-30 da For\u00e7a A\u00e9rea Brasileira (FAB), com 211 passageiros,\u00a0decolou de Tel Aviv\u00a0\u00e0s 14h12 (hor\u00e1rio de Bras\u00edlia) de ontem (10) e fez voo de cerca de 14 horas direto para a capital federal. Do total, &hellip;\" \/>\n<meta property=\"og:url\" content=\"https:\/\/transamerica93.com.br\/home\/chega-a-brasilia-primeiro-aviao-trazendo-brasileiros-de-israel\/\" \/>\n<meta property=\"og:site_name\" content=\"Transam\u00e9rica Mococa 93,3\" \/>\n<meta property=\"article:publisher\" content=\"https:\/\/www.facebook.com\/transamericamococa\" \/>\n<meta property=\"article:published_time\" content=\"2023-10-11T11:30:46+00:00\" \/>\n<meta property=\"og:image\" content=\"https:\/\/transamerica93.com.br\/home\/wp-content\/uploads\/2023\/10\/f8fm8b3wyaar2jv.jpeg\" \/>\n\t<meta property=\"og:image:width\" content=\"1170\" \/>\n\t<meta property=\"og:image:height\" content=\"700\" \/>\n\t<meta property=\"og:image:type\" content=\"image\/jpeg\" \/>\n<meta name=\"author\" content=\"Reda\u00e7\u00e3o\" \/>\n<meta name=\"twitter:card\" content=\"summary_large_image\" \/>\n<meta name=\"twitter:creator\" content=\"@transamerica933\" \/>\n<meta name=\"twitter:site\" content=\"@transamerica933\" \/>\n<meta name=\"twitter:label1\" content=\"Escrito por\" \/>\n\t<meta name=\"twitter:data1\" content=\"Reda\u00e7\u00e3o\" \/>\n\t<meta name=\"twitter:label2\" content=\"Est. tempo de leitura\" \/>\n\t<meta name=\"twitter:data2\" content=\"5 minutos\" \/>\n<script type=\"application\/ld+json\" class=\"yoast-schema-graph\">{\"@context\":\"https:\\\/\\\/schema.org\",\"@graph\":[{\"@type\":\"Article\",\"@id\":\"https:\\\/\\\/transamerica93.com.br\\\/home\\\/chega-a-brasilia-primeiro-aviao-trazendo-brasileiros-de-israel\\\/#article\",\"isPartOf\":{\"@id\":\"https:\\\/\\\/transamerica93.com.br\\\/home\\\/chega-a-brasilia-primeiro-aviao-trazendo-brasileiros-de-israel\\\/\"},\"author\":{\"name\":\"Reda\u00e7\u00e3o\",\"@id\":\"https:\\\/\\\/transamerica93.com.br\\\/home\\\/#\\\/schema\\\/person\\\/7fed7c99c0d4562efa8561bc0f543172\"},\"headline\":\"Chega a Bras\u00edlia primeiro avi\u00e3o trazendo brasileiros de Israel\",\"datePublished\":\"2023-10-11T11:30:46+00:00\",\"mainEntityOfPage\":{\"@id\":\"https:\\\/\\\/transamerica93.com.br\\\/home\\\/chega-a-brasilia-primeiro-aviao-trazendo-brasileiros-de-israel\\\/\"},\"wordCount\":771,\"commentCount\":0,\"publisher\":{\"@id\":\"https:\\\/\\\/transamerica93.com.br\\\/home\\\/#organization\"},\"image\":{\"@id\":\"https:\\\/\\\/transamerica93.com.br\\\/home\\\/chega-a-brasilia-primeiro-aviao-trazendo-brasileiros-de-israel\\\/#primaryimage\"},\"thumbnailUrl\":\"https:\\\/\\\/transamerica93.com.br\\\/home\\\/wp-content\\\/uploads\\\/2023\\\/10\\\/f8fm8b3wyaar2jv.jpeg\",\"articleSection\":[\"Geral\"],\"inLanguage\":\"pt-BR\"},{\"@type\":\"WebPage\",\"@id\":\"https:\\\/\\\/transamerica93.com.br\\\/home\\\/chega-a-brasilia-primeiro-aviao-trazendo-brasileiros-de-israel\\\/\",\"url\":\"https:\\\/\\\/transamerica93.com.br\\\/home\\\/chega-a-brasilia-primeiro-aviao-trazendo-brasileiros-de-israel\\\/\",\"name\":\"Chega a Bras\u00edlia primeiro avi\u00e3o trazendo brasileiros de Israel - Transam\u00e9rica Mococa 93,3\",\"isPartOf\":{\"@id\":\"https:\\\/\\\/transamerica93.com.br\\\/home\\\/#website\"},\"primaryImageOfPage\":{\"@id\":\"https:\\\/\\\/transamerica93.com.br\\\/home\\\/chega-a-brasilia-primeiro-aviao-trazendo-brasileiros-de-israel\\\/#primaryimage\"},\"image\":{\"@id\":\"https:\\\/\\\/transamerica93.com.br\\\/home\\\/chega-a-brasilia-primeiro-aviao-trazendo-brasileiros-de-israel\\\/#primaryimage\"},\"thumbnailUrl\":\"https:\\\/\\\/transamerica93.com.br\\\/home\\\/wp-content\\\/uploads\\\/2023\\\/10\\\/f8fm8b3wyaar2jv.jpeg\",\"datePublished\":\"2023-10-11T11:30:46+00:00\",\"breadcrumb\":{\"@id\":\"https:\\\/\\\/transamerica93.com.br\\\/home\\\/chega-a-brasilia-primeiro-aviao-trazendo-brasileiros-de-israel\\\/#breadcrumb\"},\"inLanguage\":\"pt-BR\",\"potentialAction\":[{\"@type\":\"ReadAction\",\"target\":[\"https:\\\/\\\/transamerica93.com.br\\\/home\\\/chega-a-brasilia-primeiro-aviao-trazendo-brasileiros-de-israel\\\/\"]}]},{\"@type\":\"ImageObject\",\"inLanguage\":\"pt-BR\",\"@id\":\"https:\\\/\\\/transamerica93.com.br\\\/home\\\/chega-a-brasilia-primeiro-aviao-trazendo-brasileiros-de-israel\\\/#primaryimage\",\"url\":\"https:\\\/\\\/transamerica93.com.br\\\/home\\\/wp-content\\\/uploads\\\/2023\\\/10\\\/f8fm8b3wyaar2jv.jpeg\",\"contentUrl\":\"https:\\\/\\\/transamerica93.com.br\\\/home\\\/wp-content\\\/uploads\\\/2023\\\/10\\\/f8fm8b3wyaar2jv.jpeg\",\"width\":1170,\"height\":700,\"caption\":\"Tel Aviv, Israel \u2013 Brasileiros em Israel se preparam para serem repatriados em avi\u00e3o da FAB que chegou a Tel Aviv. Foto: X\\\/Minist\u00e9rio das Rela\u00e7\u00f5es Exteriores\"},{\"@type\":\"BreadcrumbList\",\"@id\":\"https:\\\/\\\/transamerica93.com.br\\\/home\\\/chega-a-brasilia-primeiro-aviao-trazendo-brasileiros-de-israel\\\/#breadcrumb\",\"itemListElement\":[{\"@type\":\"ListItem\",\"position\":1,\"name\":\"In\u00edcio\",\"item\":\"https:\\\/\\\/transamerica93.com.br\\\/home\\\/\"},{\"@type\":\"ListItem\",\"position\":2,\"name\":\"Chega a Bras\u00edlia primeiro avi\u00e3o trazendo brasileiros de Israel\"}]},{\"@type\":\"WebSite\",\"@id\":\"https:\\\/\\\/transamerica93.com.br\\\/home\\\/#website\",\"url\":\"https:\\\/\\\/transamerica93.com.br\\\/home\\\/\",\"name\":\"Transam\u00e9rica Mococa 93,3\",\"description\":\"\",\"publisher\":{\"@id\":\"https:\\\/\\\/transamerica93.com.br\\\/home\\\/#organization\"},\"potentialAction\":[{\"@type\":\"SearchAction\",\"target\":{\"@type\":\"EntryPoint\",\"urlTemplate\":\"https:\\\/\\\/transamerica93.com.br\\\/home\\\/?s={search_term_string}\"},\"query-input\":{\"@type\":\"PropertyValueSpecification\",\"valueRequired\":true,\"valueName\":\"search_term_string\"}}],\"inLanguage\":\"pt-BR\"},{\"@type\":\"Organization\",\"@id\":\"https:\\\/\\\/transamerica93.com.br\\\/home\\\/#organization\",\"name\":\"Transam\u00e9rica Mococa 93,3\",\"url\":\"https:\\\/\\\/transamerica93.com.br\\\/home\\\/\",\"logo\":{\"@type\":\"ImageObject\",\"inLanguage\":\"pt-BR\",\"@id\":\"https:\\\/\\\/transamerica93.com.br\\\/home\\\/#\\\/schema\\\/logo\\\/image\\\/\",\"url\":\"https:\\\/\\\/transamerica93.com.br\\\/home\\\/wp-content\\\/uploads\\\/2023\\\/10\\\/logo2.png\",\"contentUrl\":\"https:\\\/\\\/transamerica93.com.br\\\/home\\\/wp-content\\\/uploads\\\/2023\\\/10\\\/logo2.png\",\"width\":800,\"height\":500,\"caption\":\"Transam\u00e9rica Mococa 93,3\"},\"image\":{\"@id\":\"https:\\\/\\\/transamerica93.com.br\\\/home\\\/#\\\/schema\\\/logo\\\/image\\\/\"},\"sameAs\":[\"https:\\\/\\\/www.facebook.com\\\/transamericamococa\",\"https:\\\/\\\/x.com\\\/transamerica933\",\"https:\\\/\\\/www.instagram.com\\\/transamericamococa\"]},{\"@type\":\"Person\",\"@id\":\"https:\\\/\\\/transamerica93.com.br\\\/home\\\/#\\\/schema\\\/person\\\/7fed7c99c0d4562efa8561bc0f543172\",\"name\":\"Reda\u00e7\u00e3o\",\"image\":{\"@type\":\"ImageObject\",\"inLanguage\":\"pt-BR\",\"@id\":\"https:\\\/\\\/secure.gravatar.com\\\/avatar\\\/1072c6b775fb02ef8506ce967551d95926669a6b7d2c2147b42eea4d7c68395e?s=96&d=mm&r=g\",\"url\":\"https:\\\/\\\/secure.gravatar.com\\\/avatar\\\/1072c6b775fb02ef8506ce967551d95926669a6b7d2c2147b42eea4d7c68395e?s=96&d=mm&r=g\",\"contentUrl\":\"https:\\\/\\\/secure.gravatar.com\\\/avatar\\\/1072c6b775fb02ef8506ce967551d95926669a6b7d2c2147b42eea4d7c68395e?s=96&d=mm&r=g\",\"caption\":\"Reda\u00e7\u00e3o\"},\"sameAs\":[\"https:\\\/\\\/transamerica93.com.br\\\/home\"],\"url\":\"https:\\\/\\\/transamerica93.com.br\\\/home\\\/author\\\/william\\\/\"}]}<\/script>\n<!-- \/ Yoast SEO plugin. -->","yoast_head_json":{"title":"Chega a Bras\u00edlia primeiro avi\u00e3o trazendo brasileiros de Israel - Transam\u00e9rica Mococa 93,3","robots":{"index":"index","follow":"follow","max-snippet":"max-snippet:-1","max-image-preview":"max-image-preview:large","max-video-preview":"max-video-preview:-1"},"canonical":"https:\/\/transamerica93.com.br\/home\/chega-a-brasilia-primeiro-aviao-trazendo-brasileiros-de-israel\/","og_locale":"pt_BR","og_type":"article","og_title":"Chega a Bras\u00edlia primeiro avi\u00e3o trazendo brasileiros de Israel - Transam\u00e9rica Mococa 93,3","og_description":"O primeiro avi\u00e3o de resgate trazendo brasileiros de Israel pousou em Bras\u00edlia por volta das 4h10 desta quarta-feira (11). A aeronave KC-30 da For\u00e7a A\u00e9rea Brasileira (FAB), com 211 passageiros,\u00a0decolou de Tel Aviv\u00a0\u00e0s 14h12 (hor\u00e1rio de Bras\u00edlia) de ontem (10) e fez voo de cerca de 14 horas direto para a capital federal. Do total, &hellip;","og_url":"https:\/\/transamerica93.com.br\/home\/chega-a-brasilia-primeiro-aviao-trazendo-brasileiros-de-israel\/","og_site_name":"Transam\u00e9rica Mococa 93,3","article_publisher":"https:\/\/www.facebook.com\/transamericamococa","article_published_time":"2023-10-11T11:30:46+00:00","og_image":[{"width":1170,"height":700,"url":"https:\/\/transamerica93.com.br\/home\/wp-content\/uploads\/2023\/10\/f8fm8b3wyaar2jv.jpeg","type":"image\/jpeg"}],"author":"Reda\u00e7\u00e3o","twitter_card":"summary_large_image","twitter_creator":"@transamerica933","twitter_site":"@transamerica933","twitter_misc":{"Escrito por":"Reda\u00e7\u00e3o","Est. tempo de leitura":"5 minutos"},"schema":{"@context":"https:\/\/schema.org","@graph":[{"@type":"Article","@id":"https:\/\/transamerica93.com.br\/home\/chega-a-brasilia-primeiro-aviao-trazendo-brasileiros-de-israel\/#article","isPartOf":{"@id":"https:\/\/transamerica93.com.br\/home\/chega-a-brasilia-primeiro-aviao-trazendo-brasileiros-de-israel\/"},"author":{"name":"Reda\u00e7\u00e3o","@id":"https:\/\/transamerica93.com.br\/home\/#\/schema\/person\/7fed7c99c0d4562efa8561bc0f543172"},"headline":"Chega a Bras\u00edlia primeiro avi\u00e3o trazendo brasileiros de Israel","datePublished":"2023-10-11T11:30:46+00:00","mainEntityOfPage":{"@id":"https:\/\/transamerica93.com.br\/home\/chega-a-brasilia-primeiro-aviao-trazendo-brasileiros-de-israel\/"},"wordCount":771,"commentCount":0,"publisher":{"@id":"https:\/\/transamerica93.com.br\/home\/#organization"},"image":{"@id":"https:\/\/transamerica93.com.br\/home\/chega-a-brasilia-primeiro-aviao-trazendo-brasileiros-de-israel\/#primaryimage"},"thumbnailUrl":"https:\/\/transamerica93.com.br\/home\/wp-content\/uploads\/2023\/10\/f8fm8b3wyaar2jv.jpeg","articleSection":["Geral"],"inLanguage":"pt-BR"},{"@type":"WebPage","@id":"https:\/\/transamerica93.com.br\/home\/chega-a-brasilia-primeiro-aviao-trazendo-brasileiros-de-israel\/","url":"https:\/\/transamerica93.com.br\/home\/chega-a-brasilia-primeiro-aviao-trazendo-brasileiros-de-israel\/","name":"Chega a Bras\u00edlia primeiro avi\u00e3o trazendo brasileiros de Israel - Transam\u00e9rica Mococa 93,3","isPartOf":{"@id":"https:\/\/transamerica93.com.br\/home\/#website"},"primaryImageOfPage":{"@id":"https:\/\/transamerica93.com.br\/home\/chega-a-brasilia-primeiro-aviao-trazendo-brasileiros-de-israel\/#primaryimage"},"image":{"@id":"https:\/\/transamerica93.com.br\/home\/chega-a-brasilia-primeiro-aviao-trazendo-brasileiros-de-israel\/#primaryimage"},"thumbnailUrl":"https:\/\/transamerica93.com.br\/home\/wp-content\/uploads\/2023\/10\/f8fm8b3wyaar2jv.jpeg","datePublished":"2023-10-11T11:30:46+00:00","breadcrumb":{"@id":"https:\/\/transamerica93.com.br\/home\/chega-a-brasilia-primeiro-aviao-trazendo-brasileiros-de-israel\/#breadcrumb"},"inLanguage":"pt-BR","potentialAction":[{"@type":"ReadAction","target":["https:\/\/transamerica93.com.br\/home\/chega-a-brasilia-primeiro-aviao-trazendo-brasileiros-de-israel\/"]}]},{"@type":"ImageObject","inLanguage":"pt-BR","@id":"https:\/\/transamerica93.com.br\/home\/chega-a-brasilia-primeiro-aviao-trazendo-brasileiros-de-israel\/#primaryimage","url":"https:\/\/transamerica93.com.br\/home\/wp-content\/uploads\/2023\/10\/f8fm8b3wyaar2jv.jpeg","contentUrl":"https:\/\/transamerica93.com.br\/home\/wp-content\/uploads\/2023\/10\/f8fm8b3wyaar2jv.jpeg","width":1170,"height":700,"caption":"Tel Aviv, Israel \u2013 Brasileiros em Israel se preparam para serem repatriados em avi\u00e3o da FAB que chegou a Tel Aviv. Foto: X\/Minist\u00e9rio das Rela\u00e7\u00f5es Exteriores"},{"@type":"BreadcrumbList","@id":"https:\/\/transamerica93.com.br\/home\/chega-a-brasilia-primeiro-aviao-trazendo-brasileiros-de-israel\/#breadcrumb","itemListElement":[{"@type":"ListItem","position":1,"name":"In\u00edcio","item":"https:\/\/transamerica93.com.br\/home\/"},{"@type":"ListItem","position":2,"name":"Chega a Bras\u00edlia primeiro avi\u00e3o trazendo brasileiros de Israel"}]},{"@type":"WebSite","@id":"https:\/\/transamerica93.com.br\/home\/#website","url":"https:\/\/transamerica93.com.br\/home\/","name":"Transam\u00e9rica Mococa 93,3","description":"","publisher":{"@id":"https:\/\/transamerica93.com.br\/home\/#organization"},"potentialAction":[{"@type":"SearchAction","target":{"@type":"EntryPoint","urlTemplate":"https:\/\/transamerica93.com.br\/home\/?s={search_term_string}"},"query-input":{"@type":"PropertyValueSpecification","valueRequired":true,"valueName":"search_term_string"}}],"inLanguage":"pt-BR"},{"@type":"Organization","@id":"https:\/\/transamerica93.com.br\/home\/#organization","name":"Transam\u00e9rica Mococa 93,3","url":"https:\/\/transamerica93.com.br\/home\/","logo":{"@type":"ImageObject","inLanguage":"pt-BR","@id":"https:\/\/transamerica93.com.br\/home\/#\/schema\/logo\/image\/","url":"https:\/\/transamerica93.com.br\/home\/wp-content\/uploads\/2023\/10\/logo2.png","contentUrl":"https:\/\/transamerica93.com.br\/home\/wp-content\/uploads\/2023\/10\/logo2.png","width":800,"height":500,"caption":"Transam\u00e9rica Mococa 93,3"},"image":{"@id":"https:\/\/transamerica93.com.br\/home\/#\/schema\/logo\/image\/"},"sameAs":["https:\/\/www.facebook.com\/transamericamococa","https:\/\/x.com\/transamerica933","https:\/\/www.instagram.com\/transamericamococa"]},{"@type":"Person","@id":"https:\/\/transamerica93.com.br\/home\/#\/schema\/person\/7fed7c99c0d4562efa8561bc0f543172","name":"Reda\u00e7\u00e3o","image":{"@type":"ImageObject","inLanguage":"pt-BR","@id":"https:\/\/secure.gravatar.com\/avatar\/1072c6b775fb02ef8506ce967551d95926669a6b7d2c2147b42eea4d7c68395e?s=96&d=mm&r=g","url":"https:\/\/secure.gravatar.com\/avatar\/1072c6b775fb02ef8506ce967551d95926669a6b7d2c2147b42eea4d7c68395e?s=96&d=mm&r=g","contentUrl":"https:\/\/secure.gravatar.com\/avatar\/1072c6b775fb02ef8506ce967551d95926669a6b7d2c2147b42eea4d7c68395e?s=96&d=mm&r=g","caption":"Reda\u00e7\u00e3o"},"sameAs":["https:\/\/transamerica93.com.br\/home"],"url":"https:\/\/transamerica93.com.br\/home\/author\/william\/"}]}},"_links":{"self":[{"href":"https:\/\/transamerica93.com.br\/home\/wp-json\/wp\/v2\/posts\/1580","targetHints":{"allow":["GET"]}}],"collection":[{"href":"https:\/\/transamerica93.com.br\/home\/wp-json\/wp\/v2\/posts"}],"about":[{"href":"https:\/\/transamerica93.com.br\/home\/wp-json\/wp\/v2\/types\/post"}],"author":[{"embeddable":true,"href":"https:\/\/transamerica93.com.br\/home\/wp-json\/wp\/v2\/users\/1"}],"replies":[{"embeddable":true,"href":"https:\/\/transamerica93.com.br\/home\/wp-json\/wp\/v2\/comments?post=1580"}],"version-history":[{"count":1,"href":"https:\/\/transamerica93.com.br\/home\/wp-json\/wp\/v2\/posts\/1580\/revisions"}],"predecessor-version":[{"id":1582,"href":"https:\/\/transamerica93.com.br\/home\/wp-json\/wp\/v2\/posts\/1580\/revisions\/1582"}],"wp:featuredmedia":[{"embeddable":true,"href":"https:\/\/transamerica93.com.br\/home\/wp-json\/wp\/v2\/media\/1581"}],"wp:attachment":[{"href":"https:\/\/transamerica93.com.br\/home\/wp-json\/wp\/v2\/media?parent=1580"}],"wp:term":[{"taxonomy":"category","embeddable":true,"href":"https:\/\/transamerica93.com.br\/home\/wp-json\/wp\/v2\/categories?post=1580"},{"taxonomy":"post_tag","embeddable":true,"href":"https:\/\/transamerica93.com.br\/home\/wp-json\/wp\/v2\/tags?post=1580"}],"curies":[{"name":"wp","href":"https:\/\/api.w.org\/{rel}","templated":true}]}}