{"id":1588,"date":"2023-10-11T12:33:40","date_gmt":"2023-10-11T15:33:40","guid":{"rendered":"https:\/\/transamerica93.com.br\/home\/?p=1588"},"modified":"2023-10-11T12:33:40","modified_gmt":"2023-10-11T15:33:40","slug":"agencias-do-inss-fecham-quinta-e-sexta-feira","status":"publish","type":"post","link":"https:\/\/transamerica93.com.br\/home\/agencias-do-inss-fecham-quinta-e-sexta-feira\/","title":{"rendered":"Ag\u00eancias do INSS fecham quinta e sexta-feira"},"content":{"rendered":"<div class=\"post-item-wrap\">\n<p>Nesta quinta-feira (12), feriado nacional de Nossa Senhora Aparecida, as ag\u00eancias do Instituto Nacional do Seguro Social (INSS) estar\u00e3o fechadas, mas os canais remotos de atendimento permanecem dispon\u00edveis para esclarecer d\u00favidas ou fazer pedidos de benef\u00edcios.\u00a0<img decoding=\"async\" data-src=\"https:\/\/agenciabrasil.ebc.com.br\/ebc.png?id=1560270&amp;o=node\" src=\"data:image\/svg+xml;base64,PHN2ZyB3aWR0aD0iMSIgaGVpZ2h0PSIxIiB4bWxucz0iaHR0cDovL3d3dy53My5vcmcvMjAwMC9zdmciPjwvc3ZnPg==\" class=\"lazyload\" \/><img decoding=\"async\" data-src=\"https:\/\/agenciabrasil.ebc.com.br\/ebc.gif?id=1560270&amp;o=node\" src=\"data:image\/svg+xml;base64,PHN2ZyB3aWR0aD0iMSIgaGVpZ2h0PSIxIiB4bWxucz0iaHR0cDovL3d3dy53My5vcmcvMjAwMC9zdmciPjwvc3ZnPg==\" class=\"lazyload\" \/><\/p>\n<p>Na sexta-feira (13)\u00a0ser\u00e1 ponto facultativo para os servidores p\u00fablicos federais, conforme Portaria MGI n\u00ba 6.142, publicada no\u00a0<em>Di\u00e1rio Oficial da Uni\u00e3o<\/em>\u00a0dessa ter\u00e7a-feira (10). Com isso, as ag\u00eancias tamb\u00e9m estar\u00e3o\u00a0fechadas. De acordo com o INSS, os agendamentos previstos para sexta ser\u00e3o remarcados.<\/p>\n<p>\u201cOs cidad\u00e3os podem buscar informa\u00e7\u00f5es, pedir benef\u00edcios e agendar servi\u00e7os pelo\u00a0<em>site<\/em>\u00a0ou aplicativo\u00a0<a href=\"https:\/\/meu.inss.gov.br\/#\/login\" target=\"_blank\" rel=\"noopener\">Meu INSS<\/a>, ou por meio da Central 135, que funciona de segunda a s\u00e1bado, das 7h \u00e0s 22h, hor\u00e1rio de Bras\u00edlia\u201d, informou o instituto.<\/p>\n<\/div>\n<p class=\"alt-font font-italic my-2 small text-info\">Edi\u00e7\u00e3o: Gra\u00e7a Adjuto<\/p>\n","protected":false},"excerpt":{"rendered":"<p>Nesta quinta-feira (12), feriado nacional de Nossa Senhora Aparecida, as ag\u00eancias do Instituto Nacional do Seguro Social (INSS) estar\u00e3o fechadas, mas os canais remotos de atendimento permanecem dispon\u00edveis para esclarecer d\u00favidas ou fazer pedidos de benef\u00edcios.\u00a0 Na sexta-feira (13)\u00a0ser\u00e1 ponto facultativo para os servidores p\u00fablicos federais, conforme Portaria MGI n\u00ba 6.142, publicada no\u00a0Di\u00e1rio Oficial da &hellip;<\/p>\n","protected":false},"author":1,"featured_media":1589,"comment_status":"closed","ping_status":"closed","sticky":false,"template":"","format":"standard","meta":{"footnotes":""},"categories":[30],"tags":[],"class_list":["post-1588","post","type-post","status-publish","format-standard","has-post-thumbnail","hentry","category-geral"],"yoast_head":"<!-- This site is optimized with the Yoast SEO plugin v27.4 - https:\/\/yoast.com\/product\/yoast-seo-wordpress\/ -->\n<title>Ag\u00eancias do INSS fecham quinta e sexta-feira - Transam\u00e9rica Mococa 93,3<\/title>\n<meta name=\"robots\" content=\"index, follow, max-snippet:-1, max-image-preview:large, max-video-preview:-1\" \/>\n<link rel=\"canonical\" href=\"https:\/\/transamerica93.com.br\/home\/agencias-do-inss-fecham-quinta-e-sexta-feira\/\" \/>\n<meta property=\"og:locale\" content=\"pt_BR\" \/>\n<meta property=\"og:type\" content=\"article\" \/>\n<meta property=\"og:title\" content=\"Ag\u00eancias do INSS fecham quinta e sexta-feira - Transam\u00e9rica Mococa 93,3\" \/>\n<meta property=\"og:description\" content=\"Nesta quinta-feira (12), feriado nacional de Nossa Senhora Aparecida, as ag\u00eancias do Instituto Nacional do Seguro Social (INSS) estar\u00e3o fechadas, mas os canais remotos de atendimento permanecem dispon\u00edveis para esclarecer d\u00favidas ou fazer pedidos de benef\u00edcios.\u00a0 Na sexta-feira (13)\u00a0ser\u00e1 ponto facultativo para os servidores p\u00fablicos federais, conforme Portaria MGI n\u00ba 6.142, publicada no\u00a0Di\u00e1rio Oficial da &hellip;\" \/>\n<meta property=\"og:url\" content=\"https:\/\/transamerica93.com.br\/home\/agencias-do-inss-fecham-quinta-e-sexta-feira\/\" \/>\n<meta property=\"og:site_name\" content=\"Transam\u00e9rica Mococa 93,3\" \/>\n<meta property=\"article:publisher\" content=\"https:\/\/www.facebook.com\/transamericamococa\" \/>\n<meta property=\"article:published_time\" content=\"2023-10-11T15:33:40+00:00\" \/>\n<meta property=\"og:image\" content=\"https:\/\/transamerica93.com.br\/home\/wp-content\/uploads\/2023\/10\/inss_filas_aposentadoria6dsc_7442a-.jpg\" \/>\n\t<meta property=\"og:image:width\" content=\"1170\" \/>\n\t<meta property=\"og:image:height\" content=\"700\" \/>\n\t<meta property=\"og:image:type\" content=\"image\/jpeg\" \/>\n<meta name=\"author\" content=\"Reda\u00e7\u00e3o\" \/>\n<meta name=\"twitter:card\" content=\"summary_large_image\" \/>\n<meta name=\"twitter:creator\" content=\"@transamerica933\" \/>\n<meta name=\"twitter:site\" content=\"@transamerica933\" \/>\n<meta name=\"twitter:label1\" content=\"Escrito por\" \/>\n\t<meta name=\"twitter:data1\" content=\"Reda\u00e7\u00e3o\" \/>\n\t<meta name=\"twitter:label2\" content=\"Est. tempo de leitura\" \/>\n\t<meta name=\"twitter:data2\" content=\"2 minutos\" \/>\n<script type=\"application\/ld+json\" class=\"yoast-schema-graph\">{\"@context\":\"https:\\\/\\\/schema.org\",\"@graph\":[{\"@type\":\"Article\",\"@id\":\"https:\\\/\\\/transamerica93.com.br\\\/home\\\/agencias-do-inss-fecham-quinta-e-sexta-feira\\\/#article\",\"isPartOf\":{\"@id\":\"https:\\\/\\\/transamerica93.com.br\\\/home\\\/agencias-do-inss-fecham-quinta-e-sexta-feira\\\/\"},\"author\":{\"name\":\"Reda\u00e7\u00e3o\",\"@id\":\"https:\\\/\\\/transamerica93.com.br\\\/home\\\/#\\\/schema\\\/person\\\/7fed7c99c0d4562efa8561bc0f543172\"},\"headline\":\"Ag\u00eancias do INSS fecham quinta e sexta-feira\",\"datePublished\":\"2023-10-11T15:33:40+00:00\",\"mainEntityOfPage\":{\"@id\":\"https:\\\/\\\/transamerica93.com.br\\\/home\\\/agencias-do-inss-fecham-quinta-e-sexta-feira\\\/\"},\"wordCount\":146,\"publisher\":{\"@id\":\"https:\\\/\\\/transamerica93.com.br\\\/home\\\/#organization\"},\"image\":{\"@id\":\"https:\\\/\\\/transamerica93.com.br\\\/home\\\/agencias-do-inss-fecham-quinta-e-sexta-feira\\\/#primaryimage\"},\"thumbnailUrl\":\"https:\\\/\\\/transamerica93.com.br\\\/home\\\/wp-content\\\/uploads\\\/2023\\\/10\\\/inss_filas_aposentadoria6dsc_7442a-.jpg\",\"articleSection\":[\"Geral\"],\"inLanguage\":\"pt-BR\"},{\"@type\":\"WebPage\",\"@id\":\"https:\\\/\\\/transamerica93.com.br\\\/home\\\/agencias-do-inss-fecham-quinta-e-sexta-feira\\\/\",\"url\":\"https:\\\/\\\/transamerica93.com.br\\\/home\\\/agencias-do-inss-fecham-quinta-e-sexta-feira\\\/\",\"name\":\"Ag\u00eancias do INSS fecham quinta e sexta-feira - Transam\u00e9rica Mococa 93,3\",\"isPartOf\":{\"@id\":\"https:\\\/\\\/transamerica93.com.br\\\/home\\\/#website\"},\"primaryImageOfPage\":{\"@id\":\"https:\\\/\\\/transamerica93.com.br\\\/home\\\/agencias-do-inss-fecham-quinta-e-sexta-feira\\\/#primaryimage\"},\"image\":{\"@id\":\"https:\\\/\\\/transamerica93.com.br\\\/home\\\/agencias-do-inss-fecham-quinta-e-sexta-feira\\\/#primaryimage\"},\"thumbnailUrl\":\"https:\\\/\\\/transamerica93.com.br\\\/home\\\/wp-content\\\/uploads\\\/2023\\\/10\\\/inss_filas_aposentadoria6dsc_7442a-.jpg\",\"datePublished\":\"2023-10-11T15:33:40+00:00\",\"breadcrumb\":{\"@id\":\"https:\\\/\\\/transamerica93.com.br\\\/home\\\/agencias-do-inss-fecham-quinta-e-sexta-feira\\\/#breadcrumb\"},\"inLanguage\":\"pt-BR\",\"potentialAction\":[{\"@type\":\"ReadAction\",\"target\":[\"https:\\\/\\\/transamerica93.com.br\\\/home\\\/agencias-do-inss-fecham-quinta-e-sexta-feira\\\/\"]}]},{\"@type\":\"ImageObject\",\"inLanguage\":\"pt-BR\",\"@id\":\"https:\\\/\\\/transamerica93.com.br\\\/home\\\/agencias-do-inss-fecham-quinta-e-sexta-feira\\\/#primaryimage\",\"url\":\"https:\\\/\\\/transamerica93.com.br\\\/home\\\/wp-content\\\/uploads\\\/2023\\\/10\\\/inss_filas_aposentadoria6dsc_7442a-.jpg\",\"contentUrl\":\"https:\\\/\\\/transamerica93.com.br\\\/home\\\/wp-content\\\/uploads\\\/2023\\\/10\\\/inss_filas_aposentadoria6dsc_7442a-.jpg\",\"width\":1170,\"height\":700,\"caption\":\"\u00a9 Valter Campanato\\\/Ag\u00eancia Brasil\"},{\"@type\":\"BreadcrumbList\",\"@id\":\"https:\\\/\\\/transamerica93.com.br\\\/home\\\/agencias-do-inss-fecham-quinta-e-sexta-feira\\\/#breadcrumb\",\"itemListElement\":[{\"@type\":\"ListItem\",\"position\":1,\"name\":\"In\u00edcio\",\"item\":\"https:\\\/\\\/transamerica93.com.br\\\/home\\\/\"},{\"@type\":\"ListItem\",\"position\":2,\"name\":\"Ag\u00eancias do INSS fecham quinta e sexta-feira\"}]},{\"@type\":\"WebSite\",\"@id\":\"https:\\\/\\\/transamerica93.com.br\\\/home\\\/#website\",\"url\":\"https:\\\/\\\/transamerica93.com.br\\\/home\\\/\",\"name\":\"Transam\u00e9rica Mococa 93,3\",\"description\":\"\",\"publisher\":{\"@id\":\"https:\\\/\\\/transamerica93.com.br\\\/home\\\/#organization\"},\"potentialAction\":[{\"@type\":\"SearchAction\",\"target\":{\"@type\":\"EntryPoint\",\"urlTemplate\":\"https:\\\/\\\/transamerica93.com.br\\\/home\\\/?s={search_term_string}\"},\"query-input\":{\"@type\":\"PropertyValueSpecification\",\"valueRequired\":true,\"valueName\":\"search_term_string\"}}],\"inLanguage\":\"pt-BR\"},{\"@type\":\"Organization\",\"@id\":\"https:\\\/\\\/transamerica93.com.br\\\/home\\\/#organization\",\"name\":\"Transam\u00e9rica Mococa 93,3\",\"url\":\"https:\\\/\\\/transamerica93.com.br\\\/home\\\/\",\"logo\":{\"@type\":\"ImageObject\",\"inLanguage\":\"pt-BR\",\"@id\":\"https:\\\/\\\/transamerica93.com.br\\\/home\\\/#\\\/schema\\\/logo\\\/image\\\/\",\"url\":\"https:\\\/\\\/transamerica93.com.br\\\/home\\\/wp-content\\\/uploads\\\/2023\\\/10\\\/logo2.png\",\"contentUrl\":\"https:\\\/\\\/transamerica93.com.br\\\/home\\\/wp-content\\\/uploads\\\/2023\\\/10\\\/logo2.png\",\"width\":800,\"height\":500,\"caption\":\"Transam\u00e9rica Mococa 93,3\"},\"image\":{\"@id\":\"https:\\\/\\\/transamerica93.com.br\\\/home\\\/#\\\/schema\\\/logo\\\/image\\\/\"},\"sameAs\":[\"https:\\\/\\\/www.facebook.com\\\/transamericamococa\",\"https:\\\/\\\/x.com\\\/transamerica933\",\"https:\\\/\\\/www.instagram.com\\\/transamericamococa\"]},{\"@type\":\"Person\",\"@id\":\"https:\\\/\\\/transamerica93.com.br\\\/home\\\/#\\\/schema\\\/person\\\/7fed7c99c0d4562efa8561bc0f543172\",\"name\":\"Reda\u00e7\u00e3o\",\"image\":{\"@type\":\"ImageObject\",\"inLanguage\":\"pt-BR\",\"@id\":\"https:\\\/\\\/secure.gravatar.com\\\/avatar\\\/1072c6b775fb02ef8506ce967551d95926669a6b7d2c2147b42eea4d7c68395e?s=96&d=mm&r=g\",\"url\":\"https:\\\/\\\/secure.gravatar.com\\\/avatar\\\/1072c6b775fb02ef8506ce967551d95926669a6b7d2c2147b42eea4d7c68395e?s=96&d=mm&r=g\",\"contentUrl\":\"https:\\\/\\\/secure.gravatar.com\\\/avatar\\\/1072c6b775fb02ef8506ce967551d95926669a6b7d2c2147b42eea4d7c68395e?s=96&d=mm&r=g\",\"caption\":\"Reda\u00e7\u00e3o\"},\"sameAs\":[\"https:\\\/\\\/transamerica93.com.br\\\/home\"],\"url\":\"https:\\\/\\\/transamerica93.com.br\\\/home\\\/author\\\/william\\\/\"}]}<\/script>\n<!-- \/ Yoast SEO plugin. -->","yoast_head_json":{"title":"Ag\u00eancias do INSS fecham quinta e sexta-feira - Transam\u00e9rica Mococa 93,3","robots":{"index":"index","follow":"follow","max-snippet":"max-snippet:-1","max-image-preview":"max-image-preview:large","max-video-preview":"max-video-preview:-1"},"canonical":"https:\/\/transamerica93.com.br\/home\/agencias-do-inss-fecham-quinta-e-sexta-feira\/","og_locale":"pt_BR","og_type":"article","og_title":"Ag\u00eancias do INSS fecham quinta e sexta-feira - Transam\u00e9rica Mococa 93,3","og_description":"Nesta quinta-feira (12), feriado nacional de Nossa Senhora Aparecida, as ag\u00eancias do Instituto Nacional do Seguro Social (INSS) estar\u00e3o fechadas, mas os canais remotos de atendimento permanecem dispon\u00edveis para esclarecer d\u00favidas ou fazer pedidos de benef\u00edcios.\u00a0 Na sexta-feira (13)\u00a0ser\u00e1 ponto facultativo para os servidores p\u00fablicos federais, conforme Portaria MGI n\u00ba 6.142, publicada no\u00a0Di\u00e1rio Oficial da &hellip;","og_url":"https:\/\/transamerica93.com.br\/home\/agencias-do-inss-fecham-quinta-e-sexta-feira\/","og_site_name":"Transam\u00e9rica Mococa 93,3","article_publisher":"https:\/\/www.facebook.com\/transamericamococa","article_published_time":"2023-10-11T15:33:40+00:00","og_image":[{"width":1170,"height":700,"url":"https:\/\/transamerica93.com.br\/home\/wp-content\/uploads\/2023\/10\/inss_filas_aposentadoria6dsc_7442a-.jpg","type":"image\/jpeg"}],"author":"Reda\u00e7\u00e3o","twitter_card":"summary_large_image","twitter_creator":"@transamerica933","twitter_site":"@transamerica933","twitter_misc":{"Escrito por":"Reda\u00e7\u00e3o","Est. tempo de leitura":"2 minutos"},"schema":{"@context":"https:\/\/schema.org","@graph":[{"@type":"Article","@id":"https:\/\/transamerica93.com.br\/home\/agencias-do-inss-fecham-quinta-e-sexta-feira\/#article","isPartOf":{"@id":"https:\/\/transamerica93.com.br\/home\/agencias-do-inss-fecham-quinta-e-sexta-feira\/"},"author":{"name":"Reda\u00e7\u00e3o","@id":"https:\/\/transamerica93.com.br\/home\/#\/schema\/person\/7fed7c99c0d4562efa8561bc0f543172"},"headline":"Ag\u00eancias do INSS fecham quinta e sexta-feira","datePublished":"2023-10-11T15:33:40+00:00","mainEntityOfPage":{"@id":"https:\/\/transamerica93.com.br\/home\/agencias-do-inss-fecham-quinta-e-sexta-feira\/"},"wordCount":146,"publisher":{"@id":"https:\/\/transamerica93.com.br\/home\/#organization"},"image":{"@id":"https:\/\/transamerica93.com.br\/home\/agencias-do-inss-fecham-quinta-e-sexta-feira\/#primaryimage"},"thumbnailUrl":"https:\/\/transamerica93.com.br\/home\/wp-content\/uploads\/2023\/10\/inss_filas_aposentadoria6dsc_7442a-.jpg","articleSection":["Geral"],"inLanguage":"pt-BR"},{"@type":"WebPage","@id":"https:\/\/transamerica93.com.br\/home\/agencias-do-inss-fecham-quinta-e-sexta-feira\/","url":"https:\/\/transamerica93.com.br\/home\/agencias-do-inss-fecham-quinta-e-sexta-feira\/","name":"Ag\u00eancias do INSS fecham quinta e sexta-feira - Transam\u00e9rica Mococa 93,3","isPartOf":{"@id":"https:\/\/transamerica93.com.br\/home\/#website"},"primaryImageOfPage":{"@id":"https:\/\/transamerica93.com.br\/home\/agencias-do-inss-fecham-quinta-e-sexta-feira\/#primaryimage"},"image":{"@id":"https:\/\/transamerica93.com.br\/home\/agencias-do-inss-fecham-quinta-e-sexta-feira\/#primaryimage"},"thumbnailUrl":"https:\/\/transamerica93.com.br\/home\/wp-content\/uploads\/2023\/10\/inss_filas_aposentadoria6dsc_7442a-.jpg","datePublished":"2023-10-11T15:33:40+00:00","breadcrumb":{"@id":"https:\/\/transamerica93.com.br\/home\/agencias-do-inss-fecham-quinta-e-sexta-feira\/#breadcrumb"},"inLanguage":"pt-BR","potentialAction":[{"@type":"ReadAction","target":["https:\/\/transamerica93.com.br\/home\/agencias-do-inss-fecham-quinta-e-sexta-feira\/"]}]},{"@type":"ImageObject","inLanguage":"pt-BR","@id":"https:\/\/transamerica93.com.br\/home\/agencias-do-inss-fecham-quinta-e-sexta-feira\/#primaryimage","url":"https:\/\/transamerica93.com.br\/home\/wp-content\/uploads\/2023\/10\/inss_filas_aposentadoria6dsc_7442a-.jpg","contentUrl":"https:\/\/transamerica93.com.br\/home\/wp-content\/uploads\/2023\/10\/inss_filas_aposentadoria6dsc_7442a-.jpg","width":1170,"height":700,"caption":"\u00a9 Valter Campanato\/Ag\u00eancia Brasil"},{"@type":"BreadcrumbList","@id":"https:\/\/transamerica93.com.br\/home\/agencias-do-inss-fecham-quinta-e-sexta-feira\/#breadcrumb","itemListElement":[{"@type":"ListItem","position":1,"name":"In\u00edcio","item":"https:\/\/transamerica93.com.br\/home\/"},{"@type":"ListItem","position":2,"name":"Ag\u00eancias do INSS fecham quinta e sexta-feira"}]},{"@type":"WebSite","@id":"https:\/\/transamerica93.com.br\/home\/#website","url":"https:\/\/transamerica93.com.br\/home\/","name":"Transam\u00e9rica Mococa 93,3","description":"","publisher":{"@id":"https:\/\/transamerica93.com.br\/home\/#organization"},"potentialAction":[{"@type":"SearchAction","target":{"@type":"EntryPoint","urlTemplate":"https:\/\/transamerica93.com.br\/home\/?s={search_term_string}"},"query-input":{"@type":"PropertyValueSpecification","valueRequired":true,"valueName":"search_term_string"}}],"inLanguage":"pt-BR"},{"@type":"Organization","@id":"https:\/\/transamerica93.com.br\/home\/#organization","name":"Transam\u00e9rica Mococa 93,3","url":"https:\/\/transamerica93.com.br\/home\/","logo":{"@type":"ImageObject","inLanguage":"pt-BR","@id":"https:\/\/transamerica93.com.br\/home\/#\/schema\/logo\/image\/","url":"https:\/\/transamerica93.com.br\/home\/wp-content\/uploads\/2023\/10\/logo2.png","contentUrl":"https:\/\/transamerica93.com.br\/home\/wp-content\/uploads\/2023\/10\/logo2.png","width":800,"height":500,"caption":"Transam\u00e9rica Mococa 93,3"},"image":{"@id":"https:\/\/transamerica93.com.br\/home\/#\/schema\/logo\/image\/"},"sameAs":["https:\/\/www.facebook.com\/transamericamococa","https:\/\/x.com\/transamerica933","https:\/\/www.instagram.com\/transamericamococa"]},{"@type":"Person","@id":"https:\/\/transamerica93.com.br\/home\/#\/schema\/person\/7fed7c99c0d4562efa8561bc0f543172","name":"Reda\u00e7\u00e3o","image":{"@type":"ImageObject","inLanguage":"pt-BR","@id":"https:\/\/secure.gravatar.com\/avatar\/1072c6b775fb02ef8506ce967551d95926669a6b7d2c2147b42eea4d7c68395e?s=96&d=mm&r=g","url":"https:\/\/secure.gravatar.com\/avatar\/1072c6b775fb02ef8506ce967551d95926669a6b7d2c2147b42eea4d7c68395e?s=96&d=mm&r=g","contentUrl":"https:\/\/secure.gravatar.com\/avatar\/1072c6b775fb02ef8506ce967551d95926669a6b7d2c2147b42eea4d7c68395e?s=96&d=mm&r=g","caption":"Reda\u00e7\u00e3o"},"sameAs":["https:\/\/transamerica93.com.br\/home"],"url":"https:\/\/transamerica93.com.br\/home\/author\/william\/"}]}},"_links":{"self":[{"href":"https:\/\/transamerica93.com.br\/home\/wp-json\/wp\/v2\/posts\/1588","targetHints":{"allow":["GET"]}}],"collection":[{"href":"https:\/\/transamerica93.com.br\/home\/wp-json\/wp\/v2\/posts"}],"about":[{"href":"https:\/\/transamerica93.com.br\/home\/wp-json\/wp\/v2\/types\/post"}],"author":[{"embeddable":true,"href":"https:\/\/transamerica93.com.br\/home\/wp-json\/wp\/v2\/users\/1"}],"replies":[{"embeddable":true,"href":"https:\/\/transamerica93.com.br\/home\/wp-json\/wp\/v2\/comments?post=1588"}],"version-history":[{"count":1,"href":"https:\/\/transamerica93.com.br\/home\/wp-json\/wp\/v2\/posts\/1588\/revisions"}],"predecessor-version":[{"id":1590,"href":"https:\/\/transamerica93.com.br\/home\/wp-json\/wp\/v2\/posts\/1588\/revisions\/1590"}],"wp:featuredmedia":[{"embeddable":true,"href":"https:\/\/transamerica93.com.br\/home\/wp-json\/wp\/v2\/media\/1589"}],"wp:attachment":[{"href":"https:\/\/transamerica93.com.br\/home\/wp-json\/wp\/v2\/media?parent=1588"}],"wp:term":[{"taxonomy":"category","embeddable":true,"href":"https:\/\/transamerica93.com.br\/home\/wp-json\/wp\/v2\/categories?post=1588"},{"taxonomy":"post_tag","embeddable":true,"href":"https:\/\/transamerica93.com.br\/home\/wp-json\/wp\/v2\/tags?post=1588"}],"curies":[{"name":"wp","href":"https:\/\/api.w.org\/{rel}","templated":true}]}}