{"id":1591,"date":"2023-10-11T12:53:15","date_gmt":"2023-10-11T15:53:15","guid":{"rendered":"https:\/\/transamerica93.com.br\/home\/?p=1591"},"modified":"2023-10-11T12:53:15","modified_gmt":"2023-10-11T15:53:15","slug":"will-e-jada-smith-estao-separados-ha-sete-anos","status":"publish","type":"post","link":"https:\/\/transamerica93.com.br\/home\/will-e-jada-smith-estao-separados-ha-sete-anos\/","title":{"rendered":"Will e Jada Smith est\u00e3o separados h\u00e1 sete anos"},"content":{"rendered":"<h6 class=\"Assina\">Por Reda\u00e7\u00e3o E+<\/h6>\n<p>Jada e Will Smith est\u00e3o separados h\u00e1 sete anos. A revela\u00e7\u00e3o foi feita pela atriz em seu livro de mem\u00f3rias,\u00a0<i>Worthy<\/i>, que ser\u00e1 lan\u00e7ado no dia 17 de outubro. Em entrevista ao programa\u00a0<i>The Today Show<\/i>, da emissora norte-americana\u00a0<i>NBC<\/i>, a jornalista a Hoda Kotb destaca esse momento do livro e a artista confirma a separa\u00e7\u00e3o. &#8220;O que mais me surpreendeu foi quando voc\u00ea contou que em 2016 voc\u00ea e Will iriam viver completamente separados&#8221;, disse Hoda.<\/p>\n<p>&#8220;Sim&#8221;, respondeu Jada. Ainda que os dois sigam fazendo apari\u00e7\u00f5es p\u00fablicas lado a lado, Jada explicou que ambos n\u00e3o vivem mais juntos, mas ela optou por n\u00e3o assinar o div\u00f3rcio. Sobre o motivo da separa\u00e7\u00e3o, a atriz afirmou: &#8220;s\u00e3o muitas coisas e acho que quando chegamos a 2016, est\u00e1vamos exaustos de tentar. Acho que est\u00e1vamos ambos presos em nossa fantasia sobre o que pens\u00e1vamos que a outra pessoa deveria ser&#8221;.<\/p>\n<p>Jada reiterou que manteve a separa\u00e7\u00e3o em segredo porque &#8220;ainda n\u00e3o est\u00e1vamos prontos&#8221; para contar. &#8220;Ainda estamos tentando descobrir entre n\u00f3s dois como manter uma parceria&#8221;.<\/p>\n<p>&#8220;Eu prometi que nunca haveria uma raz\u00e3o para nos divorciarmos. Vamos resolver qualquer coisa. Eu simplesmente n\u00e3o fui capaz de quebrar essa promessa&#8221;, acrescentou. A atriz tamb\u00e9m falou sobre o assunto em entrevista a revista\u00a0<i>People<\/i>: &#8220;temos feito um trabalho realmente pesado juntos. Acabamos de sentir um amor profundo um pelo outro e vamos descobrir como isso ser\u00e1 para n\u00f3s&#8221;.<\/p>\n<p>Jada e Will se casaram em 1997 e j\u00e1 estavam separados quando aconteceu a pol\u00eamica no Oscar de 2022, envolvendo Chris Rock. O ex-casal s\u00e3o pais de Jaden, de 25 anos, Willow, de 22, e Trey, de 30. Will Smith ainda n\u00e3o se pronunciou sobre o caso.<\/p>\n","protected":false},"excerpt":{"rendered":"<p>Por Reda\u00e7\u00e3o E+ Jada e Will Smith est\u00e3o separados h\u00e1 sete anos. A revela\u00e7\u00e3o foi feita pela atriz em seu livro de mem\u00f3rias,\u00a0Worthy, que ser\u00e1 lan\u00e7ado no dia 17 de outubro. Em entrevista ao programa\u00a0The Today Show, da emissora norte-americana\u00a0NBC, a jornalista a Hoda Kotb destaca esse momento do livro e a artista confirma a &hellip;<\/p>\n","protected":false},"author":1,"featured_media":1592,"comment_status":"closed","ping_status":"closed","sticky":false,"template":"","format":"standard","meta":{"footnotes":""},"categories":[24],"tags":[],"class_list":["post-1591","post","type-post","status-publish","format-standard","has-post-thumbnail","hentry","category-entretenimento"],"yoast_head":"<!-- This site is optimized with the Yoast SEO plugin v27.4 - https:\/\/yoast.com\/product\/yoast-seo-wordpress\/ -->\n<title>Will e Jada Smith est\u00e3o separados h\u00e1 sete anos - Transam\u00e9rica Mococa 93,3<\/title>\n<meta name=\"robots\" content=\"index, follow, max-snippet:-1, max-image-preview:large, max-video-preview:-1\" \/>\n<link rel=\"canonical\" href=\"https:\/\/transamerica93.com.br\/home\/will-e-jada-smith-estao-separados-ha-sete-anos\/\" \/>\n<meta property=\"og:locale\" content=\"pt_BR\" \/>\n<meta property=\"og:type\" content=\"article\" \/>\n<meta property=\"og:title\" content=\"Will e Jada Smith est\u00e3o separados h\u00e1 sete anos - Transam\u00e9rica Mococa 93,3\" \/>\n<meta property=\"og:description\" content=\"Por Reda\u00e7\u00e3o E+ Jada e Will Smith est\u00e3o separados h\u00e1 sete anos. A revela\u00e7\u00e3o foi feita pela atriz em seu livro de mem\u00f3rias,\u00a0Worthy, que ser\u00e1 lan\u00e7ado no dia 17 de outubro. Em entrevista ao programa\u00a0The Today Show, da emissora norte-americana\u00a0NBC, a jornalista a Hoda Kotb destaca esse momento do livro e a artista confirma a &hellip;\" \/>\n<meta property=\"og:url\" content=\"https:\/\/transamerica93.com.br\/home\/will-e-jada-smith-estao-separados-ha-sete-anos\/\" \/>\n<meta property=\"og:site_name\" content=\"Transam\u00e9rica Mococa 93,3\" \/>\n<meta property=\"article:publisher\" content=\"https:\/\/www.facebook.com\/transamericamococa\" \/>\n<meta property=\"article:published_time\" content=\"2023-10-11T15:53:15+00:00\" \/>\n<meta property=\"og:image\" content=\"https:\/\/transamerica93.com.br\/home\/wp-content\/uploads\/2023\/10\/will.jpg\" \/>\n\t<meta property=\"og:image:width\" content=\"800\" \/>\n\t<meta property=\"og:image:height\" content=\"500\" \/>\n\t<meta property=\"og:image:type\" content=\"image\/jpeg\" \/>\n<meta name=\"author\" content=\"Reda\u00e7\u00e3o\" \/>\n<meta name=\"twitter:card\" content=\"summary_large_image\" \/>\n<meta name=\"twitter:creator\" content=\"@transamerica933\" \/>\n<meta name=\"twitter:site\" content=\"@transamerica933\" \/>\n<meta name=\"twitter:label1\" content=\"Escrito por\" \/>\n\t<meta name=\"twitter:data1\" content=\"Reda\u00e7\u00e3o\" \/>\n\t<meta name=\"twitter:label2\" content=\"Est. tempo de leitura\" \/>\n\t<meta name=\"twitter:data2\" content=\"2 minutos\" \/>\n<script type=\"application\/ld+json\" class=\"yoast-schema-graph\">{\"@context\":\"https:\\\/\\\/schema.org\",\"@graph\":[{\"@type\":\"Article\",\"@id\":\"https:\\\/\\\/transamerica93.com.br\\\/home\\\/will-e-jada-smith-estao-separados-ha-sete-anos\\\/#article\",\"isPartOf\":{\"@id\":\"https:\\\/\\\/transamerica93.com.br\\\/home\\\/will-e-jada-smith-estao-separados-ha-sete-anos\\\/\"},\"author\":{\"name\":\"Reda\u00e7\u00e3o\",\"@id\":\"https:\\\/\\\/transamerica93.com.br\\\/home\\\/#\\\/schema\\\/person\\\/7fed7c99c0d4562efa8561bc0f543172\"},\"headline\":\"Will e Jada Smith est\u00e3o separados h\u00e1 sete anos\",\"datePublished\":\"2023-10-11T15:53:15+00:00\",\"mainEntityOfPage\":{\"@id\":\"https:\\\/\\\/transamerica93.com.br\\\/home\\\/will-e-jada-smith-estao-separados-ha-sete-anos\\\/\"},\"wordCount\":312,\"publisher\":{\"@id\":\"https:\\\/\\\/transamerica93.com.br\\\/home\\\/#organization\"},\"image\":{\"@id\":\"https:\\\/\\\/transamerica93.com.br\\\/home\\\/will-e-jada-smith-estao-separados-ha-sete-anos\\\/#primaryimage\"},\"thumbnailUrl\":\"https:\\\/\\\/transamerica93.com.br\\\/home\\\/wp-content\\\/uploads\\\/2023\\\/10\\\/will.jpg\",\"articleSection\":[\"Entretenimento\"],\"inLanguage\":\"pt-BR\"},{\"@type\":\"WebPage\",\"@id\":\"https:\\\/\\\/transamerica93.com.br\\\/home\\\/will-e-jada-smith-estao-separados-ha-sete-anos\\\/\",\"url\":\"https:\\\/\\\/transamerica93.com.br\\\/home\\\/will-e-jada-smith-estao-separados-ha-sete-anos\\\/\",\"name\":\"Will e Jada Smith est\u00e3o separados h\u00e1 sete anos - Transam\u00e9rica Mococa 93,3\",\"isPartOf\":{\"@id\":\"https:\\\/\\\/transamerica93.com.br\\\/home\\\/#website\"},\"primaryImageOfPage\":{\"@id\":\"https:\\\/\\\/transamerica93.com.br\\\/home\\\/will-e-jada-smith-estao-separados-ha-sete-anos\\\/#primaryimage\"},\"image\":{\"@id\":\"https:\\\/\\\/transamerica93.com.br\\\/home\\\/will-e-jada-smith-estao-separados-ha-sete-anos\\\/#primaryimage\"},\"thumbnailUrl\":\"https:\\\/\\\/transamerica93.com.br\\\/home\\\/wp-content\\\/uploads\\\/2023\\\/10\\\/will.jpg\",\"datePublished\":\"2023-10-11T15:53:15+00:00\",\"breadcrumb\":{\"@id\":\"https:\\\/\\\/transamerica93.com.br\\\/home\\\/will-e-jada-smith-estao-separados-ha-sete-anos\\\/#breadcrumb\"},\"inLanguage\":\"pt-BR\",\"potentialAction\":[{\"@type\":\"ReadAction\",\"target\":[\"https:\\\/\\\/transamerica93.com.br\\\/home\\\/will-e-jada-smith-estao-separados-ha-sete-anos\\\/\"]}]},{\"@type\":\"ImageObject\",\"inLanguage\":\"pt-BR\",\"@id\":\"https:\\\/\\\/transamerica93.com.br\\\/home\\\/will-e-jada-smith-estao-separados-ha-sete-anos\\\/#primaryimage\",\"url\":\"https:\\\/\\\/transamerica93.com.br\\\/home\\\/wp-content\\\/uploads\\\/2023\\\/10\\\/will.jpg\",\"contentUrl\":\"https:\\\/\\\/transamerica93.com.br\\\/home\\\/wp-content\\\/uploads\\\/2023\\\/10\\\/will.jpg\",\"width\":800,\"height\":500,\"caption\":\"Foto: Faye's Vision\\\/Reuters\"},{\"@type\":\"BreadcrumbList\",\"@id\":\"https:\\\/\\\/transamerica93.com.br\\\/home\\\/will-e-jada-smith-estao-separados-ha-sete-anos\\\/#breadcrumb\",\"itemListElement\":[{\"@type\":\"ListItem\",\"position\":1,\"name\":\"In\u00edcio\",\"item\":\"https:\\\/\\\/transamerica93.com.br\\\/home\\\/\"},{\"@type\":\"ListItem\",\"position\":2,\"name\":\"Will e Jada Smith est\u00e3o separados h\u00e1 sete anos\"}]},{\"@type\":\"WebSite\",\"@id\":\"https:\\\/\\\/transamerica93.com.br\\\/home\\\/#website\",\"url\":\"https:\\\/\\\/transamerica93.com.br\\\/home\\\/\",\"name\":\"Transam\u00e9rica Mococa 93,3\",\"description\":\"\",\"publisher\":{\"@id\":\"https:\\\/\\\/transamerica93.com.br\\\/home\\\/#organization\"},\"potentialAction\":[{\"@type\":\"SearchAction\",\"target\":{\"@type\":\"EntryPoint\",\"urlTemplate\":\"https:\\\/\\\/transamerica93.com.br\\\/home\\\/?s={search_term_string}\"},\"query-input\":{\"@type\":\"PropertyValueSpecification\",\"valueRequired\":true,\"valueName\":\"search_term_string\"}}],\"inLanguage\":\"pt-BR\"},{\"@type\":\"Organization\",\"@id\":\"https:\\\/\\\/transamerica93.com.br\\\/home\\\/#organization\",\"name\":\"Transam\u00e9rica Mococa 93,3\",\"url\":\"https:\\\/\\\/transamerica93.com.br\\\/home\\\/\",\"logo\":{\"@type\":\"ImageObject\",\"inLanguage\":\"pt-BR\",\"@id\":\"https:\\\/\\\/transamerica93.com.br\\\/home\\\/#\\\/schema\\\/logo\\\/image\\\/\",\"url\":\"https:\\\/\\\/transamerica93.com.br\\\/home\\\/wp-content\\\/uploads\\\/2023\\\/10\\\/logo2.png\",\"contentUrl\":\"https:\\\/\\\/transamerica93.com.br\\\/home\\\/wp-content\\\/uploads\\\/2023\\\/10\\\/logo2.png\",\"width\":800,\"height\":500,\"caption\":\"Transam\u00e9rica Mococa 93,3\"},\"image\":{\"@id\":\"https:\\\/\\\/transamerica93.com.br\\\/home\\\/#\\\/schema\\\/logo\\\/image\\\/\"},\"sameAs\":[\"https:\\\/\\\/www.facebook.com\\\/transamericamococa\",\"https:\\\/\\\/x.com\\\/transamerica933\",\"https:\\\/\\\/www.instagram.com\\\/transamericamococa\"]},{\"@type\":\"Person\",\"@id\":\"https:\\\/\\\/transamerica93.com.br\\\/home\\\/#\\\/schema\\\/person\\\/7fed7c99c0d4562efa8561bc0f543172\",\"name\":\"Reda\u00e7\u00e3o\",\"image\":{\"@type\":\"ImageObject\",\"inLanguage\":\"pt-BR\",\"@id\":\"https:\\\/\\\/secure.gravatar.com\\\/avatar\\\/1072c6b775fb02ef8506ce967551d95926669a6b7d2c2147b42eea4d7c68395e?s=96&d=mm&r=g\",\"url\":\"https:\\\/\\\/secure.gravatar.com\\\/avatar\\\/1072c6b775fb02ef8506ce967551d95926669a6b7d2c2147b42eea4d7c68395e?s=96&d=mm&r=g\",\"contentUrl\":\"https:\\\/\\\/secure.gravatar.com\\\/avatar\\\/1072c6b775fb02ef8506ce967551d95926669a6b7d2c2147b42eea4d7c68395e?s=96&d=mm&r=g\",\"caption\":\"Reda\u00e7\u00e3o\"},\"sameAs\":[\"https:\\\/\\\/transamerica93.com.br\\\/home\"],\"url\":\"https:\\\/\\\/transamerica93.com.br\\\/home\\\/author\\\/william\\\/\"}]}<\/script>\n<!-- \/ Yoast SEO plugin. -->","yoast_head_json":{"title":"Will e Jada Smith est\u00e3o separados h\u00e1 sete anos - Transam\u00e9rica Mococa 93,3","robots":{"index":"index","follow":"follow","max-snippet":"max-snippet:-1","max-image-preview":"max-image-preview:large","max-video-preview":"max-video-preview:-1"},"canonical":"https:\/\/transamerica93.com.br\/home\/will-e-jada-smith-estao-separados-ha-sete-anos\/","og_locale":"pt_BR","og_type":"article","og_title":"Will e Jada Smith est\u00e3o separados h\u00e1 sete anos - Transam\u00e9rica Mococa 93,3","og_description":"Por Reda\u00e7\u00e3o E+ Jada e Will Smith est\u00e3o separados h\u00e1 sete anos. A revela\u00e7\u00e3o foi feita pela atriz em seu livro de mem\u00f3rias,\u00a0Worthy, que ser\u00e1 lan\u00e7ado no dia 17 de outubro. Em entrevista ao programa\u00a0The Today Show, da emissora norte-americana\u00a0NBC, a jornalista a Hoda Kotb destaca esse momento do livro e a artista confirma a &hellip;","og_url":"https:\/\/transamerica93.com.br\/home\/will-e-jada-smith-estao-separados-ha-sete-anos\/","og_site_name":"Transam\u00e9rica Mococa 93,3","article_publisher":"https:\/\/www.facebook.com\/transamericamococa","article_published_time":"2023-10-11T15:53:15+00:00","og_image":[{"width":800,"height":500,"url":"https:\/\/transamerica93.com.br\/home\/wp-content\/uploads\/2023\/10\/will.jpg","type":"image\/jpeg"}],"author":"Reda\u00e7\u00e3o","twitter_card":"summary_large_image","twitter_creator":"@transamerica933","twitter_site":"@transamerica933","twitter_misc":{"Escrito por":"Reda\u00e7\u00e3o","Est. tempo de leitura":"2 minutos"},"schema":{"@context":"https:\/\/schema.org","@graph":[{"@type":"Article","@id":"https:\/\/transamerica93.com.br\/home\/will-e-jada-smith-estao-separados-ha-sete-anos\/#article","isPartOf":{"@id":"https:\/\/transamerica93.com.br\/home\/will-e-jada-smith-estao-separados-ha-sete-anos\/"},"author":{"name":"Reda\u00e7\u00e3o","@id":"https:\/\/transamerica93.com.br\/home\/#\/schema\/person\/7fed7c99c0d4562efa8561bc0f543172"},"headline":"Will e Jada Smith est\u00e3o separados h\u00e1 sete anos","datePublished":"2023-10-11T15:53:15+00:00","mainEntityOfPage":{"@id":"https:\/\/transamerica93.com.br\/home\/will-e-jada-smith-estao-separados-ha-sete-anos\/"},"wordCount":312,"publisher":{"@id":"https:\/\/transamerica93.com.br\/home\/#organization"},"image":{"@id":"https:\/\/transamerica93.com.br\/home\/will-e-jada-smith-estao-separados-ha-sete-anos\/#primaryimage"},"thumbnailUrl":"https:\/\/transamerica93.com.br\/home\/wp-content\/uploads\/2023\/10\/will.jpg","articleSection":["Entretenimento"],"inLanguage":"pt-BR"},{"@type":"WebPage","@id":"https:\/\/transamerica93.com.br\/home\/will-e-jada-smith-estao-separados-ha-sete-anos\/","url":"https:\/\/transamerica93.com.br\/home\/will-e-jada-smith-estao-separados-ha-sete-anos\/","name":"Will e Jada Smith est\u00e3o separados h\u00e1 sete anos - Transam\u00e9rica Mococa 93,3","isPartOf":{"@id":"https:\/\/transamerica93.com.br\/home\/#website"},"primaryImageOfPage":{"@id":"https:\/\/transamerica93.com.br\/home\/will-e-jada-smith-estao-separados-ha-sete-anos\/#primaryimage"},"image":{"@id":"https:\/\/transamerica93.com.br\/home\/will-e-jada-smith-estao-separados-ha-sete-anos\/#primaryimage"},"thumbnailUrl":"https:\/\/transamerica93.com.br\/home\/wp-content\/uploads\/2023\/10\/will.jpg","datePublished":"2023-10-11T15:53:15+00:00","breadcrumb":{"@id":"https:\/\/transamerica93.com.br\/home\/will-e-jada-smith-estao-separados-ha-sete-anos\/#breadcrumb"},"inLanguage":"pt-BR","potentialAction":[{"@type":"ReadAction","target":["https:\/\/transamerica93.com.br\/home\/will-e-jada-smith-estao-separados-ha-sete-anos\/"]}]},{"@type":"ImageObject","inLanguage":"pt-BR","@id":"https:\/\/transamerica93.com.br\/home\/will-e-jada-smith-estao-separados-ha-sete-anos\/#primaryimage","url":"https:\/\/transamerica93.com.br\/home\/wp-content\/uploads\/2023\/10\/will.jpg","contentUrl":"https:\/\/transamerica93.com.br\/home\/wp-content\/uploads\/2023\/10\/will.jpg","width":800,"height":500,"caption":"Foto: Faye's Vision\/Reuters"},{"@type":"BreadcrumbList","@id":"https:\/\/transamerica93.com.br\/home\/will-e-jada-smith-estao-separados-ha-sete-anos\/#breadcrumb","itemListElement":[{"@type":"ListItem","position":1,"name":"In\u00edcio","item":"https:\/\/transamerica93.com.br\/home\/"},{"@type":"ListItem","position":2,"name":"Will e Jada Smith est\u00e3o separados h\u00e1 sete anos"}]},{"@type":"WebSite","@id":"https:\/\/transamerica93.com.br\/home\/#website","url":"https:\/\/transamerica93.com.br\/home\/","name":"Transam\u00e9rica Mococa 93,3","description":"","publisher":{"@id":"https:\/\/transamerica93.com.br\/home\/#organization"},"potentialAction":[{"@type":"SearchAction","target":{"@type":"EntryPoint","urlTemplate":"https:\/\/transamerica93.com.br\/home\/?s={search_term_string}"},"query-input":{"@type":"PropertyValueSpecification","valueRequired":true,"valueName":"search_term_string"}}],"inLanguage":"pt-BR"},{"@type":"Organization","@id":"https:\/\/transamerica93.com.br\/home\/#organization","name":"Transam\u00e9rica Mococa 93,3","url":"https:\/\/transamerica93.com.br\/home\/","logo":{"@type":"ImageObject","inLanguage":"pt-BR","@id":"https:\/\/transamerica93.com.br\/home\/#\/schema\/logo\/image\/","url":"https:\/\/transamerica93.com.br\/home\/wp-content\/uploads\/2023\/10\/logo2.png","contentUrl":"https:\/\/transamerica93.com.br\/home\/wp-content\/uploads\/2023\/10\/logo2.png","width":800,"height":500,"caption":"Transam\u00e9rica Mococa 93,3"},"image":{"@id":"https:\/\/transamerica93.com.br\/home\/#\/schema\/logo\/image\/"},"sameAs":["https:\/\/www.facebook.com\/transamericamococa","https:\/\/x.com\/transamerica933","https:\/\/www.instagram.com\/transamericamococa"]},{"@type":"Person","@id":"https:\/\/transamerica93.com.br\/home\/#\/schema\/person\/7fed7c99c0d4562efa8561bc0f543172","name":"Reda\u00e7\u00e3o","image":{"@type":"ImageObject","inLanguage":"pt-BR","@id":"https:\/\/secure.gravatar.com\/avatar\/1072c6b775fb02ef8506ce967551d95926669a6b7d2c2147b42eea4d7c68395e?s=96&d=mm&r=g","url":"https:\/\/secure.gravatar.com\/avatar\/1072c6b775fb02ef8506ce967551d95926669a6b7d2c2147b42eea4d7c68395e?s=96&d=mm&r=g","contentUrl":"https:\/\/secure.gravatar.com\/avatar\/1072c6b775fb02ef8506ce967551d95926669a6b7d2c2147b42eea4d7c68395e?s=96&d=mm&r=g","caption":"Reda\u00e7\u00e3o"},"sameAs":["https:\/\/transamerica93.com.br\/home"],"url":"https:\/\/transamerica93.com.br\/home\/author\/william\/"}]}},"_links":{"self":[{"href":"https:\/\/transamerica93.com.br\/home\/wp-json\/wp\/v2\/posts\/1591","targetHints":{"allow":["GET"]}}],"collection":[{"href":"https:\/\/transamerica93.com.br\/home\/wp-json\/wp\/v2\/posts"}],"about":[{"href":"https:\/\/transamerica93.com.br\/home\/wp-json\/wp\/v2\/types\/post"}],"author":[{"embeddable":true,"href":"https:\/\/transamerica93.com.br\/home\/wp-json\/wp\/v2\/users\/1"}],"replies":[{"embeddable":true,"href":"https:\/\/transamerica93.com.br\/home\/wp-json\/wp\/v2\/comments?post=1591"}],"version-history":[{"count":1,"href":"https:\/\/transamerica93.com.br\/home\/wp-json\/wp\/v2\/posts\/1591\/revisions"}],"predecessor-version":[{"id":1593,"href":"https:\/\/transamerica93.com.br\/home\/wp-json\/wp\/v2\/posts\/1591\/revisions\/1593"}],"wp:featuredmedia":[{"embeddable":true,"href":"https:\/\/transamerica93.com.br\/home\/wp-json\/wp\/v2\/media\/1592"}],"wp:attachment":[{"href":"https:\/\/transamerica93.com.br\/home\/wp-json\/wp\/v2\/media?parent=1591"}],"wp:term":[{"taxonomy":"category","embeddable":true,"href":"https:\/\/transamerica93.com.br\/home\/wp-json\/wp\/v2\/categories?post=1591"},{"taxonomy":"post_tag","embeddable":true,"href":"https:\/\/transamerica93.com.br\/home\/wp-json\/wp\/v2\/tags?post=1591"}],"curies":[{"name":"wp","href":"https:\/\/api.w.org\/{rel}","templated":true}]}}