{"id":1634,"date":"2023-10-11T20:27:03","date_gmt":"2023-10-11T23:27:03","guid":{"rendered":"https:\/\/transamerica93.com.br\/home\/?p=1634"},"modified":"2023-10-11T20:31:33","modified_gmt":"2023-10-11T23:31:33","slug":"the-town-e-rock-in-rio-vao-ter-sertanejo-e-luan-santana-sera-convidado-diz-roberto-medina","status":"publish","type":"post","link":"https:\/\/transamerica93.com.br\/home\/the-town-e-rock-in-rio-vao-ter-sertanejo-e-luan-santana-sera-convidado-diz-roberto-medina\/","title":{"rendered":"The Town e Rock In Rio v\u00e3o ter sertanejo e Luan Santana ser\u00e1 convidado, diz Roberto Medina"},"content":{"rendered":"<p>Por Reda\u00e7\u00e3o C2<\/p>\n<p>Roberto Medina revelou que pretende incluir sertanejo e k-pop nas atra\u00e7\u00f5es do The Town e Rock in Rio. O criador dos festivais disse ainda que pretende chamar Luan Santana para se apresentar na pr\u00f3xima edi\u00e7\u00e3o.<\/p>\n<p>&#8220;Eu queria convidar o Luan Santana, n\u00e3o sei por que n\u00e3o conseguimos. Mas ele certamente estar\u00e1 aqui [S\u00e3o Paulo] ou no Rock in Rio. Hoje n\u00e3o existe mais espa\u00e7o para r\u00f3tulos. Luan \u00e9 sertanejo, mas tamb\u00e9m \u00e9 pop&#8221;, disse ele em entrevista a\u00a0<i>Billboard Brasil<\/i>.<\/p>\n<p>&#8220;Tem uma performance fant\u00e1stica, uma trilha fenomenal. Ali\u00e1s, o convidei para assistir a umas apresenta\u00e7\u00f5es&#8221;, completou. Medina tamb\u00e9m reiterou que tinha a inten\u00e7\u00e3o de trazer o k-pop para o festival em S\u00e3o Paulo, mas n\u00e3o foi poss\u00edvel.<\/p>\n<p>&#8220;Era para ter uma ou duas atra\u00e7\u00f5es de k-pop neste ano, por\u00e9m a negocia\u00e7\u00e3o n\u00e3o foi adiante. Mas eles est\u00e3o no meu radar. Principalmente para eventos em S\u00e3o Paulo, onde fazem mais sucesso do que no Rio. Quem sabe na pr\u00f3xima?&#8221;, disse.<\/p>\n<p>Roberto explicou que a import\u00e2ncia de diversificar as atra\u00e7\u00f5es musicais \u00e9 justamente para atingir &#8220;um p\u00fablico de 1,5 milh\u00e3o de pessoas&#8221;. Al\u00e9m disso, o empres\u00e1rio revelou que pretende dedicar um dia inteiro a artistas do Pa\u00eds.<\/p>\n<p>&#8220;O cen\u00e1rio brasileiro cresceu tanto que penso at\u00e9 em fazer um dia apenas dedicado aos artistas daqui. Hoje voc\u00ea tem J\u00e3o e Ludmilla enchendo est\u00e1dios. Por fim, o palco Sunset mostrou que h\u00e1 espa\u00e7o para a diversidade musical dos dias&#8221;, concluiu.<\/p>\n","protected":false},"excerpt":{"rendered":"<p>Por Reda\u00e7\u00e3o C2 Roberto Medina revelou que pretende incluir sertanejo e k-pop nas atra\u00e7\u00f5es do The Town e Rock in Rio. O criador dos festivais disse ainda que pretende chamar Luan Santana para se apresentar na pr\u00f3xima edi\u00e7\u00e3o. &#8220;Eu queria convidar o Luan Santana, n\u00e3o sei por que n\u00e3o conseguimos. Mas ele certamente estar\u00e1 aqui &hellip;<\/p>\n","protected":false},"author":1,"featured_media":1637,"comment_status":"closed","ping_status":"closed","sticky":false,"template":"","format":"standard","meta":{"footnotes":""},"categories":[25],"tags":[],"class_list":["post-1634","post","type-post","status-publish","format-standard","has-post-thumbnail","hentry","category-musica"],"yoast_head":"<!-- This site is optimized with the Yoast SEO plugin v27.4 - https:\/\/yoast.com\/product\/yoast-seo-wordpress\/ -->\n<title>The Town e Rock In Rio v\u00e3o ter sertanejo e Luan Santana ser\u00e1 convidado, diz Roberto Medina - Transam\u00e9rica Mococa 93,3<\/title>\n<meta name=\"robots\" content=\"index, follow, max-snippet:-1, max-image-preview:large, max-video-preview:-1\" \/>\n<link rel=\"canonical\" href=\"https:\/\/transamerica93.com.br\/home\/the-town-e-rock-in-rio-vao-ter-sertanejo-e-luan-santana-sera-convidado-diz-roberto-medina\/\" \/>\n<meta property=\"og:locale\" content=\"pt_BR\" \/>\n<meta property=\"og:type\" content=\"article\" \/>\n<meta property=\"og:title\" content=\"The Town e Rock In Rio v\u00e3o ter sertanejo e Luan Santana ser\u00e1 convidado, diz Roberto Medina - Transam\u00e9rica Mococa 93,3\" \/>\n<meta property=\"og:description\" content=\"Por Reda\u00e7\u00e3o C2 Roberto Medina revelou que pretende incluir sertanejo e k-pop nas atra\u00e7\u00f5es do The Town e Rock in Rio. O criador dos festivais disse ainda que pretende chamar Luan Santana para se apresentar na pr\u00f3xima edi\u00e7\u00e3o. &#8220;Eu queria convidar o Luan Santana, n\u00e3o sei por que n\u00e3o conseguimos. Mas ele certamente estar\u00e1 aqui &hellip;\" \/>\n<meta property=\"og:url\" content=\"https:\/\/transamerica93.com.br\/home\/the-town-e-rock-in-rio-vao-ter-sertanejo-e-luan-santana-sera-convidado-diz-roberto-medina\/\" \/>\n<meta property=\"og:site_name\" content=\"Transam\u00e9rica Mococa 93,3\" \/>\n<meta property=\"article:publisher\" content=\"https:\/\/www.facebook.com\/transamericamococa\" \/>\n<meta property=\"article:published_time\" content=\"2023-10-11T23:27:03+00:00\" \/>\n<meta property=\"article:modified_time\" content=\"2023-10-11T23:31:33+00:00\" \/>\n<meta property=\"og:image\" content=\"https:\/\/transamerica93.com.br\/home\/wp-content\/uploads\/2023\/10\/luansantana2.jpg\" \/>\n\t<meta property=\"og:image:width\" content=\"800\" \/>\n\t<meta property=\"og:image:height\" content=\"500\" \/>\n\t<meta property=\"og:image:type\" content=\"image\/jpeg\" \/>\n<meta name=\"author\" content=\"Reda\u00e7\u00e3o\" \/>\n<meta name=\"twitter:card\" content=\"summary_large_image\" \/>\n<meta name=\"twitter:creator\" content=\"@transamerica933\" \/>\n<meta name=\"twitter:site\" content=\"@transamerica933\" \/>\n<meta name=\"twitter:label1\" content=\"Escrito por\" \/>\n\t<meta name=\"twitter:data1\" content=\"Reda\u00e7\u00e3o\" \/>\n\t<meta name=\"twitter:label2\" content=\"Est. tempo de leitura\" \/>\n\t<meta name=\"twitter:data2\" content=\"2 minutos\" \/>\n<script type=\"application\/ld+json\" class=\"yoast-schema-graph\">{\"@context\":\"https:\\\/\\\/schema.org\",\"@graph\":[{\"@type\":\"Article\",\"@id\":\"https:\\\/\\\/transamerica93.com.br\\\/home\\\/the-town-e-rock-in-rio-vao-ter-sertanejo-e-luan-santana-sera-convidado-diz-roberto-medina\\\/#article\",\"isPartOf\":{\"@id\":\"https:\\\/\\\/transamerica93.com.br\\\/home\\\/the-town-e-rock-in-rio-vao-ter-sertanejo-e-luan-santana-sera-convidado-diz-roberto-medina\\\/\"},\"author\":{\"name\":\"Reda\u00e7\u00e3o\",\"@id\":\"https:\\\/\\\/transamerica93.com.br\\\/home\\\/#\\\/schema\\\/person\\\/7fed7c99c0d4562efa8561bc0f543172\"},\"headline\":\"The Town e Rock In Rio v\u00e3o ter sertanejo e Luan Santana ser\u00e1 convidado, diz Roberto Medina\",\"datePublished\":\"2023-10-11T23:27:03+00:00\",\"dateModified\":\"2023-10-11T23:31:33+00:00\",\"mainEntityOfPage\":{\"@id\":\"https:\\\/\\\/transamerica93.com.br\\\/home\\\/the-town-e-rock-in-rio-vao-ter-sertanejo-e-luan-santana-sera-convidado-diz-roberto-medina\\\/\"},\"wordCount\":290,\"publisher\":{\"@id\":\"https:\\\/\\\/transamerica93.com.br\\\/home\\\/#organization\"},\"image\":{\"@id\":\"https:\\\/\\\/transamerica93.com.br\\\/home\\\/the-town-e-rock-in-rio-vao-ter-sertanejo-e-luan-santana-sera-convidado-diz-roberto-medina\\\/#primaryimage\"},\"thumbnailUrl\":\"https:\\\/\\\/transamerica93.com.br\\\/home\\\/wp-content\\\/uploads\\\/2023\\\/10\\\/luansantana2.jpg\",\"articleSection\":[\"M\u00fasica\"],\"inLanguage\":\"pt-BR\"},{\"@type\":\"WebPage\",\"@id\":\"https:\\\/\\\/transamerica93.com.br\\\/home\\\/the-town-e-rock-in-rio-vao-ter-sertanejo-e-luan-santana-sera-convidado-diz-roberto-medina\\\/\",\"url\":\"https:\\\/\\\/transamerica93.com.br\\\/home\\\/the-town-e-rock-in-rio-vao-ter-sertanejo-e-luan-santana-sera-convidado-diz-roberto-medina\\\/\",\"name\":\"The Town e Rock In Rio v\u00e3o ter sertanejo e Luan Santana ser\u00e1 convidado, diz Roberto Medina - Transam\u00e9rica Mococa 93,3\",\"isPartOf\":{\"@id\":\"https:\\\/\\\/transamerica93.com.br\\\/home\\\/#website\"},\"primaryImageOfPage\":{\"@id\":\"https:\\\/\\\/transamerica93.com.br\\\/home\\\/the-town-e-rock-in-rio-vao-ter-sertanejo-e-luan-santana-sera-convidado-diz-roberto-medina\\\/#primaryimage\"},\"image\":{\"@id\":\"https:\\\/\\\/transamerica93.com.br\\\/home\\\/the-town-e-rock-in-rio-vao-ter-sertanejo-e-luan-santana-sera-convidado-diz-roberto-medina\\\/#primaryimage\"},\"thumbnailUrl\":\"https:\\\/\\\/transamerica93.com.br\\\/home\\\/wp-content\\\/uploads\\\/2023\\\/10\\\/luansantana2.jpg\",\"datePublished\":\"2023-10-11T23:27:03+00:00\",\"dateModified\":\"2023-10-11T23:31:33+00:00\",\"breadcrumb\":{\"@id\":\"https:\\\/\\\/transamerica93.com.br\\\/home\\\/the-town-e-rock-in-rio-vao-ter-sertanejo-e-luan-santana-sera-convidado-diz-roberto-medina\\\/#breadcrumb\"},\"inLanguage\":\"pt-BR\",\"potentialAction\":[{\"@type\":\"ReadAction\",\"target\":[\"https:\\\/\\\/transamerica93.com.br\\\/home\\\/the-town-e-rock-in-rio-vao-ter-sertanejo-e-luan-santana-sera-convidado-diz-roberto-medina\\\/\"]}]},{\"@type\":\"ImageObject\",\"inLanguage\":\"pt-BR\",\"@id\":\"https:\\\/\\\/transamerica93.com.br\\\/home\\\/the-town-e-rock-in-rio-vao-ter-sertanejo-e-luan-santana-sera-convidado-diz-roberto-medina\\\/#primaryimage\",\"url\":\"https:\\\/\\\/transamerica93.com.br\\\/home\\\/wp-content\\\/uploads\\\/2023\\\/10\\\/luansantana2.jpg\",\"contentUrl\":\"https:\\\/\\\/transamerica93.com.br\\\/home\\\/wp-content\\\/uploads\\\/2023\\\/10\\\/luansantana2.jpg\",\"width\":800,\"height\":500,\"caption\":\"Foto: Reprodu\u00e7\u00e3o Instagram\"},{\"@type\":\"BreadcrumbList\",\"@id\":\"https:\\\/\\\/transamerica93.com.br\\\/home\\\/the-town-e-rock-in-rio-vao-ter-sertanejo-e-luan-santana-sera-convidado-diz-roberto-medina\\\/#breadcrumb\",\"itemListElement\":[{\"@type\":\"ListItem\",\"position\":1,\"name\":\"In\u00edcio\",\"item\":\"https:\\\/\\\/transamerica93.com.br\\\/home\\\/\"},{\"@type\":\"ListItem\",\"position\":2,\"name\":\"The Town e Rock In Rio v\u00e3o ter sertanejo e Luan Santana ser\u00e1 convidado, diz Roberto Medina\"}]},{\"@type\":\"WebSite\",\"@id\":\"https:\\\/\\\/transamerica93.com.br\\\/home\\\/#website\",\"url\":\"https:\\\/\\\/transamerica93.com.br\\\/home\\\/\",\"name\":\"Transam\u00e9rica Mococa 93,3\",\"description\":\"\",\"publisher\":{\"@id\":\"https:\\\/\\\/transamerica93.com.br\\\/home\\\/#organization\"},\"potentialAction\":[{\"@type\":\"SearchAction\",\"target\":{\"@type\":\"EntryPoint\",\"urlTemplate\":\"https:\\\/\\\/transamerica93.com.br\\\/home\\\/?s={search_term_string}\"},\"query-input\":{\"@type\":\"PropertyValueSpecification\",\"valueRequired\":true,\"valueName\":\"search_term_string\"}}],\"inLanguage\":\"pt-BR\"},{\"@type\":\"Organization\",\"@id\":\"https:\\\/\\\/transamerica93.com.br\\\/home\\\/#organization\",\"name\":\"Transam\u00e9rica Mococa 93,3\",\"url\":\"https:\\\/\\\/transamerica93.com.br\\\/home\\\/\",\"logo\":{\"@type\":\"ImageObject\",\"inLanguage\":\"pt-BR\",\"@id\":\"https:\\\/\\\/transamerica93.com.br\\\/home\\\/#\\\/schema\\\/logo\\\/image\\\/\",\"url\":\"https:\\\/\\\/transamerica93.com.br\\\/home\\\/wp-content\\\/uploads\\\/2023\\\/10\\\/logo2.png\",\"contentUrl\":\"https:\\\/\\\/transamerica93.com.br\\\/home\\\/wp-content\\\/uploads\\\/2023\\\/10\\\/logo2.png\",\"width\":800,\"height\":500,\"caption\":\"Transam\u00e9rica Mococa 93,3\"},\"image\":{\"@id\":\"https:\\\/\\\/transamerica93.com.br\\\/home\\\/#\\\/schema\\\/logo\\\/image\\\/\"},\"sameAs\":[\"https:\\\/\\\/www.facebook.com\\\/transamericamococa\",\"https:\\\/\\\/x.com\\\/transamerica933\",\"https:\\\/\\\/www.instagram.com\\\/transamericamococa\"]},{\"@type\":\"Person\",\"@id\":\"https:\\\/\\\/transamerica93.com.br\\\/home\\\/#\\\/schema\\\/person\\\/7fed7c99c0d4562efa8561bc0f543172\",\"name\":\"Reda\u00e7\u00e3o\",\"image\":{\"@type\":\"ImageObject\",\"inLanguage\":\"pt-BR\",\"@id\":\"https:\\\/\\\/secure.gravatar.com\\\/avatar\\\/1072c6b775fb02ef8506ce967551d95926669a6b7d2c2147b42eea4d7c68395e?s=96&d=mm&r=g\",\"url\":\"https:\\\/\\\/secure.gravatar.com\\\/avatar\\\/1072c6b775fb02ef8506ce967551d95926669a6b7d2c2147b42eea4d7c68395e?s=96&d=mm&r=g\",\"contentUrl\":\"https:\\\/\\\/secure.gravatar.com\\\/avatar\\\/1072c6b775fb02ef8506ce967551d95926669a6b7d2c2147b42eea4d7c68395e?s=96&d=mm&r=g\",\"caption\":\"Reda\u00e7\u00e3o\"},\"sameAs\":[\"https:\\\/\\\/transamerica93.com.br\\\/home\"],\"url\":\"https:\\\/\\\/transamerica93.com.br\\\/home\\\/author\\\/william\\\/\"}]}<\/script>\n<!-- \/ Yoast SEO plugin. -->","yoast_head_json":{"title":"The Town e Rock In Rio v\u00e3o ter sertanejo e Luan Santana ser\u00e1 convidado, diz Roberto Medina - Transam\u00e9rica Mococa 93,3","robots":{"index":"index","follow":"follow","max-snippet":"max-snippet:-1","max-image-preview":"max-image-preview:large","max-video-preview":"max-video-preview:-1"},"canonical":"https:\/\/transamerica93.com.br\/home\/the-town-e-rock-in-rio-vao-ter-sertanejo-e-luan-santana-sera-convidado-diz-roberto-medina\/","og_locale":"pt_BR","og_type":"article","og_title":"The Town e Rock In Rio v\u00e3o ter sertanejo e Luan Santana ser\u00e1 convidado, diz Roberto Medina - Transam\u00e9rica Mococa 93,3","og_description":"Por Reda\u00e7\u00e3o C2 Roberto Medina revelou que pretende incluir sertanejo e k-pop nas atra\u00e7\u00f5es do The Town e Rock in Rio. O criador dos festivais disse ainda que pretende chamar Luan Santana para se apresentar na pr\u00f3xima edi\u00e7\u00e3o. &#8220;Eu queria convidar o Luan Santana, n\u00e3o sei por que n\u00e3o conseguimos. Mas ele certamente estar\u00e1 aqui &hellip;","og_url":"https:\/\/transamerica93.com.br\/home\/the-town-e-rock-in-rio-vao-ter-sertanejo-e-luan-santana-sera-convidado-diz-roberto-medina\/","og_site_name":"Transam\u00e9rica Mococa 93,3","article_publisher":"https:\/\/www.facebook.com\/transamericamococa","article_published_time":"2023-10-11T23:27:03+00:00","article_modified_time":"2023-10-11T23:31:33+00:00","og_image":[{"width":800,"height":500,"url":"https:\/\/transamerica93.com.br\/home\/wp-content\/uploads\/2023\/10\/luansantana2.jpg","type":"image\/jpeg"}],"author":"Reda\u00e7\u00e3o","twitter_card":"summary_large_image","twitter_creator":"@transamerica933","twitter_site":"@transamerica933","twitter_misc":{"Escrito por":"Reda\u00e7\u00e3o","Est. tempo de leitura":"2 minutos"},"schema":{"@context":"https:\/\/schema.org","@graph":[{"@type":"Article","@id":"https:\/\/transamerica93.com.br\/home\/the-town-e-rock-in-rio-vao-ter-sertanejo-e-luan-santana-sera-convidado-diz-roberto-medina\/#article","isPartOf":{"@id":"https:\/\/transamerica93.com.br\/home\/the-town-e-rock-in-rio-vao-ter-sertanejo-e-luan-santana-sera-convidado-diz-roberto-medina\/"},"author":{"name":"Reda\u00e7\u00e3o","@id":"https:\/\/transamerica93.com.br\/home\/#\/schema\/person\/7fed7c99c0d4562efa8561bc0f543172"},"headline":"The Town e Rock In Rio v\u00e3o ter sertanejo e Luan Santana ser\u00e1 convidado, diz Roberto Medina","datePublished":"2023-10-11T23:27:03+00:00","dateModified":"2023-10-11T23:31:33+00:00","mainEntityOfPage":{"@id":"https:\/\/transamerica93.com.br\/home\/the-town-e-rock-in-rio-vao-ter-sertanejo-e-luan-santana-sera-convidado-diz-roberto-medina\/"},"wordCount":290,"publisher":{"@id":"https:\/\/transamerica93.com.br\/home\/#organization"},"image":{"@id":"https:\/\/transamerica93.com.br\/home\/the-town-e-rock-in-rio-vao-ter-sertanejo-e-luan-santana-sera-convidado-diz-roberto-medina\/#primaryimage"},"thumbnailUrl":"https:\/\/transamerica93.com.br\/home\/wp-content\/uploads\/2023\/10\/luansantana2.jpg","articleSection":["M\u00fasica"],"inLanguage":"pt-BR"},{"@type":"WebPage","@id":"https:\/\/transamerica93.com.br\/home\/the-town-e-rock-in-rio-vao-ter-sertanejo-e-luan-santana-sera-convidado-diz-roberto-medina\/","url":"https:\/\/transamerica93.com.br\/home\/the-town-e-rock-in-rio-vao-ter-sertanejo-e-luan-santana-sera-convidado-diz-roberto-medina\/","name":"The Town e Rock In Rio v\u00e3o ter sertanejo e Luan Santana ser\u00e1 convidado, diz Roberto Medina - Transam\u00e9rica Mococa 93,3","isPartOf":{"@id":"https:\/\/transamerica93.com.br\/home\/#website"},"primaryImageOfPage":{"@id":"https:\/\/transamerica93.com.br\/home\/the-town-e-rock-in-rio-vao-ter-sertanejo-e-luan-santana-sera-convidado-diz-roberto-medina\/#primaryimage"},"image":{"@id":"https:\/\/transamerica93.com.br\/home\/the-town-e-rock-in-rio-vao-ter-sertanejo-e-luan-santana-sera-convidado-diz-roberto-medina\/#primaryimage"},"thumbnailUrl":"https:\/\/transamerica93.com.br\/home\/wp-content\/uploads\/2023\/10\/luansantana2.jpg","datePublished":"2023-10-11T23:27:03+00:00","dateModified":"2023-10-11T23:31:33+00:00","breadcrumb":{"@id":"https:\/\/transamerica93.com.br\/home\/the-town-e-rock-in-rio-vao-ter-sertanejo-e-luan-santana-sera-convidado-diz-roberto-medina\/#breadcrumb"},"inLanguage":"pt-BR","potentialAction":[{"@type":"ReadAction","target":["https:\/\/transamerica93.com.br\/home\/the-town-e-rock-in-rio-vao-ter-sertanejo-e-luan-santana-sera-convidado-diz-roberto-medina\/"]}]},{"@type":"ImageObject","inLanguage":"pt-BR","@id":"https:\/\/transamerica93.com.br\/home\/the-town-e-rock-in-rio-vao-ter-sertanejo-e-luan-santana-sera-convidado-diz-roberto-medina\/#primaryimage","url":"https:\/\/transamerica93.com.br\/home\/wp-content\/uploads\/2023\/10\/luansantana2.jpg","contentUrl":"https:\/\/transamerica93.com.br\/home\/wp-content\/uploads\/2023\/10\/luansantana2.jpg","width":800,"height":500,"caption":"Foto: Reprodu\u00e7\u00e3o Instagram"},{"@type":"BreadcrumbList","@id":"https:\/\/transamerica93.com.br\/home\/the-town-e-rock-in-rio-vao-ter-sertanejo-e-luan-santana-sera-convidado-diz-roberto-medina\/#breadcrumb","itemListElement":[{"@type":"ListItem","position":1,"name":"In\u00edcio","item":"https:\/\/transamerica93.com.br\/home\/"},{"@type":"ListItem","position":2,"name":"The Town e Rock In Rio v\u00e3o ter sertanejo e Luan Santana ser\u00e1 convidado, diz Roberto Medina"}]},{"@type":"WebSite","@id":"https:\/\/transamerica93.com.br\/home\/#website","url":"https:\/\/transamerica93.com.br\/home\/","name":"Transam\u00e9rica Mococa 93,3","description":"","publisher":{"@id":"https:\/\/transamerica93.com.br\/home\/#organization"},"potentialAction":[{"@type":"SearchAction","target":{"@type":"EntryPoint","urlTemplate":"https:\/\/transamerica93.com.br\/home\/?s={search_term_string}"},"query-input":{"@type":"PropertyValueSpecification","valueRequired":true,"valueName":"search_term_string"}}],"inLanguage":"pt-BR"},{"@type":"Organization","@id":"https:\/\/transamerica93.com.br\/home\/#organization","name":"Transam\u00e9rica Mococa 93,3","url":"https:\/\/transamerica93.com.br\/home\/","logo":{"@type":"ImageObject","inLanguage":"pt-BR","@id":"https:\/\/transamerica93.com.br\/home\/#\/schema\/logo\/image\/","url":"https:\/\/transamerica93.com.br\/home\/wp-content\/uploads\/2023\/10\/logo2.png","contentUrl":"https:\/\/transamerica93.com.br\/home\/wp-content\/uploads\/2023\/10\/logo2.png","width":800,"height":500,"caption":"Transam\u00e9rica Mococa 93,3"},"image":{"@id":"https:\/\/transamerica93.com.br\/home\/#\/schema\/logo\/image\/"},"sameAs":["https:\/\/www.facebook.com\/transamericamococa","https:\/\/x.com\/transamerica933","https:\/\/www.instagram.com\/transamericamococa"]},{"@type":"Person","@id":"https:\/\/transamerica93.com.br\/home\/#\/schema\/person\/7fed7c99c0d4562efa8561bc0f543172","name":"Reda\u00e7\u00e3o","image":{"@type":"ImageObject","inLanguage":"pt-BR","@id":"https:\/\/secure.gravatar.com\/avatar\/1072c6b775fb02ef8506ce967551d95926669a6b7d2c2147b42eea4d7c68395e?s=96&d=mm&r=g","url":"https:\/\/secure.gravatar.com\/avatar\/1072c6b775fb02ef8506ce967551d95926669a6b7d2c2147b42eea4d7c68395e?s=96&d=mm&r=g","contentUrl":"https:\/\/secure.gravatar.com\/avatar\/1072c6b775fb02ef8506ce967551d95926669a6b7d2c2147b42eea4d7c68395e?s=96&d=mm&r=g","caption":"Reda\u00e7\u00e3o"},"sameAs":["https:\/\/transamerica93.com.br\/home"],"url":"https:\/\/transamerica93.com.br\/home\/author\/william\/"}]}},"_links":{"self":[{"href":"https:\/\/transamerica93.com.br\/home\/wp-json\/wp\/v2\/posts\/1634","targetHints":{"allow":["GET"]}}],"collection":[{"href":"https:\/\/transamerica93.com.br\/home\/wp-json\/wp\/v2\/posts"}],"about":[{"href":"https:\/\/transamerica93.com.br\/home\/wp-json\/wp\/v2\/types\/post"}],"author":[{"embeddable":true,"href":"https:\/\/transamerica93.com.br\/home\/wp-json\/wp\/v2\/users\/1"}],"replies":[{"embeddable":true,"href":"https:\/\/transamerica93.com.br\/home\/wp-json\/wp\/v2\/comments?post=1634"}],"version-history":[{"count":1,"href":"https:\/\/transamerica93.com.br\/home\/wp-json\/wp\/v2\/posts\/1634\/revisions"}],"predecessor-version":[{"id":1636,"href":"https:\/\/transamerica93.com.br\/home\/wp-json\/wp\/v2\/posts\/1634\/revisions\/1636"}],"wp:featuredmedia":[{"embeddable":true,"href":"https:\/\/transamerica93.com.br\/home\/wp-json\/wp\/v2\/media\/1637"}],"wp:attachment":[{"href":"https:\/\/transamerica93.com.br\/home\/wp-json\/wp\/v2\/media?parent=1634"}],"wp:term":[{"taxonomy":"category","embeddable":true,"href":"https:\/\/transamerica93.com.br\/home\/wp-json\/wp\/v2\/categories?post=1634"},{"taxonomy":"post_tag","embeddable":true,"href":"https:\/\/transamerica93.com.br\/home\/wp-json\/wp\/v2\/tags?post=1634"}],"curies":[{"name":"wp","href":"https:\/\/api.w.org\/{rel}","templated":true}]}}