{"id":1644,"date":"2023-10-11T20:50:57","date_gmt":"2023-10-11T23:50:57","guid":{"rendered":"https:\/\/transamerica93.com.br\/home\/?p=1644"},"modified":"2023-10-11T20:50:57","modified_gmt":"2023-10-11T23:50:57","slug":"leila-pereira-nao-e-tocando-tambor-e-jogando-bomba-que-vou-contratar-reforcos-no-palmeiras","status":"publish","type":"post","link":"https:\/\/transamerica93.com.br\/home\/leila-pereira-nao-e-tocando-tambor-e-jogando-bomba-que-vou-contratar-reforcos-no-palmeiras\/","title":{"rendered":"Leila Pereira: &#8216;N\u00e3o \u00e9 tocando tambor e jogando bomba que vou contratar refor\u00e7os no Palmeiras&#8217;"},"content":{"rendered":"<div id=\"Corpo\">Dias ap\u00f3s a elimina\u00e7\u00e3o na semifinal da Copa Libertadores e derrota no cl\u00e1ssico para o Santos no Brasileir\u00e3o, Leila Pereira convocou uma coletiva de imprensa. No Centro de Treinamento do Palmeiras, nesta quarta-feira, a presidente do clube paulista rebateu as reclama\u00e7\u00f5es de parte da torcida, que pichou os muros do Allianz Parque e de unidades da Crefisa, patrocinadora do clube, cobrando contrata\u00e7\u00f5es e pedindo a sa\u00edda do diretor de futebol.<\/p>\n<p>&#8220;N\u00e3o \u00e9 tocando tambor e jogando bomba que vou contratar jogadores. Esses atos de vandalismo contra uma patrocinadora que s\u00f3 colaborou com o Palmeiras&#8230; Na pandemia, enquanto a maioria dos patrocinadores cortaram os patroc\u00ednios, a Crefisa e a Fam em nenhum momento suspenderam os pagamentos para o Palmeiras. Por isso que o Palmeiras conseguiu manter o emprego dos nossos trabalhadores intacto&#8221;, declarou.<\/p>\n<p>&#8220;Essas torcidas organizadas n\u00e3o constru\u00edram nada. Eles s\u00e3o caso de pol\u00edcia. Essas pessoas s\u00e3o o grande c\u00e2ncer do futebol brasileiro. O Palmeiras n\u00e3o \u00e9 de ningu\u00e9m, \u00e9 de nossos milh\u00f5es de torcedores. A grande diferen\u00e7a \u00e9 que s\u00f3 estou para ajudar o Palmeiras, n\u00e3o esses torcedores organizados, que \u00e9 muito importante separar, quando reclamo \u00e9 dos organizados&#8221;, comentou Leila.<\/p>\n<p>A presidente refor\u00e7ou que a press\u00e3o de organizadas n\u00e3o afetar\u00e1 o planejamento do clube. &#8220;O Palmeiras tem planejamento sim, mas nosso planejamento \u00e9 feito dentro da Academia de Futebol. Em hip\u00f3tese nenhuma vamos planejar por press\u00e3o de torcida organizada. A grande parte dos nossos torcedores compreende. Claro que ficamos chateados quando fomos desclassificados, mas \u00e9 imposs\u00edvel ganhar todos os anos. Sou presidente h\u00e1 quase dois anos, n\u00f3s conquistamos cinco t\u00edtulos. N\u00e3o sei se outro presidente com t\u00e3o pouco tempo conquistou tanto quanto a nossa gest\u00e3o. A grande emo\u00e7\u00e3o era quando n\u00e3o ca\u00eda. Hoje as pessoas ficam estressadas porque de quatro Libertadores, ganhamos duas e em duas sa\u00edmos na semifinal. Isso \u00e9 rid\u00edculo&#8221;, explicou a dirigente.<\/p>\n<p>Na coletiva para os jornalistas no CT, Leila Pereira fez quest\u00e3o de come\u00e7ar relembrando o in\u00edcio de sua gest\u00e3o e deixando claro que contrata\u00e7\u00f5es foram feitas desde sua chegada. Al\u00e9m disso, a presidente tamb\u00e9m comentou a decis\u00e3o do Palmeiras de ser mais cauteloso no mercado neste ano, ponto reclamado pela torcida desde o in\u00edcio do ano.<\/p>\n<p>&#8220;No ano passado contratamos, alguns n\u00e3o se adaptaram. \u00c9 um investimento alto e voc\u00ea n\u00e3o tem a certeza de que ele vai performar, \u00e9 muito subjetivo, alguns atletas n\u00e3o se adaptaram, tivemos que emprest\u00e1-los. Em 2023, tivemos um pouco mais de cuidado, por responsabilidade financeira. Eu n\u00e3o vou sobrecarregar o Palmeiras financeiramente para dar satisfa\u00e7\u00e3o a jornalistas, com todo respeito que tenho a voc\u00eas, alguns torcedores. Eu tenho muita restri\u00e7\u00e3o para jogadores que est\u00e3o se aposentado e querem se aposentar no Palmeiras. N\u00e3o \u00e9 nossa mentalidade, n\u00e3o quero. N\u00e3o quero uma performance de um ano, eu quero continuidade. Quem paga essa contrata\u00e7\u00e3o \u00e9 o clube e eu n\u00e3o posso sobrecarregar o clube acima do que \u00e9 poss\u00edvel pagar. Eu penso o Palmeiras a longo prazo. Quero que o Palmeiras continue sendo protagonista sempre&#8221;, explicou.<\/p>\n<p>LEILA X ORGANIZADAS<\/p>\n<p>N\u00e3o \u00e9 de hoje que Leila Pereira e as torcidas organizadas do Palmeiras est\u00e3o em conflito. As principais torcidas do clube, como a Mancha Alvi Verde, vem reclamando da postura da mandat\u00e1ria do time na atual gest\u00e3o. Ap\u00f3s a elimina\u00e7\u00e3o na Libertadores, os muros do Allianz Parque e sedes da Crefisa foram pichadas chamando Leila de &#8220;mentirosa&#8221;. Sobre os atos de vandalismo, a presidente foi direta na coletiva.<\/p>\n<p>&#8220;\u00c9 inadmiss\u00edvel. Press\u00e3o \u00e9 normal, mas \u00e9 inadmiss\u00edvel atos de vandalismo contra um parceiro que est\u00e1 h\u00e1 nove anos no Palmeiras s\u00f3 colaborando com o clube. Quando a Crefisa e a Fam chegaram no Palmeiras, em 2015, um ano anterior o Palmeiras estava quase rebaixado. Ningu\u00e9m nos procurou, nos espontaneamente viemos oferecer. A Crefisa e a Fam j\u00e1 colocaram no Palmeiras ao longo desse tempo cerca de R$ 1 bilh\u00e3o e R$ 200 milh\u00f5es&#8221;, disse Leila<\/p>\n<p>Outra quest\u00e3o que incomoda a torcida palmeirense \u00e9 o valor pago pelas empresas de Leila Pereira para patrocinar o clube paulista Com as marcas estampando o uniforme do Palmeiras desde 2015, Crefisa e Fam tem pago nos \u00faltimos anos cerca de R$ 80 milh\u00f5es para o time. Nesta semana, o Corinthians anunciou mais um patroc\u00ednio em seu uniforme e estima-se que a equipe do Parque S\u00e3o Jorge chegou a R$ 123 milh\u00f5es por temporada na camisa.<\/p>\n<p>&#8220;Temos contrato e vamos honrar at\u00e9 o final. Vou ser candidata a reelei\u00e7\u00e3o no Palmeiras e, se o associado tiver confian\u00e7a no meu trabalho e eu for reeleita, terei o maior prazer de continuar patrocinando. Mas n\u00f3s faremos uma BID, uma concorr\u00eancia, porque se vier algu\u00e9m pagamento acima do valor que vou me propor a pagar, desde que seja uma empresa id\u00f4nea. N\u00e3o posso dizer que a camisa de um clube \u00e9 R$ 123 milh\u00f5es, voc\u00ea viu o contrato? Voc\u00ea n\u00e3o viu. Ent\u00e3o como pode falar que a camisa de um clube vale R$ 123 milh\u00f5es porque falaram? Tem que ser respons\u00e1vel, tem que ter a certeza de que vale. Me prove que essa camisa do Corinthians est\u00e3o pagando R$ 123 milh\u00f5es. Me mostrem o papel que eu pago R$ 123 milh\u00f5es. Quero que comprove que essas empresas pagam R$ 123 milh\u00f5es por ano&#8221;, disse Leila.<\/p>\n<p>AVALIA\u00c7\u00c3O DA TEMPORADA<\/p>\n<p>Questionada sobre o desempenho do Palmeiras na atual temporada, Leila Pereira n\u00e3o se esquivou. Para a presidente, os resultados do time de futebol masculino \u00e9 bom. Apesar das elimina\u00e7\u00f5es na Copa do Brasil, na Copa Libertadores e de estar longe do t\u00edtulo Brasileiro deste ano, Leila v\u00ea os resultados apresentados em 2022 e 2023 acima do esperado.<\/p>\n<p>&#8220;Eu quando renovei o contrato do Abel, eu falei com ele que queria pelo menos um t\u00edtulo por ano. Fui modesta. Ano passado tivemos tr\u00eas. Esse ano n\u00f3s tivemos dois. N\u00f3s trabalhamos para ganhar todos os campeonatos. Infelizmente n\u00e3o conseguimos na Copa do Brasil e na Libertadores, por detalhes. Acho que foi boa Gostaria que tivesse sido melhor, que n\u00f3s sempre lutamos para conquistar o maior n\u00famero de t\u00edtulos poss\u00edvel sabendo que dif\u00edcil. Estamos na luta do Brasileiro, complicado, mas estamos na luta. A gente luta sempre para conquistar o maior n\u00famero poss\u00edvel&#8221;.<\/p>\n<p>Um dos alvos da torcida em 2023 \u00e9 o diretor de futebol Anderson Barros. No clube desde antes do in\u00edcio da gest\u00e3o de Leila Pereira, o dirigente tem seu trabalho questionado desde o fim da \u00faltima temporada, por n\u00e3o acertar tanto nas contrata\u00e7\u00f5es e ter um perfil mais discreto.<\/p>\n<p>&#8220;Ele no Palmeiras conquistou somente nove t\u00edtulos, sendo duas Libertadores. \u00c9 respons\u00e1vel direto pela contrata\u00e7\u00e3o do maior treinador de futebol do S\u00e3o Paulo. Do S\u00e3o Paulo n\u00e3o, do Palmeiras. N\u00e3o tenho d\u00favidas que \u00e9 um profissional que qualquer clube gostaria de t\u00ea-lo. \u00c9 uma pessoa equilibrada, correta, respeitosa, que eu tenho profundo orgulho de ter ao meu lado. Enquanto eu estiver aqui, o Anderson Barros ser\u00e1 meu grande parceiro&#8221;, justificou a presidente.<\/p><\/div>\n","protected":false},"excerpt":{"rendered":"<p>Dias ap\u00f3s a elimina\u00e7\u00e3o na semifinal da Copa Libertadores e derrota no cl\u00e1ssico para o Santos no Brasileir\u00e3o, Leila Pereira convocou uma coletiva de imprensa. No Centro de Treinamento do Palmeiras, nesta quarta-feira, a presidente do clube paulista rebateu as reclama\u00e7\u00f5es de parte da torcida, que pichou os muros do Allianz Parque e de unidades &hellip;<\/p>\n","protected":false},"author":1,"featured_media":1645,"comment_status":"closed","ping_status":"closed","sticky":false,"template":"","format":"standard","meta":{"footnotes":""},"categories":[31],"tags":[],"class_list":["post-1644","post","type-post","status-publish","format-standard","has-post-thumbnail","hentry","category-esportes"],"yoast_head":"<!-- This site is optimized with the Yoast SEO plugin v27.4 - https:\/\/yoast.com\/product\/yoast-seo-wordpress\/ -->\n<title>Leila Pereira: &#039;N\u00e3o \u00e9 tocando tambor e jogando bomba que vou contratar refor\u00e7os no Palmeiras&#039; - Transam\u00e9rica Mococa 93,3<\/title>\n<meta name=\"robots\" content=\"index, follow, max-snippet:-1, max-image-preview:large, max-video-preview:-1\" \/>\n<link rel=\"canonical\" href=\"https:\/\/transamerica93.com.br\/home\/leila-pereira-nao-e-tocando-tambor-e-jogando-bomba-que-vou-contratar-reforcos-no-palmeiras\/\" \/>\n<meta property=\"og:locale\" content=\"pt_BR\" \/>\n<meta property=\"og:type\" content=\"article\" \/>\n<meta property=\"og:title\" content=\"Leila Pereira: &#039;N\u00e3o \u00e9 tocando tambor e jogando bomba que vou contratar refor\u00e7os no Palmeiras&#039; - Transam\u00e9rica Mococa 93,3\" \/>\n<meta property=\"og:description\" content=\"Dias ap\u00f3s a elimina\u00e7\u00e3o na semifinal da Copa Libertadores e derrota no cl\u00e1ssico para o Santos no Brasileir\u00e3o, Leila Pereira convocou uma coletiva de imprensa. No Centro de Treinamento do Palmeiras, nesta quarta-feira, a presidente do clube paulista rebateu as reclama\u00e7\u00f5es de parte da torcida, que pichou os muros do Allianz Parque e de unidades &hellip;\" \/>\n<meta property=\"og:url\" content=\"https:\/\/transamerica93.com.br\/home\/leila-pereira-nao-e-tocando-tambor-e-jogando-bomba-que-vou-contratar-reforcos-no-palmeiras\/\" \/>\n<meta property=\"og:site_name\" content=\"Transam\u00e9rica Mococa 93,3\" \/>\n<meta property=\"article:publisher\" content=\"https:\/\/www.facebook.com\/transamericamococa\" \/>\n<meta property=\"article:published_time\" content=\"2023-10-11T23:50:57+00:00\" \/>\n<meta property=\"og:image\" content=\"https:\/\/transamerica93.com.br\/home\/wp-content\/uploads\/2023\/10\/leilapereira.jpg\" \/>\n\t<meta property=\"og:image:width\" content=\"800\" \/>\n\t<meta property=\"og:image:height\" content=\"500\" \/>\n\t<meta property=\"og:image:type\" content=\"image\/jpeg\" \/>\n<meta name=\"author\" content=\"Reda\u00e7\u00e3o\" \/>\n<meta name=\"twitter:card\" content=\"summary_large_image\" \/>\n<meta name=\"twitter:creator\" content=\"@transamerica933\" \/>\n<meta name=\"twitter:site\" content=\"@transamerica933\" \/>\n<meta name=\"twitter:label1\" content=\"Escrito por\" \/>\n\t<meta name=\"twitter:data1\" content=\"Reda\u00e7\u00e3o\" \/>\n\t<meta name=\"twitter:label2\" content=\"Est. tempo de leitura\" \/>\n\t<meta name=\"twitter:data2\" content=\"7 minutos\" \/>\n<script type=\"application\/ld+json\" class=\"yoast-schema-graph\">{\"@context\":\"https:\\\/\\\/schema.org\",\"@graph\":[{\"@type\":\"Article\",\"@id\":\"https:\\\/\\\/transamerica93.com.br\\\/home\\\/leila-pereira-nao-e-tocando-tambor-e-jogando-bomba-que-vou-contratar-reforcos-no-palmeiras\\\/#article\",\"isPartOf\":{\"@id\":\"https:\\\/\\\/transamerica93.com.br\\\/home\\\/leila-pereira-nao-e-tocando-tambor-e-jogando-bomba-que-vou-contratar-reforcos-no-palmeiras\\\/\"},\"author\":{\"name\":\"Reda\u00e7\u00e3o\",\"@id\":\"https:\\\/\\\/transamerica93.com.br\\\/home\\\/#\\\/schema\\\/person\\\/7fed7c99c0d4562efa8561bc0f543172\"},\"headline\":\"Leila Pereira: &#8216;N\u00e3o \u00e9 tocando tambor e jogando bomba que vou contratar refor\u00e7os no Palmeiras&#8217;\",\"datePublished\":\"2023-10-11T23:50:57+00:00\",\"mainEntityOfPage\":{\"@id\":\"https:\\\/\\\/transamerica93.com.br\\\/home\\\/leila-pereira-nao-e-tocando-tambor-e-jogando-bomba-que-vou-contratar-reforcos-no-palmeiras\\\/\"},\"wordCount\":1237,\"publisher\":{\"@id\":\"https:\\\/\\\/transamerica93.com.br\\\/home\\\/#organization\"},\"image\":{\"@id\":\"https:\\\/\\\/transamerica93.com.br\\\/home\\\/leila-pereira-nao-e-tocando-tambor-e-jogando-bomba-que-vou-contratar-reforcos-no-palmeiras\\\/#primaryimage\"},\"thumbnailUrl\":\"https:\\\/\\\/transamerica93.com.br\\\/home\\\/wp-content\\\/uploads\\\/2023\\\/10\\\/leilapereira.jpg\",\"articleSection\":[\"Esportes\"],\"inLanguage\":\"pt-BR\"},{\"@type\":\"WebPage\",\"@id\":\"https:\\\/\\\/transamerica93.com.br\\\/home\\\/leila-pereira-nao-e-tocando-tambor-e-jogando-bomba-que-vou-contratar-reforcos-no-palmeiras\\\/\",\"url\":\"https:\\\/\\\/transamerica93.com.br\\\/home\\\/leila-pereira-nao-e-tocando-tambor-e-jogando-bomba-que-vou-contratar-reforcos-no-palmeiras\\\/\",\"name\":\"Leila Pereira: 'N\u00e3o \u00e9 tocando tambor e jogando bomba que vou contratar refor\u00e7os no Palmeiras' - Transam\u00e9rica Mococa 93,3\",\"isPartOf\":{\"@id\":\"https:\\\/\\\/transamerica93.com.br\\\/home\\\/#website\"},\"primaryImageOfPage\":{\"@id\":\"https:\\\/\\\/transamerica93.com.br\\\/home\\\/leila-pereira-nao-e-tocando-tambor-e-jogando-bomba-que-vou-contratar-reforcos-no-palmeiras\\\/#primaryimage\"},\"image\":{\"@id\":\"https:\\\/\\\/transamerica93.com.br\\\/home\\\/leila-pereira-nao-e-tocando-tambor-e-jogando-bomba-que-vou-contratar-reforcos-no-palmeiras\\\/#primaryimage\"},\"thumbnailUrl\":\"https:\\\/\\\/transamerica93.com.br\\\/home\\\/wp-content\\\/uploads\\\/2023\\\/10\\\/leilapereira.jpg\",\"datePublished\":\"2023-10-11T23:50:57+00:00\",\"breadcrumb\":{\"@id\":\"https:\\\/\\\/transamerica93.com.br\\\/home\\\/leila-pereira-nao-e-tocando-tambor-e-jogando-bomba-que-vou-contratar-reforcos-no-palmeiras\\\/#breadcrumb\"},\"inLanguage\":\"pt-BR\",\"potentialAction\":[{\"@type\":\"ReadAction\",\"target\":[\"https:\\\/\\\/transamerica93.com.br\\\/home\\\/leila-pereira-nao-e-tocando-tambor-e-jogando-bomba-que-vou-contratar-reforcos-no-palmeiras\\\/\"]}]},{\"@type\":\"ImageObject\",\"inLanguage\":\"pt-BR\",\"@id\":\"https:\\\/\\\/transamerica93.com.br\\\/home\\\/leila-pereira-nao-e-tocando-tambor-e-jogando-bomba-que-vou-contratar-reforcos-no-palmeiras\\\/#primaryimage\",\"url\":\"https:\\\/\\\/transamerica93.com.br\\\/home\\\/wp-content\\\/uploads\\\/2023\\\/10\\\/leilapereira.jpg\",\"contentUrl\":\"https:\\\/\\\/transamerica93.com.br\\\/home\\\/wp-content\\\/uploads\\\/2023\\\/10\\\/leilapereira.jpg\",\"width\":800,\"height\":500,\"caption\":\"Foto: Cesar Greco\\\/Palmeiras\"},{\"@type\":\"BreadcrumbList\",\"@id\":\"https:\\\/\\\/transamerica93.com.br\\\/home\\\/leila-pereira-nao-e-tocando-tambor-e-jogando-bomba-que-vou-contratar-reforcos-no-palmeiras\\\/#breadcrumb\",\"itemListElement\":[{\"@type\":\"ListItem\",\"position\":1,\"name\":\"In\u00edcio\",\"item\":\"https:\\\/\\\/transamerica93.com.br\\\/home\\\/\"},{\"@type\":\"ListItem\",\"position\":2,\"name\":\"Leila Pereira: &#8216;N\u00e3o \u00e9 tocando tambor e jogando bomba que vou contratar refor\u00e7os no Palmeiras&#8217;\"}]},{\"@type\":\"WebSite\",\"@id\":\"https:\\\/\\\/transamerica93.com.br\\\/home\\\/#website\",\"url\":\"https:\\\/\\\/transamerica93.com.br\\\/home\\\/\",\"name\":\"Transam\u00e9rica Mococa 93,3\",\"description\":\"\",\"publisher\":{\"@id\":\"https:\\\/\\\/transamerica93.com.br\\\/home\\\/#organization\"},\"potentialAction\":[{\"@type\":\"SearchAction\",\"target\":{\"@type\":\"EntryPoint\",\"urlTemplate\":\"https:\\\/\\\/transamerica93.com.br\\\/home\\\/?s={search_term_string}\"},\"query-input\":{\"@type\":\"PropertyValueSpecification\",\"valueRequired\":true,\"valueName\":\"search_term_string\"}}],\"inLanguage\":\"pt-BR\"},{\"@type\":\"Organization\",\"@id\":\"https:\\\/\\\/transamerica93.com.br\\\/home\\\/#organization\",\"name\":\"Transam\u00e9rica Mococa 93,3\",\"url\":\"https:\\\/\\\/transamerica93.com.br\\\/home\\\/\",\"logo\":{\"@type\":\"ImageObject\",\"inLanguage\":\"pt-BR\",\"@id\":\"https:\\\/\\\/transamerica93.com.br\\\/home\\\/#\\\/schema\\\/logo\\\/image\\\/\",\"url\":\"https:\\\/\\\/transamerica93.com.br\\\/home\\\/wp-content\\\/uploads\\\/2023\\\/10\\\/logo2.png\",\"contentUrl\":\"https:\\\/\\\/transamerica93.com.br\\\/home\\\/wp-content\\\/uploads\\\/2023\\\/10\\\/logo2.png\",\"width\":800,\"height\":500,\"caption\":\"Transam\u00e9rica Mococa 93,3\"},\"image\":{\"@id\":\"https:\\\/\\\/transamerica93.com.br\\\/home\\\/#\\\/schema\\\/logo\\\/image\\\/\"},\"sameAs\":[\"https:\\\/\\\/www.facebook.com\\\/transamericamococa\",\"https:\\\/\\\/x.com\\\/transamerica933\",\"https:\\\/\\\/www.instagram.com\\\/transamericamococa\"]},{\"@type\":\"Person\",\"@id\":\"https:\\\/\\\/transamerica93.com.br\\\/home\\\/#\\\/schema\\\/person\\\/7fed7c99c0d4562efa8561bc0f543172\",\"name\":\"Reda\u00e7\u00e3o\",\"image\":{\"@type\":\"ImageObject\",\"inLanguage\":\"pt-BR\",\"@id\":\"https:\\\/\\\/secure.gravatar.com\\\/avatar\\\/1072c6b775fb02ef8506ce967551d95926669a6b7d2c2147b42eea4d7c68395e?s=96&d=mm&r=g\",\"url\":\"https:\\\/\\\/secure.gravatar.com\\\/avatar\\\/1072c6b775fb02ef8506ce967551d95926669a6b7d2c2147b42eea4d7c68395e?s=96&d=mm&r=g\",\"contentUrl\":\"https:\\\/\\\/secure.gravatar.com\\\/avatar\\\/1072c6b775fb02ef8506ce967551d95926669a6b7d2c2147b42eea4d7c68395e?s=96&d=mm&r=g\",\"caption\":\"Reda\u00e7\u00e3o\"},\"sameAs\":[\"https:\\\/\\\/transamerica93.com.br\\\/home\"],\"url\":\"https:\\\/\\\/transamerica93.com.br\\\/home\\\/author\\\/william\\\/\"}]}<\/script>\n<!-- \/ Yoast SEO plugin. -->","yoast_head_json":{"title":"Leila Pereira: 'N\u00e3o \u00e9 tocando tambor e jogando bomba que vou contratar refor\u00e7os no Palmeiras' - Transam\u00e9rica Mococa 93,3","robots":{"index":"index","follow":"follow","max-snippet":"max-snippet:-1","max-image-preview":"max-image-preview:large","max-video-preview":"max-video-preview:-1"},"canonical":"https:\/\/transamerica93.com.br\/home\/leila-pereira-nao-e-tocando-tambor-e-jogando-bomba-que-vou-contratar-reforcos-no-palmeiras\/","og_locale":"pt_BR","og_type":"article","og_title":"Leila Pereira: 'N\u00e3o \u00e9 tocando tambor e jogando bomba que vou contratar refor\u00e7os no Palmeiras' - Transam\u00e9rica Mococa 93,3","og_description":"Dias ap\u00f3s a elimina\u00e7\u00e3o na semifinal da Copa Libertadores e derrota no cl\u00e1ssico para o Santos no Brasileir\u00e3o, Leila Pereira convocou uma coletiva de imprensa. No Centro de Treinamento do Palmeiras, nesta quarta-feira, a presidente do clube paulista rebateu as reclama\u00e7\u00f5es de parte da torcida, que pichou os muros do Allianz Parque e de unidades &hellip;","og_url":"https:\/\/transamerica93.com.br\/home\/leila-pereira-nao-e-tocando-tambor-e-jogando-bomba-que-vou-contratar-reforcos-no-palmeiras\/","og_site_name":"Transam\u00e9rica Mococa 93,3","article_publisher":"https:\/\/www.facebook.com\/transamericamococa","article_published_time":"2023-10-11T23:50:57+00:00","og_image":[{"width":800,"height":500,"url":"https:\/\/transamerica93.com.br\/home\/wp-content\/uploads\/2023\/10\/leilapereira.jpg","type":"image\/jpeg"}],"author":"Reda\u00e7\u00e3o","twitter_card":"summary_large_image","twitter_creator":"@transamerica933","twitter_site":"@transamerica933","twitter_misc":{"Escrito por":"Reda\u00e7\u00e3o","Est. tempo de leitura":"7 minutos"},"schema":{"@context":"https:\/\/schema.org","@graph":[{"@type":"Article","@id":"https:\/\/transamerica93.com.br\/home\/leila-pereira-nao-e-tocando-tambor-e-jogando-bomba-que-vou-contratar-reforcos-no-palmeiras\/#article","isPartOf":{"@id":"https:\/\/transamerica93.com.br\/home\/leila-pereira-nao-e-tocando-tambor-e-jogando-bomba-que-vou-contratar-reforcos-no-palmeiras\/"},"author":{"name":"Reda\u00e7\u00e3o","@id":"https:\/\/transamerica93.com.br\/home\/#\/schema\/person\/7fed7c99c0d4562efa8561bc0f543172"},"headline":"Leila Pereira: &#8216;N\u00e3o \u00e9 tocando tambor e jogando bomba que vou contratar refor\u00e7os no Palmeiras&#8217;","datePublished":"2023-10-11T23:50:57+00:00","mainEntityOfPage":{"@id":"https:\/\/transamerica93.com.br\/home\/leila-pereira-nao-e-tocando-tambor-e-jogando-bomba-que-vou-contratar-reforcos-no-palmeiras\/"},"wordCount":1237,"publisher":{"@id":"https:\/\/transamerica93.com.br\/home\/#organization"},"image":{"@id":"https:\/\/transamerica93.com.br\/home\/leila-pereira-nao-e-tocando-tambor-e-jogando-bomba-que-vou-contratar-reforcos-no-palmeiras\/#primaryimage"},"thumbnailUrl":"https:\/\/transamerica93.com.br\/home\/wp-content\/uploads\/2023\/10\/leilapereira.jpg","articleSection":["Esportes"],"inLanguage":"pt-BR"},{"@type":"WebPage","@id":"https:\/\/transamerica93.com.br\/home\/leila-pereira-nao-e-tocando-tambor-e-jogando-bomba-que-vou-contratar-reforcos-no-palmeiras\/","url":"https:\/\/transamerica93.com.br\/home\/leila-pereira-nao-e-tocando-tambor-e-jogando-bomba-que-vou-contratar-reforcos-no-palmeiras\/","name":"Leila Pereira: 'N\u00e3o \u00e9 tocando tambor e jogando bomba que vou contratar refor\u00e7os no Palmeiras' - Transam\u00e9rica Mococa 93,3","isPartOf":{"@id":"https:\/\/transamerica93.com.br\/home\/#website"},"primaryImageOfPage":{"@id":"https:\/\/transamerica93.com.br\/home\/leila-pereira-nao-e-tocando-tambor-e-jogando-bomba-que-vou-contratar-reforcos-no-palmeiras\/#primaryimage"},"image":{"@id":"https:\/\/transamerica93.com.br\/home\/leila-pereira-nao-e-tocando-tambor-e-jogando-bomba-que-vou-contratar-reforcos-no-palmeiras\/#primaryimage"},"thumbnailUrl":"https:\/\/transamerica93.com.br\/home\/wp-content\/uploads\/2023\/10\/leilapereira.jpg","datePublished":"2023-10-11T23:50:57+00:00","breadcrumb":{"@id":"https:\/\/transamerica93.com.br\/home\/leila-pereira-nao-e-tocando-tambor-e-jogando-bomba-que-vou-contratar-reforcos-no-palmeiras\/#breadcrumb"},"inLanguage":"pt-BR","potentialAction":[{"@type":"ReadAction","target":["https:\/\/transamerica93.com.br\/home\/leila-pereira-nao-e-tocando-tambor-e-jogando-bomba-que-vou-contratar-reforcos-no-palmeiras\/"]}]},{"@type":"ImageObject","inLanguage":"pt-BR","@id":"https:\/\/transamerica93.com.br\/home\/leila-pereira-nao-e-tocando-tambor-e-jogando-bomba-que-vou-contratar-reforcos-no-palmeiras\/#primaryimage","url":"https:\/\/transamerica93.com.br\/home\/wp-content\/uploads\/2023\/10\/leilapereira.jpg","contentUrl":"https:\/\/transamerica93.com.br\/home\/wp-content\/uploads\/2023\/10\/leilapereira.jpg","width":800,"height":500,"caption":"Foto: Cesar Greco\/Palmeiras"},{"@type":"BreadcrumbList","@id":"https:\/\/transamerica93.com.br\/home\/leila-pereira-nao-e-tocando-tambor-e-jogando-bomba-que-vou-contratar-reforcos-no-palmeiras\/#breadcrumb","itemListElement":[{"@type":"ListItem","position":1,"name":"In\u00edcio","item":"https:\/\/transamerica93.com.br\/home\/"},{"@type":"ListItem","position":2,"name":"Leila Pereira: &#8216;N\u00e3o \u00e9 tocando tambor e jogando bomba que vou contratar refor\u00e7os no Palmeiras&#8217;"}]},{"@type":"WebSite","@id":"https:\/\/transamerica93.com.br\/home\/#website","url":"https:\/\/transamerica93.com.br\/home\/","name":"Transam\u00e9rica Mococa 93,3","description":"","publisher":{"@id":"https:\/\/transamerica93.com.br\/home\/#organization"},"potentialAction":[{"@type":"SearchAction","target":{"@type":"EntryPoint","urlTemplate":"https:\/\/transamerica93.com.br\/home\/?s={search_term_string}"},"query-input":{"@type":"PropertyValueSpecification","valueRequired":true,"valueName":"search_term_string"}}],"inLanguage":"pt-BR"},{"@type":"Organization","@id":"https:\/\/transamerica93.com.br\/home\/#organization","name":"Transam\u00e9rica Mococa 93,3","url":"https:\/\/transamerica93.com.br\/home\/","logo":{"@type":"ImageObject","inLanguage":"pt-BR","@id":"https:\/\/transamerica93.com.br\/home\/#\/schema\/logo\/image\/","url":"https:\/\/transamerica93.com.br\/home\/wp-content\/uploads\/2023\/10\/logo2.png","contentUrl":"https:\/\/transamerica93.com.br\/home\/wp-content\/uploads\/2023\/10\/logo2.png","width":800,"height":500,"caption":"Transam\u00e9rica Mococa 93,3"},"image":{"@id":"https:\/\/transamerica93.com.br\/home\/#\/schema\/logo\/image\/"},"sameAs":["https:\/\/www.facebook.com\/transamericamococa","https:\/\/x.com\/transamerica933","https:\/\/www.instagram.com\/transamericamococa"]},{"@type":"Person","@id":"https:\/\/transamerica93.com.br\/home\/#\/schema\/person\/7fed7c99c0d4562efa8561bc0f543172","name":"Reda\u00e7\u00e3o","image":{"@type":"ImageObject","inLanguage":"pt-BR","@id":"https:\/\/secure.gravatar.com\/avatar\/1072c6b775fb02ef8506ce967551d95926669a6b7d2c2147b42eea4d7c68395e?s=96&d=mm&r=g","url":"https:\/\/secure.gravatar.com\/avatar\/1072c6b775fb02ef8506ce967551d95926669a6b7d2c2147b42eea4d7c68395e?s=96&d=mm&r=g","contentUrl":"https:\/\/secure.gravatar.com\/avatar\/1072c6b775fb02ef8506ce967551d95926669a6b7d2c2147b42eea4d7c68395e?s=96&d=mm&r=g","caption":"Reda\u00e7\u00e3o"},"sameAs":["https:\/\/transamerica93.com.br\/home"],"url":"https:\/\/transamerica93.com.br\/home\/author\/william\/"}]}},"_links":{"self":[{"href":"https:\/\/transamerica93.com.br\/home\/wp-json\/wp\/v2\/posts\/1644","targetHints":{"allow":["GET"]}}],"collection":[{"href":"https:\/\/transamerica93.com.br\/home\/wp-json\/wp\/v2\/posts"}],"about":[{"href":"https:\/\/transamerica93.com.br\/home\/wp-json\/wp\/v2\/types\/post"}],"author":[{"embeddable":true,"href":"https:\/\/transamerica93.com.br\/home\/wp-json\/wp\/v2\/users\/1"}],"replies":[{"embeddable":true,"href":"https:\/\/transamerica93.com.br\/home\/wp-json\/wp\/v2\/comments?post=1644"}],"version-history":[{"count":1,"href":"https:\/\/transamerica93.com.br\/home\/wp-json\/wp\/v2\/posts\/1644\/revisions"}],"predecessor-version":[{"id":1646,"href":"https:\/\/transamerica93.com.br\/home\/wp-json\/wp\/v2\/posts\/1644\/revisions\/1646"}],"wp:featuredmedia":[{"embeddable":true,"href":"https:\/\/transamerica93.com.br\/home\/wp-json\/wp\/v2\/media\/1645"}],"wp:attachment":[{"href":"https:\/\/transamerica93.com.br\/home\/wp-json\/wp\/v2\/media?parent=1644"}],"wp:term":[{"taxonomy":"category","embeddable":true,"href":"https:\/\/transamerica93.com.br\/home\/wp-json\/wp\/v2\/categories?post=1644"},{"taxonomy":"post_tag","embeddable":true,"href":"https:\/\/transamerica93.com.br\/home\/wp-json\/wp\/v2\/tags?post=1644"}],"curies":[{"name":"wp","href":"https:\/\/api.w.org\/{rel}","templated":true}]}}