{"id":1702,"date":"2023-10-13T16:28:11","date_gmt":"2023-10-13T19:28:11","guid":{"rendered":"https:\/\/transamerica93.com.br\/home\/?p=1702"},"modified":"2023-10-13T16:28:11","modified_gmt":"2023-10-13T19:28:11","slug":"vestibulinho-da-etec-mococa-tem-840-vagas-saiba-como-se-inscrever","status":"publish","type":"post","link":"https:\/\/transamerica93.com.br\/home\/vestibulinho-da-etec-mococa-tem-840-vagas-saiba-como-se-inscrever\/","title":{"rendered":"Vestibulinho da Etec Mococa tem 840 vagas ; saiba como se inscrever"},"content":{"rendered":"<div id=\"chunk-96gig\">\n<div class=\"mc-column content-text active-extra-styles \" data-block-type=\"unstyled\" data-block-weight=\"35\" data-block-id=\"3\">\n<p class=\" content-text__container \" data-track-category=\"Link no Texto\" data-track-links=\"\">Est\u00e3o abertas as inscri\u00e7\u00f5es para o vestibulinho das Escolas T\u00e9cnicas Estaduais (ETECs). Na regi\u00e3o, s\u00e3o 5.665 vagas distribu\u00eddas em 22 cidades.\u00a0<strong><em>(veja abaixo como se inscrever)<\/em><\/strong><\/p>\n<\/div>\n<\/div>\n<div class=\"wall protected-content\">\n<div id=\"chunk-9o0pe\">\n<div class=\"mc-column content-text active-extra-styles \" data-block-type=\"unstyled\" data-block-weight=\"35\" data-block-id=\"5\">\n<p class=\" content-text__container \" data-track-category=\"Link no Texto\" data-track-links=\"\">As oportunidades est\u00e3o divididas entre cursos t\u00e9cnicos, ensino m\u00e9dio integrado ao t\u00e9cnico, ensino m\u00e9dio em diferentes itiner\u00e1rios formativos, articula\u00e7\u00e3o da forma\u00e7\u00e3o profissional m\u00e9dia e superior (AMS), especializa\u00e7\u00f5es t\u00e9cnicas, al\u00e9m de vagas remanescentes de segundo m\u00f3dulo.<\/p>\n<\/div>\n<\/div>\n<div id=\"chunk-f5raf\">\n<div class=\"mc-column content-text active-extra-styles \" data-block-type=\"unstyled\" data-block-weight=\"20\" data-block-id=\"6\">\n<p class=\" content-text__container \" data-track-category=\"Link no Texto\" data-track-links=\"\">A prova est\u00e1 prevista para ser aplicada no dia 10 de dezembro, \u00e0s 13h30, e ter\u00e1 dura\u00e7\u00e3o de 4 horas.<\/p>\n<\/div>\n<\/div>\n<div id=\"chunk-1hl8n\">\n<div class=\"mc-column content-text active-extra-styles\" data-block-type=\"raw\" data-block-weight=\"1\" data-block-id=\"8\">\n<p class=\"content-text__container\">\n<div class=\"content-intertitle\">\n<h2>Inscri\u00e7\u00e3o<\/h2>\n<\/div>\n<\/div>\n<\/div>\n<div id=\"chunk-5a6jq\">\n<div class=\"mc-column content-text active-extra-styles \" data-block-type=\"unstyled\" data-block-weight=\"28\" data-block-id=\"9\">\n<p class=\" content-text__container \" data-track-category=\"Link no Texto\" data-track-links=\"\">Interessados devem se inscrever at\u00e9 o dia 8 de novembro, pelo\u00a0<a class=\"\" href=\"https:\/\/www.vestibulinhoetec.com.br\/candidato\/\" target=\"_blank\" rel=\"noopener\"><strong>site oficial do vestibulinho<\/strong><\/a>. O valor da taxa de inscri\u00e7\u00e3o do processo seletivo \u00e9 de R$ 34.<\/p>\n<\/div>\n<\/div>\n<div id=\"chunk-7llu7\">\n<div class=\"mc-column content-text active-extra-styles \" data-block-type=\"unstyled\" data-block-weight=\"35\" data-block-id=\"10\">\n<p class=\" content-text__container \" data-track-category=\"Link no Texto\" data-track-links=\"\">Para quem n\u00e3o tem acesso \u00e0 internet ou n\u00e3o tem como fazer a inscri\u00e7\u00e3o, as Etecs oferecem acesso \u00e0 computadores. O candidato deve entrar em contato com a unidade para agendar datas e hor\u00e1rios dispon\u00edveis.<\/p>\n<\/div>\n<\/div>\n<div id=\"chunk-23gh2\">\n<div class=\"row medium-uncollapsed content-media content-photo\" data-block-type=\"backstage-photo\" data-block-id=\"11\">\n<div class=\" mc-column  content-media__container\">\n<div class=\"content-media-container glb-skeleton-box\">\n<figure class=\"content-media-figure\"><img decoding=\"async\" class=\"i-amphtml-fill-content i-amphtml-replaced-content lazyload\" data-src=\"https:\/\/s2-g1.glbimg.com\/inNT2BrFbtMOZCOvlIERFW_aVjI=\/0x0:1167x548\/984x0\/smart\/filters:strip_icc()\/i.s3.glbimg.com\/v1\/AUTH_59edd422c0c84a879bd37670ae4f538a\/internal_photos\/bs\/2023\/O\/C\/aLRUBLQm6T99P2ga93ug\/area-do-candidato.png\" data-sizes=\"(max-width: 1600px) 648px, 100vw\" data-srcset=\"https:\/\/s2-g1.glbimg.com\/vuhy3cF1Qpz53GHI5vZTfcX1ScI=\/0x0:1167x548\/1000x0\/smart\/filters:strip_icc()\/i.s3.glbimg.com\/v1\/AUTH_59edd422c0c84a879bd37670ae4f538a\/internal_photos\/bs\/2023\/O\/C\/aLRUBLQm6T99P2ga93ug\/area-do-candidato.png 1000w, https:\/\/s2-g1.glbimg.com\/inNT2BrFbtMOZCOvlIERFW_aVjI=\/0x0:1167x548\/984x0\/smart\/filters:strip_icc()\/i.s3.glbimg.com\/v1\/AUTH_59edd422c0c84a879bd37670ae4f538a\/internal_photos\/bs\/2023\/O\/C\/aLRUBLQm6T99P2ga93ug\/area-do-candidato.png 984w, https:\/\/s2-g1.glbimg.com\/-1Za_fyUBiEOUqZN5ed-0B8Bl-8=\/0x0:1167x548\/640x0\/smart\/filters:strip_icc()\/i.s3.glbimg.com\/v1\/AUTH_59edd422c0c84a879bd37670ae4f538a\/internal_photos\/bs\/2023\/O\/C\/aLRUBLQm6T99P2ga93ug\/area-do-candidato.png 640w, https:\/\/s2-g1.glbimg.com\/pHESV4HpbwQgQbQ2lQUuuyw0q4I=\/0x0:1167x548\/600x0\/smart\/filters:strip_icc()\/i.s3.glbimg.com\/v1\/AUTH_59edd422c0c84a879bd37670ae4f538a\/internal_photos\/bs\/2023\/O\/C\/aLRUBLQm6T99P2ga93ug\/area-do-candidato.png 600w\" alt=\"Interessados em se inscrever no vestibulinho das Etecs devem se cadastrar na &quot;\u00c1rea do Candidato&quot; \u2014 Foto: Reprodu\u00e7\u00e3o\/Etec\" src=\"data:image\/svg+xml;base64,PHN2ZyB3aWR0aD0iMSIgaGVpZ2h0PSIxIiB4bWxucz0iaHR0cDovL3d3dy53My5vcmcvMjAwMC9zdmciPjwvc3ZnPg==\" \/><\/figure>\n<\/div>\n<p class=\"content-media__description  \">Interessados em se inscrever no vestibulinho das Etecs devem se cadastrar na &#8220;\u00c1rea do Candidato&#8221; \u2014 Foto: Reprodu\u00e7\u00e3o\/Etec<\/p>\n<\/div>\n<\/div>\n<\/div>\n<div id=\"chunk-bri21\">\n<div class=\"mc-column content-text active-extra-styles\" data-block-type=\"raw\" data-block-weight=\"1\" data-block-id=\"12\">\n<p class=\"content-text__container\">\n<div class=\"content-intertitle\">\n<h2>Requisitos<\/h2>\n<\/div>\n<\/div>\n<\/div>\n<div id=\"chunk-2i6pu\">\n<div class=\"mc-column content-text active-extra-styles \" data-block-type=\"unstyled\" data-block-weight=\"47\" data-block-id=\"13\">\n<p class=\" content-text__container \" data-track-category=\"Link no Texto\" data-track-links=\"\">Para o ingresso no Ensino M\u00e9dio, em seus diversos formatos, o candidato dever\u00e1 possuir o certificado de conclus\u00e3o do Ensino Fundamental ou a Declara\u00e7\u00e3o de Conclus\u00e3o, assinada por agente escolar da escola de origem, ou o Exame Nacional para Certifica\u00e7\u00e3o de Compet\u00eancias de Jovens e Adultos (Enceja).<\/p>\n<\/div>\n<\/div>\n<div id=\"chunk-41j8l\">\n<div class=\"mc-column content-text active-extra-styles \" data-block-type=\"unstyled\" data-block-weight=\"41\" data-block-id=\"15\">\n<p class=\" content-text__container \" data-track-category=\"Link no Texto\" data-track-links=\"\">Para concorrer a uma das vagas dispon\u00edveis para os cursos t\u00e9cnicos, o interessado deve ter conclu\u00eddo ou estar cursando o ensino m\u00e9dio ou equivalente, apresentando o certificado de conclus\u00e3o ou a declara\u00e7\u00e3o de que est\u00e1 matriculado a partir da segunda s\u00e9rie.<\/p>\n<\/div>\n<\/div>\n<div id=\"chunk-4pjgr\">\n<div class=\"mc-column content-text active-extra-styles \" data-block-type=\"unstyled\" data-block-weight=\"29\" data-block-id=\"16\">\n<p class=\" content-text__container \" data-track-category=\"Link no Texto\" data-track-links=\"\">Em rela\u00e7\u00e3o aos cursos de Especializa\u00e7\u00e3o T\u00e9cnica de n\u00edvel m\u00e9dio (presencial e on-line) o candidato dever\u00e1 ter conclu\u00eddo o Ensino M\u00e9dio e tamb\u00e9m o t\u00e9cnico associado \u00e0 especializa\u00e7\u00e3o pretendida.<\/p>\n<\/div>\n<\/div>\n<div id=\"chunk-2jcd\">\n<div class=\"mc-column content-text active-extra-styles \" data-block-type=\"unstyled\" data-block-weight=\"34\" data-block-id=\"17\">\n<p class=\" content-text__container \" data-track-category=\"Link no Texto\" data-track-links=\"\">O Centro Paula Souza conta com um sistema de pontua\u00e7\u00e3o acrescida, um b\u00f4nus destinado a estudantes afrodescendentes e candidatos que tenham cursado integralmente o ensino fundamental 2, ou equivalente, integralmente na rede p\u00fablica.<\/p>\n<\/div>\n<\/div>\n<div id=\"chunk-23n95\">\n<div class=\"mc-column content-text active-extra-styles\" data-block-type=\"raw\" data-block-weight=\"1\" data-block-id=\"18\">\n<p class=\"content-text__container\">\n<div class=\"content-intertitle\">\n<h2>Vagas<\/h2>\n<\/div>\n<\/div>\n<\/div>\n<div id=\"chunk-8opuh\">\n<div class=\"mc-column content-text active-extra-styles \" data-block-type=\"unstyled\" data-block-weight=\"77\" data-block-id=\"19\">\n<p class=\" content-text__container \" data-track-category=\"Link no Texto\" data-track-links=\"\">As vagas est\u00e3o distribuidas em 22 cidades, s\u00e3o elas:\u00a0<a class=\"\" href=\"https:\/\/g1.globo.com\/sp\/sao-carlos-regiao\/cidade\/aguai\/\"><strong>Agua\u00ed<\/strong><\/a><strong>\u00a0<\/strong>(240),\u00a0<strong>Araraquara<\/strong>\u00a0(600),\u00a0<a class=\"\" href=\"https:\/\/g1.globo.com\/sp\/sao-carlos-regiao\/cidade\/araras-sp\/\"><strong>Araras<\/strong><\/a>\u00a0(520),\u00a0<a class=\"\" href=\"https:\/\/g1.globo.com\/sp\/sao-carlos-regiao\/cidade\/caconde\/\"><strong>Caconde<\/strong><\/a>\u00a0(40),\u00a0<a class=\"\" href=\"https:\/\/g1.globo.com\/sp\/sao-carlos-regiao\/cidade\/casa-branca\/\"><strong>Casa Branca<\/strong><\/a>\u00a0(200),\u00a0<a class=\"\" href=\"https:\/\/g1.globo.com\/sp\/sao-carlos-regiao\/cidade\/conchal\/\"><strong>Conchal<\/strong><\/a><strong>\u00a0<\/strong>(40),\u00a0<a class=\"\" href=\"https:\/\/g1.globo.com\/sp\/sao-carlos-regiao\/cidade\/ibate\/\"><strong>Ibat\u00e9<\/strong><\/a><strong>\u00a0<\/strong>(120),\u00a0<a class=\"\" href=\"https:\/\/g1.globo.com\/sp\/sao-carlos-regiao\/cidade\/leme\/\"><strong>Leme<\/strong><\/a>\u00a0(320),\u00a0<a class=\"\" href=\"https:\/\/g1.globo.com\/sp\/sao-carlos-regiao\/cidade\/matao\/\"><strong>Mat\u00e3o<\/strong><\/a><strong>\u00a0<\/strong>(430),\u00a0<a class=\"\" href=\"https:\/\/g1.globo.com\/sp\/sao-carlos-regiao\/cidade\/mococa\/\"><strong>Mococa<\/strong><\/a>\u00a0(840),\u00a0<a class=\"\" href=\"https:\/\/g1.globo.com\/sp\/sao-carlos-regiao\/cidade\/pirassununga\/\"><strong>Pirassununga<\/strong><\/a>\u00a0(320),\u00a0<a class=\"\" href=\"https:\/\/g1.globo.com\/sp\/sao-carlos-regiao\/cidade\/porto-ferreira\/\"><strong>Porto Ferreira<\/strong><\/a><strong>\u00a0<\/strong>(140),\u00a0<a class=\"\" href=\"https:\/\/g1.globo.com\/sp\/sao-carlos-regiao\/cidade\/rincao\/\"><strong>Rinc\u00e3o<\/strong><\/a>\u00a0(40) vagas,\u00a0<strong>Rio Claro<\/strong>\u00a0(440),\u00a0<a class=\"\" href=\"https:\/\/g1.globo.com\/sp\/sao-carlos-regiao\/cidade\/santa-cruz-das-palmeiras\/\"><strong>Santa Cruz das Palmeiras<\/strong><\/a>\u00a0(175),\u00a0<a class=\"\" href=\"https:\/\/g1.globo.com\/sp\/sao-carlos-regiao\/cidade\/santa-rita-do-passa-quatro\/\"><strong>Santa Rita do Passa Quatro<\/strong><\/a>\u00a0(80),\u00a0<strong>S\u00e3o Carlos<\/strong>\u00a0(560),\u00a0<a class=\"\" href=\"https:\/\/g1.globo.com\/sp\/sao-carlos-regiao\/cidade\/sao-joao-da-boa-vista\/\"><strong>S\u00e3o Jo\u00e3o da Boa Vista<\/strong><\/a><strong>\u00a0<\/strong>(40),\u00a0<a class=\"\" href=\"https:\/\/g1.globo.com\/sp\/sao-carlos-regiao\/cidade\/sao-jose-do-rio-pardo\/\"><strong>S\u00e3o Jos\u00e9 do Rio Pardo<\/strong><\/a>\u00a0(240),\u00a0<a class=\"\" href=\"https:\/\/g1.globo.com\/sp\/sao-carlos-regiao\/cidade\/tambau\/\"><strong>Tamba\u00fa<\/strong><\/a>\u00a0(40),\u00a0<a class=\"\" href=\"https:\/\/g1.globo.com\/sp\/sao-carlos-regiao\/cidade\/tapiratiba\/\"><strong>Tapiratiba<\/strong><\/a>\u00a0(40) e\u00a0<a class=\"\" href=\"https:\/\/g1.globo.com\/sp\/sao-carlos-regiao\/cidade\/vargem-grande-do-sul\/\"><strong>Vargem Grande do Sul<\/strong><\/a><strong>\u00a0<\/strong>(200).<\/p>\n<\/div>\n<\/div>\n<div id=\"chunk-evr8i\">\n<div class=\"mc-column content-text active-extra-styles \" data-block-type=\"unstyled\" data-block-weight=\"10\" data-block-id=\"20\">\n<p class=\" content-text__container \" data-track-category=\"Link no Texto\" data-track-links=\"\">Confira abaixo de forma detalhada quais cursos est\u00e3o sendo oferecidos.<\/p>\n<\/div>\n<\/div>\n<div id=\"chunk-9cfig\">\n<div class=\"mc-column content-text active-extra-styles\" data-block-type=\"raw\" data-block-weight=\"1\" data-block-id=\"21\">\n<div class=\"content-intertitle\">\n<h2>Calend\u00e1rio<\/h2>\n<\/div>\n<\/div>\n<\/div>\n<div id=\"chunk-6q03l\">\n<div class=\"mc-column content-text active-extra-styles\" data-block-type=\"raw\" data-block-weight=\"167\" data-block-id=\"22\">\n<ul class=\"content-unordered-list\">\n<li><strong><span class=\"highlight highlighted\">08\/11 (at\u00e9 \u00e0s 15h)<\/span><\/strong><br \/>\nInscri\u00e7\u00f5es para o Processo Seletivo<\/li>\n<li><strong><span class=\"highlight highlighted\">18\/10, a partir das 15h*<\/span><\/strong><br \/>\nDivulga\u00e7\u00e3o do resultado da solicita\u00e7\u00e3o de redu\u00e7\u00e3o da taxa de inscri\u00e7\u00e3o<\/li>\n<li><strong><span class=\"highlight highlighted\">de 18\/10, a partir das 15h, at\u00e9 as 15h do dia 08\/11*<\/span><\/strong><br \/>\nInscri\u00e7\u00e3o para o candidato beneficiado com a redu\u00e7\u00e3o da taxa de inscri\u00e7\u00e3o<\/li>\n<li><strong><span class=\"highlight highlighted\">De 19\/10 at\u00e9 20\/10*<\/span><\/strong><br \/>\nPrazo para interposi\u00e7\u00e3o de recurso para os candidatos que tiveram a solicita\u00e7\u00e3o de redu\u00e7\u00e3o da taxa de inscri\u00e7\u00e3o indeferida<\/li>\n<li><strong><span class=\"highlight highlighted\">27\/10, a partir das 15h*<\/span><\/strong><br \/>\nDivulga\u00e7\u00e3o da an\u00e1lise dos recursos de redu\u00e7\u00e3o da taxa de inscri\u00e7\u00e3o<\/li>\n<li><strong><span class=\"highlight highlighted\">06\/12, a partir das 15h<\/span><\/strong><br \/>\nDivulga\u00e7\u00e3o dos locais de Exame<\/li>\n<li><strong><span class=\"highlight highlighted\">10\/12, \u00e0s 13h30<\/span><\/strong><br \/>\n<strong>Exame &#8211; Provas do Vestibulinho 1\u00ba SEMESTRE 2024<\/strong><\/li>\n<li><strong><span class=\"highlight highlighted\">14\/12, a partir das 15h<\/span><\/strong><br \/>\nDivulga\u00e7\u00e3o dos gabaritos oficiais no site<\/li>\n<li><strong><span class=\"highlight highlighted\">19\/12, a partir das 15h<\/span><\/strong><br \/>\nDivulga\u00e7\u00e3o da classifica\u00e7\u00e3o geral dos cursos com prova de aptid\u00e3o e da convoca\u00e7\u00e3o para a prova de aptid\u00e3o<br \/>\n<em>Fase espec\u00edfica para os cursos com prova de aptid\u00e3o (Canto, Dan\u00e7a, Reg\u00eancia e Teatro)<\/em><\/li>\n<li><strong><span class=\"highlight highlighted\">11\/01\/2024, a partir das 15h<\/span><\/strong><br \/>\nDivulga\u00e7\u00e3o da lista de classifica\u00e7\u00e3o geral dos demais cursos e do resultado da prova de aptid\u00e3o<\/li>\n<\/ul>\n<\/div>\n<\/div>\n<div id=\"chunk-2rjcf\">\n<div class=\"content-ads content-ads--reveal\" data-block-type=\"ads\" data-block-id=\"23\"><\/div>\n<\/div>\n<div id=\"chunk-cardt\">\n<div class=\"mc-column content-text active-extra-styles \" data-block-type=\"unstyled\" data-block-weight=\"12\" data-block-id=\"24\">\n<p class=\" content-text__container \" data-track-category=\"Link no Texto\" data-track-links=\"\"><em>*prazo encerrado para solicita\u00e7\u00e3o para redu\u00e7\u00e3o da taxa de inscri\u00e7\u00e3o do vestibulinho<\/em><\/p>\n<\/div>\n<\/div>\n<div id=\"chunk-bl220\">\n<div class=\"mc-column content-text active-extra-styles \" data-block-type=\"unstyled\" data-block-weight=\"9\" data-block-id=\"25\">\n<p class=\" content-text__container \" data-track-category=\"Link no Texto\" data-track-links=\"\"><strong>Veja os cursos dispon\u00edveis e quantidade de vagas detalhadamente:<\/strong><\/p>\n<\/div>\n<\/div>\n<div id=\"chunk-6t7ba\">\n<div class=\"row medium-uncollapsed content-text\" data-block-type=\"table-plugin\" data-block-id=\"26\">\n<div class=\"column medium-centered medium-22 large-20\">\n<div class=\"show-table content-media content-media--normal\">\n<p class=\"mc-column show-table__title\">Agua\u00ed &#8211; 240 vagas<\/p>\n<div class=\"show-table__centralized\">\n<div class=\"show-table__container\">\n<table class=\"show-table__content\n show-table__content--highlight-top        \"><\/p>\n<tbody>\n<tr>\n<td>Munic\u00edpio<\/td>\n<td>Unidade<\/td>\n<td>Habilita\u00e7\u00e3o<\/td>\n<td>Per\u00edodo<\/td>\n<td>Vagas<\/td>\n<\/tr>\n<tr>\n<td>Agua\u00ed<\/td>\n<td>Etec Arnaldo Pereira Cheregatti<\/td>\n<td>Administra\u00e7\u00e3o<\/td>\n<td>Noite<\/td>\n<td>40<\/td>\n<\/tr>\n<tr>\n<td>Agua\u00ed<\/td>\n<td>Etec Arnaldo Pereira Cheregatti<\/td>\n<td>Ensino M\u00e9dio com Habilita\u00e7\u00e3o T\u00e9cnica em Administra\u00e7\u00e3o &#8211; (M-Tec &#8211; PI)<\/td>\n<td>Integral<\/td>\n<td>40<\/td>\n<\/tr>\n<tr>\n<td>Agua\u00ed<\/td>\n<td>Etec Arnaldo Pereira Cheregatti<\/td>\n<td>Ensino M\u00e9dio com Habilita\u00e7\u00e3o T\u00e9cnica em Inform\u00e1tica (M-Tec)<\/td>\n<td>Manh\u00e3<\/td>\n<td>40<\/td>\n<\/tr>\n<tr>\n<td>Agua\u00ed<\/td>\n<td>Etec Arnaldo Pereira Cheregatti<\/td>\n<td>Ensino M\u00e9dio com Habilita\u00e7\u00e3o T\u00e9cnica em Marketing (M-Tec)<\/td>\n<td>Manh\u00e3<\/td>\n<td>40<\/td>\n<\/tr>\n<tr>\n<td>Agua\u00ed<\/td>\n<td>Etec Arnaldo Pereira Cheregatti<\/td>\n<td>Recursos Humanos<\/td>\n<td>Noite<\/td>\n<td>40<\/td>\n<\/tr>\n<tr>\n<td>Agua\u00ed<\/td>\n<td>Etec Arnaldo Pereira Cheregatti<\/td>\n<td>Seguran\u00e7a do Trabalho<\/td>\n<td>Noite<\/td>\n<td>40<\/td>\n<\/tr>\n<\/tbody>\n<\/table>\n<\/div>\n<div class=\"show-table__footer\">\n<div class=\"show-table__source\">Fonte: Centro Paula Souza<\/div>\n<\/div>\n<\/div>\n<\/div>\n<\/div>\n<\/div>\n<\/div>\n<div id=\"chunk-2nncj\">\n<div class=\"row medium-uncollapsed content-text\" data-block-type=\"table-plugin\" data-block-id=\"27\">\n<div class=\"column medium-centered medium-22 large-20\">\n<div class=\"show-table content-media content-media--normal\">\n<p class=\"mc-column show-table__title\">Araraquara &#8211; 600 vagas<\/p>\n<div class=\"show-table__centralized\">\n<div class=\"show-table__container\">\n<table class=\"show-table__content\n show-table__content--highlight-top        \"><\/p>\n<tbody>\n<tr>\n<td>Munic\u00edpio<\/td>\n<td>Unidade<\/td>\n<td>Habilita\u00e7\u00e3o<\/td>\n<td>Per\u00edodo<\/td>\n<td>Vagas<\/td>\n<\/tr>\n<tr>\n<td>Araraquara<\/td>\n<td>Etec Prof\u00aa Anna de Oliveira Ferraz<\/td>\n<td>Administra\u00e7\u00e3o<\/td>\n<td>Noite<\/td>\n<td>40<\/td>\n<\/tr>\n<tr>\n<td>Araraquara<\/td>\n<td>Etec Prof\u00aa Anna de Oliveira Ferraz<\/td>\n<td>Enfermagem<\/td>\n<td>Tarde<\/td>\n<td>40<\/td>\n<\/tr>\n<tr>\n<td>Araraquara<\/td>\n<td>Etec Prof\u00aa Anna de Oliveira Ferraz<\/td>\n<td>Ensino M\u00e9dio com Habilita\u00e7\u00e3o T\u00e9cnica em Administra\u00e7\u00e3o &#8211; (M-Tec &#8211; PI)<\/td>\n<td>Integral<\/td>\n<td>80<\/td>\n<\/tr>\n<tr>\n<td>Araraquara<\/td>\n<td>Etec Prof\u00aa Anna de Oliveira Ferraz<\/td>\n<td>Ensino M\u00e9dio com Habilita\u00e7\u00e3o T\u00e9cnica em Desenvolvimento de Sistemas (M-Tec &#8211; PI)<\/td>\n<td>Integral<\/td>\n<td>40<\/td>\n<\/tr>\n<tr>\n<td>Araraquara<\/td>\n<td>Etec Prof\u00aa Anna de Oliveira Ferraz<\/td>\n<td>Ensino M\u00e9dio com Habilita\u00e7\u00e3o T\u00e9cnica e m Inform\u00e1tica para Internet (M-Tec &#8211; PI)<\/td>\n<td>Integral<\/td>\n<td>40<\/td>\n<\/tr>\n<tr>\n<td>Araraquara<\/td>\n<td>Etec Prof\u00aa Anna de Oliveira Ferraz<\/td>\n<td>Ensino M\u00e9dio com Habilita\u00e7\u00e3o T\u00e9cnica em Mecatr\u00f4nica (M-Tec &#8211; PI)<\/td>\n<td>Integral<\/td>\n<td>40<\/td>\n<\/tr>\n<tr>\n<td>Araraquara<\/td>\n<td>Etec Prof\u00aa Anna de Oliveira Ferraz<\/td>\n<td>Gastronomia<\/td>\n<td>Tarde<\/td>\n<td>40<\/td>\n<\/tr>\n<tr>\n<td>Araraquara<\/td>\n<td>Etec Prof\u00aa Anna de Oliveira Ferraz<\/td>\n<td>Inform\u00e1tica para Internet<\/td>\n<td>Noite<\/td>\n<td>40<\/td>\n<\/tr>\n<tr>\n<td>Araraquara<\/td>\n<td>Etec Prof\u00aa Anna de Oliveira Ferraz<\/td>\n<td>Log\u00edstica<\/td>\n<td>Noite<\/td>\n<td>40<\/td>\n<\/tr>\n<tr>\n<td>Araraquara<\/td>\n<td>Etec Prof\u00aa Anna de Oliveira Ferraz<\/td>\n<td>Mec\u00e2nica<\/td>\n<td>Noite<\/td>\n<td>40<\/td>\n<\/tr>\n<tr>\n<td>Araraquara<\/td>\n<td>Etec Prof\u00aa Anna de Oliveira Ferraz<\/td>\n<td>Mecatr\u00f4nica<\/td>\n<td>Noite<\/td>\n<td>40<\/td>\n<\/tr>\n<tr>\n<td>Araraquara<\/td>\n<td>Etec Prof\u00aa Anna de Oliveira Ferraz<\/td>\n<td>Nutri\u00e7\u00e3o e Diet\u00e9tica<\/td>\n<td>Noite<\/td>\n<td>40<\/td>\n<\/tr>\n<tr>\n<td>Araraquara<\/td>\n<td>Etec Prof\u00aa Anna de Oliveira Ferraz<\/td>\n<td>Recursos Humanos<\/td>\n<td>Noite<\/td>\n<td>40<\/td>\n<\/tr>\n<tr>\n<td>Araraquara<\/td>\n<td>Etec Prof\u00aa Anna de Oliveira Ferraz<\/td>\n<td>Transa\u00e7\u00f5es Imobili\u00e1rias<\/td>\n<td>Noite<\/td>\n<td>40<\/td>\n<\/tr>\n<\/tbody>\n<\/table>\n<\/div>\n<div class=\"show-table__footer\">\n<div class=\"show-table__source\"><strong>Fonte<\/strong>: Centro Paula Souza<\/div>\n<\/div>\n<\/div>\n<\/div>\n<\/div>\n<\/div>\n<\/div>\n<\/div>\n","protected":false},"excerpt":{"rendered":"<p>Est\u00e3o abertas as inscri\u00e7\u00f5es para o vestibulinho das Escolas T\u00e9cnicas Estaduais (ETECs). Na regi\u00e3o, s\u00e3o 5.665 vagas distribu\u00eddas em 22 cidades.\u00a0(veja abaixo como se inscrever) As oportunidades est\u00e3o divididas entre cursos t\u00e9cnicos, ensino m\u00e9dio integrado ao t\u00e9cnico, ensino m\u00e9dio em diferentes itiner\u00e1rios formativos, articula\u00e7\u00e3o da forma\u00e7\u00e3o profissional m\u00e9dia e superior (AMS), especializa\u00e7\u00f5es t\u00e9cnicas, al\u00e9m de &hellip;<\/p>\n","protected":false},"author":1,"featured_media":1703,"comment_status":"closed","ping_status":"closed","sticky":false,"template":"","format":"standard","meta":{"footnotes":""},"categories":[30],"tags":[],"class_list":["post-1702","post","type-post","status-publish","format-standard","has-post-thumbnail","hentry","category-geral"],"yoast_head":"<!-- This site is optimized with the Yoast SEO plugin v27.4 - https:\/\/yoast.com\/product\/yoast-seo-wordpress\/ -->\n<title>Vestibulinho da Etec Mococa tem 840 vagas ; saiba como se inscrever - Transam\u00e9rica Mococa 93,3<\/title>\n<meta name=\"robots\" content=\"index, follow, max-snippet:-1, max-image-preview:large, max-video-preview:-1\" \/>\n<link rel=\"canonical\" href=\"https:\/\/transamerica93.com.br\/home\/vestibulinho-da-etec-mococa-tem-840-vagas-saiba-como-se-inscrever\/\" \/>\n<meta property=\"og:locale\" content=\"pt_BR\" \/>\n<meta property=\"og:type\" content=\"article\" \/>\n<meta property=\"og:title\" content=\"Vestibulinho da Etec Mococa tem 840 vagas ; saiba como se inscrever - Transam\u00e9rica Mococa 93,3\" \/>\n<meta property=\"og:description\" content=\"Est\u00e3o abertas as inscri\u00e7\u00f5es para o vestibulinho das Escolas T\u00e9cnicas Estaduais (ETECs). Na regi\u00e3o, s\u00e3o 5.665 vagas distribu\u00eddas em 22 cidades.\u00a0(veja abaixo como se inscrever) As oportunidades est\u00e3o divididas entre cursos t\u00e9cnicos, ensino m\u00e9dio integrado ao t\u00e9cnico, ensino m\u00e9dio em diferentes itiner\u00e1rios formativos, articula\u00e7\u00e3o da forma\u00e7\u00e3o profissional m\u00e9dia e superior (AMS), especializa\u00e7\u00f5es t\u00e9cnicas, al\u00e9m de &hellip;\" \/>\n<meta property=\"og:url\" content=\"https:\/\/transamerica93.com.br\/home\/vestibulinho-da-etec-mococa-tem-840-vagas-saiba-como-se-inscrever\/\" \/>\n<meta property=\"og:site_name\" content=\"Transam\u00e9rica Mococa 93,3\" \/>\n<meta property=\"article:publisher\" content=\"https:\/\/www.facebook.com\/transamericamococa\" \/>\n<meta property=\"article:published_time\" content=\"2023-10-13T19:28:11+00:00\" \/>\n<meta property=\"og:image\" content=\"https:\/\/transamerica93.com.br\/home\/wp-content\/uploads\/2023\/10\/ETECMOCOCA.jpg\" \/>\n\t<meta property=\"og:image:width\" content=\"800\" \/>\n\t<meta property=\"og:image:height\" content=\"500\" \/>\n\t<meta property=\"og:image:type\" content=\"image\/jpeg\" \/>\n<meta name=\"author\" content=\"Reda\u00e7\u00e3o\" \/>\n<meta name=\"twitter:card\" content=\"summary_large_image\" \/>\n<meta name=\"twitter:creator\" content=\"@transamerica933\" \/>\n<meta name=\"twitter:site\" content=\"@transamerica933\" \/>\n<meta name=\"twitter:label1\" content=\"Escrito por\" \/>\n\t<meta name=\"twitter:data1\" content=\"Reda\u00e7\u00e3o\" \/>\n\t<meta name=\"twitter:label2\" content=\"Est. tempo de leitura\" \/>\n\t<meta name=\"twitter:data2\" content=\"6 minutos\" \/>\n<script type=\"application\/ld+json\" class=\"yoast-schema-graph\">{\"@context\":\"https:\\\/\\\/schema.org\",\"@graph\":[{\"@type\":\"Article\",\"@id\":\"https:\\\/\\\/transamerica93.com.br\\\/home\\\/vestibulinho-da-etec-mococa-tem-840-vagas-saiba-como-se-inscrever\\\/#article\",\"isPartOf\":{\"@id\":\"https:\\\/\\\/transamerica93.com.br\\\/home\\\/vestibulinho-da-etec-mococa-tem-840-vagas-saiba-como-se-inscrever\\\/\"},\"author\":{\"name\":\"Reda\u00e7\u00e3o\",\"@id\":\"https:\\\/\\\/transamerica93.com.br\\\/home\\\/#\\\/schema\\\/person\\\/7fed7c99c0d4562efa8561bc0f543172\"},\"headline\":\"Vestibulinho da Etec Mococa tem 840 vagas ; saiba como se inscrever\",\"datePublished\":\"2023-10-13T19:28:11+00:00\",\"mainEntityOfPage\":{\"@id\":\"https:\\\/\\\/transamerica93.com.br\\\/home\\\/vestibulinho-da-etec-mococa-tem-840-vagas-saiba-como-se-inscrever\\\/\"},\"wordCount\":972,\"publisher\":{\"@id\":\"https:\\\/\\\/transamerica93.com.br\\\/home\\\/#organization\"},\"image\":{\"@id\":\"https:\\\/\\\/transamerica93.com.br\\\/home\\\/vestibulinho-da-etec-mococa-tem-840-vagas-saiba-como-se-inscrever\\\/#primaryimage\"},\"thumbnailUrl\":\"https:\\\/\\\/transamerica93.com.br\\\/home\\\/wp-content\\\/uploads\\\/2023\\\/10\\\/ETECMOCOCA.jpg\",\"articleSection\":[\"Geral\"],\"inLanguage\":\"pt-BR\"},{\"@type\":\"WebPage\",\"@id\":\"https:\\\/\\\/transamerica93.com.br\\\/home\\\/vestibulinho-da-etec-mococa-tem-840-vagas-saiba-como-se-inscrever\\\/\",\"url\":\"https:\\\/\\\/transamerica93.com.br\\\/home\\\/vestibulinho-da-etec-mococa-tem-840-vagas-saiba-como-se-inscrever\\\/\",\"name\":\"Vestibulinho da Etec Mococa tem 840 vagas ; saiba como se inscrever - Transam\u00e9rica Mococa 93,3\",\"isPartOf\":{\"@id\":\"https:\\\/\\\/transamerica93.com.br\\\/home\\\/#website\"},\"primaryImageOfPage\":{\"@id\":\"https:\\\/\\\/transamerica93.com.br\\\/home\\\/vestibulinho-da-etec-mococa-tem-840-vagas-saiba-como-se-inscrever\\\/#primaryimage\"},\"image\":{\"@id\":\"https:\\\/\\\/transamerica93.com.br\\\/home\\\/vestibulinho-da-etec-mococa-tem-840-vagas-saiba-como-se-inscrever\\\/#primaryimage\"},\"thumbnailUrl\":\"https:\\\/\\\/transamerica93.com.br\\\/home\\\/wp-content\\\/uploads\\\/2023\\\/10\\\/ETECMOCOCA.jpg\",\"datePublished\":\"2023-10-13T19:28:11+00:00\",\"breadcrumb\":{\"@id\":\"https:\\\/\\\/transamerica93.com.br\\\/home\\\/vestibulinho-da-etec-mococa-tem-840-vagas-saiba-como-se-inscrever\\\/#breadcrumb\"},\"inLanguage\":\"pt-BR\",\"potentialAction\":[{\"@type\":\"ReadAction\",\"target\":[\"https:\\\/\\\/transamerica93.com.br\\\/home\\\/vestibulinho-da-etec-mococa-tem-840-vagas-saiba-como-se-inscrever\\\/\"]}]},{\"@type\":\"ImageObject\",\"inLanguage\":\"pt-BR\",\"@id\":\"https:\\\/\\\/transamerica93.com.br\\\/home\\\/vestibulinho-da-etec-mococa-tem-840-vagas-saiba-como-se-inscrever\\\/#primaryimage\",\"url\":\"https:\\\/\\\/transamerica93.com.br\\\/home\\\/wp-content\\\/uploads\\\/2023\\\/10\\\/ETECMOCOCA.jpg\",\"contentUrl\":\"https:\\\/\\\/transamerica93.com.br\\\/home\\\/wp-content\\\/uploads\\\/2023\\\/10\\\/ETECMOCOCA.jpg\",\"width\":800,\"height\":500,\"caption\":\"Foto: fb.com\\\/etecfg\"},{\"@type\":\"BreadcrumbList\",\"@id\":\"https:\\\/\\\/transamerica93.com.br\\\/home\\\/vestibulinho-da-etec-mococa-tem-840-vagas-saiba-como-se-inscrever\\\/#breadcrumb\",\"itemListElement\":[{\"@type\":\"ListItem\",\"position\":1,\"name\":\"In\u00edcio\",\"item\":\"https:\\\/\\\/transamerica93.com.br\\\/home\\\/\"},{\"@type\":\"ListItem\",\"position\":2,\"name\":\"Vestibulinho da Etec Mococa tem 840 vagas ; saiba como se inscrever\"}]},{\"@type\":\"WebSite\",\"@id\":\"https:\\\/\\\/transamerica93.com.br\\\/home\\\/#website\",\"url\":\"https:\\\/\\\/transamerica93.com.br\\\/home\\\/\",\"name\":\"Transam\u00e9rica Mococa 93,3\",\"description\":\"\",\"publisher\":{\"@id\":\"https:\\\/\\\/transamerica93.com.br\\\/home\\\/#organization\"},\"potentialAction\":[{\"@type\":\"SearchAction\",\"target\":{\"@type\":\"EntryPoint\",\"urlTemplate\":\"https:\\\/\\\/transamerica93.com.br\\\/home\\\/?s={search_term_string}\"},\"query-input\":{\"@type\":\"PropertyValueSpecification\",\"valueRequired\":true,\"valueName\":\"search_term_string\"}}],\"inLanguage\":\"pt-BR\"},{\"@type\":\"Organization\",\"@id\":\"https:\\\/\\\/transamerica93.com.br\\\/home\\\/#organization\",\"name\":\"Transam\u00e9rica Mococa 93,3\",\"url\":\"https:\\\/\\\/transamerica93.com.br\\\/home\\\/\",\"logo\":{\"@type\":\"ImageObject\",\"inLanguage\":\"pt-BR\",\"@id\":\"https:\\\/\\\/transamerica93.com.br\\\/home\\\/#\\\/schema\\\/logo\\\/image\\\/\",\"url\":\"https:\\\/\\\/transamerica93.com.br\\\/home\\\/wp-content\\\/uploads\\\/2023\\\/10\\\/logo2.png\",\"contentUrl\":\"https:\\\/\\\/transamerica93.com.br\\\/home\\\/wp-content\\\/uploads\\\/2023\\\/10\\\/logo2.png\",\"width\":800,\"height\":500,\"caption\":\"Transam\u00e9rica Mococa 93,3\"},\"image\":{\"@id\":\"https:\\\/\\\/transamerica93.com.br\\\/home\\\/#\\\/schema\\\/logo\\\/image\\\/\"},\"sameAs\":[\"https:\\\/\\\/www.facebook.com\\\/transamericamococa\",\"https:\\\/\\\/x.com\\\/transamerica933\",\"https:\\\/\\\/www.instagram.com\\\/transamericamococa\"]},{\"@type\":\"Person\",\"@id\":\"https:\\\/\\\/transamerica93.com.br\\\/home\\\/#\\\/schema\\\/person\\\/7fed7c99c0d4562efa8561bc0f543172\",\"name\":\"Reda\u00e7\u00e3o\",\"image\":{\"@type\":\"ImageObject\",\"inLanguage\":\"pt-BR\",\"@id\":\"https:\\\/\\\/secure.gravatar.com\\\/avatar\\\/1072c6b775fb02ef8506ce967551d95926669a6b7d2c2147b42eea4d7c68395e?s=96&d=mm&r=g\",\"url\":\"https:\\\/\\\/secure.gravatar.com\\\/avatar\\\/1072c6b775fb02ef8506ce967551d95926669a6b7d2c2147b42eea4d7c68395e?s=96&d=mm&r=g\",\"contentUrl\":\"https:\\\/\\\/secure.gravatar.com\\\/avatar\\\/1072c6b775fb02ef8506ce967551d95926669a6b7d2c2147b42eea4d7c68395e?s=96&d=mm&r=g\",\"caption\":\"Reda\u00e7\u00e3o\"},\"sameAs\":[\"https:\\\/\\\/transamerica93.com.br\\\/home\"],\"url\":\"https:\\\/\\\/transamerica93.com.br\\\/home\\\/author\\\/william\\\/\"}]}<\/script>\n<!-- \/ Yoast SEO plugin. -->","yoast_head_json":{"title":"Vestibulinho da Etec Mococa tem 840 vagas ; saiba como se inscrever - Transam\u00e9rica Mococa 93,3","robots":{"index":"index","follow":"follow","max-snippet":"max-snippet:-1","max-image-preview":"max-image-preview:large","max-video-preview":"max-video-preview:-1"},"canonical":"https:\/\/transamerica93.com.br\/home\/vestibulinho-da-etec-mococa-tem-840-vagas-saiba-como-se-inscrever\/","og_locale":"pt_BR","og_type":"article","og_title":"Vestibulinho da Etec Mococa tem 840 vagas ; saiba como se inscrever - Transam\u00e9rica Mococa 93,3","og_description":"Est\u00e3o abertas as inscri\u00e7\u00f5es para o vestibulinho das Escolas T\u00e9cnicas Estaduais (ETECs). Na regi\u00e3o, s\u00e3o 5.665 vagas distribu\u00eddas em 22 cidades.\u00a0(veja abaixo como se inscrever) As oportunidades est\u00e3o divididas entre cursos t\u00e9cnicos, ensino m\u00e9dio integrado ao t\u00e9cnico, ensino m\u00e9dio em diferentes itiner\u00e1rios formativos, articula\u00e7\u00e3o da forma\u00e7\u00e3o profissional m\u00e9dia e superior (AMS), especializa\u00e7\u00f5es t\u00e9cnicas, al\u00e9m de &hellip;","og_url":"https:\/\/transamerica93.com.br\/home\/vestibulinho-da-etec-mococa-tem-840-vagas-saiba-como-se-inscrever\/","og_site_name":"Transam\u00e9rica Mococa 93,3","article_publisher":"https:\/\/www.facebook.com\/transamericamococa","article_published_time":"2023-10-13T19:28:11+00:00","og_image":[{"width":800,"height":500,"url":"https:\/\/transamerica93.com.br\/home\/wp-content\/uploads\/2023\/10\/ETECMOCOCA.jpg","type":"image\/jpeg"}],"author":"Reda\u00e7\u00e3o","twitter_card":"summary_large_image","twitter_creator":"@transamerica933","twitter_site":"@transamerica933","twitter_misc":{"Escrito por":"Reda\u00e7\u00e3o","Est. tempo de leitura":"6 minutos"},"schema":{"@context":"https:\/\/schema.org","@graph":[{"@type":"Article","@id":"https:\/\/transamerica93.com.br\/home\/vestibulinho-da-etec-mococa-tem-840-vagas-saiba-como-se-inscrever\/#article","isPartOf":{"@id":"https:\/\/transamerica93.com.br\/home\/vestibulinho-da-etec-mococa-tem-840-vagas-saiba-como-se-inscrever\/"},"author":{"name":"Reda\u00e7\u00e3o","@id":"https:\/\/transamerica93.com.br\/home\/#\/schema\/person\/7fed7c99c0d4562efa8561bc0f543172"},"headline":"Vestibulinho da Etec Mococa tem 840 vagas ; saiba como se inscrever","datePublished":"2023-10-13T19:28:11+00:00","mainEntityOfPage":{"@id":"https:\/\/transamerica93.com.br\/home\/vestibulinho-da-etec-mococa-tem-840-vagas-saiba-como-se-inscrever\/"},"wordCount":972,"publisher":{"@id":"https:\/\/transamerica93.com.br\/home\/#organization"},"image":{"@id":"https:\/\/transamerica93.com.br\/home\/vestibulinho-da-etec-mococa-tem-840-vagas-saiba-como-se-inscrever\/#primaryimage"},"thumbnailUrl":"https:\/\/transamerica93.com.br\/home\/wp-content\/uploads\/2023\/10\/ETECMOCOCA.jpg","articleSection":["Geral"],"inLanguage":"pt-BR"},{"@type":"WebPage","@id":"https:\/\/transamerica93.com.br\/home\/vestibulinho-da-etec-mococa-tem-840-vagas-saiba-como-se-inscrever\/","url":"https:\/\/transamerica93.com.br\/home\/vestibulinho-da-etec-mococa-tem-840-vagas-saiba-como-se-inscrever\/","name":"Vestibulinho da Etec Mococa tem 840 vagas ; saiba como se inscrever - Transam\u00e9rica Mococa 93,3","isPartOf":{"@id":"https:\/\/transamerica93.com.br\/home\/#website"},"primaryImageOfPage":{"@id":"https:\/\/transamerica93.com.br\/home\/vestibulinho-da-etec-mococa-tem-840-vagas-saiba-como-se-inscrever\/#primaryimage"},"image":{"@id":"https:\/\/transamerica93.com.br\/home\/vestibulinho-da-etec-mococa-tem-840-vagas-saiba-como-se-inscrever\/#primaryimage"},"thumbnailUrl":"https:\/\/transamerica93.com.br\/home\/wp-content\/uploads\/2023\/10\/ETECMOCOCA.jpg","datePublished":"2023-10-13T19:28:11+00:00","breadcrumb":{"@id":"https:\/\/transamerica93.com.br\/home\/vestibulinho-da-etec-mococa-tem-840-vagas-saiba-como-se-inscrever\/#breadcrumb"},"inLanguage":"pt-BR","potentialAction":[{"@type":"ReadAction","target":["https:\/\/transamerica93.com.br\/home\/vestibulinho-da-etec-mococa-tem-840-vagas-saiba-como-se-inscrever\/"]}]},{"@type":"ImageObject","inLanguage":"pt-BR","@id":"https:\/\/transamerica93.com.br\/home\/vestibulinho-da-etec-mococa-tem-840-vagas-saiba-como-se-inscrever\/#primaryimage","url":"https:\/\/transamerica93.com.br\/home\/wp-content\/uploads\/2023\/10\/ETECMOCOCA.jpg","contentUrl":"https:\/\/transamerica93.com.br\/home\/wp-content\/uploads\/2023\/10\/ETECMOCOCA.jpg","width":800,"height":500,"caption":"Foto: fb.com\/etecfg"},{"@type":"BreadcrumbList","@id":"https:\/\/transamerica93.com.br\/home\/vestibulinho-da-etec-mococa-tem-840-vagas-saiba-como-se-inscrever\/#breadcrumb","itemListElement":[{"@type":"ListItem","position":1,"name":"In\u00edcio","item":"https:\/\/transamerica93.com.br\/home\/"},{"@type":"ListItem","position":2,"name":"Vestibulinho da Etec Mococa tem 840 vagas ; saiba como se inscrever"}]},{"@type":"WebSite","@id":"https:\/\/transamerica93.com.br\/home\/#website","url":"https:\/\/transamerica93.com.br\/home\/","name":"Transam\u00e9rica Mococa 93,3","description":"","publisher":{"@id":"https:\/\/transamerica93.com.br\/home\/#organization"},"potentialAction":[{"@type":"SearchAction","target":{"@type":"EntryPoint","urlTemplate":"https:\/\/transamerica93.com.br\/home\/?s={search_term_string}"},"query-input":{"@type":"PropertyValueSpecification","valueRequired":true,"valueName":"search_term_string"}}],"inLanguage":"pt-BR"},{"@type":"Organization","@id":"https:\/\/transamerica93.com.br\/home\/#organization","name":"Transam\u00e9rica Mococa 93,3","url":"https:\/\/transamerica93.com.br\/home\/","logo":{"@type":"ImageObject","inLanguage":"pt-BR","@id":"https:\/\/transamerica93.com.br\/home\/#\/schema\/logo\/image\/","url":"https:\/\/transamerica93.com.br\/home\/wp-content\/uploads\/2023\/10\/logo2.png","contentUrl":"https:\/\/transamerica93.com.br\/home\/wp-content\/uploads\/2023\/10\/logo2.png","width":800,"height":500,"caption":"Transam\u00e9rica Mococa 93,3"},"image":{"@id":"https:\/\/transamerica93.com.br\/home\/#\/schema\/logo\/image\/"},"sameAs":["https:\/\/www.facebook.com\/transamericamococa","https:\/\/x.com\/transamerica933","https:\/\/www.instagram.com\/transamericamococa"]},{"@type":"Person","@id":"https:\/\/transamerica93.com.br\/home\/#\/schema\/person\/7fed7c99c0d4562efa8561bc0f543172","name":"Reda\u00e7\u00e3o","image":{"@type":"ImageObject","inLanguage":"pt-BR","@id":"https:\/\/secure.gravatar.com\/avatar\/1072c6b775fb02ef8506ce967551d95926669a6b7d2c2147b42eea4d7c68395e?s=96&d=mm&r=g","url":"https:\/\/secure.gravatar.com\/avatar\/1072c6b775fb02ef8506ce967551d95926669a6b7d2c2147b42eea4d7c68395e?s=96&d=mm&r=g","contentUrl":"https:\/\/secure.gravatar.com\/avatar\/1072c6b775fb02ef8506ce967551d95926669a6b7d2c2147b42eea4d7c68395e?s=96&d=mm&r=g","caption":"Reda\u00e7\u00e3o"},"sameAs":["https:\/\/transamerica93.com.br\/home"],"url":"https:\/\/transamerica93.com.br\/home\/author\/william\/"}]}},"_links":{"self":[{"href":"https:\/\/transamerica93.com.br\/home\/wp-json\/wp\/v2\/posts\/1702","targetHints":{"allow":["GET"]}}],"collection":[{"href":"https:\/\/transamerica93.com.br\/home\/wp-json\/wp\/v2\/posts"}],"about":[{"href":"https:\/\/transamerica93.com.br\/home\/wp-json\/wp\/v2\/types\/post"}],"author":[{"embeddable":true,"href":"https:\/\/transamerica93.com.br\/home\/wp-json\/wp\/v2\/users\/1"}],"replies":[{"embeddable":true,"href":"https:\/\/transamerica93.com.br\/home\/wp-json\/wp\/v2\/comments?post=1702"}],"version-history":[{"count":1,"href":"https:\/\/transamerica93.com.br\/home\/wp-json\/wp\/v2\/posts\/1702\/revisions"}],"predecessor-version":[{"id":1704,"href":"https:\/\/transamerica93.com.br\/home\/wp-json\/wp\/v2\/posts\/1702\/revisions\/1704"}],"wp:featuredmedia":[{"embeddable":true,"href":"https:\/\/transamerica93.com.br\/home\/wp-json\/wp\/v2\/media\/1703"}],"wp:attachment":[{"href":"https:\/\/transamerica93.com.br\/home\/wp-json\/wp\/v2\/media?parent=1702"}],"wp:term":[{"taxonomy":"category","embeddable":true,"href":"https:\/\/transamerica93.com.br\/home\/wp-json\/wp\/v2\/categories?post=1702"},{"taxonomy":"post_tag","embeddable":true,"href":"https:\/\/transamerica93.com.br\/home\/wp-json\/wp\/v2\/tags?post=1702"}],"curies":[{"name":"wp","href":"https:\/\/api.w.org\/{rel}","templated":true}]}}