{"id":1711,"date":"2023-10-13T16:33:49","date_gmt":"2023-10-13T19:33:49","guid":{"rendered":"https:\/\/transamerica93.com.br\/home\/?p=1711"},"modified":"2023-10-13T16:33:49","modified_gmt":"2023-10-13T19:33:49","slug":"acidente-com-kayky-brito-bruno-de-luca-pode-ser-indiciado-por-omissao-de-socorro","status":"publish","type":"post","link":"https:\/\/transamerica93.com.br\/home\/acidente-com-kayky-brito-bruno-de-luca-pode-ser-indiciado-por-omissao-de-socorro\/","title":{"rendered":"Acidente com Kayky Brito: Bruno de Luca pode ser indiciado por omiss\u00e3o de socorro"},"content":{"rendered":"<h6 class=\"Assina\">Por Reda\u00e7\u00e3o C2<\/h6>\n<p>Bruno de Luca poder\u00e1 ser penalizado por n\u00e3o ter prestado socorro ao amigo Kayky Brito, atropelado em setembro, no Rio de Janeiro. Apesar da decis\u00e3o inicial da pol\u00edcia carioca de n\u00e3o indici\u00e1-lo, o promotor M\u00e1rcio Almeida Ribeiro da Silva pede sua autua\u00e7\u00e3o por omiss\u00e3o de socorro. A informa\u00e7\u00e3o foi publicada pelo\u00a0<i>O Globo<\/i>\u00a0e confirmada pelo\u00a0<b>Estad\u00e3o<\/b>.<\/p>\n<p>No dia do incidente, Bruno e Kayky estavam em um quiosque. Ap\u00f3s o atropelamento do ator, o pr\u00f3prio motorista prestou socorro. No entanto, Bruno de Luca deixou o local sem auxiliar seu amigo. Em depoimento \u00e0 Pol\u00edcia Civil no dia seguinte, Bruno confirmou ter presenciado o atropelamento, mas alegou desconhecer que a v\u00edtima era Kayky. Desde que recebeu alta, Kayky ainda n\u00e3o procurou o apresentador para conversar.<\/p>\n<p>Al\u00e9m da quest\u00e3o envolvendo Bruno de Luca, o Minist\u00e9rio P\u00fablico tamb\u00e9m solicitou informa\u00e7\u00f5es do Hospital Miguel Couto sobre o estado de sa\u00fade de Kayky Brito.<\/p>\n<p>O \u00f3rg\u00e3o quer que Kayky seja notificado para decidir se deseja ou n\u00e3o registrar queixa formalmente contra o motorista por les\u00e3o corporal culposa. Vale lembrar que, ap\u00f3s inqu\u00e9rito, a pol\u00edcia do Rio de Janeiro pediu o arquivamento do processo. Na investiga\u00e7\u00e3o, foi conclu\u00eddo que Diones Coelho da Silva realizou a\u00e7\u00f5es para evitar atropelamento e estava abaixo do limite da velocidade permitida.<\/p>\n<p>A investiga\u00e7\u00e3o tamb\u00e9m busca confirmar se Diones Coelho da Silva tem v\u00ednculo empregat\u00edcio com a UBER. Se confirmado, a penalidade poder\u00e1 ser aumentada. O caso segue em andamento, aguardando as informa\u00e7\u00f5es solicitadas e as decis\u00f5es das partes envolvidas.<\/p>\n<p>A reportagem tentou contato com os envolvidos no processo, mas at\u00e9 o momento da publica\u00e7\u00e3o da nota n\u00e3o obteve resposta. O espa\u00e7o segue aberto.<\/p>\n","protected":false},"excerpt":{"rendered":"<p>Por Reda\u00e7\u00e3o C2 Bruno de Luca poder\u00e1 ser penalizado por n\u00e3o ter prestado socorro ao amigo Kayky Brito, atropelado em setembro, no Rio de Janeiro. Apesar da decis\u00e3o inicial da pol\u00edcia carioca de n\u00e3o indici\u00e1-lo, o promotor M\u00e1rcio Almeida Ribeiro da Silva pede sua autua\u00e7\u00e3o por omiss\u00e3o de socorro. A informa\u00e7\u00e3o foi publicada pelo\u00a0O Globo\u00a0e &hellip;<\/p>\n","protected":false},"author":1,"featured_media":1712,"comment_status":"closed","ping_status":"closed","sticky":false,"template":"","format":"standard","meta":{"footnotes":""},"categories":[24],"tags":[],"class_list":["post-1711","post","type-post","status-publish","format-standard","has-post-thumbnail","hentry","category-entretenimento"],"yoast_head":"<!-- This site is optimized with the Yoast SEO plugin v27.4 - https:\/\/yoast.com\/product\/yoast-seo-wordpress\/ -->\n<title>Acidente com Kayky Brito: Bruno de Luca pode ser indiciado por omiss\u00e3o de socorro - Transam\u00e9rica Mococa 93,3<\/title>\n<meta name=\"robots\" content=\"index, follow, max-snippet:-1, max-image-preview:large, max-video-preview:-1\" \/>\n<link rel=\"canonical\" href=\"https:\/\/transamerica93.com.br\/home\/acidente-com-kayky-brito-bruno-de-luca-pode-ser-indiciado-por-omissao-de-socorro\/\" \/>\n<meta property=\"og:locale\" content=\"pt_BR\" \/>\n<meta property=\"og:type\" content=\"article\" \/>\n<meta property=\"og:title\" content=\"Acidente com Kayky Brito: Bruno de Luca pode ser indiciado por omiss\u00e3o de socorro - Transam\u00e9rica Mococa 93,3\" \/>\n<meta property=\"og:description\" content=\"Por Reda\u00e7\u00e3o C2 Bruno de Luca poder\u00e1 ser penalizado por n\u00e3o ter prestado socorro ao amigo Kayky Brito, atropelado em setembro, no Rio de Janeiro. Apesar da decis\u00e3o inicial da pol\u00edcia carioca de n\u00e3o indici\u00e1-lo, o promotor M\u00e1rcio Almeida Ribeiro da Silva pede sua autua\u00e7\u00e3o por omiss\u00e3o de socorro. A informa\u00e7\u00e3o foi publicada pelo\u00a0O Globo\u00a0e &hellip;\" \/>\n<meta property=\"og:url\" content=\"https:\/\/transamerica93.com.br\/home\/acidente-com-kayky-brito-bruno-de-luca-pode-ser-indiciado-por-omissao-de-socorro\/\" \/>\n<meta property=\"og:site_name\" content=\"Transam\u00e9rica Mococa 93,3\" \/>\n<meta property=\"article:publisher\" content=\"https:\/\/www.facebook.com\/transamericamococa\" \/>\n<meta property=\"article:published_time\" content=\"2023-10-13T19:33:49+00:00\" \/>\n<meta property=\"og:image\" content=\"https:\/\/transamerica93.com.br\/home\/wp-content\/uploads\/2023\/10\/imagem-10.jpg\" \/>\n\t<meta property=\"og:image:width\" content=\"800\" \/>\n\t<meta property=\"og:image:height\" content=\"500\" \/>\n\t<meta property=\"og:image:type\" content=\"image\/jpeg\" \/>\n<meta name=\"author\" content=\"Reda\u00e7\u00e3o\" \/>\n<meta name=\"twitter:card\" content=\"summary_large_image\" \/>\n<meta name=\"twitter:creator\" content=\"@transamerica933\" \/>\n<meta name=\"twitter:site\" content=\"@transamerica933\" \/>\n<meta name=\"twitter:label1\" content=\"Escrito por\" \/>\n\t<meta name=\"twitter:data1\" content=\"Reda\u00e7\u00e3o\" \/>\n\t<meta name=\"twitter:label2\" content=\"Est. tempo de leitura\" \/>\n\t<meta name=\"twitter:data2\" content=\"2 minutos\" \/>\n<script type=\"application\/ld+json\" class=\"yoast-schema-graph\">{\"@context\":\"https:\\\/\\\/schema.org\",\"@graph\":[{\"@type\":\"Article\",\"@id\":\"https:\\\/\\\/transamerica93.com.br\\\/home\\\/acidente-com-kayky-brito-bruno-de-luca-pode-ser-indiciado-por-omissao-de-socorro\\\/#article\",\"isPartOf\":{\"@id\":\"https:\\\/\\\/transamerica93.com.br\\\/home\\\/acidente-com-kayky-brito-bruno-de-luca-pode-ser-indiciado-por-omissao-de-socorro\\\/\"},\"author\":{\"name\":\"Reda\u00e7\u00e3o\",\"@id\":\"https:\\\/\\\/transamerica93.com.br\\\/home\\\/#\\\/schema\\\/person\\\/7fed7c99c0d4562efa8561bc0f543172\"},\"headline\":\"Acidente com Kayky Brito: Bruno de Luca pode ser indiciado por omiss\u00e3o de socorro\",\"datePublished\":\"2023-10-13T19:33:49+00:00\",\"mainEntityOfPage\":{\"@id\":\"https:\\\/\\\/transamerica93.com.br\\\/home\\\/acidente-com-kayky-brito-bruno-de-luca-pode-ser-indiciado-por-omissao-de-socorro\\\/\"},\"wordCount\":330,\"publisher\":{\"@id\":\"https:\\\/\\\/transamerica93.com.br\\\/home\\\/#organization\"},\"image\":{\"@id\":\"https:\\\/\\\/transamerica93.com.br\\\/home\\\/acidente-com-kayky-brito-bruno-de-luca-pode-ser-indiciado-por-omissao-de-socorro\\\/#primaryimage\"},\"thumbnailUrl\":\"https:\\\/\\\/transamerica93.com.br\\\/home\\\/wp-content\\\/uploads\\\/2023\\\/10\\\/imagem-10.jpg\",\"articleSection\":[\"Entretenimento\"],\"inLanguage\":\"pt-BR\"},{\"@type\":\"WebPage\",\"@id\":\"https:\\\/\\\/transamerica93.com.br\\\/home\\\/acidente-com-kayky-brito-bruno-de-luca-pode-ser-indiciado-por-omissao-de-socorro\\\/\",\"url\":\"https:\\\/\\\/transamerica93.com.br\\\/home\\\/acidente-com-kayky-brito-bruno-de-luca-pode-ser-indiciado-por-omissao-de-socorro\\\/\",\"name\":\"Acidente com Kayky Brito: Bruno de Luca pode ser indiciado por omiss\u00e3o de socorro - Transam\u00e9rica Mococa 93,3\",\"isPartOf\":{\"@id\":\"https:\\\/\\\/transamerica93.com.br\\\/home\\\/#website\"},\"primaryImageOfPage\":{\"@id\":\"https:\\\/\\\/transamerica93.com.br\\\/home\\\/acidente-com-kayky-brito-bruno-de-luca-pode-ser-indiciado-por-omissao-de-socorro\\\/#primaryimage\"},\"image\":{\"@id\":\"https:\\\/\\\/transamerica93.com.br\\\/home\\\/acidente-com-kayky-brito-bruno-de-luca-pode-ser-indiciado-por-omissao-de-socorro\\\/#primaryimage\"},\"thumbnailUrl\":\"https:\\\/\\\/transamerica93.com.br\\\/home\\\/wp-content\\\/uploads\\\/2023\\\/10\\\/imagem-10.jpg\",\"datePublished\":\"2023-10-13T19:33:49+00:00\",\"breadcrumb\":{\"@id\":\"https:\\\/\\\/transamerica93.com.br\\\/home\\\/acidente-com-kayky-brito-bruno-de-luca-pode-ser-indiciado-por-omissao-de-socorro\\\/#breadcrumb\"},\"inLanguage\":\"pt-BR\",\"potentialAction\":[{\"@type\":\"ReadAction\",\"target\":[\"https:\\\/\\\/transamerica93.com.br\\\/home\\\/acidente-com-kayky-brito-bruno-de-luca-pode-ser-indiciado-por-omissao-de-socorro\\\/\"]}]},{\"@type\":\"ImageObject\",\"inLanguage\":\"pt-BR\",\"@id\":\"https:\\\/\\\/transamerica93.com.br\\\/home\\\/acidente-com-kayky-brito-bruno-de-luca-pode-ser-indiciado-por-omissao-de-socorro\\\/#primaryimage\",\"url\":\"https:\\\/\\\/transamerica93.com.br\\\/home\\\/wp-content\\\/uploads\\\/2023\\\/10\\\/imagem-10.jpg\",\"contentUrl\":\"https:\\\/\\\/transamerica93.com.br\\\/home\\\/wp-content\\\/uploads\\\/2023\\\/10\\\/imagem-10.jpg\",\"width\":800,\"height\":500,\"caption\":\"\u00a9 AGNews\"},{\"@type\":\"BreadcrumbList\",\"@id\":\"https:\\\/\\\/transamerica93.com.br\\\/home\\\/acidente-com-kayky-brito-bruno-de-luca-pode-ser-indiciado-por-omissao-de-socorro\\\/#breadcrumb\",\"itemListElement\":[{\"@type\":\"ListItem\",\"position\":1,\"name\":\"In\u00edcio\",\"item\":\"https:\\\/\\\/transamerica93.com.br\\\/home\\\/\"},{\"@type\":\"ListItem\",\"position\":2,\"name\":\"Acidente com Kayky Brito: Bruno de Luca pode ser indiciado por omiss\u00e3o de socorro\"}]},{\"@type\":\"WebSite\",\"@id\":\"https:\\\/\\\/transamerica93.com.br\\\/home\\\/#website\",\"url\":\"https:\\\/\\\/transamerica93.com.br\\\/home\\\/\",\"name\":\"Transam\u00e9rica Mococa 93,3\",\"description\":\"\",\"publisher\":{\"@id\":\"https:\\\/\\\/transamerica93.com.br\\\/home\\\/#organization\"},\"potentialAction\":[{\"@type\":\"SearchAction\",\"target\":{\"@type\":\"EntryPoint\",\"urlTemplate\":\"https:\\\/\\\/transamerica93.com.br\\\/home\\\/?s={search_term_string}\"},\"query-input\":{\"@type\":\"PropertyValueSpecification\",\"valueRequired\":true,\"valueName\":\"search_term_string\"}}],\"inLanguage\":\"pt-BR\"},{\"@type\":\"Organization\",\"@id\":\"https:\\\/\\\/transamerica93.com.br\\\/home\\\/#organization\",\"name\":\"Transam\u00e9rica Mococa 93,3\",\"url\":\"https:\\\/\\\/transamerica93.com.br\\\/home\\\/\",\"logo\":{\"@type\":\"ImageObject\",\"inLanguage\":\"pt-BR\",\"@id\":\"https:\\\/\\\/transamerica93.com.br\\\/home\\\/#\\\/schema\\\/logo\\\/image\\\/\",\"url\":\"https:\\\/\\\/transamerica93.com.br\\\/home\\\/wp-content\\\/uploads\\\/2023\\\/10\\\/logo2.png\",\"contentUrl\":\"https:\\\/\\\/transamerica93.com.br\\\/home\\\/wp-content\\\/uploads\\\/2023\\\/10\\\/logo2.png\",\"width\":800,\"height\":500,\"caption\":\"Transam\u00e9rica Mococa 93,3\"},\"image\":{\"@id\":\"https:\\\/\\\/transamerica93.com.br\\\/home\\\/#\\\/schema\\\/logo\\\/image\\\/\"},\"sameAs\":[\"https:\\\/\\\/www.facebook.com\\\/transamericamococa\",\"https:\\\/\\\/x.com\\\/transamerica933\",\"https:\\\/\\\/www.instagram.com\\\/transamericamococa\"]},{\"@type\":\"Person\",\"@id\":\"https:\\\/\\\/transamerica93.com.br\\\/home\\\/#\\\/schema\\\/person\\\/7fed7c99c0d4562efa8561bc0f543172\",\"name\":\"Reda\u00e7\u00e3o\",\"image\":{\"@type\":\"ImageObject\",\"inLanguage\":\"pt-BR\",\"@id\":\"https:\\\/\\\/secure.gravatar.com\\\/avatar\\\/1072c6b775fb02ef8506ce967551d95926669a6b7d2c2147b42eea4d7c68395e?s=96&d=mm&r=g\",\"url\":\"https:\\\/\\\/secure.gravatar.com\\\/avatar\\\/1072c6b775fb02ef8506ce967551d95926669a6b7d2c2147b42eea4d7c68395e?s=96&d=mm&r=g\",\"contentUrl\":\"https:\\\/\\\/secure.gravatar.com\\\/avatar\\\/1072c6b775fb02ef8506ce967551d95926669a6b7d2c2147b42eea4d7c68395e?s=96&d=mm&r=g\",\"caption\":\"Reda\u00e7\u00e3o\"},\"sameAs\":[\"https:\\\/\\\/transamerica93.com.br\\\/home\"],\"url\":\"https:\\\/\\\/transamerica93.com.br\\\/home\\\/author\\\/william\\\/\"}]}<\/script>\n<!-- \/ Yoast SEO plugin. -->","yoast_head_json":{"title":"Acidente com Kayky Brito: Bruno de Luca pode ser indiciado por omiss\u00e3o de socorro - Transam\u00e9rica Mococa 93,3","robots":{"index":"index","follow":"follow","max-snippet":"max-snippet:-1","max-image-preview":"max-image-preview:large","max-video-preview":"max-video-preview:-1"},"canonical":"https:\/\/transamerica93.com.br\/home\/acidente-com-kayky-brito-bruno-de-luca-pode-ser-indiciado-por-omissao-de-socorro\/","og_locale":"pt_BR","og_type":"article","og_title":"Acidente com Kayky Brito: Bruno de Luca pode ser indiciado por omiss\u00e3o de socorro - Transam\u00e9rica Mococa 93,3","og_description":"Por Reda\u00e7\u00e3o C2 Bruno de Luca poder\u00e1 ser penalizado por n\u00e3o ter prestado socorro ao amigo Kayky Brito, atropelado em setembro, no Rio de Janeiro. Apesar da decis\u00e3o inicial da pol\u00edcia carioca de n\u00e3o indici\u00e1-lo, o promotor M\u00e1rcio Almeida Ribeiro da Silva pede sua autua\u00e7\u00e3o por omiss\u00e3o de socorro. A informa\u00e7\u00e3o foi publicada pelo\u00a0O Globo\u00a0e &hellip;","og_url":"https:\/\/transamerica93.com.br\/home\/acidente-com-kayky-brito-bruno-de-luca-pode-ser-indiciado-por-omissao-de-socorro\/","og_site_name":"Transam\u00e9rica Mococa 93,3","article_publisher":"https:\/\/www.facebook.com\/transamericamococa","article_published_time":"2023-10-13T19:33:49+00:00","og_image":[{"width":800,"height":500,"url":"https:\/\/transamerica93.com.br\/home\/wp-content\/uploads\/2023\/10\/imagem-10.jpg","type":"image\/jpeg"}],"author":"Reda\u00e7\u00e3o","twitter_card":"summary_large_image","twitter_creator":"@transamerica933","twitter_site":"@transamerica933","twitter_misc":{"Escrito por":"Reda\u00e7\u00e3o","Est. tempo de leitura":"2 minutos"},"schema":{"@context":"https:\/\/schema.org","@graph":[{"@type":"Article","@id":"https:\/\/transamerica93.com.br\/home\/acidente-com-kayky-brito-bruno-de-luca-pode-ser-indiciado-por-omissao-de-socorro\/#article","isPartOf":{"@id":"https:\/\/transamerica93.com.br\/home\/acidente-com-kayky-brito-bruno-de-luca-pode-ser-indiciado-por-omissao-de-socorro\/"},"author":{"name":"Reda\u00e7\u00e3o","@id":"https:\/\/transamerica93.com.br\/home\/#\/schema\/person\/7fed7c99c0d4562efa8561bc0f543172"},"headline":"Acidente com Kayky Brito: Bruno de Luca pode ser indiciado por omiss\u00e3o de socorro","datePublished":"2023-10-13T19:33:49+00:00","mainEntityOfPage":{"@id":"https:\/\/transamerica93.com.br\/home\/acidente-com-kayky-brito-bruno-de-luca-pode-ser-indiciado-por-omissao-de-socorro\/"},"wordCount":330,"publisher":{"@id":"https:\/\/transamerica93.com.br\/home\/#organization"},"image":{"@id":"https:\/\/transamerica93.com.br\/home\/acidente-com-kayky-brito-bruno-de-luca-pode-ser-indiciado-por-omissao-de-socorro\/#primaryimage"},"thumbnailUrl":"https:\/\/transamerica93.com.br\/home\/wp-content\/uploads\/2023\/10\/imagem-10.jpg","articleSection":["Entretenimento"],"inLanguage":"pt-BR"},{"@type":"WebPage","@id":"https:\/\/transamerica93.com.br\/home\/acidente-com-kayky-brito-bruno-de-luca-pode-ser-indiciado-por-omissao-de-socorro\/","url":"https:\/\/transamerica93.com.br\/home\/acidente-com-kayky-brito-bruno-de-luca-pode-ser-indiciado-por-omissao-de-socorro\/","name":"Acidente com Kayky Brito: Bruno de Luca pode ser indiciado por omiss\u00e3o de socorro - Transam\u00e9rica Mococa 93,3","isPartOf":{"@id":"https:\/\/transamerica93.com.br\/home\/#website"},"primaryImageOfPage":{"@id":"https:\/\/transamerica93.com.br\/home\/acidente-com-kayky-brito-bruno-de-luca-pode-ser-indiciado-por-omissao-de-socorro\/#primaryimage"},"image":{"@id":"https:\/\/transamerica93.com.br\/home\/acidente-com-kayky-brito-bruno-de-luca-pode-ser-indiciado-por-omissao-de-socorro\/#primaryimage"},"thumbnailUrl":"https:\/\/transamerica93.com.br\/home\/wp-content\/uploads\/2023\/10\/imagem-10.jpg","datePublished":"2023-10-13T19:33:49+00:00","breadcrumb":{"@id":"https:\/\/transamerica93.com.br\/home\/acidente-com-kayky-brito-bruno-de-luca-pode-ser-indiciado-por-omissao-de-socorro\/#breadcrumb"},"inLanguage":"pt-BR","potentialAction":[{"@type":"ReadAction","target":["https:\/\/transamerica93.com.br\/home\/acidente-com-kayky-brito-bruno-de-luca-pode-ser-indiciado-por-omissao-de-socorro\/"]}]},{"@type":"ImageObject","inLanguage":"pt-BR","@id":"https:\/\/transamerica93.com.br\/home\/acidente-com-kayky-brito-bruno-de-luca-pode-ser-indiciado-por-omissao-de-socorro\/#primaryimage","url":"https:\/\/transamerica93.com.br\/home\/wp-content\/uploads\/2023\/10\/imagem-10.jpg","contentUrl":"https:\/\/transamerica93.com.br\/home\/wp-content\/uploads\/2023\/10\/imagem-10.jpg","width":800,"height":500,"caption":"\u00a9 AGNews"},{"@type":"BreadcrumbList","@id":"https:\/\/transamerica93.com.br\/home\/acidente-com-kayky-brito-bruno-de-luca-pode-ser-indiciado-por-omissao-de-socorro\/#breadcrumb","itemListElement":[{"@type":"ListItem","position":1,"name":"In\u00edcio","item":"https:\/\/transamerica93.com.br\/home\/"},{"@type":"ListItem","position":2,"name":"Acidente com Kayky Brito: Bruno de Luca pode ser indiciado por omiss\u00e3o de socorro"}]},{"@type":"WebSite","@id":"https:\/\/transamerica93.com.br\/home\/#website","url":"https:\/\/transamerica93.com.br\/home\/","name":"Transam\u00e9rica Mococa 93,3","description":"","publisher":{"@id":"https:\/\/transamerica93.com.br\/home\/#organization"},"potentialAction":[{"@type":"SearchAction","target":{"@type":"EntryPoint","urlTemplate":"https:\/\/transamerica93.com.br\/home\/?s={search_term_string}"},"query-input":{"@type":"PropertyValueSpecification","valueRequired":true,"valueName":"search_term_string"}}],"inLanguage":"pt-BR"},{"@type":"Organization","@id":"https:\/\/transamerica93.com.br\/home\/#organization","name":"Transam\u00e9rica Mococa 93,3","url":"https:\/\/transamerica93.com.br\/home\/","logo":{"@type":"ImageObject","inLanguage":"pt-BR","@id":"https:\/\/transamerica93.com.br\/home\/#\/schema\/logo\/image\/","url":"https:\/\/transamerica93.com.br\/home\/wp-content\/uploads\/2023\/10\/logo2.png","contentUrl":"https:\/\/transamerica93.com.br\/home\/wp-content\/uploads\/2023\/10\/logo2.png","width":800,"height":500,"caption":"Transam\u00e9rica Mococa 93,3"},"image":{"@id":"https:\/\/transamerica93.com.br\/home\/#\/schema\/logo\/image\/"},"sameAs":["https:\/\/www.facebook.com\/transamericamococa","https:\/\/x.com\/transamerica933","https:\/\/www.instagram.com\/transamericamococa"]},{"@type":"Person","@id":"https:\/\/transamerica93.com.br\/home\/#\/schema\/person\/7fed7c99c0d4562efa8561bc0f543172","name":"Reda\u00e7\u00e3o","image":{"@type":"ImageObject","inLanguage":"pt-BR","@id":"https:\/\/secure.gravatar.com\/avatar\/1072c6b775fb02ef8506ce967551d95926669a6b7d2c2147b42eea4d7c68395e?s=96&d=mm&r=g","url":"https:\/\/secure.gravatar.com\/avatar\/1072c6b775fb02ef8506ce967551d95926669a6b7d2c2147b42eea4d7c68395e?s=96&d=mm&r=g","contentUrl":"https:\/\/secure.gravatar.com\/avatar\/1072c6b775fb02ef8506ce967551d95926669a6b7d2c2147b42eea4d7c68395e?s=96&d=mm&r=g","caption":"Reda\u00e7\u00e3o"},"sameAs":["https:\/\/transamerica93.com.br\/home"],"url":"https:\/\/transamerica93.com.br\/home\/author\/william\/"}]}},"_links":{"self":[{"href":"https:\/\/transamerica93.com.br\/home\/wp-json\/wp\/v2\/posts\/1711","targetHints":{"allow":["GET"]}}],"collection":[{"href":"https:\/\/transamerica93.com.br\/home\/wp-json\/wp\/v2\/posts"}],"about":[{"href":"https:\/\/transamerica93.com.br\/home\/wp-json\/wp\/v2\/types\/post"}],"author":[{"embeddable":true,"href":"https:\/\/transamerica93.com.br\/home\/wp-json\/wp\/v2\/users\/1"}],"replies":[{"embeddable":true,"href":"https:\/\/transamerica93.com.br\/home\/wp-json\/wp\/v2\/comments?post=1711"}],"version-history":[{"count":1,"href":"https:\/\/transamerica93.com.br\/home\/wp-json\/wp\/v2\/posts\/1711\/revisions"}],"predecessor-version":[{"id":1713,"href":"https:\/\/transamerica93.com.br\/home\/wp-json\/wp\/v2\/posts\/1711\/revisions\/1713"}],"wp:featuredmedia":[{"embeddable":true,"href":"https:\/\/transamerica93.com.br\/home\/wp-json\/wp\/v2\/media\/1712"}],"wp:attachment":[{"href":"https:\/\/transamerica93.com.br\/home\/wp-json\/wp\/v2\/media?parent=1711"}],"wp:term":[{"taxonomy":"category","embeddable":true,"href":"https:\/\/transamerica93.com.br\/home\/wp-json\/wp\/v2\/categories?post=1711"},{"taxonomy":"post_tag","embeddable":true,"href":"https:\/\/transamerica93.com.br\/home\/wp-json\/wp\/v2\/tags?post=1711"}],"curies":[{"name":"wp","href":"https:\/\/api.w.org\/{rel}","templated":true}]}}