{"id":1738,"date":"2023-10-19T13:29:43","date_gmt":"2023-10-19T16:29:43","guid":{"rendered":"https:\/\/transamerica93.com.br\/home\/?p=1738"},"modified":"2023-10-19T13:29:43","modified_gmt":"2023-10-19T16:29:43","slug":"burt-young-ator-nomeado-ao-oscar-por-rocky-morre-aos-83-anos","status":"publish","type":"post","link":"https:\/\/transamerica93.com.br\/home\/burt-young-ator-nomeado-ao-oscar-por-rocky-morre-aos-83-anos\/","title":{"rendered":"Burt Young, ator nomeado ao Oscar por &#8216;Rocky&#8217;, morre aos 83 anos"},"content":{"rendered":"<div id=\"Corpo\">\n<h6 class=\"Assina\">Por Sabrina Legramandi, especial para o Estad\u00e3o<\/h6>\n<p>O ator Burt Young, conhecido por ter interpretado o personagem Paulie Pennino na sequ\u00eancia de filmes\u00a0<i>Rocky<\/i>, morreu aos 83 anos. A morte foi confirmada pela filha do artista, Anne Morea Steingieser, ao\u00a0<i>The New York Times<\/i>, e tamb\u00e9m por Sylvester Stallone, que fez uma homenagem ao amigo nas redes sociais nesta quarta-feira, 18.<\/p>\n<p>&#8220;Para o meu querido amigo Burt Young, voc\u00ea foi um homem e um artista incr\u00edvel. Eu e o mundo sentiremos sua falta&#8221;, escreveu Stallone em uma postagem do Instagram. Apesar de a morte ter sido confirmada apenas na quarta-feira, Young morreu no \u00faltimo dia 8. A causa n\u00e3o foi divulgada.<\/p>\n<p>O artista participou de todos os seis primeiros filmes de\u00a0<i>Rocky<\/i>. Ele apenas n\u00e3o apareceu em\u00a0<i>Creed: Nascido para Lutar<\/i>, longa feito posteriormente em 2015.<\/p>\n<p>Paulie, personagem interpretado por ele, era cunhado e melhor amigo do protagonista na s\u00e9rie de longas. Young chegou a ser indicado ao Oscar de Melhor Ator Coadjuvante pelo papel em\u00a0<i>Rocky: Um Lutador<\/i>, de 1976, o primeiro da franquia.<\/p>\n<p>Al\u00e9m de\u00a0<i>Rocky<\/i>, Young j\u00e1 trabalhou em filmes como\u00a0<i>Chinatown, Era uma Vez na Am\u00e9rica<\/i>\u00a0e\u00a0<i>Downtown: A Street Tale<\/i>. Ele tamb\u00e9m atuou em s\u00e9ries e programas de televis\u00e3o, incluindo\u00a0<i>Law &amp; Order<\/i>, al\u00e9m de participa\u00e7\u00f5es em um epis\u00f3dio de\u00a0<i>Miami Vice<\/i>\u00a0e de\u00a0<i>Fam\u00edlia Soprano<\/i>.<\/p>\n<p>Young foi al\u00e9m da profiss\u00e3o nas telas e se dedicou \u00e0s artes pl\u00e1sticas. Conforme sua biografia no site da Bilotta Gallery, o artista teve pinturas expostas em diversos lugares ao redor do mundo. O ator era vi\u00favo e deixa a filha, Anne Morea.<\/p><\/div>\n","protected":false},"excerpt":{"rendered":"<p>Por Sabrina Legramandi, especial para o Estad\u00e3o O ator Burt Young, conhecido por ter interpretado o personagem Paulie Pennino na sequ\u00eancia de filmes\u00a0Rocky, morreu aos 83 anos. A morte foi confirmada pela filha do artista, Anne Morea Steingieser, ao\u00a0The New York Times, e tamb\u00e9m por Sylvester Stallone, que fez uma homenagem ao amigo nas redes &hellip;<\/p>\n","protected":false},"author":1,"featured_media":1739,"comment_status":"closed","ping_status":"closed","sticky":false,"template":"","format":"standard","meta":{"footnotes":""},"categories":[24],"tags":[],"class_list":["post-1738","post","type-post","status-publish","format-standard","has-post-thumbnail","hentry","category-entretenimento"],"yoast_head":"<!-- This site is optimized with the Yoast SEO plugin v27.4 - https:\/\/yoast.com\/product\/yoast-seo-wordpress\/ -->\n<title>Burt Young, ator nomeado ao Oscar por &#039;Rocky&#039;, morre aos 83 anos - Transam\u00e9rica Mococa 93,3<\/title>\n<meta name=\"robots\" content=\"index, follow, max-snippet:-1, max-image-preview:large, max-video-preview:-1\" \/>\n<link rel=\"canonical\" href=\"https:\/\/transamerica93.com.br\/home\/burt-young-ator-nomeado-ao-oscar-por-rocky-morre-aos-83-anos\/\" \/>\n<meta property=\"og:locale\" content=\"pt_BR\" \/>\n<meta property=\"og:type\" content=\"article\" \/>\n<meta property=\"og:title\" content=\"Burt Young, ator nomeado ao Oscar por &#039;Rocky&#039;, morre aos 83 anos - Transam\u00e9rica Mococa 93,3\" \/>\n<meta property=\"og:description\" content=\"Por Sabrina Legramandi, especial para o Estad\u00e3o O ator Burt Young, conhecido por ter interpretado o personagem Paulie Pennino na sequ\u00eancia de filmes\u00a0Rocky, morreu aos 83 anos. A morte foi confirmada pela filha do artista, Anne Morea Steingieser, ao\u00a0The New York Times, e tamb\u00e9m por Sylvester Stallone, que fez uma homenagem ao amigo nas redes &hellip;\" \/>\n<meta property=\"og:url\" content=\"https:\/\/transamerica93.com.br\/home\/burt-young-ator-nomeado-ao-oscar-por-rocky-morre-aos-83-anos\/\" \/>\n<meta property=\"og:site_name\" content=\"Transam\u00e9rica Mococa 93,3\" \/>\n<meta property=\"article:publisher\" content=\"https:\/\/www.facebook.com\/transamericamococa\" \/>\n<meta property=\"article:published_time\" content=\"2023-10-19T16:29:43+00:00\" \/>\n<meta property=\"og:image\" content=\"https:\/\/transamerica93.com.br\/home\/wp-content\/uploads\/2023\/10\/burtyoung.png\" \/>\n\t<meta property=\"og:image:width\" content=\"846\" \/>\n\t<meta property=\"og:image:height\" content=\"525\" \/>\n\t<meta property=\"og:image:type\" content=\"image\/png\" \/>\n<meta name=\"author\" content=\"Reda\u00e7\u00e3o\" \/>\n<meta name=\"twitter:card\" content=\"summary_large_image\" \/>\n<meta name=\"twitter:creator\" content=\"@transamerica933\" \/>\n<meta name=\"twitter:site\" content=\"@transamerica933\" \/>\n<meta name=\"twitter:label1\" content=\"Escrito por\" \/>\n\t<meta name=\"twitter:data1\" content=\"Reda\u00e7\u00e3o\" \/>\n\t<meta name=\"twitter:label2\" content=\"Est. tempo de leitura\" \/>\n\t<meta name=\"twitter:data2\" content=\"2 minutos\" \/>\n<script type=\"application\/ld+json\" class=\"yoast-schema-graph\">{\"@context\":\"https:\\\/\\\/schema.org\",\"@graph\":[{\"@type\":\"Article\",\"@id\":\"https:\\\/\\\/transamerica93.com.br\\\/home\\\/burt-young-ator-nomeado-ao-oscar-por-rocky-morre-aos-83-anos\\\/#article\",\"isPartOf\":{\"@id\":\"https:\\\/\\\/transamerica93.com.br\\\/home\\\/burt-young-ator-nomeado-ao-oscar-por-rocky-morre-aos-83-anos\\\/\"},\"author\":{\"name\":\"Reda\u00e7\u00e3o\",\"@id\":\"https:\\\/\\\/transamerica93.com.br\\\/home\\\/#\\\/schema\\\/person\\\/7fed7c99c0d4562efa8561bc0f543172\"},\"headline\":\"Burt Young, ator nomeado ao Oscar por &#8216;Rocky&#8217;, morre aos 83 anos\",\"datePublished\":\"2023-10-19T16:29:43+00:00\",\"mainEntityOfPage\":{\"@id\":\"https:\\\/\\\/transamerica93.com.br\\\/home\\\/burt-young-ator-nomeado-ao-oscar-por-rocky-morre-aos-83-anos\\\/\"},\"wordCount\":290,\"publisher\":{\"@id\":\"https:\\\/\\\/transamerica93.com.br\\\/home\\\/#organization\"},\"image\":{\"@id\":\"https:\\\/\\\/transamerica93.com.br\\\/home\\\/burt-young-ator-nomeado-ao-oscar-por-rocky-morre-aos-83-anos\\\/#primaryimage\"},\"thumbnailUrl\":\"https:\\\/\\\/transamerica93.com.br\\\/home\\\/wp-content\\\/uploads\\\/2023\\\/10\\\/burtyoung.png\",\"articleSection\":[\"Entretenimento\"],\"inLanguage\":\"pt-BR\"},{\"@type\":\"WebPage\",\"@id\":\"https:\\\/\\\/transamerica93.com.br\\\/home\\\/burt-young-ator-nomeado-ao-oscar-por-rocky-morre-aos-83-anos\\\/\",\"url\":\"https:\\\/\\\/transamerica93.com.br\\\/home\\\/burt-young-ator-nomeado-ao-oscar-por-rocky-morre-aos-83-anos\\\/\",\"name\":\"Burt Young, ator nomeado ao Oscar por 'Rocky', morre aos 83 anos - Transam\u00e9rica Mococa 93,3\",\"isPartOf\":{\"@id\":\"https:\\\/\\\/transamerica93.com.br\\\/home\\\/#website\"},\"primaryImageOfPage\":{\"@id\":\"https:\\\/\\\/transamerica93.com.br\\\/home\\\/burt-young-ator-nomeado-ao-oscar-por-rocky-morre-aos-83-anos\\\/#primaryimage\"},\"image\":{\"@id\":\"https:\\\/\\\/transamerica93.com.br\\\/home\\\/burt-young-ator-nomeado-ao-oscar-por-rocky-morre-aos-83-anos\\\/#primaryimage\"},\"thumbnailUrl\":\"https:\\\/\\\/transamerica93.com.br\\\/home\\\/wp-content\\\/uploads\\\/2023\\\/10\\\/burtyoung.png\",\"datePublished\":\"2023-10-19T16:29:43+00:00\",\"breadcrumb\":{\"@id\":\"https:\\\/\\\/transamerica93.com.br\\\/home\\\/burt-young-ator-nomeado-ao-oscar-por-rocky-morre-aos-83-anos\\\/#breadcrumb\"},\"inLanguage\":\"pt-BR\",\"potentialAction\":[{\"@type\":\"ReadAction\",\"target\":[\"https:\\\/\\\/transamerica93.com.br\\\/home\\\/burt-young-ator-nomeado-ao-oscar-por-rocky-morre-aos-83-anos\\\/\"]}]},{\"@type\":\"ImageObject\",\"inLanguage\":\"pt-BR\",\"@id\":\"https:\\\/\\\/transamerica93.com.br\\\/home\\\/burt-young-ator-nomeado-ao-oscar-por-rocky-morre-aos-83-anos\\\/#primaryimage\",\"url\":\"https:\\\/\\\/transamerica93.com.br\\\/home\\\/wp-content\\\/uploads\\\/2023\\\/10\\\/burtyoung.png\",\"contentUrl\":\"https:\\\/\\\/transamerica93.com.br\\\/home\\\/wp-content\\\/uploads\\\/2023\\\/10\\\/burtyoung.png\",\"width\":846,\"height\":525,\"caption\":\"Foto: Divulga\u00e7\u00e3o\"},{\"@type\":\"BreadcrumbList\",\"@id\":\"https:\\\/\\\/transamerica93.com.br\\\/home\\\/burt-young-ator-nomeado-ao-oscar-por-rocky-morre-aos-83-anos\\\/#breadcrumb\",\"itemListElement\":[{\"@type\":\"ListItem\",\"position\":1,\"name\":\"In\u00edcio\",\"item\":\"https:\\\/\\\/transamerica93.com.br\\\/home\\\/\"},{\"@type\":\"ListItem\",\"position\":2,\"name\":\"Burt Young, ator nomeado ao Oscar por &#8216;Rocky&#8217;, morre aos 83 anos\"}]},{\"@type\":\"WebSite\",\"@id\":\"https:\\\/\\\/transamerica93.com.br\\\/home\\\/#website\",\"url\":\"https:\\\/\\\/transamerica93.com.br\\\/home\\\/\",\"name\":\"Transam\u00e9rica Mococa 93,3\",\"description\":\"\",\"publisher\":{\"@id\":\"https:\\\/\\\/transamerica93.com.br\\\/home\\\/#organization\"},\"potentialAction\":[{\"@type\":\"SearchAction\",\"target\":{\"@type\":\"EntryPoint\",\"urlTemplate\":\"https:\\\/\\\/transamerica93.com.br\\\/home\\\/?s={search_term_string}\"},\"query-input\":{\"@type\":\"PropertyValueSpecification\",\"valueRequired\":true,\"valueName\":\"search_term_string\"}}],\"inLanguage\":\"pt-BR\"},{\"@type\":\"Organization\",\"@id\":\"https:\\\/\\\/transamerica93.com.br\\\/home\\\/#organization\",\"name\":\"Transam\u00e9rica Mococa 93,3\",\"url\":\"https:\\\/\\\/transamerica93.com.br\\\/home\\\/\",\"logo\":{\"@type\":\"ImageObject\",\"inLanguage\":\"pt-BR\",\"@id\":\"https:\\\/\\\/transamerica93.com.br\\\/home\\\/#\\\/schema\\\/logo\\\/image\\\/\",\"url\":\"https:\\\/\\\/transamerica93.com.br\\\/home\\\/wp-content\\\/uploads\\\/2023\\\/10\\\/logo2.png\",\"contentUrl\":\"https:\\\/\\\/transamerica93.com.br\\\/home\\\/wp-content\\\/uploads\\\/2023\\\/10\\\/logo2.png\",\"width\":800,\"height\":500,\"caption\":\"Transam\u00e9rica Mococa 93,3\"},\"image\":{\"@id\":\"https:\\\/\\\/transamerica93.com.br\\\/home\\\/#\\\/schema\\\/logo\\\/image\\\/\"},\"sameAs\":[\"https:\\\/\\\/www.facebook.com\\\/transamericamococa\",\"https:\\\/\\\/x.com\\\/transamerica933\",\"https:\\\/\\\/www.instagram.com\\\/transamericamococa\"]},{\"@type\":\"Person\",\"@id\":\"https:\\\/\\\/transamerica93.com.br\\\/home\\\/#\\\/schema\\\/person\\\/7fed7c99c0d4562efa8561bc0f543172\",\"name\":\"Reda\u00e7\u00e3o\",\"image\":{\"@type\":\"ImageObject\",\"inLanguage\":\"pt-BR\",\"@id\":\"https:\\\/\\\/secure.gravatar.com\\\/avatar\\\/1072c6b775fb02ef8506ce967551d95926669a6b7d2c2147b42eea4d7c68395e?s=96&d=mm&r=g\",\"url\":\"https:\\\/\\\/secure.gravatar.com\\\/avatar\\\/1072c6b775fb02ef8506ce967551d95926669a6b7d2c2147b42eea4d7c68395e?s=96&d=mm&r=g\",\"contentUrl\":\"https:\\\/\\\/secure.gravatar.com\\\/avatar\\\/1072c6b775fb02ef8506ce967551d95926669a6b7d2c2147b42eea4d7c68395e?s=96&d=mm&r=g\",\"caption\":\"Reda\u00e7\u00e3o\"},\"sameAs\":[\"https:\\\/\\\/transamerica93.com.br\\\/home\"],\"url\":\"https:\\\/\\\/transamerica93.com.br\\\/home\\\/author\\\/william\\\/\"}]}<\/script>\n<!-- \/ Yoast SEO plugin. -->","yoast_head_json":{"title":"Burt Young, ator nomeado ao Oscar por 'Rocky', morre aos 83 anos - Transam\u00e9rica Mococa 93,3","robots":{"index":"index","follow":"follow","max-snippet":"max-snippet:-1","max-image-preview":"max-image-preview:large","max-video-preview":"max-video-preview:-1"},"canonical":"https:\/\/transamerica93.com.br\/home\/burt-young-ator-nomeado-ao-oscar-por-rocky-morre-aos-83-anos\/","og_locale":"pt_BR","og_type":"article","og_title":"Burt Young, ator nomeado ao Oscar por 'Rocky', morre aos 83 anos - Transam\u00e9rica Mococa 93,3","og_description":"Por Sabrina Legramandi, especial para o Estad\u00e3o O ator Burt Young, conhecido por ter interpretado o personagem Paulie Pennino na sequ\u00eancia de filmes\u00a0Rocky, morreu aos 83 anos. A morte foi confirmada pela filha do artista, Anne Morea Steingieser, ao\u00a0The New York Times, e tamb\u00e9m por Sylvester Stallone, que fez uma homenagem ao amigo nas redes &hellip;","og_url":"https:\/\/transamerica93.com.br\/home\/burt-young-ator-nomeado-ao-oscar-por-rocky-morre-aos-83-anos\/","og_site_name":"Transam\u00e9rica Mococa 93,3","article_publisher":"https:\/\/www.facebook.com\/transamericamococa","article_published_time":"2023-10-19T16:29:43+00:00","og_image":[{"width":846,"height":525,"url":"https:\/\/transamerica93.com.br\/home\/wp-content\/uploads\/2023\/10\/burtyoung.png","type":"image\/png"}],"author":"Reda\u00e7\u00e3o","twitter_card":"summary_large_image","twitter_creator":"@transamerica933","twitter_site":"@transamerica933","twitter_misc":{"Escrito por":"Reda\u00e7\u00e3o","Est. tempo de leitura":"2 minutos"},"schema":{"@context":"https:\/\/schema.org","@graph":[{"@type":"Article","@id":"https:\/\/transamerica93.com.br\/home\/burt-young-ator-nomeado-ao-oscar-por-rocky-morre-aos-83-anos\/#article","isPartOf":{"@id":"https:\/\/transamerica93.com.br\/home\/burt-young-ator-nomeado-ao-oscar-por-rocky-morre-aos-83-anos\/"},"author":{"name":"Reda\u00e7\u00e3o","@id":"https:\/\/transamerica93.com.br\/home\/#\/schema\/person\/7fed7c99c0d4562efa8561bc0f543172"},"headline":"Burt Young, ator nomeado ao Oscar por &#8216;Rocky&#8217;, morre aos 83 anos","datePublished":"2023-10-19T16:29:43+00:00","mainEntityOfPage":{"@id":"https:\/\/transamerica93.com.br\/home\/burt-young-ator-nomeado-ao-oscar-por-rocky-morre-aos-83-anos\/"},"wordCount":290,"publisher":{"@id":"https:\/\/transamerica93.com.br\/home\/#organization"},"image":{"@id":"https:\/\/transamerica93.com.br\/home\/burt-young-ator-nomeado-ao-oscar-por-rocky-morre-aos-83-anos\/#primaryimage"},"thumbnailUrl":"https:\/\/transamerica93.com.br\/home\/wp-content\/uploads\/2023\/10\/burtyoung.png","articleSection":["Entretenimento"],"inLanguage":"pt-BR"},{"@type":"WebPage","@id":"https:\/\/transamerica93.com.br\/home\/burt-young-ator-nomeado-ao-oscar-por-rocky-morre-aos-83-anos\/","url":"https:\/\/transamerica93.com.br\/home\/burt-young-ator-nomeado-ao-oscar-por-rocky-morre-aos-83-anos\/","name":"Burt Young, ator nomeado ao Oscar por 'Rocky', morre aos 83 anos - Transam\u00e9rica Mococa 93,3","isPartOf":{"@id":"https:\/\/transamerica93.com.br\/home\/#website"},"primaryImageOfPage":{"@id":"https:\/\/transamerica93.com.br\/home\/burt-young-ator-nomeado-ao-oscar-por-rocky-morre-aos-83-anos\/#primaryimage"},"image":{"@id":"https:\/\/transamerica93.com.br\/home\/burt-young-ator-nomeado-ao-oscar-por-rocky-morre-aos-83-anos\/#primaryimage"},"thumbnailUrl":"https:\/\/transamerica93.com.br\/home\/wp-content\/uploads\/2023\/10\/burtyoung.png","datePublished":"2023-10-19T16:29:43+00:00","breadcrumb":{"@id":"https:\/\/transamerica93.com.br\/home\/burt-young-ator-nomeado-ao-oscar-por-rocky-morre-aos-83-anos\/#breadcrumb"},"inLanguage":"pt-BR","potentialAction":[{"@type":"ReadAction","target":["https:\/\/transamerica93.com.br\/home\/burt-young-ator-nomeado-ao-oscar-por-rocky-morre-aos-83-anos\/"]}]},{"@type":"ImageObject","inLanguage":"pt-BR","@id":"https:\/\/transamerica93.com.br\/home\/burt-young-ator-nomeado-ao-oscar-por-rocky-morre-aos-83-anos\/#primaryimage","url":"https:\/\/transamerica93.com.br\/home\/wp-content\/uploads\/2023\/10\/burtyoung.png","contentUrl":"https:\/\/transamerica93.com.br\/home\/wp-content\/uploads\/2023\/10\/burtyoung.png","width":846,"height":525,"caption":"Foto: Divulga\u00e7\u00e3o"},{"@type":"BreadcrumbList","@id":"https:\/\/transamerica93.com.br\/home\/burt-young-ator-nomeado-ao-oscar-por-rocky-morre-aos-83-anos\/#breadcrumb","itemListElement":[{"@type":"ListItem","position":1,"name":"In\u00edcio","item":"https:\/\/transamerica93.com.br\/home\/"},{"@type":"ListItem","position":2,"name":"Burt Young, ator nomeado ao Oscar por &#8216;Rocky&#8217;, morre aos 83 anos"}]},{"@type":"WebSite","@id":"https:\/\/transamerica93.com.br\/home\/#website","url":"https:\/\/transamerica93.com.br\/home\/","name":"Transam\u00e9rica Mococa 93,3","description":"","publisher":{"@id":"https:\/\/transamerica93.com.br\/home\/#organization"},"potentialAction":[{"@type":"SearchAction","target":{"@type":"EntryPoint","urlTemplate":"https:\/\/transamerica93.com.br\/home\/?s={search_term_string}"},"query-input":{"@type":"PropertyValueSpecification","valueRequired":true,"valueName":"search_term_string"}}],"inLanguage":"pt-BR"},{"@type":"Organization","@id":"https:\/\/transamerica93.com.br\/home\/#organization","name":"Transam\u00e9rica Mococa 93,3","url":"https:\/\/transamerica93.com.br\/home\/","logo":{"@type":"ImageObject","inLanguage":"pt-BR","@id":"https:\/\/transamerica93.com.br\/home\/#\/schema\/logo\/image\/","url":"https:\/\/transamerica93.com.br\/home\/wp-content\/uploads\/2023\/10\/logo2.png","contentUrl":"https:\/\/transamerica93.com.br\/home\/wp-content\/uploads\/2023\/10\/logo2.png","width":800,"height":500,"caption":"Transam\u00e9rica Mococa 93,3"},"image":{"@id":"https:\/\/transamerica93.com.br\/home\/#\/schema\/logo\/image\/"},"sameAs":["https:\/\/www.facebook.com\/transamericamococa","https:\/\/x.com\/transamerica933","https:\/\/www.instagram.com\/transamericamococa"]},{"@type":"Person","@id":"https:\/\/transamerica93.com.br\/home\/#\/schema\/person\/7fed7c99c0d4562efa8561bc0f543172","name":"Reda\u00e7\u00e3o","image":{"@type":"ImageObject","inLanguage":"pt-BR","@id":"https:\/\/secure.gravatar.com\/avatar\/1072c6b775fb02ef8506ce967551d95926669a6b7d2c2147b42eea4d7c68395e?s=96&d=mm&r=g","url":"https:\/\/secure.gravatar.com\/avatar\/1072c6b775fb02ef8506ce967551d95926669a6b7d2c2147b42eea4d7c68395e?s=96&d=mm&r=g","contentUrl":"https:\/\/secure.gravatar.com\/avatar\/1072c6b775fb02ef8506ce967551d95926669a6b7d2c2147b42eea4d7c68395e?s=96&d=mm&r=g","caption":"Reda\u00e7\u00e3o"},"sameAs":["https:\/\/transamerica93.com.br\/home"],"url":"https:\/\/transamerica93.com.br\/home\/author\/william\/"}]}},"_links":{"self":[{"href":"https:\/\/transamerica93.com.br\/home\/wp-json\/wp\/v2\/posts\/1738","targetHints":{"allow":["GET"]}}],"collection":[{"href":"https:\/\/transamerica93.com.br\/home\/wp-json\/wp\/v2\/posts"}],"about":[{"href":"https:\/\/transamerica93.com.br\/home\/wp-json\/wp\/v2\/types\/post"}],"author":[{"embeddable":true,"href":"https:\/\/transamerica93.com.br\/home\/wp-json\/wp\/v2\/users\/1"}],"replies":[{"embeddable":true,"href":"https:\/\/transamerica93.com.br\/home\/wp-json\/wp\/v2\/comments?post=1738"}],"version-history":[{"count":1,"href":"https:\/\/transamerica93.com.br\/home\/wp-json\/wp\/v2\/posts\/1738\/revisions"}],"predecessor-version":[{"id":1740,"href":"https:\/\/transamerica93.com.br\/home\/wp-json\/wp\/v2\/posts\/1738\/revisions\/1740"}],"wp:featuredmedia":[{"embeddable":true,"href":"https:\/\/transamerica93.com.br\/home\/wp-json\/wp\/v2\/media\/1739"}],"wp:attachment":[{"href":"https:\/\/transamerica93.com.br\/home\/wp-json\/wp\/v2\/media?parent=1738"}],"wp:term":[{"taxonomy":"category","embeddable":true,"href":"https:\/\/transamerica93.com.br\/home\/wp-json\/wp\/v2\/categories?post=1738"},{"taxonomy":"post_tag","embeddable":true,"href":"https:\/\/transamerica93.com.br\/home\/wp-json\/wp\/v2\/tags?post=1738"}],"curies":[{"name":"wp","href":"https:\/\/api.w.org\/{rel}","templated":true}]}}