{"id":1753,"date":"2023-10-19T13:41:02","date_gmt":"2023-10-19T16:41:02","guid":{"rendered":"https:\/\/transamerica93.com.br\/home\/?p=1753"},"modified":"2023-10-19T13:41:02","modified_gmt":"2023-10-19T16:41:02","slug":"pan-scheffer-e-stefani-serao-os-porta-bandeiras-do-brasil-na-abertura","status":"publish","type":"post","link":"https:\/\/transamerica93.com.br\/home\/pan-scheffer-e-stefani-serao-os-porta-bandeiras-do-brasil-na-abertura\/","title":{"rendered":"Pan: Scheffer e Stefani ser\u00e3o os porta-bandeiras do Brasil na abertura"},"content":{"rendered":"<div class=\"post-item-wrap\">\n<p>O nadador Fernando Scheffer e a tenista Luisa Stefani, ambos medalhistas ol\u00edmpicos em T\u00f3quio, ser\u00e3o os porta-bandeiras da delega\u00e7\u00e3o brasileira na abertura dos Jogos Pan-Americanos de Santiago. A dupla foi anunciada nesta quarta-feira (18) pelo Comit\u00ea Ol\u00edmpico do Brasil (COB). A cerim\u00f4nia que abre o Pan ter\u00e1 in\u00edcio \u00e0s 20h30 (hor\u00e1rio de Bras\u00edlia) de sexta (20), no Est\u00e1dio Nacional do Chile. \u00a0A competi\u00e7\u00e3o continental distribuir\u00e1 100 vagas diretas em 21 modalidades da Olimp\u00edada de Paris no ano que vem. Os Jogos Pan-Americanos tem\u00a0<a href=\"https:\/\/www.canalolimpicodobrasil.com.br\/\"><strong>transmiss\u00e3o ao vivo<\/strong><\/a>\u00a0Canal Ol\u00edmpico do Brasil a partir das 1oh40 (hor\u00e1rio do Brasil) desta quinta-feira (19).<img decoding=\"async\" data-src=\"https:\/\/agenciabrasil.ebc.com.br\/ebc.png?id=1561574&amp;o=node\" src=\"data:image\/svg+xml;base64,PHN2ZyB3aWR0aD0iMSIgaGVpZ2h0PSIxIiB4bWxucz0iaHR0cDovL3d3dy53My5vcmcvMjAwMC9zdmciPjwvc3ZnPg==\" class=\"lazyload\" \/><img decoding=\"async\" data-src=\"https:\/\/agenciabrasil.ebc.com.br\/ebc.gif?id=1561574&amp;o=node\" src=\"data:image\/svg+xml;base64,PHN2ZyB3aWR0aD0iMSIgaGVpZ2h0PSIxIiB4bWxucz0iaHR0cDovL3d3dy53My5vcmcvMjAwMC9zdmciPjwvc3ZnPg==\" class=\"lazyload\" \/><\/p>\n<p>Por meio de sua conta no Instagram, Stefani disse estar honrada com a oportunidade de levar o s\u00edmbolo nacional na abertura do Pan. A paulista faturou medalha in\u00e9dita in\u00e9dita para o pa\u00eds nas duplas, ao levar o bronze em T\u00f3quio, ao lado conterr\u00e2nea Laura Pigossi.<\/p>\n<p>\u201cFiquei muito feliz e emocionada com esse convite. Fazer parte do Time Brasil e carregar nossa bandeira ao lado de tantos atletas que eu cresci me inspirando [neles] \u00e9 uma grande honra. Espero que essa miss\u00e3o seja de muito sucesso\u201d, disse a tenista, de 26 anos.<\/p>\n<p>Natural de Canoas (RS), Scheffer tamb\u00e9m usou as redes sociais para expressar a emo\u00e7\u00e3o de estar \u00e0 frente da delega\u00e7\u00e3o nacional na abertura do Pan. Bronze ol\u00edmpico nos 200 metros livre em T\u00f3quio, o ga\u00facho coleciona dois ouros e uma prata na \u00faltima edi\u00e7\u00e3o do Pan em Lima.<\/p>\n<p>O Time Brasil conta com a maior equipe da hist\u00f3ria do Brasil no exterior: s\u00e3o ao todo 622 atletas e 11 reservas, al\u00e9m de 1020 integrantes \u2013 membros de comiss\u00f5es t\u00e9cnicas, oficiais de confedera\u00e7\u00f5es e do pr\u00f3prio COB).<\/p>\n<p>\u201cFernando e Luisa s\u00e3o grandes atletas do esporte nacional, que fizeram hist\u00f3ria nos Jogos Ol\u00edmpicos de T\u00f3quio com medalhas emocionantes. Assim, para o Comit\u00ea Ol\u00edmpico do Brasil \u00e9 uma alegria poder homenage\u00e1-los com a honra de carregar nossa bandeira na abertura dos Jogos Pan-americanos de Santiago. Tenho certeza de que representar\u00e3o muito bem os mais de 600 atletas e 1000 integrantes da nossa delega\u00e7\u00e3o\u201d, afirmou Rog\u00e9rio Sampaio, diretor-geral do COB e chefe da miss\u00e3o brasileira em Santiago.<\/p>\n<h2>Brasil estreia no beisebol e boxe nesta quinta (19)<\/h2>\n<p>Antes mesmo da abertura oficial do Pan, j\u00e1 h\u00e1 competi\u00e7\u00f5es em andamento. \u00c9 o caso do beisebol cuja disputa come\u00e7ou nesta quarta (18). A sele\u00e7\u00e3o brasileira faz o primeiro jogo contra a Venezuela, \u00e0s 15h desta quinta (19).<\/p>\n<p>O boxe brasileiro, de olho nas vagas ol\u00edmpicas, estreia \u00e0s 11h desta quinta (19) com Luiz Oliveira Bolinha (categoria 57 quilos) que ter\u00e1 pela frente o o canadense Victor Trembley.<\/p>\n<p>O boxe \u00e9 a modalidade individual nos Jogos do Pan que mais distribui vagas ol\u00edmpicas para Paris 2024: s\u00e3o ao todo 30. No masculino, os medalhistas de ouro e prata \u00a0em todas as categorias (51 kg, 57 kg, 63,5 kg, 71 kg, 80 kg, -92 kg e + 92 kg) asseguram presen\u00e7a na Olimp\u00edada no ano que vem. J\u00e1 no feminino, exceto nos 57 kg e 60 kg \u2013 que classificam as quatro primeiras colocadas \u2013 as vagas ser\u00e3o destinadas \u00e0s campe\u00e3s e vices (50 kg, 54 kg e 75 kg).<\/p>\n<\/div>\n<p class=\"alt-font font-italic my-2 small text-info\">Edi\u00e7\u00e3o: Cl\u00e1udia Soares Rodrigues<\/p>\n","protected":false},"excerpt":{"rendered":"<p>O nadador Fernando Scheffer e a tenista Luisa Stefani, ambos medalhistas ol\u00edmpicos em T\u00f3quio, ser\u00e3o os porta-bandeiras da delega\u00e7\u00e3o brasileira na abertura dos Jogos Pan-Americanos de Santiago. A dupla foi anunciada nesta quarta-feira (18) pelo Comit\u00ea Ol\u00edmpico do Brasil (COB). A cerim\u00f4nia que abre o Pan ter\u00e1 in\u00edcio \u00e0s 20h30 (hor\u00e1rio de Bras\u00edlia) de sexta &hellip;<\/p>\n","protected":false},"author":1,"featured_media":1754,"comment_status":"closed","ping_status":"closed","sticky":false,"template":"","format":"standard","meta":{"footnotes":""},"categories":[31],"tags":[],"class_list":["post-1753","post","type-post","status-publish","format-standard","has-post-thumbnail","hentry","category-esportes"],"yoast_head":"<!-- This site is optimized with the Yoast SEO plugin v27.4 - https:\/\/yoast.com\/product\/yoast-seo-wordpress\/ -->\n<title>Pan: Scheffer e Stefani ser\u00e3o os porta-bandeiras do Brasil na abertura - Transam\u00e9rica Mococa 93,3<\/title>\n<meta name=\"robots\" content=\"index, follow, max-snippet:-1, max-image-preview:large, max-video-preview:-1\" \/>\n<link rel=\"canonical\" href=\"https:\/\/transamerica93.com.br\/home\/pan-scheffer-e-stefani-serao-os-porta-bandeiras-do-brasil-na-abertura\/\" \/>\n<meta property=\"og:locale\" content=\"pt_BR\" \/>\n<meta property=\"og:type\" content=\"article\" \/>\n<meta property=\"og:title\" content=\"Pan: Scheffer e Stefani ser\u00e3o os porta-bandeiras do Brasil na abertura - Transam\u00e9rica Mococa 93,3\" \/>\n<meta property=\"og:description\" content=\"O nadador Fernando Scheffer e a tenista Luisa Stefani, ambos medalhistas ol\u00edmpicos em T\u00f3quio, ser\u00e3o os porta-bandeiras da delega\u00e7\u00e3o brasileira na abertura dos Jogos Pan-Americanos de Santiago. A dupla foi anunciada nesta quarta-feira (18) pelo Comit\u00ea Ol\u00edmpico do Brasil (COB). A cerim\u00f4nia que abre o Pan ter\u00e1 in\u00edcio \u00e0s 20h30 (hor\u00e1rio de Bras\u00edlia) de sexta &hellip;\" \/>\n<meta property=\"og:url\" content=\"https:\/\/transamerica93.com.br\/home\/pan-scheffer-e-stefani-serao-os-porta-bandeiras-do-brasil-na-abertura\/\" \/>\n<meta property=\"og:site_name\" content=\"Transam\u00e9rica Mococa 93,3\" \/>\n<meta property=\"article:publisher\" content=\"https:\/\/www.facebook.com\/transamericamococa\" \/>\n<meta property=\"article:published_time\" content=\"2023-10-19T16:41:02+00:00\" \/>\n<meta property=\"og:image\" content=\"https:\/\/transamerica93.com.br\/home\/wp-content\/uploads\/2023\/10\/fernando_scheffer_e_luisa_stefani_pan-aemricano_porta_bandeiras.jpg\" \/>\n\t<meta property=\"og:image:width\" content=\"1170\" \/>\n\t<meta property=\"og:image:height\" content=\"700\" \/>\n\t<meta property=\"og:image:type\" content=\"image\/jpeg\" \/>\n<meta name=\"author\" content=\"Reda\u00e7\u00e3o\" \/>\n<meta name=\"twitter:card\" content=\"summary_large_image\" \/>\n<meta name=\"twitter:creator\" content=\"@transamerica933\" \/>\n<meta name=\"twitter:site\" content=\"@transamerica933\" \/>\n<meta name=\"twitter:label1\" content=\"Escrito por\" \/>\n\t<meta name=\"twitter:data1\" content=\"Reda\u00e7\u00e3o\" \/>\n\t<meta name=\"twitter:label2\" content=\"Est. tempo de leitura\" \/>\n\t<meta name=\"twitter:data2\" content=\"4 minutos\" \/>\n<script type=\"application\/ld+json\" class=\"yoast-schema-graph\">{\"@context\":\"https:\\\/\\\/schema.org\",\"@graph\":[{\"@type\":\"Article\",\"@id\":\"https:\\\/\\\/transamerica93.com.br\\\/home\\\/pan-scheffer-e-stefani-serao-os-porta-bandeiras-do-brasil-na-abertura\\\/#article\",\"isPartOf\":{\"@id\":\"https:\\\/\\\/transamerica93.com.br\\\/home\\\/pan-scheffer-e-stefani-serao-os-porta-bandeiras-do-brasil-na-abertura\\\/\"},\"author\":{\"name\":\"Reda\u00e7\u00e3o\",\"@id\":\"https:\\\/\\\/transamerica93.com.br\\\/home\\\/#\\\/schema\\\/person\\\/7fed7c99c0d4562efa8561bc0f543172\"},\"headline\":\"Pan: Scheffer e Stefani ser\u00e3o os porta-bandeiras do Brasil na abertura\",\"datePublished\":\"2023-10-19T16:41:02+00:00\",\"mainEntityOfPage\":{\"@id\":\"https:\\\/\\\/transamerica93.com.br\\\/home\\\/pan-scheffer-e-stefani-serao-os-porta-bandeiras-do-brasil-na-abertura\\\/\"},\"wordCount\":557,\"publisher\":{\"@id\":\"https:\\\/\\\/transamerica93.com.br\\\/home\\\/#organization\"},\"image\":{\"@id\":\"https:\\\/\\\/transamerica93.com.br\\\/home\\\/pan-scheffer-e-stefani-serao-os-porta-bandeiras-do-brasil-na-abertura\\\/#primaryimage\"},\"thumbnailUrl\":\"https:\\\/\\\/transamerica93.com.br\\\/home\\\/wp-content\\\/uploads\\\/2023\\\/10\\\/fernando_scheffer_e_luisa_stefani_pan-aemricano_porta_bandeiras.jpg\",\"articleSection\":[\"Esportes\"],\"inLanguage\":\"pt-BR\"},{\"@type\":\"WebPage\",\"@id\":\"https:\\\/\\\/transamerica93.com.br\\\/home\\\/pan-scheffer-e-stefani-serao-os-porta-bandeiras-do-brasil-na-abertura\\\/\",\"url\":\"https:\\\/\\\/transamerica93.com.br\\\/home\\\/pan-scheffer-e-stefani-serao-os-porta-bandeiras-do-brasil-na-abertura\\\/\",\"name\":\"Pan: Scheffer e Stefani ser\u00e3o os porta-bandeiras do Brasil na abertura - Transam\u00e9rica Mococa 93,3\",\"isPartOf\":{\"@id\":\"https:\\\/\\\/transamerica93.com.br\\\/home\\\/#website\"},\"primaryImageOfPage\":{\"@id\":\"https:\\\/\\\/transamerica93.com.br\\\/home\\\/pan-scheffer-e-stefani-serao-os-porta-bandeiras-do-brasil-na-abertura\\\/#primaryimage\"},\"image\":{\"@id\":\"https:\\\/\\\/transamerica93.com.br\\\/home\\\/pan-scheffer-e-stefani-serao-os-porta-bandeiras-do-brasil-na-abertura\\\/#primaryimage\"},\"thumbnailUrl\":\"https:\\\/\\\/transamerica93.com.br\\\/home\\\/wp-content\\\/uploads\\\/2023\\\/10\\\/fernando_scheffer_e_luisa_stefani_pan-aemricano_porta_bandeiras.jpg\",\"datePublished\":\"2023-10-19T16:41:02+00:00\",\"breadcrumb\":{\"@id\":\"https:\\\/\\\/transamerica93.com.br\\\/home\\\/pan-scheffer-e-stefani-serao-os-porta-bandeiras-do-brasil-na-abertura\\\/#breadcrumb\"},\"inLanguage\":\"pt-BR\",\"potentialAction\":[{\"@type\":\"ReadAction\",\"target\":[\"https:\\\/\\\/transamerica93.com.br\\\/home\\\/pan-scheffer-e-stefani-serao-os-porta-bandeiras-do-brasil-na-abertura\\\/\"]}]},{\"@type\":\"ImageObject\",\"inLanguage\":\"pt-BR\",\"@id\":\"https:\\\/\\\/transamerica93.com.br\\\/home\\\/pan-scheffer-e-stefani-serao-os-porta-bandeiras-do-brasil-na-abertura\\\/#primaryimage\",\"url\":\"https:\\\/\\\/transamerica93.com.br\\\/home\\\/wp-content\\\/uploads\\\/2023\\\/10\\\/fernando_scheffer_e_luisa_stefani_pan-aemricano_porta_bandeiras.jpg\",\"contentUrl\":\"https:\\\/\\\/transamerica93.com.br\\\/home\\\/wp-content\\\/uploads\\\/2023\\\/10\\\/fernando_scheffer_e_luisa_stefani_pan-aemricano_porta_bandeiras.jpg\",\"width\":1170,\"height\":700,\"caption\":\"\u00a9 Reprodu\u00e7\u00e3o\\\/cob.org.br\"},{\"@type\":\"BreadcrumbList\",\"@id\":\"https:\\\/\\\/transamerica93.com.br\\\/home\\\/pan-scheffer-e-stefani-serao-os-porta-bandeiras-do-brasil-na-abertura\\\/#breadcrumb\",\"itemListElement\":[{\"@type\":\"ListItem\",\"position\":1,\"name\":\"In\u00edcio\",\"item\":\"https:\\\/\\\/transamerica93.com.br\\\/home\\\/\"},{\"@type\":\"ListItem\",\"position\":2,\"name\":\"Pan: Scheffer e Stefani ser\u00e3o os porta-bandeiras do Brasil na abertura\"}]},{\"@type\":\"WebSite\",\"@id\":\"https:\\\/\\\/transamerica93.com.br\\\/home\\\/#website\",\"url\":\"https:\\\/\\\/transamerica93.com.br\\\/home\\\/\",\"name\":\"Transam\u00e9rica Mococa 93,3\",\"description\":\"\",\"publisher\":{\"@id\":\"https:\\\/\\\/transamerica93.com.br\\\/home\\\/#organization\"},\"potentialAction\":[{\"@type\":\"SearchAction\",\"target\":{\"@type\":\"EntryPoint\",\"urlTemplate\":\"https:\\\/\\\/transamerica93.com.br\\\/home\\\/?s={search_term_string}\"},\"query-input\":{\"@type\":\"PropertyValueSpecification\",\"valueRequired\":true,\"valueName\":\"search_term_string\"}}],\"inLanguage\":\"pt-BR\"},{\"@type\":\"Organization\",\"@id\":\"https:\\\/\\\/transamerica93.com.br\\\/home\\\/#organization\",\"name\":\"Transam\u00e9rica Mococa 93,3\",\"url\":\"https:\\\/\\\/transamerica93.com.br\\\/home\\\/\",\"logo\":{\"@type\":\"ImageObject\",\"inLanguage\":\"pt-BR\",\"@id\":\"https:\\\/\\\/transamerica93.com.br\\\/home\\\/#\\\/schema\\\/logo\\\/image\\\/\",\"url\":\"https:\\\/\\\/transamerica93.com.br\\\/home\\\/wp-content\\\/uploads\\\/2023\\\/10\\\/logo2.png\",\"contentUrl\":\"https:\\\/\\\/transamerica93.com.br\\\/home\\\/wp-content\\\/uploads\\\/2023\\\/10\\\/logo2.png\",\"width\":800,\"height\":500,\"caption\":\"Transam\u00e9rica Mococa 93,3\"},\"image\":{\"@id\":\"https:\\\/\\\/transamerica93.com.br\\\/home\\\/#\\\/schema\\\/logo\\\/image\\\/\"},\"sameAs\":[\"https:\\\/\\\/www.facebook.com\\\/transamericamococa\",\"https:\\\/\\\/x.com\\\/transamerica933\",\"https:\\\/\\\/www.instagram.com\\\/transamericamococa\"]},{\"@type\":\"Person\",\"@id\":\"https:\\\/\\\/transamerica93.com.br\\\/home\\\/#\\\/schema\\\/person\\\/7fed7c99c0d4562efa8561bc0f543172\",\"name\":\"Reda\u00e7\u00e3o\",\"image\":{\"@type\":\"ImageObject\",\"inLanguage\":\"pt-BR\",\"@id\":\"https:\\\/\\\/secure.gravatar.com\\\/avatar\\\/1072c6b775fb02ef8506ce967551d95926669a6b7d2c2147b42eea4d7c68395e?s=96&d=mm&r=g\",\"url\":\"https:\\\/\\\/secure.gravatar.com\\\/avatar\\\/1072c6b775fb02ef8506ce967551d95926669a6b7d2c2147b42eea4d7c68395e?s=96&d=mm&r=g\",\"contentUrl\":\"https:\\\/\\\/secure.gravatar.com\\\/avatar\\\/1072c6b775fb02ef8506ce967551d95926669a6b7d2c2147b42eea4d7c68395e?s=96&d=mm&r=g\",\"caption\":\"Reda\u00e7\u00e3o\"},\"sameAs\":[\"https:\\\/\\\/transamerica93.com.br\\\/home\"],\"url\":\"https:\\\/\\\/transamerica93.com.br\\\/home\\\/author\\\/william\\\/\"}]}<\/script>\n<!-- \/ Yoast SEO plugin. -->","yoast_head_json":{"title":"Pan: Scheffer e Stefani ser\u00e3o os porta-bandeiras do Brasil na abertura - Transam\u00e9rica Mococa 93,3","robots":{"index":"index","follow":"follow","max-snippet":"max-snippet:-1","max-image-preview":"max-image-preview:large","max-video-preview":"max-video-preview:-1"},"canonical":"https:\/\/transamerica93.com.br\/home\/pan-scheffer-e-stefani-serao-os-porta-bandeiras-do-brasil-na-abertura\/","og_locale":"pt_BR","og_type":"article","og_title":"Pan: Scheffer e Stefani ser\u00e3o os porta-bandeiras do Brasil na abertura - Transam\u00e9rica Mococa 93,3","og_description":"O nadador Fernando Scheffer e a tenista Luisa Stefani, ambos medalhistas ol\u00edmpicos em T\u00f3quio, ser\u00e3o os porta-bandeiras da delega\u00e7\u00e3o brasileira na abertura dos Jogos Pan-Americanos de Santiago. A dupla foi anunciada nesta quarta-feira (18) pelo Comit\u00ea Ol\u00edmpico do Brasil (COB). A cerim\u00f4nia que abre o Pan ter\u00e1 in\u00edcio \u00e0s 20h30 (hor\u00e1rio de Bras\u00edlia) de sexta &hellip;","og_url":"https:\/\/transamerica93.com.br\/home\/pan-scheffer-e-stefani-serao-os-porta-bandeiras-do-brasil-na-abertura\/","og_site_name":"Transam\u00e9rica Mococa 93,3","article_publisher":"https:\/\/www.facebook.com\/transamericamococa","article_published_time":"2023-10-19T16:41:02+00:00","og_image":[{"width":1170,"height":700,"url":"https:\/\/transamerica93.com.br\/home\/wp-content\/uploads\/2023\/10\/fernando_scheffer_e_luisa_stefani_pan-aemricano_porta_bandeiras.jpg","type":"image\/jpeg"}],"author":"Reda\u00e7\u00e3o","twitter_card":"summary_large_image","twitter_creator":"@transamerica933","twitter_site":"@transamerica933","twitter_misc":{"Escrito por":"Reda\u00e7\u00e3o","Est. tempo de leitura":"4 minutos"},"schema":{"@context":"https:\/\/schema.org","@graph":[{"@type":"Article","@id":"https:\/\/transamerica93.com.br\/home\/pan-scheffer-e-stefani-serao-os-porta-bandeiras-do-brasil-na-abertura\/#article","isPartOf":{"@id":"https:\/\/transamerica93.com.br\/home\/pan-scheffer-e-stefani-serao-os-porta-bandeiras-do-brasil-na-abertura\/"},"author":{"name":"Reda\u00e7\u00e3o","@id":"https:\/\/transamerica93.com.br\/home\/#\/schema\/person\/7fed7c99c0d4562efa8561bc0f543172"},"headline":"Pan: Scheffer e Stefani ser\u00e3o os porta-bandeiras do Brasil na abertura","datePublished":"2023-10-19T16:41:02+00:00","mainEntityOfPage":{"@id":"https:\/\/transamerica93.com.br\/home\/pan-scheffer-e-stefani-serao-os-porta-bandeiras-do-brasil-na-abertura\/"},"wordCount":557,"publisher":{"@id":"https:\/\/transamerica93.com.br\/home\/#organization"},"image":{"@id":"https:\/\/transamerica93.com.br\/home\/pan-scheffer-e-stefani-serao-os-porta-bandeiras-do-brasil-na-abertura\/#primaryimage"},"thumbnailUrl":"https:\/\/transamerica93.com.br\/home\/wp-content\/uploads\/2023\/10\/fernando_scheffer_e_luisa_stefani_pan-aemricano_porta_bandeiras.jpg","articleSection":["Esportes"],"inLanguage":"pt-BR"},{"@type":"WebPage","@id":"https:\/\/transamerica93.com.br\/home\/pan-scheffer-e-stefani-serao-os-porta-bandeiras-do-brasil-na-abertura\/","url":"https:\/\/transamerica93.com.br\/home\/pan-scheffer-e-stefani-serao-os-porta-bandeiras-do-brasil-na-abertura\/","name":"Pan: Scheffer e Stefani ser\u00e3o os porta-bandeiras do Brasil na abertura - Transam\u00e9rica Mococa 93,3","isPartOf":{"@id":"https:\/\/transamerica93.com.br\/home\/#website"},"primaryImageOfPage":{"@id":"https:\/\/transamerica93.com.br\/home\/pan-scheffer-e-stefani-serao-os-porta-bandeiras-do-brasil-na-abertura\/#primaryimage"},"image":{"@id":"https:\/\/transamerica93.com.br\/home\/pan-scheffer-e-stefani-serao-os-porta-bandeiras-do-brasil-na-abertura\/#primaryimage"},"thumbnailUrl":"https:\/\/transamerica93.com.br\/home\/wp-content\/uploads\/2023\/10\/fernando_scheffer_e_luisa_stefani_pan-aemricano_porta_bandeiras.jpg","datePublished":"2023-10-19T16:41:02+00:00","breadcrumb":{"@id":"https:\/\/transamerica93.com.br\/home\/pan-scheffer-e-stefani-serao-os-porta-bandeiras-do-brasil-na-abertura\/#breadcrumb"},"inLanguage":"pt-BR","potentialAction":[{"@type":"ReadAction","target":["https:\/\/transamerica93.com.br\/home\/pan-scheffer-e-stefani-serao-os-porta-bandeiras-do-brasil-na-abertura\/"]}]},{"@type":"ImageObject","inLanguage":"pt-BR","@id":"https:\/\/transamerica93.com.br\/home\/pan-scheffer-e-stefani-serao-os-porta-bandeiras-do-brasil-na-abertura\/#primaryimage","url":"https:\/\/transamerica93.com.br\/home\/wp-content\/uploads\/2023\/10\/fernando_scheffer_e_luisa_stefani_pan-aemricano_porta_bandeiras.jpg","contentUrl":"https:\/\/transamerica93.com.br\/home\/wp-content\/uploads\/2023\/10\/fernando_scheffer_e_luisa_stefani_pan-aemricano_porta_bandeiras.jpg","width":1170,"height":700,"caption":"\u00a9 Reprodu\u00e7\u00e3o\/cob.org.br"},{"@type":"BreadcrumbList","@id":"https:\/\/transamerica93.com.br\/home\/pan-scheffer-e-stefani-serao-os-porta-bandeiras-do-brasil-na-abertura\/#breadcrumb","itemListElement":[{"@type":"ListItem","position":1,"name":"In\u00edcio","item":"https:\/\/transamerica93.com.br\/home\/"},{"@type":"ListItem","position":2,"name":"Pan: Scheffer e Stefani ser\u00e3o os porta-bandeiras do Brasil na abertura"}]},{"@type":"WebSite","@id":"https:\/\/transamerica93.com.br\/home\/#website","url":"https:\/\/transamerica93.com.br\/home\/","name":"Transam\u00e9rica Mococa 93,3","description":"","publisher":{"@id":"https:\/\/transamerica93.com.br\/home\/#organization"},"potentialAction":[{"@type":"SearchAction","target":{"@type":"EntryPoint","urlTemplate":"https:\/\/transamerica93.com.br\/home\/?s={search_term_string}"},"query-input":{"@type":"PropertyValueSpecification","valueRequired":true,"valueName":"search_term_string"}}],"inLanguage":"pt-BR"},{"@type":"Organization","@id":"https:\/\/transamerica93.com.br\/home\/#organization","name":"Transam\u00e9rica Mococa 93,3","url":"https:\/\/transamerica93.com.br\/home\/","logo":{"@type":"ImageObject","inLanguage":"pt-BR","@id":"https:\/\/transamerica93.com.br\/home\/#\/schema\/logo\/image\/","url":"https:\/\/transamerica93.com.br\/home\/wp-content\/uploads\/2023\/10\/logo2.png","contentUrl":"https:\/\/transamerica93.com.br\/home\/wp-content\/uploads\/2023\/10\/logo2.png","width":800,"height":500,"caption":"Transam\u00e9rica Mococa 93,3"},"image":{"@id":"https:\/\/transamerica93.com.br\/home\/#\/schema\/logo\/image\/"},"sameAs":["https:\/\/www.facebook.com\/transamericamococa","https:\/\/x.com\/transamerica933","https:\/\/www.instagram.com\/transamericamococa"]},{"@type":"Person","@id":"https:\/\/transamerica93.com.br\/home\/#\/schema\/person\/7fed7c99c0d4562efa8561bc0f543172","name":"Reda\u00e7\u00e3o","image":{"@type":"ImageObject","inLanguage":"pt-BR","@id":"https:\/\/secure.gravatar.com\/avatar\/1072c6b775fb02ef8506ce967551d95926669a6b7d2c2147b42eea4d7c68395e?s=96&d=mm&r=g","url":"https:\/\/secure.gravatar.com\/avatar\/1072c6b775fb02ef8506ce967551d95926669a6b7d2c2147b42eea4d7c68395e?s=96&d=mm&r=g","contentUrl":"https:\/\/secure.gravatar.com\/avatar\/1072c6b775fb02ef8506ce967551d95926669a6b7d2c2147b42eea4d7c68395e?s=96&d=mm&r=g","caption":"Reda\u00e7\u00e3o"},"sameAs":["https:\/\/transamerica93.com.br\/home"],"url":"https:\/\/transamerica93.com.br\/home\/author\/william\/"}]}},"_links":{"self":[{"href":"https:\/\/transamerica93.com.br\/home\/wp-json\/wp\/v2\/posts\/1753","targetHints":{"allow":["GET"]}}],"collection":[{"href":"https:\/\/transamerica93.com.br\/home\/wp-json\/wp\/v2\/posts"}],"about":[{"href":"https:\/\/transamerica93.com.br\/home\/wp-json\/wp\/v2\/types\/post"}],"author":[{"embeddable":true,"href":"https:\/\/transamerica93.com.br\/home\/wp-json\/wp\/v2\/users\/1"}],"replies":[{"embeddable":true,"href":"https:\/\/transamerica93.com.br\/home\/wp-json\/wp\/v2\/comments?post=1753"}],"version-history":[{"count":1,"href":"https:\/\/transamerica93.com.br\/home\/wp-json\/wp\/v2\/posts\/1753\/revisions"}],"predecessor-version":[{"id":1755,"href":"https:\/\/transamerica93.com.br\/home\/wp-json\/wp\/v2\/posts\/1753\/revisions\/1755"}],"wp:featuredmedia":[{"embeddable":true,"href":"https:\/\/transamerica93.com.br\/home\/wp-json\/wp\/v2\/media\/1754"}],"wp:attachment":[{"href":"https:\/\/transamerica93.com.br\/home\/wp-json\/wp\/v2\/media?parent=1753"}],"wp:term":[{"taxonomy":"category","embeddable":true,"href":"https:\/\/transamerica93.com.br\/home\/wp-json\/wp\/v2\/categories?post=1753"},{"taxonomy":"post_tag","embeddable":true,"href":"https:\/\/transamerica93.com.br\/home\/wp-json\/wp\/v2\/tags?post=1753"}],"curies":[{"name":"wp","href":"https:\/\/api.w.org\/{rel}","templated":true}]}}