{"id":1765,"date":"2023-10-20T12:00:17","date_gmt":"2023-10-20T15:00:17","guid":{"rendered":"https:\/\/transamerica93.com.br\/home\/?p=1765"},"modified":"2023-10-19T20:03:05","modified_gmt":"2023-10-19T23:03:05","slug":"kanye-west-afirma-em-mensagem-ter-sinais-de-autismo-devido-a-acidente-de-carro","status":"publish","type":"post","link":"https:\/\/transamerica93.com.br\/home\/kanye-west-afirma-em-mensagem-ter-sinais-de-autismo-devido-a-acidente-de-carro\/","title":{"rendered":"Kanye West afirma, em mensagem, ter &#8216;sinais de autismo&#8217; devido a acidente de carro"},"content":{"rendered":"<h6 class=\"Assina\">Por Reda\u00e7\u00e3o E+<\/h6>\n<p>Kanye West diz que apresenta &#8220;sinais de autismo&#8221; por causa de um acidente de carro que sofreu em 2002. Nesta quarta-feira, 18, Ian Connor, amigo do rapper, compartilhou em seu Instagram prints de mensagens do cantor para o bilion\u00e1rio Elon Musk. Nelas, Kanye pede um encontro com o empres\u00e1rio e comenta sobre o seu suposto diagn\u00f3stico.<\/p>\n<p>&#8220;Quando vamos conversar? Voc\u00ea n\u00e3o me deve nada. Voc\u00ea n\u00e3o precisa falar comigo de novo. Mas se nos falarmos, a natureza do nosso relacionamento tem que mudar. Eu n\u00e3o sou bipolar. Eu tenho sinais de autismo por causa do meu acidente de carro&#8221;, escreveu<\/p>\n<p>De acordo com o\u00a0<i>Page Six<\/i>, Kanye se refere ao acidente de carro que sofreu em 2002, ocorr\u00eancia que o inspirou a compor e a gravar o single\u00a0<i>Through the Wire<\/i>, mesmo com a mand\u00edbula imobilizada.<\/p>\n<p>Kanye foi diagnosticado bipolar em 2018. Em 2020, enquanto ainda era casado com Kim Kardashian, a socialite pediu para que as pessoas tivessem compaix\u00e3o com o rapper em meio a sua luta contra o transtorno.<\/p>\n<p>Tamb\u00e9m nas mensagens, Kanye voltou a falar sobre Kim Kardashian, agora sua ex-mulher. Juntos, eles s\u00e3o pais de North, Saint, Psalm e Chicago. De acordo com o rapper, a socialite continua a manter os filhos distantes.<\/p>\n<p>&#8220;Voc\u00ea n\u00e3o pode ver Kim manter os meus filhos longe de mim, n\u00e3o dizer nada publicamente, e depois se dizer meu amigo para que eu d\u00ea audi\u00eancia para sua plataforma problem\u00e1tica&#8221;, diz, referindo-se ao X, antigo Twitter.<\/p>\n","protected":false},"excerpt":{"rendered":"<p>Por Reda\u00e7\u00e3o E+ Kanye West diz que apresenta &#8220;sinais de autismo&#8221; por causa de um acidente de carro que sofreu em 2002. Nesta quarta-feira, 18, Ian Connor, amigo do rapper, compartilhou em seu Instagram prints de mensagens do cantor para o bilion\u00e1rio Elon Musk. Nelas, Kanye pede um encontro com o empres\u00e1rio e comenta sobre &hellip;<\/p>\n","protected":false},"author":1,"featured_media":1766,"comment_status":"closed","ping_status":"closed","sticky":false,"template":"","format":"standard","meta":{"footnotes":""},"categories":[25],"tags":[],"class_list":["post-1765","post","type-post","status-publish","format-standard","has-post-thumbnail","hentry","category-musica"],"yoast_head":"<!-- This site is optimized with the Yoast SEO plugin v27.4 - https:\/\/yoast.com\/product\/yoast-seo-wordpress\/ -->\n<title>Kanye West afirma, em mensagem, ter &#039;sinais de autismo&#039; devido a acidente de carro - Transam\u00e9rica Mococa 93,3<\/title>\n<meta name=\"robots\" content=\"index, follow, max-snippet:-1, max-image-preview:large, max-video-preview:-1\" \/>\n<link rel=\"canonical\" href=\"https:\/\/transamerica93.com.br\/home\/kanye-west-afirma-em-mensagem-ter-sinais-de-autismo-devido-a-acidente-de-carro\/\" \/>\n<meta property=\"og:locale\" content=\"pt_BR\" \/>\n<meta property=\"og:type\" content=\"article\" \/>\n<meta property=\"og:title\" content=\"Kanye West afirma, em mensagem, ter &#039;sinais de autismo&#039; devido a acidente de carro - Transam\u00e9rica Mococa 93,3\" \/>\n<meta property=\"og:description\" content=\"Por Reda\u00e7\u00e3o E+ Kanye West diz que apresenta &#8220;sinais de autismo&#8221; por causa de um acidente de carro que sofreu em 2002. Nesta quarta-feira, 18, Ian Connor, amigo do rapper, compartilhou em seu Instagram prints de mensagens do cantor para o bilion\u00e1rio Elon Musk. Nelas, Kanye pede um encontro com o empres\u00e1rio e comenta sobre &hellip;\" \/>\n<meta property=\"og:url\" content=\"https:\/\/transamerica93.com.br\/home\/kanye-west-afirma-em-mensagem-ter-sinais-de-autismo-devido-a-acidente-de-carro\/\" \/>\n<meta property=\"og:site_name\" content=\"Transam\u00e9rica Mococa 93,3\" \/>\n<meta property=\"article:publisher\" content=\"https:\/\/www.facebook.com\/transamericamococa\" \/>\n<meta property=\"article:published_time\" content=\"2023-10-20T15:00:17+00:00\" \/>\n<meta property=\"og:image\" content=\"https:\/\/transamerica93.com.br\/home\/wp-content\/uploads\/2023\/10\/kanyewgst.jpg\" \/>\n\t<meta property=\"og:image:width\" content=\"775\" \/>\n\t<meta property=\"og:image:height\" content=\"539\" \/>\n\t<meta property=\"og:image:type\" content=\"image\/jpeg\" \/>\n<meta name=\"author\" content=\"Reda\u00e7\u00e3o\" \/>\n<meta name=\"twitter:card\" content=\"summary_large_image\" \/>\n<meta name=\"twitter:creator\" content=\"@transamerica933\" \/>\n<meta name=\"twitter:site\" content=\"@transamerica933\" \/>\n<meta name=\"twitter:label1\" content=\"Escrito por\" \/>\n\t<meta name=\"twitter:data1\" content=\"Reda\u00e7\u00e3o\" \/>\n\t<meta name=\"twitter:label2\" content=\"Est. tempo de leitura\" \/>\n\t<meta name=\"twitter:data2\" content=\"2 minutos\" \/>\n<script type=\"application\/ld+json\" class=\"yoast-schema-graph\">{\"@context\":\"https:\\\/\\\/schema.org\",\"@graph\":[{\"@type\":\"Article\",\"@id\":\"https:\\\/\\\/transamerica93.com.br\\\/home\\\/kanye-west-afirma-em-mensagem-ter-sinais-de-autismo-devido-a-acidente-de-carro\\\/#article\",\"isPartOf\":{\"@id\":\"https:\\\/\\\/transamerica93.com.br\\\/home\\\/kanye-west-afirma-em-mensagem-ter-sinais-de-autismo-devido-a-acidente-de-carro\\\/\"},\"author\":{\"name\":\"Reda\u00e7\u00e3o\",\"@id\":\"https:\\\/\\\/transamerica93.com.br\\\/home\\\/#\\\/schema\\\/person\\\/7fed7c99c0d4562efa8561bc0f543172\"},\"headline\":\"Kanye West afirma, em mensagem, ter &#8216;sinais de autismo&#8217; devido a acidente de carro\",\"datePublished\":\"2023-10-20T15:00:17+00:00\",\"mainEntityOfPage\":{\"@id\":\"https:\\\/\\\/transamerica93.com.br\\\/home\\\/kanye-west-afirma-em-mensagem-ter-sinais-de-autismo-devido-a-acidente-de-carro\\\/\"},\"wordCount\":272,\"publisher\":{\"@id\":\"https:\\\/\\\/transamerica93.com.br\\\/home\\\/#organization\"},\"image\":{\"@id\":\"https:\\\/\\\/transamerica93.com.br\\\/home\\\/kanye-west-afirma-em-mensagem-ter-sinais-de-autismo-devido-a-acidente-de-carro\\\/#primaryimage\"},\"thumbnailUrl\":\"https:\\\/\\\/transamerica93.com.br\\\/home\\\/wp-content\\\/uploads\\\/2023\\\/10\\\/kanyewgst.jpg\",\"articleSection\":[\"M\u00fasica\"],\"inLanguage\":\"pt-BR\"},{\"@type\":\"WebPage\",\"@id\":\"https:\\\/\\\/transamerica93.com.br\\\/home\\\/kanye-west-afirma-em-mensagem-ter-sinais-de-autismo-devido-a-acidente-de-carro\\\/\",\"url\":\"https:\\\/\\\/transamerica93.com.br\\\/home\\\/kanye-west-afirma-em-mensagem-ter-sinais-de-autismo-devido-a-acidente-de-carro\\\/\",\"name\":\"Kanye West afirma, em mensagem, ter 'sinais de autismo' devido a acidente de carro - Transam\u00e9rica Mococa 93,3\",\"isPartOf\":{\"@id\":\"https:\\\/\\\/transamerica93.com.br\\\/home\\\/#website\"},\"primaryImageOfPage\":{\"@id\":\"https:\\\/\\\/transamerica93.com.br\\\/home\\\/kanye-west-afirma-em-mensagem-ter-sinais-de-autismo-devido-a-acidente-de-carro\\\/#primaryimage\"},\"image\":{\"@id\":\"https:\\\/\\\/transamerica93.com.br\\\/home\\\/kanye-west-afirma-em-mensagem-ter-sinais-de-autismo-devido-a-acidente-de-carro\\\/#primaryimage\"},\"thumbnailUrl\":\"https:\\\/\\\/transamerica93.com.br\\\/home\\\/wp-content\\\/uploads\\\/2023\\\/10\\\/kanyewgst.jpg\",\"datePublished\":\"2023-10-20T15:00:17+00:00\",\"breadcrumb\":{\"@id\":\"https:\\\/\\\/transamerica93.com.br\\\/home\\\/kanye-west-afirma-em-mensagem-ter-sinais-de-autismo-devido-a-acidente-de-carro\\\/#breadcrumb\"},\"inLanguage\":\"pt-BR\",\"potentialAction\":[{\"@type\":\"ReadAction\",\"target\":[\"https:\\\/\\\/transamerica93.com.br\\\/home\\\/kanye-west-afirma-em-mensagem-ter-sinais-de-autismo-devido-a-acidente-de-carro\\\/\"]}]},{\"@type\":\"ImageObject\",\"inLanguage\":\"pt-BR\",\"@id\":\"https:\\\/\\\/transamerica93.com.br\\\/home\\\/kanye-west-afirma-em-mensagem-ter-sinais-de-autismo-devido-a-acidente-de-carro\\\/#primaryimage\",\"url\":\"https:\\\/\\\/transamerica93.com.br\\\/home\\\/wp-content\\\/uploads\\\/2023\\\/10\\\/kanyewgst.jpg\",\"contentUrl\":\"https:\\\/\\\/transamerica93.com.br\\\/home\\\/wp-content\\\/uploads\\\/2023\\\/10\\\/kanyewgst.jpg\",\"width\":775,\"height\":539,\"caption\":\"Foto: Instagram @kanyewgst\"},{\"@type\":\"BreadcrumbList\",\"@id\":\"https:\\\/\\\/transamerica93.com.br\\\/home\\\/kanye-west-afirma-em-mensagem-ter-sinais-de-autismo-devido-a-acidente-de-carro\\\/#breadcrumb\",\"itemListElement\":[{\"@type\":\"ListItem\",\"position\":1,\"name\":\"In\u00edcio\",\"item\":\"https:\\\/\\\/transamerica93.com.br\\\/home\\\/\"},{\"@type\":\"ListItem\",\"position\":2,\"name\":\"Kanye West afirma, em mensagem, ter &#8216;sinais de autismo&#8217; devido a acidente de carro\"}]},{\"@type\":\"WebSite\",\"@id\":\"https:\\\/\\\/transamerica93.com.br\\\/home\\\/#website\",\"url\":\"https:\\\/\\\/transamerica93.com.br\\\/home\\\/\",\"name\":\"Transam\u00e9rica Mococa 93,3\",\"description\":\"\",\"publisher\":{\"@id\":\"https:\\\/\\\/transamerica93.com.br\\\/home\\\/#organization\"},\"potentialAction\":[{\"@type\":\"SearchAction\",\"target\":{\"@type\":\"EntryPoint\",\"urlTemplate\":\"https:\\\/\\\/transamerica93.com.br\\\/home\\\/?s={search_term_string}\"},\"query-input\":{\"@type\":\"PropertyValueSpecification\",\"valueRequired\":true,\"valueName\":\"search_term_string\"}}],\"inLanguage\":\"pt-BR\"},{\"@type\":\"Organization\",\"@id\":\"https:\\\/\\\/transamerica93.com.br\\\/home\\\/#organization\",\"name\":\"Transam\u00e9rica Mococa 93,3\",\"url\":\"https:\\\/\\\/transamerica93.com.br\\\/home\\\/\",\"logo\":{\"@type\":\"ImageObject\",\"inLanguage\":\"pt-BR\",\"@id\":\"https:\\\/\\\/transamerica93.com.br\\\/home\\\/#\\\/schema\\\/logo\\\/image\\\/\",\"url\":\"https:\\\/\\\/transamerica93.com.br\\\/home\\\/wp-content\\\/uploads\\\/2023\\\/10\\\/logo2.png\",\"contentUrl\":\"https:\\\/\\\/transamerica93.com.br\\\/home\\\/wp-content\\\/uploads\\\/2023\\\/10\\\/logo2.png\",\"width\":800,\"height\":500,\"caption\":\"Transam\u00e9rica Mococa 93,3\"},\"image\":{\"@id\":\"https:\\\/\\\/transamerica93.com.br\\\/home\\\/#\\\/schema\\\/logo\\\/image\\\/\"},\"sameAs\":[\"https:\\\/\\\/www.facebook.com\\\/transamericamococa\",\"https:\\\/\\\/x.com\\\/transamerica933\",\"https:\\\/\\\/www.instagram.com\\\/transamericamococa\"]},{\"@type\":\"Person\",\"@id\":\"https:\\\/\\\/transamerica93.com.br\\\/home\\\/#\\\/schema\\\/person\\\/7fed7c99c0d4562efa8561bc0f543172\",\"name\":\"Reda\u00e7\u00e3o\",\"image\":{\"@type\":\"ImageObject\",\"inLanguage\":\"pt-BR\",\"@id\":\"https:\\\/\\\/secure.gravatar.com\\\/avatar\\\/1072c6b775fb02ef8506ce967551d95926669a6b7d2c2147b42eea4d7c68395e?s=96&d=mm&r=g\",\"url\":\"https:\\\/\\\/secure.gravatar.com\\\/avatar\\\/1072c6b775fb02ef8506ce967551d95926669a6b7d2c2147b42eea4d7c68395e?s=96&d=mm&r=g\",\"contentUrl\":\"https:\\\/\\\/secure.gravatar.com\\\/avatar\\\/1072c6b775fb02ef8506ce967551d95926669a6b7d2c2147b42eea4d7c68395e?s=96&d=mm&r=g\",\"caption\":\"Reda\u00e7\u00e3o\"},\"sameAs\":[\"https:\\\/\\\/transamerica93.com.br\\\/home\"],\"url\":\"https:\\\/\\\/transamerica93.com.br\\\/home\\\/author\\\/william\\\/\"}]}<\/script>\n<!-- \/ Yoast SEO plugin. -->","yoast_head_json":{"title":"Kanye West afirma, em mensagem, ter 'sinais de autismo' devido a acidente de carro - Transam\u00e9rica Mococa 93,3","robots":{"index":"index","follow":"follow","max-snippet":"max-snippet:-1","max-image-preview":"max-image-preview:large","max-video-preview":"max-video-preview:-1"},"canonical":"https:\/\/transamerica93.com.br\/home\/kanye-west-afirma-em-mensagem-ter-sinais-de-autismo-devido-a-acidente-de-carro\/","og_locale":"pt_BR","og_type":"article","og_title":"Kanye West afirma, em mensagem, ter 'sinais de autismo' devido a acidente de carro - Transam\u00e9rica Mococa 93,3","og_description":"Por Reda\u00e7\u00e3o E+ Kanye West diz que apresenta &#8220;sinais de autismo&#8221; por causa de um acidente de carro que sofreu em 2002. Nesta quarta-feira, 18, Ian Connor, amigo do rapper, compartilhou em seu Instagram prints de mensagens do cantor para o bilion\u00e1rio Elon Musk. Nelas, Kanye pede um encontro com o empres\u00e1rio e comenta sobre &hellip;","og_url":"https:\/\/transamerica93.com.br\/home\/kanye-west-afirma-em-mensagem-ter-sinais-de-autismo-devido-a-acidente-de-carro\/","og_site_name":"Transam\u00e9rica Mococa 93,3","article_publisher":"https:\/\/www.facebook.com\/transamericamococa","article_published_time":"2023-10-20T15:00:17+00:00","og_image":[{"width":775,"height":539,"url":"https:\/\/transamerica93.com.br\/home\/wp-content\/uploads\/2023\/10\/kanyewgst.jpg","type":"image\/jpeg"}],"author":"Reda\u00e7\u00e3o","twitter_card":"summary_large_image","twitter_creator":"@transamerica933","twitter_site":"@transamerica933","twitter_misc":{"Escrito por":"Reda\u00e7\u00e3o","Est. tempo de leitura":"2 minutos"},"schema":{"@context":"https:\/\/schema.org","@graph":[{"@type":"Article","@id":"https:\/\/transamerica93.com.br\/home\/kanye-west-afirma-em-mensagem-ter-sinais-de-autismo-devido-a-acidente-de-carro\/#article","isPartOf":{"@id":"https:\/\/transamerica93.com.br\/home\/kanye-west-afirma-em-mensagem-ter-sinais-de-autismo-devido-a-acidente-de-carro\/"},"author":{"name":"Reda\u00e7\u00e3o","@id":"https:\/\/transamerica93.com.br\/home\/#\/schema\/person\/7fed7c99c0d4562efa8561bc0f543172"},"headline":"Kanye West afirma, em mensagem, ter &#8216;sinais de autismo&#8217; devido a acidente de carro","datePublished":"2023-10-20T15:00:17+00:00","mainEntityOfPage":{"@id":"https:\/\/transamerica93.com.br\/home\/kanye-west-afirma-em-mensagem-ter-sinais-de-autismo-devido-a-acidente-de-carro\/"},"wordCount":272,"publisher":{"@id":"https:\/\/transamerica93.com.br\/home\/#organization"},"image":{"@id":"https:\/\/transamerica93.com.br\/home\/kanye-west-afirma-em-mensagem-ter-sinais-de-autismo-devido-a-acidente-de-carro\/#primaryimage"},"thumbnailUrl":"https:\/\/transamerica93.com.br\/home\/wp-content\/uploads\/2023\/10\/kanyewgst.jpg","articleSection":["M\u00fasica"],"inLanguage":"pt-BR"},{"@type":"WebPage","@id":"https:\/\/transamerica93.com.br\/home\/kanye-west-afirma-em-mensagem-ter-sinais-de-autismo-devido-a-acidente-de-carro\/","url":"https:\/\/transamerica93.com.br\/home\/kanye-west-afirma-em-mensagem-ter-sinais-de-autismo-devido-a-acidente-de-carro\/","name":"Kanye West afirma, em mensagem, ter 'sinais de autismo' devido a acidente de carro - Transam\u00e9rica Mococa 93,3","isPartOf":{"@id":"https:\/\/transamerica93.com.br\/home\/#website"},"primaryImageOfPage":{"@id":"https:\/\/transamerica93.com.br\/home\/kanye-west-afirma-em-mensagem-ter-sinais-de-autismo-devido-a-acidente-de-carro\/#primaryimage"},"image":{"@id":"https:\/\/transamerica93.com.br\/home\/kanye-west-afirma-em-mensagem-ter-sinais-de-autismo-devido-a-acidente-de-carro\/#primaryimage"},"thumbnailUrl":"https:\/\/transamerica93.com.br\/home\/wp-content\/uploads\/2023\/10\/kanyewgst.jpg","datePublished":"2023-10-20T15:00:17+00:00","breadcrumb":{"@id":"https:\/\/transamerica93.com.br\/home\/kanye-west-afirma-em-mensagem-ter-sinais-de-autismo-devido-a-acidente-de-carro\/#breadcrumb"},"inLanguage":"pt-BR","potentialAction":[{"@type":"ReadAction","target":["https:\/\/transamerica93.com.br\/home\/kanye-west-afirma-em-mensagem-ter-sinais-de-autismo-devido-a-acidente-de-carro\/"]}]},{"@type":"ImageObject","inLanguage":"pt-BR","@id":"https:\/\/transamerica93.com.br\/home\/kanye-west-afirma-em-mensagem-ter-sinais-de-autismo-devido-a-acidente-de-carro\/#primaryimage","url":"https:\/\/transamerica93.com.br\/home\/wp-content\/uploads\/2023\/10\/kanyewgst.jpg","contentUrl":"https:\/\/transamerica93.com.br\/home\/wp-content\/uploads\/2023\/10\/kanyewgst.jpg","width":775,"height":539,"caption":"Foto: Instagram @kanyewgst"},{"@type":"BreadcrumbList","@id":"https:\/\/transamerica93.com.br\/home\/kanye-west-afirma-em-mensagem-ter-sinais-de-autismo-devido-a-acidente-de-carro\/#breadcrumb","itemListElement":[{"@type":"ListItem","position":1,"name":"In\u00edcio","item":"https:\/\/transamerica93.com.br\/home\/"},{"@type":"ListItem","position":2,"name":"Kanye West afirma, em mensagem, ter &#8216;sinais de autismo&#8217; devido a acidente de carro"}]},{"@type":"WebSite","@id":"https:\/\/transamerica93.com.br\/home\/#website","url":"https:\/\/transamerica93.com.br\/home\/","name":"Transam\u00e9rica Mococa 93,3","description":"","publisher":{"@id":"https:\/\/transamerica93.com.br\/home\/#organization"},"potentialAction":[{"@type":"SearchAction","target":{"@type":"EntryPoint","urlTemplate":"https:\/\/transamerica93.com.br\/home\/?s={search_term_string}"},"query-input":{"@type":"PropertyValueSpecification","valueRequired":true,"valueName":"search_term_string"}}],"inLanguage":"pt-BR"},{"@type":"Organization","@id":"https:\/\/transamerica93.com.br\/home\/#organization","name":"Transam\u00e9rica Mococa 93,3","url":"https:\/\/transamerica93.com.br\/home\/","logo":{"@type":"ImageObject","inLanguage":"pt-BR","@id":"https:\/\/transamerica93.com.br\/home\/#\/schema\/logo\/image\/","url":"https:\/\/transamerica93.com.br\/home\/wp-content\/uploads\/2023\/10\/logo2.png","contentUrl":"https:\/\/transamerica93.com.br\/home\/wp-content\/uploads\/2023\/10\/logo2.png","width":800,"height":500,"caption":"Transam\u00e9rica Mococa 93,3"},"image":{"@id":"https:\/\/transamerica93.com.br\/home\/#\/schema\/logo\/image\/"},"sameAs":["https:\/\/www.facebook.com\/transamericamococa","https:\/\/x.com\/transamerica933","https:\/\/www.instagram.com\/transamericamococa"]},{"@type":"Person","@id":"https:\/\/transamerica93.com.br\/home\/#\/schema\/person\/7fed7c99c0d4562efa8561bc0f543172","name":"Reda\u00e7\u00e3o","image":{"@type":"ImageObject","inLanguage":"pt-BR","@id":"https:\/\/secure.gravatar.com\/avatar\/1072c6b775fb02ef8506ce967551d95926669a6b7d2c2147b42eea4d7c68395e?s=96&d=mm&r=g","url":"https:\/\/secure.gravatar.com\/avatar\/1072c6b775fb02ef8506ce967551d95926669a6b7d2c2147b42eea4d7c68395e?s=96&d=mm&r=g","contentUrl":"https:\/\/secure.gravatar.com\/avatar\/1072c6b775fb02ef8506ce967551d95926669a6b7d2c2147b42eea4d7c68395e?s=96&d=mm&r=g","caption":"Reda\u00e7\u00e3o"},"sameAs":["https:\/\/transamerica93.com.br\/home"],"url":"https:\/\/transamerica93.com.br\/home\/author\/william\/"}]}},"_links":{"self":[{"href":"https:\/\/transamerica93.com.br\/home\/wp-json\/wp\/v2\/posts\/1765","targetHints":{"allow":["GET"]}}],"collection":[{"href":"https:\/\/transamerica93.com.br\/home\/wp-json\/wp\/v2\/posts"}],"about":[{"href":"https:\/\/transamerica93.com.br\/home\/wp-json\/wp\/v2\/types\/post"}],"author":[{"embeddable":true,"href":"https:\/\/transamerica93.com.br\/home\/wp-json\/wp\/v2\/users\/1"}],"replies":[{"embeddable":true,"href":"https:\/\/transamerica93.com.br\/home\/wp-json\/wp\/v2\/comments?post=1765"}],"version-history":[{"count":1,"href":"https:\/\/transamerica93.com.br\/home\/wp-json\/wp\/v2\/posts\/1765\/revisions"}],"predecessor-version":[{"id":1767,"href":"https:\/\/transamerica93.com.br\/home\/wp-json\/wp\/v2\/posts\/1765\/revisions\/1767"}],"wp:featuredmedia":[{"embeddable":true,"href":"https:\/\/transamerica93.com.br\/home\/wp-json\/wp\/v2\/media\/1766"}],"wp:attachment":[{"href":"https:\/\/transamerica93.com.br\/home\/wp-json\/wp\/v2\/media?parent=1765"}],"wp:term":[{"taxonomy":"category","embeddable":true,"href":"https:\/\/transamerica93.com.br\/home\/wp-json\/wp\/v2\/categories?post=1765"},{"taxonomy":"post_tag","embeddable":true,"href":"https:\/\/transamerica93.com.br\/home\/wp-json\/wp\/v2\/tags?post=1765"}],"curies":[{"name":"wp","href":"https:\/\/api.w.org\/{rel}","templated":true}]}}