{"id":1805,"date":"2023-10-21T10:00:43","date_gmt":"2023-10-21T13:00:43","guid":{"rendered":"https:\/\/transamerica93.com.br\/home\/?p=1805"},"modified":"2023-10-20T16:16:40","modified_gmt":"2023-10-20T19:16:40","slug":"sao-paulo-anuncia-candidatura-a-sede-dos-jogos-pan-americanos-de-2031","status":"publish","type":"post","link":"https:\/\/transamerica93.com.br\/home\/sao-paulo-anuncia-candidatura-a-sede-dos-jogos-pan-americanos-de-2031\/","title":{"rendered":"S\u00e3o Paulo anuncia candidatura a sede dos Jogos Pan-Americanos de 2031"},"content":{"rendered":"<div class=\"post-item-wrap\">\n<p>A prefeitura de S\u00e3o Paulo anunciou nesta quinta (19) que enviar\u00e1 uma carta \u00e0 PanAm Sports &#8211; organiza\u00e7\u00e3o respons\u00e1vel pelos Jogos Pan-Americanos &#8211; reiterando a inten\u00e7\u00e3o de sediar a edi\u00e7\u00e3o de 2031 do evento. O documento ser\u00e1 entregue pelo secret\u00e1rio municipal de Esportes da capital paulista, Cac\u00e1 Viana. O dirigente se reunir\u00e1 com o presidente da entidade internacional, o chileno Neven Ilic, em Santiago, onde ser\u00e3o inaugurados amanh\u00e3 os Jogos de 2023.<img decoding=\"async\" data-src=\"https:\/\/agenciabrasil.ebc.com.br\/ebc.png?id=1561772&amp;o=node\" src=\"data:image\/svg+xml;base64,PHN2ZyB3aWR0aD0iMSIgaGVpZ2h0PSIxIiB4bWxucz0iaHR0cDovL3d3dy53My5vcmcvMjAwMC9zdmciPjwvc3ZnPg==\" class=\"lazyload\" \/><img decoding=\"async\" data-src=\"https:\/\/agenciabrasil.ebc.com.br\/ebc.gif?id=1561772&amp;o=node\" src=\"data:image\/svg+xml;base64,PHN2ZyB3aWR0aD0iMSIgaGVpZ2h0PSIxIiB4bWxucz0iaHR0cDovL3d3dy53My5vcmcvMjAwMC9zdmciPjwvc3ZnPg==\" class=\"lazyload\" \/><\/p>\n<p>A prefeitura tamb\u00e9m anunciou que, durante o evento em Santiago, funcionar\u00e1 o Espa\u00e7o Cidade de S\u00e3o Paulo &#8211; Casa Brasil, com atra\u00e7\u00f5es que fazem refer\u00eancia \u00e0 cultura brasileira, como shows de m\u00fasica e dan\u00e7a, dentre outras atividades.<\/p>\n<p>A maior cidade do pa\u00eds se considera preparada para receber o evento pela estrutura e experi\u00eancia adquiridas quando foi uma das sedes da Copa do Mundo de futebol, em 2014. No comunicado, ali\u00e1s, a cidade se coloca como uma das poss\u00edveis sedes da Copa feminina, em 2027, caso o Brasil seja escolhido como o pa\u00eds que vai receber a competi\u00e7\u00e3o.<\/p>\n<p>Os Jogos Pan-Americanos, que chegam agora \u00e0 sua 19\u00aa edi\u00e7\u00e3o, j\u00e1 tiveram o Brasil como sede por duas vezes. A primeira foi justamente em S\u00e3o Paulo, em 1963 e a segunda no Rio de Janeiro, em 2007.<\/p>\n<p>Por enquanto, ainda n\u00e3o h\u00e1 not\u00edcias de outras candidaturas para sediar a edi\u00e7\u00e3o de 2031. Entre a edi\u00e7\u00e3o atual e a que S\u00e3o Paulo pleiteia o direito de ser sede, acontecer\u00e3o os Jogos Pan-Americanos de 2027, em Barranquilla (Col\u00f4mbia).<\/p>\n<\/div>\n<p class=\"alt-font font-italic my-2 small text-info\">Edi\u00e7\u00e3o: Cl\u00e1udia Soares Rodrigues<\/p>\n","protected":false},"excerpt":{"rendered":"<p>A prefeitura de S\u00e3o Paulo anunciou nesta quinta (19) que enviar\u00e1 uma carta \u00e0 PanAm Sports &#8211; organiza\u00e7\u00e3o respons\u00e1vel pelos Jogos Pan-Americanos &#8211; reiterando a inten\u00e7\u00e3o de sediar a edi\u00e7\u00e3o de 2031 do evento. O documento ser\u00e1 entregue pelo secret\u00e1rio municipal de Esportes da capital paulista, Cac\u00e1 Viana. O dirigente se reunir\u00e1 com o presidente &hellip;<\/p>\n","protected":false},"author":1,"featured_media":1806,"comment_status":"closed","ping_status":"closed","sticky":false,"template":"","format":"standard","meta":{"footnotes":""},"categories":[31],"tags":[],"class_list":["post-1805","post","type-post","status-publish","format-standard","has-post-thumbnail","hentry","category-esportes"],"yoast_head":"<!-- This site is optimized with the Yoast SEO plugin v27.4 - https:\/\/yoast.com\/product\/yoast-seo-wordpress\/ -->\n<title>S\u00e3o Paulo anuncia candidatura a sede dos Jogos Pan-Americanos de 2031 - Transam\u00e9rica Mococa 93,3<\/title>\n<meta name=\"robots\" content=\"index, follow, max-snippet:-1, max-image-preview:large, max-video-preview:-1\" \/>\n<link rel=\"canonical\" href=\"https:\/\/transamerica93.com.br\/home\/sao-paulo-anuncia-candidatura-a-sede-dos-jogos-pan-americanos-de-2031\/\" \/>\n<meta property=\"og:locale\" content=\"pt_BR\" \/>\n<meta property=\"og:type\" content=\"article\" \/>\n<meta property=\"og:title\" content=\"S\u00e3o Paulo anuncia candidatura a sede dos Jogos Pan-Americanos de 2031 - Transam\u00e9rica Mococa 93,3\" \/>\n<meta property=\"og:description\" content=\"A prefeitura de S\u00e3o Paulo anunciou nesta quinta (19) que enviar\u00e1 uma carta \u00e0 PanAm Sports &#8211; organiza\u00e7\u00e3o respons\u00e1vel pelos Jogos Pan-Americanos &#8211; reiterando a inten\u00e7\u00e3o de sediar a edi\u00e7\u00e3o de 2031 do evento. O documento ser\u00e1 entregue pelo secret\u00e1rio municipal de Esportes da capital paulista, Cac\u00e1 Viana. O dirigente se reunir\u00e1 com o presidente &hellip;\" \/>\n<meta property=\"og:url\" content=\"https:\/\/transamerica93.com.br\/home\/sao-paulo-anuncia-candidatura-a-sede-dos-jogos-pan-americanos-de-2031\/\" \/>\n<meta property=\"og:site_name\" content=\"Transam\u00e9rica Mococa 93,3\" \/>\n<meta property=\"article:publisher\" content=\"https:\/\/www.facebook.com\/transamericamococa\" \/>\n<meta property=\"article:published_time\" content=\"2023-10-21T13:00:43+00:00\" \/>\n<meta property=\"og:image\" content=\"https:\/\/transamerica93.com.br\/home\/wp-content\/uploads\/2023\/10\/imagem-12.jpg\" \/>\n\t<meta property=\"og:image:width\" content=\"1170\" \/>\n\t<meta property=\"og:image:height\" content=\"700\" \/>\n\t<meta property=\"og:image:type\" content=\"image\/jpeg\" \/>\n<meta name=\"author\" content=\"Reda\u00e7\u00e3o\" \/>\n<meta name=\"twitter:card\" content=\"summary_large_image\" \/>\n<meta name=\"twitter:creator\" content=\"@transamerica933\" \/>\n<meta name=\"twitter:site\" content=\"@transamerica933\" \/>\n<meta name=\"twitter:label1\" content=\"Escrito por\" \/>\n\t<meta name=\"twitter:data1\" content=\"Reda\u00e7\u00e3o\" \/>\n\t<meta name=\"twitter:label2\" content=\"Est. tempo de leitura\" \/>\n\t<meta name=\"twitter:data2\" content=\"2 minutos\" \/>\n<script type=\"application\/ld+json\" class=\"yoast-schema-graph\">{\"@context\":\"https:\\\/\\\/schema.org\",\"@graph\":[{\"@type\":\"Article\",\"@id\":\"https:\\\/\\\/transamerica93.com.br\\\/home\\\/sao-paulo-anuncia-candidatura-a-sede-dos-jogos-pan-americanos-de-2031\\\/#article\",\"isPartOf\":{\"@id\":\"https:\\\/\\\/transamerica93.com.br\\\/home\\\/sao-paulo-anuncia-candidatura-a-sede-dos-jogos-pan-americanos-de-2031\\\/\"},\"author\":{\"name\":\"Reda\u00e7\u00e3o\",\"@id\":\"https:\\\/\\\/transamerica93.com.br\\\/home\\\/#\\\/schema\\\/person\\\/7fed7c99c0d4562efa8561bc0f543172\"},\"headline\":\"S\u00e3o Paulo anuncia candidatura a sede dos Jogos Pan-Americanos de 2031\",\"datePublished\":\"2023-10-21T13:00:43+00:00\",\"mainEntityOfPage\":{\"@id\":\"https:\\\/\\\/transamerica93.com.br\\\/home\\\/sao-paulo-anuncia-candidatura-a-sede-dos-jogos-pan-americanos-de-2031\\\/\"},\"wordCount\":278,\"publisher\":{\"@id\":\"https:\\\/\\\/transamerica93.com.br\\\/home\\\/#organization\"},\"image\":{\"@id\":\"https:\\\/\\\/transamerica93.com.br\\\/home\\\/sao-paulo-anuncia-candidatura-a-sede-dos-jogos-pan-americanos-de-2031\\\/#primaryimage\"},\"thumbnailUrl\":\"https:\\\/\\\/transamerica93.com.br\\\/home\\\/wp-content\\\/uploads\\\/2023\\\/10\\\/imagem-12.jpg\",\"articleSection\":[\"Esportes\"],\"inLanguage\":\"pt-BR\"},{\"@type\":\"WebPage\",\"@id\":\"https:\\\/\\\/transamerica93.com.br\\\/home\\\/sao-paulo-anuncia-candidatura-a-sede-dos-jogos-pan-americanos-de-2031\\\/\",\"url\":\"https:\\\/\\\/transamerica93.com.br\\\/home\\\/sao-paulo-anuncia-candidatura-a-sede-dos-jogos-pan-americanos-de-2031\\\/\",\"name\":\"S\u00e3o Paulo anuncia candidatura a sede dos Jogos Pan-Americanos de 2031 - Transam\u00e9rica Mococa 93,3\",\"isPartOf\":{\"@id\":\"https:\\\/\\\/transamerica93.com.br\\\/home\\\/#website\"},\"primaryImageOfPage\":{\"@id\":\"https:\\\/\\\/transamerica93.com.br\\\/home\\\/sao-paulo-anuncia-candidatura-a-sede-dos-jogos-pan-americanos-de-2031\\\/#primaryimage\"},\"image\":{\"@id\":\"https:\\\/\\\/transamerica93.com.br\\\/home\\\/sao-paulo-anuncia-candidatura-a-sede-dos-jogos-pan-americanos-de-2031\\\/#primaryimage\"},\"thumbnailUrl\":\"https:\\\/\\\/transamerica93.com.br\\\/home\\\/wp-content\\\/uploads\\\/2023\\\/10\\\/imagem-12.jpg\",\"datePublished\":\"2023-10-21T13:00:43+00:00\",\"breadcrumb\":{\"@id\":\"https:\\\/\\\/transamerica93.com.br\\\/home\\\/sao-paulo-anuncia-candidatura-a-sede-dos-jogos-pan-americanos-de-2031\\\/#breadcrumb\"},\"inLanguage\":\"pt-BR\",\"potentialAction\":[{\"@type\":\"ReadAction\",\"target\":[\"https:\\\/\\\/transamerica93.com.br\\\/home\\\/sao-paulo-anuncia-candidatura-a-sede-dos-jogos-pan-americanos-de-2031\\\/\"]}]},{\"@type\":\"ImageObject\",\"inLanguage\":\"pt-BR\",\"@id\":\"https:\\\/\\\/transamerica93.com.br\\\/home\\\/sao-paulo-anuncia-candidatura-a-sede-dos-jogos-pan-americanos-de-2031\\\/#primaryimage\",\"url\":\"https:\\\/\\\/transamerica93.com.br\\\/home\\\/wp-content\\\/uploads\\\/2023\\\/10\\\/imagem-12.jpg\",\"contentUrl\":\"https:\\\/\\\/transamerica93.com.br\\\/home\\\/wp-content\\\/uploads\\\/2023\\\/10\\\/imagem-12.jpg\",\"width\":1170,\"height\":700,\"caption\":\"\u00a9 ALESP\\\/Wikimedia\"},{\"@type\":\"BreadcrumbList\",\"@id\":\"https:\\\/\\\/transamerica93.com.br\\\/home\\\/sao-paulo-anuncia-candidatura-a-sede-dos-jogos-pan-americanos-de-2031\\\/#breadcrumb\",\"itemListElement\":[{\"@type\":\"ListItem\",\"position\":1,\"name\":\"In\u00edcio\",\"item\":\"https:\\\/\\\/transamerica93.com.br\\\/home\\\/\"},{\"@type\":\"ListItem\",\"position\":2,\"name\":\"S\u00e3o Paulo anuncia candidatura a sede dos Jogos Pan-Americanos de 2031\"}]},{\"@type\":\"WebSite\",\"@id\":\"https:\\\/\\\/transamerica93.com.br\\\/home\\\/#website\",\"url\":\"https:\\\/\\\/transamerica93.com.br\\\/home\\\/\",\"name\":\"Transam\u00e9rica Mococa 93,3\",\"description\":\"\",\"publisher\":{\"@id\":\"https:\\\/\\\/transamerica93.com.br\\\/home\\\/#organization\"},\"potentialAction\":[{\"@type\":\"SearchAction\",\"target\":{\"@type\":\"EntryPoint\",\"urlTemplate\":\"https:\\\/\\\/transamerica93.com.br\\\/home\\\/?s={search_term_string}\"},\"query-input\":{\"@type\":\"PropertyValueSpecification\",\"valueRequired\":true,\"valueName\":\"search_term_string\"}}],\"inLanguage\":\"pt-BR\"},{\"@type\":\"Organization\",\"@id\":\"https:\\\/\\\/transamerica93.com.br\\\/home\\\/#organization\",\"name\":\"Transam\u00e9rica Mococa 93,3\",\"url\":\"https:\\\/\\\/transamerica93.com.br\\\/home\\\/\",\"logo\":{\"@type\":\"ImageObject\",\"inLanguage\":\"pt-BR\",\"@id\":\"https:\\\/\\\/transamerica93.com.br\\\/home\\\/#\\\/schema\\\/logo\\\/image\\\/\",\"url\":\"https:\\\/\\\/transamerica93.com.br\\\/home\\\/wp-content\\\/uploads\\\/2023\\\/10\\\/logo2.png\",\"contentUrl\":\"https:\\\/\\\/transamerica93.com.br\\\/home\\\/wp-content\\\/uploads\\\/2023\\\/10\\\/logo2.png\",\"width\":800,\"height\":500,\"caption\":\"Transam\u00e9rica Mococa 93,3\"},\"image\":{\"@id\":\"https:\\\/\\\/transamerica93.com.br\\\/home\\\/#\\\/schema\\\/logo\\\/image\\\/\"},\"sameAs\":[\"https:\\\/\\\/www.facebook.com\\\/transamericamococa\",\"https:\\\/\\\/x.com\\\/transamerica933\",\"https:\\\/\\\/www.instagram.com\\\/transamericamococa\"]},{\"@type\":\"Person\",\"@id\":\"https:\\\/\\\/transamerica93.com.br\\\/home\\\/#\\\/schema\\\/person\\\/7fed7c99c0d4562efa8561bc0f543172\",\"name\":\"Reda\u00e7\u00e3o\",\"image\":{\"@type\":\"ImageObject\",\"inLanguage\":\"pt-BR\",\"@id\":\"https:\\\/\\\/secure.gravatar.com\\\/avatar\\\/1072c6b775fb02ef8506ce967551d95926669a6b7d2c2147b42eea4d7c68395e?s=96&d=mm&r=g\",\"url\":\"https:\\\/\\\/secure.gravatar.com\\\/avatar\\\/1072c6b775fb02ef8506ce967551d95926669a6b7d2c2147b42eea4d7c68395e?s=96&d=mm&r=g\",\"contentUrl\":\"https:\\\/\\\/secure.gravatar.com\\\/avatar\\\/1072c6b775fb02ef8506ce967551d95926669a6b7d2c2147b42eea4d7c68395e?s=96&d=mm&r=g\",\"caption\":\"Reda\u00e7\u00e3o\"},\"sameAs\":[\"https:\\\/\\\/transamerica93.com.br\\\/home\"],\"url\":\"https:\\\/\\\/transamerica93.com.br\\\/home\\\/author\\\/william\\\/\"}]}<\/script>\n<!-- \/ Yoast SEO plugin. -->","yoast_head_json":{"title":"S\u00e3o Paulo anuncia candidatura a sede dos Jogos Pan-Americanos de 2031 - Transam\u00e9rica Mococa 93,3","robots":{"index":"index","follow":"follow","max-snippet":"max-snippet:-1","max-image-preview":"max-image-preview:large","max-video-preview":"max-video-preview:-1"},"canonical":"https:\/\/transamerica93.com.br\/home\/sao-paulo-anuncia-candidatura-a-sede-dos-jogos-pan-americanos-de-2031\/","og_locale":"pt_BR","og_type":"article","og_title":"S\u00e3o Paulo anuncia candidatura a sede dos Jogos Pan-Americanos de 2031 - Transam\u00e9rica Mococa 93,3","og_description":"A prefeitura de S\u00e3o Paulo anunciou nesta quinta (19) que enviar\u00e1 uma carta \u00e0 PanAm Sports &#8211; organiza\u00e7\u00e3o respons\u00e1vel pelos Jogos Pan-Americanos &#8211; reiterando a inten\u00e7\u00e3o de sediar a edi\u00e7\u00e3o de 2031 do evento. O documento ser\u00e1 entregue pelo secret\u00e1rio municipal de Esportes da capital paulista, Cac\u00e1 Viana. O dirigente se reunir\u00e1 com o presidente &hellip;","og_url":"https:\/\/transamerica93.com.br\/home\/sao-paulo-anuncia-candidatura-a-sede-dos-jogos-pan-americanos-de-2031\/","og_site_name":"Transam\u00e9rica Mococa 93,3","article_publisher":"https:\/\/www.facebook.com\/transamericamococa","article_published_time":"2023-10-21T13:00:43+00:00","og_image":[{"width":1170,"height":700,"url":"https:\/\/transamerica93.com.br\/home\/wp-content\/uploads\/2023\/10\/imagem-12.jpg","type":"image\/jpeg"}],"author":"Reda\u00e7\u00e3o","twitter_card":"summary_large_image","twitter_creator":"@transamerica933","twitter_site":"@transamerica933","twitter_misc":{"Escrito por":"Reda\u00e7\u00e3o","Est. tempo de leitura":"2 minutos"},"schema":{"@context":"https:\/\/schema.org","@graph":[{"@type":"Article","@id":"https:\/\/transamerica93.com.br\/home\/sao-paulo-anuncia-candidatura-a-sede-dos-jogos-pan-americanos-de-2031\/#article","isPartOf":{"@id":"https:\/\/transamerica93.com.br\/home\/sao-paulo-anuncia-candidatura-a-sede-dos-jogos-pan-americanos-de-2031\/"},"author":{"name":"Reda\u00e7\u00e3o","@id":"https:\/\/transamerica93.com.br\/home\/#\/schema\/person\/7fed7c99c0d4562efa8561bc0f543172"},"headline":"S\u00e3o Paulo anuncia candidatura a sede dos Jogos Pan-Americanos de 2031","datePublished":"2023-10-21T13:00:43+00:00","mainEntityOfPage":{"@id":"https:\/\/transamerica93.com.br\/home\/sao-paulo-anuncia-candidatura-a-sede-dos-jogos-pan-americanos-de-2031\/"},"wordCount":278,"publisher":{"@id":"https:\/\/transamerica93.com.br\/home\/#organization"},"image":{"@id":"https:\/\/transamerica93.com.br\/home\/sao-paulo-anuncia-candidatura-a-sede-dos-jogos-pan-americanos-de-2031\/#primaryimage"},"thumbnailUrl":"https:\/\/transamerica93.com.br\/home\/wp-content\/uploads\/2023\/10\/imagem-12.jpg","articleSection":["Esportes"],"inLanguage":"pt-BR"},{"@type":"WebPage","@id":"https:\/\/transamerica93.com.br\/home\/sao-paulo-anuncia-candidatura-a-sede-dos-jogos-pan-americanos-de-2031\/","url":"https:\/\/transamerica93.com.br\/home\/sao-paulo-anuncia-candidatura-a-sede-dos-jogos-pan-americanos-de-2031\/","name":"S\u00e3o Paulo anuncia candidatura a sede dos Jogos Pan-Americanos de 2031 - Transam\u00e9rica Mococa 93,3","isPartOf":{"@id":"https:\/\/transamerica93.com.br\/home\/#website"},"primaryImageOfPage":{"@id":"https:\/\/transamerica93.com.br\/home\/sao-paulo-anuncia-candidatura-a-sede-dos-jogos-pan-americanos-de-2031\/#primaryimage"},"image":{"@id":"https:\/\/transamerica93.com.br\/home\/sao-paulo-anuncia-candidatura-a-sede-dos-jogos-pan-americanos-de-2031\/#primaryimage"},"thumbnailUrl":"https:\/\/transamerica93.com.br\/home\/wp-content\/uploads\/2023\/10\/imagem-12.jpg","datePublished":"2023-10-21T13:00:43+00:00","breadcrumb":{"@id":"https:\/\/transamerica93.com.br\/home\/sao-paulo-anuncia-candidatura-a-sede-dos-jogos-pan-americanos-de-2031\/#breadcrumb"},"inLanguage":"pt-BR","potentialAction":[{"@type":"ReadAction","target":["https:\/\/transamerica93.com.br\/home\/sao-paulo-anuncia-candidatura-a-sede-dos-jogos-pan-americanos-de-2031\/"]}]},{"@type":"ImageObject","inLanguage":"pt-BR","@id":"https:\/\/transamerica93.com.br\/home\/sao-paulo-anuncia-candidatura-a-sede-dos-jogos-pan-americanos-de-2031\/#primaryimage","url":"https:\/\/transamerica93.com.br\/home\/wp-content\/uploads\/2023\/10\/imagem-12.jpg","contentUrl":"https:\/\/transamerica93.com.br\/home\/wp-content\/uploads\/2023\/10\/imagem-12.jpg","width":1170,"height":700,"caption":"\u00a9 ALESP\/Wikimedia"},{"@type":"BreadcrumbList","@id":"https:\/\/transamerica93.com.br\/home\/sao-paulo-anuncia-candidatura-a-sede-dos-jogos-pan-americanos-de-2031\/#breadcrumb","itemListElement":[{"@type":"ListItem","position":1,"name":"In\u00edcio","item":"https:\/\/transamerica93.com.br\/home\/"},{"@type":"ListItem","position":2,"name":"S\u00e3o Paulo anuncia candidatura a sede dos Jogos Pan-Americanos de 2031"}]},{"@type":"WebSite","@id":"https:\/\/transamerica93.com.br\/home\/#website","url":"https:\/\/transamerica93.com.br\/home\/","name":"Transam\u00e9rica Mococa 93,3","description":"","publisher":{"@id":"https:\/\/transamerica93.com.br\/home\/#organization"},"potentialAction":[{"@type":"SearchAction","target":{"@type":"EntryPoint","urlTemplate":"https:\/\/transamerica93.com.br\/home\/?s={search_term_string}"},"query-input":{"@type":"PropertyValueSpecification","valueRequired":true,"valueName":"search_term_string"}}],"inLanguage":"pt-BR"},{"@type":"Organization","@id":"https:\/\/transamerica93.com.br\/home\/#organization","name":"Transam\u00e9rica Mococa 93,3","url":"https:\/\/transamerica93.com.br\/home\/","logo":{"@type":"ImageObject","inLanguage":"pt-BR","@id":"https:\/\/transamerica93.com.br\/home\/#\/schema\/logo\/image\/","url":"https:\/\/transamerica93.com.br\/home\/wp-content\/uploads\/2023\/10\/logo2.png","contentUrl":"https:\/\/transamerica93.com.br\/home\/wp-content\/uploads\/2023\/10\/logo2.png","width":800,"height":500,"caption":"Transam\u00e9rica Mococa 93,3"},"image":{"@id":"https:\/\/transamerica93.com.br\/home\/#\/schema\/logo\/image\/"},"sameAs":["https:\/\/www.facebook.com\/transamericamococa","https:\/\/x.com\/transamerica933","https:\/\/www.instagram.com\/transamericamococa"]},{"@type":"Person","@id":"https:\/\/transamerica93.com.br\/home\/#\/schema\/person\/7fed7c99c0d4562efa8561bc0f543172","name":"Reda\u00e7\u00e3o","image":{"@type":"ImageObject","inLanguage":"pt-BR","@id":"https:\/\/secure.gravatar.com\/avatar\/1072c6b775fb02ef8506ce967551d95926669a6b7d2c2147b42eea4d7c68395e?s=96&d=mm&r=g","url":"https:\/\/secure.gravatar.com\/avatar\/1072c6b775fb02ef8506ce967551d95926669a6b7d2c2147b42eea4d7c68395e?s=96&d=mm&r=g","contentUrl":"https:\/\/secure.gravatar.com\/avatar\/1072c6b775fb02ef8506ce967551d95926669a6b7d2c2147b42eea4d7c68395e?s=96&d=mm&r=g","caption":"Reda\u00e7\u00e3o"},"sameAs":["https:\/\/transamerica93.com.br\/home"],"url":"https:\/\/transamerica93.com.br\/home\/author\/william\/"}]}},"_links":{"self":[{"href":"https:\/\/transamerica93.com.br\/home\/wp-json\/wp\/v2\/posts\/1805","targetHints":{"allow":["GET"]}}],"collection":[{"href":"https:\/\/transamerica93.com.br\/home\/wp-json\/wp\/v2\/posts"}],"about":[{"href":"https:\/\/transamerica93.com.br\/home\/wp-json\/wp\/v2\/types\/post"}],"author":[{"embeddable":true,"href":"https:\/\/transamerica93.com.br\/home\/wp-json\/wp\/v2\/users\/1"}],"replies":[{"embeddable":true,"href":"https:\/\/transamerica93.com.br\/home\/wp-json\/wp\/v2\/comments?post=1805"}],"version-history":[{"count":1,"href":"https:\/\/transamerica93.com.br\/home\/wp-json\/wp\/v2\/posts\/1805\/revisions"}],"predecessor-version":[{"id":1807,"href":"https:\/\/transamerica93.com.br\/home\/wp-json\/wp\/v2\/posts\/1805\/revisions\/1807"}],"wp:featuredmedia":[{"embeddable":true,"href":"https:\/\/transamerica93.com.br\/home\/wp-json\/wp\/v2\/media\/1806"}],"wp:attachment":[{"href":"https:\/\/transamerica93.com.br\/home\/wp-json\/wp\/v2\/media?parent=1805"}],"wp:term":[{"taxonomy":"category","embeddable":true,"href":"https:\/\/transamerica93.com.br\/home\/wp-json\/wp\/v2\/categories?post=1805"},{"taxonomy":"post_tag","embeddable":true,"href":"https:\/\/transamerica93.com.br\/home\/wp-json\/wp\/v2\/tags?post=1805"}],"curies":[{"name":"wp","href":"https:\/\/api.w.org\/{rel}","templated":true}]}}