{"id":1812,"date":"2023-10-23T09:00:24","date_gmt":"2023-10-23T12:00:24","guid":{"rendered":"https:\/\/transamerica93.com.br\/home\/?p=1812"},"modified":"2023-10-21T14:28:16","modified_gmt":"2023-10-21T17:28:16","slug":"concurso-nacional-unificado-numero-de-vagas-sobe-para-6-640","status":"publish","type":"post","link":"https:\/\/transamerica93.com.br\/home\/concurso-nacional-unificado-numero-de-vagas-sobe-para-6-640\/","title":{"rendered":"Concurso nacional unificado: n\u00famero de vagas sobe para 6.640"},"content":{"rendered":"<div class=\"post-item-wrap\">\n<p>O Concurso Nacional Unificado, coordenado pelo Minist\u00e9rio da Gest\u00e3o e da Inova\u00e7\u00e3o em Servi\u00e7os P\u00fablicos (MGI), ter\u00e1, ao todo, 6.640 vagas. O n\u00famero\u00a0aumentou depois que o Instituto Nacional de Estudos e Pesquisas Educacionais (Inep) resolveu aderir \u00e0 iniciativa, com a abertura de concorr\u00eancia para 50 vagas ao cargo de pesquisador-tecnologista em informa\u00e7\u00f5es e avalia\u00e7\u00f5es educacionais.<img decoding=\"async\" data-src=\"https:\/\/agenciabrasil.ebc.com.br\/ebc.png?id=1562110&amp;o=node\" src=\"data:image\/svg+xml;base64,PHN2ZyB3aWR0aD0iMSIgaGVpZ2h0PSIxIiB4bWxucz0iaHR0cDovL3d3dy53My5vcmcvMjAwMC9zdmciPjwvc3ZnPg==\" class=\"lazyload\" \/><img decoding=\"async\" data-src=\"https:\/\/agenciabrasil.ebc.com.br\/ebc.gif?id=1562110&amp;o=node\" src=\"data:image\/svg+xml;base64,PHN2ZyB3aWR0aD0iMSIgaGVpZ2h0PSIxIiB4bWxucz0iaHR0cDovL3d3dy53My5vcmcvMjAwMC9zdmciPjwvc3ZnPg==\" class=\"lazyload\" \/><\/p>\n<p>Com a ades\u00e3o do Inep, 21 \u00f3rg\u00e3os e entidades ligadas ao governo federal\u00a0participar\u00e3o do novo modelo.<\/p>\n<p>Conforme o\u00a0<a href=\"http:\/\/https\/\/www.planalto.gov.br\/ccivil_03\/_ato2023-2026\/2023\/decreto\/D11722.htm\" target=\"_blank\" rel=\"noopener\">Decreto 11.722\/2023<\/a>, o concurso nacional ser\u00e1 realizado em um modo conjunto para sele\u00e7\u00e3o de candidatos a cargos p\u00fablicos efetivos, de \u00f3rg\u00e3os e entidades da Administra\u00e7\u00e3o P\u00fablica Federal direta, al\u00e9m de autarquias e funda\u00e7\u00f5es federais.<\/p>\n<p>Neste modelo in\u00e9dito no Brasil, as aprovas ser\u00e3o aplicadas simultaneamente, em 179 munic\u00edpios, de todos os estados e no Distrito Federal. A escolha das localidades considerou a densidade populacional, o raio de influ\u00eancia microrregional de cidades m\u00e9dias e grandes e as facilidades de acesso entre elas.<\/p>\n<p>De acordo com a ministra da Gest\u00e3o e da Inova\u00e7\u00e3o em Servi\u00e7os P\u00fablicos, Esther Dweck, o novo modelo democratiza o acesso ao servi\u00e7o p\u00fablico. \u201cA gente tem certeza que, ao fazer em mais cidades, o Estado brasileiro vai ter mais diversidade, vai captar pessoas excelentes, vai descobrir pessoas que, infelizmente, n\u00e3o t\u00eam recursos suficientes para viajar, mas que s\u00e3o pessoas maravilhosas para estar dentro do servi\u00e7o p\u00fablico brasileiro\u201d.<\/p>\n<p>Com o novo modelo, inspirado no Exame Nacional do Ensino M\u00e9dio (Enem), o governo federal pretende promover igualdade de oportunidades de acesso aos cargos p\u00fablicos efetivos; padronizar procedimentos na aplica\u00e7\u00e3o das provas; aprimorar os m\u00e9todos de sele\u00e7\u00e3o de servidores p\u00fablicos, de modo a priorizar as qualifica\u00e7\u00f5es necess\u00e1rias para o desempenho das atividades inerentes ao setor p\u00fablico; e zelar pelo princ\u00edpio da impessoalidade na sele\u00e7\u00e3o dos candidatos em todas as fases e etapas do concurso.<\/p>\n<h2>Cronograma<\/h2>\n<p>A publica\u00e7\u00e3o do edital do Concurso Nacional Unificado, no\u00a0<em>Di\u00e1rio Oficial da Uni\u00e3o<\/em>, est\u00e1 prevista para at\u00e9 20 de dezembro.<\/p>\n<p>No momento da inscri\u00e7\u00e3o, os interessados dever\u00e3o optar por um dos blocos das \u00e1reas de atua\u00e7\u00e3o governamental dispon\u00edveis no concurso. Depois desta escolha, o candidato dever\u00e1 indicar seu cargo\/carreira, por ordem de prefer\u00eancia entre as vagas dispon\u00edveis, no bloco escolhido.<\/p>\n<p>J\u00e1 a prova deve ser aplicada em 25 de fevereiro de 2024. Neste dia, ser\u00e3o realizadas as provas objetivas com matriz comum a todos os candidatos; provas espec\u00edficas e dissertativas, por \u00e1rea de atua\u00e7\u00e3o governamental.<\/p>\n<p>Os resultados gerais da primeira fase devem ser divulgados at\u00e9 abril do pr\u00f3ximo ano. Em seguida, entre os pr\u00f3ximos junho e julho, o minist\u00e9rio planeja o in\u00edcio dos cursos de forma\u00e7\u00e3o.<\/p>\n<\/div>\n<p class=\"alt-font font-italic my-2 small text-info\">Edi\u00e7\u00e3o: A\u00e9cio Amado<\/p>\n","protected":false},"excerpt":{"rendered":"<p>O Concurso Nacional Unificado, coordenado pelo Minist\u00e9rio da Gest\u00e3o e da Inova\u00e7\u00e3o em Servi\u00e7os P\u00fablicos (MGI), ter\u00e1, ao todo, 6.640 vagas. O n\u00famero\u00a0aumentou depois que o Instituto Nacional de Estudos e Pesquisas Educacionais (Inep) resolveu aderir \u00e0 iniciativa, com a abertura de concorr\u00eancia para 50 vagas ao cargo de pesquisador-tecnologista em informa\u00e7\u00f5es e avalia\u00e7\u00f5es educacionais. &hellip;<\/p>\n","protected":false},"author":1,"featured_media":1813,"comment_status":"closed","ping_status":"closed","sticky":false,"template":"","format":"standard","meta":{"footnotes":""},"categories":[30],"tags":[],"class_list":["post-1812","post","type-post","status-publish","format-standard","has-post-thumbnail","hentry","category-geral"],"yoast_head":"<!-- This site is optimized with the Yoast SEO plugin v27.4 - https:\/\/yoast.com\/product\/yoast-seo-wordpress\/ -->\n<title>Concurso nacional unificado: n\u00famero de vagas sobe para 6.640 - Transam\u00e9rica Mococa 93,3<\/title>\n<meta name=\"robots\" content=\"index, follow, max-snippet:-1, max-image-preview:large, max-video-preview:-1\" \/>\n<link rel=\"canonical\" href=\"https:\/\/transamerica93.com.br\/home\/concurso-nacional-unificado-numero-de-vagas-sobe-para-6-640\/\" \/>\n<meta property=\"og:locale\" content=\"pt_BR\" \/>\n<meta property=\"og:type\" content=\"article\" \/>\n<meta property=\"og:title\" content=\"Concurso nacional unificado: n\u00famero de vagas sobe para 6.640 - Transam\u00e9rica Mococa 93,3\" \/>\n<meta property=\"og:description\" content=\"O Concurso Nacional Unificado, coordenado pelo Minist\u00e9rio da Gest\u00e3o e da Inova\u00e7\u00e3o em Servi\u00e7os P\u00fablicos (MGI), ter\u00e1, ao todo, 6.640 vagas. O n\u00famero\u00a0aumentou depois que o Instituto Nacional de Estudos e Pesquisas Educacionais (Inep) resolveu aderir \u00e0 iniciativa, com a abertura de concorr\u00eancia para 50 vagas ao cargo de pesquisador-tecnologista em informa\u00e7\u00f5es e avalia\u00e7\u00f5es educacionais. &hellip;\" \/>\n<meta property=\"og:url\" content=\"https:\/\/transamerica93.com.br\/home\/concurso-nacional-unificado-numero-de-vagas-sobe-para-6-640\/\" \/>\n<meta property=\"og:site_name\" content=\"Transam\u00e9rica Mococa 93,3\" \/>\n<meta property=\"article:publisher\" content=\"https:\/\/www.facebook.com\/transamericamococa\" \/>\n<meta property=\"article:published_time\" content=\"2023-10-23T12:00:24+00:00\" \/>\n<meta property=\"og:image\" content=\"https:\/\/transamerica93.com.br\/home\/wp-content\/uploads\/2023\/10\/imagem-13.jpg\" \/>\n\t<meta property=\"og:image:width\" content=\"1170\" \/>\n\t<meta property=\"og:image:height\" content=\"700\" \/>\n\t<meta property=\"og:image:type\" content=\"image\/jpeg\" \/>\n<meta name=\"author\" content=\"Reda\u00e7\u00e3o\" \/>\n<meta name=\"twitter:card\" content=\"summary_large_image\" \/>\n<meta name=\"twitter:creator\" content=\"@transamerica933\" \/>\n<meta name=\"twitter:site\" content=\"@transamerica933\" \/>\n<meta name=\"twitter:label1\" content=\"Escrito por\" \/>\n\t<meta name=\"twitter:data1\" content=\"Reda\u00e7\u00e3o\" \/>\n\t<meta name=\"twitter:label2\" content=\"Est. tempo de leitura\" \/>\n\t<meta name=\"twitter:data2\" content=\"3 minutos\" \/>\n<script type=\"application\/ld+json\" class=\"yoast-schema-graph\">{\"@context\":\"https:\\\/\\\/schema.org\",\"@graph\":[{\"@type\":\"Article\",\"@id\":\"https:\\\/\\\/transamerica93.com.br\\\/home\\\/concurso-nacional-unificado-numero-de-vagas-sobe-para-6-640\\\/#article\",\"isPartOf\":{\"@id\":\"https:\\\/\\\/transamerica93.com.br\\\/home\\\/concurso-nacional-unificado-numero-de-vagas-sobe-para-6-640\\\/\"},\"author\":{\"name\":\"Reda\u00e7\u00e3o\",\"@id\":\"https:\\\/\\\/transamerica93.com.br\\\/home\\\/#\\\/schema\\\/person\\\/7fed7c99c0d4562efa8561bc0f543172\"},\"headline\":\"Concurso nacional unificado: n\u00famero de vagas sobe para 6.640\",\"datePublished\":\"2023-10-23T12:00:24+00:00\",\"mainEntityOfPage\":{\"@id\":\"https:\\\/\\\/transamerica93.com.br\\\/home\\\/concurso-nacional-unificado-numero-de-vagas-sobe-para-6-640\\\/\"},\"wordCount\":493,\"publisher\":{\"@id\":\"https:\\\/\\\/transamerica93.com.br\\\/home\\\/#organization\"},\"image\":{\"@id\":\"https:\\\/\\\/transamerica93.com.br\\\/home\\\/concurso-nacional-unificado-numero-de-vagas-sobe-para-6-640\\\/#primaryimage\"},\"thumbnailUrl\":\"https:\\\/\\\/transamerica93.com.br\\\/home\\\/wp-content\\\/uploads\\\/2023\\\/10\\\/imagem-13.jpg\",\"articleSection\":[\"Geral\"],\"inLanguage\":\"pt-BR\"},{\"@type\":\"WebPage\",\"@id\":\"https:\\\/\\\/transamerica93.com.br\\\/home\\\/concurso-nacional-unificado-numero-de-vagas-sobe-para-6-640\\\/\",\"url\":\"https:\\\/\\\/transamerica93.com.br\\\/home\\\/concurso-nacional-unificado-numero-de-vagas-sobe-para-6-640\\\/\",\"name\":\"Concurso nacional unificado: n\u00famero de vagas sobe para 6.640 - Transam\u00e9rica Mococa 93,3\",\"isPartOf\":{\"@id\":\"https:\\\/\\\/transamerica93.com.br\\\/home\\\/#website\"},\"primaryImageOfPage\":{\"@id\":\"https:\\\/\\\/transamerica93.com.br\\\/home\\\/concurso-nacional-unificado-numero-de-vagas-sobe-para-6-640\\\/#primaryimage\"},\"image\":{\"@id\":\"https:\\\/\\\/transamerica93.com.br\\\/home\\\/concurso-nacional-unificado-numero-de-vagas-sobe-para-6-640\\\/#primaryimage\"},\"thumbnailUrl\":\"https:\\\/\\\/transamerica93.com.br\\\/home\\\/wp-content\\\/uploads\\\/2023\\\/10\\\/imagem-13.jpg\",\"datePublished\":\"2023-10-23T12:00:24+00:00\",\"breadcrumb\":{\"@id\":\"https:\\\/\\\/transamerica93.com.br\\\/home\\\/concurso-nacional-unificado-numero-de-vagas-sobe-para-6-640\\\/#breadcrumb\"},\"inLanguage\":\"pt-BR\",\"potentialAction\":[{\"@type\":\"ReadAction\",\"target\":[\"https:\\\/\\\/transamerica93.com.br\\\/home\\\/concurso-nacional-unificado-numero-de-vagas-sobe-para-6-640\\\/\"]}]},{\"@type\":\"ImageObject\",\"inLanguage\":\"pt-BR\",\"@id\":\"https:\\\/\\\/transamerica93.com.br\\\/home\\\/concurso-nacional-unificado-numero-de-vagas-sobe-para-6-640\\\/#primaryimage\",\"url\":\"https:\\\/\\\/transamerica93.com.br\\\/home\\\/wp-content\\\/uploads\\\/2023\\\/10\\\/imagem-13.jpg\",\"contentUrl\":\"https:\\\/\\\/transamerica93.com.br\\\/home\\\/wp-content\\\/uploads\\\/2023\\\/10\\\/imagem-13.jpg\",\"width\":1170,\"height\":700,\"caption\":\"\u00a9 Rafa Neddermeyer\\\/Ag\u00eancia Brasil\"},{\"@type\":\"BreadcrumbList\",\"@id\":\"https:\\\/\\\/transamerica93.com.br\\\/home\\\/concurso-nacional-unificado-numero-de-vagas-sobe-para-6-640\\\/#breadcrumb\",\"itemListElement\":[{\"@type\":\"ListItem\",\"position\":1,\"name\":\"In\u00edcio\",\"item\":\"https:\\\/\\\/transamerica93.com.br\\\/home\\\/\"},{\"@type\":\"ListItem\",\"position\":2,\"name\":\"Concurso nacional unificado: n\u00famero de vagas sobe para 6.640\"}]},{\"@type\":\"WebSite\",\"@id\":\"https:\\\/\\\/transamerica93.com.br\\\/home\\\/#website\",\"url\":\"https:\\\/\\\/transamerica93.com.br\\\/home\\\/\",\"name\":\"Transam\u00e9rica Mococa 93,3\",\"description\":\"\",\"publisher\":{\"@id\":\"https:\\\/\\\/transamerica93.com.br\\\/home\\\/#organization\"},\"potentialAction\":[{\"@type\":\"SearchAction\",\"target\":{\"@type\":\"EntryPoint\",\"urlTemplate\":\"https:\\\/\\\/transamerica93.com.br\\\/home\\\/?s={search_term_string}\"},\"query-input\":{\"@type\":\"PropertyValueSpecification\",\"valueRequired\":true,\"valueName\":\"search_term_string\"}}],\"inLanguage\":\"pt-BR\"},{\"@type\":\"Organization\",\"@id\":\"https:\\\/\\\/transamerica93.com.br\\\/home\\\/#organization\",\"name\":\"Transam\u00e9rica Mococa 93,3\",\"url\":\"https:\\\/\\\/transamerica93.com.br\\\/home\\\/\",\"logo\":{\"@type\":\"ImageObject\",\"inLanguage\":\"pt-BR\",\"@id\":\"https:\\\/\\\/transamerica93.com.br\\\/home\\\/#\\\/schema\\\/logo\\\/image\\\/\",\"url\":\"https:\\\/\\\/transamerica93.com.br\\\/home\\\/wp-content\\\/uploads\\\/2023\\\/10\\\/logo2.png\",\"contentUrl\":\"https:\\\/\\\/transamerica93.com.br\\\/home\\\/wp-content\\\/uploads\\\/2023\\\/10\\\/logo2.png\",\"width\":800,\"height\":500,\"caption\":\"Transam\u00e9rica Mococa 93,3\"},\"image\":{\"@id\":\"https:\\\/\\\/transamerica93.com.br\\\/home\\\/#\\\/schema\\\/logo\\\/image\\\/\"},\"sameAs\":[\"https:\\\/\\\/www.facebook.com\\\/transamericamococa\",\"https:\\\/\\\/x.com\\\/transamerica933\",\"https:\\\/\\\/www.instagram.com\\\/transamericamococa\"]},{\"@type\":\"Person\",\"@id\":\"https:\\\/\\\/transamerica93.com.br\\\/home\\\/#\\\/schema\\\/person\\\/7fed7c99c0d4562efa8561bc0f543172\",\"name\":\"Reda\u00e7\u00e3o\",\"image\":{\"@type\":\"ImageObject\",\"inLanguage\":\"pt-BR\",\"@id\":\"https:\\\/\\\/secure.gravatar.com\\\/avatar\\\/1072c6b775fb02ef8506ce967551d95926669a6b7d2c2147b42eea4d7c68395e?s=96&d=mm&r=g\",\"url\":\"https:\\\/\\\/secure.gravatar.com\\\/avatar\\\/1072c6b775fb02ef8506ce967551d95926669a6b7d2c2147b42eea4d7c68395e?s=96&d=mm&r=g\",\"contentUrl\":\"https:\\\/\\\/secure.gravatar.com\\\/avatar\\\/1072c6b775fb02ef8506ce967551d95926669a6b7d2c2147b42eea4d7c68395e?s=96&d=mm&r=g\",\"caption\":\"Reda\u00e7\u00e3o\"},\"sameAs\":[\"https:\\\/\\\/transamerica93.com.br\\\/home\"],\"url\":\"https:\\\/\\\/transamerica93.com.br\\\/home\\\/author\\\/william\\\/\"}]}<\/script>\n<!-- \/ Yoast SEO plugin. -->","yoast_head_json":{"title":"Concurso nacional unificado: n\u00famero de vagas sobe para 6.640 - Transam\u00e9rica Mococa 93,3","robots":{"index":"index","follow":"follow","max-snippet":"max-snippet:-1","max-image-preview":"max-image-preview:large","max-video-preview":"max-video-preview:-1"},"canonical":"https:\/\/transamerica93.com.br\/home\/concurso-nacional-unificado-numero-de-vagas-sobe-para-6-640\/","og_locale":"pt_BR","og_type":"article","og_title":"Concurso nacional unificado: n\u00famero de vagas sobe para 6.640 - Transam\u00e9rica Mococa 93,3","og_description":"O Concurso Nacional Unificado, coordenado pelo Minist\u00e9rio da Gest\u00e3o e da Inova\u00e7\u00e3o em Servi\u00e7os P\u00fablicos (MGI), ter\u00e1, ao todo, 6.640 vagas. O n\u00famero\u00a0aumentou depois que o Instituto Nacional de Estudos e Pesquisas Educacionais (Inep) resolveu aderir \u00e0 iniciativa, com a abertura de concorr\u00eancia para 50 vagas ao cargo de pesquisador-tecnologista em informa\u00e7\u00f5es e avalia\u00e7\u00f5es educacionais. &hellip;","og_url":"https:\/\/transamerica93.com.br\/home\/concurso-nacional-unificado-numero-de-vagas-sobe-para-6-640\/","og_site_name":"Transam\u00e9rica Mococa 93,3","article_publisher":"https:\/\/www.facebook.com\/transamericamococa","article_published_time":"2023-10-23T12:00:24+00:00","og_image":[{"width":1170,"height":700,"url":"https:\/\/transamerica93.com.br\/home\/wp-content\/uploads\/2023\/10\/imagem-13.jpg","type":"image\/jpeg"}],"author":"Reda\u00e7\u00e3o","twitter_card":"summary_large_image","twitter_creator":"@transamerica933","twitter_site":"@transamerica933","twitter_misc":{"Escrito por":"Reda\u00e7\u00e3o","Est. tempo de leitura":"3 minutos"},"schema":{"@context":"https:\/\/schema.org","@graph":[{"@type":"Article","@id":"https:\/\/transamerica93.com.br\/home\/concurso-nacional-unificado-numero-de-vagas-sobe-para-6-640\/#article","isPartOf":{"@id":"https:\/\/transamerica93.com.br\/home\/concurso-nacional-unificado-numero-de-vagas-sobe-para-6-640\/"},"author":{"name":"Reda\u00e7\u00e3o","@id":"https:\/\/transamerica93.com.br\/home\/#\/schema\/person\/7fed7c99c0d4562efa8561bc0f543172"},"headline":"Concurso nacional unificado: n\u00famero de vagas sobe para 6.640","datePublished":"2023-10-23T12:00:24+00:00","mainEntityOfPage":{"@id":"https:\/\/transamerica93.com.br\/home\/concurso-nacional-unificado-numero-de-vagas-sobe-para-6-640\/"},"wordCount":493,"publisher":{"@id":"https:\/\/transamerica93.com.br\/home\/#organization"},"image":{"@id":"https:\/\/transamerica93.com.br\/home\/concurso-nacional-unificado-numero-de-vagas-sobe-para-6-640\/#primaryimage"},"thumbnailUrl":"https:\/\/transamerica93.com.br\/home\/wp-content\/uploads\/2023\/10\/imagem-13.jpg","articleSection":["Geral"],"inLanguage":"pt-BR"},{"@type":"WebPage","@id":"https:\/\/transamerica93.com.br\/home\/concurso-nacional-unificado-numero-de-vagas-sobe-para-6-640\/","url":"https:\/\/transamerica93.com.br\/home\/concurso-nacional-unificado-numero-de-vagas-sobe-para-6-640\/","name":"Concurso nacional unificado: n\u00famero de vagas sobe para 6.640 - Transam\u00e9rica Mococa 93,3","isPartOf":{"@id":"https:\/\/transamerica93.com.br\/home\/#website"},"primaryImageOfPage":{"@id":"https:\/\/transamerica93.com.br\/home\/concurso-nacional-unificado-numero-de-vagas-sobe-para-6-640\/#primaryimage"},"image":{"@id":"https:\/\/transamerica93.com.br\/home\/concurso-nacional-unificado-numero-de-vagas-sobe-para-6-640\/#primaryimage"},"thumbnailUrl":"https:\/\/transamerica93.com.br\/home\/wp-content\/uploads\/2023\/10\/imagem-13.jpg","datePublished":"2023-10-23T12:00:24+00:00","breadcrumb":{"@id":"https:\/\/transamerica93.com.br\/home\/concurso-nacional-unificado-numero-de-vagas-sobe-para-6-640\/#breadcrumb"},"inLanguage":"pt-BR","potentialAction":[{"@type":"ReadAction","target":["https:\/\/transamerica93.com.br\/home\/concurso-nacional-unificado-numero-de-vagas-sobe-para-6-640\/"]}]},{"@type":"ImageObject","inLanguage":"pt-BR","@id":"https:\/\/transamerica93.com.br\/home\/concurso-nacional-unificado-numero-de-vagas-sobe-para-6-640\/#primaryimage","url":"https:\/\/transamerica93.com.br\/home\/wp-content\/uploads\/2023\/10\/imagem-13.jpg","contentUrl":"https:\/\/transamerica93.com.br\/home\/wp-content\/uploads\/2023\/10\/imagem-13.jpg","width":1170,"height":700,"caption":"\u00a9 Rafa Neddermeyer\/Ag\u00eancia Brasil"},{"@type":"BreadcrumbList","@id":"https:\/\/transamerica93.com.br\/home\/concurso-nacional-unificado-numero-de-vagas-sobe-para-6-640\/#breadcrumb","itemListElement":[{"@type":"ListItem","position":1,"name":"In\u00edcio","item":"https:\/\/transamerica93.com.br\/home\/"},{"@type":"ListItem","position":2,"name":"Concurso nacional unificado: n\u00famero de vagas sobe para 6.640"}]},{"@type":"WebSite","@id":"https:\/\/transamerica93.com.br\/home\/#website","url":"https:\/\/transamerica93.com.br\/home\/","name":"Transam\u00e9rica Mococa 93,3","description":"","publisher":{"@id":"https:\/\/transamerica93.com.br\/home\/#organization"},"potentialAction":[{"@type":"SearchAction","target":{"@type":"EntryPoint","urlTemplate":"https:\/\/transamerica93.com.br\/home\/?s={search_term_string}"},"query-input":{"@type":"PropertyValueSpecification","valueRequired":true,"valueName":"search_term_string"}}],"inLanguage":"pt-BR"},{"@type":"Organization","@id":"https:\/\/transamerica93.com.br\/home\/#organization","name":"Transam\u00e9rica Mococa 93,3","url":"https:\/\/transamerica93.com.br\/home\/","logo":{"@type":"ImageObject","inLanguage":"pt-BR","@id":"https:\/\/transamerica93.com.br\/home\/#\/schema\/logo\/image\/","url":"https:\/\/transamerica93.com.br\/home\/wp-content\/uploads\/2023\/10\/logo2.png","contentUrl":"https:\/\/transamerica93.com.br\/home\/wp-content\/uploads\/2023\/10\/logo2.png","width":800,"height":500,"caption":"Transam\u00e9rica Mococa 93,3"},"image":{"@id":"https:\/\/transamerica93.com.br\/home\/#\/schema\/logo\/image\/"},"sameAs":["https:\/\/www.facebook.com\/transamericamococa","https:\/\/x.com\/transamerica933","https:\/\/www.instagram.com\/transamericamococa"]},{"@type":"Person","@id":"https:\/\/transamerica93.com.br\/home\/#\/schema\/person\/7fed7c99c0d4562efa8561bc0f543172","name":"Reda\u00e7\u00e3o","image":{"@type":"ImageObject","inLanguage":"pt-BR","@id":"https:\/\/secure.gravatar.com\/avatar\/1072c6b775fb02ef8506ce967551d95926669a6b7d2c2147b42eea4d7c68395e?s=96&d=mm&r=g","url":"https:\/\/secure.gravatar.com\/avatar\/1072c6b775fb02ef8506ce967551d95926669a6b7d2c2147b42eea4d7c68395e?s=96&d=mm&r=g","contentUrl":"https:\/\/secure.gravatar.com\/avatar\/1072c6b775fb02ef8506ce967551d95926669a6b7d2c2147b42eea4d7c68395e?s=96&d=mm&r=g","caption":"Reda\u00e7\u00e3o"},"sameAs":["https:\/\/transamerica93.com.br\/home"],"url":"https:\/\/transamerica93.com.br\/home\/author\/william\/"}]}},"_links":{"self":[{"href":"https:\/\/transamerica93.com.br\/home\/wp-json\/wp\/v2\/posts\/1812","targetHints":{"allow":["GET"]}}],"collection":[{"href":"https:\/\/transamerica93.com.br\/home\/wp-json\/wp\/v2\/posts"}],"about":[{"href":"https:\/\/transamerica93.com.br\/home\/wp-json\/wp\/v2\/types\/post"}],"author":[{"embeddable":true,"href":"https:\/\/transamerica93.com.br\/home\/wp-json\/wp\/v2\/users\/1"}],"replies":[{"embeddable":true,"href":"https:\/\/transamerica93.com.br\/home\/wp-json\/wp\/v2\/comments?post=1812"}],"version-history":[{"count":1,"href":"https:\/\/transamerica93.com.br\/home\/wp-json\/wp\/v2\/posts\/1812\/revisions"}],"predecessor-version":[{"id":1814,"href":"https:\/\/transamerica93.com.br\/home\/wp-json\/wp\/v2\/posts\/1812\/revisions\/1814"}],"wp:featuredmedia":[{"embeddable":true,"href":"https:\/\/transamerica93.com.br\/home\/wp-json\/wp\/v2\/media\/1813"}],"wp:attachment":[{"href":"https:\/\/transamerica93.com.br\/home\/wp-json\/wp\/v2\/media?parent=1812"}],"wp:term":[{"taxonomy":"category","embeddable":true,"href":"https:\/\/transamerica93.com.br\/home\/wp-json\/wp\/v2\/categories?post=1812"},{"taxonomy":"post_tag","embeddable":true,"href":"https:\/\/transamerica93.com.br\/home\/wp-json\/wp\/v2\/tags?post=1812"}],"curies":[{"name":"wp","href":"https:\/\/api.w.org\/{rel}","templated":true}]}}