{"id":1842,"date":"2023-10-22T11:42:20","date_gmt":"2023-10-22T14:42:20","guid":{"rendered":"https:\/\/transamerica93.com.br\/home\/?p=1842"},"modified":"2023-10-22T11:42:20","modified_gmt":"2023-10-22T14:42:20","slug":"cartao-de-confirmacao-do-enem-sera-disponibilizado-terca-feira","status":"publish","type":"post","link":"https:\/\/transamerica93.com.br\/home\/cartao-de-confirmacao-do-enem-sera-disponibilizado-terca-feira\/","title":{"rendered":"Cart\u00e3o de confirma\u00e7\u00e3o do Enem ser\u00e1 disponibilizado ter\u00e7a-feira"},"content":{"rendered":"<div class=\"post-item-wrap\">\n<p>O Instituto Nacional de Estudos e Pesquisas Educacionais An\u00edsio Teixeira (Inep), vinculado ao Minist\u00e9rio da Educa\u00e7\u00e3o, disponibilizar\u00e1, na ter\u00e7a-feira (24), o Cart\u00e3o de Confirma\u00e7\u00e3o de Inscri\u00e7\u00e3o do Exame Nacional do Ensino M\u00e9dio (Enem) 2023, na<a href=\"https:\/\/www.enem.inep.gov.br\/participante\/#!\/\" target=\"_blank\" rel=\"noopener\">\u00a0P\u00e1gina do Participante<\/a>.<img decoding=\"async\" data-src=\"https:\/\/agenciabrasil.ebc.com.br\/ebc.png?id=1562150&amp;o=node\" src=\"data:image\/svg+xml;base64,PHN2ZyB3aWR0aD0iMSIgaGVpZ2h0PSIxIiB4bWxucz0iaHR0cDovL3d3dy53My5vcmcvMjAwMC9zdmciPjwvc3ZnPg==\" class=\"lazyload\" \/><img decoding=\"async\" data-src=\"https:\/\/agenciabrasil.ebc.com.br\/ebc.gif?id=1562150&amp;o=node\" src=\"data:image\/svg+xml;base64,PHN2ZyB3aWR0aD0iMSIgaGVpZ2h0PSIxIiB4bWxucz0iaHR0cDovL3d3dy53My5vcmcvMjAwMC9zdmciPjwvc3ZnPg==\" class=\"lazyload\" \/><\/p>\n<p>O documento traz as informa\u00e7\u00f5es do n\u00famero de inscri\u00e7\u00e3o, data, hora e local de prova, al\u00e9m de registrar se a pessoa dever\u00e1 contar com atendimento especializado ou tratamento por nome social. \u00a0Apesar de n\u00e3o ser obrigat\u00f3rio, o Inep recomenda levar o cart\u00e3o nos dias do exame, que ser\u00e1 realizado em 5 e 12 de novembro.<\/p>\n<p>Para acess\u00e1-lo \u00e9 preciso utilizar o\u00a0<a href=\"https:\/\/sso.acesso.gov.br\/login?client_id=www.gov.br&amp;authorization_id=18b53ffc573%C2%A0\" target=\"_blank\" rel=\"noopener\"><em>login<\/em>\u00a0\u00fanico<\/a>\u00a0da plataforma Gov.br, digitar o n\u00famero do Cadastro de Pessoa F\u00edsica (CPF) e a senha cadastrada.<\/p>\n<h2>Enem<\/h2>\n<p>H\u00e1 mais de duas d\u00e9cadas, o Enem avalia o desempenho escolar dos estudantes ao t\u00e9rmino da educa\u00e7\u00e3o b\u00e1sica, no fim do 3\u00ba ano do ensino m\u00e9dio. O exame \u00e9 a principal porta de entrada para a educa\u00e7\u00e3o superior no Brasil, por meio do Sistema de Sele\u00e7\u00e3o Unificada (Sisu) e de iniciativas como o Programa Universidade para Todos (Prouni).<\/p>\n<p>Institui\u00e7\u00f5es de ensino p\u00fablicas e privadas consideram os resultados objetivos obtidos pelos inscritos no Enem nos processos seletivos para dar acesso ao ensino superior\u00a0no Brasil.<\/p>\n<p>As notas do Enem tamb\u00e9m servem de par\u00e2metro para acesso a aux\u00edlios governamentais, como o Fundo de Financiamento Estudantil (Fies), que financia a gradua\u00e7\u00e3o de estudantes matriculados em cursos presenciais n\u00e3o gratuitos.<\/p>\n<p>Em Portugal tamb\u00e9m, algumas institui\u00e7\u00f5es que t\u00eam\u00a0conv\u00eanio com o Inep\u00a0aceitam as notas do exame para o ingresso de estudantes brasileiros interessados em cursar a educa\u00e7\u00e3o superior no pa\u00eds.<\/p>\n<p>Para mais informa\u00e7\u00f5es, acesse o\u00a0<a href=\"https:\/\/www.in.gov.br\/en\/web\/dou\/-\/edital-n-30-de-5-de-maio-de-2023-481632388\" target=\"_blank\" rel=\"noopener\">edital do Enem 2023<\/a>.<\/p>\n<p><em>*Com informa\u00e7\u00f5es do Inep.<\/em><\/p>\n<\/div>\n<p class=\"alt-font font-italic my-2 small text-info\">Edi\u00e7\u00e3o: Gra\u00e7a Adjuto<\/p>\n","protected":false},"excerpt":{"rendered":"<p>O Instituto Nacional de Estudos e Pesquisas Educacionais An\u00edsio Teixeira (Inep), vinculado ao Minist\u00e9rio da Educa\u00e7\u00e3o, disponibilizar\u00e1, na ter\u00e7a-feira (24), o Cart\u00e3o de Confirma\u00e7\u00e3o de Inscri\u00e7\u00e3o do Exame Nacional do Ensino M\u00e9dio (Enem) 2023, na\u00a0P\u00e1gina do Participante. O documento traz as informa\u00e7\u00f5es do n\u00famero de inscri\u00e7\u00e3o, data, hora e local de prova, al\u00e9m de registrar &hellip;<\/p>\n","protected":false},"author":1,"featured_media":1843,"comment_status":"closed","ping_status":"closed","sticky":false,"template":"","format":"standard","meta":{"footnotes":""},"categories":[30],"tags":[],"class_list":["post-1842","post","type-post","status-publish","format-standard","has-post-thumbnail","hentry","category-geral"],"yoast_head":"<!-- This site is optimized with the Yoast SEO plugin v27.4 - https:\/\/yoast.com\/product\/yoast-seo-wordpress\/ -->\n<title>Cart\u00e3o de confirma\u00e7\u00e3o do Enem ser\u00e1 disponibilizado ter\u00e7a-feira - Transam\u00e9rica Mococa 93,3<\/title>\n<meta name=\"robots\" content=\"index, follow, max-snippet:-1, max-image-preview:large, max-video-preview:-1\" \/>\n<link rel=\"canonical\" href=\"https:\/\/transamerica93.com.br\/home\/cartao-de-confirmacao-do-enem-sera-disponibilizado-terca-feira\/\" \/>\n<meta property=\"og:locale\" content=\"pt_BR\" \/>\n<meta property=\"og:type\" content=\"article\" \/>\n<meta property=\"og:title\" content=\"Cart\u00e3o de confirma\u00e7\u00e3o do Enem ser\u00e1 disponibilizado ter\u00e7a-feira - Transam\u00e9rica Mococa 93,3\" \/>\n<meta property=\"og:description\" content=\"O Instituto Nacional de Estudos e Pesquisas Educacionais An\u00edsio Teixeira (Inep), vinculado ao Minist\u00e9rio da Educa\u00e7\u00e3o, disponibilizar\u00e1, na ter\u00e7a-feira (24), o Cart\u00e3o de Confirma\u00e7\u00e3o de Inscri\u00e7\u00e3o do Exame Nacional do Ensino M\u00e9dio (Enem) 2023, na\u00a0P\u00e1gina do Participante. O documento traz as informa\u00e7\u00f5es do n\u00famero de inscri\u00e7\u00e3o, data, hora e local de prova, al\u00e9m de registrar &hellip;\" \/>\n<meta property=\"og:url\" content=\"https:\/\/transamerica93.com.br\/home\/cartao-de-confirmacao-do-enem-sera-disponibilizado-terca-feira\/\" \/>\n<meta property=\"og:site_name\" content=\"Transam\u00e9rica Mococa 93,3\" \/>\n<meta property=\"article:publisher\" content=\"https:\/\/www.facebook.com\/transamericamococa\" \/>\n<meta property=\"article:published_time\" content=\"2023-10-22T14:42:20+00:00\" \/>\n<meta property=\"og:image\" content=\"https:\/\/transamerica93.com.br\/home\/wp-content\/uploads\/2023\/10\/enem_2020_prova_mcajr_2401214012236.jpg\" \/>\n\t<meta property=\"og:image:width\" content=\"1170\" \/>\n\t<meta property=\"og:image:height\" content=\"700\" \/>\n\t<meta property=\"og:image:type\" content=\"image\/jpeg\" \/>\n<meta name=\"author\" content=\"Reda\u00e7\u00e3o\" \/>\n<meta name=\"twitter:card\" content=\"summary_large_image\" \/>\n<meta name=\"twitter:creator\" content=\"@transamerica933\" \/>\n<meta name=\"twitter:site\" content=\"@transamerica933\" \/>\n<meta name=\"twitter:label1\" content=\"Escrito por\" \/>\n\t<meta name=\"twitter:data1\" content=\"Reda\u00e7\u00e3o\" \/>\n<script type=\"application\/ld+json\" class=\"yoast-schema-graph\">{\"@context\":\"https:\\\/\\\/schema.org\",\"@graph\":[{\"@type\":\"Article\",\"@id\":\"https:\\\/\\\/transamerica93.com.br\\\/home\\\/cartao-de-confirmacao-do-enem-sera-disponibilizado-terca-feira\\\/#article\",\"isPartOf\":{\"@id\":\"https:\\\/\\\/transamerica93.com.br\\\/home\\\/cartao-de-confirmacao-do-enem-sera-disponibilizado-terca-feira\\\/\"},\"author\":{\"name\":\"Reda\u00e7\u00e3o\",\"@id\":\"https:\\\/\\\/transamerica93.com.br\\\/home\\\/#\\\/schema\\\/person\\\/7fed7c99c0d4562efa8561bc0f543172\"},\"headline\":\"Cart\u00e3o de confirma\u00e7\u00e3o do Enem ser\u00e1 disponibilizado ter\u00e7a-feira\",\"datePublished\":\"2023-10-22T14:42:20+00:00\",\"mainEntityOfPage\":{\"@id\":\"https:\\\/\\\/transamerica93.com.br\\\/home\\\/cartao-de-confirmacao-do-enem-sera-disponibilizado-terca-feira\\\/\"},\"wordCount\":327,\"publisher\":{\"@id\":\"https:\\\/\\\/transamerica93.com.br\\\/home\\\/#organization\"},\"image\":{\"@id\":\"https:\\\/\\\/transamerica93.com.br\\\/home\\\/cartao-de-confirmacao-do-enem-sera-disponibilizado-terca-feira\\\/#primaryimage\"},\"thumbnailUrl\":\"https:\\\/\\\/transamerica93.com.br\\\/home\\\/wp-content\\\/uploads\\\/2023\\\/10\\\/enem_2020_prova_mcajr_2401214012236.jpg\",\"articleSection\":[\"Geral\"],\"inLanguage\":\"pt-BR\"},{\"@type\":\"WebPage\",\"@id\":\"https:\\\/\\\/transamerica93.com.br\\\/home\\\/cartao-de-confirmacao-do-enem-sera-disponibilizado-terca-feira\\\/\",\"url\":\"https:\\\/\\\/transamerica93.com.br\\\/home\\\/cartao-de-confirmacao-do-enem-sera-disponibilizado-terca-feira\\\/\",\"name\":\"Cart\u00e3o de confirma\u00e7\u00e3o do Enem ser\u00e1 disponibilizado ter\u00e7a-feira - Transam\u00e9rica Mococa 93,3\",\"isPartOf\":{\"@id\":\"https:\\\/\\\/transamerica93.com.br\\\/home\\\/#website\"},\"primaryImageOfPage\":{\"@id\":\"https:\\\/\\\/transamerica93.com.br\\\/home\\\/cartao-de-confirmacao-do-enem-sera-disponibilizado-terca-feira\\\/#primaryimage\"},\"image\":{\"@id\":\"https:\\\/\\\/transamerica93.com.br\\\/home\\\/cartao-de-confirmacao-do-enem-sera-disponibilizado-terca-feira\\\/#primaryimage\"},\"thumbnailUrl\":\"https:\\\/\\\/transamerica93.com.br\\\/home\\\/wp-content\\\/uploads\\\/2023\\\/10\\\/enem_2020_prova_mcajr_2401214012236.jpg\",\"datePublished\":\"2023-10-22T14:42:20+00:00\",\"breadcrumb\":{\"@id\":\"https:\\\/\\\/transamerica93.com.br\\\/home\\\/cartao-de-confirmacao-do-enem-sera-disponibilizado-terca-feira\\\/#breadcrumb\"},\"inLanguage\":\"pt-BR\",\"potentialAction\":[{\"@type\":\"ReadAction\",\"target\":[\"https:\\\/\\\/transamerica93.com.br\\\/home\\\/cartao-de-confirmacao-do-enem-sera-disponibilizado-terca-feira\\\/\"]}]},{\"@type\":\"ImageObject\",\"inLanguage\":\"pt-BR\",\"@id\":\"https:\\\/\\\/transamerica93.com.br\\\/home\\\/cartao-de-confirmacao-do-enem-sera-disponibilizado-terca-feira\\\/#primaryimage\",\"url\":\"https:\\\/\\\/transamerica93.com.br\\\/home\\\/wp-content\\\/uploads\\\/2023\\\/10\\\/enem_2020_prova_mcajr_2401214012236.jpg\",\"contentUrl\":\"https:\\\/\\\/transamerica93.com.br\\\/home\\\/wp-content\\\/uploads\\\/2023\\\/10\\\/enem_2020_prova_mcajr_2401214012236.jpg\",\"width\":1170,\"height\":700,\"caption\":\"\u00a9 Marcello Casal JrAg\u00eancia Brasil\"},{\"@type\":\"BreadcrumbList\",\"@id\":\"https:\\\/\\\/transamerica93.com.br\\\/home\\\/cartao-de-confirmacao-do-enem-sera-disponibilizado-terca-feira\\\/#breadcrumb\",\"itemListElement\":[{\"@type\":\"ListItem\",\"position\":1,\"name\":\"In\u00edcio\",\"item\":\"https:\\\/\\\/transamerica93.com.br\\\/home\\\/\"},{\"@type\":\"ListItem\",\"position\":2,\"name\":\"Cart\u00e3o de confirma\u00e7\u00e3o do Enem ser\u00e1 disponibilizado ter\u00e7a-feira\"}]},{\"@type\":\"WebSite\",\"@id\":\"https:\\\/\\\/transamerica93.com.br\\\/home\\\/#website\",\"url\":\"https:\\\/\\\/transamerica93.com.br\\\/home\\\/\",\"name\":\"Transam\u00e9rica Mococa 93,3\",\"description\":\"\",\"publisher\":{\"@id\":\"https:\\\/\\\/transamerica93.com.br\\\/home\\\/#organization\"},\"potentialAction\":[{\"@type\":\"SearchAction\",\"target\":{\"@type\":\"EntryPoint\",\"urlTemplate\":\"https:\\\/\\\/transamerica93.com.br\\\/home\\\/?s={search_term_string}\"},\"query-input\":{\"@type\":\"PropertyValueSpecification\",\"valueRequired\":true,\"valueName\":\"search_term_string\"}}],\"inLanguage\":\"pt-BR\"},{\"@type\":\"Organization\",\"@id\":\"https:\\\/\\\/transamerica93.com.br\\\/home\\\/#organization\",\"name\":\"Transam\u00e9rica Mococa 93,3\",\"url\":\"https:\\\/\\\/transamerica93.com.br\\\/home\\\/\",\"logo\":{\"@type\":\"ImageObject\",\"inLanguage\":\"pt-BR\",\"@id\":\"https:\\\/\\\/transamerica93.com.br\\\/home\\\/#\\\/schema\\\/logo\\\/image\\\/\",\"url\":\"https:\\\/\\\/transamerica93.com.br\\\/home\\\/wp-content\\\/uploads\\\/2023\\\/10\\\/logo2.png\",\"contentUrl\":\"https:\\\/\\\/transamerica93.com.br\\\/home\\\/wp-content\\\/uploads\\\/2023\\\/10\\\/logo2.png\",\"width\":800,\"height\":500,\"caption\":\"Transam\u00e9rica Mococa 93,3\"},\"image\":{\"@id\":\"https:\\\/\\\/transamerica93.com.br\\\/home\\\/#\\\/schema\\\/logo\\\/image\\\/\"},\"sameAs\":[\"https:\\\/\\\/www.facebook.com\\\/transamericamococa\",\"https:\\\/\\\/x.com\\\/transamerica933\",\"https:\\\/\\\/www.instagram.com\\\/transamericamococa\"]},{\"@type\":\"Person\",\"@id\":\"https:\\\/\\\/transamerica93.com.br\\\/home\\\/#\\\/schema\\\/person\\\/7fed7c99c0d4562efa8561bc0f543172\",\"name\":\"Reda\u00e7\u00e3o\",\"image\":{\"@type\":\"ImageObject\",\"inLanguage\":\"pt-BR\",\"@id\":\"https:\\\/\\\/secure.gravatar.com\\\/avatar\\\/1072c6b775fb02ef8506ce967551d95926669a6b7d2c2147b42eea4d7c68395e?s=96&d=mm&r=g\",\"url\":\"https:\\\/\\\/secure.gravatar.com\\\/avatar\\\/1072c6b775fb02ef8506ce967551d95926669a6b7d2c2147b42eea4d7c68395e?s=96&d=mm&r=g\",\"contentUrl\":\"https:\\\/\\\/secure.gravatar.com\\\/avatar\\\/1072c6b775fb02ef8506ce967551d95926669a6b7d2c2147b42eea4d7c68395e?s=96&d=mm&r=g\",\"caption\":\"Reda\u00e7\u00e3o\"},\"sameAs\":[\"https:\\\/\\\/transamerica93.com.br\\\/home\"],\"url\":\"https:\\\/\\\/transamerica93.com.br\\\/home\\\/author\\\/william\\\/\"}]}<\/script>\n<!-- \/ Yoast SEO plugin. -->","yoast_head_json":{"title":"Cart\u00e3o de confirma\u00e7\u00e3o do Enem ser\u00e1 disponibilizado ter\u00e7a-feira - Transam\u00e9rica Mococa 93,3","robots":{"index":"index","follow":"follow","max-snippet":"max-snippet:-1","max-image-preview":"max-image-preview:large","max-video-preview":"max-video-preview:-1"},"canonical":"https:\/\/transamerica93.com.br\/home\/cartao-de-confirmacao-do-enem-sera-disponibilizado-terca-feira\/","og_locale":"pt_BR","og_type":"article","og_title":"Cart\u00e3o de confirma\u00e7\u00e3o do Enem ser\u00e1 disponibilizado ter\u00e7a-feira - Transam\u00e9rica Mococa 93,3","og_description":"O Instituto Nacional de Estudos e Pesquisas Educacionais An\u00edsio Teixeira (Inep), vinculado ao Minist\u00e9rio da Educa\u00e7\u00e3o, disponibilizar\u00e1, na ter\u00e7a-feira (24), o Cart\u00e3o de Confirma\u00e7\u00e3o de Inscri\u00e7\u00e3o do Exame Nacional do Ensino M\u00e9dio (Enem) 2023, na\u00a0P\u00e1gina do Participante. O documento traz as informa\u00e7\u00f5es do n\u00famero de inscri\u00e7\u00e3o, data, hora e local de prova, al\u00e9m de registrar &hellip;","og_url":"https:\/\/transamerica93.com.br\/home\/cartao-de-confirmacao-do-enem-sera-disponibilizado-terca-feira\/","og_site_name":"Transam\u00e9rica Mococa 93,3","article_publisher":"https:\/\/www.facebook.com\/transamericamococa","article_published_time":"2023-10-22T14:42:20+00:00","og_image":[{"width":1170,"height":700,"url":"https:\/\/transamerica93.com.br\/home\/wp-content\/uploads\/2023\/10\/enem_2020_prova_mcajr_2401214012236.jpg","type":"image\/jpeg"}],"author":"Reda\u00e7\u00e3o","twitter_card":"summary_large_image","twitter_creator":"@transamerica933","twitter_site":"@transamerica933","twitter_misc":{"Escrito por":"Reda\u00e7\u00e3o"},"schema":{"@context":"https:\/\/schema.org","@graph":[{"@type":"Article","@id":"https:\/\/transamerica93.com.br\/home\/cartao-de-confirmacao-do-enem-sera-disponibilizado-terca-feira\/#article","isPartOf":{"@id":"https:\/\/transamerica93.com.br\/home\/cartao-de-confirmacao-do-enem-sera-disponibilizado-terca-feira\/"},"author":{"name":"Reda\u00e7\u00e3o","@id":"https:\/\/transamerica93.com.br\/home\/#\/schema\/person\/7fed7c99c0d4562efa8561bc0f543172"},"headline":"Cart\u00e3o de confirma\u00e7\u00e3o do Enem ser\u00e1 disponibilizado ter\u00e7a-feira","datePublished":"2023-10-22T14:42:20+00:00","mainEntityOfPage":{"@id":"https:\/\/transamerica93.com.br\/home\/cartao-de-confirmacao-do-enem-sera-disponibilizado-terca-feira\/"},"wordCount":327,"publisher":{"@id":"https:\/\/transamerica93.com.br\/home\/#organization"},"image":{"@id":"https:\/\/transamerica93.com.br\/home\/cartao-de-confirmacao-do-enem-sera-disponibilizado-terca-feira\/#primaryimage"},"thumbnailUrl":"https:\/\/transamerica93.com.br\/home\/wp-content\/uploads\/2023\/10\/enem_2020_prova_mcajr_2401214012236.jpg","articleSection":["Geral"],"inLanguage":"pt-BR"},{"@type":"WebPage","@id":"https:\/\/transamerica93.com.br\/home\/cartao-de-confirmacao-do-enem-sera-disponibilizado-terca-feira\/","url":"https:\/\/transamerica93.com.br\/home\/cartao-de-confirmacao-do-enem-sera-disponibilizado-terca-feira\/","name":"Cart\u00e3o de confirma\u00e7\u00e3o do Enem ser\u00e1 disponibilizado ter\u00e7a-feira - Transam\u00e9rica Mococa 93,3","isPartOf":{"@id":"https:\/\/transamerica93.com.br\/home\/#website"},"primaryImageOfPage":{"@id":"https:\/\/transamerica93.com.br\/home\/cartao-de-confirmacao-do-enem-sera-disponibilizado-terca-feira\/#primaryimage"},"image":{"@id":"https:\/\/transamerica93.com.br\/home\/cartao-de-confirmacao-do-enem-sera-disponibilizado-terca-feira\/#primaryimage"},"thumbnailUrl":"https:\/\/transamerica93.com.br\/home\/wp-content\/uploads\/2023\/10\/enem_2020_prova_mcajr_2401214012236.jpg","datePublished":"2023-10-22T14:42:20+00:00","breadcrumb":{"@id":"https:\/\/transamerica93.com.br\/home\/cartao-de-confirmacao-do-enem-sera-disponibilizado-terca-feira\/#breadcrumb"},"inLanguage":"pt-BR","potentialAction":[{"@type":"ReadAction","target":["https:\/\/transamerica93.com.br\/home\/cartao-de-confirmacao-do-enem-sera-disponibilizado-terca-feira\/"]}]},{"@type":"ImageObject","inLanguage":"pt-BR","@id":"https:\/\/transamerica93.com.br\/home\/cartao-de-confirmacao-do-enem-sera-disponibilizado-terca-feira\/#primaryimage","url":"https:\/\/transamerica93.com.br\/home\/wp-content\/uploads\/2023\/10\/enem_2020_prova_mcajr_2401214012236.jpg","contentUrl":"https:\/\/transamerica93.com.br\/home\/wp-content\/uploads\/2023\/10\/enem_2020_prova_mcajr_2401214012236.jpg","width":1170,"height":700,"caption":"\u00a9 Marcello Casal JrAg\u00eancia Brasil"},{"@type":"BreadcrumbList","@id":"https:\/\/transamerica93.com.br\/home\/cartao-de-confirmacao-do-enem-sera-disponibilizado-terca-feira\/#breadcrumb","itemListElement":[{"@type":"ListItem","position":1,"name":"In\u00edcio","item":"https:\/\/transamerica93.com.br\/home\/"},{"@type":"ListItem","position":2,"name":"Cart\u00e3o de confirma\u00e7\u00e3o do Enem ser\u00e1 disponibilizado ter\u00e7a-feira"}]},{"@type":"WebSite","@id":"https:\/\/transamerica93.com.br\/home\/#website","url":"https:\/\/transamerica93.com.br\/home\/","name":"Transam\u00e9rica Mococa 93,3","description":"","publisher":{"@id":"https:\/\/transamerica93.com.br\/home\/#organization"},"potentialAction":[{"@type":"SearchAction","target":{"@type":"EntryPoint","urlTemplate":"https:\/\/transamerica93.com.br\/home\/?s={search_term_string}"},"query-input":{"@type":"PropertyValueSpecification","valueRequired":true,"valueName":"search_term_string"}}],"inLanguage":"pt-BR"},{"@type":"Organization","@id":"https:\/\/transamerica93.com.br\/home\/#organization","name":"Transam\u00e9rica Mococa 93,3","url":"https:\/\/transamerica93.com.br\/home\/","logo":{"@type":"ImageObject","inLanguage":"pt-BR","@id":"https:\/\/transamerica93.com.br\/home\/#\/schema\/logo\/image\/","url":"https:\/\/transamerica93.com.br\/home\/wp-content\/uploads\/2023\/10\/logo2.png","contentUrl":"https:\/\/transamerica93.com.br\/home\/wp-content\/uploads\/2023\/10\/logo2.png","width":800,"height":500,"caption":"Transam\u00e9rica Mococa 93,3"},"image":{"@id":"https:\/\/transamerica93.com.br\/home\/#\/schema\/logo\/image\/"},"sameAs":["https:\/\/www.facebook.com\/transamericamococa","https:\/\/x.com\/transamerica933","https:\/\/www.instagram.com\/transamericamococa"]},{"@type":"Person","@id":"https:\/\/transamerica93.com.br\/home\/#\/schema\/person\/7fed7c99c0d4562efa8561bc0f543172","name":"Reda\u00e7\u00e3o","image":{"@type":"ImageObject","inLanguage":"pt-BR","@id":"https:\/\/secure.gravatar.com\/avatar\/1072c6b775fb02ef8506ce967551d95926669a6b7d2c2147b42eea4d7c68395e?s=96&d=mm&r=g","url":"https:\/\/secure.gravatar.com\/avatar\/1072c6b775fb02ef8506ce967551d95926669a6b7d2c2147b42eea4d7c68395e?s=96&d=mm&r=g","contentUrl":"https:\/\/secure.gravatar.com\/avatar\/1072c6b775fb02ef8506ce967551d95926669a6b7d2c2147b42eea4d7c68395e?s=96&d=mm&r=g","caption":"Reda\u00e7\u00e3o"},"sameAs":["https:\/\/transamerica93.com.br\/home"],"url":"https:\/\/transamerica93.com.br\/home\/author\/william\/"}]}},"_links":{"self":[{"href":"https:\/\/transamerica93.com.br\/home\/wp-json\/wp\/v2\/posts\/1842","targetHints":{"allow":["GET"]}}],"collection":[{"href":"https:\/\/transamerica93.com.br\/home\/wp-json\/wp\/v2\/posts"}],"about":[{"href":"https:\/\/transamerica93.com.br\/home\/wp-json\/wp\/v2\/types\/post"}],"author":[{"embeddable":true,"href":"https:\/\/transamerica93.com.br\/home\/wp-json\/wp\/v2\/users\/1"}],"replies":[{"embeddable":true,"href":"https:\/\/transamerica93.com.br\/home\/wp-json\/wp\/v2\/comments?post=1842"}],"version-history":[{"count":2,"href":"https:\/\/transamerica93.com.br\/home\/wp-json\/wp\/v2\/posts\/1842\/revisions"}],"predecessor-version":[{"id":1846,"href":"https:\/\/transamerica93.com.br\/home\/wp-json\/wp\/v2\/posts\/1842\/revisions\/1846"}],"wp:featuredmedia":[{"embeddable":true,"href":"https:\/\/transamerica93.com.br\/home\/wp-json\/wp\/v2\/media\/1843"}],"wp:attachment":[{"href":"https:\/\/transamerica93.com.br\/home\/wp-json\/wp\/v2\/media?parent=1842"}],"wp:term":[{"taxonomy":"category","embeddable":true,"href":"https:\/\/transamerica93.com.br\/home\/wp-json\/wp\/v2\/categories?post=1842"},{"taxonomy":"post_tag","embeddable":true,"href":"https:\/\/transamerica93.com.br\/home\/wp-json\/wp\/v2\/tags?post=1842"}],"curies":[{"name":"wp","href":"https:\/\/api.w.org\/{rel}","templated":true}]}}