{"id":1868,"date":"2023-10-23T10:38:11","date_gmt":"2023-10-23T13:38:11","guid":{"rendered":"https:\/\/transamerica93.com.br\/home\/?p=1868"},"modified":"2023-10-23T10:38:11","modified_gmt":"2023-10-23T13:38:11","slug":"brasil-e-prata-na-disputa-por-equipes-na-ginastica-artistica-feminina","status":"publish","type":"post","link":"https:\/\/transamerica93.com.br\/home\/brasil-e-prata-na-disputa-por-equipes-na-ginastica-artistica-feminina\/","title":{"rendered":"Brasil \u00e9 prata na disputa por equipes na gin\u00e1stica art\u00edstica feminina"},"content":{"rendered":"<div class=\"post-item-wrap\">\n<p>A equipe feminina de gin\u00e1stica art\u00edstica do Brasil garantiu a medalha de prata nos Jogos Pan-Americanos, que est\u00e3o sendo disputados em Santiago (Chile). Na noite deste domingo (22), a equipe formada por Fl\u00e1via Saraiva, Jade Barbosa, J\u00falia Soares, Carolyne Pedro e Rebeca Andrade garantiu o p\u00f3dio e igualou o melhor resultado do Brasil na hist\u00f3ria da prova, que havia sido alcan\u00e7ado nos Jogos do Rio de Janeiro, no ano de 2007.<img decoding=\"async\" data-src=\"https:\/\/agenciabrasil.ebc.com.br\/ebc.png?id=1562205&amp;o=node\" src=\"data:image\/svg+xml;base64,PHN2ZyB3aWR0aD0iMSIgaGVpZ2h0PSIxIiB4bWxucz0iaHR0cDovL3d3dy53My5vcmcvMjAwMC9zdmciPjwvc3ZnPg==\" class=\"lazyload\" \/><img decoding=\"async\" data-src=\"https:\/\/agenciabrasil.ebc.com.br\/ebc.gif?id=1562205&amp;o=node\" src=\"data:image\/svg+xml;base64,PHN2ZyB3aWR0aD0iMSIgaGVpZ2h0PSIxIiB4bWxucz0iaHR0cDovL3d3dy53My5vcmcvMjAwMC9zdmciPjwvc3ZnPg==\" class=\"lazyload\" \/><\/p>\n<p>Ao contr\u00e1rio do que ocorreu no Mundial da modalidade, que acabou com a medalha de prata do Brasil h\u00e1 praticamente um m\u00eas na B\u00e9lgica, os Jogos Pan-Americanos utilizam as eliminat\u00f3rias individuais por aparelhos para definir os campe\u00f5es por equipes. Na estreia da multimedalhista ol\u00edmpica e mundial em Jogos Pan-Americanos, Rebeca Andrade ficou de fora do aparelho do solo, preservando o joelho, e avan\u00e7ou \u00e0s finais nos outros tr\u00eas aparelhos, com a melhor m\u00e9dia no salto e em segundo nas barras assim\u00e9tricas e na trave.<\/p>\n<p>Os grandes detalhes que acabaram deixando o Brasil com a prata foram as falhas de Jade Barbosa e de Carolyne Pedro na apresenta\u00e7\u00e3o das barras assim\u00e9tricas. Fl\u00e1via Saraiva se garantiu em quatro finais individuais: solo, barras assim\u00e9tricas, individual geral (que soma as notas dos quatro aparelhos) e trave. Jade Barbosa est\u00e1 na decis\u00e3o do individual geral. J\u00falia Soares ainda conseguiu a vaga na final do solo.<\/p>\n<p>No total da disputa por equipes, o Brasil garantiu a medalha de prata fechando a prova com 161,594 pontos. Os Estados Unidos, que se apresentaram antes, alcan\u00e7aram a marca de 165,196 pontos. O Canad\u00e1 garantiu o bronze com 154,230 pontos.<\/p>\n<\/div>\n<p class=\"alt-font font-italic my-2 small text-info\">Edi\u00e7\u00e3o: F\u00e1bio Lisboa<\/p>\n","protected":false},"excerpt":{"rendered":"<p>A equipe feminina de gin\u00e1stica art\u00edstica do Brasil garantiu a medalha de prata nos Jogos Pan-Americanos, que est\u00e3o sendo disputados em Santiago (Chile). Na noite deste domingo (22), a equipe formada por Fl\u00e1via Saraiva, Jade Barbosa, J\u00falia Soares, Carolyne Pedro e Rebeca Andrade garantiu o p\u00f3dio e igualou o melhor resultado do Brasil na hist\u00f3ria &hellip;<\/p>\n","protected":false},"author":1,"featured_media":1869,"comment_status":"closed","ping_status":"closed","sticky":false,"template":"","format":"standard","meta":{"footnotes":""},"categories":[31],"tags":[],"class_list":["post-1868","post","type-post","status-publish","format-standard","has-post-thumbnail","hentry","category-esportes"],"yoast_head":"<!-- This site is optimized with the Yoast SEO plugin v27.4 - https:\/\/yoast.com\/product\/yoast-seo-wordpress\/ -->\n<title>Brasil \u00e9 prata na disputa por equipes na gin\u00e1stica art\u00edstica feminina - Transam\u00e9rica Mococa 93,3<\/title>\n<meta name=\"robots\" content=\"index, follow, max-snippet:-1, max-image-preview:large, max-video-preview:-1\" \/>\n<link rel=\"canonical\" href=\"https:\/\/transamerica93.com.br\/home\/brasil-e-prata-na-disputa-por-equipes-na-ginastica-artistica-feminina\/\" \/>\n<meta property=\"og:locale\" content=\"pt_BR\" \/>\n<meta property=\"og:type\" content=\"article\" \/>\n<meta property=\"og:title\" content=\"Brasil \u00e9 prata na disputa por equipes na gin\u00e1stica art\u00edstica feminina - Transam\u00e9rica Mococa 93,3\" \/>\n<meta property=\"og:description\" content=\"A equipe feminina de gin\u00e1stica art\u00edstica do Brasil garantiu a medalha de prata nos Jogos Pan-Americanos, que est\u00e3o sendo disputados em Santiago (Chile). Na noite deste domingo (22), a equipe formada por Fl\u00e1via Saraiva, Jade Barbosa, J\u00falia Soares, Carolyne Pedro e Rebeca Andrade garantiu o p\u00f3dio e igualou o melhor resultado do Brasil na hist\u00f3ria &hellip;\" \/>\n<meta property=\"og:url\" content=\"https:\/\/transamerica93.com.br\/home\/brasil-e-prata-na-disputa-por-equipes-na-ginastica-artistica-feminina\/\" \/>\n<meta property=\"og:site_name\" content=\"Transam\u00e9rica Mococa 93,3\" \/>\n<meta property=\"article:publisher\" content=\"https:\/\/www.facebook.com\/transamericamococa\" \/>\n<meta property=\"article:published_time\" content=\"2023-10-23T13:38:11+00:00\" \/>\n<meta property=\"og:image\" content=\"https:\/\/transamerica93.com.br\/home\/wp-content\/uploads\/2023\/10\/imagem-18.jpg\" \/>\n\t<meta property=\"og:image:width\" content=\"1170\" \/>\n\t<meta property=\"og:image:height\" content=\"700\" \/>\n\t<meta property=\"og:image:type\" content=\"image\/jpeg\" \/>\n<meta name=\"author\" content=\"Reda\u00e7\u00e3o\" \/>\n<meta name=\"twitter:card\" content=\"summary_large_image\" \/>\n<meta name=\"twitter:creator\" content=\"@transamerica933\" \/>\n<meta name=\"twitter:site\" content=\"@transamerica933\" \/>\n<meta name=\"twitter:label1\" content=\"Escrito por\" \/>\n\t<meta name=\"twitter:data1\" content=\"Reda\u00e7\u00e3o\" \/>\n\t<meta name=\"twitter:label2\" content=\"Est. tempo de leitura\" \/>\n\t<meta name=\"twitter:data2\" content=\"2 minutos\" \/>\n<script type=\"application\/ld+json\" class=\"yoast-schema-graph\">{\"@context\":\"https:\\\/\\\/schema.org\",\"@graph\":[{\"@type\":\"Article\",\"@id\":\"https:\\\/\\\/transamerica93.com.br\\\/home\\\/brasil-e-prata-na-disputa-por-equipes-na-ginastica-artistica-feminina\\\/#article\",\"isPartOf\":{\"@id\":\"https:\\\/\\\/transamerica93.com.br\\\/home\\\/brasil-e-prata-na-disputa-por-equipes-na-ginastica-artistica-feminina\\\/\"},\"author\":{\"name\":\"Reda\u00e7\u00e3o\",\"@id\":\"https:\\\/\\\/transamerica93.com.br\\\/home\\\/#\\\/schema\\\/person\\\/7fed7c99c0d4562efa8561bc0f543172\"},\"headline\":\"Brasil \u00e9 prata na disputa por equipes na gin\u00e1stica art\u00edstica feminina\",\"datePublished\":\"2023-10-23T13:38:11+00:00\",\"mainEntityOfPage\":{\"@id\":\"https:\\\/\\\/transamerica93.com.br\\\/home\\\/brasil-e-prata-na-disputa-por-equipes-na-ginastica-artistica-feminina\\\/\"},\"wordCount\":298,\"publisher\":{\"@id\":\"https:\\\/\\\/transamerica93.com.br\\\/home\\\/#organization\"},\"image\":{\"@id\":\"https:\\\/\\\/transamerica93.com.br\\\/home\\\/brasil-e-prata-na-disputa-por-equipes-na-ginastica-artistica-feminina\\\/#primaryimage\"},\"thumbnailUrl\":\"https:\\\/\\\/transamerica93.com.br\\\/home\\\/wp-content\\\/uploads\\\/2023\\\/10\\\/imagem-18.jpg\",\"articleSection\":[\"Esportes\"],\"inLanguage\":\"pt-BR\"},{\"@type\":\"WebPage\",\"@id\":\"https:\\\/\\\/transamerica93.com.br\\\/home\\\/brasil-e-prata-na-disputa-por-equipes-na-ginastica-artistica-feminina\\\/\",\"url\":\"https:\\\/\\\/transamerica93.com.br\\\/home\\\/brasil-e-prata-na-disputa-por-equipes-na-ginastica-artistica-feminina\\\/\",\"name\":\"Brasil \u00e9 prata na disputa por equipes na gin\u00e1stica art\u00edstica feminina - Transam\u00e9rica Mococa 93,3\",\"isPartOf\":{\"@id\":\"https:\\\/\\\/transamerica93.com.br\\\/home\\\/#website\"},\"primaryImageOfPage\":{\"@id\":\"https:\\\/\\\/transamerica93.com.br\\\/home\\\/brasil-e-prata-na-disputa-por-equipes-na-ginastica-artistica-feminina\\\/#primaryimage\"},\"image\":{\"@id\":\"https:\\\/\\\/transamerica93.com.br\\\/home\\\/brasil-e-prata-na-disputa-por-equipes-na-ginastica-artistica-feminina\\\/#primaryimage\"},\"thumbnailUrl\":\"https:\\\/\\\/transamerica93.com.br\\\/home\\\/wp-content\\\/uploads\\\/2023\\\/10\\\/imagem-18.jpg\",\"datePublished\":\"2023-10-23T13:38:11+00:00\",\"breadcrumb\":{\"@id\":\"https:\\\/\\\/transamerica93.com.br\\\/home\\\/brasil-e-prata-na-disputa-por-equipes-na-ginastica-artistica-feminina\\\/#breadcrumb\"},\"inLanguage\":\"pt-BR\",\"potentialAction\":[{\"@type\":\"ReadAction\",\"target\":[\"https:\\\/\\\/transamerica93.com.br\\\/home\\\/brasil-e-prata-na-disputa-por-equipes-na-ginastica-artistica-feminina\\\/\"]}]},{\"@type\":\"ImageObject\",\"inLanguage\":\"pt-BR\",\"@id\":\"https:\\\/\\\/transamerica93.com.br\\\/home\\\/brasil-e-prata-na-disputa-por-equipes-na-ginastica-artistica-feminina\\\/#primaryimage\",\"url\":\"https:\\\/\\\/transamerica93.com.br\\\/home\\\/wp-content\\\/uploads\\\/2023\\\/10\\\/imagem-18.jpg\",\"contentUrl\":\"https:\\\/\\\/transamerica93.com.br\\\/home\\\/wp-content\\\/uploads\\\/2023\\\/10\\\/imagem-18.jpg\",\"width\":1170,\"height\":700,\"caption\":\"\u00a9 Miriam Jeske\\\/COB\\\/Direitos Reservados\"},{\"@type\":\"BreadcrumbList\",\"@id\":\"https:\\\/\\\/transamerica93.com.br\\\/home\\\/brasil-e-prata-na-disputa-por-equipes-na-ginastica-artistica-feminina\\\/#breadcrumb\",\"itemListElement\":[{\"@type\":\"ListItem\",\"position\":1,\"name\":\"In\u00edcio\",\"item\":\"https:\\\/\\\/transamerica93.com.br\\\/home\\\/\"},{\"@type\":\"ListItem\",\"position\":2,\"name\":\"Brasil \u00e9 prata na disputa por equipes na gin\u00e1stica art\u00edstica feminina\"}]},{\"@type\":\"WebSite\",\"@id\":\"https:\\\/\\\/transamerica93.com.br\\\/home\\\/#website\",\"url\":\"https:\\\/\\\/transamerica93.com.br\\\/home\\\/\",\"name\":\"Transam\u00e9rica Mococa 93,3\",\"description\":\"\",\"publisher\":{\"@id\":\"https:\\\/\\\/transamerica93.com.br\\\/home\\\/#organization\"},\"potentialAction\":[{\"@type\":\"SearchAction\",\"target\":{\"@type\":\"EntryPoint\",\"urlTemplate\":\"https:\\\/\\\/transamerica93.com.br\\\/home\\\/?s={search_term_string}\"},\"query-input\":{\"@type\":\"PropertyValueSpecification\",\"valueRequired\":true,\"valueName\":\"search_term_string\"}}],\"inLanguage\":\"pt-BR\"},{\"@type\":\"Organization\",\"@id\":\"https:\\\/\\\/transamerica93.com.br\\\/home\\\/#organization\",\"name\":\"Transam\u00e9rica Mococa 93,3\",\"url\":\"https:\\\/\\\/transamerica93.com.br\\\/home\\\/\",\"logo\":{\"@type\":\"ImageObject\",\"inLanguage\":\"pt-BR\",\"@id\":\"https:\\\/\\\/transamerica93.com.br\\\/home\\\/#\\\/schema\\\/logo\\\/image\\\/\",\"url\":\"https:\\\/\\\/transamerica93.com.br\\\/home\\\/wp-content\\\/uploads\\\/2023\\\/10\\\/logo2.png\",\"contentUrl\":\"https:\\\/\\\/transamerica93.com.br\\\/home\\\/wp-content\\\/uploads\\\/2023\\\/10\\\/logo2.png\",\"width\":800,\"height\":500,\"caption\":\"Transam\u00e9rica Mococa 93,3\"},\"image\":{\"@id\":\"https:\\\/\\\/transamerica93.com.br\\\/home\\\/#\\\/schema\\\/logo\\\/image\\\/\"},\"sameAs\":[\"https:\\\/\\\/www.facebook.com\\\/transamericamococa\",\"https:\\\/\\\/x.com\\\/transamerica933\",\"https:\\\/\\\/www.instagram.com\\\/transamericamococa\"]},{\"@type\":\"Person\",\"@id\":\"https:\\\/\\\/transamerica93.com.br\\\/home\\\/#\\\/schema\\\/person\\\/7fed7c99c0d4562efa8561bc0f543172\",\"name\":\"Reda\u00e7\u00e3o\",\"image\":{\"@type\":\"ImageObject\",\"inLanguage\":\"pt-BR\",\"@id\":\"https:\\\/\\\/secure.gravatar.com\\\/avatar\\\/1072c6b775fb02ef8506ce967551d95926669a6b7d2c2147b42eea4d7c68395e?s=96&d=mm&r=g\",\"url\":\"https:\\\/\\\/secure.gravatar.com\\\/avatar\\\/1072c6b775fb02ef8506ce967551d95926669a6b7d2c2147b42eea4d7c68395e?s=96&d=mm&r=g\",\"contentUrl\":\"https:\\\/\\\/secure.gravatar.com\\\/avatar\\\/1072c6b775fb02ef8506ce967551d95926669a6b7d2c2147b42eea4d7c68395e?s=96&d=mm&r=g\",\"caption\":\"Reda\u00e7\u00e3o\"},\"sameAs\":[\"https:\\\/\\\/transamerica93.com.br\\\/home\"],\"url\":\"https:\\\/\\\/transamerica93.com.br\\\/home\\\/author\\\/william\\\/\"}]}<\/script>\n<!-- \/ Yoast SEO plugin. -->","yoast_head_json":{"title":"Brasil \u00e9 prata na disputa por equipes na gin\u00e1stica art\u00edstica feminina - Transam\u00e9rica Mococa 93,3","robots":{"index":"index","follow":"follow","max-snippet":"max-snippet:-1","max-image-preview":"max-image-preview:large","max-video-preview":"max-video-preview:-1"},"canonical":"https:\/\/transamerica93.com.br\/home\/brasil-e-prata-na-disputa-por-equipes-na-ginastica-artistica-feminina\/","og_locale":"pt_BR","og_type":"article","og_title":"Brasil \u00e9 prata na disputa por equipes na gin\u00e1stica art\u00edstica feminina - Transam\u00e9rica Mococa 93,3","og_description":"A equipe feminina de gin\u00e1stica art\u00edstica do Brasil garantiu a medalha de prata nos Jogos Pan-Americanos, que est\u00e3o sendo disputados em Santiago (Chile). Na noite deste domingo (22), a equipe formada por Fl\u00e1via Saraiva, Jade Barbosa, J\u00falia Soares, Carolyne Pedro e Rebeca Andrade garantiu o p\u00f3dio e igualou o melhor resultado do Brasil na hist\u00f3ria &hellip;","og_url":"https:\/\/transamerica93.com.br\/home\/brasil-e-prata-na-disputa-por-equipes-na-ginastica-artistica-feminina\/","og_site_name":"Transam\u00e9rica Mococa 93,3","article_publisher":"https:\/\/www.facebook.com\/transamericamococa","article_published_time":"2023-10-23T13:38:11+00:00","og_image":[{"width":1170,"height":700,"url":"https:\/\/transamerica93.com.br\/home\/wp-content\/uploads\/2023\/10\/imagem-18.jpg","type":"image\/jpeg"}],"author":"Reda\u00e7\u00e3o","twitter_card":"summary_large_image","twitter_creator":"@transamerica933","twitter_site":"@transamerica933","twitter_misc":{"Escrito por":"Reda\u00e7\u00e3o","Est. tempo de leitura":"2 minutos"},"schema":{"@context":"https:\/\/schema.org","@graph":[{"@type":"Article","@id":"https:\/\/transamerica93.com.br\/home\/brasil-e-prata-na-disputa-por-equipes-na-ginastica-artistica-feminina\/#article","isPartOf":{"@id":"https:\/\/transamerica93.com.br\/home\/brasil-e-prata-na-disputa-por-equipes-na-ginastica-artistica-feminina\/"},"author":{"name":"Reda\u00e7\u00e3o","@id":"https:\/\/transamerica93.com.br\/home\/#\/schema\/person\/7fed7c99c0d4562efa8561bc0f543172"},"headline":"Brasil \u00e9 prata na disputa por equipes na gin\u00e1stica art\u00edstica feminina","datePublished":"2023-10-23T13:38:11+00:00","mainEntityOfPage":{"@id":"https:\/\/transamerica93.com.br\/home\/brasil-e-prata-na-disputa-por-equipes-na-ginastica-artistica-feminina\/"},"wordCount":298,"publisher":{"@id":"https:\/\/transamerica93.com.br\/home\/#organization"},"image":{"@id":"https:\/\/transamerica93.com.br\/home\/brasil-e-prata-na-disputa-por-equipes-na-ginastica-artistica-feminina\/#primaryimage"},"thumbnailUrl":"https:\/\/transamerica93.com.br\/home\/wp-content\/uploads\/2023\/10\/imagem-18.jpg","articleSection":["Esportes"],"inLanguage":"pt-BR"},{"@type":"WebPage","@id":"https:\/\/transamerica93.com.br\/home\/brasil-e-prata-na-disputa-por-equipes-na-ginastica-artistica-feminina\/","url":"https:\/\/transamerica93.com.br\/home\/brasil-e-prata-na-disputa-por-equipes-na-ginastica-artistica-feminina\/","name":"Brasil \u00e9 prata na disputa por equipes na gin\u00e1stica art\u00edstica feminina - Transam\u00e9rica Mococa 93,3","isPartOf":{"@id":"https:\/\/transamerica93.com.br\/home\/#website"},"primaryImageOfPage":{"@id":"https:\/\/transamerica93.com.br\/home\/brasil-e-prata-na-disputa-por-equipes-na-ginastica-artistica-feminina\/#primaryimage"},"image":{"@id":"https:\/\/transamerica93.com.br\/home\/brasil-e-prata-na-disputa-por-equipes-na-ginastica-artistica-feminina\/#primaryimage"},"thumbnailUrl":"https:\/\/transamerica93.com.br\/home\/wp-content\/uploads\/2023\/10\/imagem-18.jpg","datePublished":"2023-10-23T13:38:11+00:00","breadcrumb":{"@id":"https:\/\/transamerica93.com.br\/home\/brasil-e-prata-na-disputa-por-equipes-na-ginastica-artistica-feminina\/#breadcrumb"},"inLanguage":"pt-BR","potentialAction":[{"@type":"ReadAction","target":["https:\/\/transamerica93.com.br\/home\/brasil-e-prata-na-disputa-por-equipes-na-ginastica-artistica-feminina\/"]}]},{"@type":"ImageObject","inLanguage":"pt-BR","@id":"https:\/\/transamerica93.com.br\/home\/brasil-e-prata-na-disputa-por-equipes-na-ginastica-artistica-feminina\/#primaryimage","url":"https:\/\/transamerica93.com.br\/home\/wp-content\/uploads\/2023\/10\/imagem-18.jpg","contentUrl":"https:\/\/transamerica93.com.br\/home\/wp-content\/uploads\/2023\/10\/imagem-18.jpg","width":1170,"height":700,"caption":"\u00a9 Miriam Jeske\/COB\/Direitos Reservados"},{"@type":"BreadcrumbList","@id":"https:\/\/transamerica93.com.br\/home\/brasil-e-prata-na-disputa-por-equipes-na-ginastica-artistica-feminina\/#breadcrumb","itemListElement":[{"@type":"ListItem","position":1,"name":"In\u00edcio","item":"https:\/\/transamerica93.com.br\/home\/"},{"@type":"ListItem","position":2,"name":"Brasil \u00e9 prata na disputa por equipes na gin\u00e1stica art\u00edstica feminina"}]},{"@type":"WebSite","@id":"https:\/\/transamerica93.com.br\/home\/#website","url":"https:\/\/transamerica93.com.br\/home\/","name":"Transam\u00e9rica Mococa 93,3","description":"","publisher":{"@id":"https:\/\/transamerica93.com.br\/home\/#organization"},"potentialAction":[{"@type":"SearchAction","target":{"@type":"EntryPoint","urlTemplate":"https:\/\/transamerica93.com.br\/home\/?s={search_term_string}"},"query-input":{"@type":"PropertyValueSpecification","valueRequired":true,"valueName":"search_term_string"}}],"inLanguage":"pt-BR"},{"@type":"Organization","@id":"https:\/\/transamerica93.com.br\/home\/#organization","name":"Transam\u00e9rica Mococa 93,3","url":"https:\/\/transamerica93.com.br\/home\/","logo":{"@type":"ImageObject","inLanguage":"pt-BR","@id":"https:\/\/transamerica93.com.br\/home\/#\/schema\/logo\/image\/","url":"https:\/\/transamerica93.com.br\/home\/wp-content\/uploads\/2023\/10\/logo2.png","contentUrl":"https:\/\/transamerica93.com.br\/home\/wp-content\/uploads\/2023\/10\/logo2.png","width":800,"height":500,"caption":"Transam\u00e9rica Mococa 93,3"},"image":{"@id":"https:\/\/transamerica93.com.br\/home\/#\/schema\/logo\/image\/"},"sameAs":["https:\/\/www.facebook.com\/transamericamococa","https:\/\/x.com\/transamerica933","https:\/\/www.instagram.com\/transamericamococa"]},{"@type":"Person","@id":"https:\/\/transamerica93.com.br\/home\/#\/schema\/person\/7fed7c99c0d4562efa8561bc0f543172","name":"Reda\u00e7\u00e3o","image":{"@type":"ImageObject","inLanguage":"pt-BR","@id":"https:\/\/secure.gravatar.com\/avatar\/1072c6b775fb02ef8506ce967551d95926669a6b7d2c2147b42eea4d7c68395e?s=96&d=mm&r=g","url":"https:\/\/secure.gravatar.com\/avatar\/1072c6b775fb02ef8506ce967551d95926669a6b7d2c2147b42eea4d7c68395e?s=96&d=mm&r=g","contentUrl":"https:\/\/secure.gravatar.com\/avatar\/1072c6b775fb02ef8506ce967551d95926669a6b7d2c2147b42eea4d7c68395e?s=96&d=mm&r=g","caption":"Reda\u00e7\u00e3o"},"sameAs":["https:\/\/transamerica93.com.br\/home"],"url":"https:\/\/transamerica93.com.br\/home\/author\/william\/"}]}},"_links":{"self":[{"href":"https:\/\/transamerica93.com.br\/home\/wp-json\/wp\/v2\/posts\/1868","targetHints":{"allow":["GET"]}}],"collection":[{"href":"https:\/\/transamerica93.com.br\/home\/wp-json\/wp\/v2\/posts"}],"about":[{"href":"https:\/\/transamerica93.com.br\/home\/wp-json\/wp\/v2\/types\/post"}],"author":[{"embeddable":true,"href":"https:\/\/transamerica93.com.br\/home\/wp-json\/wp\/v2\/users\/1"}],"replies":[{"embeddable":true,"href":"https:\/\/transamerica93.com.br\/home\/wp-json\/wp\/v2\/comments?post=1868"}],"version-history":[{"count":1,"href":"https:\/\/transamerica93.com.br\/home\/wp-json\/wp\/v2\/posts\/1868\/revisions"}],"predecessor-version":[{"id":1870,"href":"https:\/\/transamerica93.com.br\/home\/wp-json\/wp\/v2\/posts\/1868\/revisions\/1870"}],"wp:featuredmedia":[{"embeddable":true,"href":"https:\/\/transamerica93.com.br\/home\/wp-json\/wp\/v2\/media\/1869"}],"wp:attachment":[{"href":"https:\/\/transamerica93.com.br\/home\/wp-json\/wp\/v2\/media?parent=1868"}],"wp:term":[{"taxonomy":"category","embeddable":true,"href":"https:\/\/transamerica93.com.br\/home\/wp-json\/wp\/v2\/categories?post=1868"},{"taxonomy":"post_tag","embeddable":true,"href":"https:\/\/transamerica93.com.br\/home\/wp-json\/wp\/v2\/tags?post=1868"}],"curies":[{"name":"wp","href":"https:\/\/api.w.org\/{rel}","templated":true}]}}