{"id":1883,"date":"2023-10-24T10:00:30","date_gmt":"2023-10-24T13:00:30","guid":{"rendered":"https:\/\/transamerica93.com.br\/home\/?p=1883"},"modified":"2023-10-24T07:24:25","modified_gmt":"2023-10-24T10:24:25","slug":"diogo-soares-e-prata-no-individual-da-ginastica-artistica-no-pan","status":"publish","type":"post","link":"https:\/\/transamerica93.com.br\/home\/diogo-soares-e-prata-no-individual-da-ginastica-artistica-no-pan\/","title":{"rendered":"Diogo Soares \u00e9 prata no individual da gin\u00e1stica art\u00edstica no Pan"},"content":{"rendered":"<div class=\"post-item-wrap\">\n<p>J\u00e1 classificado para Paris 2024 no Mundial da Antu\u00e9pia (B\u00e9lgica) no in\u00edcio do m\u00eas, Diogo Soares voltou a brilhar nesta segunda-feira (23) com a prata no individual geral masculino da gin\u00e1stica art\u00edstica nos<strong>\u00a0<a href=\"https:\/\/results-santiago2023.org\/#\/schedule\/daily\/2023-10-23\">Jogos Pan-Americanos de Santiago<\/a>\u00a0<\/strong>(Chile). Ele somou 81.865 nos seis aparelhos (salto, solo, cavalo com al\u00e7a, argolas, paralelas e barra fixa). O ouro ficou com o canadense Felix Dolci (82.531) e o bronze ficou com o norte-americano Donnell Whittenburg (81.764). A competi\u00e7\u00e3o tem<a href=\"https:\/\/www.canalolimpicodobrasil.com.br\/\"><strong>\u00a0transmiss\u00e3o ao vivo<\/strong><\/a>\u00a0no site do Canal Ol\u00edmpico do Brasil.<img decoding=\"async\" data-src=\"https:\/\/agenciabrasil.ebc.com.br\/ebc.png?id=1562319&amp;o=node\" src=\"data:image\/svg+xml;base64,PHN2ZyB3aWR0aD0iMSIgaGVpZ2h0PSIxIiB4bWxucz0iaHR0cDovL3d3dy53My5vcmcvMjAwMC9zdmciPjwvc3ZnPg==\" class=\"lazyload\" \/><img decoding=\"async\" data-src=\"https:\/\/agenciabrasil.ebc.com.br\/ebc.gif?id=1562319&amp;o=node\" src=\"data:image\/svg+xml;base64,PHN2ZyB3aWR0aD0iMSIgaGVpZ2h0PSIxIiB4bWxucz0iaHR0cDovL3d3dy53My5vcmcvMjAwMC9zdmciPjwvc3ZnPg==\" class=\"lazyload\" \/><\/p>\n<p>O dia tamb\u00e9m foi especial para a curitibana Isabela Abreu, que carimbou o passaporte rumo a Paris 2024\u00a0 no pentatlo moderno. Ela concluiu a prova em nono lugar e assegurou uma das vagas sul-americanas nos Jogos Ol\u00edmpicos..<\/p>\n<p>Quem tamb\u00e9m teve muito o que comemorar foi o paulista Felipe Simioni Neves, de 34 anos, que faturou medalha in\u00e9dita para o Brasil no esqui aqu\u00e1tico slalom (modalidade n\u00e3o-ol\u00edmpica) nos Jogos Pan-Americanos. O atleta foi bronze, atr\u00e1s apenas do norte-americano Patrick Smith (ouro) e do dominicano Robert Pigozzi (prata), ambos no top 10 mundial.<\/p>\n<blockquote><p>\u201cA gente vem brigando desde o Rio 2007, construindo um time, indo bastante para fora treinar e isso foi uma conquista de quase 20 anos. Eu sou o \u00fanico no p\u00f3dio que n\u00e3o \u00e9 profissional, que tem um trabalho al\u00e9m do esqui. Ent\u00e3o, estou muito feliz\u201d, festejou o atleta paulista, atual 48\u00ba no ranking mundial.<\/p><\/blockquote>\n<p>Tamb\u00e9m nesta segunda-feira (23) a sele\u00e7\u00e3o feminina de v\u00f4lei, j\u00e1 classificada \u00e0s semifinais, manteve a invencibilidade na competi\u00e7\u00e3o. O time alternativo comandado pelo t\u00e9cnico Paulo Coco superou Porto Rico por 3 sets a 0 (25\/15, 25\/22 e 25\/21), no \u00faltimo confronto da fase de grupos. Sem perder um set sequer na competi\u00e7\u00e3o, o Brasil encerrou a fase inicial na lideran\u00e7a da chave. O advers\u00e1rio ser\u00e1 sair\u00e1 ap\u00f3s o termino das quartas de final a partir das 20h desta segunda (23).<\/p>\n<p>A maior pontuadora no embate de hoje foi a oposta Sabrina, que anotou 18 pontos. Al\u00e9m dela, a sele\u00e7\u00e3o contou em quadra com Naiane, Maiara Basso, Helena, Lorena, Larissa e a l\u00edbero Lais. Entraram Aline, Tainara e Luzia.<\/p>\n<blockquote><p>\u201cFoi um jogo muito importante para a gente. Fico feliz de estar contribuindo com o time, conseguindo dar o meu melhor para a equipe. Agora \u00e9 concentrar, estudar e trabalhar para o pr\u00f3ximo jogo. Estar aqui, em uma competi\u00e7\u00e3o t\u00e3o grande, est\u00e1 sendo muito especial para mim\u201d, revelou Sabrina, em depoimento ao COB.<\/p><\/blockquote>\n<\/div>\n<p class=\"alt-font font-italic my-2 small text-info\">Edi\u00e7\u00e3o: Cl\u00e1udia Soares Rodrigues<\/p>\n","protected":false},"excerpt":{"rendered":"<p>J\u00e1 classificado para Paris 2024 no Mundial da Antu\u00e9pia (B\u00e9lgica) no in\u00edcio do m\u00eas, Diogo Soares voltou a brilhar nesta segunda-feira (23) com a prata no individual geral masculino da gin\u00e1stica art\u00edstica nos\u00a0Jogos Pan-Americanos de Santiago\u00a0(Chile). Ele somou 81.865 nos seis aparelhos (salto, solo, cavalo com al\u00e7a, argolas, paralelas e barra fixa). O ouro ficou &hellip;<\/p>\n","protected":false},"author":1,"featured_media":1879,"comment_status":"closed","ping_status":"closed","sticky":false,"template":"","format":"standard","meta":{"footnotes":""},"categories":[31],"tags":[],"class_list":["post-1883","post","type-post","status-publish","format-standard","has-post-thumbnail","hentry","category-esportes"],"yoast_head":"<!-- This site is optimized with the Yoast SEO plugin v27.4 - https:\/\/yoast.com\/product\/yoast-seo-wordpress\/ -->\n<title>Diogo Soares \u00e9 prata no individual da gin\u00e1stica art\u00edstica no Pan - Transam\u00e9rica Mococa 93,3<\/title>\n<meta name=\"robots\" content=\"index, follow, max-snippet:-1, max-image-preview:large, max-video-preview:-1\" \/>\n<link rel=\"canonical\" href=\"https:\/\/transamerica93.com.br\/home\/diogo-soares-e-prata-no-individual-da-ginastica-artistica-no-pan\/\" \/>\n<meta property=\"og:locale\" content=\"pt_BR\" \/>\n<meta property=\"og:type\" content=\"article\" \/>\n<meta property=\"og:title\" content=\"Diogo Soares \u00e9 prata no individual da gin\u00e1stica art\u00edstica no Pan - Transam\u00e9rica Mococa 93,3\" \/>\n<meta property=\"og:description\" content=\"J\u00e1 classificado para Paris 2024 no Mundial da Antu\u00e9pia (B\u00e9lgica) no in\u00edcio do m\u00eas, Diogo Soares voltou a brilhar nesta segunda-feira (23) com a prata no individual geral masculino da gin\u00e1stica art\u00edstica nos\u00a0Jogos Pan-Americanos de Santiago\u00a0(Chile). Ele somou 81.865 nos seis aparelhos (salto, solo, cavalo com al\u00e7a, argolas, paralelas e barra fixa). O ouro ficou &hellip;\" \/>\n<meta property=\"og:url\" content=\"https:\/\/transamerica93.com.br\/home\/diogo-soares-e-prata-no-individual-da-ginastica-artistica-no-pan\/\" \/>\n<meta property=\"og:site_name\" content=\"Transam\u00e9rica Mococa 93,3\" \/>\n<meta property=\"article:publisher\" content=\"https:\/\/www.facebook.com\/transamericamococa\" \/>\n<meta property=\"article:published_time\" content=\"2023-10-24T13:00:30+00:00\" \/>\n<meta property=\"og:image\" content=\"https:\/\/transamerica93.com.br\/home\/wp-content\/uploads\/2023\/10\/pan.jpg\" \/>\n\t<meta property=\"og:image:width\" content=\"1170\" \/>\n\t<meta property=\"og:image:height\" content=\"700\" \/>\n\t<meta property=\"og:image:type\" content=\"image\/jpeg\" \/>\n<meta name=\"author\" content=\"Reda\u00e7\u00e3o\" \/>\n<meta name=\"twitter:card\" content=\"summary_large_image\" \/>\n<meta name=\"twitter:creator\" content=\"@transamerica933\" \/>\n<meta name=\"twitter:site\" content=\"@transamerica933\" \/>\n<meta name=\"twitter:label1\" content=\"Escrito por\" \/>\n\t<meta name=\"twitter:data1\" content=\"Reda\u00e7\u00e3o\" \/>\n\t<meta name=\"twitter:label2\" content=\"Est. tempo de leitura\" \/>\n\t<meta name=\"twitter:data2\" content=\"3 minutos\" \/>\n<script type=\"application\/ld+json\" class=\"yoast-schema-graph\">{\"@context\":\"https:\\\/\\\/schema.org\",\"@graph\":[{\"@type\":\"Article\",\"@id\":\"https:\\\/\\\/transamerica93.com.br\\\/home\\\/diogo-soares-e-prata-no-individual-da-ginastica-artistica-no-pan\\\/#article\",\"isPartOf\":{\"@id\":\"https:\\\/\\\/transamerica93.com.br\\\/home\\\/diogo-soares-e-prata-no-individual-da-ginastica-artistica-no-pan\\\/\"},\"author\":{\"name\":\"Reda\u00e7\u00e3o\",\"@id\":\"https:\\\/\\\/transamerica93.com.br\\\/home\\\/#\\\/schema\\\/person\\\/7fed7c99c0d4562efa8561bc0f543172\"},\"headline\":\"Diogo Soares \u00e9 prata no individual da gin\u00e1stica art\u00edstica no Pan\",\"datePublished\":\"2023-10-24T13:00:30+00:00\",\"mainEntityOfPage\":{\"@id\":\"https:\\\/\\\/transamerica93.com.br\\\/home\\\/diogo-soares-e-prata-no-individual-da-ginastica-artistica-no-pan\\\/\"},\"wordCount\":437,\"publisher\":{\"@id\":\"https:\\\/\\\/transamerica93.com.br\\\/home\\\/#organization\"},\"image\":{\"@id\":\"https:\\\/\\\/transamerica93.com.br\\\/home\\\/diogo-soares-e-prata-no-individual-da-ginastica-artistica-no-pan\\\/#primaryimage\"},\"thumbnailUrl\":\"https:\\\/\\\/transamerica93.com.br\\\/home\\\/wp-content\\\/uploads\\\/2023\\\/10\\\/pan.jpg\",\"articleSection\":[\"Esportes\"],\"inLanguage\":\"pt-BR\"},{\"@type\":\"WebPage\",\"@id\":\"https:\\\/\\\/transamerica93.com.br\\\/home\\\/diogo-soares-e-prata-no-individual-da-ginastica-artistica-no-pan\\\/\",\"url\":\"https:\\\/\\\/transamerica93.com.br\\\/home\\\/diogo-soares-e-prata-no-individual-da-ginastica-artistica-no-pan\\\/\",\"name\":\"Diogo Soares \u00e9 prata no individual da gin\u00e1stica art\u00edstica no Pan - Transam\u00e9rica Mococa 93,3\",\"isPartOf\":{\"@id\":\"https:\\\/\\\/transamerica93.com.br\\\/home\\\/#website\"},\"primaryImageOfPage\":{\"@id\":\"https:\\\/\\\/transamerica93.com.br\\\/home\\\/diogo-soares-e-prata-no-individual-da-ginastica-artistica-no-pan\\\/#primaryimage\"},\"image\":{\"@id\":\"https:\\\/\\\/transamerica93.com.br\\\/home\\\/diogo-soares-e-prata-no-individual-da-ginastica-artistica-no-pan\\\/#primaryimage\"},\"thumbnailUrl\":\"https:\\\/\\\/transamerica93.com.br\\\/home\\\/wp-content\\\/uploads\\\/2023\\\/10\\\/pan.jpg\",\"datePublished\":\"2023-10-24T13:00:30+00:00\",\"breadcrumb\":{\"@id\":\"https:\\\/\\\/transamerica93.com.br\\\/home\\\/diogo-soares-e-prata-no-individual-da-ginastica-artistica-no-pan\\\/#breadcrumb\"},\"inLanguage\":\"pt-BR\",\"potentialAction\":[{\"@type\":\"ReadAction\",\"target\":[\"https:\\\/\\\/transamerica93.com.br\\\/home\\\/diogo-soares-e-prata-no-individual-da-ginastica-artistica-no-pan\\\/\"]}]},{\"@type\":\"ImageObject\",\"inLanguage\":\"pt-BR\",\"@id\":\"https:\\\/\\\/transamerica93.com.br\\\/home\\\/diogo-soares-e-prata-no-individual-da-ginastica-artistica-no-pan\\\/#primaryimage\",\"url\":\"https:\\\/\\\/transamerica93.com.br\\\/home\\\/wp-content\\\/uploads\\\/2023\\\/10\\\/pan.jpg\",\"contentUrl\":\"https:\\\/\\\/transamerica93.com.br\\\/home\\\/wp-content\\\/uploads\\\/2023\\\/10\\\/pan.jpg\",\"width\":1170,\"height\":700,\"caption\":\"\u00a9 Alexandre Loureiro\\\/COB\\\/Direitos Reservados\"},{\"@type\":\"BreadcrumbList\",\"@id\":\"https:\\\/\\\/transamerica93.com.br\\\/home\\\/diogo-soares-e-prata-no-individual-da-ginastica-artistica-no-pan\\\/#breadcrumb\",\"itemListElement\":[{\"@type\":\"ListItem\",\"position\":1,\"name\":\"In\u00edcio\",\"item\":\"https:\\\/\\\/transamerica93.com.br\\\/home\\\/\"},{\"@type\":\"ListItem\",\"position\":2,\"name\":\"Diogo Soares \u00e9 prata no individual da gin\u00e1stica art\u00edstica no Pan\"}]},{\"@type\":\"WebSite\",\"@id\":\"https:\\\/\\\/transamerica93.com.br\\\/home\\\/#website\",\"url\":\"https:\\\/\\\/transamerica93.com.br\\\/home\\\/\",\"name\":\"Transam\u00e9rica Mococa 93,3\",\"description\":\"\",\"publisher\":{\"@id\":\"https:\\\/\\\/transamerica93.com.br\\\/home\\\/#organization\"},\"potentialAction\":[{\"@type\":\"SearchAction\",\"target\":{\"@type\":\"EntryPoint\",\"urlTemplate\":\"https:\\\/\\\/transamerica93.com.br\\\/home\\\/?s={search_term_string}\"},\"query-input\":{\"@type\":\"PropertyValueSpecification\",\"valueRequired\":true,\"valueName\":\"search_term_string\"}}],\"inLanguage\":\"pt-BR\"},{\"@type\":\"Organization\",\"@id\":\"https:\\\/\\\/transamerica93.com.br\\\/home\\\/#organization\",\"name\":\"Transam\u00e9rica Mococa 93,3\",\"url\":\"https:\\\/\\\/transamerica93.com.br\\\/home\\\/\",\"logo\":{\"@type\":\"ImageObject\",\"inLanguage\":\"pt-BR\",\"@id\":\"https:\\\/\\\/transamerica93.com.br\\\/home\\\/#\\\/schema\\\/logo\\\/image\\\/\",\"url\":\"https:\\\/\\\/transamerica93.com.br\\\/home\\\/wp-content\\\/uploads\\\/2023\\\/10\\\/logo2.png\",\"contentUrl\":\"https:\\\/\\\/transamerica93.com.br\\\/home\\\/wp-content\\\/uploads\\\/2023\\\/10\\\/logo2.png\",\"width\":800,\"height\":500,\"caption\":\"Transam\u00e9rica Mococa 93,3\"},\"image\":{\"@id\":\"https:\\\/\\\/transamerica93.com.br\\\/home\\\/#\\\/schema\\\/logo\\\/image\\\/\"},\"sameAs\":[\"https:\\\/\\\/www.facebook.com\\\/transamericamococa\",\"https:\\\/\\\/x.com\\\/transamerica933\",\"https:\\\/\\\/www.instagram.com\\\/transamericamococa\"]},{\"@type\":\"Person\",\"@id\":\"https:\\\/\\\/transamerica93.com.br\\\/home\\\/#\\\/schema\\\/person\\\/7fed7c99c0d4562efa8561bc0f543172\",\"name\":\"Reda\u00e7\u00e3o\",\"image\":{\"@type\":\"ImageObject\",\"inLanguage\":\"pt-BR\",\"@id\":\"https:\\\/\\\/secure.gravatar.com\\\/avatar\\\/1072c6b775fb02ef8506ce967551d95926669a6b7d2c2147b42eea4d7c68395e?s=96&d=mm&r=g\",\"url\":\"https:\\\/\\\/secure.gravatar.com\\\/avatar\\\/1072c6b775fb02ef8506ce967551d95926669a6b7d2c2147b42eea4d7c68395e?s=96&d=mm&r=g\",\"contentUrl\":\"https:\\\/\\\/secure.gravatar.com\\\/avatar\\\/1072c6b775fb02ef8506ce967551d95926669a6b7d2c2147b42eea4d7c68395e?s=96&d=mm&r=g\",\"caption\":\"Reda\u00e7\u00e3o\"},\"sameAs\":[\"https:\\\/\\\/transamerica93.com.br\\\/home\"],\"url\":\"https:\\\/\\\/transamerica93.com.br\\\/home\\\/author\\\/william\\\/\"}]}<\/script>\n<!-- \/ Yoast SEO plugin. -->","yoast_head_json":{"title":"Diogo Soares \u00e9 prata no individual da gin\u00e1stica art\u00edstica no Pan - Transam\u00e9rica Mococa 93,3","robots":{"index":"index","follow":"follow","max-snippet":"max-snippet:-1","max-image-preview":"max-image-preview:large","max-video-preview":"max-video-preview:-1"},"canonical":"https:\/\/transamerica93.com.br\/home\/diogo-soares-e-prata-no-individual-da-ginastica-artistica-no-pan\/","og_locale":"pt_BR","og_type":"article","og_title":"Diogo Soares \u00e9 prata no individual da gin\u00e1stica art\u00edstica no Pan - Transam\u00e9rica Mococa 93,3","og_description":"J\u00e1 classificado para Paris 2024 no Mundial da Antu\u00e9pia (B\u00e9lgica) no in\u00edcio do m\u00eas, Diogo Soares voltou a brilhar nesta segunda-feira (23) com a prata no individual geral masculino da gin\u00e1stica art\u00edstica nos\u00a0Jogos Pan-Americanos de Santiago\u00a0(Chile). Ele somou 81.865 nos seis aparelhos (salto, solo, cavalo com al\u00e7a, argolas, paralelas e barra fixa). O ouro ficou &hellip;","og_url":"https:\/\/transamerica93.com.br\/home\/diogo-soares-e-prata-no-individual-da-ginastica-artistica-no-pan\/","og_site_name":"Transam\u00e9rica Mococa 93,3","article_publisher":"https:\/\/www.facebook.com\/transamericamococa","article_published_time":"2023-10-24T13:00:30+00:00","og_image":[{"width":1170,"height":700,"url":"https:\/\/transamerica93.com.br\/home\/wp-content\/uploads\/2023\/10\/pan.jpg","type":"image\/jpeg"}],"author":"Reda\u00e7\u00e3o","twitter_card":"summary_large_image","twitter_creator":"@transamerica933","twitter_site":"@transamerica933","twitter_misc":{"Escrito por":"Reda\u00e7\u00e3o","Est. tempo de leitura":"3 minutos"},"schema":{"@context":"https:\/\/schema.org","@graph":[{"@type":"Article","@id":"https:\/\/transamerica93.com.br\/home\/diogo-soares-e-prata-no-individual-da-ginastica-artistica-no-pan\/#article","isPartOf":{"@id":"https:\/\/transamerica93.com.br\/home\/diogo-soares-e-prata-no-individual-da-ginastica-artistica-no-pan\/"},"author":{"name":"Reda\u00e7\u00e3o","@id":"https:\/\/transamerica93.com.br\/home\/#\/schema\/person\/7fed7c99c0d4562efa8561bc0f543172"},"headline":"Diogo Soares \u00e9 prata no individual da gin\u00e1stica art\u00edstica no Pan","datePublished":"2023-10-24T13:00:30+00:00","mainEntityOfPage":{"@id":"https:\/\/transamerica93.com.br\/home\/diogo-soares-e-prata-no-individual-da-ginastica-artistica-no-pan\/"},"wordCount":437,"publisher":{"@id":"https:\/\/transamerica93.com.br\/home\/#organization"},"image":{"@id":"https:\/\/transamerica93.com.br\/home\/diogo-soares-e-prata-no-individual-da-ginastica-artistica-no-pan\/#primaryimage"},"thumbnailUrl":"https:\/\/transamerica93.com.br\/home\/wp-content\/uploads\/2023\/10\/pan.jpg","articleSection":["Esportes"],"inLanguage":"pt-BR"},{"@type":"WebPage","@id":"https:\/\/transamerica93.com.br\/home\/diogo-soares-e-prata-no-individual-da-ginastica-artistica-no-pan\/","url":"https:\/\/transamerica93.com.br\/home\/diogo-soares-e-prata-no-individual-da-ginastica-artistica-no-pan\/","name":"Diogo Soares \u00e9 prata no individual da gin\u00e1stica art\u00edstica no Pan - Transam\u00e9rica Mococa 93,3","isPartOf":{"@id":"https:\/\/transamerica93.com.br\/home\/#website"},"primaryImageOfPage":{"@id":"https:\/\/transamerica93.com.br\/home\/diogo-soares-e-prata-no-individual-da-ginastica-artistica-no-pan\/#primaryimage"},"image":{"@id":"https:\/\/transamerica93.com.br\/home\/diogo-soares-e-prata-no-individual-da-ginastica-artistica-no-pan\/#primaryimage"},"thumbnailUrl":"https:\/\/transamerica93.com.br\/home\/wp-content\/uploads\/2023\/10\/pan.jpg","datePublished":"2023-10-24T13:00:30+00:00","breadcrumb":{"@id":"https:\/\/transamerica93.com.br\/home\/diogo-soares-e-prata-no-individual-da-ginastica-artistica-no-pan\/#breadcrumb"},"inLanguage":"pt-BR","potentialAction":[{"@type":"ReadAction","target":["https:\/\/transamerica93.com.br\/home\/diogo-soares-e-prata-no-individual-da-ginastica-artistica-no-pan\/"]}]},{"@type":"ImageObject","inLanguage":"pt-BR","@id":"https:\/\/transamerica93.com.br\/home\/diogo-soares-e-prata-no-individual-da-ginastica-artistica-no-pan\/#primaryimage","url":"https:\/\/transamerica93.com.br\/home\/wp-content\/uploads\/2023\/10\/pan.jpg","contentUrl":"https:\/\/transamerica93.com.br\/home\/wp-content\/uploads\/2023\/10\/pan.jpg","width":1170,"height":700,"caption":"\u00a9 Alexandre Loureiro\/COB\/Direitos Reservados"},{"@type":"BreadcrumbList","@id":"https:\/\/transamerica93.com.br\/home\/diogo-soares-e-prata-no-individual-da-ginastica-artistica-no-pan\/#breadcrumb","itemListElement":[{"@type":"ListItem","position":1,"name":"In\u00edcio","item":"https:\/\/transamerica93.com.br\/home\/"},{"@type":"ListItem","position":2,"name":"Diogo Soares \u00e9 prata no individual da gin\u00e1stica art\u00edstica no Pan"}]},{"@type":"WebSite","@id":"https:\/\/transamerica93.com.br\/home\/#website","url":"https:\/\/transamerica93.com.br\/home\/","name":"Transam\u00e9rica Mococa 93,3","description":"","publisher":{"@id":"https:\/\/transamerica93.com.br\/home\/#organization"},"potentialAction":[{"@type":"SearchAction","target":{"@type":"EntryPoint","urlTemplate":"https:\/\/transamerica93.com.br\/home\/?s={search_term_string}"},"query-input":{"@type":"PropertyValueSpecification","valueRequired":true,"valueName":"search_term_string"}}],"inLanguage":"pt-BR"},{"@type":"Organization","@id":"https:\/\/transamerica93.com.br\/home\/#organization","name":"Transam\u00e9rica Mococa 93,3","url":"https:\/\/transamerica93.com.br\/home\/","logo":{"@type":"ImageObject","inLanguage":"pt-BR","@id":"https:\/\/transamerica93.com.br\/home\/#\/schema\/logo\/image\/","url":"https:\/\/transamerica93.com.br\/home\/wp-content\/uploads\/2023\/10\/logo2.png","contentUrl":"https:\/\/transamerica93.com.br\/home\/wp-content\/uploads\/2023\/10\/logo2.png","width":800,"height":500,"caption":"Transam\u00e9rica Mococa 93,3"},"image":{"@id":"https:\/\/transamerica93.com.br\/home\/#\/schema\/logo\/image\/"},"sameAs":["https:\/\/www.facebook.com\/transamericamococa","https:\/\/x.com\/transamerica933","https:\/\/www.instagram.com\/transamericamococa"]},{"@type":"Person","@id":"https:\/\/transamerica93.com.br\/home\/#\/schema\/person\/7fed7c99c0d4562efa8561bc0f543172","name":"Reda\u00e7\u00e3o","image":{"@type":"ImageObject","inLanguage":"pt-BR","@id":"https:\/\/secure.gravatar.com\/avatar\/1072c6b775fb02ef8506ce967551d95926669a6b7d2c2147b42eea4d7c68395e?s=96&d=mm&r=g","url":"https:\/\/secure.gravatar.com\/avatar\/1072c6b775fb02ef8506ce967551d95926669a6b7d2c2147b42eea4d7c68395e?s=96&d=mm&r=g","contentUrl":"https:\/\/secure.gravatar.com\/avatar\/1072c6b775fb02ef8506ce967551d95926669a6b7d2c2147b42eea4d7c68395e?s=96&d=mm&r=g","caption":"Reda\u00e7\u00e3o"},"sameAs":["https:\/\/transamerica93.com.br\/home"],"url":"https:\/\/transamerica93.com.br\/home\/author\/william\/"}]}},"_links":{"self":[{"href":"https:\/\/transamerica93.com.br\/home\/wp-json\/wp\/v2\/posts\/1883","targetHints":{"allow":["GET"]}}],"collection":[{"href":"https:\/\/transamerica93.com.br\/home\/wp-json\/wp\/v2\/posts"}],"about":[{"href":"https:\/\/transamerica93.com.br\/home\/wp-json\/wp\/v2\/types\/post"}],"author":[{"embeddable":true,"href":"https:\/\/transamerica93.com.br\/home\/wp-json\/wp\/v2\/users\/1"}],"replies":[{"embeddable":true,"href":"https:\/\/transamerica93.com.br\/home\/wp-json\/wp\/v2\/comments?post=1883"}],"version-history":[{"count":1,"href":"https:\/\/transamerica93.com.br\/home\/wp-json\/wp\/v2\/posts\/1883\/revisions"}],"predecessor-version":[{"id":1884,"href":"https:\/\/transamerica93.com.br\/home\/wp-json\/wp\/v2\/posts\/1883\/revisions\/1884"}],"wp:featuredmedia":[{"embeddable":true,"href":"https:\/\/transamerica93.com.br\/home\/wp-json\/wp\/v2\/media\/1879"}],"wp:attachment":[{"href":"https:\/\/transamerica93.com.br\/home\/wp-json\/wp\/v2\/media?parent=1883"}],"wp:term":[{"taxonomy":"category","embeddable":true,"href":"https:\/\/transamerica93.com.br\/home\/wp-json\/wp\/v2\/categories?post=1883"},{"taxonomy":"post_tag","embeddable":true,"href":"https:\/\/transamerica93.com.br\/home\/wp-json\/wp\/v2\/tags?post=1883"}],"curies":[{"name":"wp","href":"https:\/\/api.w.org\/{rel}","templated":true}]}}