{"id":1923,"date":"2023-10-28T22:10:55","date_gmt":"2023-10-29T01:10:55","guid":{"rendered":"https:\/\/transamerica93.com.br\/home\/?p=1923"},"modified":"2023-10-28T22:10:55","modified_gmt":"2023-10-29T01:10:55","slug":"com-rafaela-silva-brasil-domina-1o-dia-do-judo-no-pan-de-santiago","status":"publish","type":"post","link":"https:\/\/transamerica93.com.br\/home\/com-rafaela-silva-brasil-domina-1o-dia-do-judo-no-pan-de-santiago\/","title":{"rendered":"Com Rafaela Silva, Brasil domina 1\u00ba dia do jud\u00f4 no Pan de Santiago"},"content":{"rendered":"<div class=\"post-item-wrap\">\n<p>O Brasil abriu as disputas do jud\u00f4 nos Jogos Pan-Americanos de Santiago, no Chile, com os seis atletas que foram ao tatame conquistando medalhas, sendo quatro douradas. Caras novas, como Al\u00e9xia Nascimento e Michel Augusto, e experientes, como Larissa Pimenta e a multicampe\u00e3 Rafaela Silva, foram ao topo do p\u00f3dio neste s\u00e1bado (28), em que se celebra o Dia Internacional da modalidade.<img decoding=\"async\" data-src=\"https:\/\/agenciabrasil.ebc.com.br\/ebc.png?id=1563381&amp;o=node\" src=\"data:image\/svg+xml;base64,PHN2ZyB3aWR0aD0iMSIgaGVpZ2h0PSIxIiB4bWxucz0iaHR0cDovL3d3dy53My5vcmcvMjAwMC9zdmciPjwvc3ZnPg==\" class=\"lazyload\" \/><img decoding=\"async\" data-src=\"https:\/\/agenciabrasil.ebc.com.br\/ebc.gif?id=1563381&amp;o=node\" src=\"data:image\/svg+xml;base64,PHN2ZyB3aWR0aD0iMSIgaGVpZ2h0PSIxIiB4bWxucz0iaHR0cDovL3d3dy53My5vcmcvMjAwMC9zdmciPjwvc3ZnPg==\" class=\"lazyload\" \/><\/p>\n<p>A vit\u00f3ria de Rafaela teve gosto especial. Ela at\u00e9 tinha vencido a categoria at\u00e9 57 quilos (kg) no Pan de Lima, no Peru, em 2019, mas teve a medalha cassada ap\u00f3s ser pega no doping. Dona de dois t\u00edtulos mundiais (2013 e 2022) e um ol\u00edmpico (2016), essa carioca de 31 anos n\u00e3o demorou a aplicar dois\u00a0<em>wazaris<\/em>\u00a0(quando o atleta derruba o advers\u00e1rio de lado) e a derrotar a argentina Brisa G\u00f3mez, tornando-se a primeira judoca do pa\u00eds a ser campe\u00e3 de tudo no esporte.<\/p>\n<p>&#8220;Na primeira luta, veio um pouco da lembran\u00e7a de 2019, ent\u00e3o tive que segurar a emo\u00e7\u00e3o. Durante os \u00faltimos quatro anos eu pensei nesses Jogos de Santiago. Consegui me manter forte e focar no objetivo. Foram quatro jogos batendo na trave. Prata [2011], bronze [2015], o ouro retirado. Dezesseis anos depois, consigo esse ouro&#8221;, celebrou Rafaela, emocionada, ao falar para a assessoria do\u00a0<em>Time Brasil<\/em>.<\/p>\n<h2>Al\u00e9xia<\/h2>\n<p>O primeiro ouro de s\u00e1bado veio com Al\u00e9xia Nascimento, que venceu a mexicana Edna Carrillo na final da categoria at\u00e9 48 kg. A sul-mato-grossense de 21 anos se credenciou \u00e0 competi\u00e7\u00e3o com o t\u00edtulo do Pan J\u00fanior de 2021, realizado em Cali, na Col\u00f4mbia. O p\u00f3dio ainda teve a pernambucana Amanda Lima, 24 anos, que garantiu o bronze ao derrotar a chilena Mary Dee Vargas.<\/p>\n<p>Na sequ\u00eancia, Michel encarou o colombiano Johan Rojas na decis\u00e3o do peso at\u00e9 60 kg. O paulista de 18 anos chegou a ter com duas puni\u00e7\u00f5es (<em>shidos<\/em>) por falta de combatividade, e uma de ser desclassificado, mas reagiu e pressionou o advers\u00e1rio. A vit\u00f3ria coube ao brasileiro.<\/p>\n<p>Campe\u00e3 no Pan de Lima, Larissa revalidou o t\u00edtulo da categoria at\u00e9 52 kg, ao vencer a mexicana Paulina Martinez na final. Assim como Michel, a paulista de 24 anos se beneficiou do ac\u00famulo de puni\u00e7\u00f5es da advers\u00e1ria para assegurar a vit\u00f3ria e o bicampeonato.<\/p>\n<p>O paulista Willian Lima, de 23 anos, ainda garantiu o bronze na categoria at\u00e9 66 kg. Na disputa pelo terceiro lugar, o brasileiro encaixou dois\u00a0<em>wazaris\u00a0<\/em>para vencer o peruano Juan Postigos. A medalha dele garantiu 100% de aproveitamento do jud\u00f4 brasileiro no primeiro dia da modalidade em Santiago.<\/p>\n<p>O Brasil volta ao tatame de Santiago neste domingo (29), com mais seis judocas: Ketleyn Quadros (categoria at\u00e9 63kg), Al\u00e9xia Castilhos, Luana Carvalho (ambas at\u00e9 70kg), Daniel Cargnin, Gabriel Falc\u00e3o (ambos at\u00e9 73kg) e Guilherme Schimidt (at\u00e9 81kg). As eliminat\u00f3rias come\u00e7am \u00e0s 10h (hor\u00e1rio de Bras\u00edlia).<\/p>\n<\/div>\n<p class=\"alt-font font-italic my-2 small text-info\">Edi\u00e7\u00e3o: Kleber Sampaio<\/p>\n","protected":false},"excerpt":{"rendered":"<p>O Brasil abriu as disputas do jud\u00f4 nos Jogos Pan-Americanos de Santiago, no Chile, com os seis atletas que foram ao tatame conquistando medalhas, sendo quatro douradas. Caras novas, como Al\u00e9xia Nascimento e Michel Augusto, e experientes, como Larissa Pimenta e a multicampe\u00e3 Rafaela Silva, foram ao topo do p\u00f3dio neste s\u00e1bado (28), em que &hellip;<\/p>\n","protected":false},"author":1,"featured_media":1924,"comment_status":"closed","ping_status":"closed","sticky":false,"template":"","format":"standard","meta":{"footnotes":""},"categories":[31],"tags":[],"class_list":["post-1923","post","type-post","status-publish","format-standard","has-post-thumbnail","hentry","category-esportes"],"yoast_head":"<!-- This site is optimized with the Yoast SEO plugin v27.4 - https:\/\/yoast.com\/product\/yoast-seo-wordpress\/ -->\n<title>Com Rafaela Silva, Brasil domina 1\u00ba dia do jud\u00f4 no Pan de Santiago - Transam\u00e9rica Mococa 93,3<\/title>\n<meta name=\"robots\" content=\"index, follow, max-snippet:-1, max-image-preview:large, max-video-preview:-1\" \/>\n<link rel=\"canonical\" href=\"https:\/\/transamerica93.com.br\/home\/com-rafaela-silva-brasil-domina-1o-dia-do-judo-no-pan-de-santiago\/\" \/>\n<meta property=\"og:locale\" content=\"pt_BR\" \/>\n<meta property=\"og:type\" content=\"article\" \/>\n<meta property=\"og:title\" content=\"Com Rafaela Silva, Brasil domina 1\u00ba dia do jud\u00f4 no Pan de Santiago - Transam\u00e9rica Mococa 93,3\" \/>\n<meta property=\"og:description\" content=\"O Brasil abriu as disputas do jud\u00f4 nos Jogos Pan-Americanos de Santiago, no Chile, com os seis atletas que foram ao tatame conquistando medalhas, sendo quatro douradas. Caras novas, como Al\u00e9xia Nascimento e Michel Augusto, e experientes, como Larissa Pimenta e a multicampe\u00e3 Rafaela Silva, foram ao topo do p\u00f3dio neste s\u00e1bado (28), em que &hellip;\" \/>\n<meta property=\"og:url\" content=\"https:\/\/transamerica93.com.br\/home\/com-rafaela-silva-brasil-domina-1o-dia-do-judo-no-pan-de-santiago\/\" \/>\n<meta property=\"og:site_name\" content=\"Transam\u00e9rica Mococa 93,3\" \/>\n<meta property=\"article:publisher\" content=\"https:\/\/www.facebook.com\/transamericamococa\" \/>\n<meta property=\"article:published_time\" content=\"2023-10-29T01:10:55+00:00\" \/>\n<meta property=\"og:image\" content=\"https:\/\/transamerica93.com.br\/home\/wp-content\/uploads\/2023\/10\/imagem-21.jpg\" \/>\n\t<meta property=\"og:image:width\" content=\"1170\" \/>\n\t<meta property=\"og:image:height\" content=\"698\" \/>\n\t<meta property=\"og:image:type\" content=\"image\/jpeg\" \/>\n<meta name=\"author\" content=\"Reda\u00e7\u00e3o\" \/>\n<meta name=\"twitter:card\" content=\"summary_large_image\" \/>\n<meta name=\"twitter:creator\" content=\"@transamerica933\" \/>\n<meta name=\"twitter:site\" content=\"@transamerica933\" \/>\n<meta name=\"twitter:label1\" content=\"Escrito por\" \/>\n\t<meta name=\"twitter:data1\" content=\"Reda\u00e7\u00e3o\" \/>\n<script type=\"application\/ld+json\" class=\"yoast-schema-graph\">{\"@context\":\"https:\\\/\\\/schema.org\",\"@graph\":[{\"@type\":\"Article\",\"@id\":\"https:\\\/\\\/transamerica93.com.br\\\/home\\\/com-rafaela-silva-brasil-domina-1o-dia-do-judo-no-pan-de-santiago\\\/#article\",\"isPartOf\":{\"@id\":\"https:\\\/\\\/transamerica93.com.br\\\/home\\\/com-rafaela-silva-brasil-domina-1o-dia-do-judo-no-pan-de-santiago\\\/\"},\"author\":{\"name\":\"Reda\u00e7\u00e3o\",\"@id\":\"https:\\\/\\\/transamerica93.com.br\\\/home\\\/#\\\/schema\\\/person\\\/7fed7c99c0d4562efa8561bc0f543172\"},\"headline\":\"Com Rafaela Silva, Brasil domina 1\u00ba dia do jud\u00f4 no Pan de Santiago\",\"datePublished\":\"2023-10-29T01:10:55+00:00\",\"mainEntityOfPage\":{\"@id\":\"https:\\\/\\\/transamerica93.com.br\\\/home\\\/com-rafaela-silva-brasil-domina-1o-dia-do-judo-no-pan-de-santiago\\\/\"},\"wordCount\":497,\"publisher\":{\"@id\":\"https:\\\/\\\/transamerica93.com.br\\\/home\\\/#organization\"},\"image\":{\"@id\":\"https:\\\/\\\/transamerica93.com.br\\\/home\\\/com-rafaela-silva-brasil-domina-1o-dia-do-judo-no-pan-de-santiago\\\/#primaryimage\"},\"thumbnailUrl\":\"https:\\\/\\\/transamerica93.com.br\\\/home\\\/wp-content\\\/uploads\\\/2023\\\/10\\\/imagem-21.jpg\",\"articleSection\":[\"Esportes\"],\"inLanguage\":\"pt-BR\"},{\"@type\":\"WebPage\",\"@id\":\"https:\\\/\\\/transamerica93.com.br\\\/home\\\/com-rafaela-silva-brasil-domina-1o-dia-do-judo-no-pan-de-santiago\\\/\",\"url\":\"https:\\\/\\\/transamerica93.com.br\\\/home\\\/com-rafaela-silva-brasil-domina-1o-dia-do-judo-no-pan-de-santiago\\\/\",\"name\":\"Com Rafaela Silva, Brasil domina 1\u00ba dia do jud\u00f4 no Pan de Santiago - Transam\u00e9rica Mococa 93,3\",\"isPartOf\":{\"@id\":\"https:\\\/\\\/transamerica93.com.br\\\/home\\\/#website\"},\"primaryImageOfPage\":{\"@id\":\"https:\\\/\\\/transamerica93.com.br\\\/home\\\/com-rafaela-silva-brasil-domina-1o-dia-do-judo-no-pan-de-santiago\\\/#primaryimage\"},\"image\":{\"@id\":\"https:\\\/\\\/transamerica93.com.br\\\/home\\\/com-rafaela-silva-brasil-domina-1o-dia-do-judo-no-pan-de-santiago\\\/#primaryimage\"},\"thumbnailUrl\":\"https:\\\/\\\/transamerica93.com.br\\\/home\\\/wp-content\\\/uploads\\\/2023\\\/10\\\/imagem-21.jpg\",\"datePublished\":\"2023-10-29T01:10:55+00:00\",\"breadcrumb\":{\"@id\":\"https:\\\/\\\/transamerica93.com.br\\\/home\\\/com-rafaela-silva-brasil-domina-1o-dia-do-judo-no-pan-de-santiago\\\/#breadcrumb\"},\"inLanguage\":\"pt-BR\",\"potentialAction\":[{\"@type\":\"ReadAction\",\"target\":[\"https:\\\/\\\/transamerica93.com.br\\\/home\\\/com-rafaela-silva-brasil-domina-1o-dia-do-judo-no-pan-de-santiago\\\/\"]}]},{\"@type\":\"ImageObject\",\"inLanguage\":\"pt-BR\",\"@id\":\"https:\\\/\\\/transamerica93.com.br\\\/home\\\/com-rafaela-silva-brasil-domina-1o-dia-do-judo-no-pan-de-santiago\\\/#primaryimage\",\"url\":\"https:\\\/\\\/transamerica93.com.br\\\/home\\\/wp-content\\\/uploads\\\/2023\\\/10\\\/imagem-21.jpg\",\"contentUrl\":\"https:\\\/\\\/transamerica93.com.br\\\/home\\\/wp-content\\\/uploads\\\/2023\\\/10\\\/imagem-21.jpg\",\"width\":1170,\"height\":698,\"caption\":\"\u00a9 Lula Marques\\\/ Ag\u00eancia Brasil\"},{\"@type\":\"BreadcrumbList\",\"@id\":\"https:\\\/\\\/transamerica93.com.br\\\/home\\\/com-rafaela-silva-brasil-domina-1o-dia-do-judo-no-pan-de-santiago\\\/#breadcrumb\",\"itemListElement\":[{\"@type\":\"ListItem\",\"position\":1,\"name\":\"In\u00edcio\",\"item\":\"https:\\\/\\\/transamerica93.com.br\\\/home\\\/\"},{\"@type\":\"ListItem\",\"position\":2,\"name\":\"Com Rafaela Silva, Brasil domina 1\u00ba dia do jud\u00f4 no Pan de Santiago\"}]},{\"@type\":\"WebSite\",\"@id\":\"https:\\\/\\\/transamerica93.com.br\\\/home\\\/#website\",\"url\":\"https:\\\/\\\/transamerica93.com.br\\\/home\\\/\",\"name\":\"Transam\u00e9rica Mococa 93,3\",\"description\":\"\",\"publisher\":{\"@id\":\"https:\\\/\\\/transamerica93.com.br\\\/home\\\/#organization\"},\"potentialAction\":[{\"@type\":\"SearchAction\",\"target\":{\"@type\":\"EntryPoint\",\"urlTemplate\":\"https:\\\/\\\/transamerica93.com.br\\\/home\\\/?s={search_term_string}\"},\"query-input\":{\"@type\":\"PropertyValueSpecification\",\"valueRequired\":true,\"valueName\":\"search_term_string\"}}],\"inLanguage\":\"pt-BR\"},{\"@type\":\"Organization\",\"@id\":\"https:\\\/\\\/transamerica93.com.br\\\/home\\\/#organization\",\"name\":\"Transam\u00e9rica Mococa 93,3\",\"url\":\"https:\\\/\\\/transamerica93.com.br\\\/home\\\/\",\"logo\":{\"@type\":\"ImageObject\",\"inLanguage\":\"pt-BR\",\"@id\":\"https:\\\/\\\/transamerica93.com.br\\\/home\\\/#\\\/schema\\\/logo\\\/image\\\/\",\"url\":\"https:\\\/\\\/transamerica93.com.br\\\/home\\\/wp-content\\\/uploads\\\/2023\\\/10\\\/logo2.png\",\"contentUrl\":\"https:\\\/\\\/transamerica93.com.br\\\/home\\\/wp-content\\\/uploads\\\/2023\\\/10\\\/logo2.png\",\"width\":800,\"height\":500,\"caption\":\"Transam\u00e9rica Mococa 93,3\"},\"image\":{\"@id\":\"https:\\\/\\\/transamerica93.com.br\\\/home\\\/#\\\/schema\\\/logo\\\/image\\\/\"},\"sameAs\":[\"https:\\\/\\\/www.facebook.com\\\/transamericamococa\",\"https:\\\/\\\/x.com\\\/transamerica933\",\"https:\\\/\\\/www.instagram.com\\\/transamericamococa\"]},{\"@type\":\"Person\",\"@id\":\"https:\\\/\\\/transamerica93.com.br\\\/home\\\/#\\\/schema\\\/person\\\/7fed7c99c0d4562efa8561bc0f543172\",\"name\":\"Reda\u00e7\u00e3o\",\"image\":{\"@type\":\"ImageObject\",\"inLanguage\":\"pt-BR\",\"@id\":\"https:\\\/\\\/secure.gravatar.com\\\/avatar\\\/1072c6b775fb02ef8506ce967551d95926669a6b7d2c2147b42eea4d7c68395e?s=96&d=mm&r=g\",\"url\":\"https:\\\/\\\/secure.gravatar.com\\\/avatar\\\/1072c6b775fb02ef8506ce967551d95926669a6b7d2c2147b42eea4d7c68395e?s=96&d=mm&r=g\",\"contentUrl\":\"https:\\\/\\\/secure.gravatar.com\\\/avatar\\\/1072c6b775fb02ef8506ce967551d95926669a6b7d2c2147b42eea4d7c68395e?s=96&d=mm&r=g\",\"caption\":\"Reda\u00e7\u00e3o\"},\"sameAs\":[\"https:\\\/\\\/transamerica93.com.br\\\/home\"],\"url\":\"https:\\\/\\\/transamerica93.com.br\\\/home\\\/author\\\/william\\\/\"}]}<\/script>\n<!-- \/ Yoast SEO plugin. -->","yoast_head_json":{"title":"Com Rafaela Silva, Brasil domina 1\u00ba dia do jud\u00f4 no Pan de Santiago - Transam\u00e9rica Mococa 93,3","robots":{"index":"index","follow":"follow","max-snippet":"max-snippet:-1","max-image-preview":"max-image-preview:large","max-video-preview":"max-video-preview:-1"},"canonical":"https:\/\/transamerica93.com.br\/home\/com-rafaela-silva-brasil-domina-1o-dia-do-judo-no-pan-de-santiago\/","og_locale":"pt_BR","og_type":"article","og_title":"Com Rafaela Silva, Brasil domina 1\u00ba dia do jud\u00f4 no Pan de Santiago - Transam\u00e9rica Mococa 93,3","og_description":"O Brasil abriu as disputas do jud\u00f4 nos Jogos Pan-Americanos de Santiago, no Chile, com os seis atletas que foram ao tatame conquistando medalhas, sendo quatro douradas. Caras novas, como Al\u00e9xia Nascimento e Michel Augusto, e experientes, como Larissa Pimenta e a multicampe\u00e3 Rafaela Silva, foram ao topo do p\u00f3dio neste s\u00e1bado (28), em que &hellip;","og_url":"https:\/\/transamerica93.com.br\/home\/com-rafaela-silva-brasil-domina-1o-dia-do-judo-no-pan-de-santiago\/","og_site_name":"Transam\u00e9rica Mococa 93,3","article_publisher":"https:\/\/www.facebook.com\/transamericamococa","article_published_time":"2023-10-29T01:10:55+00:00","og_image":[{"width":1170,"height":698,"url":"https:\/\/transamerica93.com.br\/home\/wp-content\/uploads\/2023\/10\/imagem-21.jpg","type":"image\/jpeg"}],"author":"Reda\u00e7\u00e3o","twitter_card":"summary_large_image","twitter_creator":"@transamerica933","twitter_site":"@transamerica933","twitter_misc":{"Escrito por":"Reda\u00e7\u00e3o"},"schema":{"@context":"https:\/\/schema.org","@graph":[{"@type":"Article","@id":"https:\/\/transamerica93.com.br\/home\/com-rafaela-silva-brasil-domina-1o-dia-do-judo-no-pan-de-santiago\/#article","isPartOf":{"@id":"https:\/\/transamerica93.com.br\/home\/com-rafaela-silva-brasil-domina-1o-dia-do-judo-no-pan-de-santiago\/"},"author":{"name":"Reda\u00e7\u00e3o","@id":"https:\/\/transamerica93.com.br\/home\/#\/schema\/person\/7fed7c99c0d4562efa8561bc0f543172"},"headline":"Com Rafaela Silva, Brasil domina 1\u00ba dia do jud\u00f4 no Pan de Santiago","datePublished":"2023-10-29T01:10:55+00:00","mainEntityOfPage":{"@id":"https:\/\/transamerica93.com.br\/home\/com-rafaela-silva-brasil-domina-1o-dia-do-judo-no-pan-de-santiago\/"},"wordCount":497,"publisher":{"@id":"https:\/\/transamerica93.com.br\/home\/#organization"},"image":{"@id":"https:\/\/transamerica93.com.br\/home\/com-rafaela-silva-brasil-domina-1o-dia-do-judo-no-pan-de-santiago\/#primaryimage"},"thumbnailUrl":"https:\/\/transamerica93.com.br\/home\/wp-content\/uploads\/2023\/10\/imagem-21.jpg","articleSection":["Esportes"],"inLanguage":"pt-BR"},{"@type":"WebPage","@id":"https:\/\/transamerica93.com.br\/home\/com-rafaela-silva-brasil-domina-1o-dia-do-judo-no-pan-de-santiago\/","url":"https:\/\/transamerica93.com.br\/home\/com-rafaela-silva-brasil-domina-1o-dia-do-judo-no-pan-de-santiago\/","name":"Com Rafaela Silva, Brasil domina 1\u00ba dia do jud\u00f4 no Pan de Santiago - Transam\u00e9rica Mococa 93,3","isPartOf":{"@id":"https:\/\/transamerica93.com.br\/home\/#website"},"primaryImageOfPage":{"@id":"https:\/\/transamerica93.com.br\/home\/com-rafaela-silva-brasil-domina-1o-dia-do-judo-no-pan-de-santiago\/#primaryimage"},"image":{"@id":"https:\/\/transamerica93.com.br\/home\/com-rafaela-silva-brasil-domina-1o-dia-do-judo-no-pan-de-santiago\/#primaryimage"},"thumbnailUrl":"https:\/\/transamerica93.com.br\/home\/wp-content\/uploads\/2023\/10\/imagem-21.jpg","datePublished":"2023-10-29T01:10:55+00:00","breadcrumb":{"@id":"https:\/\/transamerica93.com.br\/home\/com-rafaela-silva-brasil-domina-1o-dia-do-judo-no-pan-de-santiago\/#breadcrumb"},"inLanguage":"pt-BR","potentialAction":[{"@type":"ReadAction","target":["https:\/\/transamerica93.com.br\/home\/com-rafaela-silva-brasil-domina-1o-dia-do-judo-no-pan-de-santiago\/"]}]},{"@type":"ImageObject","inLanguage":"pt-BR","@id":"https:\/\/transamerica93.com.br\/home\/com-rafaela-silva-brasil-domina-1o-dia-do-judo-no-pan-de-santiago\/#primaryimage","url":"https:\/\/transamerica93.com.br\/home\/wp-content\/uploads\/2023\/10\/imagem-21.jpg","contentUrl":"https:\/\/transamerica93.com.br\/home\/wp-content\/uploads\/2023\/10\/imagem-21.jpg","width":1170,"height":698,"caption":"\u00a9 Lula Marques\/ Ag\u00eancia Brasil"},{"@type":"BreadcrumbList","@id":"https:\/\/transamerica93.com.br\/home\/com-rafaela-silva-brasil-domina-1o-dia-do-judo-no-pan-de-santiago\/#breadcrumb","itemListElement":[{"@type":"ListItem","position":1,"name":"In\u00edcio","item":"https:\/\/transamerica93.com.br\/home\/"},{"@type":"ListItem","position":2,"name":"Com Rafaela Silva, Brasil domina 1\u00ba dia do jud\u00f4 no Pan de Santiago"}]},{"@type":"WebSite","@id":"https:\/\/transamerica93.com.br\/home\/#website","url":"https:\/\/transamerica93.com.br\/home\/","name":"Transam\u00e9rica Mococa 93,3","description":"","publisher":{"@id":"https:\/\/transamerica93.com.br\/home\/#organization"},"potentialAction":[{"@type":"SearchAction","target":{"@type":"EntryPoint","urlTemplate":"https:\/\/transamerica93.com.br\/home\/?s={search_term_string}"},"query-input":{"@type":"PropertyValueSpecification","valueRequired":true,"valueName":"search_term_string"}}],"inLanguage":"pt-BR"},{"@type":"Organization","@id":"https:\/\/transamerica93.com.br\/home\/#organization","name":"Transam\u00e9rica Mococa 93,3","url":"https:\/\/transamerica93.com.br\/home\/","logo":{"@type":"ImageObject","inLanguage":"pt-BR","@id":"https:\/\/transamerica93.com.br\/home\/#\/schema\/logo\/image\/","url":"https:\/\/transamerica93.com.br\/home\/wp-content\/uploads\/2023\/10\/logo2.png","contentUrl":"https:\/\/transamerica93.com.br\/home\/wp-content\/uploads\/2023\/10\/logo2.png","width":800,"height":500,"caption":"Transam\u00e9rica Mococa 93,3"},"image":{"@id":"https:\/\/transamerica93.com.br\/home\/#\/schema\/logo\/image\/"},"sameAs":["https:\/\/www.facebook.com\/transamericamococa","https:\/\/x.com\/transamerica933","https:\/\/www.instagram.com\/transamericamococa"]},{"@type":"Person","@id":"https:\/\/transamerica93.com.br\/home\/#\/schema\/person\/7fed7c99c0d4562efa8561bc0f543172","name":"Reda\u00e7\u00e3o","image":{"@type":"ImageObject","inLanguage":"pt-BR","@id":"https:\/\/secure.gravatar.com\/avatar\/1072c6b775fb02ef8506ce967551d95926669a6b7d2c2147b42eea4d7c68395e?s=96&d=mm&r=g","url":"https:\/\/secure.gravatar.com\/avatar\/1072c6b775fb02ef8506ce967551d95926669a6b7d2c2147b42eea4d7c68395e?s=96&d=mm&r=g","contentUrl":"https:\/\/secure.gravatar.com\/avatar\/1072c6b775fb02ef8506ce967551d95926669a6b7d2c2147b42eea4d7c68395e?s=96&d=mm&r=g","caption":"Reda\u00e7\u00e3o"},"sameAs":["https:\/\/transamerica93.com.br\/home"],"url":"https:\/\/transamerica93.com.br\/home\/author\/william\/"}]}},"_links":{"self":[{"href":"https:\/\/transamerica93.com.br\/home\/wp-json\/wp\/v2\/posts\/1923","targetHints":{"allow":["GET"]}}],"collection":[{"href":"https:\/\/transamerica93.com.br\/home\/wp-json\/wp\/v2\/posts"}],"about":[{"href":"https:\/\/transamerica93.com.br\/home\/wp-json\/wp\/v2\/types\/post"}],"author":[{"embeddable":true,"href":"https:\/\/transamerica93.com.br\/home\/wp-json\/wp\/v2\/users\/1"}],"replies":[{"embeddable":true,"href":"https:\/\/transamerica93.com.br\/home\/wp-json\/wp\/v2\/comments?post=1923"}],"version-history":[{"count":1,"href":"https:\/\/transamerica93.com.br\/home\/wp-json\/wp\/v2\/posts\/1923\/revisions"}],"predecessor-version":[{"id":1925,"href":"https:\/\/transamerica93.com.br\/home\/wp-json\/wp\/v2\/posts\/1923\/revisions\/1925"}],"wp:featuredmedia":[{"embeddable":true,"href":"https:\/\/transamerica93.com.br\/home\/wp-json\/wp\/v2\/media\/1924"}],"wp:attachment":[{"href":"https:\/\/transamerica93.com.br\/home\/wp-json\/wp\/v2\/media?parent=1923"}],"wp:term":[{"taxonomy":"category","embeddable":true,"href":"https:\/\/transamerica93.com.br\/home\/wp-json\/wp\/v2\/categories?post=1923"},{"taxonomy":"post_tag","embeddable":true,"href":"https:\/\/transamerica93.com.br\/home\/wp-json\/wp\/v2\/tags?post=1923"}],"curies":[{"name":"wp","href":"https:\/\/api.w.org\/{rel}","templated":true}]}}