{"id":1926,"date":"2023-10-28T22:17:22","date_gmt":"2023-10-29T01:17:22","guid":{"rendered":"https:\/\/transamerica93.com.br\/home\/?p=1926"},"modified":"2023-10-28T22:17:22","modified_gmt":"2023-10-29T01:17:22","slug":"padre-fabio-de-melo-desabafa-sobre-sua-familia-o-alcool-destruiu-a-minha-vida","status":"publish","type":"post","link":"https:\/\/transamerica93.com.br\/home\/padre-fabio-de-melo-desabafa-sobre-sua-familia-o-alcool-destruiu-a-minha-vida\/","title":{"rendered":"Padre F\u00e1bio de Melo desabafa sobre sua fam\u00edlia: \u2018o \u00e1lcool destruiu a minha vida\u2019"},"content":{"rendered":"<div id=\"Corpo\">Padre F\u00e1bio de Melo fez revela\u00e7\u00f5es emocionantes sobre a sua fam\u00edlia no programa Conversa com Bial da \u00faltima sexta-feira, 27<\/p>\n<p>Em seu novo livro, A Vida \u00c9 Cruel, Ana Maria: Di\u00e1logos Imagin\u00e1rios Com Minha M\u00e3e, o sacerdote escreve para a sua m\u00e3e, que morreu em 2021 devido \u00e0 Covid-19. &#8220;O livro trata muito da minha dificuldade de desmentir aquilo que muitas vezes a m\u00e3e acreditou de mim. Que eu era um homem pronto, que nada iria me abalar. Sempre foi assim&#8221;, contou.<\/p>\n<p>&#8220;Sempre que pensava na morte da minha m\u00e3e, eu sabia que seria o pior dia da minha vida. Ent\u00e3o eu vivi de fato o pior dia da minha vida. E quando eu vivi a experi\u00eancia definitiva daquela finitude com ela, da minha rela\u00e7\u00e3o com ela, vivi uma liberta\u00e7\u00e3o tamb\u00e9m. Eu agora posso morrer&#8221;, falou.<\/p>\n<p>Padre F\u00e1bio tamb\u00e9m relatou que viu sua m\u00e3e sepultar duas filhas e visitar um filho preso, ent\u00e3o sabia que havia muito sofrimento em sua fam\u00edlia. &#8220;Quando ela morreu foi a primeira coisa que pensei: \u2018pronto, agora se eu n\u00e3o quiser ser feliz eu n\u00e3o preciso mais\u2019&#8221;, disse. &#8220;Claro, n\u00e3o \u00e9 a minha op\u00e7\u00e3o, mas \u00e9, de fato, uma realidade que se apresentou pra mim&#8221;, falou.<\/p>\n<p>Na conversa, ele tamb\u00e9m contou sobre seu pai, que tinha problemas com o \u00e1lcool. &#8220;O meu pai alcoolizado era um homem completamente diferente do homem s\u00f3brio que n\u00f3s t\u00ednhamos no dia a dia&#8221;, revelou.<\/p>\n<p>&#8220;Meu pai era um homem lindo, \u00edntegro, de nobreza de alma. S\u00f3 que quando ele bebia&#8230; \u00c9 uma coisa que insisto muito como padre nas minhas prega\u00e7\u00f5es. O \u00e1lcool destruiu a minha casa, continua destruindo pois ainda \u00e9 um problema na vida de alguns irm\u00e3os&#8221;.<\/p>\n<p>&#8220;\u00c9 gen\u00e9tico, n\u00e3o tenho d\u00favida disso. Se eu me concedesse o direito de beber de vez em quando eu tenho medo de me transformar no meu pai&#8221;, disse.<\/p><\/div>\n","protected":false},"excerpt":{"rendered":"<p>Padre F\u00e1bio de Melo fez revela\u00e7\u00f5es emocionantes sobre a sua fam\u00edlia no programa Conversa com Bial da \u00faltima sexta-feira, 27 Em seu novo livro, A Vida \u00c9 Cruel, Ana Maria: Di\u00e1logos Imagin\u00e1rios Com Minha M\u00e3e, o sacerdote escreve para a sua m\u00e3e, que morreu em 2021 devido \u00e0 Covid-19. &#8220;O livro trata muito da minha &hellip;<\/p>\n","protected":false},"author":1,"featured_media":1927,"comment_status":"closed","ping_status":"closed","sticky":false,"template":"","format":"standard","meta":{"footnotes":""},"categories":[24],"tags":[],"class_list":["post-1926","post","type-post","status-publish","format-standard","has-post-thumbnail","hentry","category-entretenimento"],"yoast_head":"<!-- This site is optimized with the Yoast SEO plugin v27.4 - https:\/\/yoast.com\/product\/yoast-seo-wordpress\/ -->\n<title>Padre F\u00e1bio de Melo desabafa sobre sua fam\u00edlia: \u2018o \u00e1lcool destruiu a minha vida\u2019 - Transam\u00e9rica Mococa 93,3<\/title>\n<meta name=\"robots\" content=\"index, follow, max-snippet:-1, max-image-preview:large, max-video-preview:-1\" \/>\n<link rel=\"canonical\" href=\"https:\/\/transamerica93.com.br\/home\/padre-fabio-de-melo-desabafa-sobre-sua-familia-o-alcool-destruiu-a-minha-vida\/\" \/>\n<meta property=\"og:locale\" content=\"pt_BR\" \/>\n<meta property=\"og:type\" content=\"article\" \/>\n<meta property=\"og:title\" content=\"Padre F\u00e1bio de Melo desabafa sobre sua fam\u00edlia: \u2018o \u00e1lcool destruiu a minha vida\u2019 - Transam\u00e9rica Mococa 93,3\" \/>\n<meta property=\"og:description\" content=\"Padre F\u00e1bio de Melo fez revela\u00e7\u00f5es emocionantes sobre a sua fam\u00edlia no programa Conversa com Bial da \u00faltima sexta-feira, 27 Em seu novo livro, A Vida \u00c9 Cruel, Ana Maria: Di\u00e1logos Imagin\u00e1rios Com Minha M\u00e3e, o sacerdote escreve para a sua m\u00e3e, que morreu em 2021 devido \u00e0 Covid-19. &#8220;O livro trata muito da minha &hellip;\" \/>\n<meta property=\"og:url\" content=\"https:\/\/transamerica93.com.br\/home\/padre-fabio-de-melo-desabafa-sobre-sua-familia-o-alcool-destruiu-a-minha-vida\/\" \/>\n<meta property=\"og:site_name\" content=\"Transam\u00e9rica Mococa 93,3\" \/>\n<meta property=\"article:publisher\" content=\"https:\/\/www.facebook.com\/transamericamococa\" \/>\n<meta property=\"article:published_time\" content=\"2023-10-29T01:17:22+00:00\" \/>\n<meta property=\"og:image\" content=\"https:\/\/transamerica93.com.br\/home\/wp-content\/uploads\/2023\/10\/fabiodemelo.jpg\" \/>\n\t<meta property=\"og:image:width\" content=\"800\" \/>\n\t<meta property=\"og:image:height\" content=\"500\" \/>\n\t<meta property=\"og:image:type\" content=\"image\/jpeg\" \/>\n<meta name=\"author\" content=\"Reda\u00e7\u00e3o\" \/>\n<meta name=\"twitter:card\" content=\"summary_large_image\" \/>\n<meta name=\"twitter:creator\" content=\"@transamerica933\" \/>\n<meta name=\"twitter:site\" content=\"@transamerica933\" \/>\n<meta name=\"twitter:label1\" content=\"Escrito por\" \/>\n\t<meta name=\"twitter:data1\" content=\"Reda\u00e7\u00e3o\" \/>\n\t<meta name=\"twitter:label2\" content=\"Est. tempo de leitura\" \/>\n\t<meta name=\"twitter:data2\" content=\"2 minutos\" \/>\n<script type=\"application\/ld+json\" class=\"yoast-schema-graph\">{\"@context\":\"https:\\\/\\\/schema.org\",\"@graph\":[{\"@type\":\"Article\",\"@id\":\"https:\\\/\\\/transamerica93.com.br\\\/home\\\/padre-fabio-de-melo-desabafa-sobre-sua-familia-o-alcool-destruiu-a-minha-vida\\\/#article\",\"isPartOf\":{\"@id\":\"https:\\\/\\\/transamerica93.com.br\\\/home\\\/padre-fabio-de-melo-desabafa-sobre-sua-familia-o-alcool-destruiu-a-minha-vida\\\/\"},\"author\":{\"name\":\"Reda\u00e7\u00e3o\",\"@id\":\"https:\\\/\\\/transamerica93.com.br\\\/home\\\/#\\\/schema\\\/person\\\/7fed7c99c0d4562efa8561bc0f543172\"},\"headline\":\"Padre F\u00e1bio de Melo desabafa sobre sua fam\u00edlia: \u2018o \u00e1lcool destruiu a minha vida\u2019\",\"datePublished\":\"2023-10-29T01:17:22+00:00\",\"mainEntityOfPage\":{\"@id\":\"https:\\\/\\\/transamerica93.com.br\\\/home\\\/padre-fabio-de-melo-desabafa-sobre-sua-familia-o-alcool-destruiu-a-minha-vida\\\/\"},\"wordCount\":347,\"publisher\":{\"@id\":\"https:\\\/\\\/transamerica93.com.br\\\/home\\\/#organization\"},\"image\":{\"@id\":\"https:\\\/\\\/transamerica93.com.br\\\/home\\\/padre-fabio-de-melo-desabafa-sobre-sua-familia-o-alcool-destruiu-a-minha-vida\\\/#primaryimage\"},\"thumbnailUrl\":\"https:\\\/\\\/transamerica93.com.br\\\/home\\\/wp-content\\\/uploads\\\/2023\\\/10\\\/fabiodemelo.jpg\",\"articleSection\":[\"Entretenimento\"],\"inLanguage\":\"pt-BR\"},{\"@type\":\"WebPage\",\"@id\":\"https:\\\/\\\/transamerica93.com.br\\\/home\\\/padre-fabio-de-melo-desabafa-sobre-sua-familia-o-alcool-destruiu-a-minha-vida\\\/\",\"url\":\"https:\\\/\\\/transamerica93.com.br\\\/home\\\/padre-fabio-de-melo-desabafa-sobre-sua-familia-o-alcool-destruiu-a-minha-vida\\\/\",\"name\":\"Padre F\u00e1bio de Melo desabafa sobre sua fam\u00edlia: \u2018o \u00e1lcool destruiu a minha vida\u2019 - Transam\u00e9rica Mococa 93,3\",\"isPartOf\":{\"@id\":\"https:\\\/\\\/transamerica93.com.br\\\/home\\\/#website\"},\"primaryImageOfPage\":{\"@id\":\"https:\\\/\\\/transamerica93.com.br\\\/home\\\/padre-fabio-de-melo-desabafa-sobre-sua-familia-o-alcool-destruiu-a-minha-vida\\\/#primaryimage\"},\"image\":{\"@id\":\"https:\\\/\\\/transamerica93.com.br\\\/home\\\/padre-fabio-de-melo-desabafa-sobre-sua-familia-o-alcool-destruiu-a-minha-vida\\\/#primaryimage\"},\"thumbnailUrl\":\"https:\\\/\\\/transamerica93.com.br\\\/home\\\/wp-content\\\/uploads\\\/2023\\\/10\\\/fabiodemelo.jpg\",\"datePublished\":\"2023-10-29T01:17:22+00:00\",\"breadcrumb\":{\"@id\":\"https:\\\/\\\/transamerica93.com.br\\\/home\\\/padre-fabio-de-melo-desabafa-sobre-sua-familia-o-alcool-destruiu-a-minha-vida\\\/#breadcrumb\"},\"inLanguage\":\"pt-BR\",\"potentialAction\":[{\"@type\":\"ReadAction\",\"target\":[\"https:\\\/\\\/transamerica93.com.br\\\/home\\\/padre-fabio-de-melo-desabafa-sobre-sua-familia-o-alcool-destruiu-a-minha-vida\\\/\"]}]},{\"@type\":\"ImageObject\",\"inLanguage\":\"pt-BR\",\"@id\":\"https:\\\/\\\/transamerica93.com.br\\\/home\\\/padre-fabio-de-melo-desabafa-sobre-sua-familia-o-alcool-destruiu-a-minha-vida\\\/#primaryimage\",\"url\":\"https:\\\/\\\/transamerica93.com.br\\\/home\\\/wp-content\\\/uploads\\\/2023\\\/10\\\/fabiodemelo.jpg\",\"contentUrl\":\"https:\\\/\\\/transamerica93.com.br\\\/home\\\/wp-content\\\/uploads\\\/2023\\\/10\\\/fabiodemelo.jpg\",\"width\":800,\"height\":500,\"caption\":\"Reprodu\u00e7\u00e3o\\\/Instagram\"},{\"@type\":\"BreadcrumbList\",\"@id\":\"https:\\\/\\\/transamerica93.com.br\\\/home\\\/padre-fabio-de-melo-desabafa-sobre-sua-familia-o-alcool-destruiu-a-minha-vida\\\/#breadcrumb\",\"itemListElement\":[{\"@type\":\"ListItem\",\"position\":1,\"name\":\"In\u00edcio\",\"item\":\"https:\\\/\\\/transamerica93.com.br\\\/home\\\/\"},{\"@type\":\"ListItem\",\"position\":2,\"name\":\"Padre F\u00e1bio de Melo desabafa sobre sua fam\u00edlia: \u2018o \u00e1lcool destruiu a minha vida\u2019\"}]},{\"@type\":\"WebSite\",\"@id\":\"https:\\\/\\\/transamerica93.com.br\\\/home\\\/#website\",\"url\":\"https:\\\/\\\/transamerica93.com.br\\\/home\\\/\",\"name\":\"Transam\u00e9rica Mococa 93,3\",\"description\":\"\",\"publisher\":{\"@id\":\"https:\\\/\\\/transamerica93.com.br\\\/home\\\/#organization\"},\"potentialAction\":[{\"@type\":\"SearchAction\",\"target\":{\"@type\":\"EntryPoint\",\"urlTemplate\":\"https:\\\/\\\/transamerica93.com.br\\\/home\\\/?s={search_term_string}\"},\"query-input\":{\"@type\":\"PropertyValueSpecification\",\"valueRequired\":true,\"valueName\":\"search_term_string\"}}],\"inLanguage\":\"pt-BR\"},{\"@type\":\"Organization\",\"@id\":\"https:\\\/\\\/transamerica93.com.br\\\/home\\\/#organization\",\"name\":\"Transam\u00e9rica Mococa 93,3\",\"url\":\"https:\\\/\\\/transamerica93.com.br\\\/home\\\/\",\"logo\":{\"@type\":\"ImageObject\",\"inLanguage\":\"pt-BR\",\"@id\":\"https:\\\/\\\/transamerica93.com.br\\\/home\\\/#\\\/schema\\\/logo\\\/image\\\/\",\"url\":\"https:\\\/\\\/transamerica93.com.br\\\/home\\\/wp-content\\\/uploads\\\/2023\\\/10\\\/logo2.png\",\"contentUrl\":\"https:\\\/\\\/transamerica93.com.br\\\/home\\\/wp-content\\\/uploads\\\/2023\\\/10\\\/logo2.png\",\"width\":800,\"height\":500,\"caption\":\"Transam\u00e9rica Mococa 93,3\"},\"image\":{\"@id\":\"https:\\\/\\\/transamerica93.com.br\\\/home\\\/#\\\/schema\\\/logo\\\/image\\\/\"},\"sameAs\":[\"https:\\\/\\\/www.facebook.com\\\/transamericamococa\",\"https:\\\/\\\/x.com\\\/transamerica933\",\"https:\\\/\\\/www.instagram.com\\\/transamericamococa\"]},{\"@type\":\"Person\",\"@id\":\"https:\\\/\\\/transamerica93.com.br\\\/home\\\/#\\\/schema\\\/person\\\/7fed7c99c0d4562efa8561bc0f543172\",\"name\":\"Reda\u00e7\u00e3o\",\"image\":{\"@type\":\"ImageObject\",\"inLanguage\":\"pt-BR\",\"@id\":\"https:\\\/\\\/secure.gravatar.com\\\/avatar\\\/1072c6b775fb02ef8506ce967551d95926669a6b7d2c2147b42eea4d7c68395e?s=96&d=mm&r=g\",\"url\":\"https:\\\/\\\/secure.gravatar.com\\\/avatar\\\/1072c6b775fb02ef8506ce967551d95926669a6b7d2c2147b42eea4d7c68395e?s=96&d=mm&r=g\",\"contentUrl\":\"https:\\\/\\\/secure.gravatar.com\\\/avatar\\\/1072c6b775fb02ef8506ce967551d95926669a6b7d2c2147b42eea4d7c68395e?s=96&d=mm&r=g\",\"caption\":\"Reda\u00e7\u00e3o\"},\"sameAs\":[\"https:\\\/\\\/transamerica93.com.br\\\/home\"],\"url\":\"https:\\\/\\\/transamerica93.com.br\\\/home\\\/author\\\/william\\\/\"}]}<\/script>\n<!-- \/ Yoast SEO plugin. -->","yoast_head_json":{"title":"Padre F\u00e1bio de Melo desabafa sobre sua fam\u00edlia: \u2018o \u00e1lcool destruiu a minha vida\u2019 - Transam\u00e9rica Mococa 93,3","robots":{"index":"index","follow":"follow","max-snippet":"max-snippet:-1","max-image-preview":"max-image-preview:large","max-video-preview":"max-video-preview:-1"},"canonical":"https:\/\/transamerica93.com.br\/home\/padre-fabio-de-melo-desabafa-sobre-sua-familia-o-alcool-destruiu-a-minha-vida\/","og_locale":"pt_BR","og_type":"article","og_title":"Padre F\u00e1bio de Melo desabafa sobre sua fam\u00edlia: \u2018o \u00e1lcool destruiu a minha vida\u2019 - Transam\u00e9rica Mococa 93,3","og_description":"Padre F\u00e1bio de Melo fez revela\u00e7\u00f5es emocionantes sobre a sua fam\u00edlia no programa Conversa com Bial da \u00faltima sexta-feira, 27 Em seu novo livro, A Vida \u00c9 Cruel, Ana Maria: Di\u00e1logos Imagin\u00e1rios Com Minha M\u00e3e, o sacerdote escreve para a sua m\u00e3e, que morreu em 2021 devido \u00e0 Covid-19. &#8220;O livro trata muito da minha &hellip;","og_url":"https:\/\/transamerica93.com.br\/home\/padre-fabio-de-melo-desabafa-sobre-sua-familia-o-alcool-destruiu-a-minha-vida\/","og_site_name":"Transam\u00e9rica Mococa 93,3","article_publisher":"https:\/\/www.facebook.com\/transamericamococa","article_published_time":"2023-10-29T01:17:22+00:00","og_image":[{"width":800,"height":500,"url":"https:\/\/transamerica93.com.br\/home\/wp-content\/uploads\/2023\/10\/fabiodemelo.jpg","type":"image\/jpeg"}],"author":"Reda\u00e7\u00e3o","twitter_card":"summary_large_image","twitter_creator":"@transamerica933","twitter_site":"@transamerica933","twitter_misc":{"Escrito por":"Reda\u00e7\u00e3o","Est. tempo de leitura":"2 minutos"},"schema":{"@context":"https:\/\/schema.org","@graph":[{"@type":"Article","@id":"https:\/\/transamerica93.com.br\/home\/padre-fabio-de-melo-desabafa-sobre-sua-familia-o-alcool-destruiu-a-minha-vida\/#article","isPartOf":{"@id":"https:\/\/transamerica93.com.br\/home\/padre-fabio-de-melo-desabafa-sobre-sua-familia-o-alcool-destruiu-a-minha-vida\/"},"author":{"name":"Reda\u00e7\u00e3o","@id":"https:\/\/transamerica93.com.br\/home\/#\/schema\/person\/7fed7c99c0d4562efa8561bc0f543172"},"headline":"Padre F\u00e1bio de Melo desabafa sobre sua fam\u00edlia: \u2018o \u00e1lcool destruiu a minha vida\u2019","datePublished":"2023-10-29T01:17:22+00:00","mainEntityOfPage":{"@id":"https:\/\/transamerica93.com.br\/home\/padre-fabio-de-melo-desabafa-sobre-sua-familia-o-alcool-destruiu-a-minha-vida\/"},"wordCount":347,"publisher":{"@id":"https:\/\/transamerica93.com.br\/home\/#organization"},"image":{"@id":"https:\/\/transamerica93.com.br\/home\/padre-fabio-de-melo-desabafa-sobre-sua-familia-o-alcool-destruiu-a-minha-vida\/#primaryimage"},"thumbnailUrl":"https:\/\/transamerica93.com.br\/home\/wp-content\/uploads\/2023\/10\/fabiodemelo.jpg","articleSection":["Entretenimento"],"inLanguage":"pt-BR"},{"@type":"WebPage","@id":"https:\/\/transamerica93.com.br\/home\/padre-fabio-de-melo-desabafa-sobre-sua-familia-o-alcool-destruiu-a-minha-vida\/","url":"https:\/\/transamerica93.com.br\/home\/padre-fabio-de-melo-desabafa-sobre-sua-familia-o-alcool-destruiu-a-minha-vida\/","name":"Padre F\u00e1bio de Melo desabafa sobre sua fam\u00edlia: \u2018o \u00e1lcool destruiu a minha vida\u2019 - Transam\u00e9rica Mococa 93,3","isPartOf":{"@id":"https:\/\/transamerica93.com.br\/home\/#website"},"primaryImageOfPage":{"@id":"https:\/\/transamerica93.com.br\/home\/padre-fabio-de-melo-desabafa-sobre-sua-familia-o-alcool-destruiu-a-minha-vida\/#primaryimage"},"image":{"@id":"https:\/\/transamerica93.com.br\/home\/padre-fabio-de-melo-desabafa-sobre-sua-familia-o-alcool-destruiu-a-minha-vida\/#primaryimage"},"thumbnailUrl":"https:\/\/transamerica93.com.br\/home\/wp-content\/uploads\/2023\/10\/fabiodemelo.jpg","datePublished":"2023-10-29T01:17:22+00:00","breadcrumb":{"@id":"https:\/\/transamerica93.com.br\/home\/padre-fabio-de-melo-desabafa-sobre-sua-familia-o-alcool-destruiu-a-minha-vida\/#breadcrumb"},"inLanguage":"pt-BR","potentialAction":[{"@type":"ReadAction","target":["https:\/\/transamerica93.com.br\/home\/padre-fabio-de-melo-desabafa-sobre-sua-familia-o-alcool-destruiu-a-minha-vida\/"]}]},{"@type":"ImageObject","inLanguage":"pt-BR","@id":"https:\/\/transamerica93.com.br\/home\/padre-fabio-de-melo-desabafa-sobre-sua-familia-o-alcool-destruiu-a-minha-vida\/#primaryimage","url":"https:\/\/transamerica93.com.br\/home\/wp-content\/uploads\/2023\/10\/fabiodemelo.jpg","contentUrl":"https:\/\/transamerica93.com.br\/home\/wp-content\/uploads\/2023\/10\/fabiodemelo.jpg","width":800,"height":500,"caption":"Reprodu\u00e7\u00e3o\/Instagram"},{"@type":"BreadcrumbList","@id":"https:\/\/transamerica93.com.br\/home\/padre-fabio-de-melo-desabafa-sobre-sua-familia-o-alcool-destruiu-a-minha-vida\/#breadcrumb","itemListElement":[{"@type":"ListItem","position":1,"name":"In\u00edcio","item":"https:\/\/transamerica93.com.br\/home\/"},{"@type":"ListItem","position":2,"name":"Padre F\u00e1bio de Melo desabafa sobre sua fam\u00edlia: \u2018o \u00e1lcool destruiu a minha vida\u2019"}]},{"@type":"WebSite","@id":"https:\/\/transamerica93.com.br\/home\/#website","url":"https:\/\/transamerica93.com.br\/home\/","name":"Transam\u00e9rica Mococa 93,3","description":"","publisher":{"@id":"https:\/\/transamerica93.com.br\/home\/#organization"},"potentialAction":[{"@type":"SearchAction","target":{"@type":"EntryPoint","urlTemplate":"https:\/\/transamerica93.com.br\/home\/?s={search_term_string}"},"query-input":{"@type":"PropertyValueSpecification","valueRequired":true,"valueName":"search_term_string"}}],"inLanguage":"pt-BR"},{"@type":"Organization","@id":"https:\/\/transamerica93.com.br\/home\/#organization","name":"Transam\u00e9rica Mococa 93,3","url":"https:\/\/transamerica93.com.br\/home\/","logo":{"@type":"ImageObject","inLanguage":"pt-BR","@id":"https:\/\/transamerica93.com.br\/home\/#\/schema\/logo\/image\/","url":"https:\/\/transamerica93.com.br\/home\/wp-content\/uploads\/2023\/10\/logo2.png","contentUrl":"https:\/\/transamerica93.com.br\/home\/wp-content\/uploads\/2023\/10\/logo2.png","width":800,"height":500,"caption":"Transam\u00e9rica Mococa 93,3"},"image":{"@id":"https:\/\/transamerica93.com.br\/home\/#\/schema\/logo\/image\/"},"sameAs":["https:\/\/www.facebook.com\/transamericamococa","https:\/\/x.com\/transamerica933","https:\/\/www.instagram.com\/transamericamococa"]},{"@type":"Person","@id":"https:\/\/transamerica93.com.br\/home\/#\/schema\/person\/7fed7c99c0d4562efa8561bc0f543172","name":"Reda\u00e7\u00e3o","image":{"@type":"ImageObject","inLanguage":"pt-BR","@id":"https:\/\/secure.gravatar.com\/avatar\/1072c6b775fb02ef8506ce967551d95926669a6b7d2c2147b42eea4d7c68395e?s=96&d=mm&r=g","url":"https:\/\/secure.gravatar.com\/avatar\/1072c6b775fb02ef8506ce967551d95926669a6b7d2c2147b42eea4d7c68395e?s=96&d=mm&r=g","contentUrl":"https:\/\/secure.gravatar.com\/avatar\/1072c6b775fb02ef8506ce967551d95926669a6b7d2c2147b42eea4d7c68395e?s=96&d=mm&r=g","caption":"Reda\u00e7\u00e3o"},"sameAs":["https:\/\/transamerica93.com.br\/home"],"url":"https:\/\/transamerica93.com.br\/home\/author\/william\/"}]}},"_links":{"self":[{"href":"https:\/\/transamerica93.com.br\/home\/wp-json\/wp\/v2\/posts\/1926","targetHints":{"allow":["GET"]}}],"collection":[{"href":"https:\/\/transamerica93.com.br\/home\/wp-json\/wp\/v2\/posts"}],"about":[{"href":"https:\/\/transamerica93.com.br\/home\/wp-json\/wp\/v2\/types\/post"}],"author":[{"embeddable":true,"href":"https:\/\/transamerica93.com.br\/home\/wp-json\/wp\/v2\/users\/1"}],"replies":[{"embeddable":true,"href":"https:\/\/transamerica93.com.br\/home\/wp-json\/wp\/v2\/comments?post=1926"}],"version-history":[{"count":1,"href":"https:\/\/transamerica93.com.br\/home\/wp-json\/wp\/v2\/posts\/1926\/revisions"}],"predecessor-version":[{"id":1928,"href":"https:\/\/transamerica93.com.br\/home\/wp-json\/wp\/v2\/posts\/1926\/revisions\/1928"}],"wp:featuredmedia":[{"embeddable":true,"href":"https:\/\/transamerica93.com.br\/home\/wp-json\/wp\/v2\/media\/1927"}],"wp:attachment":[{"href":"https:\/\/transamerica93.com.br\/home\/wp-json\/wp\/v2\/media?parent=1926"}],"wp:term":[{"taxonomy":"category","embeddable":true,"href":"https:\/\/transamerica93.com.br\/home\/wp-json\/wp\/v2\/categories?post=1926"},{"taxonomy":"post_tag","embeddable":true,"href":"https:\/\/transamerica93.com.br\/home\/wp-json\/wp\/v2\/tags?post=1926"}],"curies":[{"name":"wp","href":"https:\/\/api.w.org\/{rel}","templated":true}]}}