{"id":1940,"date":"2023-10-30T11:00:48","date_gmt":"2023-10-30T14:00:48","guid":{"rendered":"https:\/\/transamerica93.com.br\/home\/?p=1940"},"modified":"2023-10-29T11:40:58","modified_gmt":"2023-10-29T14:40:58","slug":"diario-de-um-homem-louco-saiba-porque-ozzy-osbourne-e-chamado-de-principe-das-trevas","status":"publish","type":"post","link":"https:\/\/transamerica93.com.br\/home\/diario-de-um-homem-louco-saiba-porque-ozzy-osbourne-e-chamado-de-principe-das-trevas\/","title":{"rendered":"Di\u00e1rio de um homem louco: Saiba porque Ozzy Osbourne \u00e9 chamado de Pr\u00edncipe das Trevas"},"content":{"rendered":"<p>Ozzy Osbourne \u00e9 conhecido por muitas coisas como Madman, comedor de morcego, morde pombo, mas \u00e9 carinhosamente conhecido pela maior parte do mundo como Pr\u00edncipe das Trevas. Mas de onde veio esse nome e como acabou se tornando seu apelido?<\/p>\n<p>\u201cO Pr\u00edncipe das Trevas\u201d \u00e9 a tradu\u00e7\u00e3o da frase em latim \u201cprinceps tenebrarum\u201d, que foi escrita em v\u00e1rias obras entre os s\u00e9culos IV e XII. O renomado poeta ingl\u00eas John Milton traduziu a frase de seu poema de 1667, Para\u00edso Perdido, referindo-se a Satan\u00e1s como o Pr\u00edncipe das Trevas.<\/p>\n<p>Assim, Pr\u00edncipe das Trevas tem sido um apelido para Satan\u00e1s e a personifica\u00e7\u00e3o do mal h\u00e1 centenas de anos.<\/p>\n<p>Ent\u00e3o como acabou se tornando o apelido de Ozzy Osbourne?<\/p>\n<p>Durante uma entrevista de 2016 para a\u00a0<a href=\"https:\/\/www.nme.com\/news\/music\/ozzy-osbourne-reveals-scariest-song-ever-written-1801954\" target=\"_blank\" rel=\"noopener\">NME<\/a>, Osbourne nomeou a m\u00fasica Black Sabbath, de 1970, como a \u201cm\u00fasica mais assustadora j\u00e1 escrita\u201d e lembrou que os acordes de abertura \u2013 conhecidos como \u201cDiabolus in musica\u201d ou \u201cThe Devil\u2019s Interval\u201d \u2013 fizeram muitos jovens enlouquecerem em seus shows.<\/p>\n<p>\u201cPensaram que \u00e9ramos amigos de Satan\u00e1s ou algo assim\u201d, disse Osbourne. \u201dFoi quando toda a coisa de Pr\u00edncipe das Trevas come\u00e7ou. Quando as pessoas ficam entusiasmadas com a chegada do Halloween a cada ano, tudo que penso \u00e9: \u2018Bem, costum\u00e1vamos ter Halloween todas as malditas noites&#8217;\u201d.<\/p>\n<p>Como a m\u00fasica do Black Sabbath era vista por muitos como sinistra, associar o vocalista a Satan\u00e1s e ao mal deve ter feito sentido para as pessoas.<\/p>\n<p>Mas, apesar de tudo, Ozzy n\u00e3o se sentiu mal com o apelido. \u201c\u00c9 um nome. N\u00e3o acordei uma manh\u00e3 e disse: \u2018Quer saber, vou me chamar de\u2026\u2019 Na verdade, come\u00e7ou como uma piada\u201d, ele explicou. \u201cEu estou bem com isso. Voc\u00ea sabe, \u00e9 melhor do que ser chamado de idiota\u201d.<\/p>\n<p>Leia mais em RockBizz:\u00a0<a href=\"https:\/\/www.rockbizz.com.br\/diario-de-um-homem-louco-saiba-porque-ozzy-osbourne-e-chamado-de-principe-das-trevas\/\">Di\u00e1rio de um homem louco: Saiba porque Ozzy Osbourne \u00e9 chamado de Pr\u00edncipe das Trevas<\/a>\u00a0| https:\/\/www.rockbizz.com.br\/diario-de-um-homem-louco-saiba-porque-ozzy-osbourne-e-chamado-de-principe-das-trevas\/<\/p>\n","protected":false},"excerpt":{"rendered":"<p>Ozzy Osbourne \u00e9 conhecido por muitas coisas como Madman, comedor de morcego, morde pombo, mas \u00e9 carinhosamente conhecido pela maior parte do mundo como Pr\u00edncipe das Trevas. Mas de onde veio esse nome e como acabou se tornando seu apelido? \u201cO Pr\u00edncipe das Trevas\u201d \u00e9 a tradu\u00e7\u00e3o da frase em latim \u201cprinceps tenebrarum\u201d, que foi &hellip;<\/p>\n","protected":false},"author":1,"featured_media":1942,"comment_status":"closed","ping_status":"closed","sticky":false,"template":"","format":"standard","meta":{"footnotes":""},"categories":[25],"tags":[],"class_list":["post-1940","post","type-post","status-publish","format-standard","has-post-thumbnail","hentry","category-musica"],"yoast_head":"<!-- This site is optimized with the Yoast SEO plugin v27.4 - https:\/\/yoast.com\/product\/yoast-seo-wordpress\/ -->\n<title>Di\u00e1rio de um homem louco: Saiba porque Ozzy Osbourne \u00e9 chamado de Pr\u00edncipe das Trevas - Transam\u00e9rica Mococa 93,3<\/title>\n<meta name=\"robots\" content=\"index, follow, max-snippet:-1, max-image-preview:large, max-video-preview:-1\" \/>\n<link rel=\"canonical\" href=\"https:\/\/transamerica93.com.br\/home\/diario-de-um-homem-louco-saiba-porque-ozzy-osbourne-e-chamado-de-principe-das-trevas\/\" \/>\n<meta property=\"og:locale\" content=\"pt_BR\" \/>\n<meta property=\"og:type\" content=\"article\" \/>\n<meta property=\"og:title\" content=\"Di\u00e1rio de um homem louco: Saiba porque Ozzy Osbourne \u00e9 chamado de Pr\u00edncipe das Trevas - Transam\u00e9rica Mococa 93,3\" \/>\n<meta property=\"og:description\" content=\"Ozzy Osbourne \u00e9 conhecido por muitas coisas como Madman, comedor de morcego, morde pombo, mas \u00e9 carinhosamente conhecido pela maior parte do mundo como Pr\u00edncipe das Trevas. Mas de onde veio esse nome e como acabou se tornando seu apelido? \u201cO Pr\u00edncipe das Trevas\u201d \u00e9 a tradu\u00e7\u00e3o da frase em latim \u201cprinceps tenebrarum\u201d, que foi &hellip;\" \/>\n<meta property=\"og:url\" content=\"https:\/\/transamerica93.com.br\/home\/diario-de-um-homem-louco-saiba-porque-ozzy-osbourne-e-chamado-de-principe-das-trevas\/\" \/>\n<meta property=\"og:site_name\" content=\"Transam\u00e9rica Mococa 93,3\" \/>\n<meta property=\"article:publisher\" content=\"https:\/\/www.facebook.com\/transamericamococa\" \/>\n<meta property=\"article:published_time\" content=\"2023-10-30T14:00:48+00:00\" \/>\n<meta property=\"og:image\" content=\"https:\/\/transamerica93.com.br\/home\/wp-content\/uploads\/2023\/10\/ozzy2.jpg\" \/>\n\t<meta property=\"og:image:width\" content=\"999\" \/>\n\t<meta property=\"og:image:height\" content=\"623\" \/>\n\t<meta property=\"og:image:type\" content=\"image\/jpeg\" \/>\n<meta name=\"author\" content=\"Reda\u00e7\u00e3o\" \/>\n<meta name=\"twitter:card\" content=\"summary_large_image\" \/>\n<meta name=\"twitter:creator\" content=\"@transamerica933\" \/>\n<meta name=\"twitter:site\" content=\"@transamerica933\" \/>\n<meta name=\"twitter:label1\" content=\"Escrito por\" \/>\n\t<meta name=\"twitter:data1\" content=\"Reda\u00e7\u00e3o\" \/>\n\t<meta name=\"twitter:label2\" content=\"Est. tempo de leitura\" \/>\n\t<meta name=\"twitter:data2\" content=\"2 minutos\" \/>\n<script type=\"application\/ld+json\" class=\"yoast-schema-graph\">{\"@context\":\"https:\\\/\\\/schema.org\",\"@graph\":[{\"@type\":\"Article\",\"@id\":\"https:\\\/\\\/transamerica93.com.br\\\/home\\\/diario-de-um-homem-louco-saiba-porque-ozzy-osbourne-e-chamado-de-principe-das-trevas\\\/#article\",\"isPartOf\":{\"@id\":\"https:\\\/\\\/transamerica93.com.br\\\/home\\\/diario-de-um-homem-louco-saiba-porque-ozzy-osbourne-e-chamado-de-principe-das-trevas\\\/\"},\"author\":{\"name\":\"Reda\u00e7\u00e3o\",\"@id\":\"https:\\\/\\\/transamerica93.com.br\\\/home\\\/#\\\/schema\\\/person\\\/7fed7c99c0d4562efa8561bc0f543172\"},\"headline\":\"Di\u00e1rio de um homem louco: Saiba porque Ozzy Osbourne \u00e9 chamado de Pr\u00edncipe das Trevas\",\"datePublished\":\"2023-10-30T14:00:48+00:00\",\"mainEntityOfPage\":{\"@id\":\"https:\\\/\\\/transamerica93.com.br\\\/home\\\/diario-de-um-homem-louco-saiba-porque-ozzy-osbourne-e-chamado-de-principe-das-trevas\\\/\"},\"wordCount\":345,\"publisher\":{\"@id\":\"https:\\\/\\\/transamerica93.com.br\\\/home\\\/#organization\"},\"image\":{\"@id\":\"https:\\\/\\\/transamerica93.com.br\\\/home\\\/diario-de-um-homem-louco-saiba-porque-ozzy-osbourne-e-chamado-de-principe-das-trevas\\\/#primaryimage\"},\"thumbnailUrl\":\"https:\\\/\\\/transamerica93.com.br\\\/home\\\/wp-content\\\/uploads\\\/2023\\\/10\\\/ozzy2.jpg\",\"articleSection\":[\"M\u00fasica\"],\"inLanguage\":\"pt-BR\"},{\"@type\":\"WebPage\",\"@id\":\"https:\\\/\\\/transamerica93.com.br\\\/home\\\/diario-de-um-homem-louco-saiba-porque-ozzy-osbourne-e-chamado-de-principe-das-trevas\\\/\",\"url\":\"https:\\\/\\\/transamerica93.com.br\\\/home\\\/diario-de-um-homem-louco-saiba-porque-ozzy-osbourne-e-chamado-de-principe-das-trevas\\\/\",\"name\":\"Di\u00e1rio de um homem louco: Saiba porque Ozzy Osbourne \u00e9 chamado de Pr\u00edncipe das Trevas - Transam\u00e9rica Mococa 93,3\",\"isPartOf\":{\"@id\":\"https:\\\/\\\/transamerica93.com.br\\\/home\\\/#website\"},\"primaryImageOfPage\":{\"@id\":\"https:\\\/\\\/transamerica93.com.br\\\/home\\\/diario-de-um-homem-louco-saiba-porque-ozzy-osbourne-e-chamado-de-principe-das-trevas\\\/#primaryimage\"},\"image\":{\"@id\":\"https:\\\/\\\/transamerica93.com.br\\\/home\\\/diario-de-um-homem-louco-saiba-porque-ozzy-osbourne-e-chamado-de-principe-das-trevas\\\/#primaryimage\"},\"thumbnailUrl\":\"https:\\\/\\\/transamerica93.com.br\\\/home\\\/wp-content\\\/uploads\\\/2023\\\/10\\\/ozzy2.jpg\",\"datePublished\":\"2023-10-30T14:00:48+00:00\",\"breadcrumb\":{\"@id\":\"https:\\\/\\\/transamerica93.com.br\\\/home\\\/diario-de-um-homem-louco-saiba-porque-ozzy-osbourne-e-chamado-de-principe-das-trevas\\\/#breadcrumb\"},\"inLanguage\":\"pt-BR\",\"potentialAction\":[{\"@type\":\"ReadAction\",\"target\":[\"https:\\\/\\\/transamerica93.com.br\\\/home\\\/diario-de-um-homem-louco-saiba-porque-ozzy-osbourne-e-chamado-de-principe-das-trevas\\\/\"]}]},{\"@type\":\"ImageObject\",\"inLanguage\":\"pt-BR\",\"@id\":\"https:\\\/\\\/transamerica93.com.br\\\/home\\\/diario-de-um-homem-louco-saiba-porque-ozzy-osbourne-e-chamado-de-principe-das-trevas\\\/#primaryimage\",\"url\":\"https:\\\/\\\/transamerica93.com.br\\\/home\\\/wp-content\\\/uploads\\\/2023\\\/10\\\/ozzy2.jpg\",\"contentUrl\":\"https:\\\/\\\/transamerica93.com.br\\\/home\\\/wp-content\\\/uploads\\\/2023\\\/10\\\/ozzy2.jpg\",\"width\":999,\"height\":623,\"caption\":\"Foto: Instagram @ozzyosbourne\"},{\"@type\":\"BreadcrumbList\",\"@id\":\"https:\\\/\\\/transamerica93.com.br\\\/home\\\/diario-de-um-homem-louco-saiba-porque-ozzy-osbourne-e-chamado-de-principe-das-trevas\\\/#breadcrumb\",\"itemListElement\":[{\"@type\":\"ListItem\",\"position\":1,\"name\":\"In\u00edcio\",\"item\":\"https:\\\/\\\/transamerica93.com.br\\\/home\\\/\"},{\"@type\":\"ListItem\",\"position\":2,\"name\":\"Di\u00e1rio de um homem louco: Saiba porque Ozzy Osbourne \u00e9 chamado de Pr\u00edncipe das Trevas\"}]},{\"@type\":\"WebSite\",\"@id\":\"https:\\\/\\\/transamerica93.com.br\\\/home\\\/#website\",\"url\":\"https:\\\/\\\/transamerica93.com.br\\\/home\\\/\",\"name\":\"Transam\u00e9rica Mococa 93,3\",\"description\":\"\",\"publisher\":{\"@id\":\"https:\\\/\\\/transamerica93.com.br\\\/home\\\/#organization\"},\"potentialAction\":[{\"@type\":\"SearchAction\",\"target\":{\"@type\":\"EntryPoint\",\"urlTemplate\":\"https:\\\/\\\/transamerica93.com.br\\\/home\\\/?s={search_term_string}\"},\"query-input\":{\"@type\":\"PropertyValueSpecification\",\"valueRequired\":true,\"valueName\":\"search_term_string\"}}],\"inLanguage\":\"pt-BR\"},{\"@type\":\"Organization\",\"@id\":\"https:\\\/\\\/transamerica93.com.br\\\/home\\\/#organization\",\"name\":\"Transam\u00e9rica Mococa 93,3\",\"url\":\"https:\\\/\\\/transamerica93.com.br\\\/home\\\/\",\"logo\":{\"@type\":\"ImageObject\",\"inLanguage\":\"pt-BR\",\"@id\":\"https:\\\/\\\/transamerica93.com.br\\\/home\\\/#\\\/schema\\\/logo\\\/image\\\/\",\"url\":\"https:\\\/\\\/transamerica93.com.br\\\/home\\\/wp-content\\\/uploads\\\/2023\\\/10\\\/logo2.png\",\"contentUrl\":\"https:\\\/\\\/transamerica93.com.br\\\/home\\\/wp-content\\\/uploads\\\/2023\\\/10\\\/logo2.png\",\"width\":800,\"height\":500,\"caption\":\"Transam\u00e9rica Mococa 93,3\"},\"image\":{\"@id\":\"https:\\\/\\\/transamerica93.com.br\\\/home\\\/#\\\/schema\\\/logo\\\/image\\\/\"},\"sameAs\":[\"https:\\\/\\\/www.facebook.com\\\/transamericamococa\",\"https:\\\/\\\/x.com\\\/transamerica933\",\"https:\\\/\\\/www.instagram.com\\\/transamericamococa\"]},{\"@type\":\"Person\",\"@id\":\"https:\\\/\\\/transamerica93.com.br\\\/home\\\/#\\\/schema\\\/person\\\/7fed7c99c0d4562efa8561bc0f543172\",\"name\":\"Reda\u00e7\u00e3o\",\"image\":{\"@type\":\"ImageObject\",\"inLanguage\":\"pt-BR\",\"@id\":\"https:\\\/\\\/secure.gravatar.com\\\/avatar\\\/1072c6b775fb02ef8506ce967551d95926669a6b7d2c2147b42eea4d7c68395e?s=96&d=mm&r=g\",\"url\":\"https:\\\/\\\/secure.gravatar.com\\\/avatar\\\/1072c6b775fb02ef8506ce967551d95926669a6b7d2c2147b42eea4d7c68395e?s=96&d=mm&r=g\",\"contentUrl\":\"https:\\\/\\\/secure.gravatar.com\\\/avatar\\\/1072c6b775fb02ef8506ce967551d95926669a6b7d2c2147b42eea4d7c68395e?s=96&d=mm&r=g\",\"caption\":\"Reda\u00e7\u00e3o\"},\"sameAs\":[\"https:\\\/\\\/transamerica93.com.br\\\/home\"],\"url\":\"https:\\\/\\\/transamerica93.com.br\\\/home\\\/author\\\/william\\\/\"}]}<\/script>\n<!-- \/ Yoast SEO plugin. -->","yoast_head_json":{"title":"Di\u00e1rio de um homem louco: Saiba porque Ozzy Osbourne \u00e9 chamado de Pr\u00edncipe das Trevas - Transam\u00e9rica Mococa 93,3","robots":{"index":"index","follow":"follow","max-snippet":"max-snippet:-1","max-image-preview":"max-image-preview:large","max-video-preview":"max-video-preview:-1"},"canonical":"https:\/\/transamerica93.com.br\/home\/diario-de-um-homem-louco-saiba-porque-ozzy-osbourne-e-chamado-de-principe-das-trevas\/","og_locale":"pt_BR","og_type":"article","og_title":"Di\u00e1rio de um homem louco: Saiba porque Ozzy Osbourne \u00e9 chamado de Pr\u00edncipe das Trevas - Transam\u00e9rica Mococa 93,3","og_description":"Ozzy Osbourne \u00e9 conhecido por muitas coisas como Madman, comedor de morcego, morde pombo, mas \u00e9 carinhosamente conhecido pela maior parte do mundo como Pr\u00edncipe das Trevas. Mas de onde veio esse nome e como acabou se tornando seu apelido? \u201cO Pr\u00edncipe das Trevas\u201d \u00e9 a tradu\u00e7\u00e3o da frase em latim \u201cprinceps tenebrarum\u201d, que foi &hellip;","og_url":"https:\/\/transamerica93.com.br\/home\/diario-de-um-homem-louco-saiba-porque-ozzy-osbourne-e-chamado-de-principe-das-trevas\/","og_site_name":"Transam\u00e9rica Mococa 93,3","article_publisher":"https:\/\/www.facebook.com\/transamericamococa","article_published_time":"2023-10-30T14:00:48+00:00","og_image":[{"width":999,"height":623,"url":"https:\/\/transamerica93.com.br\/home\/wp-content\/uploads\/2023\/10\/ozzy2.jpg","type":"image\/jpeg"}],"author":"Reda\u00e7\u00e3o","twitter_card":"summary_large_image","twitter_creator":"@transamerica933","twitter_site":"@transamerica933","twitter_misc":{"Escrito por":"Reda\u00e7\u00e3o","Est. tempo de leitura":"2 minutos"},"schema":{"@context":"https:\/\/schema.org","@graph":[{"@type":"Article","@id":"https:\/\/transamerica93.com.br\/home\/diario-de-um-homem-louco-saiba-porque-ozzy-osbourne-e-chamado-de-principe-das-trevas\/#article","isPartOf":{"@id":"https:\/\/transamerica93.com.br\/home\/diario-de-um-homem-louco-saiba-porque-ozzy-osbourne-e-chamado-de-principe-das-trevas\/"},"author":{"name":"Reda\u00e7\u00e3o","@id":"https:\/\/transamerica93.com.br\/home\/#\/schema\/person\/7fed7c99c0d4562efa8561bc0f543172"},"headline":"Di\u00e1rio de um homem louco: Saiba porque Ozzy Osbourne \u00e9 chamado de Pr\u00edncipe das Trevas","datePublished":"2023-10-30T14:00:48+00:00","mainEntityOfPage":{"@id":"https:\/\/transamerica93.com.br\/home\/diario-de-um-homem-louco-saiba-porque-ozzy-osbourne-e-chamado-de-principe-das-trevas\/"},"wordCount":345,"publisher":{"@id":"https:\/\/transamerica93.com.br\/home\/#organization"},"image":{"@id":"https:\/\/transamerica93.com.br\/home\/diario-de-um-homem-louco-saiba-porque-ozzy-osbourne-e-chamado-de-principe-das-trevas\/#primaryimage"},"thumbnailUrl":"https:\/\/transamerica93.com.br\/home\/wp-content\/uploads\/2023\/10\/ozzy2.jpg","articleSection":["M\u00fasica"],"inLanguage":"pt-BR"},{"@type":"WebPage","@id":"https:\/\/transamerica93.com.br\/home\/diario-de-um-homem-louco-saiba-porque-ozzy-osbourne-e-chamado-de-principe-das-trevas\/","url":"https:\/\/transamerica93.com.br\/home\/diario-de-um-homem-louco-saiba-porque-ozzy-osbourne-e-chamado-de-principe-das-trevas\/","name":"Di\u00e1rio de um homem louco: Saiba porque Ozzy Osbourne \u00e9 chamado de Pr\u00edncipe das Trevas - Transam\u00e9rica Mococa 93,3","isPartOf":{"@id":"https:\/\/transamerica93.com.br\/home\/#website"},"primaryImageOfPage":{"@id":"https:\/\/transamerica93.com.br\/home\/diario-de-um-homem-louco-saiba-porque-ozzy-osbourne-e-chamado-de-principe-das-trevas\/#primaryimage"},"image":{"@id":"https:\/\/transamerica93.com.br\/home\/diario-de-um-homem-louco-saiba-porque-ozzy-osbourne-e-chamado-de-principe-das-trevas\/#primaryimage"},"thumbnailUrl":"https:\/\/transamerica93.com.br\/home\/wp-content\/uploads\/2023\/10\/ozzy2.jpg","datePublished":"2023-10-30T14:00:48+00:00","breadcrumb":{"@id":"https:\/\/transamerica93.com.br\/home\/diario-de-um-homem-louco-saiba-porque-ozzy-osbourne-e-chamado-de-principe-das-trevas\/#breadcrumb"},"inLanguage":"pt-BR","potentialAction":[{"@type":"ReadAction","target":["https:\/\/transamerica93.com.br\/home\/diario-de-um-homem-louco-saiba-porque-ozzy-osbourne-e-chamado-de-principe-das-trevas\/"]}]},{"@type":"ImageObject","inLanguage":"pt-BR","@id":"https:\/\/transamerica93.com.br\/home\/diario-de-um-homem-louco-saiba-porque-ozzy-osbourne-e-chamado-de-principe-das-trevas\/#primaryimage","url":"https:\/\/transamerica93.com.br\/home\/wp-content\/uploads\/2023\/10\/ozzy2.jpg","contentUrl":"https:\/\/transamerica93.com.br\/home\/wp-content\/uploads\/2023\/10\/ozzy2.jpg","width":999,"height":623,"caption":"Foto: Instagram @ozzyosbourne"},{"@type":"BreadcrumbList","@id":"https:\/\/transamerica93.com.br\/home\/diario-de-um-homem-louco-saiba-porque-ozzy-osbourne-e-chamado-de-principe-das-trevas\/#breadcrumb","itemListElement":[{"@type":"ListItem","position":1,"name":"In\u00edcio","item":"https:\/\/transamerica93.com.br\/home\/"},{"@type":"ListItem","position":2,"name":"Di\u00e1rio de um homem louco: Saiba porque Ozzy Osbourne \u00e9 chamado de Pr\u00edncipe das Trevas"}]},{"@type":"WebSite","@id":"https:\/\/transamerica93.com.br\/home\/#website","url":"https:\/\/transamerica93.com.br\/home\/","name":"Transam\u00e9rica Mococa 93,3","description":"","publisher":{"@id":"https:\/\/transamerica93.com.br\/home\/#organization"},"potentialAction":[{"@type":"SearchAction","target":{"@type":"EntryPoint","urlTemplate":"https:\/\/transamerica93.com.br\/home\/?s={search_term_string}"},"query-input":{"@type":"PropertyValueSpecification","valueRequired":true,"valueName":"search_term_string"}}],"inLanguage":"pt-BR"},{"@type":"Organization","@id":"https:\/\/transamerica93.com.br\/home\/#organization","name":"Transam\u00e9rica Mococa 93,3","url":"https:\/\/transamerica93.com.br\/home\/","logo":{"@type":"ImageObject","inLanguage":"pt-BR","@id":"https:\/\/transamerica93.com.br\/home\/#\/schema\/logo\/image\/","url":"https:\/\/transamerica93.com.br\/home\/wp-content\/uploads\/2023\/10\/logo2.png","contentUrl":"https:\/\/transamerica93.com.br\/home\/wp-content\/uploads\/2023\/10\/logo2.png","width":800,"height":500,"caption":"Transam\u00e9rica Mococa 93,3"},"image":{"@id":"https:\/\/transamerica93.com.br\/home\/#\/schema\/logo\/image\/"},"sameAs":["https:\/\/www.facebook.com\/transamericamococa","https:\/\/x.com\/transamerica933","https:\/\/www.instagram.com\/transamericamococa"]},{"@type":"Person","@id":"https:\/\/transamerica93.com.br\/home\/#\/schema\/person\/7fed7c99c0d4562efa8561bc0f543172","name":"Reda\u00e7\u00e3o","image":{"@type":"ImageObject","inLanguage":"pt-BR","@id":"https:\/\/secure.gravatar.com\/avatar\/1072c6b775fb02ef8506ce967551d95926669a6b7d2c2147b42eea4d7c68395e?s=96&d=mm&r=g","url":"https:\/\/secure.gravatar.com\/avatar\/1072c6b775fb02ef8506ce967551d95926669a6b7d2c2147b42eea4d7c68395e?s=96&d=mm&r=g","contentUrl":"https:\/\/secure.gravatar.com\/avatar\/1072c6b775fb02ef8506ce967551d95926669a6b7d2c2147b42eea4d7c68395e?s=96&d=mm&r=g","caption":"Reda\u00e7\u00e3o"},"sameAs":["https:\/\/transamerica93.com.br\/home"],"url":"https:\/\/transamerica93.com.br\/home\/author\/william\/"}]}},"_links":{"self":[{"href":"https:\/\/transamerica93.com.br\/home\/wp-json\/wp\/v2\/posts\/1940","targetHints":{"allow":["GET"]}}],"collection":[{"href":"https:\/\/transamerica93.com.br\/home\/wp-json\/wp\/v2\/posts"}],"about":[{"href":"https:\/\/transamerica93.com.br\/home\/wp-json\/wp\/v2\/types\/post"}],"author":[{"embeddable":true,"href":"https:\/\/transamerica93.com.br\/home\/wp-json\/wp\/v2\/users\/1"}],"replies":[{"embeddable":true,"href":"https:\/\/transamerica93.com.br\/home\/wp-json\/wp\/v2\/comments?post=1940"}],"version-history":[{"count":1,"href":"https:\/\/transamerica93.com.br\/home\/wp-json\/wp\/v2\/posts\/1940\/revisions"}],"predecessor-version":[{"id":1943,"href":"https:\/\/transamerica93.com.br\/home\/wp-json\/wp\/v2\/posts\/1940\/revisions\/1943"}],"wp:featuredmedia":[{"embeddable":true,"href":"https:\/\/transamerica93.com.br\/home\/wp-json\/wp\/v2\/media\/1942"}],"wp:attachment":[{"href":"https:\/\/transamerica93.com.br\/home\/wp-json\/wp\/v2\/media?parent=1940"}],"wp:term":[{"taxonomy":"category","embeddable":true,"href":"https:\/\/transamerica93.com.br\/home\/wp-json\/wp\/v2\/categories?post=1940"},{"taxonomy":"post_tag","embeddable":true,"href":"https:\/\/transamerica93.com.br\/home\/wp-json\/wp\/v2\/tags?post=1940"}],"curies":[{"name":"wp","href":"https:\/\/api.w.org\/{rel}","templated":true}]}}