{"id":1970,"date":"2023-11-03T15:09:12","date_gmt":"2023-11-03T18:09:12","guid":{"rendered":"https:\/\/transamerica93.com.br\/home\/?p=1970"},"modified":"2023-11-03T15:09:12","modified_gmt":"2023-11-03T18:09:12","slug":"lauana-prado-e-grupo-pura-sintonia-sao-atracoes-do-fim-de-semana-em-mococa-e-regiao","status":"publish","type":"post","link":"https:\/\/transamerica93.com.br\/home\/lauana-prado-e-grupo-pura-sintonia-sao-atracoes-do-fim-de-semana-em-mococa-e-regiao\/","title":{"rendered":"Lauana Prado e Grupo Pura Sintonia s\u00e3o atra\u00e7\u00f5es do fim de semana em Mococa e regi\u00e3o"},"content":{"rendered":"<div id=\"chunk-o0fh\">\n<div class=\"mc-column content-text active-extra-styles \" data-block-type=\"unstyled\" data-block-weight=\"35\" data-block-id=\"2\">\n<p class=\" content-text__container \" data-track-category=\"Link no Texto\" data-track-links=\"\">Lauana Prado e Grupo Pura Sintonia s\u00e3o algumas das atra\u00e7\u00f5es do guia cultural preparado pelo\u00a0<a class=\"\" href=\"http:\/\/g1.com.br\/saocarlos\" target=\"_blank\" rel=\"noopener\">g1 S\u00e3o Carlos e Araraquara<\/a>\u00a0para este fim que semana que est\u00e1 come\u00e7ando.\u00a0<strong><em>(Veja abaixo a programa\u00e7\u00e3o de 10 cidades.)<\/em><\/strong><\/p>\n<\/div>\n<\/div>\n<div class=\"wall protected-content\">\n<div id=\"chunk-f3lqo\">\n<div class=\"mc-column content-text active-extra-styles \" data-block-type=\"unstyled\" data-block-weight=\"37\" data-block-id=\"5\">\n<p class=\" content-text__container \" data-track-category=\"Link no Texto\" data-track-links=\"\">Em\u00a0<a class=\"\" href=\"https:\/\/g1.globo.com\/sp\/sao-carlos-regiao\/cidade\/sao-carlos\/\">S\u00e3o Carlos (SP)<\/a>, h\u00e1 uma programa\u00e7\u00e3o especial, j\u00e1 que a cidade comemora seu 166\u00ba anivers\u00e1rio neste s\u00e1bado (4). Al\u00e9m disso, a Ta\u00e7a Universit\u00e1ria de S\u00e3o Carlos (Tusca) promete agitar milhares de estudantes pra Capital da Tecnologia.<\/p>\n<\/div>\n<\/div>\n<div id=\"chunk-3936t\">\n<div class=\"mc-column content-text active-extra-styles\" data-block-type=\"raw\" data-block-weight=\"4\" data-block-id=\"9\">\n<p class=\"content-text__container\">\n<div class=\"content-intertitle\">\n<h2>Veja abaixo os eventos:<\/h2>\n<\/div>\n<p>&nbsp;<\/p>\n<\/div>\n<\/div>\n<div id=\"chunk-fcjuf\">\n<div class=\"mc-column content-text active-extra-styles\" data-block-type=\"raw\" data-block-weight=\"2\" data-block-id=\"10\">\n<p class=\"content-text__container\">\n<div class=\"content-intertitle\">\n<h2><a class=\"\" href=\"https:\/\/g1.globo.com\/sp\/sao-carlos-regiao\/cidade\/americo-brasiliense\/\">Am\u00e9rico Brasiliense<\/a><\/h2>\n<\/div>\n<p>&nbsp;<\/p>\n<\/div>\n<\/div>\n<div id=\"chunk-an3gr\">\n<div class=\"mc-column content-text active-extra-styles \" data-block-type=\"unstyled\" data-block-weight=\"2\" data-block-id=\"11\">\n<p class=\" content-text__container \" data-track-category=\"Link no Texto\" data-track-links=\"\"><strong>S\u00c1BADO (4)<\/strong><\/p>\n<\/div>\n<\/div>\n<div id=\"chunk-noaf\">\n<div class=\"mc-column content-text active-extra-styles\" data-block-type=\"raw\" data-block-weight=\"13\" data-block-id=\"12\">\n<p class=\"content-text__container\">\n<ul class=\"content-unordered-list\">\n<li><strong><span class=\"highlight highlighted\">Baile do Havaii<br \/>\n<\/span><\/strong><strong>Atra\u00e7\u00e3o:\u00a0<\/strong>Banda Sintonia<strong><br \/>\nHor\u00e1rio:\u00a0<\/strong>21h<strong><br \/>\nLocal:<\/strong>\u00a0Rua Gentil Prudente Corr\u00eaa, 827<strong><br \/>\nEntrada gratuita<\/strong><\/li>\n<\/ul>\n<p>&nbsp;<\/p>\n<\/div>\n<\/div>\n<div id=\"chunk-6o9v4\">\n<div class=\"mc-column content-text active-extra-styles\" data-block-type=\"raw\" data-block-weight=\"1\" data-block-id=\"13\">\n<p class=\"content-text__container\">\n<div class=\"content-intertitle\">\n<h2><a class=\"\" href=\"https:\/\/g1.globo.com\/sp\/sao-carlos-regiao\/cidade\/araraquara\/\">Araraquara<\/a><\/h2>\n<\/div>\n<p>&nbsp;<\/p>\n<\/div>\n<\/div>\n<div id=\"chunk-eldj1\">\n<div class=\"mc-column content-text active-extra-styles \" data-block-type=\"unstyled\" data-block-weight=\"2\" data-block-id=\"14\">\n<p class=\" content-text__container \" data-track-category=\"Link no Texto\" data-track-links=\"\"><strong>SEXTA-FEIRA (3)<\/strong><\/p>\n<\/div>\n<\/div>\n<div id=\"chunk-5vui\">\n<div class=\"mc-column content-text active-extra-styles\" data-block-type=\"raw\" data-block-weight=\"21\" data-block-id=\"15\">\n<p class=\"content-text__container\">\n<ul class=\"content-unordered-list\">\n<li><strong><span class=\"highlight highlighted\">Carlos Navas &#8211; A Fina Flor do Samba<br \/>\n<\/span><\/strong><strong>Hor\u00e1rio:\u00a0<\/strong>20h<br \/>\n<strong>Local:<\/strong>\u00a0Sesc<br \/>\n<strong>Entrada gratuita<\/strong><\/li>\n<li><strong><span class=\"highlight highlighted\">Intranze<\/span><\/strong><br \/>\n<strong>Hor\u00e1rio:<\/strong>\u00a022h<br \/>\n<strong>Local:<\/strong>\u00a0Pub 13<br \/>\n<strong>Entrada:<\/strong>\u00a0a partir de R$ 10<\/li>\n<\/ul>\n<p>&nbsp;<\/p>\n<\/div>\n<\/div>\n<div id=\"chunk-140le\">\n<div class=\"mc-column content-text active-extra-styles \" data-block-type=\"unstyled\" data-block-weight=\"2\" data-block-id=\"16\">\n<p class=\" content-text__container \" data-track-category=\"Link no Texto\" data-track-links=\"\"><strong>S\u00c1BADO (4)<\/strong><\/p>\n<\/div>\n<\/div>\n<div id=\"chunk-d1apm\">\n<div class=\"mc-column content-text active-extra-styles\" data-block-type=\"raw\" data-block-weight=\"21\" data-block-id=\"17\">\n<p class=\"content-text__container\">\n<ul class=\"content-unordered-list\">\n<li><strong><span class=\"highlight highlighted\">Calado<br \/>\n<\/span><\/strong><strong>Atra\u00e7\u00e3o:\u00a0<\/strong>Cia Mimicalado<br \/>\n<strong>Hor\u00e1rio:\u00a0<\/strong>16h<br \/>\n<strong>Local:<\/strong>\u00a0Sesc<br \/>\n<strong>Entrada:<\/strong>\u00a0a partir de R$ 10<\/li>\n<li><strong><span class=\"highlight highlighted\">De Partida<br \/>\n<\/span><\/strong><strong>Atra\u00e7\u00e3o:\u00a0<\/strong>Cia Suno<br \/>\n<strong>Hor\u00e1rio:\u00a0<\/strong>20h<br \/>\n<strong>Local:\u00a0<\/strong>Sesi<br \/>\n<strong>Entrada gratuita<\/strong><\/li>\n<\/ul>\n<p>&nbsp;<\/p>\n<\/div>\n<\/div>\n<div id=\"chunk-dsabv\">\n<div class=\"mc-column content-text active-extra-styles \" data-block-type=\"unstyled\" data-block-weight=\"2\" data-block-id=\"18\">\n<p class=\" content-text__container \" data-track-category=\"Link no Texto\" data-track-links=\"\"><strong>DOMINGO (5)<\/strong><\/p>\n<\/div>\n<\/div>\n<div id=\"chunk-6lr6m\">\n<div class=\"mc-column content-text active-extra-styles\" data-block-type=\"raw\" data-block-weight=\"61\" data-block-id=\"19\">\n<p class=\"content-text__container\">\n<ul class=\"content-unordered-list\">\n<li><strong><span class=\"highlight highlighted\">De Partida<\/span><\/strong><span class=\"highlight highlighted\"><br \/>\n<\/span><strong>Atra\u00e7\u00f5es:\u00a0<\/strong>Cia SUNO<br \/>\n<strong>Hor\u00e1rio:\u00a0<\/strong>15h<br \/>\n<strong>Local:\u00a0<\/strong>Sesi<br \/>\n<strong>Entrada gratuita<\/strong><\/li>\n<li><strong><span class=\"highlight highlighted\">O Samba 360<br \/>\n<\/span><\/strong><strong>Atra\u00e7\u00e3o:<\/strong>\u00a0Samba da Ladeira<br \/>\n<strong>Hor\u00e1rio:\u00a0<\/strong>16h<br \/>\n<strong>Local:\u00a0<\/strong>Alhambra Eventos<br \/>\n<strong>Entrada:\u00a0<\/strong>a partir de R$ 20<\/li>\n<li><strong><span class=\"highlight highlighted\">Domingo Rock<\/span><\/strong><span class=\"highlight highlighted\"><br \/>\n<\/span><strong>Atra\u00e7\u00e3o:\u00a0<\/strong>Banda Rockin Stones e Banda Arquivo do Rock<br \/>\n<strong>Hor\u00e1rio:\u00a0<\/strong>a partir das 14h<br \/>\n<strong>Local:\u00a0<\/strong>Clube N\u00e1utico &#8211; Bar da Mata (Rodovia Antonio Machado Sant&#8217;Anna, Km 63 \u2013 SP 255)<br \/>\n<strong>Entrada:<\/strong>\u00a0R$ 100 (compra por associados)<\/li>\n<\/ul>\n<p>&nbsp;<\/p>\n<\/div>\n<\/div>\n<div id=\"chunk-9jou6\">\n<div class=\"mc-column content-text active-extra-styles\" data-block-type=\"raw\" data-block-weight=\"1\" data-block-id=\"20\">\n<p class=\"content-text__container\">\n<div class=\"content-intertitle\">\n<h2><a class=\"\" href=\"https:\/\/g1.globo.com\/sp\/sao-carlos-regiao\/cidade\/araras-sp\/\">Araras<\/a><\/h2>\n<\/div>\n<p>&nbsp;<\/p>\n<\/div>\n<\/div>\n<div id=\"chunk-2okvl\">\n<div class=\"mc-column content-text active-extra-styles \" data-block-type=\"unstyled\" data-block-weight=\"2\" data-block-id=\"21\">\n<p class=\" content-text__container \" data-track-category=\"Link no Texto\" data-track-links=\"\"><strong>SEXTA-FEIRA (3)<\/strong><\/p>\n<\/div>\n<\/div>\n<div id=\"chunk-f4tnt\">\n<div class=\"mc-column content-text active-extra-styles\" data-block-type=\"raw\" data-block-weight=\"62\" data-block-id=\"22\">\n<p class=\"content-text__container\">\n<ul class=\"content-unordered-list\">\n<li><strong><span class=\"highlight highlighted\">IX Festival Anual de Dan\u00e7a Paulinho Gonzaga &#8211; Flash Back 10 Anos<br \/>\n<\/span><\/strong><strong>Atra\u00e7\u00f5es:<\/strong>\u00a0Studio de Dan\u00e7a Paulinho Gonzaga<br \/>\n<strong>Hor\u00e1rio:\u00a0<\/strong>20h<br \/>\n<strong>Local:<\/strong>\u00a0Teatro Estadual de Araras<br \/>\n<strong>Entrada:\u00a0<\/strong>a partir de R$ 35<\/li>\n<li><strong><span class=\"highlight highlighted\">Burning Fest &#8211; A Batalha dos Assadores<br \/>\n<\/span><\/strong><strong>Atra\u00e7\u00f5es:\u00a0<\/strong>Woody e os Selvagens &#8211; Paralamas Cover<br \/>\n<strong>Hor\u00e1rio:<\/strong>\u00a020h<br \/>\n<strong>Local:<\/strong>\u00a0Parque Ecol\u00f3gico Municipal de Araras<br \/>\n<strong>Entrada gratuita<\/strong><\/li>\n<li><strong><span class=\"highlight highlighted\">M\u00fasica: J\u00falio Neri<br \/>\n<\/span><\/strong><strong>Hor\u00e1rio:<\/strong>\u00a0a partir das 19h<br \/>\n<strong>Local:\u00a0<\/strong>Don Curiel<\/li>\n<\/ul>\n<p>&nbsp;<\/p>\n<\/div>\n<\/div>\n<div id=\"chunk-egpn6\">\n<div class=\"mc-column content-text active-extra-styles \" data-block-type=\"unstyled\" data-block-weight=\"2\" data-block-id=\"23\">\n<p class=\" content-text__container \" data-track-category=\"Link no Texto\" data-track-links=\"\"><strong>S\u00c1BADO (4)<\/strong><\/p>\n<\/div>\n<\/div>\n<div id=\"chunk-1jlpu\">\n<div class=\"mc-column content-text active-extra-styles\" data-block-type=\"raw\" data-block-weight=\"79\" data-block-id=\"24\">\n<p class=\"content-text__container\">\n<ul class=\"content-unordered-list\">\n<li><strong><span class=\"highlight highlighted\">IX Festival Anual de Dan\u00e7a Paulinho Gonzaga &#8211; Flash Back 10 Anos<br \/>\n<\/span><\/strong><strong>Atra\u00e7\u00f5es:\u00a0<\/strong>Studio de Dan\u00e7a Paulinho Gonzaga<br \/>\n<strong>Hor\u00e1rio:<\/strong>\u00a020h<br \/>\n<strong>Local:<\/strong>\u00a0Teatro Estadual de Araras<br \/>\n<strong>Entrada:\u00a0<\/strong>a partir de R$ 35<\/li>\n<li><strong><span class=\"highlight highlighted\">Novembro Consci\u00eancia e Ancestralidade<br \/>\n<\/span><\/strong><strong>Atra\u00e7\u00e3o:\u00a0<\/strong>Mundo Negro &#8211; Antonio Lug\u00e3o<br \/>\n<strong>Hor\u00e1rio:<\/strong>\u00a016h<br \/>\n<strong>Local:\u00a0<\/strong>Sesi Araras<br \/>\n<strong>Entrada gratuita<\/strong><\/li>\n<li><strong><span class=\"highlight highlighted\">Burning Fest &#8211; A Batalha dos Assadores<br \/>\n<\/span><\/strong><strong>Atra\u00e7\u00f5es:\u00a0<\/strong>Simple Solution, Confisco &#8211; Charlie Brown Jr Cover, Let There Be Rock &#8211; ACDC Tributo<br \/>\n<strong>Hor\u00e1rio:\u00a0<\/strong>a partir das 13h<br \/>\n<strong>Local:\u00a0<\/strong>Parque Ecol\u00f3gico Municipal de Araras<br \/>\n<strong>Entrada gratuita<\/strong><\/li>\n<\/ul>\n<p>&nbsp;<\/p>\n<\/div>\n<\/div>\n<div id=\"chunk-6h8ln\">\n<div class=\"content-ads content-ads--reveal\" data-block-type=\"ads\" data-block-id=\"25\">\n<div id=\"banner_materia__1486b6ab-6006-4a6c-b972-853b2b709eeb\" class=\"tag-manager-publicidade-container mc-has-reveal mc-has-ad-lazyload tag-manager-publicidade-banner_materia__1486b6ab-6006-4a6c-b972-853b2b709eeb tag-manager-publicidade-container--carregado tag-manager-publicidade-container--visivel\" data-id=\"banner_materia__1486b6ab-6006-4a6c-b972-853b2b709eeb\" data-google-query-id=\"CNDz8si1qIIDFdtQ3QIdWSwI3w\">\n<div id=\"google_ads_iframe_\/95377733\/tvg_G1\/Sua_Regiao&gt;Sudeste&gt;Sao_Paulo_(Sao_Carlos)_4__container__\" style=\"box-sizing: inherit; margin: auto; padding: 0px; border: 0pt none; font: inherit; vertical-align: baseline; max-width: 100%; text-align: center; width: 970px; height: 150px;\"><iframe id=\"google_ads_iframe_\/95377733\/tvg_G1\/Sua_Regiao&gt;Sudeste&gt;Sao_Paulo_(Sao_Carlos)_4\" style=\"box-sizing: inherit; margin: 0px; padding: 0px; border: 0px; font: inherit; vertical-align: bottom;\" tabindex=\"0\" title=\"3rd party ad content\" role=\"region\" name=\"google_ads_iframe_\/95377733\/tvg_G1\/Sua_Regiao&gt;Sudeste&gt;Sao_Paulo_(Sao_Carlos)_4\" width=\"970\" height=\"150\" frameborder=\"0\" marginwidth=\"0\" marginheight=\"0\" scrolling=\"no\" aria-label=\"Advertisement\" data-load-complete=\"true\" data-google-container-id=\"6\" data-mce-fragment=\"1\"><\/iframe><\/div>\n<\/div>\n<\/div>\n<\/div>\n<div id=\"chunk-817gc\">\n<div class=\"mc-column content-text active-extra-styles \" data-block-type=\"unstyled\" data-block-weight=\"2\" data-block-id=\"26\">\n<p class=\" content-text__container \" data-track-category=\"Link no Texto\" data-track-links=\"\"><strong>DOMINGO (5)<\/strong><\/p>\n<\/div>\n<\/div>\n<div id=\"chunk-86a3m\">\n<div class=\"mc-column content-text active-extra-styles\" data-block-type=\"raw\" data-block-weight=\"56\" data-block-id=\"27\">\n<p class=\"content-text__container\">\n<ul class=\"content-unordered-list\">\n<li><strong><span class=\"highlight highlighted\">IX Festival Anual de Dan\u00e7a Paulinho Gonzaga &#8211; Flash Back 10 Anos<br \/>\n<\/span><\/strong><strong>Hor\u00e1rio:\u00a0<\/strong>20h<strong><br \/>\nLocal:\u00a0<\/strong>Teatro Estadual de Araras<strong><br \/>\nEntrada:\u00a0<\/strong>a partir de R$ 35<\/li>\n<li><strong><span class=\"highlight highlighted\">Burning Fest &#8211; A Batalha dos Assadores<br \/>\n<\/span><\/strong><strong>Atra\u00e7\u00e3o:\u00a0<\/strong>Blind Smoke, Bigmouth &#8211; The Smith Cover, Bando do Raul Seixas Cover<br \/>\n<strong>Hor\u00e1rio:\u00a0<\/strong>a partir das 13h<br \/>\n<strong>Local:\u00a0<\/strong>Parque Ecol\u00f3gico Municipal de Araras<br \/>\n<strong>Entrada gratuita<\/strong><\/li>\n<\/ul>\n<p>&nbsp;<\/p>\n<\/div>\n<\/div>\n<div id=\"chunk-aj729\">\n<div class=\"mc-column content-text active-extra-styles\" data-block-type=\"raw\" data-block-weight=\"1\" data-block-id=\"28\">\n<p class=\"content-text__container\">\n<div class=\"content-intertitle\">\n<h2><a class=\"\" href=\"https:\/\/g1.globo.com\/sp\/sao-carlos-regiao\/cidade\/leme\/\">Leme<\/a><\/h2>\n<\/div>\n<p>&nbsp;<\/p>\n<\/div>\n<\/div>\n<div id=\"chunk-ev92r\">\n<div class=\"mc-column content-text active-extra-styles \" data-block-type=\"unstyled\" data-block-weight=\"2\" data-block-id=\"29\">\n<p class=\" content-text__container \" data-track-category=\"Link no Texto\" data-track-links=\"\"><strong>S\u00c1BADO (4)<\/strong><\/p>\n<\/div>\n<\/div>\n<div id=\"chunk-6okb2\">\n<div class=\"mc-column content-text active-extra-styles\" data-block-type=\"raw\" data-block-weight=\"12\" data-block-id=\"30\">\n<p class=\"content-text__container\">\n<ul class=\"content-unordered-list\">\n<li><strong><span class=\"highlight highlighted\">Eduardo e Fabiano<\/span><\/strong><span class=\"highlight highlighted\"><br \/>\n<\/span><strong>Hor\u00e1rio:<\/strong>\u00a023h<br \/>\n<strong>Local:\u00a0<\/strong>Ranch\u00e3o Sertanejo<br \/>\n<strong>Entrada gratuita at\u00e9 \u00e0s 0h<\/strong><\/li>\n<\/ul>\n<p>&nbsp;<\/p>\n<\/div>\n<\/div>\n<div id=\"chunk-24g8h\">\n<div class=\"mc-column content-text active-extra-styles\" data-block-type=\"raw\" data-block-weight=\"1\" data-block-id=\"31\">\n<p class=\"content-text__container\">\n<div class=\"content-intertitle\">\n<h2><a class=\"\" href=\"https:\/\/g1.globo.com\/sp\/sao-carlos-regiao\/cidade\/mococa\/\">Mococa<\/a><\/h2>\n<\/div>\n<p>&nbsp;<\/p>\n<\/div>\n<\/div>\n<div id=\"chunk-aduij\">\n<div class=\"mc-column content-text active-extra-styles \" data-block-type=\"unstyled\" data-block-weight=\"2\" data-block-id=\"32\">\n<p class=\" content-text__container \" data-track-category=\"Link no Texto\" data-track-links=\"\"><strong>SEXTA-FEIRA (3)<\/strong><\/p>\n<\/div>\n<\/div>\n<div id=\"chunk-ff8pm\">\n<div class=\"mc-column content-text active-extra-styles\" data-block-type=\"raw\" data-block-weight=\"12\" data-block-id=\"33\">\n<p class=\"content-text__container\">\n<ul class=\"content-unordered-list\">\n<li><strong><span class=\"highlight highlighted\">Grupo Ader\u00ea<br \/>\n<\/span><\/strong><strong>Hor\u00e1rio:<\/strong>\u00a023h<br \/>\n<strong>Local:\u00a0<\/strong>A Cacha\u00e7aria Pub<br \/>\n<strong>Entrada:\u00a0<\/strong>a partir de R$ 15<\/li>\n<\/ul>\n<p>&nbsp;<\/p>\n<\/div>\n<\/div>\n<div id=\"chunk-23fam\">\n<div class=\"mc-column content-text active-extra-styles\" data-block-type=\"raw\" data-block-weight=\"1\" data-block-id=\"34\">\n<p class=\"content-text__container\">\n<div class=\"content-intertitle\">\n<h2><a class=\"\" href=\"https:\/\/g1.globo.com\/sp\/sao-carlos-regiao\/cidade\/pirassununga\/\">Pirassununga<\/a><\/h2>\n<\/div>\n<p>&nbsp;<\/p>\n<\/div>\n<\/div>\n<div id=\"chunk-fujfp\">\n<div class=\"mc-column content-text active-extra-styles \" data-block-type=\"unstyled\" data-block-weight=\"2\" data-block-id=\"35\">\n<p class=\" content-text__container \" data-track-category=\"Link no Texto\" data-track-links=\"\"><strong>SEXTA-FEIRA (3)<\/strong><\/p>\n<\/div>\n<\/div>\n<div id=\"chunk-64hsh\">\n<div class=\"mc-column content-text active-extra-styles\" data-block-type=\"raw\" data-block-weight=\"19\" data-block-id=\"36\">\n<p class=\"content-text__container\">\n<ul class=\"content-unordered-list\">\n<li><strong><span class=\"highlight highlighted\">Pagode do Pura<br \/>\n<\/span><\/strong><strong>Atra\u00e7\u00e3o:\u00a0<\/strong>Grupo Pura Sintonia<strong><br \/>\nHor\u00e1rio:\u00a0<\/strong>20h<strong><br \/>\nLocal:<\/strong>\u00a0Don Tchay Bar (Av Paingu\u00e1s, 949)<strong><br \/>\nEntrada:\u00a0<\/strong>a partir de R$ 15<\/li>\n<\/ul>\n<p>&nbsp;<\/p>\n<\/div>\n<\/div>\n<div id=\"chunk-63tr7\">\n<div class=\"mc-column content-text active-extra-styles\" data-block-type=\"raw\" data-block-weight=\"2\" data-block-id=\"37\">\n<p class=\"content-text__container\">\n<div class=\"content-intertitle\">\n<h2><a class=\"\" href=\"https:\/\/g1.globo.com\/sp\/sao-carlos-regiao\/cidade\/rio-claro-sp\/\">Rio Claro<\/a><\/h2>\n<\/div>\n<p>&nbsp;<\/p>\n<\/div>\n<\/div>\n<div id=\"chunk-4qbls\">\n<div class=\"mc-column content-text active-extra-styles \" data-block-type=\"unstyled\" data-block-weight=\"2\" data-block-id=\"38\">\n<p class=\" content-text__container \" data-track-category=\"Link no Texto\" data-track-links=\"\"><strong>SEXTA-FEIRA (3)<\/strong><\/p>\n<\/div>\n<\/div>\n<div id=\"chunk-b49tg\">\n<div class=\"mc-column content-text active-extra-styles\" data-block-type=\"raw\" data-block-weight=\"27\" data-block-id=\"39\">\n<p class=\"content-text__container\">\n<ul class=\"content-unordered-list\">\n<li><strong><span class=\"highlight highlighted\">October Fest<br \/>\n<\/span><\/strong><strong>Atra\u00e7\u00e3o:<\/strong>\u00a0La Fam\u00edlia e Legi\u00e3o Urbana Cover SP<strong><br \/>\nHor\u00e1rio:\u00a0<\/strong>a partir das 18h<strong><br \/>\nLocal:\u00a0<\/strong>Grupo Gin\u00e1stico de Rio Claro<strong><br \/>\nEntrada:\u00a0<\/strong>1 kg de alimento n\u00e3o perec\u00edvel ou leite<\/li>\n<\/ul>\n<p>&nbsp;<\/p>\n<\/div>\n<\/div>\n<div id=\"chunk-3gthn\">\n<div class=\"mc-column content-text active-extra-styles \" data-block-type=\"unstyled\" data-block-weight=\"2\" data-block-id=\"40\">\n<p class=\" content-text__container \" data-track-category=\"Link no Texto\" data-track-links=\"\"><strong>S\u00c1BADO (4)<\/strong><\/p>\n<\/div>\n<\/div>\n<div id=\"chunk-f5j1b\">\n<div class=\"mc-column content-text active-extra-styles\" data-block-type=\"raw\" data-block-weight=\"38\" data-block-id=\"41\">\n<p class=\"content-text__container\">\n<ul class=\"content-unordered-list\">\n<li><strong><span class=\"highlight highlighted\">October Fest<br \/>\n<\/span><\/strong><strong>Atra\u00e7\u00e3o:\u00a0<\/strong>Luar &#8211; Especial Raul Seixas, Bloody Mary, Last Mile Rock &#8211; Red Hot Chili Peppers Cover e Generators<br \/>\n<strong>Hor\u00e1rio:\u00a0<\/strong>a partir das 12h<br \/>\n<strong>Local:\u00a0<\/strong>Grupo Gin\u00e1stico de Rio Claro<br \/>\n<strong>Entrada:<\/strong>\u00a01 kg de alimento n\u00e3o perec\u00edvel ou leite<\/li>\n<\/ul>\n<p>&nbsp;<\/p>\n<\/div>\n<\/div>\n<div id=\"chunk-uhj1\">\n<div class=\"mc-column content-text active-extra-styles \" data-block-type=\"unstyled\" data-block-weight=\"2\" data-block-id=\"42\">\n<p class=\" content-text__container \" data-track-category=\"Link no Texto\" data-track-links=\"\"><strong>DOMINGO (4)<\/strong><\/p>\n<\/div>\n<\/div>\n<div id=\"chunk-a2d1e\">\n<div class=\"mc-column content-text active-extra-styles\" data-block-type=\"raw\" data-block-weight=\"27\" data-block-id=\"43\">\n<p class=\"content-text__container\">\n<ul class=\"content-unordered-list\">\n<li><strong><span class=\"highlight highlighted\">October Fest<br \/>\n<\/span><\/strong><strong>Atra\u00e7\u00f5es:<\/strong>\u00a0Gika e Samba de Fato e Imortalize<br \/>\n<strong>Hor\u00e1rio:\u00a0<\/strong>a partir das 12h<br \/>\n<strong>Local:<\/strong>\u00a0Grupo Gin\u00e1stico de Rio Claro<br \/>\n<strong>Entrada:<\/strong>\u00a01 kg de alimento n\u00e3o perec\u00edvel ou leite<\/li>\n<\/ul>\n<\/div>\n<\/div>\n<div id=\"chunk-b2hjv\">\n<div class=\"content-ads content-ads--reveal\" data-block-type=\"ads\" data-block-id=\"44\"><\/div>\n<\/div>\n<div id=\"chunk-flvhn\">\n<div class=\"mc-column content-text active-extra-styles\" data-block-type=\"raw\" data-block-weight=\"2\" data-block-id=\"45\">\n<p class=\"content-text__container\">\n<div class=\"content-intertitle\">\n<h2>S\u00e3o Carlos<\/h2>\n<\/div>\n<p>&nbsp;<\/p>\n<\/div>\n<\/div>\n<div id=\"chunk-290rt\">\n<div class=\"mc-column content-text active-extra-styles \" data-block-type=\"unstyled\" data-block-weight=\"2\" data-block-id=\"46\">\n<p class=\" content-text__container \" data-track-category=\"Link no Texto\" data-track-links=\"\"><strong>SEXTA-FEIRA (3)<\/strong><\/p>\n<\/div>\n<\/div>\n<div id=\"chunk-4a0ss\">\n<div class=\"mc-column content-text active-extra-styles\" data-block-type=\"raw\" data-block-weight=\"25\" data-block-id=\"47\">\n<p class=\"content-text__container\">\n<ul class=\"content-unordered-list\">\n<li><strong><span class=\"highlight highlighted\">Bellagio Circus<\/span><\/strong><span class=\"highlight highlighted\"><br \/>\n<\/span><strong>Hor\u00e1rio:\u00a0<\/strong>20h30<br \/>\n<strong>Local:\u00a0<\/strong>Avenida Get\u00falio Vargas<br \/>\n<strong>Entrada:\u00a0<\/strong>a partir de R$ 14,99<\/li>\n<\/ul>\n<p>&nbsp;<\/p>\n<ul class=\"content-unordered-list\">\n<li><strong><span class=\"highlight highlighted\">Romero e Gabriel<\/span><\/strong><span class=\"highlight highlighted\"><br \/>\n<\/span><strong>Hor\u00e1rio:\u00a0<\/strong>22h<br \/>\n<strong>Local:\u00a0<\/strong>Celeiro Bar e Eventos<br \/>\n<strong>Entrada:<\/strong>\u00a0a partir de R$ 10<\/li>\n<\/ul>\n<p>&nbsp;<\/p>\n<\/div>\n<\/div>\n<div id=\"chunk-6hegb\">\n<div class=\"mc-column content-text active-extra-styles \" data-block-type=\"unstyled\" data-block-weight=\"2\" data-block-id=\"48\">\n<p class=\" content-text__container \" data-track-category=\"Link no Texto\" data-track-links=\"\"><strong>S\u00c1BADO (4)<\/strong><\/p>\n<\/div>\n<\/div>\n<div id=\"chunk-b9um4\">\n<div class=\"mc-column content-text active-extra-styles\" data-block-type=\"raw\" data-block-weight=\"92\" data-block-id=\"49\">\n<p class=\"content-text__container\">\n<ul class=\"content-unordered-list\">\n<li><strong><span class=\"highlight highlighted\">Bellagio Circus<br \/>\n<\/span><\/strong><strong>Hor\u00e1rio:\u00a0<\/strong>18h e 20h30<br \/>\n<strong>Local:\u00a0<\/strong>Avenida Get\u00falio Vargas<br \/>\n<strong>Entrada:<\/strong>\u00a0a partir de R$ 14,99<\/li>\n<\/ul>\n<p>&nbsp;<\/p>\n<ul class=\"content-unordered-list\">\n<li><strong><span class=\"highlight highlighted\">Menina com M\u00e3os de Mar &#8211; Conta\u00e7\u00e3o de hist\u00f3rias<br \/>\n<\/span><\/strong><strong>Hor\u00e1rio:\u00a0<\/strong>16h<br \/>\n<strong>Local:\u00a0<\/strong>Sesc<br \/>\n<strong>Entrada gratuita<\/strong><\/li>\n<\/ul>\n<p>&nbsp;<\/p>\n<ul class=\"content-unordered-list\">\n<li><strong><span class=\"highlight highlighted\">Anivers\u00e1rio 166 Anos<br \/>\n<\/span><\/strong><strong>Atra\u00e7\u00e3o:\u00a0<\/strong>Gabi Milino, DJ Jefferson Scratchy e Elba Ramalho<br \/>\n<strong>Hor\u00e1rio:\u00a0<\/strong>19h<br \/>\n<strong>Local:\u00a0<\/strong>Avenida Bruno Ruggiero Filho<br \/>\n<strong>Entrada gratuita<\/strong><\/li>\n<\/ul>\n<p>&nbsp;<\/p>\n<ul class=\"content-unordered-list\">\n<li><strong><span class=\"highlight highlighted\">System of a Down Cover<\/span><\/strong><br \/>\n<strong>Atra\u00e7\u00e3o:\u00a0<\/strong>Banda Arm\u00eania<br \/>\n<strong>Hor\u00e1rio:\u00a0<\/strong>19h<br \/>\n<strong>Local:\u00a0<\/strong>Gabrielle Cultural Lounge<br \/>\n<strong>Entrada:<\/strong>\u00a0a partir de R$ 14,50<\/li>\n<\/ul>\n<p>&nbsp;<\/p>\n<ul class=\"content-unordered-list\">\n<li><strong><span class=\"highlight highlighted\">Banda Vinock<\/span><\/strong><br \/>\n<strong>Hor\u00e1rio:\u00a0<\/strong>00h<br \/>\n<strong>Local:\u00a0<\/strong>The Black Bird Pub<br \/>\n<strong>Entrada:<\/strong>\u00a0a partir de R$ 5<\/li>\n<\/ul>\n<p>&nbsp;<\/p>\n<ul class=\"content-unordered-list\">\n<li><strong><span class=\"highlight highlighted\">Felipe Gabriel e Gustavo<\/span><\/strong><span class=\"highlight highlighted\"><br \/>\n<\/span><strong>Hor\u00e1rio:<\/strong>\u00a0a partir das 22h<br \/>\n<strong>Local:<\/strong>\u00a0Celeiro Bar e Eventos<br \/>\n<strong>Entrada:\u00a0<\/strong>a partir de R$ 15<\/li>\n<\/ul>\n<p>&nbsp;<\/p>\n<\/div>\n<\/div>\n<div id=\"chunk-5m1e8\">\n<div class=\"mc-column content-text active-extra-styles \" data-block-type=\"unstyled\" data-block-weight=\"2\" data-block-id=\"50\">\n<p class=\" content-text__container \" data-track-category=\"Link no Texto\" data-track-links=\"\"><strong>DOMINGO (5)<\/strong><\/p>\n<\/div>\n<\/div>\n<div id=\"chunk-7lit7\">\n<div class=\"mc-column content-text active-extra-styles\" data-block-type=\"raw\" data-block-weight=\"61\" data-block-id=\"51\">\n<p class=\"content-text__container\">\n<ul class=\"content-unordered-list\">\n<li><strong><span class=\"highlight highlighted\">Bellagio Circus<br \/>\n<\/span><\/strong><strong>Hor\u00e1rio:<\/strong>\u00a016h e 18h e 20h30<br \/>\n<strong>Local:\u00a0<\/strong>Avenida Get\u00falio Vargas<br \/>\n<strong>Entrada:\u00a0<\/strong>a partir de R$ 14,99<\/li>\n<\/ul>\n<p>&nbsp;<\/p>\n<ul class=\"content-unordered-list\">\n<li><strong><span class=\"highlight highlighted\">Seu Ten\u00f3rio &#8211; Forr\u00f3<\/span><\/strong><br \/>\n<strong>Hor\u00e1rio:\u00a0<\/strong>16h<br \/>\n<strong>Local:\u00a0<\/strong>Sesc<br \/>\n<strong>Entrada gratuita<\/strong><\/li>\n<\/ul>\n<p>&nbsp;<\/p>\n<ul class=\"content-unordered-list\">\n<li><strong><span class=\"highlight highlighted\">Anivers\u00e1rio 166 Anos<br \/>\n<\/span><\/strong><strong>Atra\u00e7\u00e3o:\u00a0<\/strong>DJ Jefferson Scratchy, L\u00ea Lopes, Leci Brand\u00e3o e Rappin Hood<br \/>\n<strong>Hor\u00e1rio:\u00a0<\/strong>16h<br \/>\n<strong>Local:\u00a0<\/strong>Avenida Bruno Ruggiero Filho<br \/>\n<strong>Entrada gratuita<\/strong><\/li>\n<\/ul>\n<p>&nbsp;<\/p>\n<ul class=\"content-unordered-list\">\n<li><strong><span class=\"highlight highlighted\">Anivers\u00e1rio 166 Anos<br \/>\n<\/span><\/strong><strong>Atra\u00e7\u00e3o:\u00a0<\/strong>Camerata de Viol\u00f5es do Conservat\u00f3rio de Tatu\u00ed<br \/>\n<strong>Hor\u00e1rio:\u00a0<\/strong>19h<br \/>\n<strong>Local:\u00a0<\/strong>Teatro Municipal Alderico Vieira Perdig\u00e3o<br \/>\n<strong>Entrada gratuita<\/strong><\/li>\n<\/ul>\n<p>&nbsp;<\/p>\n<\/div>\n<\/div>\n<div id=\"chunk-5qmk9\">\n<div class=\"mc-column content-text active-extra-styles\" data-block-type=\"raw\" data-block-weight=\"5\" data-block-id=\"52\">\n<p class=\"content-text__container\">\n<div class=\"content-intertitle\">\n<h2><a class=\"\" href=\"https:\/\/g1.globo.com\/sp\/sao-carlos-regiao\/cidade\/sao-joao-da-boa-vista\/\">S\u00e3o Jo\u00e3o da Boa Vista<\/a><\/h2>\n<\/div>\n<p>&nbsp;<\/p>\n<\/div>\n<\/div>\n<div id=\"chunk-7o80\">\n<div class=\"mc-column content-text active-extra-styles \" data-block-type=\"unstyled\" data-block-weight=\"2\" data-block-id=\"53\">\n<p class=\" content-text__container \" data-track-category=\"Link no Texto\" data-track-links=\"\"><strong>S\u00c1BADO (4)<\/strong><\/p>\n<\/div>\n<\/div>\n<div id=\"chunk-ai3fj\">\n<div class=\"mc-column content-text active-extra-styles\" data-block-type=\"raw\" data-block-weight=\"33\" data-block-id=\"54\">\n<p class=\"content-text__container\">\n<ul class=\"content-unordered-list\">\n<li><strong><span class=\"highlight highlighted\">Abusadamente<br \/>\n<\/span><\/strong><strong>Hor\u00e1rio:\u00a0<\/strong>21h<br \/>\n<strong>Entrada:<\/strong>\u00a0a partir R$ 10<\/li>\n<li><strong><span class=\"highlight highlighted\">Esquenta Open Cooler &#8211; Pr\u00e9 Festa Baile do Paiva<br \/>\n<\/span><\/strong><strong>Atra\u00e7\u00e3o:\u00a0<\/strong>DJs Su Vital \/ Tyler \/ Bazza<br \/>\n<strong>Hor\u00e1rio:\u00a0<\/strong>23h<br \/>\n<strong>Local:\u00a0<\/strong>XV de Novembro<br \/>\n<strong>Entrada:\u00a0<\/strong>a partir de R$ 20<\/li>\n<li><\/li>\n<\/ul>\n<\/div>\n<\/div>\n<div id=\"chunk-4rl24\">\n<div class=\"content-ads content-ads--reveal\" data-block-type=\"ads\" data-block-id=\"55\"><\/div>\n<\/div>\n<div id=\"chunk-3nk5a\">\n<div class=\"mc-column content-text active-extra-styles \" data-block-type=\"unstyled\" data-block-weight=\"2\" data-block-id=\"56\">\n<p class=\" content-text__container \" data-track-category=\"Link no Texto\" data-track-links=\"\"><strong>DOMINGO (4)<\/strong><\/p>\n<\/div>\n<\/div>\n<div id=\"chunk-85f46\">\n<div class=\"mc-column content-text active-extra-styles\" data-block-type=\"raw\" data-block-weight=\"9\" data-block-id=\"57\">\n<p class=\"content-text__container\">\n<ul class=\"content-unordered-list\">\n<li><strong><span class=\"highlight highlighted\">Orquestra Sinf\u00f4nica Stravaganza<br \/>\n<\/span><\/strong><strong>Hor\u00e1rio:\u00a0<\/strong>19h30<br \/>\n<strong>Local:\u00a0<\/strong>Pra\u00e7a Cel. Joaquim Jos\u00e9<br \/>\n<strong>Entrada gratuita<\/strong><\/li>\n<\/ul>\n<p>&nbsp;<\/p>\n<\/div>\n<\/div>\n<div id=\"chunk-1a5sc\">\n<div class=\"mc-column content-text active-extra-styles\" data-block-type=\"raw\" data-block-weight=\"4\" data-block-id=\"58\">\n<p class=\"content-text__container\">\n<div class=\"content-intertitle\">\n<h2><a class=\"\" href=\"https:\/\/g1.globo.com\/sp\/sao-carlos-regiao\/cidade\/sao-sebastiao-da-grama\/\">S\u00e3o Sebasti\u00e3o da Grama<\/a><\/h2>\n<\/div>\n<p>&nbsp;<\/p>\n<\/div>\n<\/div>\n<div id=\"chunk-4qtpv\">\n<div class=\"mc-column content-text active-extra-styles \" data-block-type=\"unstyled\" data-block-weight=\"2\" data-block-id=\"59\">\n<p class=\" content-text__container \" data-track-category=\"Link no Texto\" data-track-links=\"\"><strong>SEXTA-FEIRA (3)<\/strong><\/p>\n<\/div>\n<\/div>\n<div id=\"chunk-e6i0p\">\n<div class=\"mc-column content-text active-extra-styles\" data-block-type=\"raw\" data-block-weight=\"27\" data-block-id=\"60\">\n<p class=\"content-text__container\">\n<ul class=\"content-unordered-list\">\n<li><strong><span class=\"highlight highlighted\">III Expo Grama e V Festa do Caf\u00e9<br \/>\n<\/span><\/strong><strong>Atra\u00e7\u00e3o:<\/strong>\u00a0Lauana Prado<br \/>\n<strong>Hor\u00e1rio:<\/strong>\u00a0a partir das 18h<br \/>\n<strong>Local:<\/strong>\u00a0Arena de eventos &#8211; em frente a rodovi\u00e1ria<br \/>\n<strong>Entrada:\u00a0<\/strong>a partir de R$ 120<\/li>\n<\/ul>\n<p>&nbsp;<\/p>\n<\/div>\n<\/div>\n<div id=\"chunk-al919\">\n<div class=\"mc-column content-text active-extra-styles \" data-block-type=\"unstyled\" data-block-weight=\"2\" data-block-id=\"61\">\n<p class=\" content-text__container \" data-track-category=\"Link no Texto\" data-track-links=\"\"><strong>S\u00c1BADO (4)<\/strong><\/p>\n<\/div>\n<\/div>\n<div id=\"chunk-45dk7\">\n<div class=\"mc-column content-text active-extra-styles\" data-block-type=\"raw\" data-block-weight=\"32\" data-block-id=\"62\">\n<p class=\"content-text__container\">\n<ul class=\"content-unordered-list\">\n<li><strong><span class=\"highlight highlighted\">III Expo Grama e V Festa do Caf\u00e9<br \/>\n<\/span><\/strong><strong>Atra\u00e7\u00f5es:\u00a0<\/strong>Humberto e Ronaldo e Bimbo &amp; Jhonas<br \/>\n<strong>Hor\u00e1rio:<\/strong>\u00a0a partir das 18h<br \/>\n<strong>Local:\u00a0<\/strong>Arena de eventos &#8211; em frente a rodovi\u00e1ria<br \/>\n<strong>Entrada:\u00a0<\/strong>a partir de R$ 120<\/li>\n<\/ul>\n<p>Via <em><strong><a href=\"https:\/\/g1.globo.com\/sp\/sao-carlos-regiao\/noticia\/2023\/11\/03\/lauana-prado-e-grupo-pura-sintonia-sao-atracoes-do-fim-de-semana-em-araraquara-e-regiao.ghtml\" target=\"_blank\" rel=\"noopener\">G1 Mococa<\/a><\/strong><\/em><\/p>\n<\/div>\n<\/div>\n<\/div>\n","protected":false},"excerpt":{"rendered":"<p>Lauana Prado e Grupo Pura Sintonia s\u00e3o algumas das atra\u00e7\u00f5es do guia cultural preparado pelo\u00a0g1 S\u00e3o Carlos e Araraquara\u00a0para este fim que semana que est\u00e1 come\u00e7ando.\u00a0(Veja abaixo a programa\u00e7\u00e3o de 10 cidades.) Em\u00a0S\u00e3o Carlos (SP), h\u00e1 uma programa\u00e7\u00e3o especial, j\u00e1 que a cidade comemora seu 166\u00ba anivers\u00e1rio neste s\u00e1bado (4). Al\u00e9m disso, a Ta\u00e7a Universit\u00e1ria &hellip;<\/p>\n","protected":false},"author":1,"featured_media":1971,"comment_status":"closed","ping_status":"closed","sticky":false,"template":"","format":"standard","meta":{"footnotes":""},"categories":[30],"tags":[],"class_list":["post-1970","post","type-post","status-publish","format-standard","has-post-thumbnail","hentry","category-geral"],"yoast_head":"<!-- This site is optimized with the Yoast SEO plugin v27.4 - https:\/\/yoast.com\/product\/yoast-seo-wordpress\/ -->\n<title>Lauana Prado e Grupo Pura Sintonia s\u00e3o atra\u00e7\u00f5es do fim de semana em Mococa e regi\u00e3o - Transam\u00e9rica Mococa 93,3<\/title>\n<meta name=\"robots\" content=\"index, follow, max-snippet:-1, max-image-preview:large, max-video-preview:-1\" \/>\n<link rel=\"canonical\" href=\"https:\/\/transamerica93.com.br\/home\/lauana-prado-e-grupo-pura-sintonia-sao-atracoes-do-fim-de-semana-em-mococa-e-regiao\/\" \/>\n<meta property=\"og:locale\" content=\"pt_BR\" \/>\n<meta property=\"og:type\" content=\"article\" \/>\n<meta property=\"og:title\" content=\"Lauana Prado e Grupo Pura Sintonia s\u00e3o atra\u00e7\u00f5es do fim de semana em Mococa e regi\u00e3o - Transam\u00e9rica Mococa 93,3\" \/>\n<meta property=\"og:description\" content=\"Lauana Prado e Grupo Pura Sintonia s\u00e3o algumas das atra\u00e7\u00f5es do guia cultural preparado pelo\u00a0g1 S\u00e3o Carlos e Araraquara\u00a0para este fim que semana que est\u00e1 come\u00e7ando.\u00a0(Veja abaixo a programa\u00e7\u00e3o de 10 cidades.) Em\u00a0S\u00e3o Carlos (SP), h\u00e1 uma programa\u00e7\u00e3o especial, j\u00e1 que a cidade comemora seu 166\u00ba anivers\u00e1rio neste s\u00e1bado (4). Al\u00e9m disso, a Ta\u00e7a Universit\u00e1ria &hellip;\" \/>\n<meta property=\"og:url\" content=\"https:\/\/transamerica93.com.br\/home\/lauana-prado-e-grupo-pura-sintonia-sao-atracoes-do-fim-de-semana-em-mococa-e-regiao\/\" \/>\n<meta property=\"og:site_name\" content=\"Transam\u00e9rica Mococa 93,3\" \/>\n<meta property=\"article:publisher\" content=\"https:\/\/www.facebook.com\/transamericamococa\" \/>\n<meta property=\"article:published_time\" content=\"2023-11-03T18:09:12+00:00\" \/>\n<meta property=\"og:image\" content=\"https:\/\/transamerica93.com.br\/home\/wp-content\/uploads\/2023\/11\/imagem.jpg\" \/>\n\t<meta property=\"og:image:width\" content=\"959\" \/>\n\t<meta property=\"og:image:height\" content=\"550\" \/>\n\t<meta property=\"og:image:type\" content=\"image\/jpeg\" \/>\n<meta name=\"author\" content=\"Reda\u00e7\u00e3o\" \/>\n<meta name=\"twitter:card\" content=\"summary_large_image\" \/>\n<meta name=\"twitter:creator\" content=\"@transamerica933\" \/>\n<meta name=\"twitter:site\" content=\"@transamerica933\" \/>\n<meta name=\"twitter:label1\" content=\"Escrito por\" \/>\n\t<meta name=\"twitter:data1\" content=\"Reda\u00e7\u00e3o\" \/>\n\t<meta name=\"twitter:label2\" content=\"Est. tempo de leitura\" \/>\n\t<meta name=\"twitter:data2\" content=\"6 minutos\" \/>\n<script type=\"application\/ld+json\" class=\"yoast-schema-graph\">{\"@context\":\"https:\\\/\\\/schema.org\",\"@graph\":[{\"@type\":\"Article\",\"@id\":\"https:\\\/\\\/transamerica93.com.br\\\/home\\\/lauana-prado-e-grupo-pura-sintonia-sao-atracoes-do-fim-de-semana-em-mococa-e-regiao\\\/#article\",\"isPartOf\":{\"@id\":\"https:\\\/\\\/transamerica93.com.br\\\/home\\\/lauana-prado-e-grupo-pura-sintonia-sao-atracoes-do-fim-de-semana-em-mococa-e-regiao\\\/\"},\"author\":{\"name\":\"Reda\u00e7\u00e3o\",\"@id\":\"https:\\\/\\\/transamerica93.com.br\\\/home\\\/#\\\/schema\\\/person\\\/7fed7c99c0d4562efa8561bc0f543172\"},\"headline\":\"Lauana Prado e Grupo Pura Sintonia s\u00e3o atra\u00e7\u00f5es do fim de semana em Mococa e regi\u00e3o\",\"datePublished\":\"2023-11-03T18:09:12+00:00\",\"mainEntityOfPage\":{\"@id\":\"https:\\\/\\\/transamerica93.com.br\\\/home\\\/lauana-prado-e-grupo-pura-sintonia-sao-atracoes-do-fim-de-semana-em-mococa-e-regiao\\\/\"},\"wordCount\":1089,\"publisher\":{\"@id\":\"https:\\\/\\\/transamerica93.com.br\\\/home\\\/#organization\"},\"image\":{\"@id\":\"https:\\\/\\\/transamerica93.com.br\\\/home\\\/lauana-prado-e-grupo-pura-sintonia-sao-atracoes-do-fim-de-semana-em-mococa-e-regiao\\\/#primaryimage\"},\"thumbnailUrl\":\"https:\\\/\\\/transamerica93.com.br\\\/home\\\/wp-content\\\/uploads\\\/2023\\\/11\\\/imagem.jpg\",\"articleSection\":[\"Geral\"],\"inLanguage\":\"pt-BR\"},{\"@type\":\"WebPage\",\"@id\":\"https:\\\/\\\/transamerica93.com.br\\\/home\\\/lauana-prado-e-grupo-pura-sintonia-sao-atracoes-do-fim-de-semana-em-mococa-e-regiao\\\/\",\"url\":\"https:\\\/\\\/transamerica93.com.br\\\/home\\\/lauana-prado-e-grupo-pura-sintonia-sao-atracoes-do-fim-de-semana-em-mococa-e-regiao\\\/\",\"name\":\"Lauana Prado e Grupo Pura Sintonia s\u00e3o atra\u00e7\u00f5es do fim de semana em Mococa e regi\u00e3o - Transam\u00e9rica Mococa 93,3\",\"isPartOf\":{\"@id\":\"https:\\\/\\\/transamerica93.com.br\\\/home\\\/#website\"},\"primaryImageOfPage\":{\"@id\":\"https:\\\/\\\/transamerica93.com.br\\\/home\\\/lauana-prado-e-grupo-pura-sintonia-sao-atracoes-do-fim-de-semana-em-mococa-e-regiao\\\/#primaryimage\"},\"image\":{\"@id\":\"https:\\\/\\\/transamerica93.com.br\\\/home\\\/lauana-prado-e-grupo-pura-sintonia-sao-atracoes-do-fim-de-semana-em-mococa-e-regiao\\\/#primaryimage\"},\"thumbnailUrl\":\"https:\\\/\\\/transamerica93.com.br\\\/home\\\/wp-content\\\/uploads\\\/2023\\\/11\\\/imagem.jpg\",\"datePublished\":\"2023-11-03T18:09:12+00:00\",\"breadcrumb\":{\"@id\":\"https:\\\/\\\/transamerica93.com.br\\\/home\\\/lauana-prado-e-grupo-pura-sintonia-sao-atracoes-do-fim-de-semana-em-mococa-e-regiao\\\/#breadcrumb\"},\"inLanguage\":\"pt-BR\",\"potentialAction\":[{\"@type\":\"ReadAction\",\"target\":[\"https:\\\/\\\/transamerica93.com.br\\\/home\\\/lauana-prado-e-grupo-pura-sintonia-sao-atracoes-do-fim-de-semana-em-mococa-e-regiao\\\/\"]}]},{\"@type\":\"ImageObject\",\"inLanguage\":\"pt-BR\",\"@id\":\"https:\\\/\\\/transamerica93.com.br\\\/home\\\/lauana-prado-e-grupo-pura-sintonia-sao-atracoes-do-fim-de-semana-em-mococa-e-regiao\\\/#primaryimage\",\"url\":\"https:\\\/\\\/transamerica93.com.br\\\/home\\\/wp-content\\\/uploads\\\/2023\\\/11\\\/imagem.jpg\",\"contentUrl\":\"https:\\\/\\\/transamerica93.com.br\\\/home\\\/wp-content\\\/uploads\\\/2023\\\/11\\\/imagem.jpg\",\"width\":959,\"height\":550,\"caption\":\"Foto: Divulga\u00e7\u00e3o\"},{\"@type\":\"BreadcrumbList\",\"@id\":\"https:\\\/\\\/transamerica93.com.br\\\/home\\\/lauana-prado-e-grupo-pura-sintonia-sao-atracoes-do-fim-de-semana-em-mococa-e-regiao\\\/#breadcrumb\",\"itemListElement\":[{\"@type\":\"ListItem\",\"position\":1,\"name\":\"In\u00edcio\",\"item\":\"https:\\\/\\\/transamerica93.com.br\\\/home\\\/\"},{\"@type\":\"ListItem\",\"position\":2,\"name\":\"Lauana Prado e Grupo Pura Sintonia s\u00e3o atra\u00e7\u00f5es do fim de semana em Mococa e regi\u00e3o\"}]},{\"@type\":\"WebSite\",\"@id\":\"https:\\\/\\\/transamerica93.com.br\\\/home\\\/#website\",\"url\":\"https:\\\/\\\/transamerica93.com.br\\\/home\\\/\",\"name\":\"Transam\u00e9rica Mococa 93,3\",\"description\":\"\",\"publisher\":{\"@id\":\"https:\\\/\\\/transamerica93.com.br\\\/home\\\/#organization\"},\"potentialAction\":[{\"@type\":\"SearchAction\",\"target\":{\"@type\":\"EntryPoint\",\"urlTemplate\":\"https:\\\/\\\/transamerica93.com.br\\\/home\\\/?s={search_term_string}\"},\"query-input\":{\"@type\":\"PropertyValueSpecification\",\"valueRequired\":true,\"valueName\":\"search_term_string\"}}],\"inLanguage\":\"pt-BR\"},{\"@type\":\"Organization\",\"@id\":\"https:\\\/\\\/transamerica93.com.br\\\/home\\\/#organization\",\"name\":\"Transam\u00e9rica Mococa 93,3\",\"url\":\"https:\\\/\\\/transamerica93.com.br\\\/home\\\/\",\"logo\":{\"@type\":\"ImageObject\",\"inLanguage\":\"pt-BR\",\"@id\":\"https:\\\/\\\/transamerica93.com.br\\\/home\\\/#\\\/schema\\\/logo\\\/image\\\/\",\"url\":\"https:\\\/\\\/transamerica93.com.br\\\/home\\\/wp-content\\\/uploads\\\/2023\\\/10\\\/logo2.png\",\"contentUrl\":\"https:\\\/\\\/transamerica93.com.br\\\/home\\\/wp-content\\\/uploads\\\/2023\\\/10\\\/logo2.png\",\"width\":800,\"height\":500,\"caption\":\"Transam\u00e9rica Mococa 93,3\"},\"image\":{\"@id\":\"https:\\\/\\\/transamerica93.com.br\\\/home\\\/#\\\/schema\\\/logo\\\/image\\\/\"},\"sameAs\":[\"https:\\\/\\\/www.facebook.com\\\/transamericamococa\",\"https:\\\/\\\/x.com\\\/transamerica933\",\"https:\\\/\\\/www.instagram.com\\\/transamericamococa\"]},{\"@type\":\"Person\",\"@id\":\"https:\\\/\\\/transamerica93.com.br\\\/home\\\/#\\\/schema\\\/person\\\/7fed7c99c0d4562efa8561bc0f543172\",\"name\":\"Reda\u00e7\u00e3o\",\"image\":{\"@type\":\"ImageObject\",\"inLanguage\":\"pt-BR\",\"@id\":\"https:\\\/\\\/secure.gravatar.com\\\/avatar\\\/1072c6b775fb02ef8506ce967551d95926669a6b7d2c2147b42eea4d7c68395e?s=96&d=mm&r=g\",\"url\":\"https:\\\/\\\/secure.gravatar.com\\\/avatar\\\/1072c6b775fb02ef8506ce967551d95926669a6b7d2c2147b42eea4d7c68395e?s=96&d=mm&r=g\",\"contentUrl\":\"https:\\\/\\\/secure.gravatar.com\\\/avatar\\\/1072c6b775fb02ef8506ce967551d95926669a6b7d2c2147b42eea4d7c68395e?s=96&d=mm&r=g\",\"caption\":\"Reda\u00e7\u00e3o\"},\"sameAs\":[\"https:\\\/\\\/transamerica93.com.br\\\/home\"],\"url\":\"https:\\\/\\\/transamerica93.com.br\\\/home\\\/author\\\/william\\\/\"}]}<\/script>\n<!-- \/ Yoast SEO plugin. -->","yoast_head_json":{"title":"Lauana Prado e Grupo Pura Sintonia s\u00e3o atra\u00e7\u00f5es do fim de semana em Mococa e regi\u00e3o - Transam\u00e9rica Mococa 93,3","robots":{"index":"index","follow":"follow","max-snippet":"max-snippet:-1","max-image-preview":"max-image-preview:large","max-video-preview":"max-video-preview:-1"},"canonical":"https:\/\/transamerica93.com.br\/home\/lauana-prado-e-grupo-pura-sintonia-sao-atracoes-do-fim-de-semana-em-mococa-e-regiao\/","og_locale":"pt_BR","og_type":"article","og_title":"Lauana Prado e Grupo Pura Sintonia s\u00e3o atra\u00e7\u00f5es do fim de semana em Mococa e regi\u00e3o - Transam\u00e9rica Mococa 93,3","og_description":"Lauana Prado e Grupo Pura Sintonia s\u00e3o algumas das atra\u00e7\u00f5es do guia cultural preparado pelo\u00a0g1 S\u00e3o Carlos e Araraquara\u00a0para este fim que semana que est\u00e1 come\u00e7ando.\u00a0(Veja abaixo a programa\u00e7\u00e3o de 10 cidades.) Em\u00a0S\u00e3o Carlos (SP), h\u00e1 uma programa\u00e7\u00e3o especial, j\u00e1 que a cidade comemora seu 166\u00ba anivers\u00e1rio neste s\u00e1bado (4). Al\u00e9m disso, a Ta\u00e7a Universit\u00e1ria &hellip;","og_url":"https:\/\/transamerica93.com.br\/home\/lauana-prado-e-grupo-pura-sintonia-sao-atracoes-do-fim-de-semana-em-mococa-e-regiao\/","og_site_name":"Transam\u00e9rica Mococa 93,3","article_publisher":"https:\/\/www.facebook.com\/transamericamococa","article_published_time":"2023-11-03T18:09:12+00:00","og_image":[{"width":959,"height":550,"url":"https:\/\/transamerica93.com.br\/home\/wp-content\/uploads\/2023\/11\/imagem.jpg","type":"image\/jpeg"}],"author":"Reda\u00e7\u00e3o","twitter_card":"summary_large_image","twitter_creator":"@transamerica933","twitter_site":"@transamerica933","twitter_misc":{"Escrito por":"Reda\u00e7\u00e3o","Est. tempo de leitura":"6 minutos"},"schema":{"@context":"https:\/\/schema.org","@graph":[{"@type":"Article","@id":"https:\/\/transamerica93.com.br\/home\/lauana-prado-e-grupo-pura-sintonia-sao-atracoes-do-fim-de-semana-em-mococa-e-regiao\/#article","isPartOf":{"@id":"https:\/\/transamerica93.com.br\/home\/lauana-prado-e-grupo-pura-sintonia-sao-atracoes-do-fim-de-semana-em-mococa-e-regiao\/"},"author":{"name":"Reda\u00e7\u00e3o","@id":"https:\/\/transamerica93.com.br\/home\/#\/schema\/person\/7fed7c99c0d4562efa8561bc0f543172"},"headline":"Lauana Prado e Grupo Pura Sintonia s\u00e3o atra\u00e7\u00f5es do fim de semana em Mococa e regi\u00e3o","datePublished":"2023-11-03T18:09:12+00:00","mainEntityOfPage":{"@id":"https:\/\/transamerica93.com.br\/home\/lauana-prado-e-grupo-pura-sintonia-sao-atracoes-do-fim-de-semana-em-mococa-e-regiao\/"},"wordCount":1089,"publisher":{"@id":"https:\/\/transamerica93.com.br\/home\/#organization"},"image":{"@id":"https:\/\/transamerica93.com.br\/home\/lauana-prado-e-grupo-pura-sintonia-sao-atracoes-do-fim-de-semana-em-mococa-e-regiao\/#primaryimage"},"thumbnailUrl":"https:\/\/transamerica93.com.br\/home\/wp-content\/uploads\/2023\/11\/imagem.jpg","articleSection":["Geral"],"inLanguage":"pt-BR"},{"@type":"WebPage","@id":"https:\/\/transamerica93.com.br\/home\/lauana-prado-e-grupo-pura-sintonia-sao-atracoes-do-fim-de-semana-em-mococa-e-regiao\/","url":"https:\/\/transamerica93.com.br\/home\/lauana-prado-e-grupo-pura-sintonia-sao-atracoes-do-fim-de-semana-em-mococa-e-regiao\/","name":"Lauana Prado e Grupo Pura Sintonia s\u00e3o atra\u00e7\u00f5es do fim de semana em Mococa e regi\u00e3o - Transam\u00e9rica Mococa 93,3","isPartOf":{"@id":"https:\/\/transamerica93.com.br\/home\/#website"},"primaryImageOfPage":{"@id":"https:\/\/transamerica93.com.br\/home\/lauana-prado-e-grupo-pura-sintonia-sao-atracoes-do-fim-de-semana-em-mococa-e-regiao\/#primaryimage"},"image":{"@id":"https:\/\/transamerica93.com.br\/home\/lauana-prado-e-grupo-pura-sintonia-sao-atracoes-do-fim-de-semana-em-mococa-e-regiao\/#primaryimage"},"thumbnailUrl":"https:\/\/transamerica93.com.br\/home\/wp-content\/uploads\/2023\/11\/imagem.jpg","datePublished":"2023-11-03T18:09:12+00:00","breadcrumb":{"@id":"https:\/\/transamerica93.com.br\/home\/lauana-prado-e-grupo-pura-sintonia-sao-atracoes-do-fim-de-semana-em-mococa-e-regiao\/#breadcrumb"},"inLanguage":"pt-BR","potentialAction":[{"@type":"ReadAction","target":["https:\/\/transamerica93.com.br\/home\/lauana-prado-e-grupo-pura-sintonia-sao-atracoes-do-fim-de-semana-em-mococa-e-regiao\/"]}]},{"@type":"ImageObject","inLanguage":"pt-BR","@id":"https:\/\/transamerica93.com.br\/home\/lauana-prado-e-grupo-pura-sintonia-sao-atracoes-do-fim-de-semana-em-mococa-e-regiao\/#primaryimage","url":"https:\/\/transamerica93.com.br\/home\/wp-content\/uploads\/2023\/11\/imagem.jpg","contentUrl":"https:\/\/transamerica93.com.br\/home\/wp-content\/uploads\/2023\/11\/imagem.jpg","width":959,"height":550,"caption":"Foto: Divulga\u00e7\u00e3o"},{"@type":"BreadcrumbList","@id":"https:\/\/transamerica93.com.br\/home\/lauana-prado-e-grupo-pura-sintonia-sao-atracoes-do-fim-de-semana-em-mococa-e-regiao\/#breadcrumb","itemListElement":[{"@type":"ListItem","position":1,"name":"In\u00edcio","item":"https:\/\/transamerica93.com.br\/home\/"},{"@type":"ListItem","position":2,"name":"Lauana Prado e Grupo Pura Sintonia s\u00e3o atra\u00e7\u00f5es do fim de semana em Mococa e regi\u00e3o"}]},{"@type":"WebSite","@id":"https:\/\/transamerica93.com.br\/home\/#website","url":"https:\/\/transamerica93.com.br\/home\/","name":"Transam\u00e9rica Mococa 93,3","description":"","publisher":{"@id":"https:\/\/transamerica93.com.br\/home\/#organization"},"potentialAction":[{"@type":"SearchAction","target":{"@type":"EntryPoint","urlTemplate":"https:\/\/transamerica93.com.br\/home\/?s={search_term_string}"},"query-input":{"@type":"PropertyValueSpecification","valueRequired":true,"valueName":"search_term_string"}}],"inLanguage":"pt-BR"},{"@type":"Organization","@id":"https:\/\/transamerica93.com.br\/home\/#organization","name":"Transam\u00e9rica Mococa 93,3","url":"https:\/\/transamerica93.com.br\/home\/","logo":{"@type":"ImageObject","inLanguage":"pt-BR","@id":"https:\/\/transamerica93.com.br\/home\/#\/schema\/logo\/image\/","url":"https:\/\/transamerica93.com.br\/home\/wp-content\/uploads\/2023\/10\/logo2.png","contentUrl":"https:\/\/transamerica93.com.br\/home\/wp-content\/uploads\/2023\/10\/logo2.png","width":800,"height":500,"caption":"Transam\u00e9rica Mococa 93,3"},"image":{"@id":"https:\/\/transamerica93.com.br\/home\/#\/schema\/logo\/image\/"},"sameAs":["https:\/\/www.facebook.com\/transamericamococa","https:\/\/x.com\/transamerica933","https:\/\/www.instagram.com\/transamericamococa"]},{"@type":"Person","@id":"https:\/\/transamerica93.com.br\/home\/#\/schema\/person\/7fed7c99c0d4562efa8561bc0f543172","name":"Reda\u00e7\u00e3o","image":{"@type":"ImageObject","inLanguage":"pt-BR","@id":"https:\/\/secure.gravatar.com\/avatar\/1072c6b775fb02ef8506ce967551d95926669a6b7d2c2147b42eea4d7c68395e?s=96&d=mm&r=g","url":"https:\/\/secure.gravatar.com\/avatar\/1072c6b775fb02ef8506ce967551d95926669a6b7d2c2147b42eea4d7c68395e?s=96&d=mm&r=g","contentUrl":"https:\/\/secure.gravatar.com\/avatar\/1072c6b775fb02ef8506ce967551d95926669a6b7d2c2147b42eea4d7c68395e?s=96&d=mm&r=g","caption":"Reda\u00e7\u00e3o"},"sameAs":["https:\/\/transamerica93.com.br\/home"],"url":"https:\/\/transamerica93.com.br\/home\/author\/william\/"}]}},"_links":{"self":[{"href":"https:\/\/transamerica93.com.br\/home\/wp-json\/wp\/v2\/posts\/1970","targetHints":{"allow":["GET"]}}],"collection":[{"href":"https:\/\/transamerica93.com.br\/home\/wp-json\/wp\/v2\/posts"}],"about":[{"href":"https:\/\/transamerica93.com.br\/home\/wp-json\/wp\/v2\/types\/post"}],"author":[{"embeddable":true,"href":"https:\/\/transamerica93.com.br\/home\/wp-json\/wp\/v2\/users\/1"}],"replies":[{"embeddable":true,"href":"https:\/\/transamerica93.com.br\/home\/wp-json\/wp\/v2\/comments?post=1970"}],"version-history":[{"count":1,"href":"https:\/\/transamerica93.com.br\/home\/wp-json\/wp\/v2\/posts\/1970\/revisions"}],"predecessor-version":[{"id":1972,"href":"https:\/\/transamerica93.com.br\/home\/wp-json\/wp\/v2\/posts\/1970\/revisions\/1972"}],"wp:featuredmedia":[{"embeddable":true,"href":"https:\/\/transamerica93.com.br\/home\/wp-json\/wp\/v2\/media\/1971"}],"wp:attachment":[{"href":"https:\/\/transamerica93.com.br\/home\/wp-json\/wp\/v2\/media?parent=1970"}],"wp:term":[{"taxonomy":"category","embeddable":true,"href":"https:\/\/transamerica93.com.br\/home\/wp-json\/wp\/v2\/categories?post=1970"},{"taxonomy":"post_tag","embeddable":true,"href":"https:\/\/transamerica93.com.br\/home\/wp-json\/wp\/v2\/tags?post=1970"}],"curies":[{"name":"wp","href":"https:\/\/api.w.org\/{rel}","templated":true}]}}