{"id":1996,"date":"2023-11-10T09:24:50","date_gmt":"2023-11-10T12:24:50","guid":{"rendered":"https:\/\/transamerica93.com.br\/home\/?p=1996"},"modified":"2023-11-10T09:24:50","modified_gmt":"2023-11-10T12:24:50","slug":"caetano-veloso-bethania-adriana-calcanhotto-artistas-lamentam-1-ano-da-morte-de-gal-costa","status":"publish","type":"post","link":"https:\/\/transamerica93.com.br\/home\/caetano-veloso-bethania-adriana-calcanhotto-artistas-lamentam-1-ano-da-morte-de-gal-costa\/","title":{"rendered":"Caetano Veloso, Beth\u00e2nia, Adriana Calcanhotto: artistas lamentam 1 ano da morte de Gal Costa"},"content":{"rendered":"<div id=\"Corpo\">Por Gabriela Piva<\/p>\n<p>Caetano Veloso lamentou o anivers\u00e1rio de 1 ano da morte de Gal Costa. A cantora baiana morreu, aos 77 anos, em 9 de novembro de 2022 ap\u00f3s um enfarte fulminante. Ao relembrar e homenagear Gal no X (antigo Twitter), ele disse &#8220;n\u00e3o acreditar&#8221; no tempo que passou.<\/p>\n<p>&#8220;\u00c9 como se tivesse sido ontem, \u00e9 como se n\u00e3o tivesse sido. Emiss\u00e3o de voz que j\u00e1 era m\u00fasica antes de ela entrar um tanto nalguma m\u00fasica. N\u00e3o d\u00e1 pra medir, n\u00e3o d\u00e1 pra entender. No filme que Dandara e L\u00f4 fizeram ri e chorei lembrando os come\u00e7os. Agora, ela ter ido embora n\u00e3o metabolizo. J\u00e1 faz um ano que o mundo n\u00e3o tem Gal? Imposs\u00edvel aceitar.&#8221;<\/p>\n<p>Maria Beth\u00e2nia tamb\u00e9m relembrou a amiga nas redes sociais ao som de &#8220;Sol Negro&#8221;, m\u00fasica escrita por Caetano Veloso e interpretada pelas duas artistas.<\/p>\n<p>&#8220;E assim se passaram 365 dias. \u2018Tudo em volta est\u00e1 deserto&#8230; Tudo certo como 2 e 2 s\u00e3o 5&#8242;. Um ano sem Gal&#8221;, escreveu citando a can\u00e7\u00e3o\u00a0<i>Como 2 e 2<\/i>, composta pelo seu irm\u00e3o.<\/p>\n<p>Adriana Calcanhotto publicou uma foto antiga de uma apresenta\u00e7\u00e3o de Gal Costa para homenagear a cantora e escreveu: &#8220;Tudo d\u00f3i&#8221;.<\/p>\n<p>Marcus Preto, produtor musical de Gal Costa, que lan\u00e7ou discos como\u00a0<i>Estratosf\u00e9rica<\/i>, de 2015, contou ao\u00a0<b>Estad\u00e3o<\/b>\u00a0como tem encarado esse dia.<\/p>\n<p>&#8220;Pode parecer um clich\u00ea, mas \u00e9 o dia de comemorar a vida, a hist\u00f3ria, a m\u00fasica da Gal. Isso eu tenho aprendido cada vez mais \u00c9 um jeito que eu entendi da onde posso colocar essa dor, perda, aus\u00eancia. (&#8230;) \u00c9 dia disso, dia de falar dela e deixar ela presente&#8221;, disse ele.<\/p>\n<p>O produtor tamb\u00e9m relembrou a amiga nas redes sociais. Com uma foto na qual ele aparece deitado no colo dela, escreveu: &#8220;A cicatriz na pele do futuro&#8221;.<\/p><\/div>\n","protected":false},"excerpt":{"rendered":"<p>Por Gabriela Piva Caetano Veloso lamentou o anivers\u00e1rio de 1 ano da morte de Gal Costa. A cantora baiana morreu, aos 77 anos, em 9 de novembro de 2022 ap\u00f3s um enfarte fulminante. Ao relembrar e homenagear Gal no X (antigo Twitter), ele disse &#8220;n\u00e3o acreditar&#8221; no tempo que passou. &#8220;\u00c9 como se tivesse sido &hellip;<\/p>\n","protected":false},"author":1,"featured_media":1997,"comment_status":"closed","ping_status":"closed","sticky":false,"template":"","format":"standard","meta":{"footnotes":""},"categories":[25],"tags":[],"class_list":["post-1996","post","type-post","status-publish","format-standard","has-post-thumbnail","hentry","category-musica"],"yoast_head":"<!-- This site is optimized with the Yoast SEO plugin v27.4 - https:\/\/yoast.com\/product\/yoast-seo-wordpress\/ -->\n<title>Caetano Veloso, Beth\u00e2nia, Adriana Calcanhotto: artistas lamentam 1 ano da morte de Gal Costa - Transam\u00e9rica Mococa 93,3<\/title>\n<meta name=\"robots\" content=\"index, follow, max-snippet:-1, max-image-preview:large, max-video-preview:-1\" \/>\n<link rel=\"canonical\" href=\"https:\/\/transamerica93.com.br\/home\/caetano-veloso-bethania-adriana-calcanhotto-artistas-lamentam-1-ano-da-morte-de-gal-costa\/\" \/>\n<meta property=\"og:locale\" content=\"pt_BR\" \/>\n<meta property=\"og:type\" content=\"article\" \/>\n<meta property=\"og:title\" content=\"Caetano Veloso, Beth\u00e2nia, Adriana Calcanhotto: artistas lamentam 1 ano da morte de Gal Costa - Transam\u00e9rica Mococa 93,3\" \/>\n<meta property=\"og:description\" content=\"Por Gabriela Piva Caetano Veloso lamentou o anivers\u00e1rio de 1 ano da morte de Gal Costa. A cantora baiana morreu, aos 77 anos, em 9 de novembro de 2022 ap\u00f3s um enfarte fulminante. Ao relembrar e homenagear Gal no X (antigo Twitter), ele disse &#8220;n\u00e3o acreditar&#8221; no tempo que passou. &#8220;\u00c9 como se tivesse sido &hellip;\" \/>\n<meta property=\"og:url\" content=\"https:\/\/transamerica93.com.br\/home\/caetano-veloso-bethania-adriana-calcanhotto-artistas-lamentam-1-ano-da-morte-de-gal-costa\/\" \/>\n<meta property=\"og:site_name\" content=\"Transam\u00e9rica Mococa 93,3\" \/>\n<meta property=\"article:publisher\" content=\"https:\/\/www.facebook.com\/transamericamococa\" \/>\n<meta property=\"article:published_time\" content=\"2023-11-10T12:24:50+00:00\" \/>\n<meta property=\"og:image\" content=\"https:\/\/transamerica93.com.br\/home\/wp-content\/uploads\/2023\/11\/GALCOSTA.jpg\" \/>\n\t<meta property=\"og:image:width\" content=\"796\" \/>\n\t<meta property=\"og:image:height\" content=\"482\" \/>\n\t<meta property=\"og:image:type\" content=\"image\/jpeg\" \/>\n<meta name=\"author\" content=\"Reda\u00e7\u00e3o\" \/>\n<meta name=\"twitter:card\" content=\"summary_large_image\" \/>\n<meta name=\"twitter:creator\" content=\"@transamerica933\" \/>\n<meta name=\"twitter:site\" content=\"@transamerica933\" \/>\n<meta name=\"twitter:label1\" content=\"Escrito por\" \/>\n\t<meta name=\"twitter:data1\" content=\"Reda\u00e7\u00e3o\" \/>\n\t<meta name=\"twitter:label2\" content=\"Est. tempo de leitura\" \/>\n\t<meta name=\"twitter:data2\" content=\"2 minutos\" \/>\n<script type=\"application\/ld+json\" class=\"yoast-schema-graph\">{\"@context\":\"https:\\\/\\\/schema.org\",\"@graph\":[{\"@type\":\"Article\",\"@id\":\"https:\\\/\\\/transamerica93.com.br\\\/home\\\/caetano-veloso-bethania-adriana-calcanhotto-artistas-lamentam-1-ano-da-morte-de-gal-costa\\\/#article\",\"isPartOf\":{\"@id\":\"https:\\\/\\\/transamerica93.com.br\\\/home\\\/caetano-veloso-bethania-adriana-calcanhotto-artistas-lamentam-1-ano-da-morte-de-gal-costa\\\/\"},\"author\":{\"name\":\"Reda\u00e7\u00e3o\",\"@id\":\"https:\\\/\\\/transamerica93.com.br\\\/home\\\/#\\\/schema\\\/person\\\/7fed7c99c0d4562efa8561bc0f543172\"},\"headline\":\"Caetano Veloso, Beth\u00e2nia, Adriana Calcanhotto: artistas lamentam 1 ano da morte de Gal Costa\",\"datePublished\":\"2023-11-10T12:24:50+00:00\",\"mainEntityOfPage\":{\"@id\":\"https:\\\/\\\/transamerica93.com.br\\\/home\\\/caetano-veloso-bethania-adriana-calcanhotto-artistas-lamentam-1-ano-da-morte-de-gal-costa\\\/\"},\"wordCount\":323,\"publisher\":{\"@id\":\"https:\\\/\\\/transamerica93.com.br\\\/home\\\/#organization\"},\"image\":{\"@id\":\"https:\\\/\\\/transamerica93.com.br\\\/home\\\/caetano-veloso-bethania-adriana-calcanhotto-artistas-lamentam-1-ano-da-morte-de-gal-costa\\\/#primaryimage\"},\"thumbnailUrl\":\"https:\\\/\\\/transamerica93.com.br\\\/home\\\/wp-content\\\/uploads\\\/2023\\\/11\\\/GALCOSTA.jpg\",\"articleSection\":[\"M\u00fasica\"],\"inLanguage\":\"pt-BR\"},{\"@type\":\"WebPage\",\"@id\":\"https:\\\/\\\/transamerica93.com.br\\\/home\\\/caetano-veloso-bethania-adriana-calcanhotto-artistas-lamentam-1-ano-da-morte-de-gal-costa\\\/\",\"url\":\"https:\\\/\\\/transamerica93.com.br\\\/home\\\/caetano-veloso-bethania-adriana-calcanhotto-artistas-lamentam-1-ano-da-morte-de-gal-costa\\\/\",\"name\":\"Caetano Veloso, Beth\u00e2nia, Adriana Calcanhotto: artistas lamentam 1 ano da morte de Gal Costa - Transam\u00e9rica Mococa 93,3\",\"isPartOf\":{\"@id\":\"https:\\\/\\\/transamerica93.com.br\\\/home\\\/#website\"},\"primaryImageOfPage\":{\"@id\":\"https:\\\/\\\/transamerica93.com.br\\\/home\\\/caetano-veloso-bethania-adriana-calcanhotto-artistas-lamentam-1-ano-da-morte-de-gal-costa\\\/#primaryimage\"},\"image\":{\"@id\":\"https:\\\/\\\/transamerica93.com.br\\\/home\\\/caetano-veloso-bethania-adriana-calcanhotto-artistas-lamentam-1-ano-da-morte-de-gal-costa\\\/#primaryimage\"},\"thumbnailUrl\":\"https:\\\/\\\/transamerica93.com.br\\\/home\\\/wp-content\\\/uploads\\\/2023\\\/11\\\/GALCOSTA.jpg\",\"datePublished\":\"2023-11-10T12:24:50+00:00\",\"breadcrumb\":{\"@id\":\"https:\\\/\\\/transamerica93.com.br\\\/home\\\/caetano-veloso-bethania-adriana-calcanhotto-artistas-lamentam-1-ano-da-morte-de-gal-costa\\\/#breadcrumb\"},\"inLanguage\":\"pt-BR\",\"potentialAction\":[{\"@type\":\"ReadAction\",\"target\":[\"https:\\\/\\\/transamerica93.com.br\\\/home\\\/caetano-veloso-bethania-adriana-calcanhotto-artistas-lamentam-1-ano-da-morte-de-gal-costa\\\/\"]}]},{\"@type\":\"ImageObject\",\"inLanguage\":\"pt-BR\",\"@id\":\"https:\\\/\\\/transamerica93.com.br\\\/home\\\/caetano-veloso-bethania-adriana-calcanhotto-artistas-lamentam-1-ano-da-morte-de-gal-costa\\\/#primaryimage\",\"url\":\"https:\\\/\\\/transamerica93.com.br\\\/home\\\/wp-content\\\/uploads\\\/2023\\\/11\\\/GALCOSTA.jpg\",\"contentUrl\":\"https:\\\/\\\/transamerica93.com.br\\\/home\\\/wp-content\\\/uploads\\\/2023\\\/11\\\/GALCOSTA.jpg\",\"width\":796,\"height\":482,\"caption\":\"Foto: Instagram @galcosta\"},{\"@type\":\"BreadcrumbList\",\"@id\":\"https:\\\/\\\/transamerica93.com.br\\\/home\\\/caetano-veloso-bethania-adriana-calcanhotto-artistas-lamentam-1-ano-da-morte-de-gal-costa\\\/#breadcrumb\",\"itemListElement\":[{\"@type\":\"ListItem\",\"position\":1,\"name\":\"In\u00edcio\",\"item\":\"https:\\\/\\\/transamerica93.com.br\\\/home\\\/\"},{\"@type\":\"ListItem\",\"position\":2,\"name\":\"Caetano Veloso, Beth\u00e2nia, Adriana Calcanhotto: artistas lamentam 1 ano da morte de Gal Costa\"}]},{\"@type\":\"WebSite\",\"@id\":\"https:\\\/\\\/transamerica93.com.br\\\/home\\\/#website\",\"url\":\"https:\\\/\\\/transamerica93.com.br\\\/home\\\/\",\"name\":\"Transam\u00e9rica Mococa 93,3\",\"description\":\"\",\"publisher\":{\"@id\":\"https:\\\/\\\/transamerica93.com.br\\\/home\\\/#organization\"},\"potentialAction\":[{\"@type\":\"SearchAction\",\"target\":{\"@type\":\"EntryPoint\",\"urlTemplate\":\"https:\\\/\\\/transamerica93.com.br\\\/home\\\/?s={search_term_string}\"},\"query-input\":{\"@type\":\"PropertyValueSpecification\",\"valueRequired\":true,\"valueName\":\"search_term_string\"}}],\"inLanguage\":\"pt-BR\"},{\"@type\":\"Organization\",\"@id\":\"https:\\\/\\\/transamerica93.com.br\\\/home\\\/#organization\",\"name\":\"Transam\u00e9rica Mococa 93,3\",\"url\":\"https:\\\/\\\/transamerica93.com.br\\\/home\\\/\",\"logo\":{\"@type\":\"ImageObject\",\"inLanguage\":\"pt-BR\",\"@id\":\"https:\\\/\\\/transamerica93.com.br\\\/home\\\/#\\\/schema\\\/logo\\\/image\\\/\",\"url\":\"https:\\\/\\\/transamerica93.com.br\\\/home\\\/wp-content\\\/uploads\\\/2023\\\/10\\\/logo2.png\",\"contentUrl\":\"https:\\\/\\\/transamerica93.com.br\\\/home\\\/wp-content\\\/uploads\\\/2023\\\/10\\\/logo2.png\",\"width\":800,\"height\":500,\"caption\":\"Transam\u00e9rica Mococa 93,3\"},\"image\":{\"@id\":\"https:\\\/\\\/transamerica93.com.br\\\/home\\\/#\\\/schema\\\/logo\\\/image\\\/\"},\"sameAs\":[\"https:\\\/\\\/www.facebook.com\\\/transamericamococa\",\"https:\\\/\\\/x.com\\\/transamerica933\",\"https:\\\/\\\/www.instagram.com\\\/transamericamococa\"]},{\"@type\":\"Person\",\"@id\":\"https:\\\/\\\/transamerica93.com.br\\\/home\\\/#\\\/schema\\\/person\\\/7fed7c99c0d4562efa8561bc0f543172\",\"name\":\"Reda\u00e7\u00e3o\",\"image\":{\"@type\":\"ImageObject\",\"inLanguage\":\"pt-BR\",\"@id\":\"https:\\\/\\\/secure.gravatar.com\\\/avatar\\\/1072c6b775fb02ef8506ce967551d95926669a6b7d2c2147b42eea4d7c68395e?s=96&d=mm&r=g\",\"url\":\"https:\\\/\\\/secure.gravatar.com\\\/avatar\\\/1072c6b775fb02ef8506ce967551d95926669a6b7d2c2147b42eea4d7c68395e?s=96&d=mm&r=g\",\"contentUrl\":\"https:\\\/\\\/secure.gravatar.com\\\/avatar\\\/1072c6b775fb02ef8506ce967551d95926669a6b7d2c2147b42eea4d7c68395e?s=96&d=mm&r=g\",\"caption\":\"Reda\u00e7\u00e3o\"},\"sameAs\":[\"https:\\\/\\\/transamerica93.com.br\\\/home\"],\"url\":\"https:\\\/\\\/transamerica93.com.br\\\/home\\\/author\\\/william\\\/\"}]}<\/script>\n<!-- \/ Yoast SEO plugin. -->","yoast_head_json":{"title":"Caetano Veloso, Beth\u00e2nia, Adriana Calcanhotto: artistas lamentam 1 ano da morte de Gal Costa - Transam\u00e9rica Mococa 93,3","robots":{"index":"index","follow":"follow","max-snippet":"max-snippet:-1","max-image-preview":"max-image-preview:large","max-video-preview":"max-video-preview:-1"},"canonical":"https:\/\/transamerica93.com.br\/home\/caetano-veloso-bethania-adriana-calcanhotto-artistas-lamentam-1-ano-da-morte-de-gal-costa\/","og_locale":"pt_BR","og_type":"article","og_title":"Caetano Veloso, Beth\u00e2nia, Adriana Calcanhotto: artistas lamentam 1 ano da morte de Gal Costa - Transam\u00e9rica Mococa 93,3","og_description":"Por Gabriela Piva Caetano Veloso lamentou o anivers\u00e1rio de 1 ano da morte de Gal Costa. A cantora baiana morreu, aos 77 anos, em 9 de novembro de 2022 ap\u00f3s um enfarte fulminante. Ao relembrar e homenagear Gal no X (antigo Twitter), ele disse &#8220;n\u00e3o acreditar&#8221; no tempo que passou. &#8220;\u00c9 como se tivesse sido &hellip;","og_url":"https:\/\/transamerica93.com.br\/home\/caetano-veloso-bethania-adriana-calcanhotto-artistas-lamentam-1-ano-da-morte-de-gal-costa\/","og_site_name":"Transam\u00e9rica Mococa 93,3","article_publisher":"https:\/\/www.facebook.com\/transamericamococa","article_published_time":"2023-11-10T12:24:50+00:00","og_image":[{"width":796,"height":482,"url":"https:\/\/transamerica93.com.br\/home\/wp-content\/uploads\/2023\/11\/GALCOSTA.jpg","type":"image\/jpeg"}],"author":"Reda\u00e7\u00e3o","twitter_card":"summary_large_image","twitter_creator":"@transamerica933","twitter_site":"@transamerica933","twitter_misc":{"Escrito por":"Reda\u00e7\u00e3o","Est. tempo de leitura":"2 minutos"},"schema":{"@context":"https:\/\/schema.org","@graph":[{"@type":"Article","@id":"https:\/\/transamerica93.com.br\/home\/caetano-veloso-bethania-adriana-calcanhotto-artistas-lamentam-1-ano-da-morte-de-gal-costa\/#article","isPartOf":{"@id":"https:\/\/transamerica93.com.br\/home\/caetano-veloso-bethania-adriana-calcanhotto-artistas-lamentam-1-ano-da-morte-de-gal-costa\/"},"author":{"name":"Reda\u00e7\u00e3o","@id":"https:\/\/transamerica93.com.br\/home\/#\/schema\/person\/7fed7c99c0d4562efa8561bc0f543172"},"headline":"Caetano Veloso, Beth\u00e2nia, Adriana Calcanhotto: artistas lamentam 1 ano da morte de Gal Costa","datePublished":"2023-11-10T12:24:50+00:00","mainEntityOfPage":{"@id":"https:\/\/transamerica93.com.br\/home\/caetano-veloso-bethania-adriana-calcanhotto-artistas-lamentam-1-ano-da-morte-de-gal-costa\/"},"wordCount":323,"publisher":{"@id":"https:\/\/transamerica93.com.br\/home\/#organization"},"image":{"@id":"https:\/\/transamerica93.com.br\/home\/caetano-veloso-bethania-adriana-calcanhotto-artistas-lamentam-1-ano-da-morte-de-gal-costa\/#primaryimage"},"thumbnailUrl":"https:\/\/transamerica93.com.br\/home\/wp-content\/uploads\/2023\/11\/GALCOSTA.jpg","articleSection":["M\u00fasica"],"inLanguage":"pt-BR"},{"@type":"WebPage","@id":"https:\/\/transamerica93.com.br\/home\/caetano-veloso-bethania-adriana-calcanhotto-artistas-lamentam-1-ano-da-morte-de-gal-costa\/","url":"https:\/\/transamerica93.com.br\/home\/caetano-veloso-bethania-adriana-calcanhotto-artistas-lamentam-1-ano-da-morte-de-gal-costa\/","name":"Caetano Veloso, Beth\u00e2nia, Adriana Calcanhotto: artistas lamentam 1 ano da morte de Gal Costa - Transam\u00e9rica Mococa 93,3","isPartOf":{"@id":"https:\/\/transamerica93.com.br\/home\/#website"},"primaryImageOfPage":{"@id":"https:\/\/transamerica93.com.br\/home\/caetano-veloso-bethania-adriana-calcanhotto-artistas-lamentam-1-ano-da-morte-de-gal-costa\/#primaryimage"},"image":{"@id":"https:\/\/transamerica93.com.br\/home\/caetano-veloso-bethania-adriana-calcanhotto-artistas-lamentam-1-ano-da-morte-de-gal-costa\/#primaryimage"},"thumbnailUrl":"https:\/\/transamerica93.com.br\/home\/wp-content\/uploads\/2023\/11\/GALCOSTA.jpg","datePublished":"2023-11-10T12:24:50+00:00","breadcrumb":{"@id":"https:\/\/transamerica93.com.br\/home\/caetano-veloso-bethania-adriana-calcanhotto-artistas-lamentam-1-ano-da-morte-de-gal-costa\/#breadcrumb"},"inLanguage":"pt-BR","potentialAction":[{"@type":"ReadAction","target":["https:\/\/transamerica93.com.br\/home\/caetano-veloso-bethania-adriana-calcanhotto-artistas-lamentam-1-ano-da-morte-de-gal-costa\/"]}]},{"@type":"ImageObject","inLanguage":"pt-BR","@id":"https:\/\/transamerica93.com.br\/home\/caetano-veloso-bethania-adriana-calcanhotto-artistas-lamentam-1-ano-da-morte-de-gal-costa\/#primaryimage","url":"https:\/\/transamerica93.com.br\/home\/wp-content\/uploads\/2023\/11\/GALCOSTA.jpg","contentUrl":"https:\/\/transamerica93.com.br\/home\/wp-content\/uploads\/2023\/11\/GALCOSTA.jpg","width":796,"height":482,"caption":"Foto: Instagram @galcosta"},{"@type":"BreadcrumbList","@id":"https:\/\/transamerica93.com.br\/home\/caetano-veloso-bethania-adriana-calcanhotto-artistas-lamentam-1-ano-da-morte-de-gal-costa\/#breadcrumb","itemListElement":[{"@type":"ListItem","position":1,"name":"In\u00edcio","item":"https:\/\/transamerica93.com.br\/home\/"},{"@type":"ListItem","position":2,"name":"Caetano Veloso, Beth\u00e2nia, Adriana Calcanhotto: artistas lamentam 1 ano da morte de Gal Costa"}]},{"@type":"WebSite","@id":"https:\/\/transamerica93.com.br\/home\/#website","url":"https:\/\/transamerica93.com.br\/home\/","name":"Transam\u00e9rica Mococa 93,3","description":"","publisher":{"@id":"https:\/\/transamerica93.com.br\/home\/#organization"},"potentialAction":[{"@type":"SearchAction","target":{"@type":"EntryPoint","urlTemplate":"https:\/\/transamerica93.com.br\/home\/?s={search_term_string}"},"query-input":{"@type":"PropertyValueSpecification","valueRequired":true,"valueName":"search_term_string"}}],"inLanguage":"pt-BR"},{"@type":"Organization","@id":"https:\/\/transamerica93.com.br\/home\/#organization","name":"Transam\u00e9rica Mococa 93,3","url":"https:\/\/transamerica93.com.br\/home\/","logo":{"@type":"ImageObject","inLanguage":"pt-BR","@id":"https:\/\/transamerica93.com.br\/home\/#\/schema\/logo\/image\/","url":"https:\/\/transamerica93.com.br\/home\/wp-content\/uploads\/2023\/10\/logo2.png","contentUrl":"https:\/\/transamerica93.com.br\/home\/wp-content\/uploads\/2023\/10\/logo2.png","width":800,"height":500,"caption":"Transam\u00e9rica Mococa 93,3"},"image":{"@id":"https:\/\/transamerica93.com.br\/home\/#\/schema\/logo\/image\/"},"sameAs":["https:\/\/www.facebook.com\/transamericamococa","https:\/\/x.com\/transamerica933","https:\/\/www.instagram.com\/transamericamococa"]},{"@type":"Person","@id":"https:\/\/transamerica93.com.br\/home\/#\/schema\/person\/7fed7c99c0d4562efa8561bc0f543172","name":"Reda\u00e7\u00e3o","image":{"@type":"ImageObject","inLanguage":"pt-BR","@id":"https:\/\/secure.gravatar.com\/avatar\/1072c6b775fb02ef8506ce967551d95926669a6b7d2c2147b42eea4d7c68395e?s=96&d=mm&r=g","url":"https:\/\/secure.gravatar.com\/avatar\/1072c6b775fb02ef8506ce967551d95926669a6b7d2c2147b42eea4d7c68395e?s=96&d=mm&r=g","contentUrl":"https:\/\/secure.gravatar.com\/avatar\/1072c6b775fb02ef8506ce967551d95926669a6b7d2c2147b42eea4d7c68395e?s=96&d=mm&r=g","caption":"Reda\u00e7\u00e3o"},"sameAs":["https:\/\/transamerica93.com.br\/home"],"url":"https:\/\/transamerica93.com.br\/home\/author\/william\/"}]}},"_links":{"self":[{"href":"https:\/\/transamerica93.com.br\/home\/wp-json\/wp\/v2\/posts\/1996","targetHints":{"allow":["GET"]}}],"collection":[{"href":"https:\/\/transamerica93.com.br\/home\/wp-json\/wp\/v2\/posts"}],"about":[{"href":"https:\/\/transamerica93.com.br\/home\/wp-json\/wp\/v2\/types\/post"}],"author":[{"embeddable":true,"href":"https:\/\/transamerica93.com.br\/home\/wp-json\/wp\/v2\/users\/1"}],"replies":[{"embeddable":true,"href":"https:\/\/transamerica93.com.br\/home\/wp-json\/wp\/v2\/comments?post=1996"}],"version-history":[{"count":1,"href":"https:\/\/transamerica93.com.br\/home\/wp-json\/wp\/v2\/posts\/1996\/revisions"}],"predecessor-version":[{"id":1998,"href":"https:\/\/transamerica93.com.br\/home\/wp-json\/wp\/v2\/posts\/1996\/revisions\/1998"}],"wp:featuredmedia":[{"embeddable":true,"href":"https:\/\/transamerica93.com.br\/home\/wp-json\/wp\/v2\/media\/1997"}],"wp:attachment":[{"href":"https:\/\/transamerica93.com.br\/home\/wp-json\/wp\/v2\/media?parent=1996"}],"wp:term":[{"taxonomy":"category","embeddable":true,"href":"https:\/\/transamerica93.com.br\/home\/wp-json\/wp\/v2\/categories?post=1996"},{"taxonomy":"post_tag","embeddable":true,"href":"https:\/\/transamerica93.com.br\/home\/wp-json\/wp\/v2\/tags?post=1996"}],"curies":[{"name":"wp","href":"https:\/\/api.w.org\/{rel}","templated":true}]}}