{"id":1999,"date":"2023-11-13T09:00:47","date_gmt":"2023-11-13T12:00:47","guid":{"rendered":"https:\/\/transamerica93.com.br\/home\/?p=1999"},"modified":"2023-11-12T18:23:42","modified_gmt":"2023-11-12T21:23:42","slug":"pf-identifica-suspeitos-de-vazar-provas-do-primeiro-dia-do-enem","status":"publish","type":"post","link":"https:\/\/transamerica93.com.br\/home\/pf-identifica-suspeitos-de-vazar-provas-do-primeiro-dia-do-enem\/","title":{"rendered":"PF identifica suspeitos de vazar provas do primeiro dia do Enem"},"content":{"rendered":"<div class=\"post-item-wrap\">\n<p>A equipe destacada para fazer a seguran\u00e7a durante a aplica\u00e7\u00e3o de provas do Exame Nacional do Ensino M\u00e9dio (Enem) j\u00e1 identificou oito pessoas que vazaram o caderno de quest\u00f5es da primeira prova, realizada no \u00faltimo dia 5. A informa\u00e7\u00e3o foi divulgada neste domingo (12), pelo Instituto Nacional de Estudos e Pesquisas Educacionais An\u00edsio Teixeira (Inep), respons\u00e1vel pela elabora\u00e7\u00e3o do exame.<img decoding=\"async\" data-src=\"https:\/\/agenciabrasil.ebc.com.br\/ebc.png?id=1566048&amp;o=node\" src=\"data:image\/svg+xml;base64,PHN2ZyB3aWR0aD0iMSIgaGVpZ2h0PSIxIiB4bWxucz0iaHR0cDovL3d3dy53My5vcmcvMjAwMC9zdmciPjwvc3ZnPg==\" class=\"lazyload\" \/><img decoding=\"async\" data-src=\"https:\/\/agenciabrasil.ebc.com.br\/ebc.gif?id=1566048&amp;o=node\" src=\"data:image\/svg+xml;base64,PHN2ZyB3aWR0aD0iMSIgaGVpZ2h0PSIxIiB4bWxucz0iaHR0cDovL3d3dy53My5vcmcvMjAwMC9zdmciPjwvc3ZnPg==\" class=\"lazyload\" \/><\/p>\n<p>De acordo com o Inep, fotografias que mostram as perguntas que constavam da prova foram detectadas por meio de monitoramento do Minist\u00e9rio da Educa\u00e7\u00e3o (MEC) e do instituto, que acionaram a Pol\u00edcia Federal para apurar o caso. A corpora\u00e7\u00e3o concluiu que n\u00e3o h\u00e1 informa\u00e7\u00e3o sobre postagem de conte\u00fado da prova antes do in\u00edcio do teste.<\/p>\n<p>A PF j\u00e1 colheu depoimentos das pessoas que cometeram as irregularidades nos munic\u00edpios de Caruaru (PE), Natal, Corn\u00e9lio Proc\u00f3pio (PR) e Bras\u00edlia. Al\u00e9m disso, as investiga\u00e7\u00f5es prosseguem no Rio Grande do Sul e no Cear\u00e1.<\/p>\n<p>&#8220;A opera\u00e7\u00e3o tamb\u00e9m apreendeu materiais com suspeita de uso para aplica\u00e7\u00e3o de fraude ao exame em Macei\u00f3 (AL) e Vit\u00f3ria da Conquista (BA). As empresas respons\u00e1veis pelo gerenciamento das m\u00eddias sociais foram oficializadas para preservar as imagens das provas e auxiliar com o rastreamento das postagens&#8221;, acrescentou o Inep, em nota.<\/p>\n<h2>Seguran\u00e7a<\/h2>\n<p>O esquema de seguran\u00e7a em torno do Enem abrange desde o armazenamento das provas at\u00e9 a distribui\u00e7\u00e3o dos malotes que, eventualmente, tamb\u00e9m s\u00e3o acompanhados por autoridades do MEC. A Secretaria Nacional de Seguran\u00e7a P\u00fablica (Senasp), vinculada ao Minist\u00e9rio da Justi\u00e7a e Seguran\u00e7a P\u00fablica, fica respons\u00e1vel por fazer a articula\u00e7\u00e3o das institui\u00e7\u00f5es participantes de opera\u00e7\u00f5es nacionais ou regionais.<\/p>\n<p>Nos estados, o monitoramento da Opera\u00e7\u00e3o Enem 2023 \u00e9 feito pelas for\u00e7as de seguran\u00e7a, por suas respectivas secretarias de seguran\u00e7a p\u00fablica ou estruturas similares. Cada \u00f3rg\u00e3o atua dentro da sua atribui\u00e7\u00e3o legal.<\/p>\n<p>Vinculada ao Minist\u00e9rio da Justi\u00e7a e Seguran\u00e7a P\u00fablica (MJSP), a Secretaria Nacional de Seguran\u00e7a P\u00fablica (Senasp) tem a atribui\u00e7\u00e3o de promover a integra\u00e7\u00e3o das institui\u00e7\u00f5es participantes de opera\u00e7\u00f5es nacionais ou regionais. Nos estados, o monitoramento da Opera\u00e7\u00e3o Enem 2023 \u00e9 feito pelas for\u00e7as de seguran\u00e7a, por suas respectivas secretarias de seguran\u00e7a p\u00fablica ou estruturas similares. Cada \u00f3rg\u00e3o atua dentro da sua atribui\u00e7\u00e3o legal.<\/p>\n<p>No in\u00edcio da tarde de hoje, o ministro da Educa\u00e7\u00e3o, Camilo Santana, compareceu, por volta de meio-dia, \u00e0 sede do Inep, para acompanhar o andamento da aplica\u00e7\u00e3o das provas e a atua\u00e7\u00e3o de t\u00e9cnicos do instituto, onde encontrou o presidente da autarquia, Manuel Pal\u00e1cios.<\/p>\n<p>&#8220;Todos os malotes j\u00e1 est\u00e3o nos locais de prova e daqui a pouco, \u00e0s 12h, os port\u00f5es estar\u00e3o abertos. Desejo uma \u00f3tima prova a todas e todos!&#8221;, escreveu o ministro, em sua conta na rede social X.<\/p>\n<div class=\"twitter-tweet twitter-tweet-rendered\"><iframe id=\"twitter-widget-0\" title=\"Twitter Tweet\" data-src=\"https:\/\/platform.twitter.com\/embed\/Tweet.html?creatorScreenName=agenciabrasil&amp;dnt=false&amp;embedId=twitter-widget-0&amp;features=eyJ0ZndfdGltZWxpbmVfbGlzdCI6eyJidWNrZXQiOltdLCJ2ZXJzaW9uIjpudWxsfSwidGZ3X2ZvbGxvd2VyX2NvdW50X3N1bnNldCI6eyJidWNrZXQiOnRydWUsInZlcnNpb24iOm51bGx9LCJ0ZndfdHdlZXRfZWRpdF9iYWNrZW5kIjp7ImJ1Y2tldCI6Im9uIiwidmVyc2lvbiI6bnVsbH0sInRmd19yZWZzcmNfc2Vzc2lvbiI6eyJidWNrZXQiOiJvbiIsInZlcnNpb24iOm51bGx9LCJ0ZndfZm9zbnJfc29mdF9pbnRlcnZlbnRpb25zX2VuYWJsZWQiOnsiYnVja2V0Ijoib24iLCJ2ZXJzaW9uIjpudWxsfSwidGZ3X21peGVkX21lZGlhXzE1ODk3Ijp7ImJ1Y2tldCI6InRyZWF0bWVudCIsInZlcnNpb24iOm51bGx9LCJ0ZndfZXhwZXJpbWVudHNfY29va2llX2V4cGlyYXRpb24iOnsiYnVja2V0IjoxMjA5NjAwLCJ2ZXJzaW9uIjpudWxsfSwidGZ3X3Nob3dfYmlyZHdhdGNoX3Bpdm90c19lbmFibGVkIjp7ImJ1Y2tldCI6Im9uIiwidmVyc2lvbiI6bnVsbH0sInRmd19kdXBsaWNhdGVfc2NyaWJlc190b19zZXR0aW5ncyI6eyJidWNrZXQiOiJvbiIsInZlcnNpb24iOm51bGx9LCJ0ZndfdXNlX3Byb2ZpbGVfaW1hZ2Vfc2hhcGVfZW5hYmxlZCI6eyJidWNrZXQiOiJvbiIsInZlcnNpb24iOm51bGx9LCJ0ZndfdmlkZW9faGxzX2R5bmFtaWNfbWFuaWZlc3RzXzE1MDgyIjp7ImJ1Y2tldCI6InRydWVfYml0cmF0ZSIsInZlcnNpb24iOm51bGx9LCJ0ZndfbGVnYWN5X3RpbWVsaW5lX3N1bnNldCI6eyJidWNrZXQiOnRydWUsInZlcnNpb24iOm51bGx9LCJ0ZndfdHdlZXRfZWRpdF9mcm9udGVuZCI6eyJidWNrZXQiOiJvbiIsInZlcnNpb24iOm51bGx9fQ%3D%3D&amp;frame=false&amp;hideCard=false&amp;hideThread=false&amp;id=1723717433389678614&amp;lang=pt&amp;origin=https%3A%2F%2Fagenciabrasil.ebc.com.br%2Feducacao%2Fnoticia%2F2023-11%2Fpf-identifica-suspeitos-de-vazar-provas-do-primeiro-dia-do-enem&amp;sessionId=dd2e5624e2eb4dc53d6105b8a747d7138585167c&amp;siteScreenName=agenciabrasil&amp;theme=light&amp;widgetsVersion=01917f4d1d4cb%3A1696883169554&amp;width=550px\" frameborder=\"0\" scrolling=\"no\" allowfullscreen=\"allowfullscreen\" data-tweet-id=\"1723717433389678614\" data-mce-fragment=\"1\" src=\"data:image\/svg+xml;base64,PHN2ZyB3aWR0aD0iMSIgaGVpZ2h0PSIxIiB4bWxucz0iaHR0cDovL3d3dy53My5vcmcvMjAwMC9zdmciPjwvc3ZnPg==\" class=\"lazyload\" data-load-mode=\"1\"><\/iframe><\/div>\n<\/div>\n<p class=\"alt-font font-italic my-2 small text-info\">Edi\u00e7\u00e3o: Denise Griesinger<\/p>\n","protected":false},"excerpt":{"rendered":"<p>A equipe destacada para fazer a seguran\u00e7a durante a aplica\u00e7\u00e3o de provas do Exame Nacional do Ensino M\u00e9dio (Enem) j\u00e1 identificou oito pessoas que vazaram o caderno de quest\u00f5es da primeira prova, realizada no \u00faltimo dia 5. A informa\u00e7\u00e3o foi divulgada neste domingo (12), pelo Instituto Nacional de Estudos e Pesquisas Educacionais An\u00edsio Teixeira (Inep), &hellip;<\/p>\n","protected":false},"author":1,"featured_media":2000,"comment_status":"closed","ping_status":"closed","sticky":false,"template":"","format":"standard","meta":{"footnotes":""},"categories":[30],"tags":[],"class_list":["post-1999","post","type-post","status-publish","format-standard","has-post-thumbnail","hentry","category-geral"],"yoast_head":"<!-- This site is optimized with the Yoast SEO plugin v27.4 - https:\/\/yoast.com\/product\/yoast-seo-wordpress\/ -->\n<title>PF identifica suspeitos de vazar provas do primeiro dia do Enem - Transam\u00e9rica Mococa 93,3<\/title>\n<meta name=\"robots\" content=\"index, follow, max-snippet:-1, max-image-preview:large, max-video-preview:-1\" \/>\n<link rel=\"canonical\" href=\"https:\/\/transamerica93.com.br\/home\/pf-identifica-suspeitos-de-vazar-provas-do-primeiro-dia-do-enem\/\" \/>\n<meta property=\"og:locale\" content=\"pt_BR\" \/>\n<meta property=\"og:type\" content=\"article\" \/>\n<meta property=\"og:title\" content=\"PF identifica suspeitos de vazar provas do primeiro dia do Enem - Transam\u00e9rica Mococa 93,3\" \/>\n<meta property=\"og:description\" content=\"A equipe destacada para fazer a seguran\u00e7a durante a aplica\u00e7\u00e3o de provas do Exame Nacional do Ensino M\u00e9dio (Enem) j\u00e1 identificou oito pessoas que vazaram o caderno de quest\u00f5es da primeira prova, realizada no \u00faltimo dia 5. A informa\u00e7\u00e3o foi divulgada neste domingo (12), pelo Instituto Nacional de Estudos e Pesquisas Educacionais An\u00edsio Teixeira (Inep), &hellip;\" \/>\n<meta property=\"og:url\" content=\"https:\/\/transamerica93.com.br\/home\/pf-identifica-suspeitos-de-vazar-provas-do-primeiro-dia-do-enem\/\" \/>\n<meta property=\"og:site_name\" content=\"Transam\u00e9rica Mococa 93,3\" \/>\n<meta property=\"article:publisher\" content=\"https:\/\/www.facebook.com\/transamericamococa\" \/>\n<meta property=\"article:published_time\" content=\"2023-11-13T12:00:47+00:00\" \/>\n<meta property=\"og:image\" content=\"https:\/\/transamerica93.com.br\/home\/wp-content\/uploads\/2023\/11\/imagem-1.jpg\" \/>\n\t<meta property=\"og:image:width\" content=\"1170\" \/>\n\t<meta property=\"og:image:height\" content=\"700\" \/>\n\t<meta property=\"og:image:type\" content=\"image\/jpeg\" \/>\n<meta name=\"author\" content=\"Reda\u00e7\u00e3o\" \/>\n<meta name=\"twitter:card\" content=\"summary_large_image\" \/>\n<meta name=\"twitter:creator\" content=\"@transamerica933\" \/>\n<meta name=\"twitter:site\" content=\"@transamerica933\" \/>\n<meta name=\"twitter:label1\" content=\"Escrito por\" \/>\n\t<meta name=\"twitter:data1\" content=\"Reda\u00e7\u00e3o\" \/>\n\t<meta name=\"twitter:label2\" content=\"Est. tempo de leitura\" \/>\n\t<meta name=\"twitter:data2\" content=\"3 minutos\" \/>\n<script type=\"application\/ld+json\" class=\"yoast-schema-graph\">{\"@context\":\"https:\\\/\\\/schema.org\",\"@graph\":[{\"@type\":\"Article\",\"@id\":\"https:\\\/\\\/transamerica93.com.br\\\/home\\\/pf-identifica-suspeitos-de-vazar-provas-do-primeiro-dia-do-enem\\\/#article\",\"isPartOf\":{\"@id\":\"https:\\\/\\\/transamerica93.com.br\\\/home\\\/pf-identifica-suspeitos-de-vazar-provas-do-primeiro-dia-do-enem\\\/\"},\"author\":{\"name\":\"Reda\u00e7\u00e3o\",\"@id\":\"https:\\\/\\\/transamerica93.com.br\\\/home\\\/#\\\/schema\\\/person\\\/7fed7c99c0d4562efa8561bc0f543172\"},\"headline\":\"PF identifica suspeitos de vazar provas do primeiro dia do Enem\",\"datePublished\":\"2023-11-13T12:00:47+00:00\",\"mainEntityOfPage\":{\"@id\":\"https:\\\/\\\/transamerica93.com.br\\\/home\\\/pf-identifica-suspeitos-de-vazar-provas-do-primeiro-dia-do-enem\\\/\"},\"wordCount\":519,\"publisher\":{\"@id\":\"https:\\\/\\\/transamerica93.com.br\\\/home\\\/#organization\"},\"image\":{\"@id\":\"https:\\\/\\\/transamerica93.com.br\\\/home\\\/pf-identifica-suspeitos-de-vazar-provas-do-primeiro-dia-do-enem\\\/#primaryimage\"},\"thumbnailUrl\":\"https:\\\/\\\/transamerica93.com.br\\\/home\\\/wp-content\\\/uploads\\\/2023\\\/11\\\/imagem-1.jpg\",\"articleSection\":[\"Geral\"],\"inLanguage\":\"pt-BR\"},{\"@type\":\"WebPage\",\"@id\":\"https:\\\/\\\/transamerica93.com.br\\\/home\\\/pf-identifica-suspeitos-de-vazar-provas-do-primeiro-dia-do-enem\\\/\",\"url\":\"https:\\\/\\\/transamerica93.com.br\\\/home\\\/pf-identifica-suspeitos-de-vazar-provas-do-primeiro-dia-do-enem\\\/\",\"name\":\"PF identifica suspeitos de vazar provas do primeiro dia do Enem - Transam\u00e9rica Mococa 93,3\",\"isPartOf\":{\"@id\":\"https:\\\/\\\/transamerica93.com.br\\\/home\\\/#website\"},\"primaryImageOfPage\":{\"@id\":\"https:\\\/\\\/transamerica93.com.br\\\/home\\\/pf-identifica-suspeitos-de-vazar-provas-do-primeiro-dia-do-enem\\\/#primaryimage\"},\"image\":{\"@id\":\"https:\\\/\\\/transamerica93.com.br\\\/home\\\/pf-identifica-suspeitos-de-vazar-provas-do-primeiro-dia-do-enem\\\/#primaryimage\"},\"thumbnailUrl\":\"https:\\\/\\\/transamerica93.com.br\\\/home\\\/wp-content\\\/uploads\\\/2023\\\/11\\\/imagem-1.jpg\",\"datePublished\":\"2023-11-13T12:00:47+00:00\",\"breadcrumb\":{\"@id\":\"https:\\\/\\\/transamerica93.com.br\\\/home\\\/pf-identifica-suspeitos-de-vazar-provas-do-primeiro-dia-do-enem\\\/#breadcrumb\"},\"inLanguage\":\"pt-BR\",\"potentialAction\":[{\"@type\":\"ReadAction\",\"target\":[\"https:\\\/\\\/transamerica93.com.br\\\/home\\\/pf-identifica-suspeitos-de-vazar-provas-do-primeiro-dia-do-enem\\\/\"]}]},{\"@type\":\"ImageObject\",\"inLanguage\":\"pt-BR\",\"@id\":\"https:\\\/\\\/transamerica93.com.br\\\/home\\\/pf-identifica-suspeitos-de-vazar-provas-do-primeiro-dia-do-enem\\\/#primaryimage\",\"url\":\"https:\\\/\\\/transamerica93.com.br\\\/home\\\/wp-content\\\/uploads\\\/2023\\\/11\\\/imagem-1.jpg\",\"contentUrl\":\"https:\\\/\\\/transamerica93.com.br\\\/home\\\/wp-content\\\/uploads\\\/2023\\\/11\\\/imagem-1.jpg\",\"width\":1170,\"height\":700,\"caption\":\"\u00a9 T\u00e2nia R\u00eago\\\/Ag\u00eancia Brasil\"},{\"@type\":\"BreadcrumbList\",\"@id\":\"https:\\\/\\\/transamerica93.com.br\\\/home\\\/pf-identifica-suspeitos-de-vazar-provas-do-primeiro-dia-do-enem\\\/#breadcrumb\",\"itemListElement\":[{\"@type\":\"ListItem\",\"position\":1,\"name\":\"In\u00edcio\",\"item\":\"https:\\\/\\\/transamerica93.com.br\\\/home\\\/\"},{\"@type\":\"ListItem\",\"position\":2,\"name\":\"PF identifica suspeitos de vazar provas do primeiro dia do Enem\"}]},{\"@type\":\"WebSite\",\"@id\":\"https:\\\/\\\/transamerica93.com.br\\\/home\\\/#website\",\"url\":\"https:\\\/\\\/transamerica93.com.br\\\/home\\\/\",\"name\":\"Transam\u00e9rica Mococa 93,3\",\"description\":\"\",\"publisher\":{\"@id\":\"https:\\\/\\\/transamerica93.com.br\\\/home\\\/#organization\"},\"potentialAction\":[{\"@type\":\"SearchAction\",\"target\":{\"@type\":\"EntryPoint\",\"urlTemplate\":\"https:\\\/\\\/transamerica93.com.br\\\/home\\\/?s={search_term_string}\"},\"query-input\":{\"@type\":\"PropertyValueSpecification\",\"valueRequired\":true,\"valueName\":\"search_term_string\"}}],\"inLanguage\":\"pt-BR\"},{\"@type\":\"Organization\",\"@id\":\"https:\\\/\\\/transamerica93.com.br\\\/home\\\/#organization\",\"name\":\"Transam\u00e9rica Mococa 93,3\",\"url\":\"https:\\\/\\\/transamerica93.com.br\\\/home\\\/\",\"logo\":{\"@type\":\"ImageObject\",\"inLanguage\":\"pt-BR\",\"@id\":\"https:\\\/\\\/transamerica93.com.br\\\/home\\\/#\\\/schema\\\/logo\\\/image\\\/\",\"url\":\"https:\\\/\\\/transamerica93.com.br\\\/home\\\/wp-content\\\/uploads\\\/2023\\\/10\\\/logo2.png\",\"contentUrl\":\"https:\\\/\\\/transamerica93.com.br\\\/home\\\/wp-content\\\/uploads\\\/2023\\\/10\\\/logo2.png\",\"width\":800,\"height\":500,\"caption\":\"Transam\u00e9rica Mococa 93,3\"},\"image\":{\"@id\":\"https:\\\/\\\/transamerica93.com.br\\\/home\\\/#\\\/schema\\\/logo\\\/image\\\/\"},\"sameAs\":[\"https:\\\/\\\/www.facebook.com\\\/transamericamococa\",\"https:\\\/\\\/x.com\\\/transamerica933\",\"https:\\\/\\\/www.instagram.com\\\/transamericamococa\"]},{\"@type\":\"Person\",\"@id\":\"https:\\\/\\\/transamerica93.com.br\\\/home\\\/#\\\/schema\\\/person\\\/7fed7c99c0d4562efa8561bc0f543172\",\"name\":\"Reda\u00e7\u00e3o\",\"image\":{\"@type\":\"ImageObject\",\"inLanguage\":\"pt-BR\",\"@id\":\"https:\\\/\\\/secure.gravatar.com\\\/avatar\\\/1072c6b775fb02ef8506ce967551d95926669a6b7d2c2147b42eea4d7c68395e?s=96&d=mm&r=g\",\"url\":\"https:\\\/\\\/secure.gravatar.com\\\/avatar\\\/1072c6b775fb02ef8506ce967551d95926669a6b7d2c2147b42eea4d7c68395e?s=96&d=mm&r=g\",\"contentUrl\":\"https:\\\/\\\/secure.gravatar.com\\\/avatar\\\/1072c6b775fb02ef8506ce967551d95926669a6b7d2c2147b42eea4d7c68395e?s=96&d=mm&r=g\",\"caption\":\"Reda\u00e7\u00e3o\"},\"sameAs\":[\"https:\\\/\\\/transamerica93.com.br\\\/home\"],\"url\":\"https:\\\/\\\/transamerica93.com.br\\\/home\\\/author\\\/william\\\/\"}]}<\/script>\n<!-- \/ Yoast SEO plugin. -->","yoast_head_json":{"title":"PF identifica suspeitos de vazar provas do primeiro dia do Enem - Transam\u00e9rica Mococa 93,3","robots":{"index":"index","follow":"follow","max-snippet":"max-snippet:-1","max-image-preview":"max-image-preview:large","max-video-preview":"max-video-preview:-1"},"canonical":"https:\/\/transamerica93.com.br\/home\/pf-identifica-suspeitos-de-vazar-provas-do-primeiro-dia-do-enem\/","og_locale":"pt_BR","og_type":"article","og_title":"PF identifica suspeitos de vazar provas do primeiro dia do Enem - Transam\u00e9rica Mococa 93,3","og_description":"A equipe destacada para fazer a seguran\u00e7a durante a aplica\u00e7\u00e3o de provas do Exame Nacional do Ensino M\u00e9dio (Enem) j\u00e1 identificou oito pessoas que vazaram o caderno de quest\u00f5es da primeira prova, realizada no \u00faltimo dia 5. A informa\u00e7\u00e3o foi divulgada neste domingo (12), pelo Instituto Nacional de Estudos e Pesquisas Educacionais An\u00edsio Teixeira (Inep), &hellip;","og_url":"https:\/\/transamerica93.com.br\/home\/pf-identifica-suspeitos-de-vazar-provas-do-primeiro-dia-do-enem\/","og_site_name":"Transam\u00e9rica Mococa 93,3","article_publisher":"https:\/\/www.facebook.com\/transamericamococa","article_published_time":"2023-11-13T12:00:47+00:00","og_image":[{"width":1170,"height":700,"url":"https:\/\/transamerica93.com.br\/home\/wp-content\/uploads\/2023\/11\/imagem-1.jpg","type":"image\/jpeg"}],"author":"Reda\u00e7\u00e3o","twitter_card":"summary_large_image","twitter_creator":"@transamerica933","twitter_site":"@transamerica933","twitter_misc":{"Escrito por":"Reda\u00e7\u00e3o","Est. tempo de leitura":"3 minutos"},"schema":{"@context":"https:\/\/schema.org","@graph":[{"@type":"Article","@id":"https:\/\/transamerica93.com.br\/home\/pf-identifica-suspeitos-de-vazar-provas-do-primeiro-dia-do-enem\/#article","isPartOf":{"@id":"https:\/\/transamerica93.com.br\/home\/pf-identifica-suspeitos-de-vazar-provas-do-primeiro-dia-do-enem\/"},"author":{"name":"Reda\u00e7\u00e3o","@id":"https:\/\/transamerica93.com.br\/home\/#\/schema\/person\/7fed7c99c0d4562efa8561bc0f543172"},"headline":"PF identifica suspeitos de vazar provas do primeiro dia do Enem","datePublished":"2023-11-13T12:00:47+00:00","mainEntityOfPage":{"@id":"https:\/\/transamerica93.com.br\/home\/pf-identifica-suspeitos-de-vazar-provas-do-primeiro-dia-do-enem\/"},"wordCount":519,"publisher":{"@id":"https:\/\/transamerica93.com.br\/home\/#organization"},"image":{"@id":"https:\/\/transamerica93.com.br\/home\/pf-identifica-suspeitos-de-vazar-provas-do-primeiro-dia-do-enem\/#primaryimage"},"thumbnailUrl":"https:\/\/transamerica93.com.br\/home\/wp-content\/uploads\/2023\/11\/imagem-1.jpg","articleSection":["Geral"],"inLanguage":"pt-BR"},{"@type":"WebPage","@id":"https:\/\/transamerica93.com.br\/home\/pf-identifica-suspeitos-de-vazar-provas-do-primeiro-dia-do-enem\/","url":"https:\/\/transamerica93.com.br\/home\/pf-identifica-suspeitos-de-vazar-provas-do-primeiro-dia-do-enem\/","name":"PF identifica suspeitos de vazar provas do primeiro dia do Enem - Transam\u00e9rica Mococa 93,3","isPartOf":{"@id":"https:\/\/transamerica93.com.br\/home\/#website"},"primaryImageOfPage":{"@id":"https:\/\/transamerica93.com.br\/home\/pf-identifica-suspeitos-de-vazar-provas-do-primeiro-dia-do-enem\/#primaryimage"},"image":{"@id":"https:\/\/transamerica93.com.br\/home\/pf-identifica-suspeitos-de-vazar-provas-do-primeiro-dia-do-enem\/#primaryimage"},"thumbnailUrl":"https:\/\/transamerica93.com.br\/home\/wp-content\/uploads\/2023\/11\/imagem-1.jpg","datePublished":"2023-11-13T12:00:47+00:00","breadcrumb":{"@id":"https:\/\/transamerica93.com.br\/home\/pf-identifica-suspeitos-de-vazar-provas-do-primeiro-dia-do-enem\/#breadcrumb"},"inLanguage":"pt-BR","potentialAction":[{"@type":"ReadAction","target":["https:\/\/transamerica93.com.br\/home\/pf-identifica-suspeitos-de-vazar-provas-do-primeiro-dia-do-enem\/"]}]},{"@type":"ImageObject","inLanguage":"pt-BR","@id":"https:\/\/transamerica93.com.br\/home\/pf-identifica-suspeitos-de-vazar-provas-do-primeiro-dia-do-enem\/#primaryimage","url":"https:\/\/transamerica93.com.br\/home\/wp-content\/uploads\/2023\/11\/imagem-1.jpg","contentUrl":"https:\/\/transamerica93.com.br\/home\/wp-content\/uploads\/2023\/11\/imagem-1.jpg","width":1170,"height":700,"caption":"\u00a9 T\u00e2nia R\u00eago\/Ag\u00eancia Brasil"},{"@type":"BreadcrumbList","@id":"https:\/\/transamerica93.com.br\/home\/pf-identifica-suspeitos-de-vazar-provas-do-primeiro-dia-do-enem\/#breadcrumb","itemListElement":[{"@type":"ListItem","position":1,"name":"In\u00edcio","item":"https:\/\/transamerica93.com.br\/home\/"},{"@type":"ListItem","position":2,"name":"PF identifica suspeitos de vazar provas do primeiro dia do Enem"}]},{"@type":"WebSite","@id":"https:\/\/transamerica93.com.br\/home\/#website","url":"https:\/\/transamerica93.com.br\/home\/","name":"Transam\u00e9rica Mococa 93,3","description":"","publisher":{"@id":"https:\/\/transamerica93.com.br\/home\/#organization"},"potentialAction":[{"@type":"SearchAction","target":{"@type":"EntryPoint","urlTemplate":"https:\/\/transamerica93.com.br\/home\/?s={search_term_string}"},"query-input":{"@type":"PropertyValueSpecification","valueRequired":true,"valueName":"search_term_string"}}],"inLanguage":"pt-BR"},{"@type":"Organization","@id":"https:\/\/transamerica93.com.br\/home\/#organization","name":"Transam\u00e9rica Mococa 93,3","url":"https:\/\/transamerica93.com.br\/home\/","logo":{"@type":"ImageObject","inLanguage":"pt-BR","@id":"https:\/\/transamerica93.com.br\/home\/#\/schema\/logo\/image\/","url":"https:\/\/transamerica93.com.br\/home\/wp-content\/uploads\/2023\/10\/logo2.png","contentUrl":"https:\/\/transamerica93.com.br\/home\/wp-content\/uploads\/2023\/10\/logo2.png","width":800,"height":500,"caption":"Transam\u00e9rica Mococa 93,3"},"image":{"@id":"https:\/\/transamerica93.com.br\/home\/#\/schema\/logo\/image\/"},"sameAs":["https:\/\/www.facebook.com\/transamericamococa","https:\/\/x.com\/transamerica933","https:\/\/www.instagram.com\/transamericamococa"]},{"@type":"Person","@id":"https:\/\/transamerica93.com.br\/home\/#\/schema\/person\/7fed7c99c0d4562efa8561bc0f543172","name":"Reda\u00e7\u00e3o","image":{"@type":"ImageObject","inLanguage":"pt-BR","@id":"https:\/\/secure.gravatar.com\/avatar\/1072c6b775fb02ef8506ce967551d95926669a6b7d2c2147b42eea4d7c68395e?s=96&d=mm&r=g","url":"https:\/\/secure.gravatar.com\/avatar\/1072c6b775fb02ef8506ce967551d95926669a6b7d2c2147b42eea4d7c68395e?s=96&d=mm&r=g","contentUrl":"https:\/\/secure.gravatar.com\/avatar\/1072c6b775fb02ef8506ce967551d95926669a6b7d2c2147b42eea4d7c68395e?s=96&d=mm&r=g","caption":"Reda\u00e7\u00e3o"},"sameAs":["https:\/\/transamerica93.com.br\/home"],"url":"https:\/\/transamerica93.com.br\/home\/author\/william\/"}]}},"_links":{"self":[{"href":"https:\/\/transamerica93.com.br\/home\/wp-json\/wp\/v2\/posts\/1999","targetHints":{"allow":["GET"]}}],"collection":[{"href":"https:\/\/transamerica93.com.br\/home\/wp-json\/wp\/v2\/posts"}],"about":[{"href":"https:\/\/transamerica93.com.br\/home\/wp-json\/wp\/v2\/types\/post"}],"author":[{"embeddable":true,"href":"https:\/\/transamerica93.com.br\/home\/wp-json\/wp\/v2\/users\/1"}],"replies":[{"embeddable":true,"href":"https:\/\/transamerica93.com.br\/home\/wp-json\/wp\/v2\/comments?post=1999"}],"version-history":[{"count":1,"href":"https:\/\/transamerica93.com.br\/home\/wp-json\/wp\/v2\/posts\/1999\/revisions"}],"predecessor-version":[{"id":2001,"href":"https:\/\/transamerica93.com.br\/home\/wp-json\/wp\/v2\/posts\/1999\/revisions\/2001"}],"wp:featuredmedia":[{"embeddable":true,"href":"https:\/\/transamerica93.com.br\/home\/wp-json\/wp\/v2\/media\/2000"}],"wp:attachment":[{"href":"https:\/\/transamerica93.com.br\/home\/wp-json\/wp\/v2\/media?parent=1999"}],"wp:term":[{"taxonomy":"category","embeddable":true,"href":"https:\/\/transamerica93.com.br\/home\/wp-json\/wp\/v2\/categories?post=1999"},{"taxonomy":"post_tag","embeddable":true,"href":"https:\/\/transamerica93.com.br\/home\/wp-json\/wp\/v2\/tags?post=1999"}],"curies":[{"name":"wp","href":"https:\/\/api.w.org\/{rel}","templated":true}]}}