{"id":2002,"date":"2023-11-13T10:00:29","date_gmt":"2023-11-13T13:00:29","guid":{"rendered":"https:\/\/transamerica93.com.br\/home\/?p=2002"},"modified":"2023-11-12T18:25:31","modified_gmt":"2023-11-12T21:25:31","slug":"atletas-do-brasil-comecam-a-embarcar-para-os-parapan-americanos","status":"publish","type":"post","link":"https:\/\/transamerica93.com.br\/home\/atletas-do-brasil-comecam-a-embarcar-para-os-parapan-americanos\/","title":{"rendered":"Atletas do Brasil come\u00e7am a embarcar para os Parapan-Americanos"},"content":{"rendered":"<div class=\"post-item-wrap\">\n<p>A equipe do Brasil que participar\u00e1 da pr\u00f3xima edi\u00e7\u00e3o dos Jogos Parapan-Americanos, que ser\u00e3o realizados em Santiago (Chile), come\u00e7a a embarca para a capital chilena no pr\u00f3ximo domingo (12). Segundo o Comit\u00ea Paral\u00edmpico Brasileiro (CPB), os embarques ser\u00e3o feitos por modalidades at\u00e9 o pr\u00f3ximo s\u00e1bado (18).<img decoding=\"async\" data-src=\"https:\/\/agenciabrasil.ebc.com.br\/ebc.png?id=1566018&amp;o=node\" src=\"data:image\/svg+xml;base64,PHN2ZyB3aWR0aD0iMSIgaGVpZ2h0PSIxIiB4bWxucz0iaHR0cDovL3d3dy53My5vcmcvMjAwMC9zdmciPjwvc3ZnPg==\" class=\"lazyload\" \/><img decoding=\"async\" data-src=\"https:\/\/agenciabrasil.ebc.com.br\/ebc.gif?id=1566018&amp;o=node\" src=\"data:image\/svg+xml;base64,PHN2ZyB3aWR0aD0iMSIgaGVpZ2h0PSIxIiB4bWxucz0iaHR0cDovL3d3dy53My5vcmcvMjAwMC9zdmciPjwvc3ZnPg==\" class=\"lazyload\" \/><\/p>\n<p>Os primeiros dos 324 atletas brasileiros a viajarem para o Chile ser\u00e3o os de nata\u00e7\u00e3o, t\u00eanis de mesa e basquete em cadeira de rodas. As tr\u00eas equipes somadas contam com 133 integrantes, sendo que 88 s\u00e3o atletas (38 da nata\u00e7\u00e3o, 24 do basquete em cadeira de rodas e 26 do t\u00eanis de mesa).<\/p>\n<p>\u201c\u00c9 importante chegar antes \u00e0 cidade da competi\u00e7\u00e3o, principalmente quando \u00e9 em outro pa\u00eds. Primeiro para se adaptar ao clima local. Depois para j\u00e1 sentir aquela energia do evento e focar em nossos objetivos o mais cedo poss\u00edvel. Todo este processo de aclimata\u00e7\u00e3o conta na hora da briga por medalhas\u201d, avaliou o jogador de basquete Eduardo Oliveira, um dos atletas que comp\u00f5em o primeiro grupo a embarcar para Santiago no domingo.<\/p>\n<p>Em Santiago, o Brasil tentar\u00e1 manter sua hegemonia na maior competi\u00e7\u00e3o paral\u00edmpica do continente, j\u00e1 que \u00e9 o l\u00edder do quadro de medalhas desde a edi\u00e7\u00e3o de 2007, no Rio de Janeiro. O pa\u00eds ser\u00e1 representado no atletismo, badminton, basquete em cadeira de rodas, bocha, ciclismo, futebol PC (paralisados cerebrais), futebol de cegos, goalball, jud\u00f4, halterofilismo, nata\u00e7\u00e3o, r\u00fagbi em cadeira de rodas, taekwondo, t\u00eanis em cadeira de rodas, t\u00eanis de mesa, tiro com arco e tiro esportivo.<\/p>\n<p>\u201cEssa ser\u00e1 a maior delega\u00e7\u00e3o paral\u00edmpica brasileira da hist\u00f3ria em Jogos Parapan-Americanos. S\u00f3 temos a agradecer a todas as confedera\u00e7\u00f5es, clubes, treinadores, equipes multidisciplinares e atletas pela dedica\u00e7\u00e3o e \u00e1rduo trabalho desenvolvido ao longo dessa jornada. Esperamos manter o ritmo e o desempenho das nossas \u00faltimas participa\u00e7\u00f5es. Nossos atletas chegam muito bem preparados aos Jogos e a nossa expectativa \u00e9 de que trar\u00e3o muitas medalhas para o Brasil\u201d, afirmou o presidente do Comit\u00ea Paral\u00edmpico Brasileiro, Mizael Conrado.<\/p>\n<\/div>\n<p class=\"alt-font font-italic my-2 small text-info\">Edi\u00e7\u00e3o: F\u00e1bio Lisboa<\/p>\n","protected":false},"excerpt":{"rendered":"<p>A equipe do Brasil que participar\u00e1 da pr\u00f3xima edi\u00e7\u00e3o dos Jogos Parapan-Americanos, que ser\u00e3o realizados em Santiago (Chile), come\u00e7a a embarca para a capital chilena no pr\u00f3ximo domingo (12). Segundo o Comit\u00ea Paral\u00edmpico Brasileiro (CPB), os embarques ser\u00e3o feitos por modalidades at\u00e9 o pr\u00f3ximo s\u00e1bado (18). Os primeiros dos 324 atletas brasileiros a viajarem para &hellip;<\/p>\n","protected":false},"author":1,"featured_media":2003,"comment_status":"closed","ping_status":"closed","sticky":false,"template":"","format":"standard","meta":{"footnotes":""},"categories":[31],"tags":[],"class_list":["post-2002","post","type-post","status-publish","format-standard","has-post-thumbnail","hentry","category-esportes"],"yoast_head":"<!-- This site is optimized with the Yoast SEO plugin v27.4 - https:\/\/yoast.com\/product\/yoast-seo-wordpress\/ -->\n<title>Atletas do Brasil come\u00e7am a embarcar para os Parapan-Americanos - Transam\u00e9rica Mococa 93,3<\/title>\n<meta name=\"robots\" content=\"index, follow, max-snippet:-1, max-image-preview:large, max-video-preview:-1\" \/>\n<link rel=\"canonical\" href=\"https:\/\/transamerica93.com.br\/home\/atletas-do-brasil-comecam-a-embarcar-para-os-parapan-americanos\/\" \/>\n<meta property=\"og:locale\" content=\"pt_BR\" \/>\n<meta property=\"og:type\" content=\"article\" \/>\n<meta property=\"og:title\" content=\"Atletas do Brasil come\u00e7am a embarcar para os Parapan-Americanos - Transam\u00e9rica Mococa 93,3\" \/>\n<meta property=\"og:description\" content=\"A equipe do Brasil que participar\u00e1 da pr\u00f3xima edi\u00e7\u00e3o dos Jogos Parapan-Americanos, que ser\u00e3o realizados em Santiago (Chile), come\u00e7a a embarca para a capital chilena no pr\u00f3ximo domingo (12). Segundo o Comit\u00ea Paral\u00edmpico Brasileiro (CPB), os embarques ser\u00e3o feitos por modalidades at\u00e9 o pr\u00f3ximo s\u00e1bado (18). Os primeiros dos 324 atletas brasileiros a viajarem para &hellip;\" \/>\n<meta property=\"og:url\" content=\"https:\/\/transamerica93.com.br\/home\/atletas-do-brasil-comecam-a-embarcar-para-os-parapan-americanos\/\" \/>\n<meta property=\"og:site_name\" content=\"Transam\u00e9rica Mococa 93,3\" \/>\n<meta property=\"article:publisher\" content=\"https:\/\/www.facebook.com\/transamericamococa\" \/>\n<meta property=\"article:published_time\" content=\"2023-11-13T13:00:29+00:00\" \/>\n<meta property=\"og:image\" content=\"https:\/\/transamerica93.com.br\/home\/wp-content\/uploads\/2023\/11\/imagem-2.jpg\" \/>\n\t<meta property=\"og:image:width\" content=\"1170\" \/>\n\t<meta property=\"og:image:height\" content=\"700\" \/>\n\t<meta property=\"og:image:type\" content=\"image\/jpeg\" \/>\n<meta name=\"author\" content=\"Reda\u00e7\u00e3o\" \/>\n<meta name=\"twitter:card\" content=\"summary_large_image\" \/>\n<meta name=\"twitter:creator\" content=\"@transamerica933\" \/>\n<meta name=\"twitter:site\" content=\"@transamerica933\" \/>\n<meta name=\"twitter:label1\" content=\"Escrito por\" \/>\n\t<meta name=\"twitter:data1\" content=\"Reda\u00e7\u00e3o\" \/>\n\t<meta name=\"twitter:label2\" content=\"Est. tempo de leitura\" \/>\n\t<meta name=\"twitter:data2\" content=\"3 minutos\" \/>\n<script type=\"application\/ld+json\" class=\"yoast-schema-graph\">{\"@context\":\"https:\\\/\\\/schema.org\",\"@graph\":[{\"@type\":\"Article\",\"@id\":\"https:\\\/\\\/transamerica93.com.br\\\/home\\\/atletas-do-brasil-comecam-a-embarcar-para-os-parapan-americanos\\\/#article\",\"isPartOf\":{\"@id\":\"https:\\\/\\\/transamerica93.com.br\\\/home\\\/atletas-do-brasil-comecam-a-embarcar-para-os-parapan-americanos\\\/\"},\"author\":{\"name\":\"Reda\u00e7\u00e3o\",\"@id\":\"https:\\\/\\\/transamerica93.com.br\\\/home\\\/#\\\/schema\\\/person\\\/7fed7c99c0d4562efa8561bc0f543172\"},\"headline\":\"Atletas do Brasil come\u00e7am a embarcar para os Parapan-Americanos\",\"datePublished\":\"2023-11-13T13:00:29+00:00\",\"mainEntityOfPage\":{\"@id\":\"https:\\\/\\\/transamerica93.com.br\\\/home\\\/atletas-do-brasil-comecam-a-embarcar-para-os-parapan-americanos\\\/\"},\"wordCount\":363,\"publisher\":{\"@id\":\"https:\\\/\\\/transamerica93.com.br\\\/home\\\/#organization\"},\"image\":{\"@id\":\"https:\\\/\\\/transamerica93.com.br\\\/home\\\/atletas-do-brasil-comecam-a-embarcar-para-os-parapan-americanos\\\/#primaryimage\"},\"thumbnailUrl\":\"https:\\\/\\\/transamerica93.com.br\\\/home\\\/wp-content\\\/uploads\\\/2023\\\/11\\\/imagem-2.jpg\",\"articleSection\":[\"Esportes\"],\"inLanguage\":\"pt-BR\"},{\"@type\":\"WebPage\",\"@id\":\"https:\\\/\\\/transamerica93.com.br\\\/home\\\/atletas-do-brasil-comecam-a-embarcar-para-os-parapan-americanos\\\/\",\"url\":\"https:\\\/\\\/transamerica93.com.br\\\/home\\\/atletas-do-brasil-comecam-a-embarcar-para-os-parapan-americanos\\\/\",\"name\":\"Atletas do Brasil come\u00e7am a embarcar para os Parapan-Americanos - Transam\u00e9rica Mococa 93,3\",\"isPartOf\":{\"@id\":\"https:\\\/\\\/transamerica93.com.br\\\/home\\\/#website\"},\"primaryImageOfPage\":{\"@id\":\"https:\\\/\\\/transamerica93.com.br\\\/home\\\/atletas-do-brasil-comecam-a-embarcar-para-os-parapan-americanos\\\/#primaryimage\"},\"image\":{\"@id\":\"https:\\\/\\\/transamerica93.com.br\\\/home\\\/atletas-do-brasil-comecam-a-embarcar-para-os-parapan-americanos\\\/#primaryimage\"},\"thumbnailUrl\":\"https:\\\/\\\/transamerica93.com.br\\\/home\\\/wp-content\\\/uploads\\\/2023\\\/11\\\/imagem-2.jpg\",\"datePublished\":\"2023-11-13T13:00:29+00:00\",\"breadcrumb\":{\"@id\":\"https:\\\/\\\/transamerica93.com.br\\\/home\\\/atletas-do-brasil-comecam-a-embarcar-para-os-parapan-americanos\\\/#breadcrumb\"},\"inLanguage\":\"pt-BR\",\"potentialAction\":[{\"@type\":\"ReadAction\",\"target\":[\"https:\\\/\\\/transamerica93.com.br\\\/home\\\/atletas-do-brasil-comecam-a-embarcar-para-os-parapan-americanos\\\/\"]}]},{\"@type\":\"ImageObject\",\"inLanguage\":\"pt-BR\",\"@id\":\"https:\\\/\\\/transamerica93.com.br\\\/home\\\/atletas-do-brasil-comecam-a-embarcar-para-os-parapan-americanos\\\/#primaryimage\",\"url\":\"https:\\\/\\\/transamerica93.com.br\\\/home\\\/wp-content\\\/uploads\\\/2023\\\/11\\\/imagem-2.jpg\",\"contentUrl\":\"https:\\\/\\\/transamerica93.com.br\\\/home\\\/wp-content\\\/uploads\\\/2023\\\/11\\\/imagem-2.jpg\",\"width\":1170,\"height\":700,\"caption\":\"\u00a9 Alessandra Cabral\\\/CPB\\\/Direitos Reservados\"},{\"@type\":\"BreadcrumbList\",\"@id\":\"https:\\\/\\\/transamerica93.com.br\\\/home\\\/atletas-do-brasil-comecam-a-embarcar-para-os-parapan-americanos\\\/#breadcrumb\",\"itemListElement\":[{\"@type\":\"ListItem\",\"position\":1,\"name\":\"In\u00edcio\",\"item\":\"https:\\\/\\\/transamerica93.com.br\\\/home\\\/\"},{\"@type\":\"ListItem\",\"position\":2,\"name\":\"Atletas do Brasil come\u00e7am a embarcar para os Parapan-Americanos\"}]},{\"@type\":\"WebSite\",\"@id\":\"https:\\\/\\\/transamerica93.com.br\\\/home\\\/#website\",\"url\":\"https:\\\/\\\/transamerica93.com.br\\\/home\\\/\",\"name\":\"Transam\u00e9rica Mococa 93,3\",\"description\":\"\",\"publisher\":{\"@id\":\"https:\\\/\\\/transamerica93.com.br\\\/home\\\/#organization\"},\"potentialAction\":[{\"@type\":\"SearchAction\",\"target\":{\"@type\":\"EntryPoint\",\"urlTemplate\":\"https:\\\/\\\/transamerica93.com.br\\\/home\\\/?s={search_term_string}\"},\"query-input\":{\"@type\":\"PropertyValueSpecification\",\"valueRequired\":true,\"valueName\":\"search_term_string\"}}],\"inLanguage\":\"pt-BR\"},{\"@type\":\"Organization\",\"@id\":\"https:\\\/\\\/transamerica93.com.br\\\/home\\\/#organization\",\"name\":\"Transam\u00e9rica Mococa 93,3\",\"url\":\"https:\\\/\\\/transamerica93.com.br\\\/home\\\/\",\"logo\":{\"@type\":\"ImageObject\",\"inLanguage\":\"pt-BR\",\"@id\":\"https:\\\/\\\/transamerica93.com.br\\\/home\\\/#\\\/schema\\\/logo\\\/image\\\/\",\"url\":\"https:\\\/\\\/transamerica93.com.br\\\/home\\\/wp-content\\\/uploads\\\/2023\\\/10\\\/logo2.png\",\"contentUrl\":\"https:\\\/\\\/transamerica93.com.br\\\/home\\\/wp-content\\\/uploads\\\/2023\\\/10\\\/logo2.png\",\"width\":800,\"height\":500,\"caption\":\"Transam\u00e9rica Mococa 93,3\"},\"image\":{\"@id\":\"https:\\\/\\\/transamerica93.com.br\\\/home\\\/#\\\/schema\\\/logo\\\/image\\\/\"},\"sameAs\":[\"https:\\\/\\\/www.facebook.com\\\/transamericamococa\",\"https:\\\/\\\/x.com\\\/transamerica933\",\"https:\\\/\\\/www.instagram.com\\\/transamericamococa\"]},{\"@type\":\"Person\",\"@id\":\"https:\\\/\\\/transamerica93.com.br\\\/home\\\/#\\\/schema\\\/person\\\/7fed7c99c0d4562efa8561bc0f543172\",\"name\":\"Reda\u00e7\u00e3o\",\"image\":{\"@type\":\"ImageObject\",\"inLanguage\":\"pt-BR\",\"@id\":\"https:\\\/\\\/secure.gravatar.com\\\/avatar\\\/1072c6b775fb02ef8506ce967551d95926669a6b7d2c2147b42eea4d7c68395e?s=96&d=mm&r=g\",\"url\":\"https:\\\/\\\/secure.gravatar.com\\\/avatar\\\/1072c6b775fb02ef8506ce967551d95926669a6b7d2c2147b42eea4d7c68395e?s=96&d=mm&r=g\",\"contentUrl\":\"https:\\\/\\\/secure.gravatar.com\\\/avatar\\\/1072c6b775fb02ef8506ce967551d95926669a6b7d2c2147b42eea4d7c68395e?s=96&d=mm&r=g\",\"caption\":\"Reda\u00e7\u00e3o\"},\"sameAs\":[\"https:\\\/\\\/transamerica93.com.br\\\/home\"],\"url\":\"https:\\\/\\\/transamerica93.com.br\\\/home\\\/author\\\/william\\\/\"}]}<\/script>\n<!-- \/ Yoast SEO plugin. -->","yoast_head_json":{"title":"Atletas do Brasil come\u00e7am a embarcar para os Parapan-Americanos - Transam\u00e9rica Mococa 93,3","robots":{"index":"index","follow":"follow","max-snippet":"max-snippet:-1","max-image-preview":"max-image-preview:large","max-video-preview":"max-video-preview:-1"},"canonical":"https:\/\/transamerica93.com.br\/home\/atletas-do-brasil-comecam-a-embarcar-para-os-parapan-americanos\/","og_locale":"pt_BR","og_type":"article","og_title":"Atletas do Brasil come\u00e7am a embarcar para os Parapan-Americanos - Transam\u00e9rica Mococa 93,3","og_description":"A equipe do Brasil que participar\u00e1 da pr\u00f3xima edi\u00e7\u00e3o dos Jogos Parapan-Americanos, que ser\u00e3o realizados em Santiago (Chile), come\u00e7a a embarca para a capital chilena no pr\u00f3ximo domingo (12). Segundo o Comit\u00ea Paral\u00edmpico Brasileiro (CPB), os embarques ser\u00e3o feitos por modalidades at\u00e9 o pr\u00f3ximo s\u00e1bado (18). Os primeiros dos 324 atletas brasileiros a viajarem para &hellip;","og_url":"https:\/\/transamerica93.com.br\/home\/atletas-do-brasil-comecam-a-embarcar-para-os-parapan-americanos\/","og_site_name":"Transam\u00e9rica Mococa 93,3","article_publisher":"https:\/\/www.facebook.com\/transamericamococa","article_published_time":"2023-11-13T13:00:29+00:00","og_image":[{"width":1170,"height":700,"url":"https:\/\/transamerica93.com.br\/home\/wp-content\/uploads\/2023\/11\/imagem-2.jpg","type":"image\/jpeg"}],"author":"Reda\u00e7\u00e3o","twitter_card":"summary_large_image","twitter_creator":"@transamerica933","twitter_site":"@transamerica933","twitter_misc":{"Escrito por":"Reda\u00e7\u00e3o","Est. tempo de leitura":"3 minutos"},"schema":{"@context":"https:\/\/schema.org","@graph":[{"@type":"Article","@id":"https:\/\/transamerica93.com.br\/home\/atletas-do-brasil-comecam-a-embarcar-para-os-parapan-americanos\/#article","isPartOf":{"@id":"https:\/\/transamerica93.com.br\/home\/atletas-do-brasil-comecam-a-embarcar-para-os-parapan-americanos\/"},"author":{"name":"Reda\u00e7\u00e3o","@id":"https:\/\/transamerica93.com.br\/home\/#\/schema\/person\/7fed7c99c0d4562efa8561bc0f543172"},"headline":"Atletas do Brasil come\u00e7am a embarcar para os Parapan-Americanos","datePublished":"2023-11-13T13:00:29+00:00","mainEntityOfPage":{"@id":"https:\/\/transamerica93.com.br\/home\/atletas-do-brasil-comecam-a-embarcar-para-os-parapan-americanos\/"},"wordCount":363,"publisher":{"@id":"https:\/\/transamerica93.com.br\/home\/#organization"},"image":{"@id":"https:\/\/transamerica93.com.br\/home\/atletas-do-brasil-comecam-a-embarcar-para-os-parapan-americanos\/#primaryimage"},"thumbnailUrl":"https:\/\/transamerica93.com.br\/home\/wp-content\/uploads\/2023\/11\/imagem-2.jpg","articleSection":["Esportes"],"inLanguage":"pt-BR"},{"@type":"WebPage","@id":"https:\/\/transamerica93.com.br\/home\/atletas-do-brasil-comecam-a-embarcar-para-os-parapan-americanos\/","url":"https:\/\/transamerica93.com.br\/home\/atletas-do-brasil-comecam-a-embarcar-para-os-parapan-americanos\/","name":"Atletas do Brasil come\u00e7am a embarcar para os Parapan-Americanos - Transam\u00e9rica Mococa 93,3","isPartOf":{"@id":"https:\/\/transamerica93.com.br\/home\/#website"},"primaryImageOfPage":{"@id":"https:\/\/transamerica93.com.br\/home\/atletas-do-brasil-comecam-a-embarcar-para-os-parapan-americanos\/#primaryimage"},"image":{"@id":"https:\/\/transamerica93.com.br\/home\/atletas-do-brasil-comecam-a-embarcar-para-os-parapan-americanos\/#primaryimage"},"thumbnailUrl":"https:\/\/transamerica93.com.br\/home\/wp-content\/uploads\/2023\/11\/imagem-2.jpg","datePublished":"2023-11-13T13:00:29+00:00","breadcrumb":{"@id":"https:\/\/transamerica93.com.br\/home\/atletas-do-brasil-comecam-a-embarcar-para-os-parapan-americanos\/#breadcrumb"},"inLanguage":"pt-BR","potentialAction":[{"@type":"ReadAction","target":["https:\/\/transamerica93.com.br\/home\/atletas-do-brasil-comecam-a-embarcar-para-os-parapan-americanos\/"]}]},{"@type":"ImageObject","inLanguage":"pt-BR","@id":"https:\/\/transamerica93.com.br\/home\/atletas-do-brasil-comecam-a-embarcar-para-os-parapan-americanos\/#primaryimage","url":"https:\/\/transamerica93.com.br\/home\/wp-content\/uploads\/2023\/11\/imagem-2.jpg","contentUrl":"https:\/\/transamerica93.com.br\/home\/wp-content\/uploads\/2023\/11\/imagem-2.jpg","width":1170,"height":700,"caption":"\u00a9 Alessandra Cabral\/CPB\/Direitos Reservados"},{"@type":"BreadcrumbList","@id":"https:\/\/transamerica93.com.br\/home\/atletas-do-brasil-comecam-a-embarcar-para-os-parapan-americanos\/#breadcrumb","itemListElement":[{"@type":"ListItem","position":1,"name":"In\u00edcio","item":"https:\/\/transamerica93.com.br\/home\/"},{"@type":"ListItem","position":2,"name":"Atletas do Brasil come\u00e7am a embarcar para os Parapan-Americanos"}]},{"@type":"WebSite","@id":"https:\/\/transamerica93.com.br\/home\/#website","url":"https:\/\/transamerica93.com.br\/home\/","name":"Transam\u00e9rica Mococa 93,3","description":"","publisher":{"@id":"https:\/\/transamerica93.com.br\/home\/#organization"},"potentialAction":[{"@type":"SearchAction","target":{"@type":"EntryPoint","urlTemplate":"https:\/\/transamerica93.com.br\/home\/?s={search_term_string}"},"query-input":{"@type":"PropertyValueSpecification","valueRequired":true,"valueName":"search_term_string"}}],"inLanguage":"pt-BR"},{"@type":"Organization","@id":"https:\/\/transamerica93.com.br\/home\/#organization","name":"Transam\u00e9rica Mococa 93,3","url":"https:\/\/transamerica93.com.br\/home\/","logo":{"@type":"ImageObject","inLanguage":"pt-BR","@id":"https:\/\/transamerica93.com.br\/home\/#\/schema\/logo\/image\/","url":"https:\/\/transamerica93.com.br\/home\/wp-content\/uploads\/2023\/10\/logo2.png","contentUrl":"https:\/\/transamerica93.com.br\/home\/wp-content\/uploads\/2023\/10\/logo2.png","width":800,"height":500,"caption":"Transam\u00e9rica Mococa 93,3"},"image":{"@id":"https:\/\/transamerica93.com.br\/home\/#\/schema\/logo\/image\/"},"sameAs":["https:\/\/www.facebook.com\/transamericamococa","https:\/\/x.com\/transamerica933","https:\/\/www.instagram.com\/transamericamococa"]},{"@type":"Person","@id":"https:\/\/transamerica93.com.br\/home\/#\/schema\/person\/7fed7c99c0d4562efa8561bc0f543172","name":"Reda\u00e7\u00e3o","image":{"@type":"ImageObject","inLanguage":"pt-BR","@id":"https:\/\/secure.gravatar.com\/avatar\/1072c6b775fb02ef8506ce967551d95926669a6b7d2c2147b42eea4d7c68395e?s=96&d=mm&r=g","url":"https:\/\/secure.gravatar.com\/avatar\/1072c6b775fb02ef8506ce967551d95926669a6b7d2c2147b42eea4d7c68395e?s=96&d=mm&r=g","contentUrl":"https:\/\/secure.gravatar.com\/avatar\/1072c6b775fb02ef8506ce967551d95926669a6b7d2c2147b42eea4d7c68395e?s=96&d=mm&r=g","caption":"Reda\u00e7\u00e3o"},"sameAs":["https:\/\/transamerica93.com.br\/home"],"url":"https:\/\/transamerica93.com.br\/home\/author\/william\/"}]}},"_links":{"self":[{"href":"https:\/\/transamerica93.com.br\/home\/wp-json\/wp\/v2\/posts\/2002","targetHints":{"allow":["GET"]}}],"collection":[{"href":"https:\/\/transamerica93.com.br\/home\/wp-json\/wp\/v2\/posts"}],"about":[{"href":"https:\/\/transamerica93.com.br\/home\/wp-json\/wp\/v2\/types\/post"}],"author":[{"embeddable":true,"href":"https:\/\/transamerica93.com.br\/home\/wp-json\/wp\/v2\/users\/1"}],"replies":[{"embeddable":true,"href":"https:\/\/transamerica93.com.br\/home\/wp-json\/wp\/v2\/comments?post=2002"}],"version-history":[{"count":1,"href":"https:\/\/transamerica93.com.br\/home\/wp-json\/wp\/v2\/posts\/2002\/revisions"}],"predecessor-version":[{"id":2004,"href":"https:\/\/transamerica93.com.br\/home\/wp-json\/wp\/v2\/posts\/2002\/revisions\/2004"}],"wp:featuredmedia":[{"embeddable":true,"href":"https:\/\/transamerica93.com.br\/home\/wp-json\/wp\/v2\/media\/2003"}],"wp:attachment":[{"href":"https:\/\/transamerica93.com.br\/home\/wp-json\/wp\/v2\/media?parent=2002"}],"wp:term":[{"taxonomy":"category","embeddable":true,"href":"https:\/\/transamerica93.com.br\/home\/wp-json\/wp\/v2\/categories?post=2002"},{"taxonomy":"post_tag","embeddable":true,"href":"https:\/\/transamerica93.com.br\/home\/wp-json\/wp\/v2\/tags?post=2002"}],"curies":[{"name":"wp","href":"https:\/\/api.w.org\/{rel}","templated":true}]}}