{"id":2005,"date":"2023-11-13T11:00:48","date_gmt":"2023-11-13T14:00:48","guid":{"rendered":"https:\/\/transamerica93.com.br\/home\/?p=2005"},"modified":"2023-11-12T18:27:33","modified_gmt":"2023-11-12T21:27:33","slug":"segundo-dia-de-show-do-rbd-no-rio-tem-relatos-de-arrastoes-policia-nega-ocorrencias","status":"publish","type":"post","link":"https:\/\/transamerica93.com.br\/home\/segundo-dia-de-show-do-rbd-no-rio-tem-relatos-de-arrastoes-policia-nega-ocorrencias\/","title":{"rendered":"Segundo dia de show do RBD no Rio tem relatos de arrast\u00f5es; pol\u00edcia nega ocorr\u00eancias"},"content":{"rendered":"<div id=\"Corpo\">Por Reda\u00e7\u00e3o O Estado de S. Paulo<\/p>\n<p>A volta do grupo mexicano RBD ao Brasil n\u00e3o tem sido apenas motivo de alegria para os f\u00e3s brasileiros que esperavam ansiosamente a turn\u00ea que reuniu novamente os integrantes Anah\u00ed, Christian Ch\u00e1vez, Christopher von Uckermann, Dulce Mar\u00eda e Maite Perroni depois de 15 anos. Duas rep\u00f3rteres do\u00a0<i>RJ1<\/i>, telejornal da TV Globo, relataram que presenciaram na madrugada do s\u00e1bado, 11, arrast\u00f5es, assaltos e correria nos arredores do Est\u00e1dio do Engenh\u00e3o e na Esta\u00e7\u00e3o do M\u00e9ier, no segundo dia da apresenta\u00e7\u00e3o da banda no Rio de Janeiro, que aconteceu na noite da sexta-feira, 10. No primeiro dia de shows, no dia 9, os f\u00e3s j\u00e1 haviam reclamado de falta de policiamento e de arrast\u00f5es perto do est\u00e1dio.<\/p>\n<p>A rep\u00f3rter Vict\u00f3ria Henrique contou que viu um assalto ap\u00f3s o show, dentro da esta\u00e7\u00e3o de trem do M\u00e9ier. Ela contou ainda que acionou a Pol\u00edcia Militar e agentes da SuperVia, mas n\u00e3o obteve retorno.<\/p>\n<p>&#8220;Um homem come\u00e7ou a abordar as pessoas na Esta\u00e7\u00e3o do M\u00e9ier com um simulacro de arma de fogo e um fac\u00e3o. Ele levou alguns celulares e pertences de uma passageira. N\u00f3s acionamos o bot\u00e3o de emerg\u00eancia do trem e entramos em contato com a pol\u00edcia, mas nada foi feito&#8221;, contou Vict\u00f3ria, ao vivo, no telejornal.<\/p>\n<p>A rep\u00f3rter Anna Beatriz Louren\u00e7o, que estava com Vict\u00f3ria, tamb\u00e9m contou o que viu. &#8220;O policiamento estava apenas na sa\u00edda do est\u00e1dio, s\u00f3 em pontos bem pr\u00f3ximos. Ao longo das esta\u00e7\u00f5es estava tudo vazio. Quando o ladr\u00e3o abordou uma passageira, todas as outras pessoas correram. Teve um corre, corre, as pessoas ca\u00edram por cima das outras, algumas chegaram a se machucar &#8220;.<\/p>\n<p>A reportagem do\u00a0<b>Estad\u00e3o<\/b>\u00a0entrou em contato com a Secretaria de Estado de Pol\u00edcia Militar do Rio de Janeiro para perguntar sobre ocorr\u00eancias na sa\u00edda do show e se o efetivo de policiais foi maior do que no primeiro dia da apresenta\u00e7\u00e3o, em fun\u00e7\u00e3o dos relatos de assaltos e arrast\u00f5es.<\/p>\n<p>A institui\u00e7\u00e3o enviou a seguinte nota:<\/p>\n<p><i>&#8220;A Assessoria de Imprensa da Secretaria de Estado de Pol\u00edcia Militar informa que, de acordo com o Comandante do 3\u00b0BPM(M\u00e9ier), n\u00e3o ocorreu acionamento para este tipo de ocorr\u00eancia durante a atua\u00e7\u00e3o do policiamento no evento , no segundo dia de show da banda Rebelde, que aconteceu nesta sexta-feira (10), no est\u00e1dio do Engenh\u00e3o, Zona Norte do Rio de Janeiro. Vale destacar que, foi realizado um novo esquema de policiamento na regi\u00e3o, ap\u00f3s an\u00e1lise dos fatos relatados no primeiro dia de show e com isso, o patrulhamento foi intensificado nos principais pontos de acesso ao est\u00e1dio, para garantir a seguran\u00e7a do grande p\u00fablico &#8220;<\/i><\/div>\n","protected":false},"excerpt":{"rendered":"<p>Por Reda\u00e7\u00e3o O Estado de S. Paulo A volta do grupo mexicano RBD ao Brasil n\u00e3o tem sido apenas motivo de alegria para os f\u00e3s brasileiros que esperavam ansiosamente a turn\u00ea que reuniu novamente os integrantes Anah\u00ed, Christian Ch\u00e1vez, Christopher von Uckermann, Dulce Mar\u00eda e Maite Perroni depois de 15 anos. Duas rep\u00f3rteres do\u00a0RJ1, telejornal &hellip;<\/p>\n","protected":false},"author":1,"featured_media":2006,"comment_status":"closed","ping_status":"closed","sticky":false,"template":"","format":"standard","meta":{"footnotes":""},"categories":[25],"tags":[],"class_list":["post-2005","post","type-post","status-publish","format-standard","has-post-thumbnail","hentry","category-musica"],"yoast_head":"<!-- This site is optimized with the Yoast SEO plugin v27.4 - https:\/\/yoast.com\/product\/yoast-seo-wordpress\/ -->\n<title>Segundo dia de show do RBD no Rio tem relatos de arrast\u00f5es; pol\u00edcia nega ocorr\u00eancias - Transam\u00e9rica Mococa 93,3<\/title>\n<meta name=\"robots\" content=\"index, follow, max-snippet:-1, max-image-preview:large, max-video-preview:-1\" \/>\n<link rel=\"canonical\" href=\"https:\/\/transamerica93.com.br\/home\/segundo-dia-de-show-do-rbd-no-rio-tem-relatos-de-arrastoes-policia-nega-ocorrencias\/\" \/>\n<meta property=\"og:locale\" content=\"pt_BR\" \/>\n<meta property=\"og:type\" content=\"article\" \/>\n<meta property=\"og:title\" content=\"Segundo dia de show do RBD no Rio tem relatos de arrast\u00f5es; pol\u00edcia nega ocorr\u00eancias - Transam\u00e9rica Mococa 93,3\" \/>\n<meta property=\"og:description\" content=\"Por Reda\u00e7\u00e3o O Estado de S. Paulo A volta do grupo mexicano RBD ao Brasil n\u00e3o tem sido apenas motivo de alegria para os f\u00e3s brasileiros que esperavam ansiosamente a turn\u00ea que reuniu novamente os integrantes Anah\u00ed, Christian Ch\u00e1vez, Christopher von Uckermann, Dulce Mar\u00eda e Maite Perroni depois de 15 anos. Duas rep\u00f3rteres do\u00a0RJ1, telejornal &hellip;\" \/>\n<meta property=\"og:url\" content=\"https:\/\/transamerica93.com.br\/home\/segundo-dia-de-show-do-rbd-no-rio-tem-relatos-de-arrastoes-policia-nega-ocorrencias\/\" \/>\n<meta property=\"og:site_name\" content=\"Transam\u00e9rica Mococa 93,3\" \/>\n<meta property=\"article:publisher\" content=\"https:\/\/www.facebook.com\/transamericamococa\" \/>\n<meta property=\"article:published_time\" content=\"2023-11-13T14:00:48+00:00\" \/>\n<meta property=\"og:image\" content=\"https:\/\/transamerica93.com.br\/home\/wp-content\/uploads\/2023\/11\/imagem-3.jpg\" \/>\n\t<meta property=\"og:image:width\" content=\"962\" \/>\n\t<meta property=\"og:image:height\" content=\"614\" \/>\n\t<meta property=\"og:image:type\" content=\"image\/jpeg\" \/>\n<meta name=\"author\" content=\"Reda\u00e7\u00e3o\" \/>\n<meta name=\"twitter:card\" content=\"summary_large_image\" \/>\n<meta name=\"twitter:creator\" content=\"@transamerica933\" \/>\n<meta name=\"twitter:site\" content=\"@transamerica933\" \/>\n<meta name=\"twitter:label1\" content=\"Escrito por\" \/>\n\t<meta name=\"twitter:data1\" content=\"Reda\u00e7\u00e3o\" \/>\n\t<meta name=\"twitter:label2\" content=\"Est. tempo de leitura\" \/>\n\t<meta name=\"twitter:data2\" content=\"3 minutos\" \/>\n<script type=\"application\/ld+json\" class=\"yoast-schema-graph\">{\"@context\":\"https:\\\/\\\/schema.org\",\"@graph\":[{\"@type\":\"Article\",\"@id\":\"https:\\\/\\\/transamerica93.com.br\\\/home\\\/segundo-dia-de-show-do-rbd-no-rio-tem-relatos-de-arrastoes-policia-nega-ocorrencias\\\/#article\",\"isPartOf\":{\"@id\":\"https:\\\/\\\/transamerica93.com.br\\\/home\\\/segundo-dia-de-show-do-rbd-no-rio-tem-relatos-de-arrastoes-policia-nega-ocorrencias\\\/\"},\"author\":{\"name\":\"Reda\u00e7\u00e3o\",\"@id\":\"https:\\\/\\\/transamerica93.com.br\\\/home\\\/#\\\/schema\\\/person\\\/7fed7c99c0d4562efa8561bc0f543172\"},\"headline\":\"Segundo dia de show do RBD no Rio tem relatos de arrast\u00f5es; pol\u00edcia nega ocorr\u00eancias\",\"datePublished\":\"2023-11-13T14:00:48+00:00\",\"mainEntityOfPage\":{\"@id\":\"https:\\\/\\\/transamerica93.com.br\\\/home\\\/segundo-dia-de-show-do-rbd-no-rio-tem-relatos-de-arrastoes-policia-nega-ocorrencias\\\/\"},\"wordCount\":508,\"publisher\":{\"@id\":\"https:\\\/\\\/transamerica93.com.br\\\/home\\\/#organization\"},\"image\":{\"@id\":\"https:\\\/\\\/transamerica93.com.br\\\/home\\\/segundo-dia-de-show-do-rbd-no-rio-tem-relatos-de-arrastoes-policia-nega-ocorrencias\\\/#primaryimage\"},\"thumbnailUrl\":\"https:\\\/\\\/transamerica93.com.br\\\/home\\\/wp-content\\\/uploads\\\/2023\\\/11\\\/imagem-3.jpg\",\"articleSection\":[\"M\u00fasica\"],\"inLanguage\":\"pt-BR\"},{\"@type\":\"WebPage\",\"@id\":\"https:\\\/\\\/transamerica93.com.br\\\/home\\\/segundo-dia-de-show-do-rbd-no-rio-tem-relatos-de-arrastoes-policia-nega-ocorrencias\\\/\",\"url\":\"https:\\\/\\\/transamerica93.com.br\\\/home\\\/segundo-dia-de-show-do-rbd-no-rio-tem-relatos-de-arrastoes-policia-nega-ocorrencias\\\/\",\"name\":\"Segundo dia de show do RBD no Rio tem relatos de arrast\u00f5es; pol\u00edcia nega ocorr\u00eancias - Transam\u00e9rica Mococa 93,3\",\"isPartOf\":{\"@id\":\"https:\\\/\\\/transamerica93.com.br\\\/home\\\/#website\"},\"primaryImageOfPage\":{\"@id\":\"https:\\\/\\\/transamerica93.com.br\\\/home\\\/segundo-dia-de-show-do-rbd-no-rio-tem-relatos-de-arrastoes-policia-nega-ocorrencias\\\/#primaryimage\"},\"image\":{\"@id\":\"https:\\\/\\\/transamerica93.com.br\\\/home\\\/segundo-dia-de-show-do-rbd-no-rio-tem-relatos-de-arrastoes-policia-nega-ocorrencias\\\/#primaryimage\"},\"thumbnailUrl\":\"https:\\\/\\\/transamerica93.com.br\\\/home\\\/wp-content\\\/uploads\\\/2023\\\/11\\\/imagem-3.jpg\",\"datePublished\":\"2023-11-13T14:00:48+00:00\",\"breadcrumb\":{\"@id\":\"https:\\\/\\\/transamerica93.com.br\\\/home\\\/segundo-dia-de-show-do-rbd-no-rio-tem-relatos-de-arrastoes-policia-nega-ocorrencias\\\/#breadcrumb\"},\"inLanguage\":\"pt-BR\",\"potentialAction\":[{\"@type\":\"ReadAction\",\"target\":[\"https:\\\/\\\/transamerica93.com.br\\\/home\\\/segundo-dia-de-show-do-rbd-no-rio-tem-relatos-de-arrastoes-policia-nega-ocorrencias\\\/\"]}]},{\"@type\":\"ImageObject\",\"inLanguage\":\"pt-BR\",\"@id\":\"https:\\\/\\\/transamerica93.com.br\\\/home\\\/segundo-dia-de-show-do-rbd-no-rio-tem-relatos-de-arrastoes-policia-nega-ocorrencias\\\/#primaryimage\",\"url\":\"https:\\\/\\\/transamerica93.com.br\\\/home\\\/wp-content\\\/uploads\\\/2023\\\/11\\\/imagem-3.jpg\",\"contentUrl\":\"https:\\\/\\\/transamerica93.com.br\\\/home\\\/wp-content\\\/uploads\\\/2023\\\/11\\\/imagem-3.jpg\",\"width\":962,\"height\":614,\"caption\":\"Foto: Instagram @rbd_musica\"},{\"@type\":\"BreadcrumbList\",\"@id\":\"https:\\\/\\\/transamerica93.com.br\\\/home\\\/segundo-dia-de-show-do-rbd-no-rio-tem-relatos-de-arrastoes-policia-nega-ocorrencias\\\/#breadcrumb\",\"itemListElement\":[{\"@type\":\"ListItem\",\"position\":1,\"name\":\"In\u00edcio\",\"item\":\"https:\\\/\\\/transamerica93.com.br\\\/home\\\/\"},{\"@type\":\"ListItem\",\"position\":2,\"name\":\"Segundo dia de show do RBD no Rio tem relatos de arrast\u00f5es; pol\u00edcia nega ocorr\u00eancias\"}]},{\"@type\":\"WebSite\",\"@id\":\"https:\\\/\\\/transamerica93.com.br\\\/home\\\/#website\",\"url\":\"https:\\\/\\\/transamerica93.com.br\\\/home\\\/\",\"name\":\"Transam\u00e9rica Mococa 93,3\",\"description\":\"\",\"publisher\":{\"@id\":\"https:\\\/\\\/transamerica93.com.br\\\/home\\\/#organization\"},\"potentialAction\":[{\"@type\":\"SearchAction\",\"target\":{\"@type\":\"EntryPoint\",\"urlTemplate\":\"https:\\\/\\\/transamerica93.com.br\\\/home\\\/?s={search_term_string}\"},\"query-input\":{\"@type\":\"PropertyValueSpecification\",\"valueRequired\":true,\"valueName\":\"search_term_string\"}}],\"inLanguage\":\"pt-BR\"},{\"@type\":\"Organization\",\"@id\":\"https:\\\/\\\/transamerica93.com.br\\\/home\\\/#organization\",\"name\":\"Transam\u00e9rica Mococa 93,3\",\"url\":\"https:\\\/\\\/transamerica93.com.br\\\/home\\\/\",\"logo\":{\"@type\":\"ImageObject\",\"inLanguage\":\"pt-BR\",\"@id\":\"https:\\\/\\\/transamerica93.com.br\\\/home\\\/#\\\/schema\\\/logo\\\/image\\\/\",\"url\":\"https:\\\/\\\/transamerica93.com.br\\\/home\\\/wp-content\\\/uploads\\\/2023\\\/10\\\/logo2.png\",\"contentUrl\":\"https:\\\/\\\/transamerica93.com.br\\\/home\\\/wp-content\\\/uploads\\\/2023\\\/10\\\/logo2.png\",\"width\":800,\"height\":500,\"caption\":\"Transam\u00e9rica Mococa 93,3\"},\"image\":{\"@id\":\"https:\\\/\\\/transamerica93.com.br\\\/home\\\/#\\\/schema\\\/logo\\\/image\\\/\"},\"sameAs\":[\"https:\\\/\\\/www.facebook.com\\\/transamericamococa\",\"https:\\\/\\\/x.com\\\/transamerica933\",\"https:\\\/\\\/www.instagram.com\\\/transamericamococa\"]},{\"@type\":\"Person\",\"@id\":\"https:\\\/\\\/transamerica93.com.br\\\/home\\\/#\\\/schema\\\/person\\\/7fed7c99c0d4562efa8561bc0f543172\",\"name\":\"Reda\u00e7\u00e3o\",\"image\":{\"@type\":\"ImageObject\",\"inLanguage\":\"pt-BR\",\"@id\":\"https:\\\/\\\/secure.gravatar.com\\\/avatar\\\/1072c6b775fb02ef8506ce967551d95926669a6b7d2c2147b42eea4d7c68395e?s=96&d=mm&r=g\",\"url\":\"https:\\\/\\\/secure.gravatar.com\\\/avatar\\\/1072c6b775fb02ef8506ce967551d95926669a6b7d2c2147b42eea4d7c68395e?s=96&d=mm&r=g\",\"contentUrl\":\"https:\\\/\\\/secure.gravatar.com\\\/avatar\\\/1072c6b775fb02ef8506ce967551d95926669a6b7d2c2147b42eea4d7c68395e?s=96&d=mm&r=g\",\"caption\":\"Reda\u00e7\u00e3o\"},\"sameAs\":[\"https:\\\/\\\/transamerica93.com.br\\\/home\"],\"url\":\"https:\\\/\\\/transamerica93.com.br\\\/home\\\/author\\\/william\\\/\"}]}<\/script>\n<!-- \/ Yoast SEO plugin. -->","yoast_head_json":{"title":"Segundo dia de show do RBD no Rio tem relatos de arrast\u00f5es; pol\u00edcia nega ocorr\u00eancias - Transam\u00e9rica Mococa 93,3","robots":{"index":"index","follow":"follow","max-snippet":"max-snippet:-1","max-image-preview":"max-image-preview:large","max-video-preview":"max-video-preview:-1"},"canonical":"https:\/\/transamerica93.com.br\/home\/segundo-dia-de-show-do-rbd-no-rio-tem-relatos-de-arrastoes-policia-nega-ocorrencias\/","og_locale":"pt_BR","og_type":"article","og_title":"Segundo dia de show do RBD no Rio tem relatos de arrast\u00f5es; pol\u00edcia nega ocorr\u00eancias - Transam\u00e9rica Mococa 93,3","og_description":"Por Reda\u00e7\u00e3o O Estado de S. Paulo A volta do grupo mexicano RBD ao Brasil n\u00e3o tem sido apenas motivo de alegria para os f\u00e3s brasileiros que esperavam ansiosamente a turn\u00ea que reuniu novamente os integrantes Anah\u00ed, Christian Ch\u00e1vez, Christopher von Uckermann, Dulce Mar\u00eda e Maite Perroni depois de 15 anos. Duas rep\u00f3rteres do\u00a0RJ1, telejornal &hellip;","og_url":"https:\/\/transamerica93.com.br\/home\/segundo-dia-de-show-do-rbd-no-rio-tem-relatos-de-arrastoes-policia-nega-ocorrencias\/","og_site_name":"Transam\u00e9rica Mococa 93,3","article_publisher":"https:\/\/www.facebook.com\/transamericamococa","article_published_time":"2023-11-13T14:00:48+00:00","og_image":[{"width":962,"height":614,"url":"https:\/\/transamerica93.com.br\/home\/wp-content\/uploads\/2023\/11\/imagem-3.jpg","type":"image\/jpeg"}],"author":"Reda\u00e7\u00e3o","twitter_card":"summary_large_image","twitter_creator":"@transamerica933","twitter_site":"@transamerica933","twitter_misc":{"Escrito por":"Reda\u00e7\u00e3o","Est. tempo de leitura":"3 minutos"},"schema":{"@context":"https:\/\/schema.org","@graph":[{"@type":"Article","@id":"https:\/\/transamerica93.com.br\/home\/segundo-dia-de-show-do-rbd-no-rio-tem-relatos-de-arrastoes-policia-nega-ocorrencias\/#article","isPartOf":{"@id":"https:\/\/transamerica93.com.br\/home\/segundo-dia-de-show-do-rbd-no-rio-tem-relatos-de-arrastoes-policia-nega-ocorrencias\/"},"author":{"name":"Reda\u00e7\u00e3o","@id":"https:\/\/transamerica93.com.br\/home\/#\/schema\/person\/7fed7c99c0d4562efa8561bc0f543172"},"headline":"Segundo dia de show do RBD no Rio tem relatos de arrast\u00f5es; pol\u00edcia nega ocorr\u00eancias","datePublished":"2023-11-13T14:00:48+00:00","mainEntityOfPage":{"@id":"https:\/\/transamerica93.com.br\/home\/segundo-dia-de-show-do-rbd-no-rio-tem-relatos-de-arrastoes-policia-nega-ocorrencias\/"},"wordCount":508,"publisher":{"@id":"https:\/\/transamerica93.com.br\/home\/#organization"},"image":{"@id":"https:\/\/transamerica93.com.br\/home\/segundo-dia-de-show-do-rbd-no-rio-tem-relatos-de-arrastoes-policia-nega-ocorrencias\/#primaryimage"},"thumbnailUrl":"https:\/\/transamerica93.com.br\/home\/wp-content\/uploads\/2023\/11\/imagem-3.jpg","articleSection":["M\u00fasica"],"inLanguage":"pt-BR"},{"@type":"WebPage","@id":"https:\/\/transamerica93.com.br\/home\/segundo-dia-de-show-do-rbd-no-rio-tem-relatos-de-arrastoes-policia-nega-ocorrencias\/","url":"https:\/\/transamerica93.com.br\/home\/segundo-dia-de-show-do-rbd-no-rio-tem-relatos-de-arrastoes-policia-nega-ocorrencias\/","name":"Segundo dia de show do RBD no Rio tem relatos de arrast\u00f5es; pol\u00edcia nega ocorr\u00eancias - Transam\u00e9rica Mococa 93,3","isPartOf":{"@id":"https:\/\/transamerica93.com.br\/home\/#website"},"primaryImageOfPage":{"@id":"https:\/\/transamerica93.com.br\/home\/segundo-dia-de-show-do-rbd-no-rio-tem-relatos-de-arrastoes-policia-nega-ocorrencias\/#primaryimage"},"image":{"@id":"https:\/\/transamerica93.com.br\/home\/segundo-dia-de-show-do-rbd-no-rio-tem-relatos-de-arrastoes-policia-nega-ocorrencias\/#primaryimage"},"thumbnailUrl":"https:\/\/transamerica93.com.br\/home\/wp-content\/uploads\/2023\/11\/imagem-3.jpg","datePublished":"2023-11-13T14:00:48+00:00","breadcrumb":{"@id":"https:\/\/transamerica93.com.br\/home\/segundo-dia-de-show-do-rbd-no-rio-tem-relatos-de-arrastoes-policia-nega-ocorrencias\/#breadcrumb"},"inLanguage":"pt-BR","potentialAction":[{"@type":"ReadAction","target":["https:\/\/transamerica93.com.br\/home\/segundo-dia-de-show-do-rbd-no-rio-tem-relatos-de-arrastoes-policia-nega-ocorrencias\/"]}]},{"@type":"ImageObject","inLanguage":"pt-BR","@id":"https:\/\/transamerica93.com.br\/home\/segundo-dia-de-show-do-rbd-no-rio-tem-relatos-de-arrastoes-policia-nega-ocorrencias\/#primaryimage","url":"https:\/\/transamerica93.com.br\/home\/wp-content\/uploads\/2023\/11\/imagem-3.jpg","contentUrl":"https:\/\/transamerica93.com.br\/home\/wp-content\/uploads\/2023\/11\/imagem-3.jpg","width":962,"height":614,"caption":"Foto: Instagram @rbd_musica"},{"@type":"BreadcrumbList","@id":"https:\/\/transamerica93.com.br\/home\/segundo-dia-de-show-do-rbd-no-rio-tem-relatos-de-arrastoes-policia-nega-ocorrencias\/#breadcrumb","itemListElement":[{"@type":"ListItem","position":1,"name":"In\u00edcio","item":"https:\/\/transamerica93.com.br\/home\/"},{"@type":"ListItem","position":2,"name":"Segundo dia de show do RBD no Rio tem relatos de arrast\u00f5es; pol\u00edcia nega ocorr\u00eancias"}]},{"@type":"WebSite","@id":"https:\/\/transamerica93.com.br\/home\/#website","url":"https:\/\/transamerica93.com.br\/home\/","name":"Transam\u00e9rica Mococa 93,3","description":"","publisher":{"@id":"https:\/\/transamerica93.com.br\/home\/#organization"},"potentialAction":[{"@type":"SearchAction","target":{"@type":"EntryPoint","urlTemplate":"https:\/\/transamerica93.com.br\/home\/?s={search_term_string}"},"query-input":{"@type":"PropertyValueSpecification","valueRequired":true,"valueName":"search_term_string"}}],"inLanguage":"pt-BR"},{"@type":"Organization","@id":"https:\/\/transamerica93.com.br\/home\/#organization","name":"Transam\u00e9rica Mococa 93,3","url":"https:\/\/transamerica93.com.br\/home\/","logo":{"@type":"ImageObject","inLanguage":"pt-BR","@id":"https:\/\/transamerica93.com.br\/home\/#\/schema\/logo\/image\/","url":"https:\/\/transamerica93.com.br\/home\/wp-content\/uploads\/2023\/10\/logo2.png","contentUrl":"https:\/\/transamerica93.com.br\/home\/wp-content\/uploads\/2023\/10\/logo2.png","width":800,"height":500,"caption":"Transam\u00e9rica Mococa 93,3"},"image":{"@id":"https:\/\/transamerica93.com.br\/home\/#\/schema\/logo\/image\/"},"sameAs":["https:\/\/www.facebook.com\/transamericamococa","https:\/\/x.com\/transamerica933","https:\/\/www.instagram.com\/transamericamococa"]},{"@type":"Person","@id":"https:\/\/transamerica93.com.br\/home\/#\/schema\/person\/7fed7c99c0d4562efa8561bc0f543172","name":"Reda\u00e7\u00e3o","image":{"@type":"ImageObject","inLanguage":"pt-BR","@id":"https:\/\/secure.gravatar.com\/avatar\/1072c6b775fb02ef8506ce967551d95926669a6b7d2c2147b42eea4d7c68395e?s=96&d=mm&r=g","url":"https:\/\/secure.gravatar.com\/avatar\/1072c6b775fb02ef8506ce967551d95926669a6b7d2c2147b42eea4d7c68395e?s=96&d=mm&r=g","contentUrl":"https:\/\/secure.gravatar.com\/avatar\/1072c6b775fb02ef8506ce967551d95926669a6b7d2c2147b42eea4d7c68395e?s=96&d=mm&r=g","caption":"Reda\u00e7\u00e3o"},"sameAs":["https:\/\/transamerica93.com.br\/home"],"url":"https:\/\/transamerica93.com.br\/home\/author\/william\/"}]}},"_links":{"self":[{"href":"https:\/\/transamerica93.com.br\/home\/wp-json\/wp\/v2\/posts\/2005","targetHints":{"allow":["GET"]}}],"collection":[{"href":"https:\/\/transamerica93.com.br\/home\/wp-json\/wp\/v2\/posts"}],"about":[{"href":"https:\/\/transamerica93.com.br\/home\/wp-json\/wp\/v2\/types\/post"}],"author":[{"embeddable":true,"href":"https:\/\/transamerica93.com.br\/home\/wp-json\/wp\/v2\/users\/1"}],"replies":[{"embeddable":true,"href":"https:\/\/transamerica93.com.br\/home\/wp-json\/wp\/v2\/comments?post=2005"}],"version-history":[{"count":1,"href":"https:\/\/transamerica93.com.br\/home\/wp-json\/wp\/v2\/posts\/2005\/revisions"}],"predecessor-version":[{"id":2007,"href":"https:\/\/transamerica93.com.br\/home\/wp-json\/wp\/v2\/posts\/2005\/revisions\/2007"}],"wp:featuredmedia":[{"embeddable":true,"href":"https:\/\/transamerica93.com.br\/home\/wp-json\/wp\/v2\/media\/2006"}],"wp:attachment":[{"href":"https:\/\/transamerica93.com.br\/home\/wp-json\/wp\/v2\/media?parent=2005"}],"wp:term":[{"taxonomy":"category","embeddable":true,"href":"https:\/\/transamerica93.com.br\/home\/wp-json\/wp\/v2\/categories?post=2005"},{"taxonomy":"post_tag","embeddable":true,"href":"https:\/\/transamerica93.com.br\/home\/wp-json\/wp\/v2\/tags?post=2005"}],"curies":[{"name":"wp","href":"https:\/\/api.w.org\/{rel}","templated":true}]}}