{"id":2008,"date":"2023-11-13T12:00:55","date_gmt":"2023-11-13T15:00:55","guid":{"rendered":"https:\/\/transamerica93.com.br\/home\/?p=2008"},"modified":"2023-11-12T18:29:33","modified_gmt":"2023-11-12T21:29:33","slug":"ana-hickmann-confirma-ida-a-policia-apos-desentendimento-com-o-marido","status":"publish","type":"post","link":"https:\/\/transamerica93.com.br\/home\/ana-hickmann-confirma-ida-a-policia-apos-desentendimento-com-o-marido\/","title":{"rendered":"Ana Hickmann confirma ida \u00e0 pol\u00edcia ap\u00f3s \u2018desentendimento\u2019 com o marido"},"content":{"rendered":"<p>A apresentadora da\u00a0<i>Record TV<\/i>\u00a0Ana Hickmann divulgou uma nota na manh\u00e3 deste domingo, 12, em que afirma que teve um \u2018desentendimento\u2019 com seu marido, o empres\u00e1rio Alexandre Correa na tarde do s\u00e1bado, 11. O caso foi registrado na Delegacia Central de Itu, a 99 km de dist\u00e2ncia da capital S\u00e3o Paulo, onde o casal mora. Ao colunista Leo Dias, Correa negou qualquer tipo de agress\u00e3o contra a mulher.<\/p>\n<p>&#8220;Ap\u00f3s um desentendimento entre Alexandre Correa e Ana Hickmann no \u00faltimo s\u00e1bado (11), a Pol\u00edcia Militar foi acionada e a apresentadora foi conduzida at\u00e9 o Distrito Policial para esclarecimento dos fatos. Por meio de sua assessoria de imprensa, Ana Hickmann agradece o carinho e a solidariedade dos f\u00e3s e informa que est\u00e1 em casa, bem e felizmente n\u00e3o sofreu maiores consequ\u00eancias em sua integridade f\u00edsica&#8221;, diz a nota emitida pela assessoria de Ana.<\/p>\n<p>O site de not\u00edcias\u00a0<i>G1<\/i>\u00a0teve acesso ao boletim de ocorr\u00eancia registrado por Ana. De acordo com o documento, a pol\u00edcia foi acionada por volta das 15h50 de s\u00e1bado para ir \u00e0 casa do casal ap\u00f3s uma discuss\u00e3o.<\/p>\n<p>Ana relatou na delegacia que estava na cozinha da casa junto com o marido quando eles come\u00e7aram a brigar. O filho \u00fanico do casal, Alexandre, de 10 anos, teria presenciado o in\u00edcio do desentendimento.<\/p>\n<p>Ainda segundo o boletim de ocorr\u00eancia obtido pelo\u00a0<i>G1<\/i>, Ana relatou que, ap\u00f3s a discuss\u00e3o, tentou acessar uma \u00e1rea externa da casa para pegar um celular e ligar para a pol\u00edcia. Nessa hora, ent\u00e3o, Correa teria fechado repentinamente uma porta de correr, pressionando seu bra\u00e7o esquerdo. O documento ainda fala que a apresentadora foi v\u00edtima de &#8220;cabe\u00e7adas&#8221; por parte do marido.<\/p>\n<p>Ao jornalista Leo Dias, que divulgou o caso na manh\u00e3 deste domingo, Correa negou a agress\u00e3o. &#8220;Da onde est\u00e3o tirando isso? Olha, deve ser algum equ\u00edvoco a\u00ed, acho que n\u00e3o devem estar tratando da mesma pessoa&#8221;, teria dito Correa. O empres\u00e1rio ainda disse que n\u00e3o estava em casa e que Ana, naquele momento, estava dormindo.<\/p>\n<p>Ainda de acordo com o\u00a0<i>G1<\/i>, Ana teria ido sozinha \u00e0 Santa Casa de Itu onde teve atendimento m\u00e9dico e foi liberada logo em seguida. Uma viatura da pol\u00edcia acompanhou a apresentadora no retorno at\u00e9 sua casa.<\/p>\n<p>O\u00a0<b>Estad\u00e3o<\/b>\u00a0procurou a assessoria de imprensa de Ana Hickmann que disse que n\u00e3o iria se pronunciar al\u00e9m da nota j\u00e1 divulgada. A reportagem tamb\u00e9m entrou em contato com Alexandre Correa, mas n\u00e3o obteve resposta. O espa\u00e7o segue aberto.<\/p>\n<p>Ao\u00a0<b>Estad\u00e3o<\/b>, a assessoria de imprensa da Secretaria de Seguran\u00e7a P\u00fablica de S\u00e3o Paulo disse que &#8220;os fatos ser\u00e3o investigados pela Delegacia de Itu. Os detalhes ser\u00e3o preservados por conta da natureza da ocorr\u00eancia&#8221;.<\/p>\n","protected":false},"excerpt":{"rendered":"<p>A apresentadora da\u00a0Record TV\u00a0Ana Hickmann divulgou uma nota na manh\u00e3 deste domingo, 12, em que afirma que teve um \u2018desentendimento\u2019 com seu marido, o empres\u00e1rio Alexandre Correa na tarde do s\u00e1bado, 11. O caso foi registrado na Delegacia Central de Itu, a 99 km de dist\u00e2ncia da capital S\u00e3o Paulo, onde o casal mora. Ao &hellip;<\/p>\n","protected":false},"author":1,"featured_media":2009,"comment_status":"closed","ping_status":"closed","sticky":false,"template":"","format":"standard","meta":{"footnotes":""},"categories":[24],"tags":[],"class_list":["post-2008","post","type-post","status-publish","format-standard","has-post-thumbnail","hentry","category-entretenimento"],"yoast_head":"<!-- This site is optimized with the Yoast SEO plugin v27.4 - https:\/\/yoast.com\/product\/yoast-seo-wordpress\/ -->\n<title>Ana Hickmann confirma ida \u00e0 pol\u00edcia ap\u00f3s \u2018desentendimento\u2019 com o marido - Transam\u00e9rica Mococa 93,3<\/title>\n<meta name=\"robots\" content=\"index, follow, max-snippet:-1, max-image-preview:large, max-video-preview:-1\" \/>\n<link rel=\"canonical\" href=\"https:\/\/transamerica93.com.br\/home\/ana-hickmann-confirma-ida-a-policia-apos-desentendimento-com-o-marido\/\" \/>\n<meta property=\"og:locale\" content=\"pt_BR\" \/>\n<meta property=\"og:type\" content=\"article\" \/>\n<meta property=\"og:title\" content=\"Ana Hickmann confirma ida \u00e0 pol\u00edcia ap\u00f3s \u2018desentendimento\u2019 com o marido - Transam\u00e9rica Mococa 93,3\" \/>\n<meta property=\"og:description\" content=\"A apresentadora da\u00a0Record TV\u00a0Ana Hickmann divulgou uma nota na manh\u00e3 deste domingo, 12, em que afirma que teve um \u2018desentendimento\u2019 com seu marido, o empres\u00e1rio Alexandre Correa na tarde do s\u00e1bado, 11. O caso foi registrado na Delegacia Central de Itu, a 99 km de dist\u00e2ncia da capital S\u00e3o Paulo, onde o casal mora. Ao &hellip;\" \/>\n<meta property=\"og:url\" content=\"https:\/\/transamerica93.com.br\/home\/ana-hickmann-confirma-ida-a-policia-apos-desentendimento-com-o-marido\/\" \/>\n<meta property=\"og:site_name\" content=\"Transam\u00e9rica Mococa 93,3\" \/>\n<meta property=\"article:publisher\" content=\"https:\/\/www.facebook.com\/transamericamococa\" \/>\n<meta property=\"article:published_time\" content=\"2023-11-13T15:00:55+00:00\" \/>\n<meta property=\"og:image\" content=\"https:\/\/transamerica93.com.br\/home\/wp-content\/uploads\/2023\/11\/imagem-4.jpg\" \/>\n\t<meta property=\"og:image:width\" content=\"758\" \/>\n\t<meta property=\"og:image:height\" content=\"493\" \/>\n\t<meta property=\"og:image:type\" content=\"image\/jpeg\" \/>\n<meta name=\"author\" content=\"Reda\u00e7\u00e3o\" \/>\n<meta name=\"twitter:card\" content=\"summary_large_image\" \/>\n<meta name=\"twitter:creator\" content=\"@transamerica933\" \/>\n<meta name=\"twitter:site\" content=\"@transamerica933\" \/>\n<meta name=\"twitter:label1\" content=\"Escrito por\" \/>\n\t<meta name=\"twitter:data1\" content=\"Reda\u00e7\u00e3o\" \/>\n\t<meta name=\"twitter:label2\" content=\"Est. tempo de leitura\" \/>\n\t<meta name=\"twitter:data2\" content=\"3 minutos\" \/>\n<script type=\"application\/ld+json\" class=\"yoast-schema-graph\">{\"@context\":\"https:\\\/\\\/schema.org\",\"@graph\":[{\"@type\":\"Article\",\"@id\":\"https:\\\/\\\/transamerica93.com.br\\\/home\\\/ana-hickmann-confirma-ida-a-policia-apos-desentendimento-com-o-marido\\\/#article\",\"isPartOf\":{\"@id\":\"https:\\\/\\\/transamerica93.com.br\\\/home\\\/ana-hickmann-confirma-ida-a-policia-apos-desentendimento-com-o-marido\\\/\"},\"author\":{\"name\":\"Reda\u00e7\u00e3o\",\"@id\":\"https:\\\/\\\/transamerica93.com.br\\\/home\\\/#\\\/schema\\\/person\\\/7fed7c99c0d4562efa8561bc0f543172\"},\"headline\":\"Ana Hickmann confirma ida \u00e0 pol\u00edcia ap\u00f3s \u2018desentendimento\u2019 com o marido\",\"datePublished\":\"2023-11-13T15:00:55+00:00\",\"mainEntityOfPage\":{\"@id\":\"https:\\\/\\\/transamerica93.com.br\\\/home\\\/ana-hickmann-confirma-ida-a-policia-apos-desentendimento-com-o-marido\\\/\"},\"wordCount\":494,\"publisher\":{\"@id\":\"https:\\\/\\\/transamerica93.com.br\\\/home\\\/#organization\"},\"image\":{\"@id\":\"https:\\\/\\\/transamerica93.com.br\\\/home\\\/ana-hickmann-confirma-ida-a-policia-apos-desentendimento-com-o-marido\\\/#primaryimage\"},\"thumbnailUrl\":\"https:\\\/\\\/transamerica93.com.br\\\/home\\\/wp-content\\\/uploads\\\/2023\\\/11\\\/imagem-4.jpg\",\"articleSection\":[\"Entretenimento\"],\"inLanguage\":\"pt-BR\"},{\"@type\":\"WebPage\",\"@id\":\"https:\\\/\\\/transamerica93.com.br\\\/home\\\/ana-hickmann-confirma-ida-a-policia-apos-desentendimento-com-o-marido\\\/\",\"url\":\"https:\\\/\\\/transamerica93.com.br\\\/home\\\/ana-hickmann-confirma-ida-a-policia-apos-desentendimento-com-o-marido\\\/\",\"name\":\"Ana Hickmann confirma ida \u00e0 pol\u00edcia ap\u00f3s \u2018desentendimento\u2019 com o marido - Transam\u00e9rica Mococa 93,3\",\"isPartOf\":{\"@id\":\"https:\\\/\\\/transamerica93.com.br\\\/home\\\/#website\"},\"primaryImageOfPage\":{\"@id\":\"https:\\\/\\\/transamerica93.com.br\\\/home\\\/ana-hickmann-confirma-ida-a-policia-apos-desentendimento-com-o-marido\\\/#primaryimage\"},\"image\":{\"@id\":\"https:\\\/\\\/transamerica93.com.br\\\/home\\\/ana-hickmann-confirma-ida-a-policia-apos-desentendimento-com-o-marido\\\/#primaryimage\"},\"thumbnailUrl\":\"https:\\\/\\\/transamerica93.com.br\\\/home\\\/wp-content\\\/uploads\\\/2023\\\/11\\\/imagem-4.jpg\",\"datePublished\":\"2023-11-13T15:00:55+00:00\",\"breadcrumb\":{\"@id\":\"https:\\\/\\\/transamerica93.com.br\\\/home\\\/ana-hickmann-confirma-ida-a-policia-apos-desentendimento-com-o-marido\\\/#breadcrumb\"},\"inLanguage\":\"pt-BR\",\"potentialAction\":[{\"@type\":\"ReadAction\",\"target\":[\"https:\\\/\\\/transamerica93.com.br\\\/home\\\/ana-hickmann-confirma-ida-a-policia-apos-desentendimento-com-o-marido\\\/\"]}]},{\"@type\":\"ImageObject\",\"inLanguage\":\"pt-BR\",\"@id\":\"https:\\\/\\\/transamerica93.com.br\\\/home\\\/ana-hickmann-confirma-ida-a-policia-apos-desentendimento-com-o-marido\\\/#primaryimage\",\"url\":\"https:\\\/\\\/transamerica93.com.br\\\/home\\\/wp-content\\\/uploads\\\/2023\\\/11\\\/imagem-4.jpg\",\"contentUrl\":\"https:\\\/\\\/transamerica93.com.br\\\/home\\\/wp-content\\\/uploads\\\/2023\\\/11\\\/imagem-4.jpg\",\"width\":758,\"height\":493,\"caption\":\"Foto: Instagram @ahickmann\"},{\"@type\":\"BreadcrumbList\",\"@id\":\"https:\\\/\\\/transamerica93.com.br\\\/home\\\/ana-hickmann-confirma-ida-a-policia-apos-desentendimento-com-o-marido\\\/#breadcrumb\",\"itemListElement\":[{\"@type\":\"ListItem\",\"position\":1,\"name\":\"In\u00edcio\",\"item\":\"https:\\\/\\\/transamerica93.com.br\\\/home\\\/\"},{\"@type\":\"ListItem\",\"position\":2,\"name\":\"Ana Hickmann confirma ida \u00e0 pol\u00edcia ap\u00f3s \u2018desentendimento\u2019 com o marido\"}]},{\"@type\":\"WebSite\",\"@id\":\"https:\\\/\\\/transamerica93.com.br\\\/home\\\/#website\",\"url\":\"https:\\\/\\\/transamerica93.com.br\\\/home\\\/\",\"name\":\"Transam\u00e9rica Mococa 93,3\",\"description\":\"\",\"publisher\":{\"@id\":\"https:\\\/\\\/transamerica93.com.br\\\/home\\\/#organization\"},\"potentialAction\":[{\"@type\":\"SearchAction\",\"target\":{\"@type\":\"EntryPoint\",\"urlTemplate\":\"https:\\\/\\\/transamerica93.com.br\\\/home\\\/?s={search_term_string}\"},\"query-input\":{\"@type\":\"PropertyValueSpecification\",\"valueRequired\":true,\"valueName\":\"search_term_string\"}}],\"inLanguage\":\"pt-BR\"},{\"@type\":\"Organization\",\"@id\":\"https:\\\/\\\/transamerica93.com.br\\\/home\\\/#organization\",\"name\":\"Transam\u00e9rica Mococa 93,3\",\"url\":\"https:\\\/\\\/transamerica93.com.br\\\/home\\\/\",\"logo\":{\"@type\":\"ImageObject\",\"inLanguage\":\"pt-BR\",\"@id\":\"https:\\\/\\\/transamerica93.com.br\\\/home\\\/#\\\/schema\\\/logo\\\/image\\\/\",\"url\":\"https:\\\/\\\/transamerica93.com.br\\\/home\\\/wp-content\\\/uploads\\\/2023\\\/10\\\/logo2.png\",\"contentUrl\":\"https:\\\/\\\/transamerica93.com.br\\\/home\\\/wp-content\\\/uploads\\\/2023\\\/10\\\/logo2.png\",\"width\":800,\"height\":500,\"caption\":\"Transam\u00e9rica Mococa 93,3\"},\"image\":{\"@id\":\"https:\\\/\\\/transamerica93.com.br\\\/home\\\/#\\\/schema\\\/logo\\\/image\\\/\"},\"sameAs\":[\"https:\\\/\\\/www.facebook.com\\\/transamericamococa\",\"https:\\\/\\\/x.com\\\/transamerica933\",\"https:\\\/\\\/www.instagram.com\\\/transamericamococa\"]},{\"@type\":\"Person\",\"@id\":\"https:\\\/\\\/transamerica93.com.br\\\/home\\\/#\\\/schema\\\/person\\\/7fed7c99c0d4562efa8561bc0f543172\",\"name\":\"Reda\u00e7\u00e3o\",\"image\":{\"@type\":\"ImageObject\",\"inLanguage\":\"pt-BR\",\"@id\":\"https:\\\/\\\/secure.gravatar.com\\\/avatar\\\/1072c6b775fb02ef8506ce967551d95926669a6b7d2c2147b42eea4d7c68395e?s=96&d=mm&r=g\",\"url\":\"https:\\\/\\\/secure.gravatar.com\\\/avatar\\\/1072c6b775fb02ef8506ce967551d95926669a6b7d2c2147b42eea4d7c68395e?s=96&d=mm&r=g\",\"contentUrl\":\"https:\\\/\\\/secure.gravatar.com\\\/avatar\\\/1072c6b775fb02ef8506ce967551d95926669a6b7d2c2147b42eea4d7c68395e?s=96&d=mm&r=g\",\"caption\":\"Reda\u00e7\u00e3o\"},\"sameAs\":[\"https:\\\/\\\/transamerica93.com.br\\\/home\"],\"url\":\"https:\\\/\\\/transamerica93.com.br\\\/home\\\/author\\\/william\\\/\"}]}<\/script>\n<!-- \/ Yoast SEO plugin. -->","yoast_head_json":{"title":"Ana Hickmann confirma ida \u00e0 pol\u00edcia ap\u00f3s \u2018desentendimento\u2019 com o marido - Transam\u00e9rica Mococa 93,3","robots":{"index":"index","follow":"follow","max-snippet":"max-snippet:-1","max-image-preview":"max-image-preview:large","max-video-preview":"max-video-preview:-1"},"canonical":"https:\/\/transamerica93.com.br\/home\/ana-hickmann-confirma-ida-a-policia-apos-desentendimento-com-o-marido\/","og_locale":"pt_BR","og_type":"article","og_title":"Ana Hickmann confirma ida \u00e0 pol\u00edcia ap\u00f3s \u2018desentendimento\u2019 com o marido - Transam\u00e9rica Mococa 93,3","og_description":"A apresentadora da\u00a0Record TV\u00a0Ana Hickmann divulgou uma nota na manh\u00e3 deste domingo, 12, em que afirma que teve um \u2018desentendimento\u2019 com seu marido, o empres\u00e1rio Alexandre Correa na tarde do s\u00e1bado, 11. O caso foi registrado na Delegacia Central de Itu, a 99 km de dist\u00e2ncia da capital S\u00e3o Paulo, onde o casal mora. Ao &hellip;","og_url":"https:\/\/transamerica93.com.br\/home\/ana-hickmann-confirma-ida-a-policia-apos-desentendimento-com-o-marido\/","og_site_name":"Transam\u00e9rica Mococa 93,3","article_publisher":"https:\/\/www.facebook.com\/transamericamococa","article_published_time":"2023-11-13T15:00:55+00:00","og_image":[{"width":758,"height":493,"url":"https:\/\/transamerica93.com.br\/home\/wp-content\/uploads\/2023\/11\/imagem-4.jpg","type":"image\/jpeg"}],"author":"Reda\u00e7\u00e3o","twitter_card":"summary_large_image","twitter_creator":"@transamerica933","twitter_site":"@transamerica933","twitter_misc":{"Escrito por":"Reda\u00e7\u00e3o","Est. tempo de leitura":"3 minutos"},"schema":{"@context":"https:\/\/schema.org","@graph":[{"@type":"Article","@id":"https:\/\/transamerica93.com.br\/home\/ana-hickmann-confirma-ida-a-policia-apos-desentendimento-com-o-marido\/#article","isPartOf":{"@id":"https:\/\/transamerica93.com.br\/home\/ana-hickmann-confirma-ida-a-policia-apos-desentendimento-com-o-marido\/"},"author":{"name":"Reda\u00e7\u00e3o","@id":"https:\/\/transamerica93.com.br\/home\/#\/schema\/person\/7fed7c99c0d4562efa8561bc0f543172"},"headline":"Ana Hickmann confirma ida \u00e0 pol\u00edcia ap\u00f3s \u2018desentendimento\u2019 com o marido","datePublished":"2023-11-13T15:00:55+00:00","mainEntityOfPage":{"@id":"https:\/\/transamerica93.com.br\/home\/ana-hickmann-confirma-ida-a-policia-apos-desentendimento-com-o-marido\/"},"wordCount":494,"publisher":{"@id":"https:\/\/transamerica93.com.br\/home\/#organization"},"image":{"@id":"https:\/\/transamerica93.com.br\/home\/ana-hickmann-confirma-ida-a-policia-apos-desentendimento-com-o-marido\/#primaryimage"},"thumbnailUrl":"https:\/\/transamerica93.com.br\/home\/wp-content\/uploads\/2023\/11\/imagem-4.jpg","articleSection":["Entretenimento"],"inLanguage":"pt-BR"},{"@type":"WebPage","@id":"https:\/\/transamerica93.com.br\/home\/ana-hickmann-confirma-ida-a-policia-apos-desentendimento-com-o-marido\/","url":"https:\/\/transamerica93.com.br\/home\/ana-hickmann-confirma-ida-a-policia-apos-desentendimento-com-o-marido\/","name":"Ana Hickmann confirma ida \u00e0 pol\u00edcia ap\u00f3s \u2018desentendimento\u2019 com o marido - Transam\u00e9rica Mococa 93,3","isPartOf":{"@id":"https:\/\/transamerica93.com.br\/home\/#website"},"primaryImageOfPage":{"@id":"https:\/\/transamerica93.com.br\/home\/ana-hickmann-confirma-ida-a-policia-apos-desentendimento-com-o-marido\/#primaryimage"},"image":{"@id":"https:\/\/transamerica93.com.br\/home\/ana-hickmann-confirma-ida-a-policia-apos-desentendimento-com-o-marido\/#primaryimage"},"thumbnailUrl":"https:\/\/transamerica93.com.br\/home\/wp-content\/uploads\/2023\/11\/imagem-4.jpg","datePublished":"2023-11-13T15:00:55+00:00","breadcrumb":{"@id":"https:\/\/transamerica93.com.br\/home\/ana-hickmann-confirma-ida-a-policia-apos-desentendimento-com-o-marido\/#breadcrumb"},"inLanguage":"pt-BR","potentialAction":[{"@type":"ReadAction","target":["https:\/\/transamerica93.com.br\/home\/ana-hickmann-confirma-ida-a-policia-apos-desentendimento-com-o-marido\/"]}]},{"@type":"ImageObject","inLanguage":"pt-BR","@id":"https:\/\/transamerica93.com.br\/home\/ana-hickmann-confirma-ida-a-policia-apos-desentendimento-com-o-marido\/#primaryimage","url":"https:\/\/transamerica93.com.br\/home\/wp-content\/uploads\/2023\/11\/imagem-4.jpg","contentUrl":"https:\/\/transamerica93.com.br\/home\/wp-content\/uploads\/2023\/11\/imagem-4.jpg","width":758,"height":493,"caption":"Foto: Instagram @ahickmann"},{"@type":"BreadcrumbList","@id":"https:\/\/transamerica93.com.br\/home\/ana-hickmann-confirma-ida-a-policia-apos-desentendimento-com-o-marido\/#breadcrumb","itemListElement":[{"@type":"ListItem","position":1,"name":"In\u00edcio","item":"https:\/\/transamerica93.com.br\/home\/"},{"@type":"ListItem","position":2,"name":"Ana Hickmann confirma ida \u00e0 pol\u00edcia ap\u00f3s \u2018desentendimento\u2019 com o marido"}]},{"@type":"WebSite","@id":"https:\/\/transamerica93.com.br\/home\/#website","url":"https:\/\/transamerica93.com.br\/home\/","name":"Transam\u00e9rica Mococa 93,3","description":"","publisher":{"@id":"https:\/\/transamerica93.com.br\/home\/#organization"},"potentialAction":[{"@type":"SearchAction","target":{"@type":"EntryPoint","urlTemplate":"https:\/\/transamerica93.com.br\/home\/?s={search_term_string}"},"query-input":{"@type":"PropertyValueSpecification","valueRequired":true,"valueName":"search_term_string"}}],"inLanguage":"pt-BR"},{"@type":"Organization","@id":"https:\/\/transamerica93.com.br\/home\/#organization","name":"Transam\u00e9rica Mococa 93,3","url":"https:\/\/transamerica93.com.br\/home\/","logo":{"@type":"ImageObject","inLanguage":"pt-BR","@id":"https:\/\/transamerica93.com.br\/home\/#\/schema\/logo\/image\/","url":"https:\/\/transamerica93.com.br\/home\/wp-content\/uploads\/2023\/10\/logo2.png","contentUrl":"https:\/\/transamerica93.com.br\/home\/wp-content\/uploads\/2023\/10\/logo2.png","width":800,"height":500,"caption":"Transam\u00e9rica Mococa 93,3"},"image":{"@id":"https:\/\/transamerica93.com.br\/home\/#\/schema\/logo\/image\/"},"sameAs":["https:\/\/www.facebook.com\/transamericamococa","https:\/\/x.com\/transamerica933","https:\/\/www.instagram.com\/transamericamococa"]},{"@type":"Person","@id":"https:\/\/transamerica93.com.br\/home\/#\/schema\/person\/7fed7c99c0d4562efa8561bc0f543172","name":"Reda\u00e7\u00e3o","image":{"@type":"ImageObject","inLanguage":"pt-BR","@id":"https:\/\/secure.gravatar.com\/avatar\/1072c6b775fb02ef8506ce967551d95926669a6b7d2c2147b42eea4d7c68395e?s=96&d=mm&r=g","url":"https:\/\/secure.gravatar.com\/avatar\/1072c6b775fb02ef8506ce967551d95926669a6b7d2c2147b42eea4d7c68395e?s=96&d=mm&r=g","contentUrl":"https:\/\/secure.gravatar.com\/avatar\/1072c6b775fb02ef8506ce967551d95926669a6b7d2c2147b42eea4d7c68395e?s=96&d=mm&r=g","caption":"Reda\u00e7\u00e3o"},"sameAs":["https:\/\/transamerica93.com.br\/home"],"url":"https:\/\/transamerica93.com.br\/home\/author\/william\/"}]}},"_links":{"self":[{"href":"https:\/\/transamerica93.com.br\/home\/wp-json\/wp\/v2\/posts\/2008","targetHints":{"allow":["GET"]}}],"collection":[{"href":"https:\/\/transamerica93.com.br\/home\/wp-json\/wp\/v2\/posts"}],"about":[{"href":"https:\/\/transamerica93.com.br\/home\/wp-json\/wp\/v2\/types\/post"}],"author":[{"embeddable":true,"href":"https:\/\/transamerica93.com.br\/home\/wp-json\/wp\/v2\/users\/1"}],"replies":[{"embeddable":true,"href":"https:\/\/transamerica93.com.br\/home\/wp-json\/wp\/v2\/comments?post=2008"}],"version-history":[{"count":1,"href":"https:\/\/transamerica93.com.br\/home\/wp-json\/wp\/v2\/posts\/2008\/revisions"}],"predecessor-version":[{"id":2010,"href":"https:\/\/transamerica93.com.br\/home\/wp-json\/wp\/v2\/posts\/2008\/revisions\/2010"}],"wp:featuredmedia":[{"embeddable":true,"href":"https:\/\/transamerica93.com.br\/home\/wp-json\/wp\/v2\/media\/2009"}],"wp:attachment":[{"href":"https:\/\/transamerica93.com.br\/home\/wp-json\/wp\/v2\/media?parent=2008"}],"wp:term":[{"taxonomy":"category","embeddable":true,"href":"https:\/\/transamerica93.com.br\/home\/wp-json\/wp\/v2\/categories?post=2008"},{"taxonomy":"post_tag","embeddable":true,"href":"https:\/\/transamerica93.com.br\/home\/wp-json\/wp\/v2\/tags?post=2008"}],"curies":[{"name":"wp","href":"https:\/\/api.w.org\/{rel}","templated":true}]}}