{"id":2015,"date":"2023-11-14T09:00:49","date_gmt":"2023-11-14T12:00:49","guid":{"rendered":"https:\/\/transamerica93.com.br\/home\/?p=2015"},"modified":"2023-11-14T07:25:28","modified_gmt":"2023-11-14T10:25:28","slug":"saiba-como-o-calor-excessivo-altera-metabolismo-do-corpo","status":"publish","type":"post","link":"https:\/\/transamerica93.com.br\/home\/saiba-como-o-calor-excessivo-altera-metabolismo-do-corpo\/","title":{"rendered":"Saiba como o calor excessivo altera metabolismo do corpo"},"content":{"rendered":"<div class=\"post-item-wrap\">\n<p>As mudan\u00e7as bruscas de temperatura verificadas nos \u00faltimos dias no pa\u00eds alteram muito o metabolismo do corpo humano. O calor excessivo pode levar \u00e0 desidrata\u00e7\u00e3o e provocar queimaduras solares, se a pessoa estiver sem prote\u00e7\u00e3o, alertou nesta segunda-feira (13) a m\u00e9dica Marcela Benez, coordenadora do Departamento de Cirurgia e Oncologia da Sociedade Brasileira de Dermatologia do Rio de Janeiro (SBD-RJ).<img decoding=\"async\" data-src=\"https:\/\/agenciabrasil.ebc.com.br\/ebc.png?id=1566311&amp;o=node\" src=\"data:image\/svg+xml;base64,PHN2ZyB3aWR0aD0iMSIgaGVpZ2h0PSIxIiB4bWxucz0iaHR0cDovL3d3dy53My5vcmcvMjAwMC9zdmciPjwvc3ZnPg==\" class=\"lazyload\" \/><img decoding=\"async\" data-src=\"https:\/\/agenciabrasil.ebc.com.br\/ebc.gif?id=1566311&amp;o=node\" src=\"data:image\/svg+xml;base64,PHN2ZyB3aWR0aD0iMSIgaGVpZ2h0PSIxIiB4bWxucz0iaHR0cDovL3d3dy53My5vcmcvMjAwMC9zdmciPjwvc3ZnPg==\" class=\"lazyload\" \/><\/p>\n<p>As queimaduras podem ocorrer em quem est\u00e1 exposto diretamente ao sol na face e onde a roupa n\u00e3o cobre. \u201c\u00c9 importante sempre fazer uso de filtro solar antes de sair de casa, usar roupas mais frescas e fazer reposi\u00e7\u00e3o de \u00e1gua e outros meios de hidrata\u00e7\u00e3o ao longo do dia\u201d, disse Marcela, em entrevista \u00e0\u00a0<strong>Ag\u00eancia Brasil<\/strong>.<\/p>\n<p>Sobre o c\u00e2ncer de pele, a m\u00e9dica explicou que ele aparece com o ac\u00famulo de fotoexposi\u00e7\u00e3o ao longo da vida e devido a queimaduras solares. Segundo Marcela, a queimadura feita na inf\u00e2ncia vai gerando altera\u00e7\u00e3o no DNA da c\u00e9lula, e isso vai se acumulando ao longo da vida. &#8220;\u00c9 uma exposi\u00e7\u00e3o mais prolongada. N\u00e3o \u00e9 de imediato, mas v\u00e1rias exposi\u00e7\u00f5es podem ser fator de risco.\u201d Com a exposi\u00e7\u00e3o prolongada ao sol, o c\u00e2ncer de pele pode come\u00e7ar a surgir no adulto jovem e na pessoa idosa. \u201cTem pessoas com 30 e poucos anos e at\u00e9 com 20 e poucos anos com c\u00e2ncer de pele, resultado de grande exposi\u00e7\u00e3o ao sol desde crian\u00e7as. A queimadura solar que faz eritemas e bolhas na pele vai gerando isso no futuro, na idade mais adulta.\u201d<\/p>\n<p>Algumas doen\u00e7as podem ser agravadas pelas temperaturas elevadas, especialmente as fotossensibilizantes, como l\u00fapus e a dermatomiosite, que s\u00e3o autoimunes. \u201cS\u00e3o agravadas diretamente pelo sol e pelo calor\u201d. Tamb\u00e9m a dermatite at\u00f3pica (doen\u00e7a cr\u00f4nica e heredit\u00e1ria que causa inflama\u00e7\u00e3o da pele, levando ao aparecimento de les\u00f5es e coceira) pode ficar um pouco descontrolada.<\/p>\n<p>A dermatologista recomendou que as pessoas, diante dessas temperaturas elevadas, fa\u00e7am a fotoprote\u00e7\u00e3o, que inclui o uso de chap\u00e9us, barracas na praia e piscina, roupas com fator UV de prote\u00e7\u00e3o, al\u00e9m do filtro solar, que deve ser passado na pele ainda em casa, antes da exposi\u00e7\u00e3o ao sol, e reaplicado, em m\u00e9dia, duas ou tr\u00eas horas depois, que \u00e9 o tempo de dura\u00e7\u00e3o na pele. \u201cCom o suor, ou quando a pessoa se molha na piscina ou na praia, o protetor deve ser reaplicado.\u201d<\/p>\n<h2>Botando para fora<\/h2>\n<p>A endocrinologista Ana Cristina Belsito, do Hospital S\u00e3o Vicente de Paulo e membro da Sociedade Brasileira de Endocrinologia e Metabologia, enfatizou que, nos casos de calor excessivo, \u00e9 preciso botar para fora o calor. &#8220;A sudorese aumenta nesse per\u00edodo, a pessoa come\u00e7a a suar mais, e o s\u00f3dio tende a cair. Os n\u00edveis tensionais [n\u00edveis de press\u00e3o arterial] tamb\u00e9m caem com isso\u201d, disse Ana Cristina \u00e0\u00a0<strong>Ag\u00eancia Brasil<\/strong>.<\/p>\n<p>Outra coisa importante \u00e9 a possibilidade de deteriora\u00e7\u00e3o dos alimentos. \u201cMuitas vezes, a conserva\u00e7\u00e3o dos alimentos n\u00e3o \u00e9 t\u00e3o bem-feita nos locais onde se fazem refei\u00e7\u00f5es, e isso aumenta o risco de infec\u00e7\u00f5es intestinais, como diarreia, que fazem com que as pessoas tenham outros problemas de desidrata\u00e7\u00e3o.\u201d<\/p>\n<p>Al\u00e9m disso, Ana Cristina reiterou a necessidade de tomar cuidado com as roupas. \u201cAs vestimentas t\u00eam de ser mais frescas, para eliminar calor, porque nosso organismo fica muito aquecido. E as comidas t\u00eam que ser leves, frescas. Importante a hidrata\u00e7\u00e3o e a prote\u00e7\u00e3o solar tamb\u00e9m, contra a radia\u00e7\u00e3o ultravioleta intensa e queimadura de pele.\u201d<\/p>\n<p>A m\u00e9dica refor\u00e7ou que as pessoas devem se hidratar bem nesse per\u00edodo de calor excessivo e evitar se expor nos hor\u00e1rios de pico, desempenhando suas atividades em hor\u00e1rios de temperatura mais amena. &#8220;Os sinais que a falta de \u00e1gua no organismo pode gerar incluem prostra\u00e7\u00e3o, desidrata\u00e7\u00e3o, dor de cabe\u00e7a [cefaleia], boca seca, desorienta\u00e7\u00e3o. \u201cS\u00e3o sinais que alertam que o organismo n\u00e3o est\u00e1 bem.\u201d<\/p>\n<p>Os hipertensas, que costumam usar diur\u00e9ticos com frequ\u00eancia, devem ficar atentos. O excesso de medica\u00e7\u00e3o, quando a pessoa \u00e9 submetida a uma carga maior de temperatura, faz com que ela perca \u00e1gua. Com essa perda, pode haver um desequil\u00edbrio hidroeletrol\u00edtico e, junto com a sudorese, isso pode fazer com que a press\u00e3o caia muito, mais do que o normal. Ana Cristina alertou que esse quadro pode levar \u00e0 desorienta\u00e7\u00e3o, desidrata\u00e7\u00e3o e prostra\u00e7\u00e3o, al\u00e9m de gerar altera\u00e7\u00f5es renais devido ao menor aporte de \u00e1gua. A desorienta\u00e7\u00e3o \u00e9 o sintoma mais frequente.<\/p>\n<p>Caso a pessoa tenha esses sintomas, a recomenda\u00e7\u00e3o \u00e9 procurar um servi\u00e7o de emerg\u00eancia, pronto atendimento, para fazer os exames necess\u00e1rios como s\u00f3dio, pot\u00e1ssio, ureia, creatinina, hemograma. Se necess\u00e1rio for, deve ainda medir a press\u00e3o. Feitos os exames de urg\u00eancia, o indiv\u00edduo \u00e9 encaminhado ao m\u00e9dico especializado na \u00e1rea do problema que estiver apresentando.<\/p>\n<h2>Doen\u00e7as cardiovasculares<\/h2>\n<p>O coordenador assistencial do Instituto Nacional de Cardiologia (INC), Alexandre Rouge, ressaltou que, quando se fala de aumento da temperatura, \u00e9 preciso entender duas coisas: uma \u00e9 o aquecimento global, que, no longo prazo, pode estar relacionado ao\u00a0<a href=\"https:\/\/agenciabrasil.ebc.com.br\/radioagencia-nacional\/meio-ambiente\/audio\/2021-07\/aquecimento-global-pode-gerar-aumento-de-mortes-por-estresse-termico\" target=\"_blank\" rel=\"noopener\">aumento progressivo das doen\u00e7as cardiovasculares<\/a>. J\u00e1 h\u00e1, inclusive, um estudo da Funda\u00e7\u00e3o Oswaldo Cruz (Fiocruz) mostrando isso, disse Rouge.<\/p>\n<p>Nos meses mais quentes do ano, o aumento da temperatura, somado \u00e0 redu\u00e7\u00e3o da umidade do ar, tamb\u00e9m aumenta os eventos cardiovasculares. \u201cPara tentar compensar o calor, a gente dilata os vasos e, fazendo isso, tem quedas de press\u00e3o e aumento de frequ\u00eancia card\u00edaca, o que favorece o consumo do cora\u00e7\u00e3o. Aumenta-se o consumo do cora\u00e7\u00e3o por oxig\u00eanio, e isso pode levar \u00e0 instabilidade de uma doen\u00e7a que esteja ali quietinha\u201d, destacou.<\/p>\n<p>Rouge lembrou que a pessoa sua mais e, a\u00ed, acaba se desidratando e perdendo os eletr\u00f3litos do sangue (s\u00f3dio, pot\u00e1ssio), tem menos volume de sangue no organismo, o que tamb\u00e9m facilita a queda de press\u00e3o e o aparecimento de eventos cardiovasculares. \u201cO suor e a queda desses sais favorecem o aparecimento de arritmias, principalmente nos idosos. Ent\u00e3o, o aumento da temperatura favorece tanto eventos isqu\u00eamicos do cora\u00e7\u00e3o, que s\u00e3o as anginas e infartos, como eventos de arritmia.\u201d<\/p>\n<p>Hidrata\u00e7\u00e3o o tempo todo \u00e9 o principal cuidado para evitar problemas card\u00edacos nos per\u00edodos de altas temperaturas. Se poss\u00edvel, a pessoa deve andar com uma garrafinha de \u00e1gua, para n\u00e3o se esquecer da hidrata\u00e7\u00e3o e evitar atividades f\u00edsicas nos momentos de maior calor. \u201cN\u00e3o \u00e9 para parar a atividade f\u00edsica, porque isso tamb\u00e9m seria ruim, mas n\u00e3o fazer nos hor\u00e1rios de pico de calor.\u201d Quando estiver em \u00e1reas expostas ao sol, a pessoa deve buscar sempre um local mais fresco, ao longo do dia, se poss\u00edvel, ambientes refrigerados, como dar uma passada em uma galeria ou\u00a0<em>shopping center<\/em>\u00a0onde possa passar algumas horas em ambiente mais refrigerado, fugindo da onda de calor, acrescentou o cardiologista.<\/p>\n<p>De acordo Rouge, do ponto de vista do cora\u00e7\u00e3o, a pessoa precisa estar sempre alerta \u2013 como deve ser durante todo o ano \u2013 para sintomas como dor no peito, desmaios, palpita\u00e7\u00f5es. N\u00e3o h\u00e1, por\u00e9m, nenhuma recomenda\u00e7\u00e3o de exame extra a ser feito. \u201cS\u00f3 estar atento aos sintomas.\u201d E procurar o m\u00e9dico, se os sintomas persistirem, a orienta\u00e7\u00e3o \u00e9 procurar o m\u00e9dico.<\/p>\n<\/div>\n<p class=\"alt-font font-italic my-2 small text-info\">Edi\u00e7\u00e3o: N\u00e1dia Franco<\/p>\n","protected":false},"excerpt":{"rendered":"<p>As mudan\u00e7as bruscas de temperatura verificadas nos \u00faltimos dias no pa\u00eds alteram muito o metabolismo do corpo humano. O calor excessivo pode levar \u00e0 desidrata\u00e7\u00e3o e provocar queimaduras solares, se a pessoa estiver sem prote\u00e7\u00e3o, alertou nesta segunda-feira (13) a m\u00e9dica Marcela Benez, coordenadora do Departamento de Cirurgia e Oncologia da Sociedade Brasileira de Dermatologia &hellip;<\/p>\n","protected":false},"author":1,"featured_media":2016,"comment_status":"closed","ping_status":"closed","sticky":false,"template":"","format":"standard","meta":{"footnotes":""},"categories":[30],"tags":[],"class_list":["post-2015","post","type-post","status-publish","format-standard","has-post-thumbnail","hentry","category-geral"],"yoast_head":"<!-- This site is optimized with the Yoast SEO plugin v27.4 - https:\/\/yoast.com\/product\/yoast-seo-wordpress\/ -->\n<title>Saiba como o calor excessivo altera metabolismo do corpo - Transam\u00e9rica Mococa 93,3<\/title>\n<meta name=\"robots\" content=\"index, follow, max-snippet:-1, max-image-preview:large, max-video-preview:-1\" \/>\n<link rel=\"canonical\" href=\"https:\/\/transamerica93.com.br\/home\/saiba-como-o-calor-excessivo-altera-metabolismo-do-corpo\/\" \/>\n<meta property=\"og:locale\" content=\"pt_BR\" \/>\n<meta property=\"og:type\" content=\"article\" \/>\n<meta property=\"og:title\" content=\"Saiba como o calor excessivo altera metabolismo do corpo - Transam\u00e9rica Mococa 93,3\" \/>\n<meta property=\"og:description\" content=\"As mudan\u00e7as bruscas de temperatura verificadas nos \u00faltimos dias no pa\u00eds alteram muito o metabolismo do corpo humano. O calor excessivo pode levar \u00e0 desidrata\u00e7\u00e3o e provocar queimaduras solares, se a pessoa estiver sem prote\u00e7\u00e3o, alertou nesta segunda-feira (13) a m\u00e9dica Marcela Benez, coordenadora do Departamento de Cirurgia e Oncologia da Sociedade Brasileira de Dermatologia &hellip;\" \/>\n<meta property=\"og:url\" content=\"https:\/\/transamerica93.com.br\/home\/saiba-como-o-calor-excessivo-altera-metabolismo-do-corpo\/\" \/>\n<meta property=\"og:site_name\" content=\"Transam\u00e9rica Mococa 93,3\" \/>\n<meta property=\"article:publisher\" content=\"https:\/\/www.facebook.com\/transamericamococa\" \/>\n<meta property=\"article:published_time\" content=\"2023-11-14T12:00:49+00:00\" \/>\n<meta property=\"og:image\" content=\"https:\/\/transamerica93.com.br\/home\/wp-content\/uploads\/2023\/11\/imagem-6.jpg\" \/>\n\t<meta property=\"og:image:width\" content=\"1170\" \/>\n\t<meta property=\"og:image:height\" content=\"700\" \/>\n\t<meta property=\"og:image:type\" content=\"image\/jpeg\" \/>\n<meta name=\"author\" content=\"Reda\u00e7\u00e3o\" \/>\n<meta name=\"twitter:card\" content=\"summary_large_image\" \/>\n<meta name=\"twitter:creator\" content=\"@transamerica933\" \/>\n<meta name=\"twitter:site\" content=\"@transamerica933\" \/>\n<meta name=\"twitter:label1\" content=\"Escrito por\" \/>\n\t<meta name=\"twitter:data1\" content=\"Reda\u00e7\u00e3o\" \/>\n\t<meta name=\"twitter:label2\" content=\"Est. tempo de leitura\" \/>\n\t<meta name=\"twitter:data2\" content=\"7 minutos\" \/>\n<script type=\"application\/ld+json\" class=\"yoast-schema-graph\">{\"@context\":\"https:\\\/\\\/schema.org\",\"@graph\":[{\"@type\":\"Article\",\"@id\":\"https:\\\/\\\/transamerica93.com.br\\\/home\\\/saiba-como-o-calor-excessivo-altera-metabolismo-do-corpo\\\/#article\",\"isPartOf\":{\"@id\":\"https:\\\/\\\/transamerica93.com.br\\\/home\\\/saiba-como-o-calor-excessivo-altera-metabolismo-do-corpo\\\/\"},\"author\":{\"name\":\"Reda\u00e7\u00e3o\",\"@id\":\"https:\\\/\\\/transamerica93.com.br\\\/home\\\/#\\\/schema\\\/person\\\/7fed7c99c0d4562efa8561bc0f543172\"},\"headline\":\"Saiba como o calor excessivo altera metabolismo do corpo\",\"datePublished\":\"2023-11-14T12:00:49+00:00\",\"mainEntityOfPage\":{\"@id\":\"https:\\\/\\\/transamerica93.com.br\\\/home\\\/saiba-como-o-calor-excessivo-altera-metabolismo-do-corpo\\\/\"},\"wordCount\":1280,\"publisher\":{\"@id\":\"https:\\\/\\\/transamerica93.com.br\\\/home\\\/#organization\"},\"image\":{\"@id\":\"https:\\\/\\\/transamerica93.com.br\\\/home\\\/saiba-como-o-calor-excessivo-altera-metabolismo-do-corpo\\\/#primaryimage\"},\"thumbnailUrl\":\"https:\\\/\\\/transamerica93.com.br\\\/home\\\/wp-content\\\/uploads\\\/2023\\\/11\\\/imagem-6.jpg\",\"articleSection\":[\"Geral\"],\"inLanguage\":\"pt-BR\"},{\"@type\":\"WebPage\",\"@id\":\"https:\\\/\\\/transamerica93.com.br\\\/home\\\/saiba-como-o-calor-excessivo-altera-metabolismo-do-corpo\\\/\",\"url\":\"https:\\\/\\\/transamerica93.com.br\\\/home\\\/saiba-como-o-calor-excessivo-altera-metabolismo-do-corpo\\\/\",\"name\":\"Saiba como o calor excessivo altera metabolismo do corpo - Transam\u00e9rica Mococa 93,3\",\"isPartOf\":{\"@id\":\"https:\\\/\\\/transamerica93.com.br\\\/home\\\/#website\"},\"primaryImageOfPage\":{\"@id\":\"https:\\\/\\\/transamerica93.com.br\\\/home\\\/saiba-como-o-calor-excessivo-altera-metabolismo-do-corpo\\\/#primaryimage\"},\"image\":{\"@id\":\"https:\\\/\\\/transamerica93.com.br\\\/home\\\/saiba-como-o-calor-excessivo-altera-metabolismo-do-corpo\\\/#primaryimage\"},\"thumbnailUrl\":\"https:\\\/\\\/transamerica93.com.br\\\/home\\\/wp-content\\\/uploads\\\/2023\\\/11\\\/imagem-6.jpg\",\"datePublished\":\"2023-11-14T12:00:49+00:00\",\"breadcrumb\":{\"@id\":\"https:\\\/\\\/transamerica93.com.br\\\/home\\\/saiba-como-o-calor-excessivo-altera-metabolismo-do-corpo\\\/#breadcrumb\"},\"inLanguage\":\"pt-BR\",\"potentialAction\":[{\"@type\":\"ReadAction\",\"target\":[\"https:\\\/\\\/transamerica93.com.br\\\/home\\\/saiba-como-o-calor-excessivo-altera-metabolismo-do-corpo\\\/\"]}]},{\"@type\":\"ImageObject\",\"inLanguage\":\"pt-BR\",\"@id\":\"https:\\\/\\\/transamerica93.com.br\\\/home\\\/saiba-como-o-calor-excessivo-altera-metabolismo-do-corpo\\\/#primaryimage\",\"url\":\"https:\\\/\\\/transamerica93.com.br\\\/home\\\/wp-content\\\/uploads\\\/2023\\\/11\\\/imagem-6.jpg\",\"contentUrl\":\"https:\\\/\\\/transamerica93.com.br\\\/home\\\/wp-content\\\/uploads\\\/2023\\\/11\\\/imagem-6.jpg\",\"width\":1170,\"height\":700,\"caption\":\"\u00a9 T\u00e2nia R\u00eago\\\/Ag\u00eancia Brasil\"},{\"@type\":\"BreadcrumbList\",\"@id\":\"https:\\\/\\\/transamerica93.com.br\\\/home\\\/saiba-como-o-calor-excessivo-altera-metabolismo-do-corpo\\\/#breadcrumb\",\"itemListElement\":[{\"@type\":\"ListItem\",\"position\":1,\"name\":\"In\u00edcio\",\"item\":\"https:\\\/\\\/transamerica93.com.br\\\/home\\\/\"},{\"@type\":\"ListItem\",\"position\":2,\"name\":\"Saiba como o calor excessivo altera metabolismo do corpo\"}]},{\"@type\":\"WebSite\",\"@id\":\"https:\\\/\\\/transamerica93.com.br\\\/home\\\/#website\",\"url\":\"https:\\\/\\\/transamerica93.com.br\\\/home\\\/\",\"name\":\"Transam\u00e9rica Mococa 93,3\",\"description\":\"\",\"publisher\":{\"@id\":\"https:\\\/\\\/transamerica93.com.br\\\/home\\\/#organization\"},\"potentialAction\":[{\"@type\":\"SearchAction\",\"target\":{\"@type\":\"EntryPoint\",\"urlTemplate\":\"https:\\\/\\\/transamerica93.com.br\\\/home\\\/?s={search_term_string}\"},\"query-input\":{\"@type\":\"PropertyValueSpecification\",\"valueRequired\":true,\"valueName\":\"search_term_string\"}}],\"inLanguage\":\"pt-BR\"},{\"@type\":\"Organization\",\"@id\":\"https:\\\/\\\/transamerica93.com.br\\\/home\\\/#organization\",\"name\":\"Transam\u00e9rica Mococa 93,3\",\"url\":\"https:\\\/\\\/transamerica93.com.br\\\/home\\\/\",\"logo\":{\"@type\":\"ImageObject\",\"inLanguage\":\"pt-BR\",\"@id\":\"https:\\\/\\\/transamerica93.com.br\\\/home\\\/#\\\/schema\\\/logo\\\/image\\\/\",\"url\":\"https:\\\/\\\/transamerica93.com.br\\\/home\\\/wp-content\\\/uploads\\\/2023\\\/10\\\/logo2.png\",\"contentUrl\":\"https:\\\/\\\/transamerica93.com.br\\\/home\\\/wp-content\\\/uploads\\\/2023\\\/10\\\/logo2.png\",\"width\":800,\"height\":500,\"caption\":\"Transam\u00e9rica Mococa 93,3\"},\"image\":{\"@id\":\"https:\\\/\\\/transamerica93.com.br\\\/home\\\/#\\\/schema\\\/logo\\\/image\\\/\"},\"sameAs\":[\"https:\\\/\\\/www.facebook.com\\\/transamericamococa\",\"https:\\\/\\\/x.com\\\/transamerica933\",\"https:\\\/\\\/www.instagram.com\\\/transamericamococa\"]},{\"@type\":\"Person\",\"@id\":\"https:\\\/\\\/transamerica93.com.br\\\/home\\\/#\\\/schema\\\/person\\\/7fed7c99c0d4562efa8561bc0f543172\",\"name\":\"Reda\u00e7\u00e3o\",\"image\":{\"@type\":\"ImageObject\",\"inLanguage\":\"pt-BR\",\"@id\":\"https:\\\/\\\/secure.gravatar.com\\\/avatar\\\/1072c6b775fb02ef8506ce967551d95926669a6b7d2c2147b42eea4d7c68395e?s=96&d=mm&r=g\",\"url\":\"https:\\\/\\\/secure.gravatar.com\\\/avatar\\\/1072c6b775fb02ef8506ce967551d95926669a6b7d2c2147b42eea4d7c68395e?s=96&d=mm&r=g\",\"contentUrl\":\"https:\\\/\\\/secure.gravatar.com\\\/avatar\\\/1072c6b775fb02ef8506ce967551d95926669a6b7d2c2147b42eea4d7c68395e?s=96&d=mm&r=g\",\"caption\":\"Reda\u00e7\u00e3o\"},\"sameAs\":[\"https:\\\/\\\/transamerica93.com.br\\\/home\"],\"url\":\"https:\\\/\\\/transamerica93.com.br\\\/home\\\/author\\\/william\\\/\"}]}<\/script>\n<!-- \/ Yoast SEO plugin. -->","yoast_head_json":{"title":"Saiba como o calor excessivo altera metabolismo do corpo - Transam\u00e9rica Mococa 93,3","robots":{"index":"index","follow":"follow","max-snippet":"max-snippet:-1","max-image-preview":"max-image-preview:large","max-video-preview":"max-video-preview:-1"},"canonical":"https:\/\/transamerica93.com.br\/home\/saiba-como-o-calor-excessivo-altera-metabolismo-do-corpo\/","og_locale":"pt_BR","og_type":"article","og_title":"Saiba como o calor excessivo altera metabolismo do corpo - Transam\u00e9rica Mococa 93,3","og_description":"As mudan\u00e7as bruscas de temperatura verificadas nos \u00faltimos dias no pa\u00eds alteram muito o metabolismo do corpo humano. O calor excessivo pode levar \u00e0 desidrata\u00e7\u00e3o e provocar queimaduras solares, se a pessoa estiver sem prote\u00e7\u00e3o, alertou nesta segunda-feira (13) a m\u00e9dica Marcela Benez, coordenadora do Departamento de Cirurgia e Oncologia da Sociedade Brasileira de Dermatologia &hellip;","og_url":"https:\/\/transamerica93.com.br\/home\/saiba-como-o-calor-excessivo-altera-metabolismo-do-corpo\/","og_site_name":"Transam\u00e9rica Mococa 93,3","article_publisher":"https:\/\/www.facebook.com\/transamericamococa","article_published_time":"2023-11-14T12:00:49+00:00","og_image":[{"width":1170,"height":700,"url":"https:\/\/transamerica93.com.br\/home\/wp-content\/uploads\/2023\/11\/imagem-6.jpg","type":"image\/jpeg"}],"author":"Reda\u00e7\u00e3o","twitter_card":"summary_large_image","twitter_creator":"@transamerica933","twitter_site":"@transamerica933","twitter_misc":{"Escrito por":"Reda\u00e7\u00e3o","Est. tempo de leitura":"7 minutos"},"schema":{"@context":"https:\/\/schema.org","@graph":[{"@type":"Article","@id":"https:\/\/transamerica93.com.br\/home\/saiba-como-o-calor-excessivo-altera-metabolismo-do-corpo\/#article","isPartOf":{"@id":"https:\/\/transamerica93.com.br\/home\/saiba-como-o-calor-excessivo-altera-metabolismo-do-corpo\/"},"author":{"name":"Reda\u00e7\u00e3o","@id":"https:\/\/transamerica93.com.br\/home\/#\/schema\/person\/7fed7c99c0d4562efa8561bc0f543172"},"headline":"Saiba como o calor excessivo altera metabolismo do corpo","datePublished":"2023-11-14T12:00:49+00:00","mainEntityOfPage":{"@id":"https:\/\/transamerica93.com.br\/home\/saiba-como-o-calor-excessivo-altera-metabolismo-do-corpo\/"},"wordCount":1280,"publisher":{"@id":"https:\/\/transamerica93.com.br\/home\/#organization"},"image":{"@id":"https:\/\/transamerica93.com.br\/home\/saiba-como-o-calor-excessivo-altera-metabolismo-do-corpo\/#primaryimage"},"thumbnailUrl":"https:\/\/transamerica93.com.br\/home\/wp-content\/uploads\/2023\/11\/imagem-6.jpg","articleSection":["Geral"],"inLanguage":"pt-BR"},{"@type":"WebPage","@id":"https:\/\/transamerica93.com.br\/home\/saiba-como-o-calor-excessivo-altera-metabolismo-do-corpo\/","url":"https:\/\/transamerica93.com.br\/home\/saiba-como-o-calor-excessivo-altera-metabolismo-do-corpo\/","name":"Saiba como o calor excessivo altera metabolismo do corpo - Transam\u00e9rica Mococa 93,3","isPartOf":{"@id":"https:\/\/transamerica93.com.br\/home\/#website"},"primaryImageOfPage":{"@id":"https:\/\/transamerica93.com.br\/home\/saiba-como-o-calor-excessivo-altera-metabolismo-do-corpo\/#primaryimage"},"image":{"@id":"https:\/\/transamerica93.com.br\/home\/saiba-como-o-calor-excessivo-altera-metabolismo-do-corpo\/#primaryimage"},"thumbnailUrl":"https:\/\/transamerica93.com.br\/home\/wp-content\/uploads\/2023\/11\/imagem-6.jpg","datePublished":"2023-11-14T12:00:49+00:00","breadcrumb":{"@id":"https:\/\/transamerica93.com.br\/home\/saiba-como-o-calor-excessivo-altera-metabolismo-do-corpo\/#breadcrumb"},"inLanguage":"pt-BR","potentialAction":[{"@type":"ReadAction","target":["https:\/\/transamerica93.com.br\/home\/saiba-como-o-calor-excessivo-altera-metabolismo-do-corpo\/"]}]},{"@type":"ImageObject","inLanguage":"pt-BR","@id":"https:\/\/transamerica93.com.br\/home\/saiba-como-o-calor-excessivo-altera-metabolismo-do-corpo\/#primaryimage","url":"https:\/\/transamerica93.com.br\/home\/wp-content\/uploads\/2023\/11\/imagem-6.jpg","contentUrl":"https:\/\/transamerica93.com.br\/home\/wp-content\/uploads\/2023\/11\/imagem-6.jpg","width":1170,"height":700,"caption":"\u00a9 T\u00e2nia R\u00eago\/Ag\u00eancia Brasil"},{"@type":"BreadcrumbList","@id":"https:\/\/transamerica93.com.br\/home\/saiba-como-o-calor-excessivo-altera-metabolismo-do-corpo\/#breadcrumb","itemListElement":[{"@type":"ListItem","position":1,"name":"In\u00edcio","item":"https:\/\/transamerica93.com.br\/home\/"},{"@type":"ListItem","position":2,"name":"Saiba como o calor excessivo altera metabolismo do corpo"}]},{"@type":"WebSite","@id":"https:\/\/transamerica93.com.br\/home\/#website","url":"https:\/\/transamerica93.com.br\/home\/","name":"Transam\u00e9rica Mococa 93,3","description":"","publisher":{"@id":"https:\/\/transamerica93.com.br\/home\/#organization"},"potentialAction":[{"@type":"SearchAction","target":{"@type":"EntryPoint","urlTemplate":"https:\/\/transamerica93.com.br\/home\/?s={search_term_string}"},"query-input":{"@type":"PropertyValueSpecification","valueRequired":true,"valueName":"search_term_string"}}],"inLanguage":"pt-BR"},{"@type":"Organization","@id":"https:\/\/transamerica93.com.br\/home\/#organization","name":"Transam\u00e9rica Mococa 93,3","url":"https:\/\/transamerica93.com.br\/home\/","logo":{"@type":"ImageObject","inLanguage":"pt-BR","@id":"https:\/\/transamerica93.com.br\/home\/#\/schema\/logo\/image\/","url":"https:\/\/transamerica93.com.br\/home\/wp-content\/uploads\/2023\/10\/logo2.png","contentUrl":"https:\/\/transamerica93.com.br\/home\/wp-content\/uploads\/2023\/10\/logo2.png","width":800,"height":500,"caption":"Transam\u00e9rica Mococa 93,3"},"image":{"@id":"https:\/\/transamerica93.com.br\/home\/#\/schema\/logo\/image\/"},"sameAs":["https:\/\/www.facebook.com\/transamericamococa","https:\/\/x.com\/transamerica933","https:\/\/www.instagram.com\/transamericamococa"]},{"@type":"Person","@id":"https:\/\/transamerica93.com.br\/home\/#\/schema\/person\/7fed7c99c0d4562efa8561bc0f543172","name":"Reda\u00e7\u00e3o","image":{"@type":"ImageObject","inLanguage":"pt-BR","@id":"https:\/\/secure.gravatar.com\/avatar\/1072c6b775fb02ef8506ce967551d95926669a6b7d2c2147b42eea4d7c68395e?s=96&d=mm&r=g","url":"https:\/\/secure.gravatar.com\/avatar\/1072c6b775fb02ef8506ce967551d95926669a6b7d2c2147b42eea4d7c68395e?s=96&d=mm&r=g","contentUrl":"https:\/\/secure.gravatar.com\/avatar\/1072c6b775fb02ef8506ce967551d95926669a6b7d2c2147b42eea4d7c68395e?s=96&d=mm&r=g","caption":"Reda\u00e7\u00e3o"},"sameAs":["https:\/\/transamerica93.com.br\/home"],"url":"https:\/\/transamerica93.com.br\/home\/author\/william\/"}]}},"_links":{"self":[{"href":"https:\/\/transamerica93.com.br\/home\/wp-json\/wp\/v2\/posts\/2015","targetHints":{"allow":["GET"]}}],"collection":[{"href":"https:\/\/transamerica93.com.br\/home\/wp-json\/wp\/v2\/posts"}],"about":[{"href":"https:\/\/transamerica93.com.br\/home\/wp-json\/wp\/v2\/types\/post"}],"author":[{"embeddable":true,"href":"https:\/\/transamerica93.com.br\/home\/wp-json\/wp\/v2\/users\/1"}],"replies":[{"embeddable":true,"href":"https:\/\/transamerica93.com.br\/home\/wp-json\/wp\/v2\/comments?post=2015"}],"version-history":[{"count":1,"href":"https:\/\/transamerica93.com.br\/home\/wp-json\/wp\/v2\/posts\/2015\/revisions"}],"predecessor-version":[{"id":2017,"href":"https:\/\/transamerica93.com.br\/home\/wp-json\/wp\/v2\/posts\/2015\/revisions\/2017"}],"wp:featuredmedia":[{"embeddable":true,"href":"https:\/\/transamerica93.com.br\/home\/wp-json\/wp\/v2\/media\/2016"}],"wp:attachment":[{"href":"https:\/\/transamerica93.com.br\/home\/wp-json\/wp\/v2\/media?parent=2015"}],"wp:term":[{"taxonomy":"category","embeddable":true,"href":"https:\/\/transamerica93.com.br\/home\/wp-json\/wp\/v2\/categories?post=2015"},{"taxonomy":"post_tag","embeddable":true,"href":"https:\/\/transamerica93.com.br\/home\/wp-json\/wp\/v2\/tags?post=2015"}],"curies":[{"name":"wp","href":"https:\/\/api.w.org\/{rel}","templated":true}]}}