{"id":2021,"date":"2023-11-14T11:00:04","date_gmt":"2023-11-14T14:00:04","guid":{"rendered":"https:\/\/transamerica93.com.br\/home\/?p=2021"},"modified":"2023-11-14T07:29:42","modified_gmt":"2023-11-14T10:29:42","slug":"dulce-maria-diz-que-esta-doente-em-meio-a-shows-do-rbd-no-brasil-darei-o-melhor-de-mim","status":"publish","type":"post","link":"https:\/\/transamerica93.com.br\/home\/dulce-maria-diz-que-esta-doente-em-meio-a-shows-do-rbd-no-brasil-darei-o-melhor-de-mim\/","title":{"rendered":"Dulce Maria diz que est\u00e1 doente em meio a shows do RBD no Brasil: &#8216;Darei o melhor de mim&#8217;"},"content":{"rendered":"<p>Por Reda\u00e7\u00e3o E+<\/p>\n<p>Nesta segunda-feira, 13, Dulce Maria usou as redes sociais para agradecer aos f\u00e3s pelos \u00faltimos shows que o RBD realizou na turn\u00ea\u00a0<i>Soy Rebelde<\/i>\u00a0e comunic\u00e1-los de que est\u00e1 doente, mas que dar\u00e1 seu melhor para estar bem para as pr\u00f3ximas apresenta\u00e7\u00f5es do grupo.<\/p>\n<p>&#8220;Meus amigos, como est\u00e3o? S\u00f3 queria dizer \u2018obrigada\u2019 por todo o amor que voc\u00eas tem dado para n\u00f3s desde os Estados Unidos, todas as pessoas que foram nos ver, todo o amor que nos deram na Col\u00f4mbia, que foi lindo e m\u00e1gico&#8221;, disse.<\/p>\n<p>&#8220;E agora no Brasil. No Rio, que aconteceu com muitas emo\u00e7\u00f5es. E agora em S\u00e3o Paulo, que estamos muito, muito felizes. E queria dizer para voc\u00eas que estou muito emocionada, cheia de emo\u00e7\u00f5es, de gratid\u00e3o e de sentimentos encontrados. Ent\u00e3o, no final, est\u00e1 a\u00ed a despedida&#8221;, continuou.<\/p>\n<p>Em seguida, a cantora falou sobre o seu estado de sa\u00fade. &#8220;Mas estou um pouco doente e quero falar para voc\u00eas que vou dar o melhor de mim, mas n\u00e3o sei [como ser\u00e1]&#8221;, afirmou. O v\u00eddeo foi compartilhado por f\u00e3s nas redes sociais.<\/p>\n<p>O RBD j\u00e1 fez dois shows no Est\u00e1dio Nilton Santos, o Engenh\u00e3o, no Rio de Janeiro, e um no Est\u00e1dio do Morumbi, em S\u00e3o Paulo. A apresenta\u00e7\u00e3o foi marcada por nostalgia e pela hist\u00f3ria da banda.<\/p>\n<p>A banda ainda far\u00e1 mais um show no local nesta segunda-feira, 13 Depois, o grupo &#8220;migra&#8221; para o Allianz Parque, tamb\u00e9m na capital paulista, onde far\u00e1 apresenta\u00e7\u00f5es no dias 16, 17, 18 e 19 de novembro.<\/p>\n","protected":false},"excerpt":{"rendered":"<p>Por Reda\u00e7\u00e3o E+ Nesta segunda-feira, 13, Dulce Maria usou as redes sociais para agradecer aos f\u00e3s pelos \u00faltimos shows que o RBD realizou na turn\u00ea\u00a0Soy Rebelde\u00a0e comunic\u00e1-los de que est\u00e1 doente, mas que dar\u00e1 seu melhor para estar bem para as pr\u00f3ximas apresenta\u00e7\u00f5es do grupo. &#8220;Meus amigos, como est\u00e3o? S\u00f3 queria dizer \u2018obrigada\u2019 por todo &hellip;<\/p>\n","protected":false},"author":1,"featured_media":2022,"comment_status":"closed","ping_status":"closed","sticky":false,"template":"","format":"standard","meta":{"footnotes":""},"categories":[25],"tags":[],"class_list":["post-2021","post","type-post","status-publish","format-standard","has-post-thumbnail","hentry","category-musica"],"yoast_head":"<!-- This site is optimized with the Yoast SEO plugin v27.4 - https:\/\/yoast.com\/product\/yoast-seo-wordpress\/ -->\n<title>Dulce Maria diz que est\u00e1 doente em meio a shows do RBD no Brasil: &#039;Darei o melhor de mim&#039; - Transam\u00e9rica Mococa 93,3<\/title>\n<meta name=\"robots\" content=\"index, follow, max-snippet:-1, max-image-preview:large, max-video-preview:-1\" \/>\n<link rel=\"canonical\" href=\"https:\/\/transamerica93.com.br\/home\/dulce-maria-diz-que-esta-doente-em-meio-a-shows-do-rbd-no-brasil-darei-o-melhor-de-mim\/\" \/>\n<meta property=\"og:locale\" content=\"pt_BR\" \/>\n<meta property=\"og:type\" content=\"article\" \/>\n<meta property=\"og:title\" content=\"Dulce Maria diz que est\u00e1 doente em meio a shows do RBD no Brasil: &#039;Darei o melhor de mim&#039; - Transam\u00e9rica Mococa 93,3\" \/>\n<meta property=\"og:description\" content=\"Por Reda\u00e7\u00e3o E+ Nesta segunda-feira, 13, Dulce Maria usou as redes sociais para agradecer aos f\u00e3s pelos \u00faltimos shows que o RBD realizou na turn\u00ea\u00a0Soy Rebelde\u00a0e comunic\u00e1-los de que est\u00e1 doente, mas que dar\u00e1 seu melhor para estar bem para as pr\u00f3ximas apresenta\u00e7\u00f5es do grupo. &#8220;Meus amigos, como est\u00e3o? S\u00f3 queria dizer \u2018obrigada\u2019 por todo &hellip;\" \/>\n<meta property=\"og:url\" content=\"https:\/\/transamerica93.com.br\/home\/dulce-maria-diz-que-esta-doente-em-meio-a-shows-do-rbd-no-brasil-darei-o-melhor-de-mim\/\" \/>\n<meta property=\"og:site_name\" content=\"Transam\u00e9rica Mococa 93,3\" \/>\n<meta property=\"article:publisher\" content=\"https:\/\/www.facebook.com\/transamericamococa\" \/>\n<meta property=\"article:published_time\" content=\"2023-11-14T14:00:04+00:00\" \/>\n<meta property=\"og:image\" content=\"https:\/\/transamerica93.com.br\/home\/wp-content\/uploads\/2023\/11\/imagem-8.jpg\" \/>\n\t<meta property=\"og:image:width\" content=\"763\" \/>\n\t<meta property=\"og:image:height\" content=\"476\" \/>\n\t<meta property=\"og:image:type\" content=\"image\/jpeg\" \/>\n<meta name=\"author\" content=\"Reda\u00e7\u00e3o\" \/>\n<meta name=\"twitter:card\" content=\"summary_large_image\" \/>\n<meta name=\"twitter:creator\" content=\"@transamerica933\" \/>\n<meta name=\"twitter:site\" content=\"@transamerica933\" \/>\n<meta name=\"twitter:label1\" content=\"Escrito por\" \/>\n\t<meta name=\"twitter:data1\" content=\"Reda\u00e7\u00e3o\" \/>\n\t<meta name=\"twitter:label2\" content=\"Est. tempo de leitura\" \/>\n\t<meta name=\"twitter:data2\" content=\"2 minutos\" \/>\n<script type=\"application\/ld+json\" class=\"yoast-schema-graph\">{\"@context\":\"https:\\\/\\\/schema.org\",\"@graph\":[{\"@type\":\"Article\",\"@id\":\"https:\\\/\\\/transamerica93.com.br\\\/home\\\/dulce-maria-diz-que-esta-doente-em-meio-a-shows-do-rbd-no-brasil-darei-o-melhor-de-mim\\\/#article\",\"isPartOf\":{\"@id\":\"https:\\\/\\\/transamerica93.com.br\\\/home\\\/dulce-maria-diz-que-esta-doente-em-meio-a-shows-do-rbd-no-brasil-darei-o-melhor-de-mim\\\/\"},\"author\":{\"name\":\"Reda\u00e7\u00e3o\",\"@id\":\"https:\\\/\\\/transamerica93.com.br\\\/home\\\/#\\\/schema\\\/person\\\/7fed7c99c0d4562efa8561bc0f543172\"},\"headline\":\"Dulce Maria diz que est\u00e1 doente em meio a shows do RBD no Brasil: &#8216;Darei o melhor de mim&#8217;\",\"datePublished\":\"2023-11-14T14:00:04+00:00\",\"mainEntityOfPage\":{\"@id\":\"https:\\\/\\\/transamerica93.com.br\\\/home\\\/dulce-maria-diz-que-esta-doente-em-meio-a-shows-do-rbd-no-brasil-darei-o-melhor-de-mim\\\/\"},\"wordCount\":294,\"publisher\":{\"@id\":\"https:\\\/\\\/transamerica93.com.br\\\/home\\\/#organization\"},\"image\":{\"@id\":\"https:\\\/\\\/transamerica93.com.br\\\/home\\\/dulce-maria-diz-que-esta-doente-em-meio-a-shows-do-rbd-no-brasil-darei-o-melhor-de-mim\\\/#primaryimage\"},\"thumbnailUrl\":\"https:\\\/\\\/transamerica93.com.br\\\/home\\\/wp-content\\\/uploads\\\/2023\\\/11\\\/imagem-8.jpg\",\"articleSection\":[\"M\u00fasica\"],\"inLanguage\":\"pt-BR\"},{\"@type\":\"WebPage\",\"@id\":\"https:\\\/\\\/transamerica93.com.br\\\/home\\\/dulce-maria-diz-que-esta-doente-em-meio-a-shows-do-rbd-no-brasil-darei-o-melhor-de-mim\\\/\",\"url\":\"https:\\\/\\\/transamerica93.com.br\\\/home\\\/dulce-maria-diz-que-esta-doente-em-meio-a-shows-do-rbd-no-brasil-darei-o-melhor-de-mim\\\/\",\"name\":\"Dulce Maria diz que est\u00e1 doente em meio a shows do RBD no Brasil: 'Darei o melhor de mim' - Transam\u00e9rica Mococa 93,3\",\"isPartOf\":{\"@id\":\"https:\\\/\\\/transamerica93.com.br\\\/home\\\/#website\"},\"primaryImageOfPage\":{\"@id\":\"https:\\\/\\\/transamerica93.com.br\\\/home\\\/dulce-maria-diz-que-esta-doente-em-meio-a-shows-do-rbd-no-brasil-darei-o-melhor-de-mim\\\/#primaryimage\"},\"image\":{\"@id\":\"https:\\\/\\\/transamerica93.com.br\\\/home\\\/dulce-maria-diz-que-esta-doente-em-meio-a-shows-do-rbd-no-brasil-darei-o-melhor-de-mim\\\/#primaryimage\"},\"thumbnailUrl\":\"https:\\\/\\\/transamerica93.com.br\\\/home\\\/wp-content\\\/uploads\\\/2023\\\/11\\\/imagem-8.jpg\",\"datePublished\":\"2023-11-14T14:00:04+00:00\",\"breadcrumb\":{\"@id\":\"https:\\\/\\\/transamerica93.com.br\\\/home\\\/dulce-maria-diz-que-esta-doente-em-meio-a-shows-do-rbd-no-brasil-darei-o-melhor-de-mim\\\/#breadcrumb\"},\"inLanguage\":\"pt-BR\",\"potentialAction\":[{\"@type\":\"ReadAction\",\"target\":[\"https:\\\/\\\/transamerica93.com.br\\\/home\\\/dulce-maria-diz-que-esta-doente-em-meio-a-shows-do-rbd-no-brasil-darei-o-melhor-de-mim\\\/\"]}]},{\"@type\":\"ImageObject\",\"inLanguage\":\"pt-BR\",\"@id\":\"https:\\\/\\\/transamerica93.com.br\\\/home\\\/dulce-maria-diz-que-esta-doente-em-meio-a-shows-do-rbd-no-brasil-darei-o-melhor-de-mim\\\/#primaryimage\",\"url\":\"https:\\\/\\\/transamerica93.com.br\\\/home\\\/wp-content\\\/uploads\\\/2023\\\/11\\\/imagem-8.jpg\",\"contentUrl\":\"https:\\\/\\\/transamerica93.com.br\\\/home\\\/wp-content\\\/uploads\\\/2023\\\/11\\\/imagem-8.jpg\",\"width\":763,\"height\":476,\"caption\":\"Foto: Instagram @dulcemaria\"},{\"@type\":\"BreadcrumbList\",\"@id\":\"https:\\\/\\\/transamerica93.com.br\\\/home\\\/dulce-maria-diz-que-esta-doente-em-meio-a-shows-do-rbd-no-brasil-darei-o-melhor-de-mim\\\/#breadcrumb\",\"itemListElement\":[{\"@type\":\"ListItem\",\"position\":1,\"name\":\"In\u00edcio\",\"item\":\"https:\\\/\\\/transamerica93.com.br\\\/home\\\/\"},{\"@type\":\"ListItem\",\"position\":2,\"name\":\"Dulce Maria diz que est\u00e1 doente em meio a shows do RBD no Brasil: &#8216;Darei o melhor de mim&#8217;\"}]},{\"@type\":\"WebSite\",\"@id\":\"https:\\\/\\\/transamerica93.com.br\\\/home\\\/#website\",\"url\":\"https:\\\/\\\/transamerica93.com.br\\\/home\\\/\",\"name\":\"Transam\u00e9rica Mococa 93,3\",\"description\":\"\",\"publisher\":{\"@id\":\"https:\\\/\\\/transamerica93.com.br\\\/home\\\/#organization\"},\"potentialAction\":[{\"@type\":\"SearchAction\",\"target\":{\"@type\":\"EntryPoint\",\"urlTemplate\":\"https:\\\/\\\/transamerica93.com.br\\\/home\\\/?s={search_term_string}\"},\"query-input\":{\"@type\":\"PropertyValueSpecification\",\"valueRequired\":true,\"valueName\":\"search_term_string\"}}],\"inLanguage\":\"pt-BR\"},{\"@type\":\"Organization\",\"@id\":\"https:\\\/\\\/transamerica93.com.br\\\/home\\\/#organization\",\"name\":\"Transam\u00e9rica Mococa 93,3\",\"url\":\"https:\\\/\\\/transamerica93.com.br\\\/home\\\/\",\"logo\":{\"@type\":\"ImageObject\",\"inLanguage\":\"pt-BR\",\"@id\":\"https:\\\/\\\/transamerica93.com.br\\\/home\\\/#\\\/schema\\\/logo\\\/image\\\/\",\"url\":\"https:\\\/\\\/transamerica93.com.br\\\/home\\\/wp-content\\\/uploads\\\/2023\\\/10\\\/logo2.png\",\"contentUrl\":\"https:\\\/\\\/transamerica93.com.br\\\/home\\\/wp-content\\\/uploads\\\/2023\\\/10\\\/logo2.png\",\"width\":800,\"height\":500,\"caption\":\"Transam\u00e9rica Mococa 93,3\"},\"image\":{\"@id\":\"https:\\\/\\\/transamerica93.com.br\\\/home\\\/#\\\/schema\\\/logo\\\/image\\\/\"},\"sameAs\":[\"https:\\\/\\\/www.facebook.com\\\/transamericamococa\",\"https:\\\/\\\/x.com\\\/transamerica933\",\"https:\\\/\\\/www.instagram.com\\\/transamericamococa\"]},{\"@type\":\"Person\",\"@id\":\"https:\\\/\\\/transamerica93.com.br\\\/home\\\/#\\\/schema\\\/person\\\/7fed7c99c0d4562efa8561bc0f543172\",\"name\":\"Reda\u00e7\u00e3o\",\"image\":{\"@type\":\"ImageObject\",\"inLanguage\":\"pt-BR\",\"@id\":\"https:\\\/\\\/secure.gravatar.com\\\/avatar\\\/1072c6b775fb02ef8506ce967551d95926669a6b7d2c2147b42eea4d7c68395e?s=96&d=mm&r=g\",\"url\":\"https:\\\/\\\/secure.gravatar.com\\\/avatar\\\/1072c6b775fb02ef8506ce967551d95926669a6b7d2c2147b42eea4d7c68395e?s=96&d=mm&r=g\",\"contentUrl\":\"https:\\\/\\\/secure.gravatar.com\\\/avatar\\\/1072c6b775fb02ef8506ce967551d95926669a6b7d2c2147b42eea4d7c68395e?s=96&d=mm&r=g\",\"caption\":\"Reda\u00e7\u00e3o\"},\"sameAs\":[\"https:\\\/\\\/transamerica93.com.br\\\/home\"],\"url\":\"https:\\\/\\\/transamerica93.com.br\\\/home\\\/author\\\/william\\\/\"}]}<\/script>\n<!-- \/ Yoast SEO plugin. -->","yoast_head_json":{"title":"Dulce Maria diz que est\u00e1 doente em meio a shows do RBD no Brasil: 'Darei o melhor de mim' - Transam\u00e9rica Mococa 93,3","robots":{"index":"index","follow":"follow","max-snippet":"max-snippet:-1","max-image-preview":"max-image-preview:large","max-video-preview":"max-video-preview:-1"},"canonical":"https:\/\/transamerica93.com.br\/home\/dulce-maria-diz-que-esta-doente-em-meio-a-shows-do-rbd-no-brasil-darei-o-melhor-de-mim\/","og_locale":"pt_BR","og_type":"article","og_title":"Dulce Maria diz que est\u00e1 doente em meio a shows do RBD no Brasil: 'Darei o melhor de mim' - Transam\u00e9rica Mococa 93,3","og_description":"Por Reda\u00e7\u00e3o E+ Nesta segunda-feira, 13, Dulce Maria usou as redes sociais para agradecer aos f\u00e3s pelos \u00faltimos shows que o RBD realizou na turn\u00ea\u00a0Soy Rebelde\u00a0e comunic\u00e1-los de que est\u00e1 doente, mas que dar\u00e1 seu melhor para estar bem para as pr\u00f3ximas apresenta\u00e7\u00f5es do grupo. &#8220;Meus amigos, como est\u00e3o? S\u00f3 queria dizer \u2018obrigada\u2019 por todo &hellip;","og_url":"https:\/\/transamerica93.com.br\/home\/dulce-maria-diz-que-esta-doente-em-meio-a-shows-do-rbd-no-brasil-darei-o-melhor-de-mim\/","og_site_name":"Transam\u00e9rica Mococa 93,3","article_publisher":"https:\/\/www.facebook.com\/transamericamococa","article_published_time":"2023-11-14T14:00:04+00:00","og_image":[{"width":763,"height":476,"url":"https:\/\/transamerica93.com.br\/home\/wp-content\/uploads\/2023\/11\/imagem-8.jpg","type":"image\/jpeg"}],"author":"Reda\u00e7\u00e3o","twitter_card":"summary_large_image","twitter_creator":"@transamerica933","twitter_site":"@transamerica933","twitter_misc":{"Escrito por":"Reda\u00e7\u00e3o","Est. tempo de leitura":"2 minutos"},"schema":{"@context":"https:\/\/schema.org","@graph":[{"@type":"Article","@id":"https:\/\/transamerica93.com.br\/home\/dulce-maria-diz-que-esta-doente-em-meio-a-shows-do-rbd-no-brasil-darei-o-melhor-de-mim\/#article","isPartOf":{"@id":"https:\/\/transamerica93.com.br\/home\/dulce-maria-diz-que-esta-doente-em-meio-a-shows-do-rbd-no-brasil-darei-o-melhor-de-mim\/"},"author":{"name":"Reda\u00e7\u00e3o","@id":"https:\/\/transamerica93.com.br\/home\/#\/schema\/person\/7fed7c99c0d4562efa8561bc0f543172"},"headline":"Dulce Maria diz que est\u00e1 doente em meio a shows do RBD no Brasil: &#8216;Darei o melhor de mim&#8217;","datePublished":"2023-11-14T14:00:04+00:00","mainEntityOfPage":{"@id":"https:\/\/transamerica93.com.br\/home\/dulce-maria-diz-que-esta-doente-em-meio-a-shows-do-rbd-no-brasil-darei-o-melhor-de-mim\/"},"wordCount":294,"publisher":{"@id":"https:\/\/transamerica93.com.br\/home\/#organization"},"image":{"@id":"https:\/\/transamerica93.com.br\/home\/dulce-maria-diz-que-esta-doente-em-meio-a-shows-do-rbd-no-brasil-darei-o-melhor-de-mim\/#primaryimage"},"thumbnailUrl":"https:\/\/transamerica93.com.br\/home\/wp-content\/uploads\/2023\/11\/imagem-8.jpg","articleSection":["M\u00fasica"],"inLanguage":"pt-BR"},{"@type":"WebPage","@id":"https:\/\/transamerica93.com.br\/home\/dulce-maria-diz-que-esta-doente-em-meio-a-shows-do-rbd-no-brasil-darei-o-melhor-de-mim\/","url":"https:\/\/transamerica93.com.br\/home\/dulce-maria-diz-que-esta-doente-em-meio-a-shows-do-rbd-no-brasil-darei-o-melhor-de-mim\/","name":"Dulce Maria diz que est\u00e1 doente em meio a shows do RBD no Brasil: 'Darei o melhor de mim' - Transam\u00e9rica Mococa 93,3","isPartOf":{"@id":"https:\/\/transamerica93.com.br\/home\/#website"},"primaryImageOfPage":{"@id":"https:\/\/transamerica93.com.br\/home\/dulce-maria-diz-que-esta-doente-em-meio-a-shows-do-rbd-no-brasil-darei-o-melhor-de-mim\/#primaryimage"},"image":{"@id":"https:\/\/transamerica93.com.br\/home\/dulce-maria-diz-que-esta-doente-em-meio-a-shows-do-rbd-no-brasil-darei-o-melhor-de-mim\/#primaryimage"},"thumbnailUrl":"https:\/\/transamerica93.com.br\/home\/wp-content\/uploads\/2023\/11\/imagem-8.jpg","datePublished":"2023-11-14T14:00:04+00:00","breadcrumb":{"@id":"https:\/\/transamerica93.com.br\/home\/dulce-maria-diz-que-esta-doente-em-meio-a-shows-do-rbd-no-brasil-darei-o-melhor-de-mim\/#breadcrumb"},"inLanguage":"pt-BR","potentialAction":[{"@type":"ReadAction","target":["https:\/\/transamerica93.com.br\/home\/dulce-maria-diz-que-esta-doente-em-meio-a-shows-do-rbd-no-brasil-darei-o-melhor-de-mim\/"]}]},{"@type":"ImageObject","inLanguage":"pt-BR","@id":"https:\/\/transamerica93.com.br\/home\/dulce-maria-diz-que-esta-doente-em-meio-a-shows-do-rbd-no-brasil-darei-o-melhor-de-mim\/#primaryimage","url":"https:\/\/transamerica93.com.br\/home\/wp-content\/uploads\/2023\/11\/imagem-8.jpg","contentUrl":"https:\/\/transamerica93.com.br\/home\/wp-content\/uploads\/2023\/11\/imagem-8.jpg","width":763,"height":476,"caption":"Foto: Instagram @dulcemaria"},{"@type":"BreadcrumbList","@id":"https:\/\/transamerica93.com.br\/home\/dulce-maria-diz-que-esta-doente-em-meio-a-shows-do-rbd-no-brasil-darei-o-melhor-de-mim\/#breadcrumb","itemListElement":[{"@type":"ListItem","position":1,"name":"In\u00edcio","item":"https:\/\/transamerica93.com.br\/home\/"},{"@type":"ListItem","position":2,"name":"Dulce Maria diz que est\u00e1 doente em meio a shows do RBD no Brasil: &#8216;Darei o melhor de mim&#8217;"}]},{"@type":"WebSite","@id":"https:\/\/transamerica93.com.br\/home\/#website","url":"https:\/\/transamerica93.com.br\/home\/","name":"Transam\u00e9rica Mococa 93,3","description":"","publisher":{"@id":"https:\/\/transamerica93.com.br\/home\/#organization"},"potentialAction":[{"@type":"SearchAction","target":{"@type":"EntryPoint","urlTemplate":"https:\/\/transamerica93.com.br\/home\/?s={search_term_string}"},"query-input":{"@type":"PropertyValueSpecification","valueRequired":true,"valueName":"search_term_string"}}],"inLanguage":"pt-BR"},{"@type":"Organization","@id":"https:\/\/transamerica93.com.br\/home\/#organization","name":"Transam\u00e9rica Mococa 93,3","url":"https:\/\/transamerica93.com.br\/home\/","logo":{"@type":"ImageObject","inLanguage":"pt-BR","@id":"https:\/\/transamerica93.com.br\/home\/#\/schema\/logo\/image\/","url":"https:\/\/transamerica93.com.br\/home\/wp-content\/uploads\/2023\/10\/logo2.png","contentUrl":"https:\/\/transamerica93.com.br\/home\/wp-content\/uploads\/2023\/10\/logo2.png","width":800,"height":500,"caption":"Transam\u00e9rica Mococa 93,3"},"image":{"@id":"https:\/\/transamerica93.com.br\/home\/#\/schema\/logo\/image\/"},"sameAs":["https:\/\/www.facebook.com\/transamericamococa","https:\/\/x.com\/transamerica933","https:\/\/www.instagram.com\/transamericamococa"]},{"@type":"Person","@id":"https:\/\/transamerica93.com.br\/home\/#\/schema\/person\/7fed7c99c0d4562efa8561bc0f543172","name":"Reda\u00e7\u00e3o","image":{"@type":"ImageObject","inLanguage":"pt-BR","@id":"https:\/\/secure.gravatar.com\/avatar\/1072c6b775fb02ef8506ce967551d95926669a6b7d2c2147b42eea4d7c68395e?s=96&d=mm&r=g","url":"https:\/\/secure.gravatar.com\/avatar\/1072c6b775fb02ef8506ce967551d95926669a6b7d2c2147b42eea4d7c68395e?s=96&d=mm&r=g","contentUrl":"https:\/\/secure.gravatar.com\/avatar\/1072c6b775fb02ef8506ce967551d95926669a6b7d2c2147b42eea4d7c68395e?s=96&d=mm&r=g","caption":"Reda\u00e7\u00e3o"},"sameAs":["https:\/\/transamerica93.com.br\/home"],"url":"https:\/\/transamerica93.com.br\/home\/author\/william\/"}]}},"_links":{"self":[{"href":"https:\/\/transamerica93.com.br\/home\/wp-json\/wp\/v2\/posts\/2021","targetHints":{"allow":["GET"]}}],"collection":[{"href":"https:\/\/transamerica93.com.br\/home\/wp-json\/wp\/v2\/posts"}],"about":[{"href":"https:\/\/transamerica93.com.br\/home\/wp-json\/wp\/v2\/types\/post"}],"author":[{"embeddable":true,"href":"https:\/\/transamerica93.com.br\/home\/wp-json\/wp\/v2\/users\/1"}],"replies":[{"embeddable":true,"href":"https:\/\/transamerica93.com.br\/home\/wp-json\/wp\/v2\/comments?post=2021"}],"version-history":[{"count":1,"href":"https:\/\/transamerica93.com.br\/home\/wp-json\/wp\/v2\/posts\/2021\/revisions"}],"predecessor-version":[{"id":2023,"href":"https:\/\/transamerica93.com.br\/home\/wp-json\/wp\/v2\/posts\/2021\/revisions\/2023"}],"wp:featuredmedia":[{"embeddable":true,"href":"https:\/\/transamerica93.com.br\/home\/wp-json\/wp\/v2\/media\/2022"}],"wp:attachment":[{"href":"https:\/\/transamerica93.com.br\/home\/wp-json\/wp\/v2\/media?parent=2021"}],"wp:term":[{"taxonomy":"category","embeddable":true,"href":"https:\/\/transamerica93.com.br\/home\/wp-json\/wp\/v2\/categories?post=2021"},{"taxonomy":"post_tag","embeddable":true,"href":"https:\/\/transamerica93.com.br\/home\/wp-json\/wp\/v2\/tags?post=2021"}],"curies":[{"name":"wp","href":"https:\/\/api.w.org\/{rel}","templated":true}]}}