{"id":2024,"date":"2023-11-14T12:00:12","date_gmt":"2023-11-14T15:00:12","guid":{"rendered":"https:\/\/transamerica93.com.br\/home\/?p=2024"},"modified":"2023-11-14T07:31:49","modified_gmt":"2023-11-14T10:31:49","slug":"mariana-rios-anuncia-mudanca-apos-ter-casa-invadida-em-sao-paulo","status":"publish","type":"post","link":"https:\/\/transamerica93.com.br\/home\/mariana-rios-anuncia-mudanca-apos-ter-casa-invadida-em-sao-paulo\/","title":{"rendered":"Mariana Rios anuncia mudan\u00e7a ap\u00f3s ter casa invadida em S\u00e3o Paulo"},"content":{"rendered":"<h6 class=\"Assina\">Por Sabrina Legramandi, especial para o Estad\u00e3o<\/h6>\n<p>A atriz Mariana Rios anunciou que pretende se mudar de resid\u00eancia ap\u00f3s ter a casa invadida em S\u00e3o Paulo. No final do m\u00eas passado, a artista descreveu que criminosos haviam roubado itens de luxo, incluindo bolsas, joias e dinheiro, do local. Segundo a pr\u00f3pria apresentadora, a casa estava vazia no momento do crime.<\/p>\n<p>&#8220;Ao fechar um ciclo, imediatamente come\u00e7amos um outro&#8221;, escreveu em uma postagem feita no Instagram neste domingo, 12, em que apareceu com caixas. Na sequ\u00eancia, ela refletiu sobre apego e mudan\u00e7as. &#8220;\u00c0s vezes ficamos t\u00e3o apegados \u00e0s nuvens que se formam no c\u00e9u que esquecemos de abrir a janela do avi\u00e3o depois da decolagem&#8221;, disse. &#8220;L\u00e1 no alto \u00e9 que observamos o lindo tapete de algod\u00e3o visto de cima, o c\u00e9u mais azul do que nunca, o sol irradiando sua beleza. Assim tamb\u00e9m \u00e9 a vida.&#8221;<\/p>\n<p>A atriz tamb\u00e9m comentou sobre &#8220;transformar um problema em um c\u00e9u cheio de nuvens, n\u00e3o enxergando o que est\u00e1 por vir&#8221;. &#8220;Melhor do que ter medo, \u00e9 confiar na beleza do desconhecido&#8221;, finalizou.<\/p>\n<p><b>Entenda o caso<\/b><\/p>\n<p>Mariana contou que teve a casa invadida e pertences roubados no final do m\u00eas passado. Em publica\u00e7\u00f5es feitas nos stories do Instagram, a artista compartilhou imagens de itens que teriam sido levados no furto. Ela fez um apelo para que pessoas que trabalham em sites que vendam artigos de luxo ajudem com informa\u00e7\u00f5es caso tenham acesso \u00e0s pe\u00e7as.<\/p>\n<p>Mariana comentou que teve pertences &#8220;espec\u00edficos e exclusivos&#8221; roubados de grifes como Chanel, Louis Vuitton, Fendi e Prada. Uma das bolsas mais caras publicadas pela artista faz parte de uma linha cl\u00e1ssica da Chanel e pode valer R$ 40 mil.<\/p>\n<p>&#8220;Muito ruim ver imagens de pessoas invadindo sua casa, roubando o que voc\u00ea comprou e conquistou com seu trabalho, mas agrade\u00e7o a Deus por n\u00e3o estar l\u00e1 e ter sido poupada de um trauma maior&#8221;, escreveu ela \u00e0 \u00e9poca em que contou sobre o ocorrido.<\/p>\n","protected":false},"excerpt":{"rendered":"<p>Por Sabrina Legramandi, especial para o Estad\u00e3o A atriz Mariana Rios anunciou que pretende se mudar de resid\u00eancia ap\u00f3s ter a casa invadida em S\u00e3o Paulo. No final do m\u00eas passado, a artista descreveu que criminosos haviam roubado itens de luxo, incluindo bolsas, joias e dinheiro, do local. Segundo a pr\u00f3pria apresentadora, a casa estava &hellip;<\/p>\n","protected":false},"author":1,"featured_media":1953,"comment_status":"closed","ping_status":"closed","sticky":false,"template":"","format":"standard","meta":{"footnotes":""},"categories":[24],"tags":[],"class_list":["post-2024","post","type-post","status-publish","format-standard","has-post-thumbnail","hentry","category-entretenimento"],"yoast_head":"<!-- This site is optimized with the Yoast SEO plugin v27.4 - https:\/\/yoast.com\/product\/yoast-seo-wordpress\/ -->\n<title>Mariana Rios anuncia mudan\u00e7a ap\u00f3s ter casa invadida em S\u00e3o Paulo - Transam\u00e9rica Mococa 93,3<\/title>\n<meta name=\"robots\" content=\"index, follow, max-snippet:-1, max-image-preview:large, max-video-preview:-1\" \/>\n<link rel=\"canonical\" href=\"https:\/\/transamerica93.com.br\/home\/mariana-rios-anuncia-mudanca-apos-ter-casa-invadida-em-sao-paulo\/\" \/>\n<meta property=\"og:locale\" content=\"pt_BR\" \/>\n<meta property=\"og:type\" content=\"article\" \/>\n<meta property=\"og:title\" content=\"Mariana Rios anuncia mudan\u00e7a ap\u00f3s ter casa invadida em S\u00e3o Paulo - Transam\u00e9rica Mococa 93,3\" \/>\n<meta property=\"og:description\" content=\"Por Sabrina Legramandi, especial para o Estad\u00e3o A atriz Mariana Rios anunciou que pretende se mudar de resid\u00eancia ap\u00f3s ter a casa invadida em S\u00e3o Paulo. No final do m\u00eas passado, a artista descreveu que criminosos haviam roubado itens de luxo, incluindo bolsas, joias e dinheiro, do local. Segundo a pr\u00f3pria apresentadora, a casa estava &hellip;\" \/>\n<meta property=\"og:url\" content=\"https:\/\/transamerica93.com.br\/home\/mariana-rios-anuncia-mudanca-apos-ter-casa-invadida-em-sao-paulo\/\" \/>\n<meta property=\"og:site_name\" content=\"Transam\u00e9rica Mococa 93,3\" \/>\n<meta property=\"article:publisher\" content=\"https:\/\/www.facebook.com\/transamericamococa\" \/>\n<meta property=\"article:published_time\" content=\"2023-11-14T15:00:12+00:00\" \/>\n<meta property=\"og:image\" content=\"https:\/\/transamerica93.com.br\/home\/wp-content\/uploads\/2023\/10\/marianarios.jpg\" \/>\n\t<meta property=\"og:image:width\" content=\"767\" \/>\n\t<meta property=\"og:image:height\" content=\"432\" \/>\n\t<meta property=\"og:image:type\" content=\"image\/jpeg\" \/>\n<meta name=\"author\" content=\"Reda\u00e7\u00e3o\" \/>\n<meta name=\"twitter:card\" content=\"summary_large_image\" \/>\n<meta name=\"twitter:creator\" content=\"@transamerica933\" \/>\n<meta name=\"twitter:site\" content=\"@transamerica933\" \/>\n<meta name=\"twitter:label1\" content=\"Escrito por\" \/>\n\t<meta name=\"twitter:data1\" content=\"Reda\u00e7\u00e3o\" \/>\n\t<meta name=\"twitter:label2\" content=\"Est. tempo de leitura\" \/>\n\t<meta name=\"twitter:data2\" content=\"2 minutos\" \/>\n<script type=\"application\/ld+json\" class=\"yoast-schema-graph\">{\"@context\":\"https:\\\/\\\/schema.org\",\"@graph\":[{\"@type\":\"Article\",\"@id\":\"https:\\\/\\\/transamerica93.com.br\\\/home\\\/mariana-rios-anuncia-mudanca-apos-ter-casa-invadida-em-sao-paulo\\\/#article\",\"isPartOf\":{\"@id\":\"https:\\\/\\\/transamerica93.com.br\\\/home\\\/mariana-rios-anuncia-mudanca-apos-ter-casa-invadida-em-sao-paulo\\\/\"},\"author\":{\"name\":\"Reda\u00e7\u00e3o\",\"@id\":\"https:\\\/\\\/transamerica93.com.br\\\/home\\\/#\\\/schema\\\/person\\\/7fed7c99c0d4562efa8561bc0f543172\"},\"headline\":\"Mariana Rios anuncia mudan\u00e7a ap\u00f3s ter casa invadida em S\u00e3o Paulo\",\"datePublished\":\"2023-11-14T15:00:12+00:00\",\"mainEntityOfPage\":{\"@id\":\"https:\\\/\\\/transamerica93.com.br\\\/home\\\/mariana-rios-anuncia-mudanca-apos-ter-casa-invadida-em-sao-paulo\\\/\"},\"wordCount\":359,\"publisher\":{\"@id\":\"https:\\\/\\\/transamerica93.com.br\\\/home\\\/#organization\"},\"image\":{\"@id\":\"https:\\\/\\\/transamerica93.com.br\\\/home\\\/mariana-rios-anuncia-mudanca-apos-ter-casa-invadida-em-sao-paulo\\\/#primaryimage\"},\"thumbnailUrl\":\"https:\\\/\\\/transamerica93.com.br\\\/home\\\/wp-content\\\/uploads\\\/2023\\\/10\\\/marianarios.jpg\",\"articleSection\":[\"Entretenimento\"],\"inLanguage\":\"pt-BR\"},{\"@type\":\"WebPage\",\"@id\":\"https:\\\/\\\/transamerica93.com.br\\\/home\\\/mariana-rios-anuncia-mudanca-apos-ter-casa-invadida-em-sao-paulo\\\/\",\"url\":\"https:\\\/\\\/transamerica93.com.br\\\/home\\\/mariana-rios-anuncia-mudanca-apos-ter-casa-invadida-em-sao-paulo\\\/\",\"name\":\"Mariana Rios anuncia mudan\u00e7a ap\u00f3s ter casa invadida em S\u00e3o Paulo - Transam\u00e9rica Mococa 93,3\",\"isPartOf\":{\"@id\":\"https:\\\/\\\/transamerica93.com.br\\\/home\\\/#website\"},\"primaryImageOfPage\":{\"@id\":\"https:\\\/\\\/transamerica93.com.br\\\/home\\\/mariana-rios-anuncia-mudanca-apos-ter-casa-invadida-em-sao-paulo\\\/#primaryimage\"},\"image\":{\"@id\":\"https:\\\/\\\/transamerica93.com.br\\\/home\\\/mariana-rios-anuncia-mudanca-apos-ter-casa-invadida-em-sao-paulo\\\/#primaryimage\"},\"thumbnailUrl\":\"https:\\\/\\\/transamerica93.com.br\\\/home\\\/wp-content\\\/uploads\\\/2023\\\/10\\\/marianarios.jpg\",\"datePublished\":\"2023-11-14T15:00:12+00:00\",\"breadcrumb\":{\"@id\":\"https:\\\/\\\/transamerica93.com.br\\\/home\\\/mariana-rios-anuncia-mudanca-apos-ter-casa-invadida-em-sao-paulo\\\/#breadcrumb\"},\"inLanguage\":\"pt-BR\",\"potentialAction\":[{\"@type\":\"ReadAction\",\"target\":[\"https:\\\/\\\/transamerica93.com.br\\\/home\\\/mariana-rios-anuncia-mudanca-apos-ter-casa-invadida-em-sao-paulo\\\/\"]}]},{\"@type\":\"ImageObject\",\"inLanguage\":\"pt-BR\",\"@id\":\"https:\\\/\\\/transamerica93.com.br\\\/home\\\/mariana-rios-anuncia-mudanca-apos-ter-casa-invadida-em-sao-paulo\\\/#primaryimage\",\"url\":\"https:\\\/\\\/transamerica93.com.br\\\/home\\\/wp-content\\\/uploads\\\/2023\\\/10\\\/marianarios.jpg\",\"contentUrl\":\"https:\\\/\\\/transamerica93.com.br\\\/home\\\/wp-content\\\/uploads\\\/2023\\\/10\\\/marianarios.jpg\",\"width\":767,\"height\":432,\"caption\":\"Foto: Instagram @marianarios\"},{\"@type\":\"BreadcrumbList\",\"@id\":\"https:\\\/\\\/transamerica93.com.br\\\/home\\\/mariana-rios-anuncia-mudanca-apos-ter-casa-invadida-em-sao-paulo\\\/#breadcrumb\",\"itemListElement\":[{\"@type\":\"ListItem\",\"position\":1,\"name\":\"In\u00edcio\",\"item\":\"https:\\\/\\\/transamerica93.com.br\\\/home\\\/\"},{\"@type\":\"ListItem\",\"position\":2,\"name\":\"Mariana Rios anuncia mudan\u00e7a ap\u00f3s ter casa invadida em S\u00e3o Paulo\"}]},{\"@type\":\"WebSite\",\"@id\":\"https:\\\/\\\/transamerica93.com.br\\\/home\\\/#website\",\"url\":\"https:\\\/\\\/transamerica93.com.br\\\/home\\\/\",\"name\":\"Transam\u00e9rica Mococa 93,3\",\"description\":\"\",\"publisher\":{\"@id\":\"https:\\\/\\\/transamerica93.com.br\\\/home\\\/#organization\"},\"potentialAction\":[{\"@type\":\"SearchAction\",\"target\":{\"@type\":\"EntryPoint\",\"urlTemplate\":\"https:\\\/\\\/transamerica93.com.br\\\/home\\\/?s={search_term_string}\"},\"query-input\":{\"@type\":\"PropertyValueSpecification\",\"valueRequired\":true,\"valueName\":\"search_term_string\"}}],\"inLanguage\":\"pt-BR\"},{\"@type\":\"Organization\",\"@id\":\"https:\\\/\\\/transamerica93.com.br\\\/home\\\/#organization\",\"name\":\"Transam\u00e9rica Mococa 93,3\",\"url\":\"https:\\\/\\\/transamerica93.com.br\\\/home\\\/\",\"logo\":{\"@type\":\"ImageObject\",\"inLanguage\":\"pt-BR\",\"@id\":\"https:\\\/\\\/transamerica93.com.br\\\/home\\\/#\\\/schema\\\/logo\\\/image\\\/\",\"url\":\"https:\\\/\\\/transamerica93.com.br\\\/home\\\/wp-content\\\/uploads\\\/2023\\\/10\\\/logo2.png\",\"contentUrl\":\"https:\\\/\\\/transamerica93.com.br\\\/home\\\/wp-content\\\/uploads\\\/2023\\\/10\\\/logo2.png\",\"width\":800,\"height\":500,\"caption\":\"Transam\u00e9rica Mococa 93,3\"},\"image\":{\"@id\":\"https:\\\/\\\/transamerica93.com.br\\\/home\\\/#\\\/schema\\\/logo\\\/image\\\/\"},\"sameAs\":[\"https:\\\/\\\/www.facebook.com\\\/transamericamococa\",\"https:\\\/\\\/x.com\\\/transamerica933\",\"https:\\\/\\\/www.instagram.com\\\/transamericamococa\"]},{\"@type\":\"Person\",\"@id\":\"https:\\\/\\\/transamerica93.com.br\\\/home\\\/#\\\/schema\\\/person\\\/7fed7c99c0d4562efa8561bc0f543172\",\"name\":\"Reda\u00e7\u00e3o\",\"image\":{\"@type\":\"ImageObject\",\"inLanguage\":\"pt-BR\",\"@id\":\"https:\\\/\\\/secure.gravatar.com\\\/avatar\\\/1072c6b775fb02ef8506ce967551d95926669a6b7d2c2147b42eea4d7c68395e?s=96&d=mm&r=g\",\"url\":\"https:\\\/\\\/secure.gravatar.com\\\/avatar\\\/1072c6b775fb02ef8506ce967551d95926669a6b7d2c2147b42eea4d7c68395e?s=96&d=mm&r=g\",\"contentUrl\":\"https:\\\/\\\/secure.gravatar.com\\\/avatar\\\/1072c6b775fb02ef8506ce967551d95926669a6b7d2c2147b42eea4d7c68395e?s=96&d=mm&r=g\",\"caption\":\"Reda\u00e7\u00e3o\"},\"sameAs\":[\"https:\\\/\\\/transamerica93.com.br\\\/home\"],\"url\":\"https:\\\/\\\/transamerica93.com.br\\\/home\\\/author\\\/william\\\/\"}]}<\/script>\n<!-- \/ Yoast SEO plugin. -->","yoast_head_json":{"title":"Mariana Rios anuncia mudan\u00e7a ap\u00f3s ter casa invadida em S\u00e3o Paulo - Transam\u00e9rica Mococa 93,3","robots":{"index":"index","follow":"follow","max-snippet":"max-snippet:-1","max-image-preview":"max-image-preview:large","max-video-preview":"max-video-preview:-1"},"canonical":"https:\/\/transamerica93.com.br\/home\/mariana-rios-anuncia-mudanca-apos-ter-casa-invadida-em-sao-paulo\/","og_locale":"pt_BR","og_type":"article","og_title":"Mariana Rios anuncia mudan\u00e7a ap\u00f3s ter casa invadida em S\u00e3o Paulo - Transam\u00e9rica Mococa 93,3","og_description":"Por Sabrina Legramandi, especial para o Estad\u00e3o A atriz Mariana Rios anunciou que pretende se mudar de resid\u00eancia ap\u00f3s ter a casa invadida em S\u00e3o Paulo. No final do m\u00eas passado, a artista descreveu que criminosos haviam roubado itens de luxo, incluindo bolsas, joias e dinheiro, do local. Segundo a pr\u00f3pria apresentadora, a casa estava &hellip;","og_url":"https:\/\/transamerica93.com.br\/home\/mariana-rios-anuncia-mudanca-apos-ter-casa-invadida-em-sao-paulo\/","og_site_name":"Transam\u00e9rica Mococa 93,3","article_publisher":"https:\/\/www.facebook.com\/transamericamococa","article_published_time":"2023-11-14T15:00:12+00:00","og_image":[{"width":767,"height":432,"url":"https:\/\/transamerica93.com.br\/home\/wp-content\/uploads\/2023\/10\/marianarios.jpg","type":"image\/jpeg"}],"author":"Reda\u00e7\u00e3o","twitter_card":"summary_large_image","twitter_creator":"@transamerica933","twitter_site":"@transamerica933","twitter_misc":{"Escrito por":"Reda\u00e7\u00e3o","Est. tempo de leitura":"2 minutos"},"schema":{"@context":"https:\/\/schema.org","@graph":[{"@type":"Article","@id":"https:\/\/transamerica93.com.br\/home\/mariana-rios-anuncia-mudanca-apos-ter-casa-invadida-em-sao-paulo\/#article","isPartOf":{"@id":"https:\/\/transamerica93.com.br\/home\/mariana-rios-anuncia-mudanca-apos-ter-casa-invadida-em-sao-paulo\/"},"author":{"name":"Reda\u00e7\u00e3o","@id":"https:\/\/transamerica93.com.br\/home\/#\/schema\/person\/7fed7c99c0d4562efa8561bc0f543172"},"headline":"Mariana Rios anuncia mudan\u00e7a ap\u00f3s ter casa invadida em S\u00e3o Paulo","datePublished":"2023-11-14T15:00:12+00:00","mainEntityOfPage":{"@id":"https:\/\/transamerica93.com.br\/home\/mariana-rios-anuncia-mudanca-apos-ter-casa-invadida-em-sao-paulo\/"},"wordCount":359,"publisher":{"@id":"https:\/\/transamerica93.com.br\/home\/#organization"},"image":{"@id":"https:\/\/transamerica93.com.br\/home\/mariana-rios-anuncia-mudanca-apos-ter-casa-invadida-em-sao-paulo\/#primaryimage"},"thumbnailUrl":"https:\/\/transamerica93.com.br\/home\/wp-content\/uploads\/2023\/10\/marianarios.jpg","articleSection":["Entretenimento"],"inLanguage":"pt-BR"},{"@type":"WebPage","@id":"https:\/\/transamerica93.com.br\/home\/mariana-rios-anuncia-mudanca-apos-ter-casa-invadida-em-sao-paulo\/","url":"https:\/\/transamerica93.com.br\/home\/mariana-rios-anuncia-mudanca-apos-ter-casa-invadida-em-sao-paulo\/","name":"Mariana Rios anuncia mudan\u00e7a ap\u00f3s ter casa invadida em S\u00e3o Paulo - Transam\u00e9rica Mococa 93,3","isPartOf":{"@id":"https:\/\/transamerica93.com.br\/home\/#website"},"primaryImageOfPage":{"@id":"https:\/\/transamerica93.com.br\/home\/mariana-rios-anuncia-mudanca-apos-ter-casa-invadida-em-sao-paulo\/#primaryimage"},"image":{"@id":"https:\/\/transamerica93.com.br\/home\/mariana-rios-anuncia-mudanca-apos-ter-casa-invadida-em-sao-paulo\/#primaryimage"},"thumbnailUrl":"https:\/\/transamerica93.com.br\/home\/wp-content\/uploads\/2023\/10\/marianarios.jpg","datePublished":"2023-11-14T15:00:12+00:00","breadcrumb":{"@id":"https:\/\/transamerica93.com.br\/home\/mariana-rios-anuncia-mudanca-apos-ter-casa-invadida-em-sao-paulo\/#breadcrumb"},"inLanguage":"pt-BR","potentialAction":[{"@type":"ReadAction","target":["https:\/\/transamerica93.com.br\/home\/mariana-rios-anuncia-mudanca-apos-ter-casa-invadida-em-sao-paulo\/"]}]},{"@type":"ImageObject","inLanguage":"pt-BR","@id":"https:\/\/transamerica93.com.br\/home\/mariana-rios-anuncia-mudanca-apos-ter-casa-invadida-em-sao-paulo\/#primaryimage","url":"https:\/\/transamerica93.com.br\/home\/wp-content\/uploads\/2023\/10\/marianarios.jpg","contentUrl":"https:\/\/transamerica93.com.br\/home\/wp-content\/uploads\/2023\/10\/marianarios.jpg","width":767,"height":432,"caption":"Foto: Instagram @marianarios"},{"@type":"BreadcrumbList","@id":"https:\/\/transamerica93.com.br\/home\/mariana-rios-anuncia-mudanca-apos-ter-casa-invadida-em-sao-paulo\/#breadcrumb","itemListElement":[{"@type":"ListItem","position":1,"name":"In\u00edcio","item":"https:\/\/transamerica93.com.br\/home\/"},{"@type":"ListItem","position":2,"name":"Mariana Rios anuncia mudan\u00e7a ap\u00f3s ter casa invadida em S\u00e3o Paulo"}]},{"@type":"WebSite","@id":"https:\/\/transamerica93.com.br\/home\/#website","url":"https:\/\/transamerica93.com.br\/home\/","name":"Transam\u00e9rica Mococa 93,3","description":"","publisher":{"@id":"https:\/\/transamerica93.com.br\/home\/#organization"},"potentialAction":[{"@type":"SearchAction","target":{"@type":"EntryPoint","urlTemplate":"https:\/\/transamerica93.com.br\/home\/?s={search_term_string}"},"query-input":{"@type":"PropertyValueSpecification","valueRequired":true,"valueName":"search_term_string"}}],"inLanguage":"pt-BR"},{"@type":"Organization","@id":"https:\/\/transamerica93.com.br\/home\/#organization","name":"Transam\u00e9rica Mococa 93,3","url":"https:\/\/transamerica93.com.br\/home\/","logo":{"@type":"ImageObject","inLanguage":"pt-BR","@id":"https:\/\/transamerica93.com.br\/home\/#\/schema\/logo\/image\/","url":"https:\/\/transamerica93.com.br\/home\/wp-content\/uploads\/2023\/10\/logo2.png","contentUrl":"https:\/\/transamerica93.com.br\/home\/wp-content\/uploads\/2023\/10\/logo2.png","width":800,"height":500,"caption":"Transam\u00e9rica Mococa 93,3"},"image":{"@id":"https:\/\/transamerica93.com.br\/home\/#\/schema\/logo\/image\/"},"sameAs":["https:\/\/www.facebook.com\/transamericamococa","https:\/\/x.com\/transamerica933","https:\/\/www.instagram.com\/transamericamococa"]},{"@type":"Person","@id":"https:\/\/transamerica93.com.br\/home\/#\/schema\/person\/7fed7c99c0d4562efa8561bc0f543172","name":"Reda\u00e7\u00e3o","image":{"@type":"ImageObject","inLanguage":"pt-BR","@id":"https:\/\/secure.gravatar.com\/avatar\/1072c6b775fb02ef8506ce967551d95926669a6b7d2c2147b42eea4d7c68395e?s=96&d=mm&r=g","url":"https:\/\/secure.gravatar.com\/avatar\/1072c6b775fb02ef8506ce967551d95926669a6b7d2c2147b42eea4d7c68395e?s=96&d=mm&r=g","contentUrl":"https:\/\/secure.gravatar.com\/avatar\/1072c6b775fb02ef8506ce967551d95926669a6b7d2c2147b42eea4d7c68395e?s=96&d=mm&r=g","caption":"Reda\u00e7\u00e3o"},"sameAs":["https:\/\/transamerica93.com.br\/home"],"url":"https:\/\/transamerica93.com.br\/home\/author\/william\/"}]}},"_links":{"self":[{"href":"https:\/\/transamerica93.com.br\/home\/wp-json\/wp\/v2\/posts\/2024","targetHints":{"allow":["GET"]}}],"collection":[{"href":"https:\/\/transamerica93.com.br\/home\/wp-json\/wp\/v2\/posts"}],"about":[{"href":"https:\/\/transamerica93.com.br\/home\/wp-json\/wp\/v2\/types\/post"}],"author":[{"embeddable":true,"href":"https:\/\/transamerica93.com.br\/home\/wp-json\/wp\/v2\/users\/1"}],"replies":[{"embeddable":true,"href":"https:\/\/transamerica93.com.br\/home\/wp-json\/wp\/v2\/comments?post=2024"}],"version-history":[{"count":1,"href":"https:\/\/transamerica93.com.br\/home\/wp-json\/wp\/v2\/posts\/2024\/revisions"}],"predecessor-version":[{"id":2025,"href":"https:\/\/transamerica93.com.br\/home\/wp-json\/wp\/v2\/posts\/2024\/revisions\/2025"}],"wp:featuredmedia":[{"embeddable":true,"href":"https:\/\/transamerica93.com.br\/home\/wp-json\/wp\/v2\/media\/1953"}],"wp:attachment":[{"href":"https:\/\/transamerica93.com.br\/home\/wp-json\/wp\/v2\/media?parent=2024"}],"wp:term":[{"taxonomy":"category","embeddable":true,"href":"https:\/\/transamerica93.com.br\/home\/wp-json\/wp\/v2\/categories?post=2024"},{"taxonomy":"post_tag","embeddable":true,"href":"https:\/\/transamerica93.com.br\/home\/wp-json\/wp\/v2\/tags?post=2024"}],"curies":[{"name":"wp","href":"https:\/\/api.w.org\/{rel}","templated":true}]}}