{"id":2032,"date":"2023-11-16T12:00:38","date_gmt":"2023-11-16T15:00:38","guid":{"rendered":"https:\/\/transamerica93.com.br\/home\/?p=2032"},"modified":"2023-11-16T07:41:06","modified_gmt":"2023-11-16T10:41:06","slug":"marido-de-ana-hickmann-da-entrevista-apos-episodio-de-agressao","status":"publish","type":"post","link":"https:\/\/transamerica93.com.br\/home\/marido-de-ana-hickmann-da-entrevista-apos-episodio-de-agressao\/","title":{"rendered":"Marido de Ana Hickmann d\u00e1 entrevista, ap\u00f3s epis\u00f3dio de agress\u00e3o"},"content":{"rendered":"<div id=\"Corpo\">\n<h6 class=\"Assina\">Por Reda\u00e7\u00e3o E+<\/h6>\n<p>O empres\u00e1rio Alexandre Correa, marido de Ana Hickmann, deu sua primeira entrevista ap\u00f3s assumir que agrediu a apresentadora no \u00faltimo s\u00e1bado, dia 11, durante uma discuss\u00e3o na casa do casal no interior de S\u00e3o Paulo. Correa foi entrevistado pelo programa\u00a0<i>Fofocalizando<\/i>, do SBT, na porta de uma academia na capital paulista.<\/p>\n<p>Ao ser questionado pelo rep\u00f3rter se estava arrependido do ato, Correa disse: &#8220;L\u00f3gico. Pelo amor de Deus. Estou dilacerado&#8221;. Ana registrou um boletim de ocorr\u00eancia contra o marido Delegacia Geral de Itu, no interior de S\u00e3o Paulo por viol\u00eancia dom\u00e9stica e les\u00e3o corporal. A apresentadora tamb\u00e9m se pronunciou nesta quarta-feira, 15.<\/p>\n<p>Perguntado se teria medo de sair \u00e0s ruas, o empres\u00e1rio respondeu &#8220;Medo? Quando voc\u00ea tem um c\u00e2ncer, e quase morre, voc\u00ea perde o sentimento do medo. Medo eu n\u00e3o tenho de nada da vida, nem da morte. O que eu tenho \u00e9 tristeza das abordagens que a gente sofre&#8221;, disse Correa. O empres\u00e1rio enfrentou um c\u00e2ncer no pesco\u00e7o em 2020.<\/p>\n<p>Correa ainda criticou a cobertura que a imprensa tem feito sobre o caso.<\/p>\n<p>&#8220;\u00c9 muita maldade junta, muita vontade de destruir o pr\u00f3ximo. Mas a gente fica impotente porque somos uma formiga perto da imprensa, n\u00e9? Ainda mais eu&#8230;Se fosse a Ana, tudo bem&#8221;, disse.<\/p>\n<p>Correa tamb\u00e9m falou sobre as not\u00edcias de que ele teria acumulado d\u00edvidas ao longo dos anos. Ele e Ana s\u00e3o s\u00f3cios de uma empresa que licencia produtos de beleza, esmaltes, jeans, entre outros produtos, al\u00e9m de gerenciar a carreira da apresentadora. &#8220;Isso \u00e9 completamente fantasioso.&#8221;<\/p>\n<p>Antes da entrevista, Correa havia feito um post nas redes sociais dizendo que tudo o que quer \u00e9 ver o filho, Alexandre, de 9 anos. De acordo com o boletim de ocorr\u00eancia, a discuss\u00e3o teria come\u00e7ado na frente do menino.<\/p>\n<p>O empres\u00e1rio postou uma imagem de Ox\u00f3ssi (uma divindade das religi\u00f5es africanas, tamb\u00e9m conhecida como orix\u00e1) e escreveu: &#8220;Ox\u00f3ssi, ca\u00e7ador de uma flecha s\u00f3. Filho de Oxal\u00e1 e Yemanj\u00e1! Tira a tristeza do meu peito, d\u00e1 coragem para eu seguir meu caminho em paz e poder ver meu filho!&#8221;.<\/p>\n<p><b>Ana Hickmann reaparece nas redes: \u2018Vou lutar pelo meu filho, pela minha vida, pelos meus neg\u00f3cios\u2019<\/b><\/p>\n<p>Ana Hickmann reapareceu nas redes sociais, nesta quarta-feira, 15, para agradecer o apoio que tem recebido ap\u00f3s denunciar o marido, Alexandre Correa, por viol\u00eancia dom\u00e9stica e les\u00e3o corporal. A apresentadora afirmou, em v\u00eddeos postados nos stories do Instagram, que pretende retomar sua vida, lutar pelo filho, Alexandre Jr., de nove anos, e pelos seus neg\u00f3cios.<\/p>\n<p>&#8220;Passando aqui pra dizer que agora, pela primeira vez, eu estou olhando um pouco mais as redes sociais, porque eu me afastei, n\u00e3o conseguia olhar not\u00edcias, nada&#8221;, come\u00e7ou Ana. &#8220;Tinha muita verdade, mas tamb\u00e9m muitas inverdades, muita coisa que estava machucando&#8221;, prosseguiu.<\/p>\n<p>&#8220;E agora que eu estou voltando aqui, devagarinho, queria aproveitar esse espa\u00e7o e agradecer mais uma vez o apoio de voc\u00eas \u00c9 muito importante contar com o apoio de todo mundo para a gente continuar tendo coragem, para a gente continuar enfrentando o que vai ter que enfrentar.&#8221;<\/p>\n<p>A apresentadora esclareceu, ainda, que n\u00e3o pretende deixar de ser uma pessoa feliz e batalhadora. &#8220;Eu sempre fui uma pessoa feliz, batalhadora, guerreira, e n\u00e3o \u00e9 agora que eu vou parar&#8221;, destacou.<\/p>\n<p>Ana Hickmann refletiu sobre as coisas que acontecem na nossa vida e que nos fazem ficar mais fortes. &#8220;Eu sou mulher, eu sou m\u00e3e e tenho muito orgulho. Vou lutar pelo meu filho, pela minha vida, pelos meus neg\u00f3cios e por todos aqueles que est\u00e3o do meu lado e me amam de verdade&#8221;, finalizou.<\/p>\n<p><b>Entenda o caso<\/b><\/p>\n<p>Em boletim de ocorr\u00eancia registrado por Ana Hickmann no \u00faltimo s\u00e1bado, 11, ela denuncia o marido por viol\u00eancia dom\u00e9stica e les\u00e3o corporal. Em nota divulgada no domingo, 12, ela afirmou ter tido um &#8220;desentendimento&#8221; com o parceiro. Em outra nota, Correa havia negado a agress\u00e3o (clique aqui para ler a \u00edntegra)<\/p>\n<p>\u00c0 Pol\u00edcia Civil, a apresentadora contou que Alexandre teria fechado a porta da cozinha contra bra\u00e7o dela e amea\u00e7ado dar-lhe uma cabe\u00e7ada. Ap\u00f3s ser atendida no Hospital S\u00e3o Camilo e constatada uma contus\u00e3o no cotovelo esquerdo, a apresentadora precisou usar uma tipoia.<\/p>\n<p>O caso \u00e9 investigado pela Delegacia de Itu, onde o casal mora.<\/p>\n<p><b>Gestos na TV e nas redes sociais<\/b><\/p>\n<p>Na segunda-feira, Ana Hickmann apresentou normalmente o programa Hoje em Dia, na Record. E tocou no assunto apenas para agradecer o apoio que vem recebendo. &#8220;Ainda n\u00e3o estou pronta para falar a respeito e, assim que eu estiver pronta, um pouco mais forte, eu prometo falar tudo que estiver aqui dentro do meu cora\u00e7\u00e3o, de verdade, como eu sempre fui com todos&#8221;, afirmou, dizendo tamb\u00e9m que este \u00e9 um momento dif\u00edcil para ela, o filho e a fam\u00edlia.<\/p>\n<p>Tamb\u00e9m na manh\u00e3 de segunda, a apresentadora fez uma homenagem ao filho Alezinho, de 9 anos. &#8220;Minha for\u00e7a, minha motiva\u00e7\u00e3o, o amor da minha vida&#8221;, disse Ana sobre o garoto.<\/p>\n<p><b>Alexandre Correa confessa agress\u00e3o, mas nega cabe\u00e7ada, diz site<\/b><\/p>\n<p>O marido de Ana Hickmann, Alexandre Correa, confessou as informa\u00e7\u00f5es registradas pela ex-modelo e apresentadora em boletim de ocorr\u00eancia no \u00faltimo s\u00e1bado, 11. Entretanto, negou que tenha dado &#8220;cabe\u00e7ada&#8221; na mulher, acusa\u00e7\u00e3o feita por ela \u00e0 pol\u00edcia. As declara\u00e7\u00f5es de Alexandre foram feitas ao Splash, site que cobre celebridades no UOL, na segunda-feira, 13.<\/p>\n<p>Ele tamb\u00e9m admitiu ter mentido ao colunista Leo Dias ao ter sido procurado no s\u00e1bado e negado a briga com Ana Hickmann.<\/p>\n<p>&#8220;Quando eu vi aquela nota, eu entrei em total desespero e neguei Mentiu? Menti. Ponto. Ou eu omiti o fato? Omiti. Eu estava numa estrada, desesperado, desnorteado. Estava perdido. Falei: \u2018meu Deus do c\u00e9u. Que coisa?\u2019 Desculpa o vocabul\u00e1rio: \u2018que cagad* que aconteceu. Por que eu n\u00e3o discuti, por que eu n\u00e3o me levantei da mesa, por que eu n\u00e3o fui para o canto, n\u00e3o fui tomar uma \u00e1gua? Por que eu n\u00e3o fui bater a cabe\u00e7a na parede. Sei l\u00e1. Mas j\u00e1 foi&#8221;, afirmou Alexandre.<\/p>\n<p>Ao site ele tamb\u00e9m diz que o que houve foi uma &#8220;desintelig\u00eancia entre casais&#8221; e entrou em p\u00e2nico com a exposi\u00e7\u00e3o do esc\u00e2ndalo e possibilidade de ser preso. &#8220;A \u00fanica coisa que n\u00e3o procede \u00e9 a situa\u00e7\u00e3o de cabe\u00e7ada. Isso n\u00e3o existe&#8221;, afirmou. E disse ainda n\u00e3o haver hist\u00f3rico de agress\u00f5es contra a apresentadora.<\/p>\n<p>O\u00a0<b>Estad\u00e3o<\/b>\u00a0tentou contato com Ana Hickmann, mas n\u00e3o teve retorno at\u00e9 a publica\u00e7\u00e3o deste texto. O espa\u00e7o segue aberto.<\/div>\n","protected":false},"excerpt":{"rendered":"<p>Por Reda\u00e7\u00e3o E+ O empres\u00e1rio Alexandre Correa, marido de Ana Hickmann, deu sua primeira entrevista ap\u00f3s assumir que agrediu a apresentadora no \u00faltimo s\u00e1bado, dia 11, durante uma discuss\u00e3o na casa do casal no interior de S\u00e3o Paulo. Correa foi entrevistado pelo programa\u00a0Fofocalizando, do SBT, na porta de uma academia na capital paulista. Ao ser &hellip;<\/p>\n","protected":false},"author":1,"featured_media":2009,"comment_status":"closed","ping_status":"closed","sticky":false,"template":"","format":"standard","meta":{"footnotes":""},"categories":[24],"tags":[],"class_list":["post-2032","post","type-post","status-publish","format-standard","has-post-thumbnail","hentry","category-entretenimento"],"yoast_head":"<!-- This site is optimized with the Yoast SEO plugin v27.4 - https:\/\/yoast.com\/product\/yoast-seo-wordpress\/ -->\n<title>Marido de Ana Hickmann d\u00e1 entrevista, ap\u00f3s epis\u00f3dio de agress\u00e3o - Transam\u00e9rica Mococa 93,3<\/title>\n<meta name=\"robots\" content=\"index, follow, max-snippet:-1, max-image-preview:large, max-video-preview:-1\" \/>\n<link rel=\"canonical\" href=\"https:\/\/transamerica93.com.br\/home\/marido-de-ana-hickmann-da-entrevista-apos-episodio-de-agressao\/\" \/>\n<meta property=\"og:locale\" content=\"pt_BR\" \/>\n<meta property=\"og:type\" content=\"article\" \/>\n<meta property=\"og:title\" content=\"Marido de Ana Hickmann d\u00e1 entrevista, ap\u00f3s epis\u00f3dio de agress\u00e3o - Transam\u00e9rica Mococa 93,3\" \/>\n<meta property=\"og:description\" content=\"Por Reda\u00e7\u00e3o E+ O empres\u00e1rio Alexandre Correa, marido de Ana Hickmann, deu sua primeira entrevista ap\u00f3s assumir que agrediu a apresentadora no \u00faltimo s\u00e1bado, dia 11, durante uma discuss\u00e3o na casa do casal no interior de S\u00e3o Paulo. Correa foi entrevistado pelo programa\u00a0Fofocalizando, do SBT, na porta de uma academia na capital paulista. Ao ser &hellip;\" \/>\n<meta property=\"og:url\" content=\"https:\/\/transamerica93.com.br\/home\/marido-de-ana-hickmann-da-entrevista-apos-episodio-de-agressao\/\" \/>\n<meta property=\"og:site_name\" content=\"Transam\u00e9rica Mococa 93,3\" \/>\n<meta property=\"article:publisher\" content=\"https:\/\/www.facebook.com\/transamericamococa\" \/>\n<meta property=\"article:published_time\" content=\"2023-11-16T15:00:38+00:00\" \/>\n<meta property=\"og:image\" content=\"https:\/\/transamerica93.com.br\/home\/wp-content\/uploads\/2023\/11\/imagem-4.jpg\" \/>\n\t<meta property=\"og:image:width\" content=\"758\" \/>\n\t<meta property=\"og:image:height\" content=\"493\" \/>\n\t<meta property=\"og:image:type\" content=\"image\/jpeg\" \/>\n<meta name=\"author\" content=\"Reda\u00e7\u00e3o\" \/>\n<meta name=\"twitter:card\" content=\"summary_large_image\" \/>\n<meta name=\"twitter:creator\" content=\"@transamerica933\" \/>\n<meta name=\"twitter:site\" content=\"@transamerica933\" \/>\n<meta name=\"twitter:label1\" content=\"Escrito por\" \/>\n\t<meta name=\"twitter:data1\" content=\"Reda\u00e7\u00e3o\" \/>\n\t<meta name=\"twitter:label2\" content=\"Est. tempo de leitura\" \/>\n\t<meta name=\"twitter:data2\" content=\"6 minutos\" \/>\n<script type=\"application\/ld+json\" class=\"yoast-schema-graph\">{\"@context\":\"https:\\\/\\\/schema.org\",\"@graph\":[{\"@type\":\"Article\",\"@id\":\"https:\\\/\\\/transamerica93.com.br\\\/home\\\/marido-de-ana-hickmann-da-entrevista-apos-episodio-de-agressao\\\/#article\",\"isPartOf\":{\"@id\":\"https:\\\/\\\/transamerica93.com.br\\\/home\\\/marido-de-ana-hickmann-da-entrevista-apos-episodio-de-agressao\\\/\"},\"author\":{\"name\":\"Reda\u00e7\u00e3o\",\"@id\":\"https:\\\/\\\/transamerica93.com.br\\\/home\\\/#\\\/schema\\\/person\\\/7fed7c99c0d4562efa8561bc0f543172\"},\"headline\":\"Marido de Ana Hickmann d\u00e1 entrevista, ap\u00f3s epis\u00f3dio de agress\u00e3o\",\"datePublished\":\"2023-11-16T15:00:38+00:00\",\"mainEntityOfPage\":{\"@id\":\"https:\\\/\\\/transamerica93.com.br\\\/home\\\/marido-de-ana-hickmann-da-entrevista-apos-episodio-de-agressao\\\/\"},\"wordCount\":1162,\"publisher\":{\"@id\":\"https:\\\/\\\/transamerica93.com.br\\\/home\\\/#organization\"},\"image\":{\"@id\":\"https:\\\/\\\/transamerica93.com.br\\\/home\\\/marido-de-ana-hickmann-da-entrevista-apos-episodio-de-agressao\\\/#primaryimage\"},\"thumbnailUrl\":\"https:\\\/\\\/transamerica93.com.br\\\/home\\\/wp-content\\\/uploads\\\/2023\\\/11\\\/imagem-4.jpg\",\"articleSection\":[\"Entretenimento\"],\"inLanguage\":\"pt-BR\"},{\"@type\":\"WebPage\",\"@id\":\"https:\\\/\\\/transamerica93.com.br\\\/home\\\/marido-de-ana-hickmann-da-entrevista-apos-episodio-de-agressao\\\/\",\"url\":\"https:\\\/\\\/transamerica93.com.br\\\/home\\\/marido-de-ana-hickmann-da-entrevista-apos-episodio-de-agressao\\\/\",\"name\":\"Marido de Ana Hickmann d\u00e1 entrevista, ap\u00f3s epis\u00f3dio de agress\u00e3o - Transam\u00e9rica Mococa 93,3\",\"isPartOf\":{\"@id\":\"https:\\\/\\\/transamerica93.com.br\\\/home\\\/#website\"},\"primaryImageOfPage\":{\"@id\":\"https:\\\/\\\/transamerica93.com.br\\\/home\\\/marido-de-ana-hickmann-da-entrevista-apos-episodio-de-agressao\\\/#primaryimage\"},\"image\":{\"@id\":\"https:\\\/\\\/transamerica93.com.br\\\/home\\\/marido-de-ana-hickmann-da-entrevista-apos-episodio-de-agressao\\\/#primaryimage\"},\"thumbnailUrl\":\"https:\\\/\\\/transamerica93.com.br\\\/home\\\/wp-content\\\/uploads\\\/2023\\\/11\\\/imagem-4.jpg\",\"datePublished\":\"2023-11-16T15:00:38+00:00\",\"breadcrumb\":{\"@id\":\"https:\\\/\\\/transamerica93.com.br\\\/home\\\/marido-de-ana-hickmann-da-entrevista-apos-episodio-de-agressao\\\/#breadcrumb\"},\"inLanguage\":\"pt-BR\",\"potentialAction\":[{\"@type\":\"ReadAction\",\"target\":[\"https:\\\/\\\/transamerica93.com.br\\\/home\\\/marido-de-ana-hickmann-da-entrevista-apos-episodio-de-agressao\\\/\"]}]},{\"@type\":\"ImageObject\",\"inLanguage\":\"pt-BR\",\"@id\":\"https:\\\/\\\/transamerica93.com.br\\\/home\\\/marido-de-ana-hickmann-da-entrevista-apos-episodio-de-agressao\\\/#primaryimage\",\"url\":\"https:\\\/\\\/transamerica93.com.br\\\/home\\\/wp-content\\\/uploads\\\/2023\\\/11\\\/imagem-4.jpg\",\"contentUrl\":\"https:\\\/\\\/transamerica93.com.br\\\/home\\\/wp-content\\\/uploads\\\/2023\\\/11\\\/imagem-4.jpg\",\"width\":758,\"height\":493,\"caption\":\"Foto: Instagram @ahickmann\"},{\"@type\":\"BreadcrumbList\",\"@id\":\"https:\\\/\\\/transamerica93.com.br\\\/home\\\/marido-de-ana-hickmann-da-entrevista-apos-episodio-de-agressao\\\/#breadcrumb\",\"itemListElement\":[{\"@type\":\"ListItem\",\"position\":1,\"name\":\"In\u00edcio\",\"item\":\"https:\\\/\\\/transamerica93.com.br\\\/home\\\/\"},{\"@type\":\"ListItem\",\"position\":2,\"name\":\"Marido de Ana Hickmann d\u00e1 entrevista, ap\u00f3s epis\u00f3dio de agress\u00e3o\"}]},{\"@type\":\"WebSite\",\"@id\":\"https:\\\/\\\/transamerica93.com.br\\\/home\\\/#website\",\"url\":\"https:\\\/\\\/transamerica93.com.br\\\/home\\\/\",\"name\":\"Transam\u00e9rica Mococa 93,3\",\"description\":\"\",\"publisher\":{\"@id\":\"https:\\\/\\\/transamerica93.com.br\\\/home\\\/#organization\"},\"potentialAction\":[{\"@type\":\"SearchAction\",\"target\":{\"@type\":\"EntryPoint\",\"urlTemplate\":\"https:\\\/\\\/transamerica93.com.br\\\/home\\\/?s={search_term_string}\"},\"query-input\":{\"@type\":\"PropertyValueSpecification\",\"valueRequired\":true,\"valueName\":\"search_term_string\"}}],\"inLanguage\":\"pt-BR\"},{\"@type\":\"Organization\",\"@id\":\"https:\\\/\\\/transamerica93.com.br\\\/home\\\/#organization\",\"name\":\"Transam\u00e9rica Mococa 93,3\",\"url\":\"https:\\\/\\\/transamerica93.com.br\\\/home\\\/\",\"logo\":{\"@type\":\"ImageObject\",\"inLanguage\":\"pt-BR\",\"@id\":\"https:\\\/\\\/transamerica93.com.br\\\/home\\\/#\\\/schema\\\/logo\\\/image\\\/\",\"url\":\"https:\\\/\\\/transamerica93.com.br\\\/home\\\/wp-content\\\/uploads\\\/2023\\\/10\\\/logo2.png\",\"contentUrl\":\"https:\\\/\\\/transamerica93.com.br\\\/home\\\/wp-content\\\/uploads\\\/2023\\\/10\\\/logo2.png\",\"width\":800,\"height\":500,\"caption\":\"Transam\u00e9rica Mococa 93,3\"},\"image\":{\"@id\":\"https:\\\/\\\/transamerica93.com.br\\\/home\\\/#\\\/schema\\\/logo\\\/image\\\/\"},\"sameAs\":[\"https:\\\/\\\/www.facebook.com\\\/transamericamococa\",\"https:\\\/\\\/x.com\\\/transamerica933\",\"https:\\\/\\\/www.instagram.com\\\/transamericamococa\"]},{\"@type\":\"Person\",\"@id\":\"https:\\\/\\\/transamerica93.com.br\\\/home\\\/#\\\/schema\\\/person\\\/7fed7c99c0d4562efa8561bc0f543172\",\"name\":\"Reda\u00e7\u00e3o\",\"image\":{\"@type\":\"ImageObject\",\"inLanguage\":\"pt-BR\",\"@id\":\"https:\\\/\\\/secure.gravatar.com\\\/avatar\\\/1072c6b775fb02ef8506ce967551d95926669a6b7d2c2147b42eea4d7c68395e?s=96&d=mm&r=g\",\"url\":\"https:\\\/\\\/secure.gravatar.com\\\/avatar\\\/1072c6b775fb02ef8506ce967551d95926669a6b7d2c2147b42eea4d7c68395e?s=96&d=mm&r=g\",\"contentUrl\":\"https:\\\/\\\/secure.gravatar.com\\\/avatar\\\/1072c6b775fb02ef8506ce967551d95926669a6b7d2c2147b42eea4d7c68395e?s=96&d=mm&r=g\",\"caption\":\"Reda\u00e7\u00e3o\"},\"sameAs\":[\"https:\\\/\\\/transamerica93.com.br\\\/home\"],\"url\":\"https:\\\/\\\/transamerica93.com.br\\\/home\\\/author\\\/william\\\/\"}]}<\/script>\n<!-- \/ Yoast SEO plugin. -->","yoast_head_json":{"title":"Marido de Ana Hickmann d\u00e1 entrevista, ap\u00f3s epis\u00f3dio de agress\u00e3o - Transam\u00e9rica Mococa 93,3","robots":{"index":"index","follow":"follow","max-snippet":"max-snippet:-1","max-image-preview":"max-image-preview:large","max-video-preview":"max-video-preview:-1"},"canonical":"https:\/\/transamerica93.com.br\/home\/marido-de-ana-hickmann-da-entrevista-apos-episodio-de-agressao\/","og_locale":"pt_BR","og_type":"article","og_title":"Marido de Ana Hickmann d\u00e1 entrevista, ap\u00f3s epis\u00f3dio de agress\u00e3o - Transam\u00e9rica Mococa 93,3","og_description":"Por Reda\u00e7\u00e3o E+ O empres\u00e1rio Alexandre Correa, marido de Ana Hickmann, deu sua primeira entrevista ap\u00f3s assumir que agrediu a apresentadora no \u00faltimo s\u00e1bado, dia 11, durante uma discuss\u00e3o na casa do casal no interior de S\u00e3o Paulo. Correa foi entrevistado pelo programa\u00a0Fofocalizando, do SBT, na porta de uma academia na capital paulista. Ao ser &hellip;","og_url":"https:\/\/transamerica93.com.br\/home\/marido-de-ana-hickmann-da-entrevista-apos-episodio-de-agressao\/","og_site_name":"Transam\u00e9rica Mococa 93,3","article_publisher":"https:\/\/www.facebook.com\/transamericamococa","article_published_time":"2023-11-16T15:00:38+00:00","og_image":[{"width":758,"height":493,"url":"https:\/\/transamerica93.com.br\/home\/wp-content\/uploads\/2023\/11\/imagem-4.jpg","type":"image\/jpeg"}],"author":"Reda\u00e7\u00e3o","twitter_card":"summary_large_image","twitter_creator":"@transamerica933","twitter_site":"@transamerica933","twitter_misc":{"Escrito por":"Reda\u00e7\u00e3o","Est. tempo de leitura":"6 minutos"},"schema":{"@context":"https:\/\/schema.org","@graph":[{"@type":"Article","@id":"https:\/\/transamerica93.com.br\/home\/marido-de-ana-hickmann-da-entrevista-apos-episodio-de-agressao\/#article","isPartOf":{"@id":"https:\/\/transamerica93.com.br\/home\/marido-de-ana-hickmann-da-entrevista-apos-episodio-de-agressao\/"},"author":{"name":"Reda\u00e7\u00e3o","@id":"https:\/\/transamerica93.com.br\/home\/#\/schema\/person\/7fed7c99c0d4562efa8561bc0f543172"},"headline":"Marido de Ana Hickmann d\u00e1 entrevista, ap\u00f3s epis\u00f3dio de agress\u00e3o","datePublished":"2023-11-16T15:00:38+00:00","mainEntityOfPage":{"@id":"https:\/\/transamerica93.com.br\/home\/marido-de-ana-hickmann-da-entrevista-apos-episodio-de-agressao\/"},"wordCount":1162,"publisher":{"@id":"https:\/\/transamerica93.com.br\/home\/#organization"},"image":{"@id":"https:\/\/transamerica93.com.br\/home\/marido-de-ana-hickmann-da-entrevista-apos-episodio-de-agressao\/#primaryimage"},"thumbnailUrl":"https:\/\/transamerica93.com.br\/home\/wp-content\/uploads\/2023\/11\/imagem-4.jpg","articleSection":["Entretenimento"],"inLanguage":"pt-BR"},{"@type":"WebPage","@id":"https:\/\/transamerica93.com.br\/home\/marido-de-ana-hickmann-da-entrevista-apos-episodio-de-agressao\/","url":"https:\/\/transamerica93.com.br\/home\/marido-de-ana-hickmann-da-entrevista-apos-episodio-de-agressao\/","name":"Marido de Ana Hickmann d\u00e1 entrevista, ap\u00f3s epis\u00f3dio de agress\u00e3o - Transam\u00e9rica Mococa 93,3","isPartOf":{"@id":"https:\/\/transamerica93.com.br\/home\/#website"},"primaryImageOfPage":{"@id":"https:\/\/transamerica93.com.br\/home\/marido-de-ana-hickmann-da-entrevista-apos-episodio-de-agressao\/#primaryimage"},"image":{"@id":"https:\/\/transamerica93.com.br\/home\/marido-de-ana-hickmann-da-entrevista-apos-episodio-de-agressao\/#primaryimage"},"thumbnailUrl":"https:\/\/transamerica93.com.br\/home\/wp-content\/uploads\/2023\/11\/imagem-4.jpg","datePublished":"2023-11-16T15:00:38+00:00","breadcrumb":{"@id":"https:\/\/transamerica93.com.br\/home\/marido-de-ana-hickmann-da-entrevista-apos-episodio-de-agressao\/#breadcrumb"},"inLanguage":"pt-BR","potentialAction":[{"@type":"ReadAction","target":["https:\/\/transamerica93.com.br\/home\/marido-de-ana-hickmann-da-entrevista-apos-episodio-de-agressao\/"]}]},{"@type":"ImageObject","inLanguage":"pt-BR","@id":"https:\/\/transamerica93.com.br\/home\/marido-de-ana-hickmann-da-entrevista-apos-episodio-de-agressao\/#primaryimage","url":"https:\/\/transamerica93.com.br\/home\/wp-content\/uploads\/2023\/11\/imagem-4.jpg","contentUrl":"https:\/\/transamerica93.com.br\/home\/wp-content\/uploads\/2023\/11\/imagem-4.jpg","width":758,"height":493,"caption":"Foto: Instagram @ahickmann"},{"@type":"BreadcrumbList","@id":"https:\/\/transamerica93.com.br\/home\/marido-de-ana-hickmann-da-entrevista-apos-episodio-de-agressao\/#breadcrumb","itemListElement":[{"@type":"ListItem","position":1,"name":"In\u00edcio","item":"https:\/\/transamerica93.com.br\/home\/"},{"@type":"ListItem","position":2,"name":"Marido de Ana Hickmann d\u00e1 entrevista, ap\u00f3s epis\u00f3dio de agress\u00e3o"}]},{"@type":"WebSite","@id":"https:\/\/transamerica93.com.br\/home\/#website","url":"https:\/\/transamerica93.com.br\/home\/","name":"Transam\u00e9rica Mococa 93,3","description":"","publisher":{"@id":"https:\/\/transamerica93.com.br\/home\/#organization"},"potentialAction":[{"@type":"SearchAction","target":{"@type":"EntryPoint","urlTemplate":"https:\/\/transamerica93.com.br\/home\/?s={search_term_string}"},"query-input":{"@type":"PropertyValueSpecification","valueRequired":true,"valueName":"search_term_string"}}],"inLanguage":"pt-BR"},{"@type":"Organization","@id":"https:\/\/transamerica93.com.br\/home\/#organization","name":"Transam\u00e9rica Mococa 93,3","url":"https:\/\/transamerica93.com.br\/home\/","logo":{"@type":"ImageObject","inLanguage":"pt-BR","@id":"https:\/\/transamerica93.com.br\/home\/#\/schema\/logo\/image\/","url":"https:\/\/transamerica93.com.br\/home\/wp-content\/uploads\/2023\/10\/logo2.png","contentUrl":"https:\/\/transamerica93.com.br\/home\/wp-content\/uploads\/2023\/10\/logo2.png","width":800,"height":500,"caption":"Transam\u00e9rica Mococa 93,3"},"image":{"@id":"https:\/\/transamerica93.com.br\/home\/#\/schema\/logo\/image\/"},"sameAs":["https:\/\/www.facebook.com\/transamericamococa","https:\/\/x.com\/transamerica933","https:\/\/www.instagram.com\/transamericamococa"]},{"@type":"Person","@id":"https:\/\/transamerica93.com.br\/home\/#\/schema\/person\/7fed7c99c0d4562efa8561bc0f543172","name":"Reda\u00e7\u00e3o","image":{"@type":"ImageObject","inLanguage":"pt-BR","@id":"https:\/\/secure.gravatar.com\/avatar\/1072c6b775fb02ef8506ce967551d95926669a6b7d2c2147b42eea4d7c68395e?s=96&d=mm&r=g","url":"https:\/\/secure.gravatar.com\/avatar\/1072c6b775fb02ef8506ce967551d95926669a6b7d2c2147b42eea4d7c68395e?s=96&d=mm&r=g","contentUrl":"https:\/\/secure.gravatar.com\/avatar\/1072c6b775fb02ef8506ce967551d95926669a6b7d2c2147b42eea4d7c68395e?s=96&d=mm&r=g","caption":"Reda\u00e7\u00e3o"},"sameAs":["https:\/\/transamerica93.com.br\/home"],"url":"https:\/\/transamerica93.com.br\/home\/author\/william\/"}]}},"_links":{"self":[{"href":"https:\/\/transamerica93.com.br\/home\/wp-json\/wp\/v2\/posts\/2032","targetHints":{"allow":["GET"]}}],"collection":[{"href":"https:\/\/transamerica93.com.br\/home\/wp-json\/wp\/v2\/posts"}],"about":[{"href":"https:\/\/transamerica93.com.br\/home\/wp-json\/wp\/v2\/types\/post"}],"author":[{"embeddable":true,"href":"https:\/\/transamerica93.com.br\/home\/wp-json\/wp\/v2\/users\/1"}],"replies":[{"embeddable":true,"href":"https:\/\/transamerica93.com.br\/home\/wp-json\/wp\/v2\/comments?post=2032"}],"version-history":[{"count":1,"href":"https:\/\/transamerica93.com.br\/home\/wp-json\/wp\/v2\/posts\/2032\/revisions"}],"predecessor-version":[{"id":2033,"href":"https:\/\/transamerica93.com.br\/home\/wp-json\/wp\/v2\/posts\/2032\/revisions\/2033"}],"wp:featuredmedia":[{"embeddable":true,"href":"https:\/\/transamerica93.com.br\/home\/wp-json\/wp\/v2\/media\/2009"}],"wp:attachment":[{"href":"https:\/\/transamerica93.com.br\/home\/wp-json\/wp\/v2\/media?parent=2032"}],"wp:term":[{"taxonomy":"category","embeddable":true,"href":"https:\/\/transamerica93.com.br\/home\/wp-json\/wp\/v2\/categories?post=2032"},{"taxonomy":"post_tag","embeddable":true,"href":"https:\/\/transamerica93.com.br\/home\/wp-json\/wp\/v2\/tags?post=2032"}],"curies":[{"name":"wp","href":"https:\/\/api.w.org\/{rel}","templated":true}]}}