{"id":2034,"date":"2023-11-16T11:00:30","date_gmt":"2023-11-16T14:00:30","guid":{"rendered":"https:\/\/transamerica93.com.br\/home\/?p=2034"},"modified":"2023-11-16T07:42:58","modified_gmt":"2023-11-16T10:42:58","slug":"ed-sheeran-ne-yo-e-joss-stone-sao-confirmados-no-rock-in-rio-2024-saiba-como-comprar","status":"publish","type":"post","link":"https:\/\/transamerica93.com.br\/home\/ed-sheeran-ne-yo-e-joss-stone-sao-confirmados-no-rock-in-rio-2024-saiba-como-comprar\/","title":{"rendered":"Ed Sheeran, Ne-Yo e Joss Stone s\u00e3o confirmados no Rock In Rio 2024; saiba como comprar"},"content":{"rendered":"<p>Por Julia Queiroz, especial para o Estad\u00e3o<\/p>\n<p>Ed Sheeran, Ne-Yo e Joss Stone se apresentar\u00e3o no Rock in Rio 2024. O cantor brit\u00e2nico ser\u00e1 uma das principais atra\u00e7\u00f5es do Palco Mundo, mas ainda n\u00e3o teve a data confirmada. J\u00e1 Ne-Yo e Joss Stone, que vieram ao The Town, em S\u00e3o Paulo, em 2023, ainda n\u00e3o tem palco ou data confirmados.<\/p>\n<p>O festival ocorre entre os dias 13, 14, 15, 19, 20, 21 e 22 de setembro de 2024, na Cidade do Rock, no Rio de Janeiro. Al\u00e9m das novidades, a brasileira Ludmilla tamb\u00e9m est\u00e1 entre os artistas confirmados no evento.<\/p>\n<p>As vendas do Rock in Rio Card, ingresso sem data predefinida que garante a entrada em um dos dias do festival, come\u00e7am em 7 de dezembro, a partir das 19h, pelo site da Ticketmaster Brasil. Os ingressos custar\u00e3o R$ 755 (inteira) e R$ 377,50 (meia-entrada), sem cobran\u00e7a de taxa de servi\u00e7o.<\/p>\n<p>Antes disso, entre os dias 30 de novembro, \u00e0s 19h, e 6 de dezembro, \u00e0s 19h, ocorre no mesmo canal a pr\u00e9-venda do Rock in Rio Club, v\u00e1lida para aqueles que adquiriram anteriormente um dos programas de fidelidade do festival: Club F\u00e3 ou Club Rock Star.<\/p>\n<p>Assim como em 2022 e no The Town, que tem os mesmos organizadores do Rock in Rio, os ingressos ser\u00e3o 100% digitais. Durante a compra, podem ser adquiridas quatro entradas por CPF.<\/p>\n<p>A \u00faltima passagem de Ed Sheeran pelo Brasil foi em 2019, quando se apresentou em S\u00e3o Paulo e em Porto Alegre. Antes disso, ele tamb\u00e9m esteve no Pa\u00eds em 2017 e 2015. J\u00e1 Ne-Yo e Joss Stone estiveram por aqui ainda em 2023, no The Town. Leia aqui e aqui como foram os shows.<\/p>\n<p>*Estagi\u00e1ria sob supervis\u00e3o de Charlise Morais<\/p>\n","protected":false},"excerpt":{"rendered":"<p>Por Julia Queiroz, especial para o Estad\u00e3o Ed Sheeran, Ne-Yo e Joss Stone se apresentar\u00e3o no Rock in Rio 2024. O cantor brit\u00e2nico ser\u00e1 uma das principais atra\u00e7\u00f5es do Palco Mundo, mas ainda n\u00e3o teve a data confirmada. J\u00e1 Ne-Yo e Joss Stone, que vieram ao The Town, em S\u00e3o Paulo, em 2023, ainda n\u00e3o &hellip;<\/p>\n","protected":false},"author":1,"featured_media":2035,"comment_status":"closed","ping_status":"closed","sticky":false,"template":"","format":"standard","meta":{"footnotes":""},"categories":[25],"tags":[],"class_list":["post-2034","post","type-post","status-publish","format-standard","has-post-thumbnail","hentry","category-musica"],"yoast_head":"<!-- This site is optimized with the Yoast SEO plugin v27.4 - https:\/\/yoast.com\/product\/yoast-seo-wordpress\/ -->\n<title>Ed Sheeran, Ne-Yo e Joss Stone s\u00e3o confirmados no Rock In Rio 2024; saiba como comprar - Transam\u00e9rica Mococa 93,3<\/title>\n<meta name=\"robots\" content=\"index, follow, max-snippet:-1, max-image-preview:large, max-video-preview:-1\" \/>\n<link rel=\"canonical\" href=\"https:\/\/transamerica93.com.br\/home\/ed-sheeran-ne-yo-e-joss-stone-sao-confirmados-no-rock-in-rio-2024-saiba-como-comprar\/\" \/>\n<meta property=\"og:locale\" content=\"pt_BR\" \/>\n<meta property=\"og:type\" content=\"article\" \/>\n<meta property=\"og:title\" content=\"Ed Sheeran, Ne-Yo e Joss Stone s\u00e3o confirmados no Rock In Rio 2024; saiba como comprar - Transam\u00e9rica Mococa 93,3\" \/>\n<meta property=\"og:description\" content=\"Por Julia Queiroz, especial para o Estad\u00e3o Ed Sheeran, Ne-Yo e Joss Stone se apresentar\u00e3o no Rock in Rio 2024. O cantor brit\u00e2nico ser\u00e1 uma das principais atra\u00e7\u00f5es do Palco Mundo, mas ainda n\u00e3o teve a data confirmada. J\u00e1 Ne-Yo e Joss Stone, que vieram ao The Town, em S\u00e3o Paulo, em 2023, ainda n\u00e3o &hellip;\" \/>\n<meta property=\"og:url\" content=\"https:\/\/transamerica93.com.br\/home\/ed-sheeran-ne-yo-e-joss-stone-sao-confirmados-no-rock-in-rio-2024-saiba-como-comprar\/\" \/>\n<meta property=\"og:site_name\" content=\"Transam\u00e9rica Mococa 93,3\" \/>\n<meta property=\"article:publisher\" content=\"https:\/\/www.facebook.com\/transamericamococa\" \/>\n<meta property=\"article:published_time\" content=\"2023-11-16T14:00:30+00:00\" \/>\n<meta property=\"og:image\" content=\"https:\/\/transamerica93.com.br\/home\/wp-content\/uploads\/2023\/11\/imagem-10.jpg\" \/>\n\t<meta property=\"og:image:width\" content=\"1200\" \/>\n\t<meta property=\"og:image:height\" content=\"629\" \/>\n\t<meta property=\"og:image:type\" content=\"image\/jpeg\" \/>\n<meta name=\"author\" content=\"Reda\u00e7\u00e3o\" \/>\n<meta name=\"twitter:card\" content=\"summary_large_image\" \/>\n<meta name=\"twitter:creator\" content=\"@transamerica933\" \/>\n<meta name=\"twitter:site\" content=\"@transamerica933\" \/>\n<meta name=\"twitter:label1\" content=\"Escrito por\" \/>\n\t<meta name=\"twitter:data1\" content=\"Reda\u00e7\u00e3o\" \/>\n\t<meta name=\"twitter:label2\" content=\"Est. tempo de leitura\" \/>\n\t<meta name=\"twitter:data2\" content=\"2 minutos\" \/>\n<script type=\"application\/ld+json\" class=\"yoast-schema-graph\">{\"@context\":\"https:\\\/\\\/schema.org\",\"@graph\":[{\"@type\":\"Article\",\"@id\":\"https:\\\/\\\/transamerica93.com.br\\\/home\\\/ed-sheeran-ne-yo-e-joss-stone-sao-confirmados-no-rock-in-rio-2024-saiba-como-comprar\\\/#article\",\"isPartOf\":{\"@id\":\"https:\\\/\\\/transamerica93.com.br\\\/home\\\/ed-sheeran-ne-yo-e-joss-stone-sao-confirmados-no-rock-in-rio-2024-saiba-como-comprar\\\/\"},\"author\":{\"name\":\"Reda\u00e7\u00e3o\",\"@id\":\"https:\\\/\\\/transamerica93.com.br\\\/home\\\/#\\\/schema\\\/person\\\/7fed7c99c0d4562efa8561bc0f543172\"},\"headline\":\"Ed Sheeran, Ne-Yo e Joss Stone s\u00e3o confirmados no Rock In Rio 2024; saiba como comprar\",\"datePublished\":\"2023-11-16T14:00:30+00:00\",\"mainEntityOfPage\":{\"@id\":\"https:\\\/\\\/transamerica93.com.br\\\/home\\\/ed-sheeran-ne-yo-e-joss-stone-sao-confirmados-no-rock-in-rio-2024-saiba-como-comprar\\\/\"},\"wordCount\":305,\"publisher\":{\"@id\":\"https:\\\/\\\/transamerica93.com.br\\\/home\\\/#organization\"},\"image\":{\"@id\":\"https:\\\/\\\/transamerica93.com.br\\\/home\\\/ed-sheeran-ne-yo-e-joss-stone-sao-confirmados-no-rock-in-rio-2024-saiba-como-comprar\\\/#primaryimage\"},\"thumbnailUrl\":\"https:\\\/\\\/transamerica93.com.br\\\/home\\\/wp-content\\\/uploads\\\/2023\\\/11\\\/imagem-10.jpg\",\"articleSection\":[\"M\u00fasica\"],\"inLanguage\":\"pt-BR\"},{\"@type\":\"WebPage\",\"@id\":\"https:\\\/\\\/transamerica93.com.br\\\/home\\\/ed-sheeran-ne-yo-e-joss-stone-sao-confirmados-no-rock-in-rio-2024-saiba-como-comprar\\\/\",\"url\":\"https:\\\/\\\/transamerica93.com.br\\\/home\\\/ed-sheeran-ne-yo-e-joss-stone-sao-confirmados-no-rock-in-rio-2024-saiba-como-comprar\\\/\",\"name\":\"Ed Sheeran, Ne-Yo e Joss Stone s\u00e3o confirmados no Rock In Rio 2024; saiba como comprar - Transam\u00e9rica Mococa 93,3\",\"isPartOf\":{\"@id\":\"https:\\\/\\\/transamerica93.com.br\\\/home\\\/#website\"},\"primaryImageOfPage\":{\"@id\":\"https:\\\/\\\/transamerica93.com.br\\\/home\\\/ed-sheeran-ne-yo-e-joss-stone-sao-confirmados-no-rock-in-rio-2024-saiba-como-comprar\\\/#primaryimage\"},\"image\":{\"@id\":\"https:\\\/\\\/transamerica93.com.br\\\/home\\\/ed-sheeran-ne-yo-e-joss-stone-sao-confirmados-no-rock-in-rio-2024-saiba-como-comprar\\\/#primaryimage\"},\"thumbnailUrl\":\"https:\\\/\\\/transamerica93.com.br\\\/home\\\/wp-content\\\/uploads\\\/2023\\\/11\\\/imagem-10.jpg\",\"datePublished\":\"2023-11-16T14:00:30+00:00\",\"breadcrumb\":{\"@id\":\"https:\\\/\\\/transamerica93.com.br\\\/home\\\/ed-sheeran-ne-yo-e-joss-stone-sao-confirmados-no-rock-in-rio-2024-saiba-como-comprar\\\/#breadcrumb\"},\"inLanguage\":\"pt-BR\",\"potentialAction\":[{\"@type\":\"ReadAction\",\"target\":[\"https:\\\/\\\/transamerica93.com.br\\\/home\\\/ed-sheeran-ne-yo-e-joss-stone-sao-confirmados-no-rock-in-rio-2024-saiba-como-comprar\\\/\"]}]},{\"@type\":\"ImageObject\",\"inLanguage\":\"pt-BR\",\"@id\":\"https:\\\/\\\/transamerica93.com.br\\\/home\\\/ed-sheeran-ne-yo-e-joss-stone-sao-confirmados-no-rock-in-rio-2024-saiba-como-comprar\\\/#primaryimage\",\"url\":\"https:\\\/\\\/transamerica93.com.br\\\/home\\\/wp-content\\\/uploads\\\/2023\\\/11\\\/imagem-10.jpg\",\"contentUrl\":\"https:\\\/\\\/transamerica93.com.br\\\/home\\\/wp-content\\\/uploads\\\/2023\\\/11\\\/imagem-10.jpg\",\"width\":1200,\"height\":629,\"caption\":\"Foto: Divulga\u00e7\u00e3o\\\/ Bahia Not\u00edcias\"},{\"@type\":\"BreadcrumbList\",\"@id\":\"https:\\\/\\\/transamerica93.com.br\\\/home\\\/ed-sheeran-ne-yo-e-joss-stone-sao-confirmados-no-rock-in-rio-2024-saiba-como-comprar\\\/#breadcrumb\",\"itemListElement\":[{\"@type\":\"ListItem\",\"position\":1,\"name\":\"In\u00edcio\",\"item\":\"https:\\\/\\\/transamerica93.com.br\\\/home\\\/\"},{\"@type\":\"ListItem\",\"position\":2,\"name\":\"Ed Sheeran, Ne-Yo e Joss Stone s\u00e3o confirmados no Rock In Rio 2024; saiba como comprar\"}]},{\"@type\":\"WebSite\",\"@id\":\"https:\\\/\\\/transamerica93.com.br\\\/home\\\/#website\",\"url\":\"https:\\\/\\\/transamerica93.com.br\\\/home\\\/\",\"name\":\"Transam\u00e9rica Mococa 93,3\",\"description\":\"\",\"publisher\":{\"@id\":\"https:\\\/\\\/transamerica93.com.br\\\/home\\\/#organization\"},\"potentialAction\":[{\"@type\":\"SearchAction\",\"target\":{\"@type\":\"EntryPoint\",\"urlTemplate\":\"https:\\\/\\\/transamerica93.com.br\\\/home\\\/?s={search_term_string}\"},\"query-input\":{\"@type\":\"PropertyValueSpecification\",\"valueRequired\":true,\"valueName\":\"search_term_string\"}}],\"inLanguage\":\"pt-BR\"},{\"@type\":\"Organization\",\"@id\":\"https:\\\/\\\/transamerica93.com.br\\\/home\\\/#organization\",\"name\":\"Transam\u00e9rica Mococa 93,3\",\"url\":\"https:\\\/\\\/transamerica93.com.br\\\/home\\\/\",\"logo\":{\"@type\":\"ImageObject\",\"inLanguage\":\"pt-BR\",\"@id\":\"https:\\\/\\\/transamerica93.com.br\\\/home\\\/#\\\/schema\\\/logo\\\/image\\\/\",\"url\":\"https:\\\/\\\/transamerica93.com.br\\\/home\\\/wp-content\\\/uploads\\\/2023\\\/10\\\/logo2.png\",\"contentUrl\":\"https:\\\/\\\/transamerica93.com.br\\\/home\\\/wp-content\\\/uploads\\\/2023\\\/10\\\/logo2.png\",\"width\":800,\"height\":500,\"caption\":\"Transam\u00e9rica Mococa 93,3\"},\"image\":{\"@id\":\"https:\\\/\\\/transamerica93.com.br\\\/home\\\/#\\\/schema\\\/logo\\\/image\\\/\"},\"sameAs\":[\"https:\\\/\\\/www.facebook.com\\\/transamericamococa\",\"https:\\\/\\\/x.com\\\/transamerica933\",\"https:\\\/\\\/www.instagram.com\\\/transamericamococa\"]},{\"@type\":\"Person\",\"@id\":\"https:\\\/\\\/transamerica93.com.br\\\/home\\\/#\\\/schema\\\/person\\\/7fed7c99c0d4562efa8561bc0f543172\",\"name\":\"Reda\u00e7\u00e3o\",\"image\":{\"@type\":\"ImageObject\",\"inLanguage\":\"pt-BR\",\"@id\":\"https:\\\/\\\/secure.gravatar.com\\\/avatar\\\/1072c6b775fb02ef8506ce967551d95926669a6b7d2c2147b42eea4d7c68395e?s=96&d=mm&r=g\",\"url\":\"https:\\\/\\\/secure.gravatar.com\\\/avatar\\\/1072c6b775fb02ef8506ce967551d95926669a6b7d2c2147b42eea4d7c68395e?s=96&d=mm&r=g\",\"contentUrl\":\"https:\\\/\\\/secure.gravatar.com\\\/avatar\\\/1072c6b775fb02ef8506ce967551d95926669a6b7d2c2147b42eea4d7c68395e?s=96&d=mm&r=g\",\"caption\":\"Reda\u00e7\u00e3o\"},\"sameAs\":[\"https:\\\/\\\/transamerica93.com.br\\\/home\"],\"url\":\"https:\\\/\\\/transamerica93.com.br\\\/home\\\/author\\\/william\\\/\"}]}<\/script>\n<!-- \/ Yoast SEO plugin. -->","yoast_head_json":{"title":"Ed Sheeran, Ne-Yo e Joss Stone s\u00e3o confirmados no Rock In Rio 2024; saiba como comprar - Transam\u00e9rica Mococa 93,3","robots":{"index":"index","follow":"follow","max-snippet":"max-snippet:-1","max-image-preview":"max-image-preview:large","max-video-preview":"max-video-preview:-1"},"canonical":"https:\/\/transamerica93.com.br\/home\/ed-sheeran-ne-yo-e-joss-stone-sao-confirmados-no-rock-in-rio-2024-saiba-como-comprar\/","og_locale":"pt_BR","og_type":"article","og_title":"Ed Sheeran, Ne-Yo e Joss Stone s\u00e3o confirmados no Rock In Rio 2024; saiba como comprar - Transam\u00e9rica Mococa 93,3","og_description":"Por Julia Queiroz, especial para o Estad\u00e3o Ed Sheeran, Ne-Yo e Joss Stone se apresentar\u00e3o no Rock in Rio 2024. O cantor brit\u00e2nico ser\u00e1 uma das principais atra\u00e7\u00f5es do Palco Mundo, mas ainda n\u00e3o teve a data confirmada. J\u00e1 Ne-Yo e Joss Stone, que vieram ao The Town, em S\u00e3o Paulo, em 2023, ainda n\u00e3o &hellip;","og_url":"https:\/\/transamerica93.com.br\/home\/ed-sheeran-ne-yo-e-joss-stone-sao-confirmados-no-rock-in-rio-2024-saiba-como-comprar\/","og_site_name":"Transam\u00e9rica Mococa 93,3","article_publisher":"https:\/\/www.facebook.com\/transamericamococa","article_published_time":"2023-11-16T14:00:30+00:00","og_image":[{"width":1200,"height":629,"url":"https:\/\/transamerica93.com.br\/home\/wp-content\/uploads\/2023\/11\/imagem-10.jpg","type":"image\/jpeg"}],"author":"Reda\u00e7\u00e3o","twitter_card":"summary_large_image","twitter_creator":"@transamerica933","twitter_site":"@transamerica933","twitter_misc":{"Escrito por":"Reda\u00e7\u00e3o","Est. tempo de leitura":"2 minutos"},"schema":{"@context":"https:\/\/schema.org","@graph":[{"@type":"Article","@id":"https:\/\/transamerica93.com.br\/home\/ed-sheeran-ne-yo-e-joss-stone-sao-confirmados-no-rock-in-rio-2024-saiba-como-comprar\/#article","isPartOf":{"@id":"https:\/\/transamerica93.com.br\/home\/ed-sheeran-ne-yo-e-joss-stone-sao-confirmados-no-rock-in-rio-2024-saiba-como-comprar\/"},"author":{"name":"Reda\u00e7\u00e3o","@id":"https:\/\/transamerica93.com.br\/home\/#\/schema\/person\/7fed7c99c0d4562efa8561bc0f543172"},"headline":"Ed Sheeran, Ne-Yo e Joss Stone s\u00e3o confirmados no Rock In Rio 2024; saiba como comprar","datePublished":"2023-11-16T14:00:30+00:00","mainEntityOfPage":{"@id":"https:\/\/transamerica93.com.br\/home\/ed-sheeran-ne-yo-e-joss-stone-sao-confirmados-no-rock-in-rio-2024-saiba-como-comprar\/"},"wordCount":305,"publisher":{"@id":"https:\/\/transamerica93.com.br\/home\/#organization"},"image":{"@id":"https:\/\/transamerica93.com.br\/home\/ed-sheeran-ne-yo-e-joss-stone-sao-confirmados-no-rock-in-rio-2024-saiba-como-comprar\/#primaryimage"},"thumbnailUrl":"https:\/\/transamerica93.com.br\/home\/wp-content\/uploads\/2023\/11\/imagem-10.jpg","articleSection":["M\u00fasica"],"inLanguage":"pt-BR"},{"@type":"WebPage","@id":"https:\/\/transamerica93.com.br\/home\/ed-sheeran-ne-yo-e-joss-stone-sao-confirmados-no-rock-in-rio-2024-saiba-como-comprar\/","url":"https:\/\/transamerica93.com.br\/home\/ed-sheeran-ne-yo-e-joss-stone-sao-confirmados-no-rock-in-rio-2024-saiba-como-comprar\/","name":"Ed Sheeran, Ne-Yo e Joss Stone s\u00e3o confirmados no Rock In Rio 2024; saiba como comprar - Transam\u00e9rica Mococa 93,3","isPartOf":{"@id":"https:\/\/transamerica93.com.br\/home\/#website"},"primaryImageOfPage":{"@id":"https:\/\/transamerica93.com.br\/home\/ed-sheeran-ne-yo-e-joss-stone-sao-confirmados-no-rock-in-rio-2024-saiba-como-comprar\/#primaryimage"},"image":{"@id":"https:\/\/transamerica93.com.br\/home\/ed-sheeran-ne-yo-e-joss-stone-sao-confirmados-no-rock-in-rio-2024-saiba-como-comprar\/#primaryimage"},"thumbnailUrl":"https:\/\/transamerica93.com.br\/home\/wp-content\/uploads\/2023\/11\/imagem-10.jpg","datePublished":"2023-11-16T14:00:30+00:00","breadcrumb":{"@id":"https:\/\/transamerica93.com.br\/home\/ed-sheeran-ne-yo-e-joss-stone-sao-confirmados-no-rock-in-rio-2024-saiba-como-comprar\/#breadcrumb"},"inLanguage":"pt-BR","potentialAction":[{"@type":"ReadAction","target":["https:\/\/transamerica93.com.br\/home\/ed-sheeran-ne-yo-e-joss-stone-sao-confirmados-no-rock-in-rio-2024-saiba-como-comprar\/"]}]},{"@type":"ImageObject","inLanguage":"pt-BR","@id":"https:\/\/transamerica93.com.br\/home\/ed-sheeran-ne-yo-e-joss-stone-sao-confirmados-no-rock-in-rio-2024-saiba-como-comprar\/#primaryimage","url":"https:\/\/transamerica93.com.br\/home\/wp-content\/uploads\/2023\/11\/imagem-10.jpg","contentUrl":"https:\/\/transamerica93.com.br\/home\/wp-content\/uploads\/2023\/11\/imagem-10.jpg","width":1200,"height":629,"caption":"Foto: Divulga\u00e7\u00e3o\/ Bahia Not\u00edcias"},{"@type":"BreadcrumbList","@id":"https:\/\/transamerica93.com.br\/home\/ed-sheeran-ne-yo-e-joss-stone-sao-confirmados-no-rock-in-rio-2024-saiba-como-comprar\/#breadcrumb","itemListElement":[{"@type":"ListItem","position":1,"name":"In\u00edcio","item":"https:\/\/transamerica93.com.br\/home\/"},{"@type":"ListItem","position":2,"name":"Ed Sheeran, Ne-Yo e Joss Stone s\u00e3o confirmados no Rock In Rio 2024; saiba como comprar"}]},{"@type":"WebSite","@id":"https:\/\/transamerica93.com.br\/home\/#website","url":"https:\/\/transamerica93.com.br\/home\/","name":"Transam\u00e9rica Mococa 93,3","description":"","publisher":{"@id":"https:\/\/transamerica93.com.br\/home\/#organization"},"potentialAction":[{"@type":"SearchAction","target":{"@type":"EntryPoint","urlTemplate":"https:\/\/transamerica93.com.br\/home\/?s={search_term_string}"},"query-input":{"@type":"PropertyValueSpecification","valueRequired":true,"valueName":"search_term_string"}}],"inLanguage":"pt-BR"},{"@type":"Organization","@id":"https:\/\/transamerica93.com.br\/home\/#organization","name":"Transam\u00e9rica Mococa 93,3","url":"https:\/\/transamerica93.com.br\/home\/","logo":{"@type":"ImageObject","inLanguage":"pt-BR","@id":"https:\/\/transamerica93.com.br\/home\/#\/schema\/logo\/image\/","url":"https:\/\/transamerica93.com.br\/home\/wp-content\/uploads\/2023\/10\/logo2.png","contentUrl":"https:\/\/transamerica93.com.br\/home\/wp-content\/uploads\/2023\/10\/logo2.png","width":800,"height":500,"caption":"Transam\u00e9rica Mococa 93,3"},"image":{"@id":"https:\/\/transamerica93.com.br\/home\/#\/schema\/logo\/image\/"},"sameAs":["https:\/\/www.facebook.com\/transamericamococa","https:\/\/x.com\/transamerica933","https:\/\/www.instagram.com\/transamericamococa"]},{"@type":"Person","@id":"https:\/\/transamerica93.com.br\/home\/#\/schema\/person\/7fed7c99c0d4562efa8561bc0f543172","name":"Reda\u00e7\u00e3o","image":{"@type":"ImageObject","inLanguage":"pt-BR","@id":"https:\/\/secure.gravatar.com\/avatar\/1072c6b775fb02ef8506ce967551d95926669a6b7d2c2147b42eea4d7c68395e?s=96&d=mm&r=g","url":"https:\/\/secure.gravatar.com\/avatar\/1072c6b775fb02ef8506ce967551d95926669a6b7d2c2147b42eea4d7c68395e?s=96&d=mm&r=g","contentUrl":"https:\/\/secure.gravatar.com\/avatar\/1072c6b775fb02ef8506ce967551d95926669a6b7d2c2147b42eea4d7c68395e?s=96&d=mm&r=g","caption":"Reda\u00e7\u00e3o"},"sameAs":["https:\/\/transamerica93.com.br\/home"],"url":"https:\/\/transamerica93.com.br\/home\/author\/william\/"}]}},"_links":{"self":[{"href":"https:\/\/transamerica93.com.br\/home\/wp-json\/wp\/v2\/posts\/2034","targetHints":{"allow":["GET"]}}],"collection":[{"href":"https:\/\/transamerica93.com.br\/home\/wp-json\/wp\/v2\/posts"}],"about":[{"href":"https:\/\/transamerica93.com.br\/home\/wp-json\/wp\/v2\/types\/post"}],"author":[{"embeddable":true,"href":"https:\/\/transamerica93.com.br\/home\/wp-json\/wp\/v2\/users\/1"}],"replies":[{"embeddable":true,"href":"https:\/\/transamerica93.com.br\/home\/wp-json\/wp\/v2\/comments?post=2034"}],"version-history":[{"count":1,"href":"https:\/\/transamerica93.com.br\/home\/wp-json\/wp\/v2\/posts\/2034\/revisions"}],"predecessor-version":[{"id":2036,"href":"https:\/\/transamerica93.com.br\/home\/wp-json\/wp\/v2\/posts\/2034\/revisions\/2036"}],"wp:featuredmedia":[{"embeddable":true,"href":"https:\/\/transamerica93.com.br\/home\/wp-json\/wp\/v2\/media\/2035"}],"wp:attachment":[{"href":"https:\/\/transamerica93.com.br\/home\/wp-json\/wp\/v2\/media?parent=2034"}],"wp:term":[{"taxonomy":"category","embeddable":true,"href":"https:\/\/transamerica93.com.br\/home\/wp-json\/wp\/v2\/categories?post=2034"},{"taxonomy":"post_tag","embeddable":true,"href":"https:\/\/transamerica93.com.br\/home\/wp-json\/wp\/v2\/tags?post=2034"}],"curies":[{"name":"wp","href":"https:\/\/api.w.org\/{rel}","templated":true}]}}