{"id":2050,"date":"2023-11-30T14:43:42","date_gmt":"2023-11-30T17:43:42","guid":{"rendered":"https:\/\/transamerica93.com.br\/home\/?p=2050"},"modified":"2023-11-30T14:43:42","modified_gmt":"2023-11-30T17:43:42","slug":"pela-1a-vez-brasil-tem-mais-de-100-milhoes-de-trabalhadores-ocupados","status":"publish","type":"post","link":"https:\/\/transamerica93.com.br\/home\/pela-1a-vez-brasil-tem-mais-de-100-milhoes-de-trabalhadores-ocupados\/","title":{"rendered":"Pela 1\u00aa vez, Brasil tem mais de 100 milh\u00f5es de trabalhadores ocupados"},"content":{"rendered":"<div class=\"post-item-wrap\">\n<p>O Brasil ultrapassou a marca de 100 milh\u00f5es de trabalhadores ocupados desde o in\u00edcio\u00a0da s\u00e9rie hist\u00f3rica da Pesquisa Nacional por Amostra de Domic\u00edlios Cont\u00ednua (Pnad Cont\u00ednua) do Instituto Brasileiro de Geografia e Estat\u00edstica (IBGE). O levantamento, divulgado nesta quinta-feira (30), mostra\u00a0o n\u00famero recorde de 100,2 milh\u00f5es de pessoas, um acr\u00e9scimo de 862 mil nos \u00faltimos tr\u00eas meses.<img decoding=\"async\" data-src=\"https:\/\/agenciabrasil.ebc.com.br\/ebc.png?id=1569716&amp;o=node\" src=\"data:image\/svg+xml;base64,PHN2ZyB3aWR0aD0iMSIgaGVpZ2h0PSIxIiB4bWxucz0iaHR0cDovL3d3dy53My5vcmcvMjAwMC9zdmciPjwvc3ZnPg==\" class=\"lazyload\" \/><img decoding=\"async\" data-src=\"https:\/\/agenciabrasil.ebc.com.br\/ebc.gif?id=1569716&amp;o=node\" src=\"data:image\/svg+xml;base64,PHN2ZyB3aWR0aD0iMSIgaGVpZ2h0PSIxIiB4bWxucz0iaHR0cDovL3d3dy53My5vcmcvMjAwMC9zdmciPjwvc3ZnPg==\" class=\"lazyload\" \/><\/p>\n<p>A taxa de desocupa\u00e7\u00e3o no trimestre de agosto a outubro ficou em 7,6%, a menor desde\u00a0o trimestre encerrado em fevereiro de 2015, quando era 7,5%. O \u00edndice representa recuo de 0,3 ponto percentual em rela\u00e7\u00e3o \u00e0 m\u00e9dia de maio a julho de 2023. No mesmo per\u00edodo do ano passado, a taxa era 8,3%.<\/p>\n<p>O n\u00famero de desocupados caiu 261 mil, atingindo 8,3 milh\u00f5es de pessoas, com recuo de 3,6% ante o trimestre anterior.<\/p>\n<h2>Carteira assinada<\/h2>\n<p>O n\u00famero de empregados com carteira de trabalho no setor privado (excluindo trabalhadores dom\u00e9sticos) chegou a 37,4 milh\u00f5es, o maior desde janeiro de 2015. Esse dado representa saldo positivo de 587 mil pessoas (+1,6%) com carteira assinada nos \u00faltimos tr\u00eas meses.<\/p>\n<p>O n\u00famero de trabalhadores por conta pr\u00f3pria alcan\u00e7ou 25,6 milh\u00f5es de pessoas, um aumento de 317 mil (+1,3%) na mesma compara\u00e7\u00e3o.<\/p>\n<p>\u201cIsso mostra que tanto empregados quanto\u00a0trabalhadores por conta pr\u00f3pria contribu\u00edram para a expans\u00e3o da ocupa\u00e7\u00e3o no trimestre\u201d, explica Adriana Beringuy, coordenadora de Pesquisas por Amostra de Domic\u00edlios do IBGE.<\/p>\n<p>A taxa de informalidade foi de 39,1% da popula\u00e7\u00e3o ocupada (ou 39,2 milh\u00f5es de trabalhadores informais), est\u00e1vel\u00a0em rela\u00e7\u00e3o ao ano passado.<\/p>\n<p><strong><a href=\"https:\/\/agenciabrasil.ebc.com.br\/es\/economia\/noticia\/2023-11\/record-brasil-tiene-mas-de-100-millones-de-trabajadores-ocupados\" target=\"_blank\" rel=\"noopener\">&gt;&gt; Lea en Espa\u00f1ol:\u00a0Brasil tiene m\u00e1s de 100 millones de trabajadores ocupados<\/a><\/strong><\/p>\n<h2>Rendimento<\/h2>\n<p>O rendimento m\u00e9dio real do trabalhador foi estimado em R$ 2.999, com alta de 1,7% em rela\u00e7\u00e3o ao trimestre encerrado em junho e de 3,9% ante o mesmo per\u00edodo do ano passado. \u00c9 a maior cifra desde o trimestre encerrado em julho de 2020 (R$ 3.152).<\/p>\n<p>O IBGE atribui\u00a0essa evolu\u00e7\u00e3o \u00e0 expans\u00e3o continuada entre ocupados com carteira assinada, ocupa\u00e7\u00e3o normalmente com rendimentos maiores. \u201cA leitura que podemos fazer \u00e9 que h\u00e1 um ganho quantitativo, com aumento da popula\u00e7\u00e3o ocupada, e qualitativo, com o aumento do rendimento m\u00e9dio&#8221;, diz Beringuy.<\/p>\n<\/div>\n<p class=\"alt-font font-italic my-2 small text-info\">Edi\u00e7\u00e3o: Gra\u00e7a Adjuto<\/p>\n","protected":false},"excerpt":{"rendered":"<p>O Brasil ultrapassou a marca de 100 milh\u00f5es de trabalhadores ocupados desde o in\u00edcio\u00a0da s\u00e9rie hist\u00f3rica da Pesquisa Nacional por Amostra de Domic\u00edlios Cont\u00ednua (Pnad Cont\u00ednua) do Instituto Brasileiro de Geografia e Estat\u00edstica (IBGE). O levantamento, divulgado nesta quinta-feira (30), mostra\u00a0o n\u00famero recorde de 100,2 milh\u00f5es de pessoas, um acr\u00e9scimo de 862 mil nos \u00faltimos &hellip;<\/p>\n","protected":false},"author":1,"featured_media":2051,"comment_status":"closed","ping_status":"closed","sticky":false,"template":"","format":"standard","meta":{"footnotes":""},"categories":[30],"tags":[],"class_list":["post-2050","post","type-post","status-publish","format-standard","has-post-thumbnail","hentry","category-geral"],"yoast_head":"<!-- This site is optimized with the Yoast SEO plugin v27.4 - https:\/\/yoast.com\/product\/yoast-seo-wordpress\/ -->\n<title>Pela 1\u00aa vez, Brasil tem mais de 100 milh\u00f5es de trabalhadores ocupados - Transam\u00e9rica Mococa 93,3<\/title>\n<meta name=\"robots\" content=\"index, follow, max-snippet:-1, max-image-preview:large, max-video-preview:-1\" \/>\n<link rel=\"canonical\" href=\"https:\/\/transamerica93.com.br\/home\/pela-1a-vez-brasil-tem-mais-de-100-milhoes-de-trabalhadores-ocupados\/\" \/>\n<meta property=\"og:locale\" content=\"pt_BR\" \/>\n<meta property=\"og:type\" content=\"article\" \/>\n<meta property=\"og:title\" content=\"Pela 1\u00aa vez, Brasil tem mais de 100 milh\u00f5es de trabalhadores ocupados - Transam\u00e9rica Mococa 93,3\" \/>\n<meta property=\"og:description\" content=\"O Brasil ultrapassou a marca de 100 milh\u00f5es de trabalhadores ocupados desde o in\u00edcio\u00a0da s\u00e9rie hist\u00f3rica da Pesquisa Nacional por Amostra de Domic\u00edlios Cont\u00ednua (Pnad Cont\u00ednua) do Instituto Brasileiro de Geografia e Estat\u00edstica (IBGE). O levantamento, divulgado nesta quinta-feira (30), mostra\u00a0o n\u00famero recorde de 100,2 milh\u00f5es de pessoas, um acr\u00e9scimo de 862 mil nos \u00faltimos &hellip;\" \/>\n<meta property=\"og:url\" content=\"https:\/\/transamerica93.com.br\/home\/pela-1a-vez-brasil-tem-mais-de-100-milhoes-de-trabalhadores-ocupados\/\" \/>\n<meta property=\"og:site_name\" content=\"Transam\u00e9rica Mococa 93,3\" \/>\n<meta property=\"article:publisher\" content=\"https:\/\/www.facebook.com\/transamericamococa\" \/>\n<meta property=\"article:published_time\" content=\"2023-11-30T17:43:42+00:00\" \/>\n<meta property=\"og:image\" content=\"https:\/\/transamerica93.com.br\/home\/wp-content\/uploads\/2023\/11\/imagem-11.jpg\" \/>\n\t<meta property=\"og:image:width\" content=\"1170\" \/>\n\t<meta property=\"og:image:height\" content=\"700\" \/>\n\t<meta property=\"og:image:type\" content=\"image\/jpeg\" \/>\n<meta name=\"author\" content=\"Reda\u00e7\u00e3o\" \/>\n<meta name=\"twitter:card\" content=\"summary_large_image\" \/>\n<meta name=\"twitter:creator\" content=\"@transamerica933\" \/>\n<meta name=\"twitter:site\" content=\"@transamerica933\" \/>\n<meta name=\"twitter:label1\" content=\"Escrito por\" \/>\n\t<meta name=\"twitter:data1\" content=\"Reda\u00e7\u00e3o\" \/>\n\t<meta name=\"twitter:label2\" content=\"Est. tempo de leitura\" \/>\n\t<meta name=\"twitter:data2\" content=\"3 minutos\" \/>\n<script type=\"application\/ld+json\" class=\"yoast-schema-graph\">{\"@context\":\"https:\\\/\\\/schema.org\",\"@graph\":[{\"@type\":\"Article\",\"@id\":\"https:\\\/\\\/transamerica93.com.br\\\/home\\\/pela-1a-vez-brasil-tem-mais-de-100-milhoes-de-trabalhadores-ocupados\\\/#article\",\"isPartOf\":{\"@id\":\"https:\\\/\\\/transamerica93.com.br\\\/home\\\/pela-1a-vez-brasil-tem-mais-de-100-milhoes-de-trabalhadores-ocupados\\\/\"},\"author\":{\"name\":\"Reda\u00e7\u00e3o\",\"@id\":\"https:\\\/\\\/transamerica93.com.br\\\/home\\\/#\\\/schema\\\/person\\\/7fed7c99c0d4562efa8561bc0f543172\"},\"headline\":\"Pela 1\u00aa vez, Brasil tem mais de 100 milh\u00f5es de trabalhadores ocupados\",\"datePublished\":\"2023-11-30T17:43:42+00:00\",\"mainEntityOfPage\":{\"@id\":\"https:\\\/\\\/transamerica93.com.br\\\/home\\\/pela-1a-vez-brasil-tem-mais-de-100-milhoes-de-trabalhadores-ocupados\\\/\"},\"wordCount\":384,\"publisher\":{\"@id\":\"https:\\\/\\\/transamerica93.com.br\\\/home\\\/#organization\"},\"image\":{\"@id\":\"https:\\\/\\\/transamerica93.com.br\\\/home\\\/pela-1a-vez-brasil-tem-mais-de-100-milhoes-de-trabalhadores-ocupados\\\/#primaryimage\"},\"thumbnailUrl\":\"https:\\\/\\\/transamerica93.com.br\\\/home\\\/wp-content\\\/uploads\\\/2023\\\/11\\\/imagem-11.jpg\",\"articleSection\":[\"Geral\"],\"inLanguage\":\"pt-BR\"},{\"@type\":\"WebPage\",\"@id\":\"https:\\\/\\\/transamerica93.com.br\\\/home\\\/pela-1a-vez-brasil-tem-mais-de-100-milhoes-de-trabalhadores-ocupados\\\/\",\"url\":\"https:\\\/\\\/transamerica93.com.br\\\/home\\\/pela-1a-vez-brasil-tem-mais-de-100-milhoes-de-trabalhadores-ocupados\\\/\",\"name\":\"Pela 1\u00aa vez, Brasil tem mais de 100 milh\u00f5es de trabalhadores ocupados - Transam\u00e9rica Mococa 93,3\",\"isPartOf\":{\"@id\":\"https:\\\/\\\/transamerica93.com.br\\\/home\\\/#website\"},\"primaryImageOfPage\":{\"@id\":\"https:\\\/\\\/transamerica93.com.br\\\/home\\\/pela-1a-vez-brasil-tem-mais-de-100-milhoes-de-trabalhadores-ocupados\\\/#primaryimage\"},\"image\":{\"@id\":\"https:\\\/\\\/transamerica93.com.br\\\/home\\\/pela-1a-vez-brasil-tem-mais-de-100-milhoes-de-trabalhadores-ocupados\\\/#primaryimage\"},\"thumbnailUrl\":\"https:\\\/\\\/transamerica93.com.br\\\/home\\\/wp-content\\\/uploads\\\/2023\\\/11\\\/imagem-11.jpg\",\"datePublished\":\"2023-11-30T17:43:42+00:00\",\"breadcrumb\":{\"@id\":\"https:\\\/\\\/transamerica93.com.br\\\/home\\\/pela-1a-vez-brasil-tem-mais-de-100-milhoes-de-trabalhadores-ocupados\\\/#breadcrumb\"},\"inLanguage\":\"pt-BR\",\"potentialAction\":[{\"@type\":\"ReadAction\",\"target\":[\"https:\\\/\\\/transamerica93.com.br\\\/home\\\/pela-1a-vez-brasil-tem-mais-de-100-milhoes-de-trabalhadores-ocupados\\\/\"]}]},{\"@type\":\"ImageObject\",\"inLanguage\":\"pt-BR\",\"@id\":\"https:\\\/\\\/transamerica93.com.br\\\/home\\\/pela-1a-vez-brasil-tem-mais-de-100-milhoes-de-trabalhadores-ocupados\\\/#primaryimage\",\"url\":\"https:\\\/\\\/transamerica93.com.br\\\/home\\\/wp-content\\\/uploads\\\/2023\\\/11\\\/imagem-11.jpg\",\"contentUrl\":\"https:\\\/\\\/transamerica93.com.br\\\/home\\\/wp-content\\\/uploads\\\/2023\\\/11\\\/imagem-11.jpg\",\"width\":1170,\"height\":700,\"caption\":\"\u00a9 Ag\u00eancia Bras\u00edlia\"},{\"@type\":\"BreadcrumbList\",\"@id\":\"https:\\\/\\\/transamerica93.com.br\\\/home\\\/pela-1a-vez-brasil-tem-mais-de-100-milhoes-de-trabalhadores-ocupados\\\/#breadcrumb\",\"itemListElement\":[{\"@type\":\"ListItem\",\"position\":1,\"name\":\"In\u00edcio\",\"item\":\"https:\\\/\\\/transamerica93.com.br\\\/home\\\/\"},{\"@type\":\"ListItem\",\"position\":2,\"name\":\"Pela 1\u00aa vez, Brasil tem mais de 100 milh\u00f5es de trabalhadores ocupados\"}]},{\"@type\":\"WebSite\",\"@id\":\"https:\\\/\\\/transamerica93.com.br\\\/home\\\/#website\",\"url\":\"https:\\\/\\\/transamerica93.com.br\\\/home\\\/\",\"name\":\"Transam\u00e9rica Mococa 93,3\",\"description\":\"\",\"publisher\":{\"@id\":\"https:\\\/\\\/transamerica93.com.br\\\/home\\\/#organization\"},\"potentialAction\":[{\"@type\":\"SearchAction\",\"target\":{\"@type\":\"EntryPoint\",\"urlTemplate\":\"https:\\\/\\\/transamerica93.com.br\\\/home\\\/?s={search_term_string}\"},\"query-input\":{\"@type\":\"PropertyValueSpecification\",\"valueRequired\":true,\"valueName\":\"search_term_string\"}}],\"inLanguage\":\"pt-BR\"},{\"@type\":\"Organization\",\"@id\":\"https:\\\/\\\/transamerica93.com.br\\\/home\\\/#organization\",\"name\":\"Transam\u00e9rica Mococa 93,3\",\"url\":\"https:\\\/\\\/transamerica93.com.br\\\/home\\\/\",\"logo\":{\"@type\":\"ImageObject\",\"inLanguage\":\"pt-BR\",\"@id\":\"https:\\\/\\\/transamerica93.com.br\\\/home\\\/#\\\/schema\\\/logo\\\/image\\\/\",\"url\":\"https:\\\/\\\/transamerica93.com.br\\\/home\\\/wp-content\\\/uploads\\\/2023\\\/10\\\/logo2.png\",\"contentUrl\":\"https:\\\/\\\/transamerica93.com.br\\\/home\\\/wp-content\\\/uploads\\\/2023\\\/10\\\/logo2.png\",\"width\":800,\"height\":500,\"caption\":\"Transam\u00e9rica Mococa 93,3\"},\"image\":{\"@id\":\"https:\\\/\\\/transamerica93.com.br\\\/home\\\/#\\\/schema\\\/logo\\\/image\\\/\"},\"sameAs\":[\"https:\\\/\\\/www.facebook.com\\\/transamericamococa\",\"https:\\\/\\\/x.com\\\/transamerica933\",\"https:\\\/\\\/www.instagram.com\\\/transamericamococa\"]},{\"@type\":\"Person\",\"@id\":\"https:\\\/\\\/transamerica93.com.br\\\/home\\\/#\\\/schema\\\/person\\\/7fed7c99c0d4562efa8561bc0f543172\",\"name\":\"Reda\u00e7\u00e3o\",\"image\":{\"@type\":\"ImageObject\",\"inLanguage\":\"pt-BR\",\"@id\":\"https:\\\/\\\/secure.gravatar.com\\\/avatar\\\/1072c6b775fb02ef8506ce967551d95926669a6b7d2c2147b42eea4d7c68395e?s=96&d=mm&r=g\",\"url\":\"https:\\\/\\\/secure.gravatar.com\\\/avatar\\\/1072c6b775fb02ef8506ce967551d95926669a6b7d2c2147b42eea4d7c68395e?s=96&d=mm&r=g\",\"contentUrl\":\"https:\\\/\\\/secure.gravatar.com\\\/avatar\\\/1072c6b775fb02ef8506ce967551d95926669a6b7d2c2147b42eea4d7c68395e?s=96&d=mm&r=g\",\"caption\":\"Reda\u00e7\u00e3o\"},\"sameAs\":[\"https:\\\/\\\/transamerica93.com.br\\\/home\"],\"url\":\"https:\\\/\\\/transamerica93.com.br\\\/home\\\/author\\\/william\\\/\"}]}<\/script>\n<!-- \/ Yoast SEO plugin. -->","yoast_head_json":{"title":"Pela 1\u00aa vez, Brasil tem mais de 100 milh\u00f5es de trabalhadores ocupados - Transam\u00e9rica Mococa 93,3","robots":{"index":"index","follow":"follow","max-snippet":"max-snippet:-1","max-image-preview":"max-image-preview:large","max-video-preview":"max-video-preview:-1"},"canonical":"https:\/\/transamerica93.com.br\/home\/pela-1a-vez-brasil-tem-mais-de-100-milhoes-de-trabalhadores-ocupados\/","og_locale":"pt_BR","og_type":"article","og_title":"Pela 1\u00aa vez, Brasil tem mais de 100 milh\u00f5es de trabalhadores ocupados - Transam\u00e9rica Mococa 93,3","og_description":"O Brasil ultrapassou a marca de 100 milh\u00f5es de trabalhadores ocupados desde o in\u00edcio\u00a0da s\u00e9rie hist\u00f3rica da Pesquisa Nacional por Amostra de Domic\u00edlios Cont\u00ednua (Pnad Cont\u00ednua) do Instituto Brasileiro de Geografia e Estat\u00edstica (IBGE). O levantamento, divulgado nesta quinta-feira (30), mostra\u00a0o n\u00famero recorde de 100,2 milh\u00f5es de pessoas, um acr\u00e9scimo de 862 mil nos \u00faltimos &hellip;","og_url":"https:\/\/transamerica93.com.br\/home\/pela-1a-vez-brasil-tem-mais-de-100-milhoes-de-trabalhadores-ocupados\/","og_site_name":"Transam\u00e9rica Mococa 93,3","article_publisher":"https:\/\/www.facebook.com\/transamericamococa","article_published_time":"2023-11-30T17:43:42+00:00","og_image":[{"width":1170,"height":700,"url":"https:\/\/transamerica93.com.br\/home\/wp-content\/uploads\/2023\/11\/imagem-11.jpg","type":"image\/jpeg"}],"author":"Reda\u00e7\u00e3o","twitter_card":"summary_large_image","twitter_creator":"@transamerica933","twitter_site":"@transamerica933","twitter_misc":{"Escrito por":"Reda\u00e7\u00e3o","Est. tempo de leitura":"3 minutos"},"schema":{"@context":"https:\/\/schema.org","@graph":[{"@type":"Article","@id":"https:\/\/transamerica93.com.br\/home\/pela-1a-vez-brasil-tem-mais-de-100-milhoes-de-trabalhadores-ocupados\/#article","isPartOf":{"@id":"https:\/\/transamerica93.com.br\/home\/pela-1a-vez-brasil-tem-mais-de-100-milhoes-de-trabalhadores-ocupados\/"},"author":{"name":"Reda\u00e7\u00e3o","@id":"https:\/\/transamerica93.com.br\/home\/#\/schema\/person\/7fed7c99c0d4562efa8561bc0f543172"},"headline":"Pela 1\u00aa vez, Brasil tem mais de 100 milh\u00f5es de trabalhadores ocupados","datePublished":"2023-11-30T17:43:42+00:00","mainEntityOfPage":{"@id":"https:\/\/transamerica93.com.br\/home\/pela-1a-vez-brasil-tem-mais-de-100-milhoes-de-trabalhadores-ocupados\/"},"wordCount":384,"publisher":{"@id":"https:\/\/transamerica93.com.br\/home\/#organization"},"image":{"@id":"https:\/\/transamerica93.com.br\/home\/pela-1a-vez-brasil-tem-mais-de-100-milhoes-de-trabalhadores-ocupados\/#primaryimage"},"thumbnailUrl":"https:\/\/transamerica93.com.br\/home\/wp-content\/uploads\/2023\/11\/imagem-11.jpg","articleSection":["Geral"],"inLanguage":"pt-BR"},{"@type":"WebPage","@id":"https:\/\/transamerica93.com.br\/home\/pela-1a-vez-brasil-tem-mais-de-100-milhoes-de-trabalhadores-ocupados\/","url":"https:\/\/transamerica93.com.br\/home\/pela-1a-vez-brasil-tem-mais-de-100-milhoes-de-trabalhadores-ocupados\/","name":"Pela 1\u00aa vez, Brasil tem mais de 100 milh\u00f5es de trabalhadores ocupados - Transam\u00e9rica Mococa 93,3","isPartOf":{"@id":"https:\/\/transamerica93.com.br\/home\/#website"},"primaryImageOfPage":{"@id":"https:\/\/transamerica93.com.br\/home\/pela-1a-vez-brasil-tem-mais-de-100-milhoes-de-trabalhadores-ocupados\/#primaryimage"},"image":{"@id":"https:\/\/transamerica93.com.br\/home\/pela-1a-vez-brasil-tem-mais-de-100-milhoes-de-trabalhadores-ocupados\/#primaryimage"},"thumbnailUrl":"https:\/\/transamerica93.com.br\/home\/wp-content\/uploads\/2023\/11\/imagem-11.jpg","datePublished":"2023-11-30T17:43:42+00:00","breadcrumb":{"@id":"https:\/\/transamerica93.com.br\/home\/pela-1a-vez-brasil-tem-mais-de-100-milhoes-de-trabalhadores-ocupados\/#breadcrumb"},"inLanguage":"pt-BR","potentialAction":[{"@type":"ReadAction","target":["https:\/\/transamerica93.com.br\/home\/pela-1a-vez-brasil-tem-mais-de-100-milhoes-de-trabalhadores-ocupados\/"]}]},{"@type":"ImageObject","inLanguage":"pt-BR","@id":"https:\/\/transamerica93.com.br\/home\/pela-1a-vez-brasil-tem-mais-de-100-milhoes-de-trabalhadores-ocupados\/#primaryimage","url":"https:\/\/transamerica93.com.br\/home\/wp-content\/uploads\/2023\/11\/imagem-11.jpg","contentUrl":"https:\/\/transamerica93.com.br\/home\/wp-content\/uploads\/2023\/11\/imagem-11.jpg","width":1170,"height":700,"caption":"\u00a9 Ag\u00eancia Bras\u00edlia"},{"@type":"BreadcrumbList","@id":"https:\/\/transamerica93.com.br\/home\/pela-1a-vez-brasil-tem-mais-de-100-milhoes-de-trabalhadores-ocupados\/#breadcrumb","itemListElement":[{"@type":"ListItem","position":1,"name":"In\u00edcio","item":"https:\/\/transamerica93.com.br\/home\/"},{"@type":"ListItem","position":2,"name":"Pela 1\u00aa vez, Brasil tem mais de 100 milh\u00f5es de trabalhadores ocupados"}]},{"@type":"WebSite","@id":"https:\/\/transamerica93.com.br\/home\/#website","url":"https:\/\/transamerica93.com.br\/home\/","name":"Transam\u00e9rica Mococa 93,3","description":"","publisher":{"@id":"https:\/\/transamerica93.com.br\/home\/#organization"},"potentialAction":[{"@type":"SearchAction","target":{"@type":"EntryPoint","urlTemplate":"https:\/\/transamerica93.com.br\/home\/?s={search_term_string}"},"query-input":{"@type":"PropertyValueSpecification","valueRequired":true,"valueName":"search_term_string"}}],"inLanguage":"pt-BR"},{"@type":"Organization","@id":"https:\/\/transamerica93.com.br\/home\/#organization","name":"Transam\u00e9rica Mococa 93,3","url":"https:\/\/transamerica93.com.br\/home\/","logo":{"@type":"ImageObject","inLanguage":"pt-BR","@id":"https:\/\/transamerica93.com.br\/home\/#\/schema\/logo\/image\/","url":"https:\/\/transamerica93.com.br\/home\/wp-content\/uploads\/2023\/10\/logo2.png","contentUrl":"https:\/\/transamerica93.com.br\/home\/wp-content\/uploads\/2023\/10\/logo2.png","width":800,"height":500,"caption":"Transam\u00e9rica Mococa 93,3"},"image":{"@id":"https:\/\/transamerica93.com.br\/home\/#\/schema\/logo\/image\/"},"sameAs":["https:\/\/www.facebook.com\/transamericamococa","https:\/\/x.com\/transamerica933","https:\/\/www.instagram.com\/transamericamococa"]},{"@type":"Person","@id":"https:\/\/transamerica93.com.br\/home\/#\/schema\/person\/7fed7c99c0d4562efa8561bc0f543172","name":"Reda\u00e7\u00e3o","image":{"@type":"ImageObject","inLanguage":"pt-BR","@id":"https:\/\/secure.gravatar.com\/avatar\/1072c6b775fb02ef8506ce967551d95926669a6b7d2c2147b42eea4d7c68395e?s=96&d=mm&r=g","url":"https:\/\/secure.gravatar.com\/avatar\/1072c6b775fb02ef8506ce967551d95926669a6b7d2c2147b42eea4d7c68395e?s=96&d=mm&r=g","contentUrl":"https:\/\/secure.gravatar.com\/avatar\/1072c6b775fb02ef8506ce967551d95926669a6b7d2c2147b42eea4d7c68395e?s=96&d=mm&r=g","caption":"Reda\u00e7\u00e3o"},"sameAs":["https:\/\/transamerica93.com.br\/home"],"url":"https:\/\/transamerica93.com.br\/home\/author\/william\/"}]}},"_links":{"self":[{"href":"https:\/\/transamerica93.com.br\/home\/wp-json\/wp\/v2\/posts\/2050","targetHints":{"allow":["GET"]}}],"collection":[{"href":"https:\/\/transamerica93.com.br\/home\/wp-json\/wp\/v2\/posts"}],"about":[{"href":"https:\/\/transamerica93.com.br\/home\/wp-json\/wp\/v2\/types\/post"}],"author":[{"embeddable":true,"href":"https:\/\/transamerica93.com.br\/home\/wp-json\/wp\/v2\/users\/1"}],"replies":[{"embeddable":true,"href":"https:\/\/transamerica93.com.br\/home\/wp-json\/wp\/v2\/comments?post=2050"}],"version-history":[{"count":1,"href":"https:\/\/transamerica93.com.br\/home\/wp-json\/wp\/v2\/posts\/2050\/revisions"}],"predecessor-version":[{"id":2052,"href":"https:\/\/transamerica93.com.br\/home\/wp-json\/wp\/v2\/posts\/2050\/revisions\/2052"}],"wp:featuredmedia":[{"embeddable":true,"href":"https:\/\/transamerica93.com.br\/home\/wp-json\/wp\/v2\/media\/2051"}],"wp:attachment":[{"href":"https:\/\/transamerica93.com.br\/home\/wp-json\/wp\/v2\/media?parent=2050"}],"wp:term":[{"taxonomy":"category","embeddable":true,"href":"https:\/\/transamerica93.com.br\/home\/wp-json\/wp\/v2\/categories?post=2050"},{"taxonomy":"post_tag","embeddable":true,"href":"https:\/\/transamerica93.com.br\/home\/wp-json\/wp\/v2\/tags?post=2050"}],"curies":[{"name":"wp","href":"https:\/\/api.w.org\/{rel}","templated":true}]}}