{"id":2056,"date":"2023-11-30T14:48:52","date_gmt":"2023-11-30T17:48:52","guid":{"rendered":"https:\/\/transamerica93.com.br\/home\/?p=2056"},"modified":"2023-11-30T14:48:52","modified_gmt":"2023-11-30T17:48:52","slug":"taylor-swift-comemora-shows-no-brasil-mas-nao-menciona-morte-de-fa-ou-homenagem-no-cristo","status":"publish","type":"post","link":"https:\/\/transamerica93.com.br\/home\/taylor-swift-comemora-shows-no-brasil-mas-nao-menciona-morte-de-fa-ou-homenagem-no-cristo\/","title":{"rendered":"Taylor Swift comemora shows no Brasil, mas n\u00e3o menciona morte de f\u00e3 ou homenagem no Cristo"},"content":{"rendered":"<p>Por Reda\u00e7\u00e3o E+<\/p>\n<p>Taylor Swift comemorou os shows da\u00a0<i>The Eras Tour<\/i>\u00a0que fez no Brasil em publica\u00e7\u00e3o nas redes sociais na ter\u00e7a-feira, 28 Com seis apresenta\u00e7\u00f5es no Pa\u00eds, a passagem da artista ficou marcada pela homenagem que os f\u00e3s fizeram para ela no Cristo Redentor e pela morte de Ana Clara Benevides, de 23 anos, ap\u00f3s passar mal na primeira performance da cantora em solo brasileiro No entanto, ela n\u00e3o mencionou esses acontecimentos no post do Instagram.<\/p>\n<p>&#8220;Trazer uma turn\u00ea para o Brasil \u00e9 algo que sonho h\u00e1 anos, e aqueles f\u00e3s superaram as minhas expectativas. Encerramos oficialmente a Eras Tour 2023 e conseguimos encerrar o ano com 6 shows no Rio e em S\u00e3o Paulo, com os p\u00fablicos mais m\u00e1gicos. Sou muito grata a minha banda, equipe e dan\u00e7arinos por tudo que eles colocaram neste show durante o ano todo&#8221;, disse ela na rede social.<\/p>\n<p>&#8220;Para as pessoas que vieram ver, voc\u00eas foram o que fizeram aqueles est\u00e1dios parecerem t\u00e3o vivos, el\u00e9tricos e inesquec\u00edveis para mim. Realmente, me sinto t\u00e3o orgulhosa e emocionada. Nos vemos em 2024?, finalizou a artista.<\/p>\n<p>Os f\u00e3s notaram e reclamaram da aus\u00eancia da homenagem no Cristo Redentor &#8211; na qual o p\u00fablico se mobilizou para chamar a aten\u00e7\u00e3o do prefeito do Rio, Eduardo Paes (PSD), e do Padre Omar, que coordena as homenagens no monumento. &#8220;Quando vi, achei que fosse Photoshop&#8221;, confessou Taylor durante o primeiro show da turn\u00ea no Brasil.<\/p>\n","protected":false},"excerpt":{"rendered":"<p>Por Reda\u00e7\u00e3o E+ Taylor Swift comemorou os shows da\u00a0The Eras Tour\u00a0que fez no Brasil em publica\u00e7\u00e3o nas redes sociais na ter\u00e7a-feira, 28 Com seis apresenta\u00e7\u00f5es no Pa\u00eds, a passagem da artista ficou marcada pela homenagem que os f\u00e3s fizeram para ela no Cristo Redentor e pela morte de Ana Clara Benevides, de 23 anos, ap\u00f3s &hellip;<\/p>\n","protected":false},"author":1,"featured_media":2057,"comment_status":"closed","ping_status":"closed","sticky":false,"template":"","format":"standard","meta":{"footnotes":""},"categories":[25],"tags":[],"class_list":["post-2056","post","type-post","status-publish","format-standard","has-post-thumbnail","hentry","category-musica"],"yoast_head":"<!-- This site is optimized with the Yoast SEO plugin v27.4 - https:\/\/yoast.com\/product\/yoast-seo-wordpress\/ -->\n<title>Taylor Swift comemora shows no Brasil, mas n\u00e3o menciona morte de f\u00e3 ou homenagem no Cristo - Transam\u00e9rica Mococa 93,3<\/title>\n<meta name=\"robots\" content=\"index, follow, max-snippet:-1, max-image-preview:large, max-video-preview:-1\" \/>\n<link rel=\"canonical\" href=\"https:\/\/transamerica93.com.br\/home\/taylor-swift-comemora-shows-no-brasil-mas-nao-menciona-morte-de-fa-ou-homenagem-no-cristo\/\" \/>\n<meta property=\"og:locale\" content=\"pt_BR\" \/>\n<meta property=\"og:type\" content=\"article\" \/>\n<meta property=\"og:title\" content=\"Taylor Swift comemora shows no Brasil, mas n\u00e3o menciona morte de f\u00e3 ou homenagem no Cristo - Transam\u00e9rica Mococa 93,3\" \/>\n<meta property=\"og:description\" content=\"Por Reda\u00e7\u00e3o E+ Taylor Swift comemorou os shows da\u00a0The Eras Tour\u00a0que fez no Brasil em publica\u00e7\u00e3o nas redes sociais na ter\u00e7a-feira, 28 Com seis apresenta\u00e7\u00f5es no Pa\u00eds, a passagem da artista ficou marcada pela homenagem que os f\u00e3s fizeram para ela no Cristo Redentor e pela morte de Ana Clara Benevides, de 23 anos, ap\u00f3s &hellip;\" \/>\n<meta property=\"og:url\" content=\"https:\/\/transamerica93.com.br\/home\/taylor-swift-comemora-shows-no-brasil-mas-nao-menciona-morte-de-fa-ou-homenagem-no-cristo\/\" \/>\n<meta property=\"og:site_name\" content=\"Transam\u00e9rica Mococa 93,3\" \/>\n<meta property=\"article:publisher\" content=\"https:\/\/www.facebook.com\/transamericamococa\" \/>\n<meta property=\"article:published_time\" content=\"2023-11-30T17:48:52+00:00\" \/>\n<meta property=\"og:image\" content=\"https:\/\/transamerica93.com.br\/home\/wp-content\/uploads\/2023\/11\/imagem-13.jpg\" \/>\n\t<meta property=\"og:image:width\" content=\"953\" \/>\n\t<meta property=\"og:image:height\" content=\"627\" \/>\n\t<meta property=\"og:image:type\" content=\"image\/jpeg\" \/>\n<meta name=\"author\" content=\"Reda\u00e7\u00e3o\" \/>\n<meta name=\"twitter:card\" content=\"summary_large_image\" \/>\n<meta name=\"twitter:creator\" content=\"@transamerica933\" \/>\n<meta name=\"twitter:site\" content=\"@transamerica933\" \/>\n<meta name=\"twitter:label1\" content=\"Escrito por\" \/>\n\t<meta name=\"twitter:data1\" content=\"Reda\u00e7\u00e3o\" \/>\n\t<meta name=\"twitter:label2\" content=\"Est. tempo de leitura\" \/>\n\t<meta name=\"twitter:data2\" content=\"2 minutos\" \/>\n<script type=\"application\/ld+json\" class=\"yoast-schema-graph\">{\"@context\":\"https:\\\/\\\/schema.org\",\"@graph\":[{\"@type\":\"Article\",\"@id\":\"https:\\\/\\\/transamerica93.com.br\\\/home\\\/taylor-swift-comemora-shows-no-brasil-mas-nao-menciona-morte-de-fa-ou-homenagem-no-cristo\\\/#article\",\"isPartOf\":{\"@id\":\"https:\\\/\\\/transamerica93.com.br\\\/home\\\/taylor-swift-comemora-shows-no-brasil-mas-nao-menciona-morte-de-fa-ou-homenagem-no-cristo\\\/\"},\"author\":{\"name\":\"Reda\u00e7\u00e3o\",\"@id\":\"https:\\\/\\\/transamerica93.com.br\\\/home\\\/#\\\/schema\\\/person\\\/7fed7c99c0d4562efa8561bc0f543172\"},\"headline\":\"Taylor Swift comemora shows no Brasil, mas n\u00e3o menciona morte de f\u00e3 ou homenagem no Cristo\",\"datePublished\":\"2023-11-30T17:48:52+00:00\",\"mainEntityOfPage\":{\"@id\":\"https:\\\/\\\/transamerica93.com.br\\\/home\\\/taylor-swift-comemora-shows-no-brasil-mas-nao-menciona-morte-de-fa-ou-homenagem-no-cristo\\\/\"},\"wordCount\":272,\"publisher\":{\"@id\":\"https:\\\/\\\/transamerica93.com.br\\\/home\\\/#organization\"},\"image\":{\"@id\":\"https:\\\/\\\/transamerica93.com.br\\\/home\\\/taylor-swift-comemora-shows-no-brasil-mas-nao-menciona-morte-de-fa-ou-homenagem-no-cristo\\\/#primaryimage\"},\"thumbnailUrl\":\"https:\\\/\\\/transamerica93.com.br\\\/home\\\/wp-content\\\/uploads\\\/2023\\\/11\\\/imagem-13.jpg\",\"articleSection\":[\"M\u00fasica\"],\"inLanguage\":\"pt-BR\"},{\"@type\":\"WebPage\",\"@id\":\"https:\\\/\\\/transamerica93.com.br\\\/home\\\/taylor-swift-comemora-shows-no-brasil-mas-nao-menciona-morte-de-fa-ou-homenagem-no-cristo\\\/\",\"url\":\"https:\\\/\\\/transamerica93.com.br\\\/home\\\/taylor-swift-comemora-shows-no-brasil-mas-nao-menciona-morte-de-fa-ou-homenagem-no-cristo\\\/\",\"name\":\"Taylor Swift comemora shows no Brasil, mas n\u00e3o menciona morte de f\u00e3 ou homenagem no Cristo - Transam\u00e9rica Mococa 93,3\",\"isPartOf\":{\"@id\":\"https:\\\/\\\/transamerica93.com.br\\\/home\\\/#website\"},\"primaryImageOfPage\":{\"@id\":\"https:\\\/\\\/transamerica93.com.br\\\/home\\\/taylor-swift-comemora-shows-no-brasil-mas-nao-menciona-morte-de-fa-ou-homenagem-no-cristo\\\/#primaryimage\"},\"image\":{\"@id\":\"https:\\\/\\\/transamerica93.com.br\\\/home\\\/taylor-swift-comemora-shows-no-brasil-mas-nao-menciona-morte-de-fa-ou-homenagem-no-cristo\\\/#primaryimage\"},\"thumbnailUrl\":\"https:\\\/\\\/transamerica93.com.br\\\/home\\\/wp-content\\\/uploads\\\/2023\\\/11\\\/imagem-13.jpg\",\"datePublished\":\"2023-11-30T17:48:52+00:00\",\"breadcrumb\":{\"@id\":\"https:\\\/\\\/transamerica93.com.br\\\/home\\\/taylor-swift-comemora-shows-no-brasil-mas-nao-menciona-morte-de-fa-ou-homenagem-no-cristo\\\/#breadcrumb\"},\"inLanguage\":\"pt-BR\",\"potentialAction\":[{\"@type\":\"ReadAction\",\"target\":[\"https:\\\/\\\/transamerica93.com.br\\\/home\\\/taylor-swift-comemora-shows-no-brasil-mas-nao-menciona-morte-de-fa-ou-homenagem-no-cristo\\\/\"]}]},{\"@type\":\"ImageObject\",\"inLanguage\":\"pt-BR\",\"@id\":\"https:\\\/\\\/transamerica93.com.br\\\/home\\\/taylor-swift-comemora-shows-no-brasil-mas-nao-menciona-morte-de-fa-ou-homenagem-no-cristo\\\/#primaryimage\",\"url\":\"https:\\\/\\\/transamerica93.com.br\\\/home\\\/wp-content\\\/uploads\\\/2023\\\/11\\\/imagem-13.jpg\",\"contentUrl\":\"https:\\\/\\\/transamerica93.com.br\\\/home\\\/wp-content\\\/uploads\\\/2023\\\/11\\\/imagem-13.jpg\",\"width\":953,\"height\":627,\"caption\":\"Foto: Instagram @taylorswift\"},{\"@type\":\"BreadcrumbList\",\"@id\":\"https:\\\/\\\/transamerica93.com.br\\\/home\\\/taylor-swift-comemora-shows-no-brasil-mas-nao-menciona-morte-de-fa-ou-homenagem-no-cristo\\\/#breadcrumb\",\"itemListElement\":[{\"@type\":\"ListItem\",\"position\":1,\"name\":\"In\u00edcio\",\"item\":\"https:\\\/\\\/transamerica93.com.br\\\/home\\\/\"},{\"@type\":\"ListItem\",\"position\":2,\"name\":\"Taylor Swift comemora shows no Brasil, mas n\u00e3o menciona morte de f\u00e3 ou homenagem no Cristo\"}]},{\"@type\":\"WebSite\",\"@id\":\"https:\\\/\\\/transamerica93.com.br\\\/home\\\/#website\",\"url\":\"https:\\\/\\\/transamerica93.com.br\\\/home\\\/\",\"name\":\"Transam\u00e9rica Mococa 93,3\",\"description\":\"\",\"publisher\":{\"@id\":\"https:\\\/\\\/transamerica93.com.br\\\/home\\\/#organization\"},\"potentialAction\":[{\"@type\":\"SearchAction\",\"target\":{\"@type\":\"EntryPoint\",\"urlTemplate\":\"https:\\\/\\\/transamerica93.com.br\\\/home\\\/?s={search_term_string}\"},\"query-input\":{\"@type\":\"PropertyValueSpecification\",\"valueRequired\":true,\"valueName\":\"search_term_string\"}}],\"inLanguage\":\"pt-BR\"},{\"@type\":\"Organization\",\"@id\":\"https:\\\/\\\/transamerica93.com.br\\\/home\\\/#organization\",\"name\":\"Transam\u00e9rica Mococa 93,3\",\"url\":\"https:\\\/\\\/transamerica93.com.br\\\/home\\\/\",\"logo\":{\"@type\":\"ImageObject\",\"inLanguage\":\"pt-BR\",\"@id\":\"https:\\\/\\\/transamerica93.com.br\\\/home\\\/#\\\/schema\\\/logo\\\/image\\\/\",\"url\":\"https:\\\/\\\/transamerica93.com.br\\\/home\\\/wp-content\\\/uploads\\\/2023\\\/10\\\/logo2.png\",\"contentUrl\":\"https:\\\/\\\/transamerica93.com.br\\\/home\\\/wp-content\\\/uploads\\\/2023\\\/10\\\/logo2.png\",\"width\":800,\"height\":500,\"caption\":\"Transam\u00e9rica Mococa 93,3\"},\"image\":{\"@id\":\"https:\\\/\\\/transamerica93.com.br\\\/home\\\/#\\\/schema\\\/logo\\\/image\\\/\"},\"sameAs\":[\"https:\\\/\\\/www.facebook.com\\\/transamericamococa\",\"https:\\\/\\\/x.com\\\/transamerica933\",\"https:\\\/\\\/www.instagram.com\\\/transamericamococa\"]},{\"@type\":\"Person\",\"@id\":\"https:\\\/\\\/transamerica93.com.br\\\/home\\\/#\\\/schema\\\/person\\\/7fed7c99c0d4562efa8561bc0f543172\",\"name\":\"Reda\u00e7\u00e3o\",\"image\":{\"@type\":\"ImageObject\",\"inLanguage\":\"pt-BR\",\"@id\":\"https:\\\/\\\/secure.gravatar.com\\\/avatar\\\/1072c6b775fb02ef8506ce967551d95926669a6b7d2c2147b42eea4d7c68395e?s=96&d=mm&r=g\",\"url\":\"https:\\\/\\\/secure.gravatar.com\\\/avatar\\\/1072c6b775fb02ef8506ce967551d95926669a6b7d2c2147b42eea4d7c68395e?s=96&d=mm&r=g\",\"contentUrl\":\"https:\\\/\\\/secure.gravatar.com\\\/avatar\\\/1072c6b775fb02ef8506ce967551d95926669a6b7d2c2147b42eea4d7c68395e?s=96&d=mm&r=g\",\"caption\":\"Reda\u00e7\u00e3o\"},\"sameAs\":[\"https:\\\/\\\/transamerica93.com.br\\\/home\"],\"url\":\"https:\\\/\\\/transamerica93.com.br\\\/home\\\/author\\\/william\\\/\"}]}<\/script>\n<!-- \/ Yoast SEO plugin. -->","yoast_head_json":{"title":"Taylor Swift comemora shows no Brasil, mas n\u00e3o menciona morte de f\u00e3 ou homenagem no Cristo - Transam\u00e9rica Mococa 93,3","robots":{"index":"index","follow":"follow","max-snippet":"max-snippet:-1","max-image-preview":"max-image-preview:large","max-video-preview":"max-video-preview:-1"},"canonical":"https:\/\/transamerica93.com.br\/home\/taylor-swift-comemora-shows-no-brasil-mas-nao-menciona-morte-de-fa-ou-homenagem-no-cristo\/","og_locale":"pt_BR","og_type":"article","og_title":"Taylor Swift comemora shows no Brasil, mas n\u00e3o menciona morte de f\u00e3 ou homenagem no Cristo - Transam\u00e9rica Mococa 93,3","og_description":"Por Reda\u00e7\u00e3o E+ Taylor Swift comemorou os shows da\u00a0The Eras Tour\u00a0que fez no Brasil em publica\u00e7\u00e3o nas redes sociais na ter\u00e7a-feira, 28 Com seis apresenta\u00e7\u00f5es no Pa\u00eds, a passagem da artista ficou marcada pela homenagem que os f\u00e3s fizeram para ela no Cristo Redentor e pela morte de Ana Clara Benevides, de 23 anos, ap\u00f3s &hellip;","og_url":"https:\/\/transamerica93.com.br\/home\/taylor-swift-comemora-shows-no-brasil-mas-nao-menciona-morte-de-fa-ou-homenagem-no-cristo\/","og_site_name":"Transam\u00e9rica Mococa 93,3","article_publisher":"https:\/\/www.facebook.com\/transamericamococa","article_published_time":"2023-11-30T17:48:52+00:00","og_image":[{"width":953,"height":627,"url":"https:\/\/transamerica93.com.br\/home\/wp-content\/uploads\/2023\/11\/imagem-13.jpg","type":"image\/jpeg"}],"author":"Reda\u00e7\u00e3o","twitter_card":"summary_large_image","twitter_creator":"@transamerica933","twitter_site":"@transamerica933","twitter_misc":{"Escrito por":"Reda\u00e7\u00e3o","Est. tempo de leitura":"2 minutos"},"schema":{"@context":"https:\/\/schema.org","@graph":[{"@type":"Article","@id":"https:\/\/transamerica93.com.br\/home\/taylor-swift-comemora-shows-no-brasil-mas-nao-menciona-morte-de-fa-ou-homenagem-no-cristo\/#article","isPartOf":{"@id":"https:\/\/transamerica93.com.br\/home\/taylor-swift-comemora-shows-no-brasil-mas-nao-menciona-morte-de-fa-ou-homenagem-no-cristo\/"},"author":{"name":"Reda\u00e7\u00e3o","@id":"https:\/\/transamerica93.com.br\/home\/#\/schema\/person\/7fed7c99c0d4562efa8561bc0f543172"},"headline":"Taylor Swift comemora shows no Brasil, mas n\u00e3o menciona morte de f\u00e3 ou homenagem no Cristo","datePublished":"2023-11-30T17:48:52+00:00","mainEntityOfPage":{"@id":"https:\/\/transamerica93.com.br\/home\/taylor-swift-comemora-shows-no-brasil-mas-nao-menciona-morte-de-fa-ou-homenagem-no-cristo\/"},"wordCount":272,"publisher":{"@id":"https:\/\/transamerica93.com.br\/home\/#organization"},"image":{"@id":"https:\/\/transamerica93.com.br\/home\/taylor-swift-comemora-shows-no-brasil-mas-nao-menciona-morte-de-fa-ou-homenagem-no-cristo\/#primaryimage"},"thumbnailUrl":"https:\/\/transamerica93.com.br\/home\/wp-content\/uploads\/2023\/11\/imagem-13.jpg","articleSection":["M\u00fasica"],"inLanguage":"pt-BR"},{"@type":"WebPage","@id":"https:\/\/transamerica93.com.br\/home\/taylor-swift-comemora-shows-no-brasil-mas-nao-menciona-morte-de-fa-ou-homenagem-no-cristo\/","url":"https:\/\/transamerica93.com.br\/home\/taylor-swift-comemora-shows-no-brasil-mas-nao-menciona-morte-de-fa-ou-homenagem-no-cristo\/","name":"Taylor Swift comemora shows no Brasil, mas n\u00e3o menciona morte de f\u00e3 ou homenagem no Cristo - Transam\u00e9rica Mococa 93,3","isPartOf":{"@id":"https:\/\/transamerica93.com.br\/home\/#website"},"primaryImageOfPage":{"@id":"https:\/\/transamerica93.com.br\/home\/taylor-swift-comemora-shows-no-brasil-mas-nao-menciona-morte-de-fa-ou-homenagem-no-cristo\/#primaryimage"},"image":{"@id":"https:\/\/transamerica93.com.br\/home\/taylor-swift-comemora-shows-no-brasil-mas-nao-menciona-morte-de-fa-ou-homenagem-no-cristo\/#primaryimage"},"thumbnailUrl":"https:\/\/transamerica93.com.br\/home\/wp-content\/uploads\/2023\/11\/imagem-13.jpg","datePublished":"2023-11-30T17:48:52+00:00","breadcrumb":{"@id":"https:\/\/transamerica93.com.br\/home\/taylor-swift-comemora-shows-no-brasil-mas-nao-menciona-morte-de-fa-ou-homenagem-no-cristo\/#breadcrumb"},"inLanguage":"pt-BR","potentialAction":[{"@type":"ReadAction","target":["https:\/\/transamerica93.com.br\/home\/taylor-swift-comemora-shows-no-brasil-mas-nao-menciona-morte-de-fa-ou-homenagem-no-cristo\/"]}]},{"@type":"ImageObject","inLanguage":"pt-BR","@id":"https:\/\/transamerica93.com.br\/home\/taylor-swift-comemora-shows-no-brasil-mas-nao-menciona-morte-de-fa-ou-homenagem-no-cristo\/#primaryimage","url":"https:\/\/transamerica93.com.br\/home\/wp-content\/uploads\/2023\/11\/imagem-13.jpg","contentUrl":"https:\/\/transamerica93.com.br\/home\/wp-content\/uploads\/2023\/11\/imagem-13.jpg","width":953,"height":627,"caption":"Foto: Instagram @taylorswift"},{"@type":"BreadcrumbList","@id":"https:\/\/transamerica93.com.br\/home\/taylor-swift-comemora-shows-no-brasil-mas-nao-menciona-morte-de-fa-ou-homenagem-no-cristo\/#breadcrumb","itemListElement":[{"@type":"ListItem","position":1,"name":"In\u00edcio","item":"https:\/\/transamerica93.com.br\/home\/"},{"@type":"ListItem","position":2,"name":"Taylor Swift comemora shows no Brasil, mas n\u00e3o menciona morte de f\u00e3 ou homenagem no Cristo"}]},{"@type":"WebSite","@id":"https:\/\/transamerica93.com.br\/home\/#website","url":"https:\/\/transamerica93.com.br\/home\/","name":"Transam\u00e9rica Mococa 93,3","description":"","publisher":{"@id":"https:\/\/transamerica93.com.br\/home\/#organization"},"potentialAction":[{"@type":"SearchAction","target":{"@type":"EntryPoint","urlTemplate":"https:\/\/transamerica93.com.br\/home\/?s={search_term_string}"},"query-input":{"@type":"PropertyValueSpecification","valueRequired":true,"valueName":"search_term_string"}}],"inLanguage":"pt-BR"},{"@type":"Organization","@id":"https:\/\/transamerica93.com.br\/home\/#organization","name":"Transam\u00e9rica Mococa 93,3","url":"https:\/\/transamerica93.com.br\/home\/","logo":{"@type":"ImageObject","inLanguage":"pt-BR","@id":"https:\/\/transamerica93.com.br\/home\/#\/schema\/logo\/image\/","url":"https:\/\/transamerica93.com.br\/home\/wp-content\/uploads\/2023\/10\/logo2.png","contentUrl":"https:\/\/transamerica93.com.br\/home\/wp-content\/uploads\/2023\/10\/logo2.png","width":800,"height":500,"caption":"Transam\u00e9rica Mococa 93,3"},"image":{"@id":"https:\/\/transamerica93.com.br\/home\/#\/schema\/logo\/image\/"},"sameAs":["https:\/\/www.facebook.com\/transamericamococa","https:\/\/x.com\/transamerica933","https:\/\/www.instagram.com\/transamericamococa"]},{"@type":"Person","@id":"https:\/\/transamerica93.com.br\/home\/#\/schema\/person\/7fed7c99c0d4562efa8561bc0f543172","name":"Reda\u00e7\u00e3o","image":{"@type":"ImageObject","inLanguage":"pt-BR","@id":"https:\/\/secure.gravatar.com\/avatar\/1072c6b775fb02ef8506ce967551d95926669a6b7d2c2147b42eea4d7c68395e?s=96&d=mm&r=g","url":"https:\/\/secure.gravatar.com\/avatar\/1072c6b775fb02ef8506ce967551d95926669a6b7d2c2147b42eea4d7c68395e?s=96&d=mm&r=g","contentUrl":"https:\/\/secure.gravatar.com\/avatar\/1072c6b775fb02ef8506ce967551d95926669a6b7d2c2147b42eea4d7c68395e?s=96&d=mm&r=g","caption":"Reda\u00e7\u00e3o"},"sameAs":["https:\/\/transamerica93.com.br\/home"],"url":"https:\/\/transamerica93.com.br\/home\/author\/william\/"}]}},"_links":{"self":[{"href":"https:\/\/transamerica93.com.br\/home\/wp-json\/wp\/v2\/posts\/2056","targetHints":{"allow":["GET"]}}],"collection":[{"href":"https:\/\/transamerica93.com.br\/home\/wp-json\/wp\/v2\/posts"}],"about":[{"href":"https:\/\/transamerica93.com.br\/home\/wp-json\/wp\/v2\/types\/post"}],"author":[{"embeddable":true,"href":"https:\/\/transamerica93.com.br\/home\/wp-json\/wp\/v2\/users\/1"}],"replies":[{"embeddable":true,"href":"https:\/\/transamerica93.com.br\/home\/wp-json\/wp\/v2\/comments?post=2056"}],"version-history":[{"count":1,"href":"https:\/\/transamerica93.com.br\/home\/wp-json\/wp\/v2\/posts\/2056\/revisions"}],"predecessor-version":[{"id":2058,"href":"https:\/\/transamerica93.com.br\/home\/wp-json\/wp\/v2\/posts\/2056\/revisions\/2058"}],"wp:featuredmedia":[{"embeddable":true,"href":"https:\/\/transamerica93.com.br\/home\/wp-json\/wp\/v2\/media\/2057"}],"wp:attachment":[{"href":"https:\/\/transamerica93.com.br\/home\/wp-json\/wp\/v2\/media?parent=2056"}],"wp:term":[{"taxonomy":"category","embeddable":true,"href":"https:\/\/transamerica93.com.br\/home\/wp-json\/wp\/v2\/categories?post=2056"},{"taxonomy":"post_tag","embeddable":true,"href":"https:\/\/transamerica93.com.br\/home\/wp-json\/wp\/v2\/tags?post=2056"}],"curies":[{"name":"wp","href":"https:\/\/api.w.org\/{rel}","templated":true}]}}