{"id":2059,"date":"2023-11-30T14:49:56","date_gmt":"2023-11-30T17:49:56","guid":{"rendered":"https:\/\/transamerica93.com.br\/home\/?p=2059"},"modified":"2023-11-30T14:49:56","modified_gmt":"2023-11-30T17:49:56","slug":"ana-hickmann-detalha-desafios-apos-acusacao-de-agressao-contra-o-marido-me-reencontrando","status":"publish","type":"post","link":"https:\/\/transamerica93.com.br\/home\/ana-hickmann-detalha-desafios-apos-acusacao-de-agressao-contra-o-marido-me-reencontrando\/","title":{"rendered":"Ana Hickmann detalha desafios ap\u00f3s acusa\u00e7\u00e3o de agress\u00e3o contra o marido: &#8216;Me reencontrando&#8217;"},"content":{"rendered":"<div id=\"Corpo\">Por Reda\u00e7\u00e3o E+<\/p>\n<p>A apresentadora Ana Hickmann voltou a falar, nesta quarta-feira, 29, sobre os desafios que tem enfrentado ap\u00f3s a acusa\u00e7\u00e3o de viol\u00eancia dom\u00e9stica e les\u00e3o corporal contra o marido, o empres\u00e1rio Alexandre Correa, e durante o processo de div\u00f3rcio. Em uma postagem no Instagram, Ana detalhou estar &#8220;se reencontrando&#8221;.<\/p>\n<p>Ela registrou um boletim de ocorr\u00eancia contra o marido no \u00faltimo dia 11. Alexandre teria fechado a porta da cozinha no bra\u00e7o da apresentadora e amea\u00e7ado dar uma cabe\u00e7ada nela. Ele confessou as agress\u00f5es, mas negou a cabe\u00e7ada.<\/p>\n<p>&#8220;Me reconhecendo, me reconectando e me reencontrando&#8221;, escreveu Ana na legenda de uma sequ\u00eancia de fotos em que apareceu de \u00f3culos escuros em um jardim. A apresentadora tamb\u00e9m falou sobre a for\u00e7a que tem recebido de outras mulheres que j\u00e1 denunciaram casos de viol\u00eancia dom\u00e9stica.<\/p>\n<p>&#8220;\u00c9 muito bom saber que n\u00e3o estou sozinha&#8221;, disse. &#8220;S\u00f3 quem j\u00e1 passou por tudo que estou vivendo sabe o quanto precisamos ser fortes e ter coragem de enfrentar monstros e dem\u00f4nios. Nossa luz nunca vai apagar.&#8221;<\/p>\n<p><a href=\"https:\/\/www.instagram.com\/p\/C0Oq-qXug94\/?\" target=\"_blank\" rel=\"noopener\"><u>Veja aqui<\/u><\/a><\/p>\n<p><b>Entenda o caso<\/b><\/p>\n<p>O\u00a0<b>Estad\u00e3o<\/b>\u00a0teve acesso ao boletim de ocorr\u00eancia registrado por Ana Hickmann. Segundo seu relato, por volta das 15h30, ela estaria na cozinha de sua casa com Alexandre, o filho e duas funcion\u00e1rias. Ela teria dito algo ao filho que o marido n\u00e3o teria gostado e foi repreendida, com &#8220;ambos aumentando o tom de voz&#8221;. A crian\u00e7a teria pedido que parassem de brigar e sa\u00eddo correndo assustada.<\/p>\n<p>&#8220;O autor passou a pressionar a v\u00edtima contra a parede, bem como a amea\u00e7\u00e1-la de agredi-la com uma cabe\u00e7ada, ocasi\u00e3o em que ela conseguiu afast\u00e1-lo e, ao tentar pegar seu telefone celular, que estava em cima de uma mesa na \u00e1rea externa, o autor, repentinamente, fechou a porta de correr da cozinha, o que pressionou o bra\u00e7o esquerdo da v\u00edtima&#8221;, diz o trecho seguinte do documento policial.<\/p>\n<p>Ana, ent\u00e3o, teria conseguido tranc\u00e1-lo para fora de casa e fez a liga\u00e7\u00e3o para a Pol\u00edcia Militar. Correa teria deixado o local pouco depois. Hickmann buscou atendimento m\u00e9dico no Hospital S\u00e3o Camilo, onde foi constatada uma contus\u00e3o em seu cotovelo esquerdo. Ainda segundo o BO, ela teve o bra\u00e7o imobilizado com uma tipoia.<\/p>\n<p>&#8220;A v\u00edtima tomou ci\u00eancia das medidas protetivas conferidas pela Lei Maria da Penha, por\u00e9m, neste momento, optou por n\u00e3o requer\u00ea-las&#8221;, encerra o documento.<\/p>\n<p><b>O que diz Alexandre Correa<\/b><\/p>\n<p>Alexandre confessou as agress\u00f5es, mas negou que tenha dado uma cabe\u00e7ada na apresentadora, segundo o UOL. Ana voltou a falar sobre o caso, dizendo que os dois tinham um relacionamento t\u00f3xico durante uma entrevista ao Domingo Espetacular, da Record TV, no \u00faltimo domingo, 26.<\/p>\n<p>Ap\u00f3s a repercuss\u00e3o da entrevista, o empres\u00e1rio afirmou que ela est\u00e1 cometendo &#8220;uma verdadeira injusti\u00e7a&#8221; ao falar sobre o caso, segundo a Quem. Veja o pronunciamento compartilhado por ele \u00e0 \u00e9poca em que a apresentadora registrou o boletim de ocorr\u00eancia:<\/p>\n<p>&#8220;De fato, na data de ontem, tive um desentendimento com a minha esposa, situa\u00e7\u00e3o absolutamente isolada, que n\u00e3o gerou maiores consequ\u00eancias. Gostaria de esclarecer tamb\u00e9m que jamais dei uma cabe\u00e7ada nela, como inveridicamente est\u00e1 sendo veiculado na imprensa, e que tudo ser\u00e1 devidamente esclarecido no momento oportuno.<\/p>\n<p>Aproveito a oportunidade para pedir minhas mais sinceras desculpas a toda a minha fam\u00edlia pelo ocorrido. S\u00e3o 25 anos de matrim\u00f4nio, sem que tivesse qualquer ocorr\u00eancia dessa natureza.<\/p>\n<p>Sempre servi a Ana como seu agente, com todo zelo, carinho e respeito, como assim trato as 7 mulheres com quem trabalho no meu escrit\u00f3rio&#8221;.<\/p><\/div>\n","protected":false},"excerpt":{"rendered":"<p>Por Reda\u00e7\u00e3o E+ A apresentadora Ana Hickmann voltou a falar, nesta quarta-feira, 29, sobre os desafios que tem enfrentado ap\u00f3s a acusa\u00e7\u00e3o de viol\u00eancia dom\u00e9stica e les\u00e3o corporal contra o marido, o empres\u00e1rio Alexandre Correa, e durante o processo de div\u00f3rcio. Em uma postagem no Instagram, Ana detalhou estar &#8220;se reencontrando&#8221;. Ela registrou um boletim &hellip;<\/p>\n","protected":false},"author":1,"featured_media":2009,"comment_status":"closed","ping_status":"closed","sticky":false,"template":"","format":"standard","meta":{"footnotes":""},"categories":[24],"tags":[],"class_list":["post-2059","post","type-post","status-publish","format-standard","has-post-thumbnail","hentry","category-entretenimento"],"yoast_head":"<!-- This site is optimized with the Yoast SEO plugin v27.4 - https:\/\/yoast.com\/product\/yoast-seo-wordpress\/ -->\n<title>Ana Hickmann detalha desafios ap\u00f3s acusa\u00e7\u00e3o de agress\u00e3o contra o marido: &#039;Me reencontrando&#039; - Transam\u00e9rica Mococa 93,3<\/title>\n<meta name=\"robots\" content=\"index, follow, max-snippet:-1, max-image-preview:large, max-video-preview:-1\" \/>\n<link rel=\"canonical\" href=\"https:\/\/transamerica93.com.br\/home\/ana-hickmann-detalha-desafios-apos-acusacao-de-agressao-contra-o-marido-me-reencontrando\/\" \/>\n<meta property=\"og:locale\" content=\"pt_BR\" \/>\n<meta property=\"og:type\" content=\"article\" \/>\n<meta property=\"og:title\" content=\"Ana Hickmann detalha desafios ap\u00f3s acusa\u00e7\u00e3o de agress\u00e3o contra o marido: &#039;Me reencontrando&#039; - Transam\u00e9rica Mococa 93,3\" \/>\n<meta property=\"og:description\" content=\"Por Reda\u00e7\u00e3o E+ A apresentadora Ana Hickmann voltou a falar, nesta quarta-feira, 29, sobre os desafios que tem enfrentado ap\u00f3s a acusa\u00e7\u00e3o de viol\u00eancia dom\u00e9stica e les\u00e3o corporal contra o marido, o empres\u00e1rio Alexandre Correa, e durante o processo de div\u00f3rcio. Em uma postagem no Instagram, Ana detalhou estar &#8220;se reencontrando&#8221;. Ela registrou um boletim &hellip;\" \/>\n<meta property=\"og:url\" content=\"https:\/\/transamerica93.com.br\/home\/ana-hickmann-detalha-desafios-apos-acusacao-de-agressao-contra-o-marido-me-reencontrando\/\" \/>\n<meta property=\"og:site_name\" content=\"Transam\u00e9rica Mococa 93,3\" \/>\n<meta property=\"article:publisher\" content=\"https:\/\/www.facebook.com\/transamericamococa\" \/>\n<meta property=\"article:published_time\" content=\"2023-11-30T17:49:56+00:00\" \/>\n<meta property=\"og:image\" content=\"https:\/\/transamerica93.com.br\/home\/wp-content\/uploads\/2023\/11\/imagem-4.jpg\" \/>\n\t<meta property=\"og:image:width\" content=\"758\" \/>\n\t<meta property=\"og:image:height\" content=\"493\" \/>\n\t<meta property=\"og:image:type\" content=\"image\/jpeg\" \/>\n<meta name=\"author\" content=\"Reda\u00e7\u00e3o\" \/>\n<meta name=\"twitter:card\" content=\"summary_large_image\" \/>\n<meta name=\"twitter:creator\" content=\"@transamerica933\" \/>\n<meta name=\"twitter:site\" content=\"@transamerica933\" \/>\n<meta name=\"twitter:label1\" content=\"Escrito por\" \/>\n\t<meta name=\"twitter:data1\" content=\"Reda\u00e7\u00e3o\" \/>\n\t<meta name=\"twitter:label2\" content=\"Est. tempo de leitura\" \/>\n\t<meta name=\"twitter:data2\" content=\"4 minutos\" \/>\n<script type=\"application\/ld+json\" class=\"yoast-schema-graph\">{\"@context\":\"https:\\\/\\\/schema.org\",\"@graph\":[{\"@type\":\"Article\",\"@id\":\"https:\\\/\\\/transamerica93.com.br\\\/home\\\/ana-hickmann-detalha-desafios-apos-acusacao-de-agressao-contra-o-marido-me-reencontrando\\\/#article\",\"isPartOf\":{\"@id\":\"https:\\\/\\\/transamerica93.com.br\\\/home\\\/ana-hickmann-detalha-desafios-apos-acusacao-de-agressao-contra-o-marido-me-reencontrando\\\/\"},\"author\":{\"name\":\"Reda\u00e7\u00e3o\",\"@id\":\"https:\\\/\\\/transamerica93.com.br\\\/home\\\/#\\\/schema\\\/person\\\/7fed7c99c0d4562efa8561bc0f543172\"},\"headline\":\"Ana Hickmann detalha desafios ap\u00f3s acusa\u00e7\u00e3o de agress\u00e3o contra o marido: &#8216;Me reencontrando&#8217;\",\"datePublished\":\"2023-11-30T17:49:56+00:00\",\"mainEntityOfPage\":{\"@id\":\"https:\\\/\\\/transamerica93.com.br\\\/home\\\/ana-hickmann-detalha-desafios-apos-acusacao-de-agressao-contra-o-marido-me-reencontrando\\\/\"},\"wordCount\":649,\"publisher\":{\"@id\":\"https:\\\/\\\/transamerica93.com.br\\\/home\\\/#organization\"},\"image\":{\"@id\":\"https:\\\/\\\/transamerica93.com.br\\\/home\\\/ana-hickmann-detalha-desafios-apos-acusacao-de-agressao-contra-o-marido-me-reencontrando\\\/#primaryimage\"},\"thumbnailUrl\":\"https:\\\/\\\/transamerica93.com.br\\\/home\\\/wp-content\\\/uploads\\\/2023\\\/11\\\/imagem-4.jpg\",\"articleSection\":[\"Entretenimento\"],\"inLanguage\":\"pt-BR\"},{\"@type\":\"WebPage\",\"@id\":\"https:\\\/\\\/transamerica93.com.br\\\/home\\\/ana-hickmann-detalha-desafios-apos-acusacao-de-agressao-contra-o-marido-me-reencontrando\\\/\",\"url\":\"https:\\\/\\\/transamerica93.com.br\\\/home\\\/ana-hickmann-detalha-desafios-apos-acusacao-de-agressao-contra-o-marido-me-reencontrando\\\/\",\"name\":\"Ana Hickmann detalha desafios ap\u00f3s acusa\u00e7\u00e3o de agress\u00e3o contra o marido: 'Me reencontrando' - Transam\u00e9rica Mococa 93,3\",\"isPartOf\":{\"@id\":\"https:\\\/\\\/transamerica93.com.br\\\/home\\\/#website\"},\"primaryImageOfPage\":{\"@id\":\"https:\\\/\\\/transamerica93.com.br\\\/home\\\/ana-hickmann-detalha-desafios-apos-acusacao-de-agressao-contra-o-marido-me-reencontrando\\\/#primaryimage\"},\"image\":{\"@id\":\"https:\\\/\\\/transamerica93.com.br\\\/home\\\/ana-hickmann-detalha-desafios-apos-acusacao-de-agressao-contra-o-marido-me-reencontrando\\\/#primaryimage\"},\"thumbnailUrl\":\"https:\\\/\\\/transamerica93.com.br\\\/home\\\/wp-content\\\/uploads\\\/2023\\\/11\\\/imagem-4.jpg\",\"datePublished\":\"2023-11-30T17:49:56+00:00\",\"breadcrumb\":{\"@id\":\"https:\\\/\\\/transamerica93.com.br\\\/home\\\/ana-hickmann-detalha-desafios-apos-acusacao-de-agressao-contra-o-marido-me-reencontrando\\\/#breadcrumb\"},\"inLanguage\":\"pt-BR\",\"potentialAction\":[{\"@type\":\"ReadAction\",\"target\":[\"https:\\\/\\\/transamerica93.com.br\\\/home\\\/ana-hickmann-detalha-desafios-apos-acusacao-de-agressao-contra-o-marido-me-reencontrando\\\/\"]}]},{\"@type\":\"ImageObject\",\"inLanguage\":\"pt-BR\",\"@id\":\"https:\\\/\\\/transamerica93.com.br\\\/home\\\/ana-hickmann-detalha-desafios-apos-acusacao-de-agressao-contra-o-marido-me-reencontrando\\\/#primaryimage\",\"url\":\"https:\\\/\\\/transamerica93.com.br\\\/home\\\/wp-content\\\/uploads\\\/2023\\\/11\\\/imagem-4.jpg\",\"contentUrl\":\"https:\\\/\\\/transamerica93.com.br\\\/home\\\/wp-content\\\/uploads\\\/2023\\\/11\\\/imagem-4.jpg\",\"width\":758,\"height\":493,\"caption\":\"Foto: Instagram @ahickmann\"},{\"@type\":\"BreadcrumbList\",\"@id\":\"https:\\\/\\\/transamerica93.com.br\\\/home\\\/ana-hickmann-detalha-desafios-apos-acusacao-de-agressao-contra-o-marido-me-reencontrando\\\/#breadcrumb\",\"itemListElement\":[{\"@type\":\"ListItem\",\"position\":1,\"name\":\"In\u00edcio\",\"item\":\"https:\\\/\\\/transamerica93.com.br\\\/home\\\/\"},{\"@type\":\"ListItem\",\"position\":2,\"name\":\"Ana Hickmann detalha desafios ap\u00f3s acusa\u00e7\u00e3o de agress\u00e3o contra o marido: &#8216;Me reencontrando&#8217;\"}]},{\"@type\":\"WebSite\",\"@id\":\"https:\\\/\\\/transamerica93.com.br\\\/home\\\/#website\",\"url\":\"https:\\\/\\\/transamerica93.com.br\\\/home\\\/\",\"name\":\"Transam\u00e9rica Mococa 93,3\",\"description\":\"\",\"publisher\":{\"@id\":\"https:\\\/\\\/transamerica93.com.br\\\/home\\\/#organization\"},\"potentialAction\":[{\"@type\":\"SearchAction\",\"target\":{\"@type\":\"EntryPoint\",\"urlTemplate\":\"https:\\\/\\\/transamerica93.com.br\\\/home\\\/?s={search_term_string}\"},\"query-input\":{\"@type\":\"PropertyValueSpecification\",\"valueRequired\":true,\"valueName\":\"search_term_string\"}}],\"inLanguage\":\"pt-BR\"},{\"@type\":\"Organization\",\"@id\":\"https:\\\/\\\/transamerica93.com.br\\\/home\\\/#organization\",\"name\":\"Transam\u00e9rica Mococa 93,3\",\"url\":\"https:\\\/\\\/transamerica93.com.br\\\/home\\\/\",\"logo\":{\"@type\":\"ImageObject\",\"inLanguage\":\"pt-BR\",\"@id\":\"https:\\\/\\\/transamerica93.com.br\\\/home\\\/#\\\/schema\\\/logo\\\/image\\\/\",\"url\":\"https:\\\/\\\/transamerica93.com.br\\\/home\\\/wp-content\\\/uploads\\\/2023\\\/10\\\/logo2.png\",\"contentUrl\":\"https:\\\/\\\/transamerica93.com.br\\\/home\\\/wp-content\\\/uploads\\\/2023\\\/10\\\/logo2.png\",\"width\":800,\"height\":500,\"caption\":\"Transam\u00e9rica Mococa 93,3\"},\"image\":{\"@id\":\"https:\\\/\\\/transamerica93.com.br\\\/home\\\/#\\\/schema\\\/logo\\\/image\\\/\"},\"sameAs\":[\"https:\\\/\\\/www.facebook.com\\\/transamericamococa\",\"https:\\\/\\\/x.com\\\/transamerica933\",\"https:\\\/\\\/www.instagram.com\\\/transamericamococa\"]},{\"@type\":\"Person\",\"@id\":\"https:\\\/\\\/transamerica93.com.br\\\/home\\\/#\\\/schema\\\/person\\\/7fed7c99c0d4562efa8561bc0f543172\",\"name\":\"Reda\u00e7\u00e3o\",\"image\":{\"@type\":\"ImageObject\",\"inLanguage\":\"pt-BR\",\"@id\":\"https:\\\/\\\/secure.gravatar.com\\\/avatar\\\/1072c6b775fb02ef8506ce967551d95926669a6b7d2c2147b42eea4d7c68395e?s=96&d=mm&r=g\",\"url\":\"https:\\\/\\\/secure.gravatar.com\\\/avatar\\\/1072c6b775fb02ef8506ce967551d95926669a6b7d2c2147b42eea4d7c68395e?s=96&d=mm&r=g\",\"contentUrl\":\"https:\\\/\\\/secure.gravatar.com\\\/avatar\\\/1072c6b775fb02ef8506ce967551d95926669a6b7d2c2147b42eea4d7c68395e?s=96&d=mm&r=g\",\"caption\":\"Reda\u00e7\u00e3o\"},\"sameAs\":[\"https:\\\/\\\/transamerica93.com.br\\\/home\"],\"url\":\"https:\\\/\\\/transamerica93.com.br\\\/home\\\/author\\\/william\\\/\"}]}<\/script>\n<!-- \/ Yoast SEO plugin. -->","yoast_head_json":{"title":"Ana Hickmann detalha desafios ap\u00f3s acusa\u00e7\u00e3o de agress\u00e3o contra o marido: 'Me reencontrando' - Transam\u00e9rica Mococa 93,3","robots":{"index":"index","follow":"follow","max-snippet":"max-snippet:-1","max-image-preview":"max-image-preview:large","max-video-preview":"max-video-preview:-1"},"canonical":"https:\/\/transamerica93.com.br\/home\/ana-hickmann-detalha-desafios-apos-acusacao-de-agressao-contra-o-marido-me-reencontrando\/","og_locale":"pt_BR","og_type":"article","og_title":"Ana Hickmann detalha desafios ap\u00f3s acusa\u00e7\u00e3o de agress\u00e3o contra o marido: 'Me reencontrando' - Transam\u00e9rica Mococa 93,3","og_description":"Por Reda\u00e7\u00e3o E+ A apresentadora Ana Hickmann voltou a falar, nesta quarta-feira, 29, sobre os desafios que tem enfrentado ap\u00f3s a acusa\u00e7\u00e3o de viol\u00eancia dom\u00e9stica e les\u00e3o corporal contra o marido, o empres\u00e1rio Alexandre Correa, e durante o processo de div\u00f3rcio. Em uma postagem no Instagram, Ana detalhou estar &#8220;se reencontrando&#8221;. Ela registrou um boletim &hellip;","og_url":"https:\/\/transamerica93.com.br\/home\/ana-hickmann-detalha-desafios-apos-acusacao-de-agressao-contra-o-marido-me-reencontrando\/","og_site_name":"Transam\u00e9rica Mococa 93,3","article_publisher":"https:\/\/www.facebook.com\/transamericamococa","article_published_time":"2023-11-30T17:49:56+00:00","og_image":[{"width":758,"height":493,"url":"https:\/\/transamerica93.com.br\/home\/wp-content\/uploads\/2023\/11\/imagem-4.jpg","type":"image\/jpeg"}],"author":"Reda\u00e7\u00e3o","twitter_card":"summary_large_image","twitter_creator":"@transamerica933","twitter_site":"@transamerica933","twitter_misc":{"Escrito por":"Reda\u00e7\u00e3o","Est. tempo de leitura":"4 minutos"},"schema":{"@context":"https:\/\/schema.org","@graph":[{"@type":"Article","@id":"https:\/\/transamerica93.com.br\/home\/ana-hickmann-detalha-desafios-apos-acusacao-de-agressao-contra-o-marido-me-reencontrando\/#article","isPartOf":{"@id":"https:\/\/transamerica93.com.br\/home\/ana-hickmann-detalha-desafios-apos-acusacao-de-agressao-contra-o-marido-me-reencontrando\/"},"author":{"name":"Reda\u00e7\u00e3o","@id":"https:\/\/transamerica93.com.br\/home\/#\/schema\/person\/7fed7c99c0d4562efa8561bc0f543172"},"headline":"Ana Hickmann detalha desafios ap\u00f3s acusa\u00e7\u00e3o de agress\u00e3o contra o marido: &#8216;Me reencontrando&#8217;","datePublished":"2023-11-30T17:49:56+00:00","mainEntityOfPage":{"@id":"https:\/\/transamerica93.com.br\/home\/ana-hickmann-detalha-desafios-apos-acusacao-de-agressao-contra-o-marido-me-reencontrando\/"},"wordCount":649,"publisher":{"@id":"https:\/\/transamerica93.com.br\/home\/#organization"},"image":{"@id":"https:\/\/transamerica93.com.br\/home\/ana-hickmann-detalha-desafios-apos-acusacao-de-agressao-contra-o-marido-me-reencontrando\/#primaryimage"},"thumbnailUrl":"https:\/\/transamerica93.com.br\/home\/wp-content\/uploads\/2023\/11\/imagem-4.jpg","articleSection":["Entretenimento"],"inLanguage":"pt-BR"},{"@type":"WebPage","@id":"https:\/\/transamerica93.com.br\/home\/ana-hickmann-detalha-desafios-apos-acusacao-de-agressao-contra-o-marido-me-reencontrando\/","url":"https:\/\/transamerica93.com.br\/home\/ana-hickmann-detalha-desafios-apos-acusacao-de-agressao-contra-o-marido-me-reencontrando\/","name":"Ana Hickmann detalha desafios ap\u00f3s acusa\u00e7\u00e3o de agress\u00e3o contra o marido: 'Me reencontrando' - Transam\u00e9rica Mococa 93,3","isPartOf":{"@id":"https:\/\/transamerica93.com.br\/home\/#website"},"primaryImageOfPage":{"@id":"https:\/\/transamerica93.com.br\/home\/ana-hickmann-detalha-desafios-apos-acusacao-de-agressao-contra-o-marido-me-reencontrando\/#primaryimage"},"image":{"@id":"https:\/\/transamerica93.com.br\/home\/ana-hickmann-detalha-desafios-apos-acusacao-de-agressao-contra-o-marido-me-reencontrando\/#primaryimage"},"thumbnailUrl":"https:\/\/transamerica93.com.br\/home\/wp-content\/uploads\/2023\/11\/imagem-4.jpg","datePublished":"2023-11-30T17:49:56+00:00","breadcrumb":{"@id":"https:\/\/transamerica93.com.br\/home\/ana-hickmann-detalha-desafios-apos-acusacao-de-agressao-contra-o-marido-me-reencontrando\/#breadcrumb"},"inLanguage":"pt-BR","potentialAction":[{"@type":"ReadAction","target":["https:\/\/transamerica93.com.br\/home\/ana-hickmann-detalha-desafios-apos-acusacao-de-agressao-contra-o-marido-me-reencontrando\/"]}]},{"@type":"ImageObject","inLanguage":"pt-BR","@id":"https:\/\/transamerica93.com.br\/home\/ana-hickmann-detalha-desafios-apos-acusacao-de-agressao-contra-o-marido-me-reencontrando\/#primaryimage","url":"https:\/\/transamerica93.com.br\/home\/wp-content\/uploads\/2023\/11\/imagem-4.jpg","contentUrl":"https:\/\/transamerica93.com.br\/home\/wp-content\/uploads\/2023\/11\/imagem-4.jpg","width":758,"height":493,"caption":"Foto: Instagram @ahickmann"},{"@type":"BreadcrumbList","@id":"https:\/\/transamerica93.com.br\/home\/ana-hickmann-detalha-desafios-apos-acusacao-de-agressao-contra-o-marido-me-reencontrando\/#breadcrumb","itemListElement":[{"@type":"ListItem","position":1,"name":"In\u00edcio","item":"https:\/\/transamerica93.com.br\/home\/"},{"@type":"ListItem","position":2,"name":"Ana Hickmann detalha desafios ap\u00f3s acusa\u00e7\u00e3o de agress\u00e3o contra o marido: &#8216;Me reencontrando&#8217;"}]},{"@type":"WebSite","@id":"https:\/\/transamerica93.com.br\/home\/#website","url":"https:\/\/transamerica93.com.br\/home\/","name":"Transam\u00e9rica Mococa 93,3","description":"","publisher":{"@id":"https:\/\/transamerica93.com.br\/home\/#organization"},"potentialAction":[{"@type":"SearchAction","target":{"@type":"EntryPoint","urlTemplate":"https:\/\/transamerica93.com.br\/home\/?s={search_term_string}"},"query-input":{"@type":"PropertyValueSpecification","valueRequired":true,"valueName":"search_term_string"}}],"inLanguage":"pt-BR"},{"@type":"Organization","@id":"https:\/\/transamerica93.com.br\/home\/#organization","name":"Transam\u00e9rica Mococa 93,3","url":"https:\/\/transamerica93.com.br\/home\/","logo":{"@type":"ImageObject","inLanguage":"pt-BR","@id":"https:\/\/transamerica93.com.br\/home\/#\/schema\/logo\/image\/","url":"https:\/\/transamerica93.com.br\/home\/wp-content\/uploads\/2023\/10\/logo2.png","contentUrl":"https:\/\/transamerica93.com.br\/home\/wp-content\/uploads\/2023\/10\/logo2.png","width":800,"height":500,"caption":"Transam\u00e9rica Mococa 93,3"},"image":{"@id":"https:\/\/transamerica93.com.br\/home\/#\/schema\/logo\/image\/"},"sameAs":["https:\/\/www.facebook.com\/transamericamococa","https:\/\/x.com\/transamerica933","https:\/\/www.instagram.com\/transamericamococa"]},{"@type":"Person","@id":"https:\/\/transamerica93.com.br\/home\/#\/schema\/person\/7fed7c99c0d4562efa8561bc0f543172","name":"Reda\u00e7\u00e3o","image":{"@type":"ImageObject","inLanguage":"pt-BR","@id":"https:\/\/secure.gravatar.com\/avatar\/1072c6b775fb02ef8506ce967551d95926669a6b7d2c2147b42eea4d7c68395e?s=96&d=mm&r=g","url":"https:\/\/secure.gravatar.com\/avatar\/1072c6b775fb02ef8506ce967551d95926669a6b7d2c2147b42eea4d7c68395e?s=96&d=mm&r=g","contentUrl":"https:\/\/secure.gravatar.com\/avatar\/1072c6b775fb02ef8506ce967551d95926669a6b7d2c2147b42eea4d7c68395e?s=96&d=mm&r=g","caption":"Reda\u00e7\u00e3o"},"sameAs":["https:\/\/transamerica93.com.br\/home"],"url":"https:\/\/transamerica93.com.br\/home\/author\/william\/"}]}},"_links":{"self":[{"href":"https:\/\/transamerica93.com.br\/home\/wp-json\/wp\/v2\/posts\/2059","targetHints":{"allow":["GET"]}}],"collection":[{"href":"https:\/\/transamerica93.com.br\/home\/wp-json\/wp\/v2\/posts"}],"about":[{"href":"https:\/\/transamerica93.com.br\/home\/wp-json\/wp\/v2\/types\/post"}],"author":[{"embeddable":true,"href":"https:\/\/transamerica93.com.br\/home\/wp-json\/wp\/v2\/users\/1"}],"replies":[{"embeddable":true,"href":"https:\/\/transamerica93.com.br\/home\/wp-json\/wp\/v2\/comments?post=2059"}],"version-history":[{"count":1,"href":"https:\/\/transamerica93.com.br\/home\/wp-json\/wp\/v2\/posts\/2059\/revisions"}],"predecessor-version":[{"id":2060,"href":"https:\/\/transamerica93.com.br\/home\/wp-json\/wp\/v2\/posts\/2059\/revisions\/2060"}],"wp:featuredmedia":[{"embeddable":true,"href":"https:\/\/transamerica93.com.br\/home\/wp-json\/wp\/v2\/media\/2009"}],"wp:attachment":[{"href":"https:\/\/transamerica93.com.br\/home\/wp-json\/wp\/v2\/media?parent=2059"}],"wp:term":[{"taxonomy":"category","embeddable":true,"href":"https:\/\/transamerica93.com.br\/home\/wp-json\/wp\/v2\/categories?post=2059"},{"taxonomy":"post_tag","embeddable":true,"href":"https:\/\/transamerica93.com.br\/home\/wp-json\/wp\/v2\/tags?post=2059"}],"curies":[{"name":"wp","href":"https:\/\/api.w.org\/{rel}","templated":true}]}}