{"id":2063,"date":"2023-12-04T15:59:46","date_gmt":"2023-12-04T18:59:46","guid":{"rendered":"https:\/\/transamerica93.com.br\/home\/?p=2063"},"modified":"2023-12-04T15:59:46","modified_gmt":"2023-12-04T18:59:46","slug":"cob-anuncia-candidatos-ao-premio-de-melhor-atleta-do-ano-de-2023","status":"publish","type":"post","link":"https:\/\/transamerica93.com.br\/home\/cob-anuncia-candidatos-ao-premio-de-melhor-atleta-do-ano-de-2023\/","title":{"rendered":"COB anuncia candidatos ao pr\u00eamio de Melhor Atleta do Ano de 2023"},"content":{"rendered":"<div class=\"post-item-wrap\">\n<p>O Comit\u00ea Ol\u00edmpico do Brasil (COB) anunciou no \u00faltimo domingo (3) a rela\u00e7\u00e3o de candidatos ao pr\u00eamio de Melhor Atleta do Ano de 2023 do Pr\u00eamio Brasil Ol\u00edmpico. No feminino, Ana Patr\u00edcia e Duda (v\u00f4lei de praia), Bia Haddad (t\u00eanis) e Rebeca Andrade (gin\u00e1stica art\u00edstica) s\u00e3o as concorrentes. J\u00e1 no masculino a disputa ser\u00e1 entre Filipe Toledo (surfe), Hugo Calderano (t\u00eanis de mesa) e Marcus D\u00b4Almeida (tiro com arco).<img decoding=\"async\" data-src=\"https:\/\/agenciabrasil.ebc.com.br\/ebc.png?id=1570205&amp;o=node\" src=\"data:image\/svg+xml;base64,PHN2ZyB3aWR0aD0iMSIgaGVpZ2h0PSIxIiB4bWxucz0iaHR0cDovL3d3dy53My5vcmcvMjAwMC9zdmciPjwvc3ZnPg==\" class=\"lazyload\" \/><img decoding=\"async\" data-src=\"https:\/\/agenciabrasil.ebc.com.br\/ebc.gif?id=1570205&amp;o=node\" src=\"data:image\/svg+xml;base64,PHN2ZyB3aWR0aD0iMSIgaGVpZ2h0PSIxIiB4bWxucz0iaHR0cDovL3d3dy53My5vcmcvMjAwMC9zdmciPjwvc3ZnPg==\" class=\"lazyload\" \/><\/p>\n<p>\u201cTodos os concorrentes ao trof\u00e9u de Melhor Atleta do Ano do Pr\u00eamio Brasil Ol\u00edmpico 2023 s\u00e3o representantes de alto n\u00edvel do esporte brasileiro. Importante destacar a qualidade destes atletas e o futuro promissor para o nosso esporte em diferentes modalidades. O ano de 2023 foi de grandes resultados para o nosso pa\u00eds e \u00e9 um orgulho enorme para o COB celebrar essas conquistas e homenagear as grandes estrelas do espet\u00e1culo, os atletas. Foi um ano de muitos \u00eaxitos, principalmente nos Jogos Pan-americanos, e em diversos campeonatos mundiais. O mais curto ciclo ol\u00edmpico da hist\u00f3ria vai chegando ao fim e o Brasil segue firme rumo a Paris 2024\u201d, afirmou o presidente do COB, Paulo Wanderley.<\/p>\n<p>A 24\u00aa edi\u00e7\u00e3o do Pr\u00eamio Brasil Ol\u00edmpico ter\u00e1 um novo formato sem deixar de lado as j\u00e1 consagradas homenagens da noite de gala do esporte ol\u00edmpico nacional. Al\u00e9m dos pr\u00eamios tradicionais aos melhores atletas de cada modalidade, esta edi\u00e7\u00e3o conta com categorias in\u00e9ditas: Retorno do Ano, Equipes do Ano (masculina e feminina) e Atleta Revela\u00e7\u00e3o. Somam-se a estes os tradicionais Atleta do Ano (masculino e feminino), Melhor das Modalidades, Pr\u00eamio Esp\u00edrito Ol\u00edmpico, Melhor T\u00e9cnico Individual, Melhor T\u00e9cnico Coletivo e Trof\u00e9u Adhemar Ferreira da Silva.<\/p>\n<p>Os vencedores das principais categorias foram escolhidos por um colegiado eleitoral de especialistas no esporte ol\u00edmpico em vota\u00e7\u00e3o realizada at\u00e9 o dia 29 de novembro. J\u00e1 o p\u00fablico ser\u00e1 respons\u00e1vel por definir quais atletas levar\u00e3o para casa os pr\u00eamios de Atleta da Torcida e Pr\u00eamio Inspire e os novos Atleta Revela\u00e7\u00e3o e Retorno do Ano. As vota\u00e7\u00f5es s\u00e3o realizadas\u00a0<a href=\"https:\/\/pbo.cob.org.br\/\" target=\"_blank\" rel=\"noopener\">AQUI<\/a>.<\/p>\n<p>O COB tamb\u00e9m anunciou neste domingo os nomes dos melhores atletas em cada uma das modalidades ol\u00edmpicas e pan-americanas (veja abaixo).<\/p>\n<h2>Vencedores do Pr\u00eamio Brasil Ol\u00edmpico:<\/h2>\n<p>\u00c1guas Abertas &#8211; Ana Marcela Cunha<br \/>\nAtletismo \u2013 Caio Bonfim<br \/>\nBadminton \u2013 Davi Silva e S\u00e2nia Lima<br \/>\nBasquete 3&#215;3 \u2013 Leonardo Branquinho<br \/>\nBasquete 5&#215;5 \u2013 Yago Mateus<br \/>\nBeisebol \u2013 Felipe Natel<br \/>\nBoliche &#8211; Roberta Camargo Rodrigues<br \/>\nBoxe &#8211; Beatriz Ferreira<br \/>\nBreaking \u2013 Mayara Colins (Mini Japa)<br \/>\nCanoagem Slalom &#8211; Ana S\u00e1tila Vargas<br \/>\nCanoagem Velocidade &#8211; Isaquias Queiroz<br \/>\nCiclismo BMX Freestyle &#8211; Gustavo de Oliveira<br \/>\nCiclismo BMX Racing &#8211; Paola Reis<br \/>\nCiclismo Estrada &#8211; Ana Vitoria Magalh\u00e3es<br \/>\nCiclismo Mountain Bike &#8211; Henrique Avancini<br \/>\nCiclismo Pista &#8211; Alice de Melo e Wellyda Rodrigues<br \/>\nDesportos na Neve \u2013 Noah Bethonico<br \/>\nDesportos no Gelo &#8211; Nicole Silveira<br \/>\nEscalada Esportiva &#8211; Anja K\u00f6hler<br \/>\nEsgrima &#8211; Nathalie Moellhausen<br \/>\nEsqui Aqu\u00e1tico &#8211; Felipe Simioni Neves<br \/>\nFutebol \u2013 Kerolin Ferraz<br \/>\nGin\u00e1stica Art\u00edstica &#8211; Rebeca Andrade<br \/>\nGin\u00e1stica Trampolim \u2013 Camilla Lopes<br \/>\nGin\u00e1stica R\u00edtmica \u2013 Barbara Domingos<br \/>\nGolfe \u2013 Valentina Bosselmann<br \/>\nHandebol &#8211; Bruna de Paula<br \/>\nHipismo Adestramento &#8211; Jo\u00e3o Victor Oliva<br \/>\nHipismo CCE \u2013 Marcio Carvalho Jorge<br \/>\nHipismo Saltos \u2013 Stephan Barcha<br \/>\nH\u00f3quei sobre Grama \u2013 Adam Imer<br \/>\nJud\u00f4 \u2013 Beatriz Souza<br \/>\nKarat\u00ea \u2013 B\u00e1rbara Hellen Rodrigues<br \/>\nLevantamento de Peso &#8211; Laura Amaro<br \/>\nNado Art\u00edstico \u2013 Gabriela Regly e Laura Miccuci<br \/>\nNata\u00e7\u00e3o &#8211; Guilherme Costa<br \/>\nPatina\u00e7\u00e3o Art\u00edstica &#8211; Bianca Corteze Ameixeiro<br \/>\nPatina\u00e7\u00e3o Velocidade &#8211; Guilherme Abel Rocha<br \/>\nPentatlo Moderno &#8211; Isabela de Abreu<br \/>\nPolo Aqu\u00e1tico \u2013 Gustavo Guimar\u00e3es (Grummy)<br \/>\nRemo \u2013 Lucas Verthein<br \/>\nRugby 7 \u2013 Rafaela Conti<br \/>\nSaltos Ornamentais &#8211; Ingrid de Oliveira<br \/>\nSkate &#8211; Rayssa Leal<br \/>\nSurfe &#8211; Filipe Toledo<br \/>\nTaekwondo \u2013 Maria Clara Pacheco<br \/>\nT\u00eanis &#8211; Beatriz Haddad<br \/>\nT\u00eanis de Mesa &#8211; Hugo Calderano<br \/>\nTiro com Arco &#8211; Marcus Vinicius D\u2019Almeida<br \/>\nTiro Esportivo \u2013 Felipe Wu<br \/>\nTriatlo \u2013 Miguel Hidalgo<br \/>\nVela &#8211; Martine Grael e Kahena Kunze<br \/>\nV\u00f4lei de Praia &#8211; Ana Patricia e Duda Lisboa<br \/>\nVoleibol &#8211; Gabriela Guimar\u00e3es<br \/>\nWrestling &#8211; La\u00eds Nunes<\/p>\n<\/div>\n<p class=\"alt-font font-italic my-2 small text-info\">Edi\u00e7\u00e3o: F\u00e1bio Lisboa<\/p>\n","protected":false},"excerpt":{"rendered":"<p>O Comit\u00ea Ol\u00edmpico do Brasil (COB) anunciou no \u00faltimo domingo (3) a rela\u00e7\u00e3o de candidatos ao pr\u00eamio de Melhor Atleta do Ano de 2023 do Pr\u00eamio Brasil Ol\u00edmpico. No feminino, Ana Patr\u00edcia e Duda (v\u00f4lei de praia), Bia Haddad (t\u00eanis) e Rebeca Andrade (gin\u00e1stica art\u00edstica) s\u00e3o as concorrentes. J\u00e1 no masculino a disputa ser\u00e1 entre &hellip;<\/p>\n","protected":false},"author":1,"featured_media":2064,"comment_status":"closed","ping_status":"closed","sticky":false,"template":"","format":"standard","meta":{"footnotes":""},"categories":[31],"tags":[],"class_list":["post-2063","post","type-post","status-publish","format-standard","has-post-thumbnail","hentry","category-esportes"],"yoast_head":"<!-- This site is optimized with the Yoast SEO plugin v27.4 - https:\/\/yoast.com\/product\/yoast-seo-wordpress\/ -->\n<title>COB anuncia candidatos ao pr\u00eamio de Melhor Atleta do Ano de 2023 - Transam\u00e9rica Mococa 93,3<\/title>\n<meta name=\"robots\" content=\"index, follow, max-snippet:-1, max-image-preview:large, max-video-preview:-1\" \/>\n<link rel=\"canonical\" href=\"https:\/\/transamerica93.com.br\/home\/cob-anuncia-candidatos-ao-premio-de-melhor-atleta-do-ano-de-2023\/\" \/>\n<meta property=\"og:locale\" content=\"pt_BR\" \/>\n<meta property=\"og:type\" content=\"article\" \/>\n<meta property=\"og:title\" content=\"COB anuncia candidatos ao pr\u00eamio de Melhor Atleta do Ano de 2023 - Transam\u00e9rica Mococa 93,3\" \/>\n<meta property=\"og:description\" content=\"O Comit\u00ea Ol\u00edmpico do Brasil (COB) anunciou no \u00faltimo domingo (3) a rela\u00e7\u00e3o de candidatos ao pr\u00eamio de Melhor Atleta do Ano de 2023 do Pr\u00eamio Brasil Ol\u00edmpico. No feminino, Ana Patr\u00edcia e Duda (v\u00f4lei de praia), Bia Haddad (t\u00eanis) e Rebeca Andrade (gin\u00e1stica art\u00edstica) s\u00e3o as concorrentes. J\u00e1 no masculino a disputa ser\u00e1 entre &hellip;\" \/>\n<meta property=\"og:url\" content=\"https:\/\/transamerica93.com.br\/home\/cob-anuncia-candidatos-ao-premio-de-melhor-atleta-do-ano-de-2023\/\" \/>\n<meta property=\"og:site_name\" content=\"Transam\u00e9rica Mococa 93,3\" \/>\n<meta property=\"article:publisher\" content=\"https:\/\/www.facebook.com\/transamericamococa\" \/>\n<meta property=\"article:published_time\" content=\"2023-12-04T18:59:46+00:00\" \/>\n<meta property=\"og:image\" content=\"https:\/\/transamerica93.com.br\/home\/wp-content\/uploads\/2023\/12\/imagem.jpg\" \/>\n\t<meta property=\"og:image:width\" content=\"1170\" \/>\n\t<meta property=\"og:image:height\" content=\"700\" \/>\n\t<meta property=\"og:image:type\" content=\"image\/jpeg\" \/>\n<meta name=\"author\" content=\"Reda\u00e7\u00e3o\" \/>\n<meta name=\"twitter:card\" content=\"summary_large_image\" \/>\n<meta name=\"twitter:creator\" content=\"@transamerica933\" \/>\n<meta name=\"twitter:site\" content=\"@transamerica933\" \/>\n<meta name=\"twitter:label1\" content=\"Escrito por\" \/>\n\t<meta name=\"twitter:data1\" content=\"Reda\u00e7\u00e3o\" \/>\n\t<meta name=\"twitter:label2\" content=\"Est. tempo de leitura\" \/>\n\t<meta name=\"twitter:data2\" content=\"4 minutos\" \/>\n<script type=\"application\/ld+json\" class=\"yoast-schema-graph\">{\"@context\":\"https:\\\/\\\/schema.org\",\"@graph\":[{\"@type\":\"Article\",\"@id\":\"https:\\\/\\\/transamerica93.com.br\\\/home\\\/cob-anuncia-candidatos-ao-premio-de-melhor-atleta-do-ano-de-2023\\\/#article\",\"isPartOf\":{\"@id\":\"https:\\\/\\\/transamerica93.com.br\\\/home\\\/cob-anuncia-candidatos-ao-premio-de-melhor-atleta-do-ano-de-2023\\\/\"},\"author\":{\"name\":\"Reda\u00e7\u00e3o\",\"@id\":\"https:\\\/\\\/transamerica93.com.br\\\/home\\\/#\\\/schema\\\/person\\\/7fed7c99c0d4562efa8561bc0f543172\"},\"headline\":\"COB anuncia candidatos ao pr\u00eamio de Melhor Atleta do Ano de 2023\",\"datePublished\":\"2023-12-04T18:59:46+00:00\",\"mainEntityOfPage\":{\"@id\":\"https:\\\/\\\/transamerica93.com.br\\\/home\\\/cob-anuncia-candidatos-ao-premio-de-melhor-atleta-do-ano-de-2023\\\/\"},\"wordCount\":713,\"publisher\":{\"@id\":\"https:\\\/\\\/transamerica93.com.br\\\/home\\\/#organization\"},\"image\":{\"@id\":\"https:\\\/\\\/transamerica93.com.br\\\/home\\\/cob-anuncia-candidatos-ao-premio-de-melhor-atleta-do-ano-de-2023\\\/#primaryimage\"},\"thumbnailUrl\":\"https:\\\/\\\/transamerica93.com.br\\\/home\\\/wp-content\\\/uploads\\\/2023\\\/12\\\/imagem.jpg\",\"articleSection\":[\"Esportes\"],\"inLanguage\":\"pt-BR\"},{\"@type\":\"WebPage\",\"@id\":\"https:\\\/\\\/transamerica93.com.br\\\/home\\\/cob-anuncia-candidatos-ao-premio-de-melhor-atleta-do-ano-de-2023\\\/\",\"url\":\"https:\\\/\\\/transamerica93.com.br\\\/home\\\/cob-anuncia-candidatos-ao-premio-de-melhor-atleta-do-ano-de-2023\\\/\",\"name\":\"COB anuncia candidatos ao pr\u00eamio de Melhor Atleta do Ano de 2023 - Transam\u00e9rica Mococa 93,3\",\"isPartOf\":{\"@id\":\"https:\\\/\\\/transamerica93.com.br\\\/home\\\/#website\"},\"primaryImageOfPage\":{\"@id\":\"https:\\\/\\\/transamerica93.com.br\\\/home\\\/cob-anuncia-candidatos-ao-premio-de-melhor-atleta-do-ano-de-2023\\\/#primaryimage\"},\"image\":{\"@id\":\"https:\\\/\\\/transamerica93.com.br\\\/home\\\/cob-anuncia-candidatos-ao-premio-de-melhor-atleta-do-ano-de-2023\\\/#primaryimage\"},\"thumbnailUrl\":\"https:\\\/\\\/transamerica93.com.br\\\/home\\\/wp-content\\\/uploads\\\/2023\\\/12\\\/imagem.jpg\",\"datePublished\":\"2023-12-04T18:59:46+00:00\",\"breadcrumb\":{\"@id\":\"https:\\\/\\\/transamerica93.com.br\\\/home\\\/cob-anuncia-candidatos-ao-premio-de-melhor-atleta-do-ano-de-2023\\\/#breadcrumb\"},\"inLanguage\":\"pt-BR\",\"potentialAction\":[{\"@type\":\"ReadAction\",\"target\":[\"https:\\\/\\\/transamerica93.com.br\\\/home\\\/cob-anuncia-candidatos-ao-premio-de-melhor-atleta-do-ano-de-2023\\\/\"]}]},{\"@type\":\"ImageObject\",\"inLanguage\":\"pt-BR\",\"@id\":\"https:\\\/\\\/transamerica93.com.br\\\/home\\\/cob-anuncia-candidatos-ao-premio-de-melhor-atleta-do-ano-de-2023\\\/#primaryimage\",\"url\":\"https:\\\/\\\/transamerica93.com.br\\\/home\\\/wp-content\\\/uploads\\\/2023\\\/12\\\/imagem.jpg\",\"contentUrl\":\"https:\\\/\\\/transamerica93.com.br\\\/home\\\/wp-content\\\/uploads\\\/2023\\\/12\\\/imagem.jpg\",\"width\":1170,\"height\":700,\"caption\":\"\u00a9 Reprodu\u00e7\u00e3o Twitter\\\/@Time Brasil\"},{\"@type\":\"BreadcrumbList\",\"@id\":\"https:\\\/\\\/transamerica93.com.br\\\/home\\\/cob-anuncia-candidatos-ao-premio-de-melhor-atleta-do-ano-de-2023\\\/#breadcrumb\",\"itemListElement\":[{\"@type\":\"ListItem\",\"position\":1,\"name\":\"In\u00edcio\",\"item\":\"https:\\\/\\\/transamerica93.com.br\\\/home\\\/\"},{\"@type\":\"ListItem\",\"position\":2,\"name\":\"COB anuncia candidatos ao pr\u00eamio de Melhor Atleta do Ano de 2023\"}]},{\"@type\":\"WebSite\",\"@id\":\"https:\\\/\\\/transamerica93.com.br\\\/home\\\/#website\",\"url\":\"https:\\\/\\\/transamerica93.com.br\\\/home\\\/\",\"name\":\"Transam\u00e9rica Mococa 93,3\",\"description\":\"\",\"publisher\":{\"@id\":\"https:\\\/\\\/transamerica93.com.br\\\/home\\\/#organization\"},\"potentialAction\":[{\"@type\":\"SearchAction\",\"target\":{\"@type\":\"EntryPoint\",\"urlTemplate\":\"https:\\\/\\\/transamerica93.com.br\\\/home\\\/?s={search_term_string}\"},\"query-input\":{\"@type\":\"PropertyValueSpecification\",\"valueRequired\":true,\"valueName\":\"search_term_string\"}}],\"inLanguage\":\"pt-BR\"},{\"@type\":\"Organization\",\"@id\":\"https:\\\/\\\/transamerica93.com.br\\\/home\\\/#organization\",\"name\":\"Transam\u00e9rica Mococa 93,3\",\"url\":\"https:\\\/\\\/transamerica93.com.br\\\/home\\\/\",\"logo\":{\"@type\":\"ImageObject\",\"inLanguage\":\"pt-BR\",\"@id\":\"https:\\\/\\\/transamerica93.com.br\\\/home\\\/#\\\/schema\\\/logo\\\/image\\\/\",\"url\":\"https:\\\/\\\/transamerica93.com.br\\\/home\\\/wp-content\\\/uploads\\\/2023\\\/10\\\/logo2.png\",\"contentUrl\":\"https:\\\/\\\/transamerica93.com.br\\\/home\\\/wp-content\\\/uploads\\\/2023\\\/10\\\/logo2.png\",\"width\":800,\"height\":500,\"caption\":\"Transam\u00e9rica Mococa 93,3\"},\"image\":{\"@id\":\"https:\\\/\\\/transamerica93.com.br\\\/home\\\/#\\\/schema\\\/logo\\\/image\\\/\"},\"sameAs\":[\"https:\\\/\\\/www.facebook.com\\\/transamericamococa\",\"https:\\\/\\\/x.com\\\/transamerica933\",\"https:\\\/\\\/www.instagram.com\\\/transamericamococa\"]},{\"@type\":\"Person\",\"@id\":\"https:\\\/\\\/transamerica93.com.br\\\/home\\\/#\\\/schema\\\/person\\\/7fed7c99c0d4562efa8561bc0f543172\",\"name\":\"Reda\u00e7\u00e3o\",\"image\":{\"@type\":\"ImageObject\",\"inLanguage\":\"pt-BR\",\"@id\":\"https:\\\/\\\/secure.gravatar.com\\\/avatar\\\/1072c6b775fb02ef8506ce967551d95926669a6b7d2c2147b42eea4d7c68395e?s=96&d=mm&r=g\",\"url\":\"https:\\\/\\\/secure.gravatar.com\\\/avatar\\\/1072c6b775fb02ef8506ce967551d95926669a6b7d2c2147b42eea4d7c68395e?s=96&d=mm&r=g\",\"contentUrl\":\"https:\\\/\\\/secure.gravatar.com\\\/avatar\\\/1072c6b775fb02ef8506ce967551d95926669a6b7d2c2147b42eea4d7c68395e?s=96&d=mm&r=g\",\"caption\":\"Reda\u00e7\u00e3o\"},\"sameAs\":[\"https:\\\/\\\/transamerica93.com.br\\\/home\"],\"url\":\"https:\\\/\\\/transamerica93.com.br\\\/home\\\/author\\\/william\\\/\"}]}<\/script>\n<!-- \/ Yoast SEO plugin. -->","yoast_head_json":{"title":"COB anuncia candidatos ao pr\u00eamio de Melhor Atleta do Ano de 2023 - Transam\u00e9rica Mococa 93,3","robots":{"index":"index","follow":"follow","max-snippet":"max-snippet:-1","max-image-preview":"max-image-preview:large","max-video-preview":"max-video-preview:-1"},"canonical":"https:\/\/transamerica93.com.br\/home\/cob-anuncia-candidatos-ao-premio-de-melhor-atleta-do-ano-de-2023\/","og_locale":"pt_BR","og_type":"article","og_title":"COB anuncia candidatos ao pr\u00eamio de Melhor Atleta do Ano de 2023 - Transam\u00e9rica Mococa 93,3","og_description":"O Comit\u00ea Ol\u00edmpico do Brasil (COB) anunciou no \u00faltimo domingo (3) a rela\u00e7\u00e3o de candidatos ao pr\u00eamio de Melhor Atleta do Ano de 2023 do Pr\u00eamio Brasil Ol\u00edmpico. No feminino, Ana Patr\u00edcia e Duda (v\u00f4lei de praia), Bia Haddad (t\u00eanis) e Rebeca Andrade (gin\u00e1stica art\u00edstica) s\u00e3o as concorrentes. J\u00e1 no masculino a disputa ser\u00e1 entre &hellip;","og_url":"https:\/\/transamerica93.com.br\/home\/cob-anuncia-candidatos-ao-premio-de-melhor-atleta-do-ano-de-2023\/","og_site_name":"Transam\u00e9rica Mococa 93,3","article_publisher":"https:\/\/www.facebook.com\/transamericamococa","article_published_time":"2023-12-04T18:59:46+00:00","og_image":[{"width":1170,"height":700,"url":"https:\/\/transamerica93.com.br\/home\/wp-content\/uploads\/2023\/12\/imagem.jpg","type":"image\/jpeg"}],"author":"Reda\u00e7\u00e3o","twitter_card":"summary_large_image","twitter_creator":"@transamerica933","twitter_site":"@transamerica933","twitter_misc":{"Escrito por":"Reda\u00e7\u00e3o","Est. tempo de leitura":"4 minutos"},"schema":{"@context":"https:\/\/schema.org","@graph":[{"@type":"Article","@id":"https:\/\/transamerica93.com.br\/home\/cob-anuncia-candidatos-ao-premio-de-melhor-atleta-do-ano-de-2023\/#article","isPartOf":{"@id":"https:\/\/transamerica93.com.br\/home\/cob-anuncia-candidatos-ao-premio-de-melhor-atleta-do-ano-de-2023\/"},"author":{"name":"Reda\u00e7\u00e3o","@id":"https:\/\/transamerica93.com.br\/home\/#\/schema\/person\/7fed7c99c0d4562efa8561bc0f543172"},"headline":"COB anuncia candidatos ao pr\u00eamio de Melhor Atleta do Ano de 2023","datePublished":"2023-12-04T18:59:46+00:00","mainEntityOfPage":{"@id":"https:\/\/transamerica93.com.br\/home\/cob-anuncia-candidatos-ao-premio-de-melhor-atleta-do-ano-de-2023\/"},"wordCount":713,"publisher":{"@id":"https:\/\/transamerica93.com.br\/home\/#organization"},"image":{"@id":"https:\/\/transamerica93.com.br\/home\/cob-anuncia-candidatos-ao-premio-de-melhor-atleta-do-ano-de-2023\/#primaryimage"},"thumbnailUrl":"https:\/\/transamerica93.com.br\/home\/wp-content\/uploads\/2023\/12\/imagem.jpg","articleSection":["Esportes"],"inLanguage":"pt-BR"},{"@type":"WebPage","@id":"https:\/\/transamerica93.com.br\/home\/cob-anuncia-candidatos-ao-premio-de-melhor-atleta-do-ano-de-2023\/","url":"https:\/\/transamerica93.com.br\/home\/cob-anuncia-candidatos-ao-premio-de-melhor-atleta-do-ano-de-2023\/","name":"COB anuncia candidatos ao pr\u00eamio de Melhor Atleta do Ano de 2023 - Transam\u00e9rica Mococa 93,3","isPartOf":{"@id":"https:\/\/transamerica93.com.br\/home\/#website"},"primaryImageOfPage":{"@id":"https:\/\/transamerica93.com.br\/home\/cob-anuncia-candidatos-ao-premio-de-melhor-atleta-do-ano-de-2023\/#primaryimage"},"image":{"@id":"https:\/\/transamerica93.com.br\/home\/cob-anuncia-candidatos-ao-premio-de-melhor-atleta-do-ano-de-2023\/#primaryimage"},"thumbnailUrl":"https:\/\/transamerica93.com.br\/home\/wp-content\/uploads\/2023\/12\/imagem.jpg","datePublished":"2023-12-04T18:59:46+00:00","breadcrumb":{"@id":"https:\/\/transamerica93.com.br\/home\/cob-anuncia-candidatos-ao-premio-de-melhor-atleta-do-ano-de-2023\/#breadcrumb"},"inLanguage":"pt-BR","potentialAction":[{"@type":"ReadAction","target":["https:\/\/transamerica93.com.br\/home\/cob-anuncia-candidatos-ao-premio-de-melhor-atleta-do-ano-de-2023\/"]}]},{"@type":"ImageObject","inLanguage":"pt-BR","@id":"https:\/\/transamerica93.com.br\/home\/cob-anuncia-candidatos-ao-premio-de-melhor-atleta-do-ano-de-2023\/#primaryimage","url":"https:\/\/transamerica93.com.br\/home\/wp-content\/uploads\/2023\/12\/imagem.jpg","contentUrl":"https:\/\/transamerica93.com.br\/home\/wp-content\/uploads\/2023\/12\/imagem.jpg","width":1170,"height":700,"caption":"\u00a9 Reprodu\u00e7\u00e3o Twitter\/@Time Brasil"},{"@type":"BreadcrumbList","@id":"https:\/\/transamerica93.com.br\/home\/cob-anuncia-candidatos-ao-premio-de-melhor-atleta-do-ano-de-2023\/#breadcrumb","itemListElement":[{"@type":"ListItem","position":1,"name":"In\u00edcio","item":"https:\/\/transamerica93.com.br\/home\/"},{"@type":"ListItem","position":2,"name":"COB anuncia candidatos ao pr\u00eamio de Melhor Atleta do Ano de 2023"}]},{"@type":"WebSite","@id":"https:\/\/transamerica93.com.br\/home\/#website","url":"https:\/\/transamerica93.com.br\/home\/","name":"Transam\u00e9rica Mococa 93,3","description":"","publisher":{"@id":"https:\/\/transamerica93.com.br\/home\/#organization"},"potentialAction":[{"@type":"SearchAction","target":{"@type":"EntryPoint","urlTemplate":"https:\/\/transamerica93.com.br\/home\/?s={search_term_string}"},"query-input":{"@type":"PropertyValueSpecification","valueRequired":true,"valueName":"search_term_string"}}],"inLanguage":"pt-BR"},{"@type":"Organization","@id":"https:\/\/transamerica93.com.br\/home\/#organization","name":"Transam\u00e9rica Mococa 93,3","url":"https:\/\/transamerica93.com.br\/home\/","logo":{"@type":"ImageObject","inLanguage":"pt-BR","@id":"https:\/\/transamerica93.com.br\/home\/#\/schema\/logo\/image\/","url":"https:\/\/transamerica93.com.br\/home\/wp-content\/uploads\/2023\/10\/logo2.png","contentUrl":"https:\/\/transamerica93.com.br\/home\/wp-content\/uploads\/2023\/10\/logo2.png","width":800,"height":500,"caption":"Transam\u00e9rica Mococa 93,3"},"image":{"@id":"https:\/\/transamerica93.com.br\/home\/#\/schema\/logo\/image\/"},"sameAs":["https:\/\/www.facebook.com\/transamericamococa","https:\/\/x.com\/transamerica933","https:\/\/www.instagram.com\/transamericamococa"]},{"@type":"Person","@id":"https:\/\/transamerica93.com.br\/home\/#\/schema\/person\/7fed7c99c0d4562efa8561bc0f543172","name":"Reda\u00e7\u00e3o","image":{"@type":"ImageObject","inLanguage":"pt-BR","@id":"https:\/\/secure.gravatar.com\/avatar\/1072c6b775fb02ef8506ce967551d95926669a6b7d2c2147b42eea4d7c68395e?s=96&d=mm&r=g","url":"https:\/\/secure.gravatar.com\/avatar\/1072c6b775fb02ef8506ce967551d95926669a6b7d2c2147b42eea4d7c68395e?s=96&d=mm&r=g","contentUrl":"https:\/\/secure.gravatar.com\/avatar\/1072c6b775fb02ef8506ce967551d95926669a6b7d2c2147b42eea4d7c68395e?s=96&d=mm&r=g","caption":"Reda\u00e7\u00e3o"},"sameAs":["https:\/\/transamerica93.com.br\/home"],"url":"https:\/\/transamerica93.com.br\/home\/author\/william\/"}]}},"_links":{"self":[{"href":"https:\/\/transamerica93.com.br\/home\/wp-json\/wp\/v2\/posts\/2063","targetHints":{"allow":["GET"]}}],"collection":[{"href":"https:\/\/transamerica93.com.br\/home\/wp-json\/wp\/v2\/posts"}],"about":[{"href":"https:\/\/transamerica93.com.br\/home\/wp-json\/wp\/v2\/types\/post"}],"author":[{"embeddable":true,"href":"https:\/\/transamerica93.com.br\/home\/wp-json\/wp\/v2\/users\/1"}],"replies":[{"embeddable":true,"href":"https:\/\/transamerica93.com.br\/home\/wp-json\/wp\/v2\/comments?post=2063"}],"version-history":[{"count":1,"href":"https:\/\/transamerica93.com.br\/home\/wp-json\/wp\/v2\/posts\/2063\/revisions"}],"predecessor-version":[{"id":2065,"href":"https:\/\/transamerica93.com.br\/home\/wp-json\/wp\/v2\/posts\/2063\/revisions\/2065"}],"wp:featuredmedia":[{"embeddable":true,"href":"https:\/\/transamerica93.com.br\/home\/wp-json\/wp\/v2\/media\/2064"}],"wp:attachment":[{"href":"https:\/\/transamerica93.com.br\/home\/wp-json\/wp\/v2\/media?parent=2063"}],"wp:term":[{"taxonomy":"category","embeddable":true,"href":"https:\/\/transamerica93.com.br\/home\/wp-json\/wp\/v2\/categories?post=2063"},{"taxonomy":"post_tag","embeddable":true,"href":"https:\/\/transamerica93.com.br\/home\/wp-json\/wp\/v2\/tags?post=2063"}],"curies":[{"name":"wp","href":"https:\/\/api.w.org\/{rel}","templated":true}]}}