{"id":2069,"date":"2023-12-04T16:04:47","date_gmt":"2023-12-04T19:04:47","guid":{"rendered":"https:\/\/transamerica93.com.br\/home\/?p=2069"},"modified":"2023-12-04T16:04:47","modified_gmt":"2023-12-04T19:04:47","slug":"eric-clapton-anuncia-shows-no-brasil-musico-tocara-em-curitiba-rio-e-sp","status":"publish","type":"post","link":"https:\/\/transamerica93.com.br\/home\/eric-clapton-anuncia-shows-no-brasil-musico-tocara-em-curitiba-rio-e-sp\/","title":{"rendered":"Eric Clapton anuncia shows no Brasil; m\u00fasico tocar\u00e1 em Curitiba, Rio e SP"},"content":{"rendered":"<h6 class=\"Assina\">Por Sabrina Legramandi*<\/h6>\n<p>Nesta segunda-feira, 4, o m\u00fasico Eric Clapton anunciou que retornar\u00e1 ao Brasil ap\u00f3s mais de uma d\u00e9cada para uma turn\u00ea em comemora\u00e7\u00e3o a 60 anos de carreira no ano que vem. Clapton passar\u00e1 por Curitiba no dia 24 de setembro, Rio de Janeiro no dia 26 e por S\u00e3o Paulo no dia 29 do mesmo m\u00eas.<\/p>\n<p>Os shows ainda contar\u00e3o com uma abertura de Gary Clark Jr, guitarrista vencedor do Grammy.<\/p>\n<p>A pr\u00e9-venda, exclusiva para clientes Santander, ocorre j\u00e1 na pr\u00f3xima segunda-feira, 11.<\/p>\n<p>Os ingressos ser\u00e3o vendidos para o p\u00fablico geral no dia 13 de dezembro.<\/p>\n<p>As entradas podem ser adquiridas no site da Live Pass.<\/p>\n<p>Os valores variam de cidade para cidade. O show em Curitiba, que ocorrer\u00e1 na Ligga Arena, tem ingressos que v\u00e3o de R$225 (Cadeira Superior meia-entrada) a R$1,2 mil (VIP, Sports Bar e Camarote)<\/p>\n<p>No Rio de Janeiro, a apresenta\u00e7\u00e3o, marcada na Jeunesse Arena, \u00e9 vendida por pre\u00e7os que v\u00e3o de R$230 (Cadeira Superior meia-entrada) a R$1,5 mil (Camarote Lateral).<\/p>\n<p>Por fim, os ingressos de S\u00e3o Paulo &#8211; o show ocorrer\u00e1 no Allianz Parque (Arena do Palmeiras) &#8211; s\u00e3o vendidos por valores que v\u00e3o de R$215 (Cadeira Superior meia-entrada) a R$1,2 mil (Pista Premium).<\/p>\n<p><b>Servi\u00e7o &#8211; Eric Clapton &amp; Gary Clark Jr<\/b><\/p>\n<p><b>Curitiba<\/b><\/p>\n<p>Data: Ter\u00e7a-feira, 24 de setembro de 2024<\/p>\n<p>Local: Ligga Arena (Arena da Baixada)<\/p>\n<p>Abertura dos port\u00f5es: 17h<\/p>\n<p>In\u00edcio dos shows: 19h20<\/p>\n<p>Classifica\u00e7\u00e3o Et\u00e1ria: 16 anos desacompanhado. Menores de 16 anos apenas acompanhados pais\/respons\u00e1vel legal. Sujeito a altera\u00e7\u00e3o, conforme decis\u00e3o judicial.<\/p>\n<p>Vendas em: www.livepass.com.br<\/p>\n<p>Pr\u00e9-venda para clientes Santander come\u00e7a: Segunda-feira, 11 de dezembro de 2023, \u00e0s 10h<\/p>\n<p>Pr\u00e9-venda para clientes Santander termina: Quarta-feira, 13 de dezembro de 2023, \u00e0s 09h59<\/p>\n<p>Venda Geral: Quarta-feira, 13 de dezembro de 2023, \u00e0s 10h<\/p>\n<p>Pre\u00e7os:<\/p>\n<p>Pista Premium &#8211; R$950,00 \/ Pista Premium meia-entrada &#8211; R$475,00<\/p>\n<p>Cadeira Inferior &#8211; R$850,00 \/ Cadeira Inferior meia entrada &#8211; R$425,00<\/p>\n<p>Cadeira Superior &#8211; R$450,00 \/ Cadeira Superior meia-entrada &#8211; R$225,00<\/p>\n<p>VIP (Cadeira Lateral) &#8211; R$1.200,00 \/ VIP (Cadeira Lateral) meia-entrada &#8211; R$600,00<\/p>\n<p>Sports Bar (Cadeira Central) &#8211; R$1.200,00 \/ Sports Bar (Cadeira Central) meia-entrada &#8211; R$600,00<\/p>\n<p>Camarote &#8211; R$1.200,00<\/p>\n<p>(*) Sujeito \u00e0 disponibilidade. Parcelamento em at\u00e9 6x sem juros para clientes Santander e em 3x sem juros para demais clientes.<\/p>\n<p><b>Rio de Janeiro<\/b><\/p>\n<p>Data: Quinta-feira, 26 de setembro de 2024<\/p>\n<p>Local: Jeunesse Arena<\/p>\n<p>Abertura dos port\u00f5es: 17h<\/p>\n<p>In\u00edcio dos shows: 19h20<\/p>\n<p>Classifica\u00e7\u00e3o Et\u00e1ria: 16 anos desacompanhado. Menores de 16 anos apenas acompanhados pais\/respons\u00e1vel legal. Sujeito a altera\u00e7\u00e3o, conforme decis\u00e3o judicial.<\/p>\n<p>Vendas em: www.livepass.com.br<\/p>\n<p>Pr\u00e9-venda para clientes Santander come\u00e7a: Segunda-feira, 11 de dezembro de 2023, \u00e0s 10h<\/p>\n<p>Pr\u00e9-venda para clientes Santander termina: Quarta-feira, 13 de dezembro de 2023, \u00e0s 09h59<\/p>\n<p>Venda Geral: Quarta-feira, 13 de dezembro de 2023, \u00e0s 10h<\/p>\n<p>Pre\u00e7os:<\/p>\n<p>Pista Premium &#8211; R$1.250,00 \/ Pista Premium meia-entrada &#8211; R$625,00<\/p>\n<p>Pista &#8211; R$560,00 \/ Pista meia-entrada &#8211; R$280,00<\/p>\n<p>Cadeira N1 Lateral &#8211; R$760,00\/ Cadeira N1 Lateral meia entrada &#8211; R$380,00<\/p>\n<p>Cadeira N1 Central &#8211; R$680,00 \/ Cadeira N1 Central meia entrada &#8211; R$340,00<\/p>\n<p>Cadeira Superior &#8211; R$460,00 \/ Cadeira Superior meia-entrada &#8211; R$230,00<\/p>\n<p>Camarote Central &#8211; R$1.300,00 \/ Camarote Central meia-entrada &#8211; R$650,00<\/p>\n<p>Camarote Lateral &#8211; R$1.500,00 \/ Camarote Lateral meia-entrada &#8211; R$750,00<\/p>\n<p>(*) Sujeito \u00e0 disponibilidade. Parcelamento em at\u00e9 6x sem juros para clientes Santander e em 3x sem juros para demais clientes.<\/p>\n<p><b>S\u00e3o Paulo<\/b><\/p>\n<p>Data: Domingo, 29 de setembro de 2024<\/p>\n<p>Local: Allianz Parque<\/p>\n<p>Abertura dos port\u00f5es: 15h<\/p>\n<p>In\u00edcio dos shows: 18h20<\/p>\n<p>Classifica\u00e7\u00e3o Et\u00e1ria: 16 anos desacompanhado. Menores de 16 anos apenas acompanhados pais\/respons\u00e1vel legal. Sujeito a altera\u00e7\u00e3o, conforme decis\u00e3o judicial.<\/p>\n<p>Vendas em: www.livepass.com.br<\/p>\n<p>Pr\u00e9-venda para clientes Santander come\u00e7a: Segunda-feira, 11 de dezembro de 2023, \u00e0s 10h<\/p>\n<p>Pr\u00e9-venda para clientes Santander termina: Quarta-feira, 13 de dezembro de 2023, \u00e0s 09h59<\/p>\n<p>Venda Geral: Quarta-feira, 13 de dezembro de 2023, \u00e0s 10h<\/p>\n<p>Pre\u00e7os:<\/p>\n<p>Pista Premium &#8211; R$1.200,00 \/ Pista Premium meia-entrada &#8211; R$600,00<\/p>\n<p>Pista &#8211; R$620,00 \/ Pista meia-entrada &#8211; R$310,00<\/p>\n<p>Cadeira N1 Lateral (Gold) &#8211; R$830,00 \/ Cadeira N1 Lateral (Gold) meia entrada &#8211; R$415,00<\/p>\n<p>Cadeira N1 Central (Silver) &#8211; R$730,00 \/ Cadeira N1 Central (Silver) meia entrada &#8211; R$365,00<\/p>\n<p>Cadeira Superior &#8211; R$430,00 \/ Cadeira Superior meia-entrada &#8211; R$215,00<\/p>\n<p>(*) Sujeito \u00e0 disponibilidade. Parcelamento em at\u00e9 6x sem juros para clientes Santander e em 3x sem juros para demais clientes.<\/p>\n<p><i>*Estagi\u00e1ria sob supervis\u00e3o de Charlise de Morais<\/i><\/p>\n","protected":false},"excerpt":{"rendered":"<p>Por Sabrina Legramandi* Nesta segunda-feira, 4, o m\u00fasico Eric Clapton anunciou que retornar\u00e1 ao Brasil ap\u00f3s mais de uma d\u00e9cada para uma turn\u00ea em comemora\u00e7\u00e3o a 60 anos de carreira no ano que vem. Clapton passar\u00e1 por Curitiba no dia 24 de setembro, Rio de Janeiro no dia 26 e por S\u00e3o Paulo no dia &hellip;<\/p>\n","protected":false},"author":1,"featured_media":2070,"comment_status":"closed","ping_status":"closed","sticky":false,"template":"","format":"standard","meta":{"footnotes":""},"categories":[25],"tags":[],"class_list":["post-2069","post","type-post","status-publish","format-standard","has-post-thumbnail","hentry","category-musica"],"yoast_head":"<!-- This site is optimized with the Yoast SEO plugin v27.4 - https:\/\/yoast.com\/product\/yoast-seo-wordpress\/ -->\n<title>Eric Clapton anuncia shows no Brasil; m\u00fasico tocar\u00e1 em Curitiba, Rio e SP - Transam\u00e9rica Mococa 93,3<\/title>\n<meta name=\"robots\" content=\"index, follow, max-snippet:-1, max-image-preview:large, max-video-preview:-1\" \/>\n<link rel=\"canonical\" href=\"https:\/\/transamerica93.com.br\/home\/eric-clapton-anuncia-shows-no-brasil-musico-tocara-em-curitiba-rio-e-sp\/\" \/>\n<meta property=\"og:locale\" content=\"pt_BR\" \/>\n<meta property=\"og:type\" content=\"article\" \/>\n<meta property=\"og:title\" content=\"Eric Clapton anuncia shows no Brasil; m\u00fasico tocar\u00e1 em Curitiba, Rio e SP - Transam\u00e9rica Mococa 93,3\" \/>\n<meta property=\"og:description\" content=\"Por Sabrina Legramandi* Nesta segunda-feira, 4, o m\u00fasico Eric Clapton anunciou que retornar\u00e1 ao Brasil ap\u00f3s mais de uma d\u00e9cada para uma turn\u00ea em comemora\u00e7\u00e3o a 60 anos de carreira no ano que vem. Clapton passar\u00e1 por Curitiba no dia 24 de setembro, Rio de Janeiro no dia 26 e por S\u00e3o Paulo no dia &hellip;\" \/>\n<meta property=\"og:url\" content=\"https:\/\/transamerica93.com.br\/home\/eric-clapton-anuncia-shows-no-brasil-musico-tocara-em-curitiba-rio-e-sp\/\" \/>\n<meta property=\"og:site_name\" content=\"Transam\u00e9rica Mococa 93,3\" \/>\n<meta property=\"article:publisher\" content=\"https:\/\/www.facebook.com\/transamericamococa\" \/>\n<meta property=\"article:published_time\" content=\"2023-12-04T19:04:47+00:00\" \/>\n<meta property=\"og:image\" content=\"https:\/\/transamerica93.com.br\/home\/wp-content\/uploads\/2023\/12\/ericclapton.jpg\" \/>\n\t<meta property=\"og:image:width\" content=\"985\" \/>\n\t<meta property=\"og:image:height\" content=\"630\" \/>\n\t<meta property=\"og:image:type\" content=\"image\/jpeg\" \/>\n<meta name=\"author\" content=\"Reda\u00e7\u00e3o\" \/>\n<meta name=\"twitter:card\" content=\"summary_large_image\" \/>\n<meta name=\"twitter:creator\" content=\"@transamerica933\" \/>\n<meta name=\"twitter:site\" content=\"@transamerica933\" \/>\n<meta name=\"twitter:label1\" content=\"Escrito por\" \/>\n\t<meta name=\"twitter:data1\" content=\"Reda\u00e7\u00e3o\" \/>\n\t<meta name=\"twitter:label2\" content=\"Est. tempo de leitura\" \/>\n\t<meta name=\"twitter:data2\" content=\"4 minutos\" \/>\n<script type=\"application\/ld+json\" class=\"yoast-schema-graph\">{\"@context\":\"https:\\\/\\\/schema.org\",\"@graph\":[{\"@type\":\"Article\",\"@id\":\"https:\\\/\\\/transamerica93.com.br\\\/home\\\/eric-clapton-anuncia-shows-no-brasil-musico-tocara-em-curitiba-rio-e-sp\\\/#article\",\"isPartOf\":{\"@id\":\"https:\\\/\\\/transamerica93.com.br\\\/home\\\/eric-clapton-anuncia-shows-no-brasil-musico-tocara-em-curitiba-rio-e-sp\\\/\"},\"author\":{\"name\":\"Reda\u00e7\u00e3o\",\"@id\":\"https:\\\/\\\/transamerica93.com.br\\\/home\\\/#\\\/schema\\\/person\\\/7fed7c99c0d4562efa8561bc0f543172\"},\"headline\":\"Eric Clapton anuncia shows no Brasil; m\u00fasico tocar\u00e1 em Curitiba, Rio e SP\",\"datePublished\":\"2023-12-04T19:04:47+00:00\",\"mainEntityOfPage\":{\"@id\":\"https:\\\/\\\/transamerica93.com.br\\\/home\\\/eric-clapton-anuncia-shows-no-brasil-musico-tocara-em-curitiba-rio-e-sp\\\/\"},\"wordCount\":733,\"publisher\":{\"@id\":\"https:\\\/\\\/transamerica93.com.br\\\/home\\\/#organization\"},\"image\":{\"@id\":\"https:\\\/\\\/transamerica93.com.br\\\/home\\\/eric-clapton-anuncia-shows-no-brasil-musico-tocara-em-curitiba-rio-e-sp\\\/#primaryimage\"},\"thumbnailUrl\":\"https:\\\/\\\/transamerica93.com.br\\\/home\\\/wp-content\\\/uploads\\\/2023\\\/12\\\/ericclapton.jpg\",\"articleSection\":[\"M\u00fasica\"],\"inLanguage\":\"pt-BR\"},{\"@type\":\"WebPage\",\"@id\":\"https:\\\/\\\/transamerica93.com.br\\\/home\\\/eric-clapton-anuncia-shows-no-brasil-musico-tocara-em-curitiba-rio-e-sp\\\/\",\"url\":\"https:\\\/\\\/transamerica93.com.br\\\/home\\\/eric-clapton-anuncia-shows-no-brasil-musico-tocara-em-curitiba-rio-e-sp\\\/\",\"name\":\"Eric Clapton anuncia shows no Brasil; m\u00fasico tocar\u00e1 em Curitiba, Rio e SP - Transam\u00e9rica Mococa 93,3\",\"isPartOf\":{\"@id\":\"https:\\\/\\\/transamerica93.com.br\\\/home\\\/#website\"},\"primaryImageOfPage\":{\"@id\":\"https:\\\/\\\/transamerica93.com.br\\\/home\\\/eric-clapton-anuncia-shows-no-brasil-musico-tocara-em-curitiba-rio-e-sp\\\/#primaryimage\"},\"image\":{\"@id\":\"https:\\\/\\\/transamerica93.com.br\\\/home\\\/eric-clapton-anuncia-shows-no-brasil-musico-tocara-em-curitiba-rio-e-sp\\\/#primaryimage\"},\"thumbnailUrl\":\"https:\\\/\\\/transamerica93.com.br\\\/home\\\/wp-content\\\/uploads\\\/2023\\\/12\\\/ericclapton.jpg\",\"datePublished\":\"2023-12-04T19:04:47+00:00\",\"breadcrumb\":{\"@id\":\"https:\\\/\\\/transamerica93.com.br\\\/home\\\/eric-clapton-anuncia-shows-no-brasil-musico-tocara-em-curitiba-rio-e-sp\\\/#breadcrumb\"},\"inLanguage\":\"pt-BR\",\"potentialAction\":[{\"@type\":\"ReadAction\",\"target\":[\"https:\\\/\\\/transamerica93.com.br\\\/home\\\/eric-clapton-anuncia-shows-no-brasil-musico-tocara-em-curitiba-rio-e-sp\\\/\"]}]},{\"@type\":\"ImageObject\",\"inLanguage\":\"pt-BR\",\"@id\":\"https:\\\/\\\/transamerica93.com.br\\\/home\\\/eric-clapton-anuncia-shows-no-brasil-musico-tocara-em-curitiba-rio-e-sp\\\/#primaryimage\",\"url\":\"https:\\\/\\\/transamerica93.com.br\\\/home\\\/wp-content\\\/uploads\\\/2023\\\/12\\\/ericclapton.jpg\",\"contentUrl\":\"https:\\\/\\\/transamerica93.com.br\\\/home\\\/wp-content\\\/uploads\\\/2023\\\/12\\\/ericclapton.jpg\",\"width\":985,\"height\":630,\"caption\":\"Foto: Instagram @ericclapton\"},{\"@type\":\"BreadcrumbList\",\"@id\":\"https:\\\/\\\/transamerica93.com.br\\\/home\\\/eric-clapton-anuncia-shows-no-brasil-musico-tocara-em-curitiba-rio-e-sp\\\/#breadcrumb\",\"itemListElement\":[{\"@type\":\"ListItem\",\"position\":1,\"name\":\"In\u00edcio\",\"item\":\"https:\\\/\\\/transamerica93.com.br\\\/home\\\/\"},{\"@type\":\"ListItem\",\"position\":2,\"name\":\"Eric Clapton anuncia shows no Brasil; m\u00fasico tocar\u00e1 em Curitiba, Rio e SP\"}]},{\"@type\":\"WebSite\",\"@id\":\"https:\\\/\\\/transamerica93.com.br\\\/home\\\/#website\",\"url\":\"https:\\\/\\\/transamerica93.com.br\\\/home\\\/\",\"name\":\"Transam\u00e9rica Mococa 93,3\",\"description\":\"\",\"publisher\":{\"@id\":\"https:\\\/\\\/transamerica93.com.br\\\/home\\\/#organization\"},\"potentialAction\":[{\"@type\":\"SearchAction\",\"target\":{\"@type\":\"EntryPoint\",\"urlTemplate\":\"https:\\\/\\\/transamerica93.com.br\\\/home\\\/?s={search_term_string}\"},\"query-input\":{\"@type\":\"PropertyValueSpecification\",\"valueRequired\":true,\"valueName\":\"search_term_string\"}}],\"inLanguage\":\"pt-BR\"},{\"@type\":\"Organization\",\"@id\":\"https:\\\/\\\/transamerica93.com.br\\\/home\\\/#organization\",\"name\":\"Transam\u00e9rica Mococa 93,3\",\"url\":\"https:\\\/\\\/transamerica93.com.br\\\/home\\\/\",\"logo\":{\"@type\":\"ImageObject\",\"inLanguage\":\"pt-BR\",\"@id\":\"https:\\\/\\\/transamerica93.com.br\\\/home\\\/#\\\/schema\\\/logo\\\/image\\\/\",\"url\":\"https:\\\/\\\/transamerica93.com.br\\\/home\\\/wp-content\\\/uploads\\\/2023\\\/10\\\/logo2.png\",\"contentUrl\":\"https:\\\/\\\/transamerica93.com.br\\\/home\\\/wp-content\\\/uploads\\\/2023\\\/10\\\/logo2.png\",\"width\":800,\"height\":500,\"caption\":\"Transam\u00e9rica Mococa 93,3\"},\"image\":{\"@id\":\"https:\\\/\\\/transamerica93.com.br\\\/home\\\/#\\\/schema\\\/logo\\\/image\\\/\"},\"sameAs\":[\"https:\\\/\\\/www.facebook.com\\\/transamericamococa\",\"https:\\\/\\\/x.com\\\/transamerica933\",\"https:\\\/\\\/www.instagram.com\\\/transamericamococa\"]},{\"@type\":\"Person\",\"@id\":\"https:\\\/\\\/transamerica93.com.br\\\/home\\\/#\\\/schema\\\/person\\\/7fed7c99c0d4562efa8561bc0f543172\",\"name\":\"Reda\u00e7\u00e3o\",\"image\":{\"@type\":\"ImageObject\",\"inLanguage\":\"pt-BR\",\"@id\":\"https:\\\/\\\/secure.gravatar.com\\\/avatar\\\/1072c6b775fb02ef8506ce967551d95926669a6b7d2c2147b42eea4d7c68395e?s=96&d=mm&r=g\",\"url\":\"https:\\\/\\\/secure.gravatar.com\\\/avatar\\\/1072c6b775fb02ef8506ce967551d95926669a6b7d2c2147b42eea4d7c68395e?s=96&d=mm&r=g\",\"contentUrl\":\"https:\\\/\\\/secure.gravatar.com\\\/avatar\\\/1072c6b775fb02ef8506ce967551d95926669a6b7d2c2147b42eea4d7c68395e?s=96&d=mm&r=g\",\"caption\":\"Reda\u00e7\u00e3o\"},\"sameAs\":[\"https:\\\/\\\/transamerica93.com.br\\\/home\"],\"url\":\"https:\\\/\\\/transamerica93.com.br\\\/home\\\/author\\\/william\\\/\"}]}<\/script>\n<!-- \/ Yoast SEO plugin. -->","yoast_head_json":{"title":"Eric Clapton anuncia shows no Brasil; m\u00fasico tocar\u00e1 em Curitiba, Rio e SP - Transam\u00e9rica Mococa 93,3","robots":{"index":"index","follow":"follow","max-snippet":"max-snippet:-1","max-image-preview":"max-image-preview:large","max-video-preview":"max-video-preview:-1"},"canonical":"https:\/\/transamerica93.com.br\/home\/eric-clapton-anuncia-shows-no-brasil-musico-tocara-em-curitiba-rio-e-sp\/","og_locale":"pt_BR","og_type":"article","og_title":"Eric Clapton anuncia shows no Brasil; m\u00fasico tocar\u00e1 em Curitiba, Rio e SP - Transam\u00e9rica Mococa 93,3","og_description":"Por Sabrina Legramandi* Nesta segunda-feira, 4, o m\u00fasico Eric Clapton anunciou que retornar\u00e1 ao Brasil ap\u00f3s mais de uma d\u00e9cada para uma turn\u00ea em comemora\u00e7\u00e3o a 60 anos de carreira no ano que vem. Clapton passar\u00e1 por Curitiba no dia 24 de setembro, Rio de Janeiro no dia 26 e por S\u00e3o Paulo no dia &hellip;","og_url":"https:\/\/transamerica93.com.br\/home\/eric-clapton-anuncia-shows-no-brasil-musico-tocara-em-curitiba-rio-e-sp\/","og_site_name":"Transam\u00e9rica Mococa 93,3","article_publisher":"https:\/\/www.facebook.com\/transamericamococa","article_published_time":"2023-12-04T19:04:47+00:00","og_image":[{"width":985,"height":630,"url":"https:\/\/transamerica93.com.br\/home\/wp-content\/uploads\/2023\/12\/ericclapton.jpg","type":"image\/jpeg"}],"author":"Reda\u00e7\u00e3o","twitter_card":"summary_large_image","twitter_creator":"@transamerica933","twitter_site":"@transamerica933","twitter_misc":{"Escrito por":"Reda\u00e7\u00e3o","Est. tempo de leitura":"4 minutos"},"schema":{"@context":"https:\/\/schema.org","@graph":[{"@type":"Article","@id":"https:\/\/transamerica93.com.br\/home\/eric-clapton-anuncia-shows-no-brasil-musico-tocara-em-curitiba-rio-e-sp\/#article","isPartOf":{"@id":"https:\/\/transamerica93.com.br\/home\/eric-clapton-anuncia-shows-no-brasil-musico-tocara-em-curitiba-rio-e-sp\/"},"author":{"name":"Reda\u00e7\u00e3o","@id":"https:\/\/transamerica93.com.br\/home\/#\/schema\/person\/7fed7c99c0d4562efa8561bc0f543172"},"headline":"Eric Clapton anuncia shows no Brasil; m\u00fasico tocar\u00e1 em Curitiba, Rio e SP","datePublished":"2023-12-04T19:04:47+00:00","mainEntityOfPage":{"@id":"https:\/\/transamerica93.com.br\/home\/eric-clapton-anuncia-shows-no-brasil-musico-tocara-em-curitiba-rio-e-sp\/"},"wordCount":733,"publisher":{"@id":"https:\/\/transamerica93.com.br\/home\/#organization"},"image":{"@id":"https:\/\/transamerica93.com.br\/home\/eric-clapton-anuncia-shows-no-brasil-musico-tocara-em-curitiba-rio-e-sp\/#primaryimage"},"thumbnailUrl":"https:\/\/transamerica93.com.br\/home\/wp-content\/uploads\/2023\/12\/ericclapton.jpg","articleSection":["M\u00fasica"],"inLanguage":"pt-BR"},{"@type":"WebPage","@id":"https:\/\/transamerica93.com.br\/home\/eric-clapton-anuncia-shows-no-brasil-musico-tocara-em-curitiba-rio-e-sp\/","url":"https:\/\/transamerica93.com.br\/home\/eric-clapton-anuncia-shows-no-brasil-musico-tocara-em-curitiba-rio-e-sp\/","name":"Eric Clapton anuncia shows no Brasil; m\u00fasico tocar\u00e1 em Curitiba, Rio e SP - Transam\u00e9rica Mococa 93,3","isPartOf":{"@id":"https:\/\/transamerica93.com.br\/home\/#website"},"primaryImageOfPage":{"@id":"https:\/\/transamerica93.com.br\/home\/eric-clapton-anuncia-shows-no-brasil-musico-tocara-em-curitiba-rio-e-sp\/#primaryimage"},"image":{"@id":"https:\/\/transamerica93.com.br\/home\/eric-clapton-anuncia-shows-no-brasil-musico-tocara-em-curitiba-rio-e-sp\/#primaryimage"},"thumbnailUrl":"https:\/\/transamerica93.com.br\/home\/wp-content\/uploads\/2023\/12\/ericclapton.jpg","datePublished":"2023-12-04T19:04:47+00:00","breadcrumb":{"@id":"https:\/\/transamerica93.com.br\/home\/eric-clapton-anuncia-shows-no-brasil-musico-tocara-em-curitiba-rio-e-sp\/#breadcrumb"},"inLanguage":"pt-BR","potentialAction":[{"@type":"ReadAction","target":["https:\/\/transamerica93.com.br\/home\/eric-clapton-anuncia-shows-no-brasil-musico-tocara-em-curitiba-rio-e-sp\/"]}]},{"@type":"ImageObject","inLanguage":"pt-BR","@id":"https:\/\/transamerica93.com.br\/home\/eric-clapton-anuncia-shows-no-brasil-musico-tocara-em-curitiba-rio-e-sp\/#primaryimage","url":"https:\/\/transamerica93.com.br\/home\/wp-content\/uploads\/2023\/12\/ericclapton.jpg","contentUrl":"https:\/\/transamerica93.com.br\/home\/wp-content\/uploads\/2023\/12\/ericclapton.jpg","width":985,"height":630,"caption":"Foto: Instagram @ericclapton"},{"@type":"BreadcrumbList","@id":"https:\/\/transamerica93.com.br\/home\/eric-clapton-anuncia-shows-no-brasil-musico-tocara-em-curitiba-rio-e-sp\/#breadcrumb","itemListElement":[{"@type":"ListItem","position":1,"name":"In\u00edcio","item":"https:\/\/transamerica93.com.br\/home\/"},{"@type":"ListItem","position":2,"name":"Eric Clapton anuncia shows no Brasil; m\u00fasico tocar\u00e1 em Curitiba, Rio e SP"}]},{"@type":"WebSite","@id":"https:\/\/transamerica93.com.br\/home\/#website","url":"https:\/\/transamerica93.com.br\/home\/","name":"Transam\u00e9rica Mococa 93,3","description":"","publisher":{"@id":"https:\/\/transamerica93.com.br\/home\/#organization"},"potentialAction":[{"@type":"SearchAction","target":{"@type":"EntryPoint","urlTemplate":"https:\/\/transamerica93.com.br\/home\/?s={search_term_string}"},"query-input":{"@type":"PropertyValueSpecification","valueRequired":true,"valueName":"search_term_string"}}],"inLanguage":"pt-BR"},{"@type":"Organization","@id":"https:\/\/transamerica93.com.br\/home\/#organization","name":"Transam\u00e9rica Mococa 93,3","url":"https:\/\/transamerica93.com.br\/home\/","logo":{"@type":"ImageObject","inLanguage":"pt-BR","@id":"https:\/\/transamerica93.com.br\/home\/#\/schema\/logo\/image\/","url":"https:\/\/transamerica93.com.br\/home\/wp-content\/uploads\/2023\/10\/logo2.png","contentUrl":"https:\/\/transamerica93.com.br\/home\/wp-content\/uploads\/2023\/10\/logo2.png","width":800,"height":500,"caption":"Transam\u00e9rica Mococa 93,3"},"image":{"@id":"https:\/\/transamerica93.com.br\/home\/#\/schema\/logo\/image\/"},"sameAs":["https:\/\/www.facebook.com\/transamericamococa","https:\/\/x.com\/transamerica933","https:\/\/www.instagram.com\/transamericamococa"]},{"@type":"Person","@id":"https:\/\/transamerica93.com.br\/home\/#\/schema\/person\/7fed7c99c0d4562efa8561bc0f543172","name":"Reda\u00e7\u00e3o","image":{"@type":"ImageObject","inLanguage":"pt-BR","@id":"https:\/\/secure.gravatar.com\/avatar\/1072c6b775fb02ef8506ce967551d95926669a6b7d2c2147b42eea4d7c68395e?s=96&d=mm&r=g","url":"https:\/\/secure.gravatar.com\/avatar\/1072c6b775fb02ef8506ce967551d95926669a6b7d2c2147b42eea4d7c68395e?s=96&d=mm&r=g","contentUrl":"https:\/\/secure.gravatar.com\/avatar\/1072c6b775fb02ef8506ce967551d95926669a6b7d2c2147b42eea4d7c68395e?s=96&d=mm&r=g","caption":"Reda\u00e7\u00e3o"},"sameAs":["https:\/\/transamerica93.com.br\/home"],"url":"https:\/\/transamerica93.com.br\/home\/author\/william\/"}]}},"_links":{"self":[{"href":"https:\/\/transamerica93.com.br\/home\/wp-json\/wp\/v2\/posts\/2069","targetHints":{"allow":["GET"]}}],"collection":[{"href":"https:\/\/transamerica93.com.br\/home\/wp-json\/wp\/v2\/posts"}],"about":[{"href":"https:\/\/transamerica93.com.br\/home\/wp-json\/wp\/v2\/types\/post"}],"author":[{"embeddable":true,"href":"https:\/\/transamerica93.com.br\/home\/wp-json\/wp\/v2\/users\/1"}],"replies":[{"embeddable":true,"href":"https:\/\/transamerica93.com.br\/home\/wp-json\/wp\/v2\/comments?post=2069"}],"version-history":[{"count":1,"href":"https:\/\/transamerica93.com.br\/home\/wp-json\/wp\/v2\/posts\/2069\/revisions"}],"predecessor-version":[{"id":2071,"href":"https:\/\/transamerica93.com.br\/home\/wp-json\/wp\/v2\/posts\/2069\/revisions\/2071"}],"wp:featuredmedia":[{"embeddable":true,"href":"https:\/\/transamerica93.com.br\/home\/wp-json\/wp\/v2\/media\/2070"}],"wp:attachment":[{"href":"https:\/\/transamerica93.com.br\/home\/wp-json\/wp\/v2\/media?parent=2069"}],"wp:term":[{"taxonomy":"category","embeddable":true,"href":"https:\/\/transamerica93.com.br\/home\/wp-json\/wp\/v2\/categories?post=2069"},{"taxonomy":"post_tag","embeddable":true,"href":"https:\/\/transamerica93.com.br\/home\/wp-json\/wp\/v2\/tags?post=2069"}],"curies":[{"name":"wp","href":"https:\/\/api.w.org\/{rel}","templated":true}]}}