{"id":2082,"date":"2023-12-05T16:00:25","date_gmt":"2023-12-05T19:00:25","guid":{"rendered":"https:\/\/transamerica93.com.br\/home\/?p=2082"},"modified":"2023-12-05T17:43:55","modified_gmt":"2023-12-05T20:43:55","slug":"naiara-azevedo-diz-estar-mais-livre-do-que-nunca-apos-acusar-ex-de-agressao","status":"publish","type":"post","link":"https:\/\/transamerica93.com.br\/home\/naiara-azevedo-diz-estar-mais-livre-do-que-nunca-apos-acusar-ex-de-agressao\/","title":{"rendered":"Naiara Azevedo diz estar &#8216;mais livre do que nunca&#8217; ap\u00f3s acusar ex de agress\u00e3o"},"content":{"rendered":"<div id=\"Corpo\">\n<h6 class=\"Assina\">Por Reda\u00e7\u00e3o E+<\/h6>\n<p>Naiara Azevedo acusou seu ex-marido e ex-empres\u00e1rio, Rafael Cabral, de agress\u00e3o f\u00edsica e viol\u00eancia patrimonial. Nesta ter\u00e7a-feira, 4, depois da repercuss\u00e3o da not\u00edcia, a cantora usou as redes sociais para agradecer o carinho dos f\u00e3s. Veja\u00a0<a href=\"https:\/\/twitter.com\/uniaoNA\/status\/1732098448944443508?\" target=\"_blank\" rel=\"noopener\"><u>aqui<\/u><\/a>.<\/p>\n<p>&#8220;Estou passando aqui para agradecer todas as mensagens de carinho que recebi at\u00e9 agora. Obrigada aos amigos que mandaram mensagem no pessoal, no celular, no WhatsApp e alguns directs tamb\u00e9m. E muito obrigada tamb\u00e9m a todos os meus f\u00e3s. N\u00e3o tenho palavras para descrever todas as mensagens que li at\u00e9 agora&#8221;, disse a artista no Instagram.<\/p>\n<p>Naiara ainda afirmou &#8220;estar com o cora\u00e7\u00e3o em paz e livre&#8221; ap\u00f3s expor o caso. &#8220;Livre mais do que nunca para ser feliz fazendo o que amo e eu amo estar com voc\u00eas&#8221;, comentou.<\/p>\n<p>A cantora deu uma entrevista ao\u00a0<i>Fant\u00e1stico<\/i>\u00a0no \u00faltimo domingo, 3, em que abordou as acusa\u00e7\u00f5es de viol\u00eancia patrimonial, f\u00edsica e psicol\u00f3gica que tem feito ao seu ex-marido (foram casados at\u00e9 2021) Rafael Cabral, que nega todas as acusa\u00e7\u00f5es. Em v\u00eddeo divulgado pela Globo, ela comenta: &#8220;Sabe quanto que eu pegava por m\u00eas? Mil reais.&#8221;<\/p>\n<p>&#8220;E quando eu falava assim, preciso de um cart\u00e3o, preciso de um dinheiro, sabe o que era falado pra mim? \u2018Voc\u00ea quer dinheiro pra qu\u00ea? Voc\u00ea tem tudo. As roupas que voc\u00ea usa o projeto paga. Sua casa, estamos pagando. Seu carro, estamos pagando. Sua despensa t\u00e1 cheia. Mil reais n\u00e3o d\u00e1 para voc\u00ea viver?\u2019. Eu n\u00e3o tenho acesso a nada, nunca tive acesso a nada&#8221;, continuou.<\/p>\n<p>A cantora destacou que os dois eram casados em comunh\u00e3o parcial de bens. &#8220;Eu s\u00f3 quero o que \u00e9 meu, eu trabalhei para ter. N\u00e3o quero uma gota de suor do trabalho do meu ex-marido. N\u00e3o estou aqui para tirar o m\u00e9rito de ningu\u00e9m. Ele trabalhou, sim, trabalhou pra caramba. E ele merece ter o direito dos 50% dele, e eu do meu. Eu s\u00f3 quero clareza diante do meu trabalho, do meu suor, dos meus sonhos, da minha luta&#8221;.<\/p>\n<p>O\u00a0<b>Estad\u00e3o<\/b>\u00a0tentou contato com Rafael Cabral para comentar as acusa\u00e7\u00f5es, mas n\u00e3o teve resposta at\u00e9 o momento desta publica\u00e7\u00e3o. O espa\u00e7o segue aberto para manifesta\u00e7\u00e3o.<\/p>\n<p><b>Entenda o caso envolvendo Naiara Azevedo<\/b><\/p>\n<p>Na \u00faltima quarta-feira, a cantora sertaneja, que tamb\u00e9m \u00e9 conhecida por ter feito parte do BBB, registrou um boletim de ocorr\u00eancia por viol\u00eancia dom\u00e9stica contra Rafael Cabral. Segundo a pol\u00edcia, a cantora foi prontamente atendida e o caso foi encaminhado \u00e0 Delegacia Estadual de Atendimento Especializado \u00e0 Mulher (Deaem).<\/p>\n<p>Agora, o \u00f3rg\u00e3o lidera a investiga\u00e7\u00e3o com base na Lei Maria da Penha. Em nota, a assessoria de Naiara confirmou que a cantora esteve na delegacia, mas negou que ela tenha namorado. Ainda conforme o comunicado, o caso corre em segredo de justi\u00e7a.<\/p>\n<p>Antes da defesa da sertaneja revelar a acusa\u00e7\u00e3o de viol\u00eancia patrimonial, o site G1 noticiou que, no boletim de ocorr\u00eancia, Naiara disse que temia por sua vida. Isso porque Rafael teria feito um seguro de vida no nome dela com um valor muito alto, tendo ele pr\u00f3prio. A Justi\u00e7a de Goi\u00e1s concedeu medida protetiva a Naiara Azevedo, com base na Lei Maria da Penha.<\/p>\n<p>A cantora ainda tamb\u00e9m chegou a mostrar fotos com hematomas e cancelou um show que faria no Estado de Mato Grosso recentemente Durante a semana, o Estad\u00e3o entrou em contato com a defesa de Rafael Cabral para saber se ele iria se manifestar sobre as acusa\u00e7\u00f5es, mas n\u00e3o obteve resposta. O espa\u00e7o segue aberto.<\/p>\n<p><b>O que diz Rafael Cabral?<\/b><\/p>\n<p>O ex-marido de Naiara Azevedo tamb\u00e9m foi entrevistado pelo\u00a0<i>Fant\u00e1stico<\/i>, e negou as acusa\u00e7\u00f5es de viol\u00eancia patrimonial, f\u00edsica e psicol\u00f3gica: &#8220;Isso n\u00e3o tem proced\u00eancia. Cometi erros no meu casamento, como trai\u00e7\u00f5es, fui errado nesse ponto, pedi perd\u00e3o a ela&#8221;. &#8220;N\u00e3o entendi essa den\u00fancia, essa narrativa. Fui pego de surpresa com tudo isso. Estou decepcionado com o ocorrido. Sempre me coloquei \u00e0 disposi\u00e7\u00e3o&#8221;.<\/p>\n<p>Questionado sobre um v\u00eddeo em que agrediria Naiara, respondeu: &#8220;Eu desconhe\u00e7o essa agress\u00e3o, n\u00e3o fiz isso&#8221;. Quando a rep\u00f3rter comenta que o som parece o de um tapa, justifica: &#8220;N\u00e3o, n\u00e3o, n\u00e3o Fui pegar o celular dela, porque ela estava filmando e eu n\u00e3o entendi o porqu\u00ea daquilo&#8221;.<\/p><\/div>\n","protected":false},"excerpt":{"rendered":"<p>Por Reda\u00e7\u00e3o E+ Naiara Azevedo acusou seu ex-marido e ex-empres\u00e1rio, Rafael Cabral, de agress\u00e3o f\u00edsica e viol\u00eancia patrimonial. Nesta ter\u00e7a-feira, 4, depois da repercuss\u00e3o da not\u00edcia, a cantora usou as redes sociais para agradecer o carinho dos f\u00e3s. Veja\u00a0aqui. &#8220;Estou passando aqui para agradecer todas as mensagens de carinho que recebi at\u00e9 agora. Obrigada aos &hellip;<\/p>\n","protected":false},"author":1,"featured_media":2083,"comment_status":"closed","ping_status":"closed","sticky":false,"template":"","format":"standard","meta":{"footnotes":""},"categories":[24],"tags":[],"class_list":["post-2082","post","type-post","status-publish","format-standard","has-post-thumbnail","hentry","category-entretenimento"],"yoast_head":"<!-- This site is optimized with the Yoast SEO plugin v27.4 - https:\/\/yoast.com\/product\/yoast-seo-wordpress\/ -->\n<title>Naiara Azevedo diz estar &#039;mais livre do que nunca&#039; ap\u00f3s acusar ex de agress\u00e3o - Transam\u00e9rica Mococa 93,3<\/title>\n<meta name=\"robots\" content=\"index, follow, max-snippet:-1, max-image-preview:large, max-video-preview:-1\" \/>\n<link rel=\"canonical\" href=\"https:\/\/transamerica93.com.br\/home\/naiara-azevedo-diz-estar-mais-livre-do-que-nunca-apos-acusar-ex-de-agressao\/\" \/>\n<meta property=\"og:locale\" content=\"pt_BR\" \/>\n<meta property=\"og:type\" content=\"article\" \/>\n<meta property=\"og:title\" content=\"Naiara Azevedo diz estar &#039;mais livre do que nunca&#039; ap\u00f3s acusar ex de agress\u00e3o - Transam\u00e9rica Mococa 93,3\" \/>\n<meta property=\"og:description\" content=\"Por Reda\u00e7\u00e3o E+ Naiara Azevedo acusou seu ex-marido e ex-empres\u00e1rio, Rafael Cabral, de agress\u00e3o f\u00edsica e viol\u00eancia patrimonial. Nesta ter\u00e7a-feira, 4, depois da repercuss\u00e3o da not\u00edcia, a cantora usou as redes sociais para agradecer o carinho dos f\u00e3s. Veja\u00a0aqui. &#8220;Estou passando aqui para agradecer todas as mensagens de carinho que recebi at\u00e9 agora. Obrigada aos &hellip;\" \/>\n<meta property=\"og:url\" content=\"https:\/\/transamerica93.com.br\/home\/naiara-azevedo-diz-estar-mais-livre-do-que-nunca-apos-acusar-ex-de-agressao\/\" \/>\n<meta property=\"og:site_name\" content=\"Transam\u00e9rica Mococa 93,3\" \/>\n<meta property=\"article:publisher\" content=\"https:\/\/www.facebook.com\/transamericamococa\" \/>\n<meta property=\"article:published_time\" content=\"2023-12-05T19:00:25+00:00\" \/>\n<meta property=\"article:modified_time\" content=\"2023-12-05T20:43:55+00:00\" \/>\n<meta property=\"og:image\" content=\"https:\/\/transamerica93.com.br\/home\/wp-content\/uploads\/2023\/12\/naiara.jpg\" \/>\n\t<meta property=\"og:image:width\" content=\"745\" \/>\n\t<meta property=\"og:image:height\" content=\"522\" \/>\n\t<meta property=\"og:image:type\" content=\"image\/jpeg\" \/>\n<meta name=\"author\" content=\"Reda\u00e7\u00e3o\" \/>\n<meta name=\"twitter:card\" content=\"summary_large_image\" \/>\n<meta name=\"twitter:creator\" content=\"@transamerica933\" \/>\n<meta name=\"twitter:site\" content=\"@transamerica933\" \/>\n<meta name=\"twitter:label1\" content=\"Escrito por\" \/>\n\t<meta name=\"twitter:data1\" content=\"Reda\u00e7\u00e3o\" \/>\n\t<meta name=\"twitter:label2\" content=\"Est. tempo de leitura\" \/>\n\t<meta name=\"twitter:data2\" content=\"4 minutos\" \/>\n<script type=\"application\/ld+json\" class=\"yoast-schema-graph\">{\"@context\":\"https:\\\/\\\/schema.org\",\"@graph\":[{\"@type\":\"Article\",\"@id\":\"https:\\\/\\\/transamerica93.com.br\\\/home\\\/naiara-azevedo-diz-estar-mais-livre-do-que-nunca-apos-acusar-ex-de-agressao\\\/#article\",\"isPartOf\":{\"@id\":\"https:\\\/\\\/transamerica93.com.br\\\/home\\\/naiara-azevedo-diz-estar-mais-livre-do-que-nunca-apos-acusar-ex-de-agressao\\\/\"},\"author\":{\"name\":\"Reda\u00e7\u00e3o\",\"@id\":\"https:\\\/\\\/transamerica93.com.br\\\/home\\\/#\\\/schema\\\/person\\\/7fed7c99c0d4562efa8561bc0f543172\"},\"headline\":\"Naiara Azevedo diz estar &#8216;mais livre do que nunca&#8217; ap\u00f3s acusar ex de agress\u00e3o\",\"datePublished\":\"2023-12-05T19:00:25+00:00\",\"dateModified\":\"2023-12-05T20:43:55+00:00\",\"mainEntityOfPage\":{\"@id\":\"https:\\\/\\\/transamerica93.com.br\\\/home\\\/naiara-azevedo-diz-estar-mais-livre-do-que-nunca-apos-acusar-ex-de-agressao\\\/\"},\"wordCount\":775,\"publisher\":{\"@id\":\"https:\\\/\\\/transamerica93.com.br\\\/home\\\/#organization\"},\"image\":{\"@id\":\"https:\\\/\\\/transamerica93.com.br\\\/home\\\/naiara-azevedo-diz-estar-mais-livre-do-que-nunca-apos-acusar-ex-de-agressao\\\/#primaryimage\"},\"thumbnailUrl\":\"https:\\\/\\\/transamerica93.com.br\\\/home\\\/wp-content\\\/uploads\\\/2023\\\/12\\\/naiara.jpg\",\"articleSection\":[\"Entretenimento\"],\"inLanguage\":\"pt-BR\"},{\"@type\":\"WebPage\",\"@id\":\"https:\\\/\\\/transamerica93.com.br\\\/home\\\/naiara-azevedo-diz-estar-mais-livre-do-que-nunca-apos-acusar-ex-de-agressao\\\/\",\"url\":\"https:\\\/\\\/transamerica93.com.br\\\/home\\\/naiara-azevedo-diz-estar-mais-livre-do-que-nunca-apos-acusar-ex-de-agressao\\\/\",\"name\":\"Naiara Azevedo diz estar 'mais livre do que nunca' ap\u00f3s acusar ex de agress\u00e3o - Transam\u00e9rica Mococa 93,3\",\"isPartOf\":{\"@id\":\"https:\\\/\\\/transamerica93.com.br\\\/home\\\/#website\"},\"primaryImageOfPage\":{\"@id\":\"https:\\\/\\\/transamerica93.com.br\\\/home\\\/naiara-azevedo-diz-estar-mais-livre-do-que-nunca-apos-acusar-ex-de-agressao\\\/#primaryimage\"},\"image\":{\"@id\":\"https:\\\/\\\/transamerica93.com.br\\\/home\\\/naiara-azevedo-diz-estar-mais-livre-do-que-nunca-apos-acusar-ex-de-agressao\\\/#primaryimage\"},\"thumbnailUrl\":\"https:\\\/\\\/transamerica93.com.br\\\/home\\\/wp-content\\\/uploads\\\/2023\\\/12\\\/naiara.jpg\",\"datePublished\":\"2023-12-05T19:00:25+00:00\",\"dateModified\":\"2023-12-05T20:43:55+00:00\",\"breadcrumb\":{\"@id\":\"https:\\\/\\\/transamerica93.com.br\\\/home\\\/naiara-azevedo-diz-estar-mais-livre-do-que-nunca-apos-acusar-ex-de-agressao\\\/#breadcrumb\"},\"inLanguage\":\"pt-BR\",\"potentialAction\":[{\"@type\":\"ReadAction\",\"target\":[\"https:\\\/\\\/transamerica93.com.br\\\/home\\\/naiara-azevedo-diz-estar-mais-livre-do-que-nunca-apos-acusar-ex-de-agressao\\\/\"]}]},{\"@type\":\"ImageObject\",\"inLanguage\":\"pt-BR\",\"@id\":\"https:\\\/\\\/transamerica93.com.br\\\/home\\\/naiara-azevedo-diz-estar-mais-livre-do-que-nunca-apos-acusar-ex-de-agressao\\\/#primaryimage\",\"url\":\"https:\\\/\\\/transamerica93.com.br\\\/home\\\/wp-content\\\/uploads\\\/2023\\\/12\\\/naiara.jpg\",\"contentUrl\":\"https:\\\/\\\/transamerica93.com.br\\\/home\\\/wp-content\\\/uploads\\\/2023\\\/12\\\/naiara.jpg\",\"width\":745,\"height\":522,\"caption\":\"Foto: Instagram @naiaraazevedo\"},{\"@type\":\"BreadcrumbList\",\"@id\":\"https:\\\/\\\/transamerica93.com.br\\\/home\\\/naiara-azevedo-diz-estar-mais-livre-do-que-nunca-apos-acusar-ex-de-agressao\\\/#breadcrumb\",\"itemListElement\":[{\"@type\":\"ListItem\",\"position\":1,\"name\":\"In\u00edcio\",\"item\":\"https:\\\/\\\/transamerica93.com.br\\\/home\\\/\"},{\"@type\":\"ListItem\",\"position\":2,\"name\":\"Naiara Azevedo diz estar &#8216;mais livre do que nunca&#8217; ap\u00f3s acusar ex de agress\u00e3o\"}]},{\"@type\":\"WebSite\",\"@id\":\"https:\\\/\\\/transamerica93.com.br\\\/home\\\/#website\",\"url\":\"https:\\\/\\\/transamerica93.com.br\\\/home\\\/\",\"name\":\"Transam\u00e9rica Mococa 93,3\",\"description\":\"\",\"publisher\":{\"@id\":\"https:\\\/\\\/transamerica93.com.br\\\/home\\\/#organization\"},\"potentialAction\":[{\"@type\":\"SearchAction\",\"target\":{\"@type\":\"EntryPoint\",\"urlTemplate\":\"https:\\\/\\\/transamerica93.com.br\\\/home\\\/?s={search_term_string}\"},\"query-input\":{\"@type\":\"PropertyValueSpecification\",\"valueRequired\":true,\"valueName\":\"search_term_string\"}}],\"inLanguage\":\"pt-BR\"},{\"@type\":\"Organization\",\"@id\":\"https:\\\/\\\/transamerica93.com.br\\\/home\\\/#organization\",\"name\":\"Transam\u00e9rica Mococa 93,3\",\"url\":\"https:\\\/\\\/transamerica93.com.br\\\/home\\\/\",\"logo\":{\"@type\":\"ImageObject\",\"inLanguage\":\"pt-BR\",\"@id\":\"https:\\\/\\\/transamerica93.com.br\\\/home\\\/#\\\/schema\\\/logo\\\/image\\\/\",\"url\":\"https:\\\/\\\/transamerica93.com.br\\\/home\\\/wp-content\\\/uploads\\\/2023\\\/10\\\/logo2.png\",\"contentUrl\":\"https:\\\/\\\/transamerica93.com.br\\\/home\\\/wp-content\\\/uploads\\\/2023\\\/10\\\/logo2.png\",\"width\":800,\"height\":500,\"caption\":\"Transam\u00e9rica Mococa 93,3\"},\"image\":{\"@id\":\"https:\\\/\\\/transamerica93.com.br\\\/home\\\/#\\\/schema\\\/logo\\\/image\\\/\"},\"sameAs\":[\"https:\\\/\\\/www.facebook.com\\\/transamericamococa\",\"https:\\\/\\\/x.com\\\/transamerica933\",\"https:\\\/\\\/www.instagram.com\\\/transamericamococa\"]},{\"@type\":\"Person\",\"@id\":\"https:\\\/\\\/transamerica93.com.br\\\/home\\\/#\\\/schema\\\/person\\\/7fed7c99c0d4562efa8561bc0f543172\",\"name\":\"Reda\u00e7\u00e3o\",\"image\":{\"@type\":\"ImageObject\",\"inLanguage\":\"pt-BR\",\"@id\":\"https:\\\/\\\/secure.gravatar.com\\\/avatar\\\/1072c6b775fb02ef8506ce967551d95926669a6b7d2c2147b42eea4d7c68395e?s=96&d=mm&r=g\",\"url\":\"https:\\\/\\\/secure.gravatar.com\\\/avatar\\\/1072c6b775fb02ef8506ce967551d95926669a6b7d2c2147b42eea4d7c68395e?s=96&d=mm&r=g\",\"contentUrl\":\"https:\\\/\\\/secure.gravatar.com\\\/avatar\\\/1072c6b775fb02ef8506ce967551d95926669a6b7d2c2147b42eea4d7c68395e?s=96&d=mm&r=g\",\"caption\":\"Reda\u00e7\u00e3o\"},\"sameAs\":[\"https:\\\/\\\/transamerica93.com.br\\\/home\"],\"url\":\"https:\\\/\\\/transamerica93.com.br\\\/home\\\/author\\\/william\\\/\"}]}<\/script>\n<!-- \/ Yoast SEO plugin. -->","yoast_head_json":{"title":"Naiara Azevedo diz estar 'mais livre do que nunca' ap\u00f3s acusar ex de agress\u00e3o - Transam\u00e9rica Mococa 93,3","robots":{"index":"index","follow":"follow","max-snippet":"max-snippet:-1","max-image-preview":"max-image-preview:large","max-video-preview":"max-video-preview:-1"},"canonical":"https:\/\/transamerica93.com.br\/home\/naiara-azevedo-diz-estar-mais-livre-do-que-nunca-apos-acusar-ex-de-agressao\/","og_locale":"pt_BR","og_type":"article","og_title":"Naiara Azevedo diz estar 'mais livre do que nunca' ap\u00f3s acusar ex de agress\u00e3o - Transam\u00e9rica Mococa 93,3","og_description":"Por Reda\u00e7\u00e3o E+ Naiara Azevedo acusou seu ex-marido e ex-empres\u00e1rio, Rafael Cabral, de agress\u00e3o f\u00edsica e viol\u00eancia patrimonial. Nesta ter\u00e7a-feira, 4, depois da repercuss\u00e3o da not\u00edcia, a cantora usou as redes sociais para agradecer o carinho dos f\u00e3s. Veja\u00a0aqui. &#8220;Estou passando aqui para agradecer todas as mensagens de carinho que recebi at\u00e9 agora. Obrigada aos &hellip;","og_url":"https:\/\/transamerica93.com.br\/home\/naiara-azevedo-diz-estar-mais-livre-do-que-nunca-apos-acusar-ex-de-agressao\/","og_site_name":"Transam\u00e9rica Mococa 93,3","article_publisher":"https:\/\/www.facebook.com\/transamericamococa","article_published_time":"2023-12-05T19:00:25+00:00","article_modified_time":"2023-12-05T20:43:55+00:00","og_image":[{"width":745,"height":522,"url":"https:\/\/transamerica93.com.br\/home\/wp-content\/uploads\/2023\/12\/naiara.jpg","type":"image\/jpeg"}],"author":"Reda\u00e7\u00e3o","twitter_card":"summary_large_image","twitter_creator":"@transamerica933","twitter_site":"@transamerica933","twitter_misc":{"Escrito por":"Reda\u00e7\u00e3o","Est. tempo de leitura":"4 minutos"},"schema":{"@context":"https:\/\/schema.org","@graph":[{"@type":"Article","@id":"https:\/\/transamerica93.com.br\/home\/naiara-azevedo-diz-estar-mais-livre-do-que-nunca-apos-acusar-ex-de-agressao\/#article","isPartOf":{"@id":"https:\/\/transamerica93.com.br\/home\/naiara-azevedo-diz-estar-mais-livre-do-que-nunca-apos-acusar-ex-de-agressao\/"},"author":{"name":"Reda\u00e7\u00e3o","@id":"https:\/\/transamerica93.com.br\/home\/#\/schema\/person\/7fed7c99c0d4562efa8561bc0f543172"},"headline":"Naiara Azevedo diz estar &#8216;mais livre do que nunca&#8217; ap\u00f3s acusar ex de agress\u00e3o","datePublished":"2023-12-05T19:00:25+00:00","dateModified":"2023-12-05T20:43:55+00:00","mainEntityOfPage":{"@id":"https:\/\/transamerica93.com.br\/home\/naiara-azevedo-diz-estar-mais-livre-do-que-nunca-apos-acusar-ex-de-agressao\/"},"wordCount":775,"publisher":{"@id":"https:\/\/transamerica93.com.br\/home\/#organization"},"image":{"@id":"https:\/\/transamerica93.com.br\/home\/naiara-azevedo-diz-estar-mais-livre-do-que-nunca-apos-acusar-ex-de-agressao\/#primaryimage"},"thumbnailUrl":"https:\/\/transamerica93.com.br\/home\/wp-content\/uploads\/2023\/12\/naiara.jpg","articleSection":["Entretenimento"],"inLanguage":"pt-BR"},{"@type":"WebPage","@id":"https:\/\/transamerica93.com.br\/home\/naiara-azevedo-diz-estar-mais-livre-do-que-nunca-apos-acusar-ex-de-agressao\/","url":"https:\/\/transamerica93.com.br\/home\/naiara-azevedo-diz-estar-mais-livre-do-que-nunca-apos-acusar-ex-de-agressao\/","name":"Naiara Azevedo diz estar 'mais livre do que nunca' ap\u00f3s acusar ex de agress\u00e3o - Transam\u00e9rica Mococa 93,3","isPartOf":{"@id":"https:\/\/transamerica93.com.br\/home\/#website"},"primaryImageOfPage":{"@id":"https:\/\/transamerica93.com.br\/home\/naiara-azevedo-diz-estar-mais-livre-do-que-nunca-apos-acusar-ex-de-agressao\/#primaryimage"},"image":{"@id":"https:\/\/transamerica93.com.br\/home\/naiara-azevedo-diz-estar-mais-livre-do-que-nunca-apos-acusar-ex-de-agressao\/#primaryimage"},"thumbnailUrl":"https:\/\/transamerica93.com.br\/home\/wp-content\/uploads\/2023\/12\/naiara.jpg","datePublished":"2023-12-05T19:00:25+00:00","dateModified":"2023-12-05T20:43:55+00:00","breadcrumb":{"@id":"https:\/\/transamerica93.com.br\/home\/naiara-azevedo-diz-estar-mais-livre-do-que-nunca-apos-acusar-ex-de-agressao\/#breadcrumb"},"inLanguage":"pt-BR","potentialAction":[{"@type":"ReadAction","target":["https:\/\/transamerica93.com.br\/home\/naiara-azevedo-diz-estar-mais-livre-do-que-nunca-apos-acusar-ex-de-agressao\/"]}]},{"@type":"ImageObject","inLanguage":"pt-BR","@id":"https:\/\/transamerica93.com.br\/home\/naiara-azevedo-diz-estar-mais-livre-do-que-nunca-apos-acusar-ex-de-agressao\/#primaryimage","url":"https:\/\/transamerica93.com.br\/home\/wp-content\/uploads\/2023\/12\/naiara.jpg","contentUrl":"https:\/\/transamerica93.com.br\/home\/wp-content\/uploads\/2023\/12\/naiara.jpg","width":745,"height":522,"caption":"Foto: Instagram @naiaraazevedo"},{"@type":"BreadcrumbList","@id":"https:\/\/transamerica93.com.br\/home\/naiara-azevedo-diz-estar-mais-livre-do-que-nunca-apos-acusar-ex-de-agressao\/#breadcrumb","itemListElement":[{"@type":"ListItem","position":1,"name":"In\u00edcio","item":"https:\/\/transamerica93.com.br\/home\/"},{"@type":"ListItem","position":2,"name":"Naiara Azevedo diz estar &#8216;mais livre do que nunca&#8217; ap\u00f3s acusar ex de agress\u00e3o"}]},{"@type":"WebSite","@id":"https:\/\/transamerica93.com.br\/home\/#website","url":"https:\/\/transamerica93.com.br\/home\/","name":"Transam\u00e9rica Mococa 93,3","description":"","publisher":{"@id":"https:\/\/transamerica93.com.br\/home\/#organization"},"potentialAction":[{"@type":"SearchAction","target":{"@type":"EntryPoint","urlTemplate":"https:\/\/transamerica93.com.br\/home\/?s={search_term_string}"},"query-input":{"@type":"PropertyValueSpecification","valueRequired":true,"valueName":"search_term_string"}}],"inLanguage":"pt-BR"},{"@type":"Organization","@id":"https:\/\/transamerica93.com.br\/home\/#organization","name":"Transam\u00e9rica Mococa 93,3","url":"https:\/\/transamerica93.com.br\/home\/","logo":{"@type":"ImageObject","inLanguage":"pt-BR","@id":"https:\/\/transamerica93.com.br\/home\/#\/schema\/logo\/image\/","url":"https:\/\/transamerica93.com.br\/home\/wp-content\/uploads\/2023\/10\/logo2.png","contentUrl":"https:\/\/transamerica93.com.br\/home\/wp-content\/uploads\/2023\/10\/logo2.png","width":800,"height":500,"caption":"Transam\u00e9rica Mococa 93,3"},"image":{"@id":"https:\/\/transamerica93.com.br\/home\/#\/schema\/logo\/image\/"},"sameAs":["https:\/\/www.facebook.com\/transamericamococa","https:\/\/x.com\/transamerica933","https:\/\/www.instagram.com\/transamericamococa"]},{"@type":"Person","@id":"https:\/\/transamerica93.com.br\/home\/#\/schema\/person\/7fed7c99c0d4562efa8561bc0f543172","name":"Reda\u00e7\u00e3o","image":{"@type":"ImageObject","inLanguage":"pt-BR","@id":"https:\/\/secure.gravatar.com\/avatar\/1072c6b775fb02ef8506ce967551d95926669a6b7d2c2147b42eea4d7c68395e?s=96&d=mm&r=g","url":"https:\/\/secure.gravatar.com\/avatar\/1072c6b775fb02ef8506ce967551d95926669a6b7d2c2147b42eea4d7c68395e?s=96&d=mm&r=g","contentUrl":"https:\/\/secure.gravatar.com\/avatar\/1072c6b775fb02ef8506ce967551d95926669a6b7d2c2147b42eea4d7c68395e?s=96&d=mm&r=g","caption":"Reda\u00e7\u00e3o"},"sameAs":["https:\/\/transamerica93.com.br\/home"],"url":"https:\/\/transamerica93.com.br\/home\/author\/william\/"}]}},"_links":{"self":[{"href":"https:\/\/transamerica93.com.br\/home\/wp-json\/wp\/v2\/posts\/2082","targetHints":{"allow":["GET"]}}],"collection":[{"href":"https:\/\/transamerica93.com.br\/home\/wp-json\/wp\/v2\/posts"}],"about":[{"href":"https:\/\/transamerica93.com.br\/home\/wp-json\/wp\/v2\/types\/post"}],"author":[{"embeddable":true,"href":"https:\/\/transamerica93.com.br\/home\/wp-json\/wp\/v2\/users\/1"}],"replies":[{"embeddable":true,"href":"https:\/\/transamerica93.com.br\/home\/wp-json\/wp\/v2\/comments?post=2082"}],"version-history":[{"count":1,"href":"https:\/\/transamerica93.com.br\/home\/wp-json\/wp\/v2\/posts\/2082\/revisions"}],"predecessor-version":[{"id":2084,"href":"https:\/\/transamerica93.com.br\/home\/wp-json\/wp\/v2\/posts\/2082\/revisions\/2084"}],"wp:featuredmedia":[{"embeddable":true,"href":"https:\/\/transamerica93.com.br\/home\/wp-json\/wp\/v2\/media\/2083"}],"wp:attachment":[{"href":"https:\/\/transamerica93.com.br\/home\/wp-json\/wp\/v2\/media?parent=2082"}],"wp:term":[{"taxonomy":"category","embeddable":true,"href":"https:\/\/transamerica93.com.br\/home\/wp-json\/wp\/v2\/categories?post=2082"},{"taxonomy":"post_tag","embeddable":true,"href":"https:\/\/transamerica93.com.br\/home\/wp-json\/wp\/v2\/tags?post=2082"}],"curies":[{"name":"wp","href":"https:\/\/api.w.org\/{rel}","templated":true}]}}