{"id":2085,"date":"2023-12-06T00:21:00","date_gmt":"2023-12-06T03:21:00","guid":{"rendered":"https:\/\/transamerica93.com.br\/home\/?p=2085"},"modified":"2023-12-06T00:21:00","modified_gmt":"2023-12-06T03:21:00","slug":"cantor-sertanejo-ze-neto-sofre-grave-acidente-de-carro-em-minas-gerais","status":"publish","type":"post","link":"https:\/\/transamerica93.com.br\/home\/cantor-sertanejo-ze-neto-sofre-grave-acidente-de-carro-em-minas-gerais\/","title":{"rendered":"Cantor sertanejo Z\u00e9 Neto sofre grave acidente de carro em Minas Gerais"},"content":{"rendered":"<p>O cantor do Z\u00e9 Neto, que faz dupla com Cristiano, sofreu um acidente de carro ao voltar de seu rancho em Fronteira, na regi\u00e3o do Tri\u00e2ngulo Mineiro, em Minas Gerais. O acidente aconteceu nesta ter\u00e7a-feira (05\/12), por volta das 20h45.<\/p>\n<p>Segundo a Pol\u00edcia Rodovi\u00e1ria Federal, o carro do artista capotou no km 246 da BR-153. Z\u00e9 Neto foi levado por uma ambul\u00e2ncia para o Hospital de Base, localizado em S\u00e3o Jose do Rio Preto, em S\u00e3o Paulo, com ferimentos leves.<\/p>\n<div>\n<p>A\u00a0<a href=\"https:\/\/www.otempo.com.br\/cidades\/ze-neto-sofreu-ferimentos-na-regiao-do-torax-apos-acidente-diz-assessoria-1.3288547\" target=\"_blank\" rel=\"noopener\"><strong>assessoria de imprensa de Z\u00e9 Neto informou que o cantor est\u00e1 consciente e sofreu ferimentos na regi\u00e3o do t\u00f3rax<\/strong><\/a>. Tamb\u00e9m \u00e9 pedido que os f\u00e3s orem pela recupera\u00e7\u00e3o do cantor. Veja a \u00edntegra da nota:<\/p>\n<p><em>&#8220;Informamos que o cantor Z\u00e9 Neto sofreu um acidente na noite dessa ter\u00e7a-feira (05) na sa\u00edda do seu rancho em Fronteira\/MG. O ve\u00edculo do cantor capotou ap\u00f3s colis\u00e3o na rodovia. Z\u00e9 Neto sofreu ferimentos na regi\u00e3o do t\u00f3rax e ap\u00f3s primeiro atendimento na cidade de Fronteira, foi encaminhado para o hospital em S\u00e3o Jos\u00e9 do Rio Preto\/SP. Pedimos ora\u00e7\u00f5es de todos para que tudo continue bem, novas informa\u00e7\u00f5es ser\u00e3o fornecidas t\u00e3o logo sejam confirmadas&#8221;.<\/em><\/p>\n<p>Via <a href=\"https:\/\/www.otempo.com.br\/entretenimento\/cantor-sertanejo-ze-neto-sofre-grave-acidente-de-carro-em-minas-gerais-1.3288518\" target=\"_blank\" rel=\"noopener\">O Tempo<\/a><\/p>\n<\/div>\n","protected":false},"excerpt":{"rendered":"<p>O cantor do Z\u00e9 Neto, que faz dupla com Cristiano, sofreu um acidente de carro ao voltar de seu rancho em Fronteira, na regi\u00e3o do Tri\u00e2ngulo Mineiro, em Minas Gerais. O acidente aconteceu nesta ter\u00e7a-feira (05\/12), por volta das 20h45. Segundo a Pol\u00edcia Rodovi\u00e1ria Federal, o carro do artista capotou no km 246 da BR-153. &hellip;<\/p>\n","protected":false},"author":1,"featured_media":2086,"comment_status":"closed","ping_status":"closed","sticky":false,"template":"","format":"standard","meta":{"footnotes":""},"categories":[24],"tags":[],"class_list":["post-2085","post","type-post","status-publish","format-standard","has-post-thumbnail","hentry","category-entretenimento"],"yoast_head":"<!-- This site is optimized with the Yoast SEO plugin v27.4 - https:\/\/yoast.com\/product\/yoast-seo-wordpress\/ -->\n<title>Cantor sertanejo Z\u00e9 Neto sofre grave acidente de carro em Minas Gerais - Transam\u00e9rica Mococa 93,3<\/title>\n<meta name=\"robots\" content=\"index, follow, max-snippet:-1, max-image-preview:large, max-video-preview:-1\" \/>\n<link rel=\"canonical\" href=\"https:\/\/transamerica93.com.br\/home\/cantor-sertanejo-ze-neto-sofre-grave-acidente-de-carro-em-minas-gerais\/\" \/>\n<meta property=\"og:locale\" content=\"pt_BR\" \/>\n<meta property=\"og:type\" content=\"article\" \/>\n<meta property=\"og:title\" content=\"Cantor sertanejo Z\u00e9 Neto sofre grave acidente de carro em Minas Gerais - Transam\u00e9rica Mococa 93,3\" \/>\n<meta property=\"og:description\" content=\"O cantor do Z\u00e9 Neto, que faz dupla com Cristiano, sofreu um acidente de carro ao voltar de seu rancho em Fronteira, na regi\u00e3o do Tri\u00e2ngulo Mineiro, em Minas Gerais. O acidente aconteceu nesta ter\u00e7a-feira (05\/12), por volta das 20h45. Segundo a Pol\u00edcia Rodovi\u00e1ria Federal, o carro do artista capotou no km 246 da BR-153. &hellip;\" \/>\n<meta property=\"og:url\" content=\"https:\/\/transamerica93.com.br\/home\/cantor-sertanejo-ze-neto-sofre-grave-acidente-de-carro-em-minas-gerais\/\" \/>\n<meta property=\"og:site_name\" content=\"Transam\u00e9rica Mococa 93,3\" \/>\n<meta property=\"article:publisher\" content=\"https:\/\/www.facebook.com\/transamericamococa\" \/>\n<meta property=\"article:published_time\" content=\"2023-12-06T03:21:00+00:00\" \/>\n<meta property=\"og:image\" content=\"https:\/\/transamerica93.com.br\/home\/wp-content\/uploads\/2023\/12\/zenetotoscanooficial.jpg\" \/>\n\t<meta property=\"og:image:width\" content=\"1001\" \/>\n\t<meta property=\"og:image:height\" content=\"632\" \/>\n\t<meta property=\"og:image:type\" content=\"image\/jpeg\" \/>\n<meta name=\"author\" content=\"Reda\u00e7\u00e3o\" \/>\n<meta name=\"twitter:card\" content=\"summary_large_image\" \/>\n<meta name=\"twitter:creator\" content=\"@transamerica933\" \/>\n<meta name=\"twitter:site\" content=\"@transamerica933\" \/>\n<meta name=\"twitter:label1\" content=\"Escrito por\" \/>\n\t<meta name=\"twitter:data1\" content=\"Reda\u00e7\u00e3o\" \/>\n\t<meta name=\"twitter:label2\" content=\"Est. tempo de leitura\" \/>\n\t<meta name=\"twitter:data2\" content=\"2 minutos\" \/>\n<script type=\"application\/ld+json\" class=\"yoast-schema-graph\">{\"@context\":\"https:\\\/\\\/schema.org\",\"@graph\":[{\"@type\":\"Article\",\"@id\":\"https:\\\/\\\/transamerica93.com.br\\\/home\\\/cantor-sertanejo-ze-neto-sofre-grave-acidente-de-carro-em-minas-gerais\\\/#article\",\"isPartOf\":{\"@id\":\"https:\\\/\\\/transamerica93.com.br\\\/home\\\/cantor-sertanejo-ze-neto-sofre-grave-acidente-de-carro-em-minas-gerais\\\/\"},\"author\":{\"name\":\"Reda\u00e7\u00e3o\",\"@id\":\"https:\\\/\\\/transamerica93.com.br\\\/home\\\/#\\\/schema\\\/person\\\/7fed7c99c0d4562efa8561bc0f543172\"},\"headline\":\"Cantor sertanejo Z\u00e9 Neto sofre grave acidente de carro em Minas Gerais\",\"datePublished\":\"2023-12-06T03:21:00+00:00\",\"mainEntityOfPage\":{\"@id\":\"https:\\\/\\\/transamerica93.com.br\\\/home\\\/cantor-sertanejo-ze-neto-sofre-grave-acidente-de-carro-em-minas-gerais\\\/\"},\"wordCount\":229,\"publisher\":{\"@id\":\"https:\\\/\\\/transamerica93.com.br\\\/home\\\/#organization\"},\"image\":{\"@id\":\"https:\\\/\\\/transamerica93.com.br\\\/home\\\/cantor-sertanejo-ze-neto-sofre-grave-acidente-de-carro-em-minas-gerais\\\/#primaryimage\"},\"thumbnailUrl\":\"https:\\\/\\\/transamerica93.com.br\\\/home\\\/wp-content\\\/uploads\\\/2023\\\/12\\\/zenetotoscanooficial.jpg\",\"articleSection\":[\"Entretenimento\"],\"inLanguage\":\"pt-BR\"},{\"@type\":\"WebPage\",\"@id\":\"https:\\\/\\\/transamerica93.com.br\\\/home\\\/cantor-sertanejo-ze-neto-sofre-grave-acidente-de-carro-em-minas-gerais\\\/\",\"url\":\"https:\\\/\\\/transamerica93.com.br\\\/home\\\/cantor-sertanejo-ze-neto-sofre-grave-acidente-de-carro-em-minas-gerais\\\/\",\"name\":\"Cantor sertanejo Z\u00e9 Neto sofre grave acidente de carro em Minas Gerais - Transam\u00e9rica Mococa 93,3\",\"isPartOf\":{\"@id\":\"https:\\\/\\\/transamerica93.com.br\\\/home\\\/#website\"},\"primaryImageOfPage\":{\"@id\":\"https:\\\/\\\/transamerica93.com.br\\\/home\\\/cantor-sertanejo-ze-neto-sofre-grave-acidente-de-carro-em-minas-gerais\\\/#primaryimage\"},\"image\":{\"@id\":\"https:\\\/\\\/transamerica93.com.br\\\/home\\\/cantor-sertanejo-ze-neto-sofre-grave-acidente-de-carro-em-minas-gerais\\\/#primaryimage\"},\"thumbnailUrl\":\"https:\\\/\\\/transamerica93.com.br\\\/home\\\/wp-content\\\/uploads\\\/2023\\\/12\\\/zenetotoscanooficial.jpg\",\"datePublished\":\"2023-12-06T03:21:00+00:00\",\"breadcrumb\":{\"@id\":\"https:\\\/\\\/transamerica93.com.br\\\/home\\\/cantor-sertanejo-ze-neto-sofre-grave-acidente-de-carro-em-minas-gerais\\\/#breadcrumb\"},\"inLanguage\":\"pt-BR\",\"potentialAction\":[{\"@type\":\"ReadAction\",\"target\":[\"https:\\\/\\\/transamerica93.com.br\\\/home\\\/cantor-sertanejo-ze-neto-sofre-grave-acidente-de-carro-em-minas-gerais\\\/\"]}]},{\"@type\":\"ImageObject\",\"inLanguage\":\"pt-BR\",\"@id\":\"https:\\\/\\\/transamerica93.com.br\\\/home\\\/cantor-sertanejo-ze-neto-sofre-grave-acidente-de-carro-em-minas-gerais\\\/#primaryimage\",\"url\":\"https:\\\/\\\/transamerica93.com.br\\\/home\\\/wp-content\\\/uploads\\\/2023\\\/12\\\/zenetotoscanooficial.jpg\",\"contentUrl\":\"https:\\\/\\\/transamerica93.com.br\\\/home\\\/wp-content\\\/uploads\\\/2023\\\/12\\\/zenetotoscanooficial.jpg\",\"width\":1001,\"height\":632,\"caption\":\"Foto: Instagram @zenetotoscanooficial\"},{\"@type\":\"BreadcrumbList\",\"@id\":\"https:\\\/\\\/transamerica93.com.br\\\/home\\\/cantor-sertanejo-ze-neto-sofre-grave-acidente-de-carro-em-minas-gerais\\\/#breadcrumb\",\"itemListElement\":[{\"@type\":\"ListItem\",\"position\":1,\"name\":\"In\u00edcio\",\"item\":\"https:\\\/\\\/transamerica93.com.br\\\/home\\\/\"},{\"@type\":\"ListItem\",\"position\":2,\"name\":\"Cantor sertanejo Z\u00e9 Neto sofre grave acidente de carro em Minas Gerais\"}]},{\"@type\":\"WebSite\",\"@id\":\"https:\\\/\\\/transamerica93.com.br\\\/home\\\/#website\",\"url\":\"https:\\\/\\\/transamerica93.com.br\\\/home\\\/\",\"name\":\"Transam\u00e9rica Mococa 93,3\",\"description\":\"\",\"publisher\":{\"@id\":\"https:\\\/\\\/transamerica93.com.br\\\/home\\\/#organization\"},\"potentialAction\":[{\"@type\":\"SearchAction\",\"target\":{\"@type\":\"EntryPoint\",\"urlTemplate\":\"https:\\\/\\\/transamerica93.com.br\\\/home\\\/?s={search_term_string}\"},\"query-input\":{\"@type\":\"PropertyValueSpecification\",\"valueRequired\":true,\"valueName\":\"search_term_string\"}}],\"inLanguage\":\"pt-BR\"},{\"@type\":\"Organization\",\"@id\":\"https:\\\/\\\/transamerica93.com.br\\\/home\\\/#organization\",\"name\":\"Transam\u00e9rica Mococa 93,3\",\"url\":\"https:\\\/\\\/transamerica93.com.br\\\/home\\\/\",\"logo\":{\"@type\":\"ImageObject\",\"inLanguage\":\"pt-BR\",\"@id\":\"https:\\\/\\\/transamerica93.com.br\\\/home\\\/#\\\/schema\\\/logo\\\/image\\\/\",\"url\":\"https:\\\/\\\/transamerica93.com.br\\\/home\\\/wp-content\\\/uploads\\\/2023\\\/10\\\/logo2.png\",\"contentUrl\":\"https:\\\/\\\/transamerica93.com.br\\\/home\\\/wp-content\\\/uploads\\\/2023\\\/10\\\/logo2.png\",\"width\":800,\"height\":500,\"caption\":\"Transam\u00e9rica Mococa 93,3\"},\"image\":{\"@id\":\"https:\\\/\\\/transamerica93.com.br\\\/home\\\/#\\\/schema\\\/logo\\\/image\\\/\"},\"sameAs\":[\"https:\\\/\\\/www.facebook.com\\\/transamericamococa\",\"https:\\\/\\\/x.com\\\/transamerica933\",\"https:\\\/\\\/www.instagram.com\\\/transamericamococa\"]},{\"@type\":\"Person\",\"@id\":\"https:\\\/\\\/transamerica93.com.br\\\/home\\\/#\\\/schema\\\/person\\\/7fed7c99c0d4562efa8561bc0f543172\",\"name\":\"Reda\u00e7\u00e3o\",\"image\":{\"@type\":\"ImageObject\",\"inLanguage\":\"pt-BR\",\"@id\":\"https:\\\/\\\/secure.gravatar.com\\\/avatar\\\/1072c6b775fb02ef8506ce967551d95926669a6b7d2c2147b42eea4d7c68395e?s=96&d=mm&r=g\",\"url\":\"https:\\\/\\\/secure.gravatar.com\\\/avatar\\\/1072c6b775fb02ef8506ce967551d95926669a6b7d2c2147b42eea4d7c68395e?s=96&d=mm&r=g\",\"contentUrl\":\"https:\\\/\\\/secure.gravatar.com\\\/avatar\\\/1072c6b775fb02ef8506ce967551d95926669a6b7d2c2147b42eea4d7c68395e?s=96&d=mm&r=g\",\"caption\":\"Reda\u00e7\u00e3o\"},\"sameAs\":[\"https:\\\/\\\/transamerica93.com.br\\\/home\"],\"url\":\"https:\\\/\\\/transamerica93.com.br\\\/home\\\/author\\\/william\\\/\"}]}<\/script>\n<!-- \/ Yoast SEO plugin. -->","yoast_head_json":{"title":"Cantor sertanejo Z\u00e9 Neto sofre grave acidente de carro em Minas Gerais - Transam\u00e9rica Mococa 93,3","robots":{"index":"index","follow":"follow","max-snippet":"max-snippet:-1","max-image-preview":"max-image-preview:large","max-video-preview":"max-video-preview:-1"},"canonical":"https:\/\/transamerica93.com.br\/home\/cantor-sertanejo-ze-neto-sofre-grave-acidente-de-carro-em-minas-gerais\/","og_locale":"pt_BR","og_type":"article","og_title":"Cantor sertanejo Z\u00e9 Neto sofre grave acidente de carro em Minas Gerais - Transam\u00e9rica Mococa 93,3","og_description":"O cantor do Z\u00e9 Neto, que faz dupla com Cristiano, sofreu um acidente de carro ao voltar de seu rancho em Fronteira, na regi\u00e3o do Tri\u00e2ngulo Mineiro, em Minas Gerais. O acidente aconteceu nesta ter\u00e7a-feira (05\/12), por volta das 20h45. Segundo a Pol\u00edcia Rodovi\u00e1ria Federal, o carro do artista capotou no km 246 da BR-153. &hellip;","og_url":"https:\/\/transamerica93.com.br\/home\/cantor-sertanejo-ze-neto-sofre-grave-acidente-de-carro-em-minas-gerais\/","og_site_name":"Transam\u00e9rica Mococa 93,3","article_publisher":"https:\/\/www.facebook.com\/transamericamococa","article_published_time":"2023-12-06T03:21:00+00:00","og_image":[{"width":1001,"height":632,"url":"https:\/\/transamerica93.com.br\/home\/wp-content\/uploads\/2023\/12\/zenetotoscanooficial.jpg","type":"image\/jpeg"}],"author":"Reda\u00e7\u00e3o","twitter_card":"summary_large_image","twitter_creator":"@transamerica933","twitter_site":"@transamerica933","twitter_misc":{"Escrito por":"Reda\u00e7\u00e3o","Est. tempo de leitura":"2 minutos"},"schema":{"@context":"https:\/\/schema.org","@graph":[{"@type":"Article","@id":"https:\/\/transamerica93.com.br\/home\/cantor-sertanejo-ze-neto-sofre-grave-acidente-de-carro-em-minas-gerais\/#article","isPartOf":{"@id":"https:\/\/transamerica93.com.br\/home\/cantor-sertanejo-ze-neto-sofre-grave-acidente-de-carro-em-minas-gerais\/"},"author":{"name":"Reda\u00e7\u00e3o","@id":"https:\/\/transamerica93.com.br\/home\/#\/schema\/person\/7fed7c99c0d4562efa8561bc0f543172"},"headline":"Cantor sertanejo Z\u00e9 Neto sofre grave acidente de carro em Minas Gerais","datePublished":"2023-12-06T03:21:00+00:00","mainEntityOfPage":{"@id":"https:\/\/transamerica93.com.br\/home\/cantor-sertanejo-ze-neto-sofre-grave-acidente-de-carro-em-minas-gerais\/"},"wordCount":229,"publisher":{"@id":"https:\/\/transamerica93.com.br\/home\/#organization"},"image":{"@id":"https:\/\/transamerica93.com.br\/home\/cantor-sertanejo-ze-neto-sofre-grave-acidente-de-carro-em-minas-gerais\/#primaryimage"},"thumbnailUrl":"https:\/\/transamerica93.com.br\/home\/wp-content\/uploads\/2023\/12\/zenetotoscanooficial.jpg","articleSection":["Entretenimento"],"inLanguage":"pt-BR"},{"@type":"WebPage","@id":"https:\/\/transamerica93.com.br\/home\/cantor-sertanejo-ze-neto-sofre-grave-acidente-de-carro-em-minas-gerais\/","url":"https:\/\/transamerica93.com.br\/home\/cantor-sertanejo-ze-neto-sofre-grave-acidente-de-carro-em-minas-gerais\/","name":"Cantor sertanejo Z\u00e9 Neto sofre grave acidente de carro em Minas Gerais - Transam\u00e9rica Mococa 93,3","isPartOf":{"@id":"https:\/\/transamerica93.com.br\/home\/#website"},"primaryImageOfPage":{"@id":"https:\/\/transamerica93.com.br\/home\/cantor-sertanejo-ze-neto-sofre-grave-acidente-de-carro-em-minas-gerais\/#primaryimage"},"image":{"@id":"https:\/\/transamerica93.com.br\/home\/cantor-sertanejo-ze-neto-sofre-grave-acidente-de-carro-em-minas-gerais\/#primaryimage"},"thumbnailUrl":"https:\/\/transamerica93.com.br\/home\/wp-content\/uploads\/2023\/12\/zenetotoscanooficial.jpg","datePublished":"2023-12-06T03:21:00+00:00","breadcrumb":{"@id":"https:\/\/transamerica93.com.br\/home\/cantor-sertanejo-ze-neto-sofre-grave-acidente-de-carro-em-minas-gerais\/#breadcrumb"},"inLanguage":"pt-BR","potentialAction":[{"@type":"ReadAction","target":["https:\/\/transamerica93.com.br\/home\/cantor-sertanejo-ze-neto-sofre-grave-acidente-de-carro-em-minas-gerais\/"]}]},{"@type":"ImageObject","inLanguage":"pt-BR","@id":"https:\/\/transamerica93.com.br\/home\/cantor-sertanejo-ze-neto-sofre-grave-acidente-de-carro-em-minas-gerais\/#primaryimage","url":"https:\/\/transamerica93.com.br\/home\/wp-content\/uploads\/2023\/12\/zenetotoscanooficial.jpg","contentUrl":"https:\/\/transamerica93.com.br\/home\/wp-content\/uploads\/2023\/12\/zenetotoscanooficial.jpg","width":1001,"height":632,"caption":"Foto: Instagram @zenetotoscanooficial"},{"@type":"BreadcrumbList","@id":"https:\/\/transamerica93.com.br\/home\/cantor-sertanejo-ze-neto-sofre-grave-acidente-de-carro-em-minas-gerais\/#breadcrumb","itemListElement":[{"@type":"ListItem","position":1,"name":"In\u00edcio","item":"https:\/\/transamerica93.com.br\/home\/"},{"@type":"ListItem","position":2,"name":"Cantor sertanejo Z\u00e9 Neto sofre grave acidente de carro em Minas Gerais"}]},{"@type":"WebSite","@id":"https:\/\/transamerica93.com.br\/home\/#website","url":"https:\/\/transamerica93.com.br\/home\/","name":"Transam\u00e9rica Mococa 93,3","description":"","publisher":{"@id":"https:\/\/transamerica93.com.br\/home\/#organization"},"potentialAction":[{"@type":"SearchAction","target":{"@type":"EntryPoint","urlTemplate":"https:\/\/transamerica93.com.br\/home\/?s={search_term_string}"},"query-input":{"@type":"PropertyValueSpecification","valueRequired":true,"valueName":"search_term_string"}}],"inLanguage":"pt-BR"},{"@type":"Organization","@id":"https:\/\/transamerica93.com.br\/home\/#organization","name":"Transam\u00e9rica Mococa 93,3","url":"https:\/\/transamerica93.com.br\/home\/","logo":{"@type":"ImageObject","inLanguage":"pt-BR","@id":"https:\/\/transamerica93.com.br\/home\/#\/schema\/logo\/image\/","url":"https:\/\/transamerica93.com.br\/home\/wp-content\/uploads\/2023\/10\/logo2.png","contentUrl":"https:\/\/transamerica93.com.br\/home\/wp-content\/uploads\/2023\/10\/logo2.png","width":800,"height":500,"caption":"Transam\u00e9rica Mococa 93,3"},"image":{"@id":"https:\/\/transamerica93.com.br\/home\/#\/schema\/logo\/image\/"},"sameAs":["https:\/\/www.facebook.com\/transamericamococa","https:\/\/x.com\/transamerica933","https:\/\/www.instagram.com\/transamericamococa"]},{"@type":"Person","@id":"https:\/\/transamerica93.com.br\/home\/#\/schema\/person\/7fed7c99c0d4562efa8561bc0f543172","name":"Reda\u00e7\u00e3o","image":{"@type":"ImageObject","inLanguage":"pt-BR","@id":"https:\/\/secure.gravatar.com\/avatar\/1072c6b775fb02ef8506ce967551d95926669a6b7d2c2147b42eea4d7c68395e?s=96&d=mm&r=g","url":"https:\/\/secure.gravatar.com\/avatar\/1072c6b775fb02ef8506ce967551d95926669a6b7d2c2147b42eea4d7c68395e?s=96&d=mm&r=g","contentUrl":"https:\/\/secure.gravatar.com\/avatar\/1072c6b775fb02ef8506ce967551d95926669a6b7d2c2147b42eea4d7c68395e?s=96&d=mm&r=g","caption":"Reda\u00e7\u00e3o"},"sameAs":["https:\/\/transamerica93.com.br\/home"],"url":"https:\/\/transamerica93.com.br\/home\/author\/william\/"}]}},"_links":{"self":[{"href":"https:\/\/transamerica93.com.br\/home\/wp-json\/wp\/v2\/posts\/2085","targetHints":{"allow":["GET"]}}],"collection":[{"href":"https:\/\/transamerica93.com.br\/home\/wp-json\/wp\/v2\/posts"}],"about":[{"href":"https:\/\/transamerica93.com.br\/home\/wp-json\/wp\/v2\/types\/post"}],"author":[{"embeddable":true,"href":"https:\/\/transamerica93.com.br\/home\/wp-json\/wp\/v2\/users\/1"}],"replies":[{"embeddable":true,"href":"https:\/\/transamerica93.com.br\/home\/wp-json\/wp\/v2\/comments?post=2085"}],"version-history":[{"count":1,"href":"https:\/\/transamerica93.com.br\/home\/wp-json\/wp\/v2\/posts\/2085\/revisions"}],"predecessor-version":[{"id":2087,"href":"https:\/\/transamerica93.com.br\/home\/wp-json\/wp\/v2\/posts\/2085\/revisions\/2087"}],"wp:featuredmedia":[{"embeddable":true,"href":"https:\/\/transamerica93.com.br\/home\/wp-json\/wp\/v2\/media\/2086"}],"wp:attachment":[{"href":"https:\/\/transamerica93.com.br\/home\/wp-json\/wp\/v2\/media?parent=2085"}],"wp:term":[{"taxonomy":"category","embeddable":true,"href":"https:\/\/transamerica93.com.br\/home\/wp-json\/wp\/v2\/categories?post=2085"},{"taxonomy":"post_tag","embeddable":true,"href":"https:\/\/transamerica93.com.br\/home\/wp-json\/wp\/v2\/tags?post=2085"}],"curies":[{"name":"wp","href":"https:\/\/api.w.org\/{rel}","templated":true}]}}