{"id":2088,"date":"2023-12-06T12:00:36","date_gmt":"2023-12-06T15:00:36","guid":{"rendered":"https:\/\/transamerica93.com.br\/home\/?p=2088"},"modified":"2023-12-06T00:23:30","modified_gmt":"2023-12-06T03:23:30","slug":"regina-case-encerra-contrato-fixo-com-a-globo-depois-de-40-anos","status":"publish","type":"post","link":"https:\/\/transamerica93.com.br\/home\/regina-case-encerra-contrato-fixo-com-a-globo-depois-de-40-anos\/","title":{"rendered":"Regina Cas\u00e9 encerra contrato fixo com a Globo depois de 40 anos"},"content":{"rendered":"<h6 class=\"Assina\">Por Daniel Silveira<\/h6>\n<p>A atriz Regina Cas\u00e9, que atualmente est\u00e1 no ar como Zo\u00e9 na novela Todas as Flores, encerrou contrato com a Rede Globo ap\u00f3s 40 anos de casa. Com o fim do contrato, Regina se junta a outros artistas que tamb\u00e9m foram desligados da empresa como Paolla Oliveira, Isabelle Drummond, Marcelo Adnet e Vanessa Gi\u00e1como.<\/p>\n<p>&#8220;Estou na Globo h\u00e1 mais de 40 anos, nunca deixei de trabalhar, tanto dentro e fora da emissora, quanto em cinema e teatro. De l\u00e1 para c\u00e1, vivi diversos momentos, diversas mudan\u00e7as de gest\u00e3o, formas de trabalhar e fazer. Encaro com muita naturalidade cada um desses momentos&#8221;, disse a atriz em comunicado enviado \u00e0 imprensa.<\/p>\n<p>Ainda de acordo com a atriz, o fim do contrato com a emissora n\u00e3o significa que ela vai deixar de fazer trabalhos na empresa. &#8220;Houve uma mudan\u00e7a no modelo de contrato da Globo, mas \u00e9 como se n\u00e3o houvesse, porque continuo trabalhando aqui, e fora. Fechamos o ano com um sucesso estrondoso da Zo\u00e9 em Todas as Flores, e com a volta de Dona Lurdes, que de t\u00e3o querida, seguiu a vida, de uma novela para um filme, que ser\u00e1 lan\u00e7ado ano que vem no cinema e em todas plataformas da Globo&#8221;, continua a atriz.<\/p>\n<p>&#8220;Tamb\u00e9m, come\u00e7o 2024 com dois novos projetos j\u00e1 programados na pr\u00f3pria TV Globo. Continuo tamb\u00e9m com projetos fora, agora at\u00e9 com mais flexibilidade, dentre eles tr\u00eas filmes j\u00e1 com data marcada pra rodar. \u00c9 a vida sendo vida, e que a vida, vida seja&#8221;, anunciou.<\/p>\n<p>Procurada, a Globo tamb\u00e9m admitiu que o fim do contrato com a atriz \u00e9 apenas uma mudan\u00e7a na forma de contrata\u00e7\u00e3o de seus artistas. &#8220;Regina seguir\u00e1 a parceria com a emissora seguindo um novo modelo de contrato. Ela, inclusive, j\u00e1 tem trabalhos com a casa em 2024&#8221;, disse a emissora.<\/p>\n","protected":false},"excerpt":{"rendered":"<p>Por Daniel Silveira A atriz Regina Cas\u00e9, que atualmente est\u00e1 no ar como Zo\u00e9 na novela Todas as Flores, encerrou contrato com a Rede Globo ap\u00f3s 40 anos de casa. Com o fim do contrato, Regina se junta a outros artistas que tamb\u00e9m foram desligados da empresa como Paolla Oliveira, Isabelle Drummond, Marcelo Adnet e &hellip;<\/p>\n","protected":false},"author":1,"featured_media":2089,"comment_status":"closed","ping_status":"closed","sticky":false,"template":"","format":"standard","meta":{"footnotes":""},"categories":[24],"tags":[],"class_list":["post-2088","post","type-post","status-publish","format-standard","has-post-thumbnail","hentry","category-entretenimento"],"yoast_head":"<!-- This site is optimized with the Yoast SEO plugin v27.4 - https:\/\/yoast.com\/product\/yoast-seo-wordpress\/ -->\n<title>Regina Cas\u00e9 encerra contrato fixo com a Globo depois de 40 anos - Transam\u00e9rica Mococa 93,3<\/title>\n<meta name=\"robots\" content=\"index, follow, max-snippet:-1, max-image-preview:large, max-video-preview:-1\" \/>\n<link rel=\"canonical\" href=\"https:\/\/transamerica93.com.br\/home\/regina-case-encerra-contrato-fixo-com-a-globo-depois-de-40-anos\/\" \/>\n<meta property=\"og:locale\" content=\"pt_BR\" \/>\n<meta property=\"og:type\" content=\"article\" \/>\n<meta property=\"og:title\" content=\"Regina Cas\u00e9 encerra contrato fixo com a Globo depois de 40 anos - Transam\u00e9rica Mococa 93,3\" \/>\n<meta property=\"og:description\" content=\"Por Daniel Silveira A atriz Regina Cas\u00e9, que atualmente est\u00e1 no ar como Zo\u00e9 na novela Todas as Flores, encerrou contrato com a Rede Globo ap\u00f3s 40 anos de casa. Com o fim do contrato, Regina se junta a outros artistas que tamb\u00e9m foram desligados da empresa como Paolla Oliveira, Isabelle Drummond, Marcelo Adnet e &hellip;\" \/>\n<meta property=\"og:url\" content=\"https:\/\/transamerica93.com.br\/home\/regina-case-encerra-contrato-fixo-com-a-globo-depois-de-40-anos\/\" \/>\n<meta property=\"og:site_name\" content=\"Transam\u00e9rica Mococa 93,3\" \/>\n<meta property=\"article:publisher\" content=\"https:\/\/www.facebook.com\/transamericamococa\" \/>\n<meta property=\"article:published_time\" content=\"2023-12-06T15:00:36+00:00\" \/>\n<meta property=\"og:image\" content=\"https:\/\/transamerica93.com.br\/home\/wp-content\/uploads\/2023\/12\/reginacase.jpg\" \/>\n\t<meta property=\"og:image:width\" content=\"959\" \/>\n\t<meta property=\"og:image:height\" content=\"614\" \/>\n\t<meta property=\"og:image:type\" content=\"image\/jpeg\" \/>\n<meta name=\"author\" content=\"Reda\u00e7\u00e3o\" \/>\n<meta name=\"twitter:card\" content=\"summary_large_image\" \/>\n<meta name=\"twitter:creator\" content=\"@transamerica933\" \/>\n<meta name=\"twitter:site\" content=\"@transamerica933\" \/>\n<meta name=\"twitter:label1\" content=\"Escrito por\" \/>\n\t<meta name=\"twitter:data1\" content=\"Reda\u00e7\u00e3o\" \/>\n\t<meta name=\"twitter:label2\" content=\"Est. tempo de leitura\" \/>\n\t<meta name=\"twitter:data2\" content=\"2 minutos\" \/>\n<script type=\"application\/ld+json\" class=\"yoast-schema-graph\">{\"@context\":\"https:\\\/\\\/schema.org\",\"@graph\":[{\"@type\":\"Article\",\"@id\":\"https:\\\/\\\/transamerica93.com.br\\\/home\\\/regina-case-encerra-contrato-fixo-com-a-globo-depois-de-40-anos\\\/#article\",\"isPartOf\":{\"@id\":\"https:\\\/\\\/transamerica93.com.br\\\/home\\\/regina-case-encerra-contrato-fixo-com-a-globo-depois-de-40-anos\\\/\"},\"author\":{\"name\":\"Reda\u00e7\u00e3o\",\"@id\":\"https:\\\/\\\/transamerica93.com.br\\\/home\\\/#\\\/schema\\\/person\\\/7fed7c99c0d4562efa8561bc0f543172\"},\"headline\":\"Regina Cas\u00e9 encerra contrato fixo com a Globo depois de 40 anos\",\"datePublished\":\"2023-12-06T15:00:36+00:00\",\"mainEntityOfPage\":{\"@id\":\"https:\\\/\\\/transamerica93.com.br\\\/home\\\/regina-case-encerra-contrato-fixo-com-a-globo-depois-de-40-anos\\\/\"},\"wordCount\":323,\"publisher\":{\"@id\":\"https:\\\/\\\/transamerica93.com.br\\\/home\\\/#organization\"},\"image\":{\"@id\":\"https:\\\/\\\/transamerica93.com.br\\\/home\\\/regina-case-encerra-contrato-fixo-com-a-globo-depois-de-40-anos\\\/#primaryimage\"},\"thumbnailUrl\":\"https:\\\/\\\/transamerica93.com.br\\\/home\\\/wp-content\\\/uploads\\\/2023\\\/12\\\/reginacase.jpg\",\"articleSection\":[\"Entretenimento\"],\"inLanguage\":\"pt-BR\"},{\"@type\":\"WebPage\",\"@id\":\"https:\\\/\\\/transamerica93.com.br\\\/home\\\/regina-case-encerra-contrato-fixo-com-a-globo-depois-de-40-anos\\\/\",\"url\":\"https:\\\/\\\/transamerica93.com.br\\\/home\\\/regina-case-encerra-contrato-fixo-com-a-globo-depois-de-40-anos\\\/\",\"name\":\"Regina Cas\u00e9 encerra contrato fixo com a Globo depois de 40 anos - Transam\u00e9rica Mococa 93,3\",\"isPartOf\":{\"@id\":\"https:\\\/\\\/transamerica93.com.br\\\/home\\\/#website\"},\"primaryImageOfPage\":{\"@id\":\"https:\\\/\\\/transamerica93.com.br\\\/home\\\/regina-case-encerra-contrato-fixo-com-a-globo-depois-de-40-anos\\\/#primaryimage\"},\"image\":{\"@id\":\"https:\\\/\\\/transamerica93.com.br\\\/home\\\/regina-case-encerra-contrato-fixo-com-a-globo-depois-de-40-anos\\\/#primaryimage\"},\"thumbnailUrl\":\"https:\\\/\\\/transamerica93.com.br\\\/home\\\/wp-content\\\/uploads\\\/2023\\\/12\\\/reginacase.jpg\",\"datePublished\":\"2023-12-06T15:00:36+00:00\",\"breadcrumb\":{\"@id\":\"https:\\\/\\\/transamerica93.com.br\\\/home\\\/regina-case-encerra-contrato-fixo-com-a-globo-depois-de-40-anos\\\/#breadcrumb\"},\"inLanguage\":\"pt-BR\",\"potentialAction\":[{\"@type\":\"ReadAction\",\"target\":[\"https:\\\/\\\/transamerica93.com.br\\\/home\\\/regina-case-encerra-contrato-fixo-com-a-globo-depois-de-40-anos\\\/\"]}]},{\"@type\":\"ImageObject\",\"inLanguage\":\"pt-BR\",\"@id\":\"https:\\\/\\\/transamerica93.com.br\\\/home\\\/regina-case-encerra-contrato-fixo-com-a-globo-depois-de-40-anos\\\/#primaryimage\",\"url\":\"https:\\\/\\\/transamerica93.com.br\\\/home\\\/wp-content\\\/uploads\\\/2023\\\/12\\\/reginacase.jpg\",\"contentUrl\":\"https:\\\/\\\/transamerica93.com.br\\\/home\\\/wp-content\\\/uploads\\\/2023\\\/12\\\/reginacase.jpg\",\"width\":959,\"height\":614,\"caption\":\"Foto: Instagram @reginacase\"},{\"@type\":\"BreadcrumbList\",\"@id\":\"https:\\\/\\\/transamerica93.com.br\\\/home\\\/regina-case-encerra-contrato-fixo-com-a-globo-depois-de-40-anos\\\/#breadcrumb\",\"itemListElement\":[{\"@type\":\"ListItem\",\"position\":1,\"name\":\"In\u00edcio\",\"item\":\"https:\\\/\\\/transamerica93.com.br\\\/home\\\/\"},{\"@type\":\"ListItem\",\"position\":2,\"name\":\"Regina Cas\u00e9 encerra contrato fixo com a Globo depois de 40 anos\"}]},{\"@type\":\"WebSite\",\"@id\":\"https:\\\/\\\/transamerica93.com.br\\\/home\\\/#website\",\"url\":\"https:\\\/\\\/transamerica93.com.br\\\/home\\\/\",\"name\":\"Transam\u00e9rica Mococa 93,3\",\"description\":\"\",\"publisher\":{\"@id\":\"https:\\\/\\\/transamerica93.com.br\\\/home\\\/#organization\"},\"potentialAction\":[{\"@type\":\"SearchAction\",\"target\":{\"@type\":\"EntryPoint\",\"urlTemplate\":\"https:\\\/\\\/transamerica93.com.br\\\/home\\\/?s={search_term_string}\"},\"query-input\":{\"@type\":\"PropertyValueSpecification\",\"valueRequired\":true,\"valueName\":\"search_term_string\"}}],\"inLanguage\":\"pt-BR\"},{\"@type\":\"Organization\",\"@id\":\"https:\\\/\\\/transamerica93.com.br\\\/home\\\/#organization\",\"name\":\"Transam\u00e9rica Mococa 93,3\",\"url\":\"https:\\\/\\\/transamerica93.com.br\\\/home\\\/\",\"logo\":{\"@type\":\"ImageObject\",\"inLanguage\":\"pt-BR\",\"@id\":\"https:\\\/\\\/transamerica93.com.br\\\/home\\\/#\\\/schema\\\/logo\\\/image\\\/\",\"url\":\"https:\\\/\\\/transamerica93.com.br\\\/home\\\/wp-content\\\/uploads\\\/2023\\\/10\\\/logo2.png\",\"contentUrl\":\"https:\\\/\\\/transamerica93.com.br\\\/home\\\/wp-content\\\/uploads\\\/2023\\\/10\\\/logo2.png\",\"width\":800,\"height\":500,\"caption\":\"Transam\u00e9rica Mococa 93,3\"},\"image\":{\"@id\":\"https:\\\/\\\/transamerica93.com.br\\\/home\\\/#\\\/schema\\\/logo\\\/image\\\/\"},\"sameAs\":[\"https:\\\/\\\/www.facebook.com\\\/transamericamococa\",\"https:\\\/\\\/x.com\\\/transamerica933\",\"https:\\\/\\\/www.instagram.com\\\/transamericamococa\"]},{\"@type\":\"Person\",\"@id\":\"https:\\\/\\\/transamerica93.com.br\\\/home\\\/#\\\/schema\\\/person\\\/7fed7c99c0d4562efa8561bc0f543172\",\"name\":\"Reda\u00e7\u00e3o\",\"image\":{\"@type\":\"ImageObject\",\"inLanguage\":\"pt-BR\",\"@id\":\"https:\\\/\\\/secure.gravatar.com\\\/avatar\\\/1072c6b775fb02ef8506ce967551d95926669a6b7d2c2147b42eea4d7c68395e?s=96&d=mm&r=g\",\"url\":\"https:\\\/\\\/secure.gravatar.com\\\/avatar\\\/1072c6b775fb02ef8506ce967551d95926669a6b7d2c2147b42eea4d7c68395e?s=96&d=mm&r=g\",\"contentUrl\":\"https:\\\/\\\/secure.gravatar.com\\\/avatar\\\/1072c6b775fb02ef8506ce967551d95926669a6b7d2c2147b42eea4d7c68395e?s=96&d=mm&r=g\",\"caption\":\"Reda\u00e7\u00e3o\"},\"sameAs\":[\"https:\\\/\\\/transamerica93.com.br\\\/home\"],\"url\":\"https:\\\/\\\/transamerica93.com.br\\\/home\\\/author\\\/william\\\/\"}]}<\/script>\n<!-- \/ Yoast SEO plugin. -->","yoast_head_json":{"title":"Regina Cas\u00e9 encerra contrato fixo com a Globo depois de 40 anos - Transam\u00e9rica Mococa 93,3","robots":{"index":"index","follow":"follow","max-snippet":"max-snippet:-1","max-image-preview":"max-image-preview:large","max-video-preview":"max-video-preview:-1"},"canonical":"https:\/\/transamerica93.com.br\/home\/regina-case-encerra-contrato-fixo-com-a-globo-depois-de-40-anos\/","og_locale":"pt_BR","og_type":"article","og_title":"Regina Cas\u00e9 encerra contrato fixo com a Globo depois de 40 anos - Transam\u00e9rica Mococa 93,3","og_description":"Por Daniel Silveira A atriz Regina Cas\u00e9, que atualmente est\u00e1 no ar como Zo\u00e9 na novela Todas as Flores, encerrou contrato com a Rede Globo ap\u00f3s 40 anos de casa. Com o fim do contrato, Regina se junta a outros artistas que tamb\u00e9m foram desligados da empresa como Paolla Oliveira, Isabelle Drummond, Marcelo Adnet e &hellip;","og_url":"https:\/\/transamerica93.com.br\/home\/regina-case-encerra-contrato-fixo-com-a-globo-depois-de-40-anos\/","og_site_name":"Transam\u00e9rica Mococa 93,3","article_publisher":"https:\/\/www.facebook.com\/transamericamococa","article_published_time":"2023-12-06T15:00:36+00:00","og_image":[{"width":959,"height":614,"url":"https:\/\/transamerica93.com.br\/home\/wp-content\/uploads\/2023\/12\/reginacase.jpg","type":"image\/jpeg"}],"author":"Reda\u00e7\u00e3o","twitter_card":"summary_large_image","twitter_creator":"@transamerica933","twitter_site":"@transamerica933","twitter_misc":{"Escrito por":"Reda\u00e7\u00e3o","Est. tempo de leitura":"2 minutos"},"schema":{"@context":"https:\/\/schema.org","@graph":[{"@type":"Article","@id":"https:\/\/transamerica93.com.br\/home\/regina-case-encerra-contrato-fixo-com-a-globo-depois-de-40-anos\/#article","isPartOf":{"@id":"https:\/\/transamerica93.com.br\/home\/regina-case-encerra-contrato-fixo-com-a-globo-depois-de-40-anos\/"},"author":{"name":"Reda\u00e7\u00e3o","@id":"https:\/\/transamerica93.com.br\/home\/#\/schema\/person\/7fed7c99c0d4562efa8561bc0f543172"},"headline":"Regina Cas\u00e9 encerra contrato fixo com a Globo depois de 40 anos","datePublished":"2023-12-06T15:00:36+00:00","mainEntityOfPage":{"@id":"https:\/\/transamerica93.com.br\/home\/regina-case-encerra-contrato-fixo-com-a-globo-depois-de-40-anos\/"},"wordCount":323,"publisher":{"@id":"https:\/\/transamerica93.com.br\/home\/#organization"},"image":{"@id":"https:\/\/transamerica93.com.br\/home\/regina-case-encerra-contrato-fixo-com-a-globo-depois-de-40-anos\/#primaryimage"},"thumbnailUrl":"https:\/\/transamerica93.com.br\/home\/wp-content\/uploads\/2023\/12\/reginacase.jpg","articleSection":["Entretenimento"],"inLanguage":"pt-BR"},{"@type":"WebPage","@id":"https:\/\/transamerica93.com.br\/home\/regina-case-encerra-contrato-fixo-com-a-globo-depois-de-40-anos\/","url":"https:\/\/transamerica93.com.br\/home\/regina-case-encerra-contrato-fixo-com-a-globo-depois-de-40-anos\/","name":"Regina Cas\u00e9 encerra contrato fixo com a Globo depois de 40 anos - Transam\u00e9rica Mococa 93,3","isPartOf":{"@id":"https:\/\/transamerica93.com.br\/home\/#website"},"primaryImageOfPage":{"@id":"https:\/\/transamerica93.com.br\/home\/regina-case-encerra-contrato-fixo-com-a-globo-depois-de-40-anos\/#primaryimage"},"image":{"@id":"https:\/\/transamerica93.com.br\/home\/regina-case-encerra-contrato-fixo-com-a-globo-depois-de-40-anos\/#primaryimage"},"thumbnailUrl":"https:\/\/transamerica93.com.br\/home\/wp-content\/uploads\/2023\/12\/reginacase.jpg","datePublished":"2023-12-06T15:00:36+00:00","breadcrumb":{"@id":"https:\/\/transamerica93.com.br\/home\/regina-case-encerra-contrato-fixo-com-a-globo-depois-de-40-anos\/#breadcrumb"},"inLanguage":"pt-BR","potentialAction":[{"@type":"ReadAction","target":["https:\/\/transamerica93.com.br\/home\/regina-case-encerra-contrato-fixo-com-a-globo-depois-de-40-anos\/"]}]},{"@type":"ImageObject","inLanguage":"pt-BR","@id":"https:\/\/transamerica93.com.br\/home\/regina-case-encerra-contrato-fixo-com-a-globo-depois-de-40-anos\/#primaryimage","url":"https:\/\/transamerica93.com.br\/home\/wp-content\/uploads\/2023\/12\/reginacase.jpg","contentUrl":"https:\/\/transamerica93.com.br\/home\/wp-content\/uploads\/2023\/12\/reginacase.jpg","width":959,"height":614,"caption":"Foto: Instagram @reginacase"},{"@type":"BreadcrumbList","@id":"https:\/\/transamerica93.com.br\/home\/regina-case-encerra-contrato-fixo-com-a-globo-depois-de-40-anos\/#breadcrumb","itemListElement":[{"@type":"ListItem","position":1,"name":"In\u00edcio","item":"https:\/\/transamerica93.com.br\/home\/"},{"@type":"ListItem","position":2,"name":"Regina Cas\u00e9 encerra contrato fixo com a Globo depois de 40 anos"}]},{"@type":"WebSite","@id":"https:\/\/transamerica93.com.br\/home\/#website","url":"https:\/\/transamerica93.com.br\/home\/","name":"Transam\u00e9rica Mococa 93,3","description":"","publisher":{"@id":"https:\/\/transamerica93.com.br\/home\/#organization"},"potentialAction":[{"@type":"SearchAction","target":{"@type":"EntryPoint","urlTemplate":"https:\/\/transamerica93.com.br\/home\/?s={search_term_string}"},"query-input":{"@type":"PropertyValueSpecification","valueRequired":true,"valueName":"search_term_string"}}],"inLanguage":"pt-BR"},{"@type":"Organization","@id":"https:\/\/transamerica93.com.br\/home\/#organization","name":"Transam\u00e9rica Mococa 93,3","url":"https:\/\/transamerica93.com.br\/home\/","logo":{"@type":"ImageObject","inLanguage":"pt-BR","@id":"https:\/\/transamerica93.com.br\/home\/#\/schema\/logo\/image\/","url":"https:\/\/transamerica93.com.br\/home\/wp-content\/uploads\/2023\/10\/logo2.png","contentUrl":"https:\/\/transamerica93.com.br\/home\/wp-content\/uploads\/2023\/10\/logo2.png","width":800,"height":500,"caption":"Transam\u00e9rica Mococa 93,3"},"image":{"@id":"https:\/\/transamerica93.com.br\/home\/#\/schema\/logo\/image\/"},"sameAs":["https:\/\/www.facebook.com\/transamericamococa","https:\/\/x.com\/transamerica933","https:\/\/www.instagram.com\/transamericamococa"]},{"@type":"Person","@id":"https:\/\/transamerica93.com.br\/home\/#\/schema\/person\/7fed7c99c0d4562efa8561bc0f543172","name":"Reda\u00e7\u00e3o","image":{"@type":"ImageObject","inLanguage":"pt-BR","@id":"https:\/\/secure.gravatar.com\/avatar\/1072c6b775fb02ef8506ce967551d95926669a6b7d2c2147b42eea4d7c68395e?s=96&d=mm&r=g","url":"https:\/\/secure.gravatar.com\/avatar\/1072c6b775fb02ef8506ce967551d95926669a6b7d2c2147b42eea4d7c68395e?s=96&d=mm&r=g","contentUrl":"https:\/\/secure.gravatar.com\/avatar\/1072c6b775fb02ef8506ce967551d95926669a6b7d2c2147b42eea4d7c68395e?s=96&d=mm&r=g","caption":"Reda\u00e7\u00e3o"},"sameAs":["https:\/\/transamerica93.com.br\/home"],"url":"https:\/\/transamerica93.com.br\/home\/author\/william\/"}]}},"_links":{"self":[{"href":"https:\/\/transamerica93.com.br\/home\/wp-json\/wp\/v2\/posts\/2088","targetHints":{"allow":["GET"]}}],"collection":[{"href":"https:\/\/transamerica93.com.br\/home\/wp-json\/wp\/v2\/posts"}],"about":[{"href":"https:\/\/transamerica93.com.br\/home\/wp-json\/wp\/v2\/types\/post"}],"author":[{"embeddable":true,"href":"https:\/\/transamerica93.com.br\/home\/wp-json\/wp\/v2\/users\/1"}],"replies":[{"embeddable":true,"href":"https:\/\/transamerica93.com.br\/home\/wp-json\/wp\/v2\/comments?post=2088"}],"version-history":[{"count":1,"href":"https:\/\/transamerica93.com.br\/home\/wp-json\/wp\/v2\/posts\/2088\/revisions"}],"predecessor-version":[{"id":2090,"href":"https:\/\/transamerica93.com.br\/home\/wp-json\/wp\/v2\/posts\/2088\/revisions\/2090"}],"wp:featuredmedia":[{"embeddable":true,"href":"https:\/\/transamerica93.com.br\/home\/wp-json\/wp\/v2\/media\/2089"}],"wp:attachment":[{"href":"https:\/\/transamerica93.com.br\/home\/wp-json\/wp\/v2\/media?parent=2088"}],"wp:term":[{"taxonomy":"category","embeddable":true,"href":"https:\/\/transamerica93.com.br\/home\/wp-json\/wp\/v2\/categories?post=2088"},{"taxonomy":"post_tag","embeddable":true,"href":"https:\/\/transamerica93.com.br\/home\/wp-json\/wp\/v2\/tags?post=2088"}],"curies":[{"name":"wp","href":"https:\/\/api.w.org\/{rel}","templated":true}]}}