{"id":2100,"date":"2023-12-07T09:00:33","date_gmt":"2023-12-07T12:00:33","guid":{"rendered":"https:\/\/transamerica93.com.br\/home\/?p=2100"},"modified":"2023-12-07T10:49:21","modified_gmt":"2023-12-07T13:49:21","slug":"covid-19-saude-antecipa-nova-dose-da-bivalente-para-idosos","status":"publish","type":"post","link":"https:\/\/transamerica93.com.br\/home\/covid-19-saude-antecipa-nova-dose-da-bivalente-para-idosos\/","title":{"rendered":"Covid-19: Sa\u00fade antecipa nova dose da bivalente para idosos"},"content":{"rendered":"<div class=\"post-item-wrap\">\n<p>Diante da identifica\u00e7\u00e3o de duas novas sublinhagens do v\u00edrus da covid-19 no pa\u00eds, o Minist\u00e9rio da Sa\u00fade passou a recomendar uma nova dose da vacina bivalente para pessoas com 60 anos ou mais e imunocomprometidos acima de 12 anos que tenham recebido a \u00faltima dose do imunizante h\u00e1 mais de seis meses.<img decoding=\"async\" data-src=\"https:\/\/agenciabrasil.ebc.com.br\/ebc.png?id=1571016&amp;o=node\" src=\"data:image\/svg+xml;base64,PHN2ZyB3aWR0aD0iMSIgaGVpZ2h0PSIxIiB4bWxucz0iaHR0cDovL3d3dy53My5vcmcvMjAwMC9zdmciPjwvc3ZnPg==\" class=\"lazyload\" \/><img decoding=\"async\" data-src=\"https:\/\/agenciabrasil.ebc.com.br\/ebc.gif?id=1571016&amp;o=node\" src=\"data:image\/svg+xml;base64,PHN2ZyB3aWR0aD0iMSIgaGVpZ2h0PSIxIiB4bWxucz0iaHR0cDovL3d3dy53My5vcmcvMjAwMC9zdmciPjwvc3ZnPg==\" class=\"lazyload\" \/><\/p>\n<p>\u201cSeguimos atentos ao cen\u00e1rio epidemiol\u00f3gico da covid-19. Com a identifica\u00e7\u00e3o de duas novas sublinhagens no pa\u00eds, a JN.1 e JG.3, decidimos antecipar para grupos priorit\u00e1rios uma nova dose da vacina bivalente. A vacina\u00e7\u00e3o \u00e9 essencial para nossa prote\u00e7\u00e3o\u201d, twitou a ministra da Sa\u00fade, N\u00edsia Trindade.<\/p>\n<p>\u201cSempre trabalhamos para que estejam dispon\u00edveis as vacinas mais atualizadas, seguras e eficazes aprovadas pela Anvisa [Ag\u00eancia Nacional de Vigil\u00e2ncia Sanit\u00e1ria]. Em especial para pessoas em grupos de risco ou com sintomas gripais, recomenda-se maior prote\u00e7\u00e3o, como o uso de m\u00e1scara em locais fechados e evitar aglomera\u00e7\u00f5es.\u201d<\/p>\n<h2>Antiviral<\/h2>\n<p>A pasta destacou ainda que o antiviral nirmatrelvir\/ritonavir est\u00e1 dispon\u00edvel na rede p\u00fablica para o tratamento da infec\u00e7\u00e3o por covid-19 em idosos com 65 anos ou mais e imunossuprimidos com 18 anos ou mais, logo que os sintomas aparecerem e houver a confirma\u00e7\u00e3o de teste positivo.<\/p>\n<h2>Subvariantes<\/h2>\n<p>De acordo com o minist\u00e9rio, a subvariante JN.1, inicialmente detectada no Cear\u00e1, vem ganhando propor\u00e7\u00e3o global e j\u00e1 corresponde a 3,2% dos registros em todo o mundo. J\u00e1 a sublinhagem JG.3, tamb\u00e9m identificada no Cear\u00e1, est\u00e1 sendo monitorada em S\u00e3o Paulo, no Rio de Janeiro e em Goi\u00e1s.<\/p>\n<p>\u201cO Minist\u00e9rio da Sa\u00fade segue alinhado com todas as evid\u00eancias cient\u00edficas, com as recomenda\u00e7\u00f5es da Organiza\u00e7\u00e3o Mundial da Sa\u00fade (OMS) mais atualizadas para o enfrentamento da covid-19, incluindo o planejamento para vacina\u00e7\u00e3o em 2024, que j\u00e1 est\u00e1 em andamento.\u201d<\/p>\n<p>\u201cA pasta garante que o SUS [Sistema \u00danico de Sa\u00fade] sempre ter\u00e1 dispon\u00edvel as vacinas mais atualizadas, seguras e eficazes aprovadas pela Anvisa [Ag\u00eancia Nacional de Vigil\u00e2ncia Sanit\u00e1ria].\u201d<\/p>\n<p>&nbsp;<\/p>\n<\/div>\n<p class=\"alt-font font-italic my-2 small text-info\">Edi\u00e7\u00e3o: Val\u00e9ria Aguiar<\/p>\n","protected":false},"excerpt":{"rendered":"<p>Diante da identifica\u00e7\u00e3o de duas novas sublinhagens do v\u00edrus da covid-19 no pa\u00eds, o Minist\u00e9rio da Sa\u00fade passou a recomendar uma nova dose da vacina bivalente para pessoas com 60 anos ou mais e imunocomprometidos acima de 12 anos que tenham recebido a \u00faltima dose do imunizante h\u00e1 mais de seis meses. \u201cSeguimos atentos ao &hellip;<\/p>\n","protected":false},"author":1,"featured_media":2101,"comment_status":"closed","ping_status":"closed","sticky":false,"template":"","format":"standard","meta":{"footnotes":""},"categories":[30],"tags":[],"class_list":["post-2100","post","type-post","status-publish","format-standard","has-post-thumbnail","hentry","category-geral"],"yoast_head":"<!-- This site is optimized with the Yoast SEO plugin v27.4 - https:\/\/yoast.com\/product\/yoast-seo-wordpress\/ -->\n<title>Covid-19: Sa\u00fade antecipa nova dose da bivalente para idosos - Transam\u00e9rica Mococa 93,3<\/title>\n<meta name=\"robots\" content=\"index, follow, max-snippet:-1, max-image-preview:large, max-video-preview:-1\" \/>\n<link rel=\"canonical\" href=\"https:\/\/transamerica93.com.br\/home\/covid-19-saude-antecipa-nova-dose-da-bivalente-para-idosos\/\" \/>\n<meta property=\"og:locale\" content=\"pt_BR\" \/>\n<meta property=\"og:type\" content=\"article\" \/>\n<meta property=\"og:title\" content=\"Covid-19: Sa\u00fade antecipa nova dose da bivalente para idosos - Transam\u00e9rica Mococa 93,3\" \/>\n<meta property=\"og:description\" content=\"Diante da identifica\u00e7\u00e3o de duas novas sublinhagens do v\u00edrus da covid-19 no pa\u00eds, o Minist\u00e9rio da Sa\u00fade passou a recomendar uma nova dose da vacina bivalente para pessoas com 60 anos ou mais e imunocomprometidos acima de 12 anos que tenham recebido a \u00faltima dose do imunizante h\u00e1 mais de seis meses. \u201cSeguimos atentos ao &hellip;\" \/>\n<meta property=\"og:url\" content=\"https:\/\/transamerica93.com.br\/home\/covid-19-saude-antecipa-nova-dose-da-bivalente-para-idosos\/\" \/>\n<meta property=\"og:site_name\" content=\"Transam\u00e9rica Mococa 93,3\" \/>\n<meta property=\"article:publisher\" content=\"https:\/\/www.facebook.com\/transamericamococa\" \/>\n<meta property=\"article:published_time\" content=\"2023-12-07T12:00:33+00:00\" \/>\n<meta property=\"article:modified_time\" content=\"2023-12-07T13:49:21+00:00\" \/>\n<meta property=\"og:image\" content=\"https:\/\/transamerica93.com.br\/home\/wp-content\/uploads\/2023\/12\/imagem-5.jpg\" \/>\n\t<meta property=\"og:image:width\" content=\"1168\" \/>\n\t<meta property=\"og:image:height\" content=\"698\" \/>\n\t<meta property=\"og:image:type\" content=\"image\/jpeg\" \/>\n<meta name=\"author\" content=\"Reda\u00e7\u00e3o\" \/>\n<meta name=\"twitter:card\" content=\"summary_large_image\" \/>\n<meta name=\"twitter:creator\" content=\"@transamerica933\" \/>\n<meta name=\"twitter:site\" content=\"@transamerica933\" \/>\n<meta name=\"twitter:label1\" content=\"Escrito por\" \/>\n\t<meta name=\"twitter:data1\" content=\"Reda\u00e7\u00e3o\" \/>\n\t<meta name=\"twitter:label2\" content=\"Est. tempo de leitura\" \/>\n\t<meta name=\"twitter:data2\" content=\"3 minutos\" \/>\n<script type=\"application\/ld+json\" class=\"yoast-schema-graph\">{\"@context\":\"https:\\\/\\\/schema.org\",\"@graph\":[{\"@type\":\"Article\",\"@id\":\"https:\\\/\\\/transamerica93.com.br\\\/home\\\/covid-19-saude-antecipa-nova-dose-da-bivalente-para-idosos\\\/#article\",\"isPartOf\":{\"@id\":\"https:\\\/\\\/transamerica93.com.br\\\/home\\\/covid-19-saude-antecipa-nova-dose-da-bivalente-para-idosos\\\/\"},\"author\":{\"name\":\"Reda\u00e7\u00e3o\",\"@id\":\"https:\\\/\\\/transamerica93.com.br\\\/home\\\/#\\\/schema\\\/person\\\/7fed7c99c0d4562efa8561bc0f543172\"},\"headline\":\"Covid-19: Sa\u00fade antecipa nova dose da bivalente para idosos\",\"datePublished\":\"2023-12-07T12:00:33+00:00\",\"dateModified\":\"2023-12-07T13:49:21+00:00\",\"mainEntityOfPage\":{\"@id\":\"https:\\\/\\\/transamerica93.com.br\\\/home\\\/covid-19-saude-antecipa-nova-dose-da-bivalente-para-idosos\\\/\"},\"wordCount\":360,\"publisher\":{\"@id\":\"https:\\\/\\\/transamerica93.com.br\\\/home\\\/#organization\"},\"image\":{\"@id\":\"https:\\\/\\\/transamerica93.com.br\\\/home\\\/covid-19-saude-antecipa-nova-dose-da-bivalente-para-idosos\\\/#primaryimage\"},\"thumbnailUrl\":\"https:\\\/\\\/transamerica93.com.br\\\/home\\\/wp-content\\\/uploads\\\/2023\\\/12\\\/imagem-5.jpg\",\"articleSection\":[\"Geral\"],\"inLanguage\":\"pt-BR\"},{\"@type\":\"WebPage\",\"@id\":\"https:\\\/\\\/transamerica93.com.br\\\/home\\\/covid-19-saude-antecipa-nova-dose-da-bivalente-para-idosos\\\/\",\"url\":\"https:\\\/\\\/transamerica93.com.br\\\/home\\\/covid-19-saude-antecipa-nova-dose-da-bivalente-para-idosos\\\/\",\"name\":\"Covid-19: Sa\u00fade antecipa nova dose da bivalente para idosos - Transam\u00e9rica Mococa 93,3\",\"isPartOf\":{\"@id\":\"https:\\\/\\\/transamerica93.com.br\\\/home\\\/#website\"},\"primaryImageOfPage\":{\"@id\":\"https:\\\/\\\/transamerica93.com.br\\\/home\\\/covid-19-saude-antecipa-nova-dose-da-bivalente-para-idosos\\\/#primaryimage\"},\"image\":{\"@id\":\"https:\\\/\\\/transamerica93.com.br\\\/home\\\/covid-19-saude-antecipa-nova-dose-da-bivalente-para-idosos\\\/#primaryimage\"},\"thumbnailUrl\":\"https:\\\/\\\/transamerica93.com.br\\\/home\\\/wp-content\\\/uploads\\\/2023\\\/12\\\/imagem-5.jpg\",\"datePublished\":\"2023-12-07T12:00:33+00:00\",\"dateModified\":\"2023-12-07T13:49:21+00:00\",\"breadcrumb\":{\"@id\":\"https:\\\/\\\/transamerica93.com.br\\\/home\\\/covid-19-saude-antecipa-nova-dose-da-bivalente-para-idosos\\\/#breadcrumb\"},\"inLanguage\":\"pt-BR\",\"potentialAction\":[{\"@type\":\"ReadAction\",\"target\":[\"https:\\\/\\\/transamerica93.com.br\\\/home\\\/covid-19-saude-antecipa-nova-dose-da-bivalente-para-idosos\\\/\"]}]},{\"@type\":\"ImageObject\",\"inLanguage\":\"pt-BR\",\"@id\":\"https:\\\/\\\/transamerica93.com.br\\\/home\\\/covid-19-saude-antecipa-nova-dose-da-bivalente-para-idosos\\\/#primaryimage\",\"url\":\"https:\\\/\\\/transamerica93.com.br\\\/home\\\/wp-content\\\/uploads\\\/2023\\\/12\\\/imagem-5.jpg\",\"contentUrl\":\"https:\\\/\\\/transamerica93.com.br\\\/home\\\/wp-content\\\/uploads\\\/2023\\\/12\\\/imagem-5.jpg\",\"width\":1168,\"height\":698,\"caption\":\"\u00a9 Antonio Cruz\\\/Ag\u00eancia Brasil\"},{\"@type\":\"BreadcrumbList\",\"@id\":\"https:\\\/\\\/transamerica93.com.br\\\/home\\\/covid-19-saude-antecipa-nova-dose-da-bivalente-para-idosos\\\/#breadcrumb\",\"itemListElement\":[{\"@type\":\"ListItem\",\"position\":1,\"name\":\"In\u00edcio\",\"item\":\"https:\\\/\\\/transamerica93.com.br\\\/home\\\/\"},{\"@type\":\"ListItem\",\"position\":2,\"name\":\"Covid-19: Sa\u00fade antecipa nova dose da bivalente para idosos\"}]},{\"@type\":\"WebSite\",\"@id\":\"https:\\\/\\\/transamerica93.com.br\\\/home\\\/#website\",\"url\":\"https:\\\/\\\/transamerica93.com.br\\\/home\\\/\",\"name\":\"Transam\u00e9rica Mococa 93,3\",\"description\":\"\",\"publisher\":{\"@id\":\"https:\\\/\\\/transamerica93.com.br\\\/home\\\/#organization\"},\"potentialAction\":[{\"@type\":\"SearchAction\",\"target\":{\"@type\":\"EntryPoint\",\"urlTemplate\":\"https:\\\/\\\/transamerica93.com.br\\\/home\\\/?s={search_term_string}\"},\"query-input\":{\"@type\":\"PropertyValueSpecification\",\"valueRequired\":true,\"valueName\":\"search_term_string\"}}],\"inLanguage\":\"pt-BR\"},{\"@type\":\"Organization\",\"@id\":\"https:\\\/\\\/transamerica93.com.br\\\/home\\\/#organization\",\"name\":\"Transam\u00e9rica Mococa 93,3\",\"url\":\"https:\\\/\\\/transamerica93.com.br\\\/home\\\/\",\"logo\":{\"@type\":\"ImageObject\",\"inLanguage\":\"pt-BR\",\"@id\":\"https:\\\/\\\/transamerica93.com.br\\\/home\\\/#\\\/schema\\\/logo\\\/image\\\/\",\"url\":\"https:\\\/\\\/transamerica93.com.br\\\/home\\\/wp-content\\\/uploads\\\/2023\\\/10\\\/logo2.png\",\"contentUrl\":\"https:\\\/\\\/transamerica93.com.br\\\/home\\\/wp-content\\\/uploads\\\/2023\\\/10\\\/logo2.png\",\"width\":800,\"height\":500,\"caption\":\"Transam\u00e9rica Mococa 93,3\"},\"image\":{\"@id\":\"https:\\\/\\\/transamerica93.com.br\\\/home\\\/#\\\/schema\\\/logo\\\/image\\\/\"},\"sameAs\":[\"https:\\\/\\\/www.facebook.com\\\/transamericamococa\",\"https:\\\/\\\/x.com\\\/transamerica933\",\"https:\\\/\\\/www.instagram.com\\\/transamericamococa\"]},{\"@type\":\"Person\",\"@id\":\"https:\\\/\\\/transamerica93.com.br\\\/home\\\/#\\\/schema\\\/person\\\/7fed7c99c0d4562efa8561bc0f543172\",\"name\":\"Reda\u00e7\u00e3o\",\"image\":{\"@type\":\"ImageObject\",\"inLanguage\":\"pt-BR\",\"@id\":\"https:\\\/\\\/secure.gravatar.com\\\/avatar\\\/1072c6b775fb02ef8506ce967551d95926669a6b7d2c2147b42eea4d7c68395e?s=96&d=mm&r=g\",\"url\":\"https:\\\/\\\/secure.gravatar.com\\\/avatar\\\/1072c6b775fb02ef8506ce967551d95926669a6b7d2c2147b42eea4d7c68395e?s=96&d=mm&r=g\",\"contentUrl\":\"https:\\\/\\\/secure.gravatar.com\\\/avatar\\\/1072c6b775fb02ef8506ce967551d95926669a6b7d2c2147b42eea4d7c68395e?s=96&d=mm&r=g\",\"caption\":\"Reda\u00e7\u00e3o\"},\"sameAs\":[\"https:\\\/\\\/transamerica93.com.br\\\/home\"],\"url\":\"https:\\\/\\\/transamerica93.com.br\\\/home\\\/author\\\/william\\\/\"}]}<\/script>\n<!-- \/ Yoast SEO plugin. -->","yoast_head_json":{"title":"Covid-19: Sa\u00fade antecipa nova dose da bivalente para idosos - Transam\u00e9rica Mococa 93,3","robots":{"index":"index","follow":"follow","max-snippet":"max-snippet:-1","max-image-preview":"max-image-preview:large","max-video-preview":"max-video-preview:-1"},"canonical":"https:\/\/transamerica93.com.br\/home\/covid-19-saude-antecipa-nova-dose-da-bivalente-para-idosos\/","og_locale":"pt_BR","og_type":"article","og_title":"Covid-19: Sa\u00fade antecipa nova dose da bivalente para idosos - Transam\u00e9rica Mococa 93,3","og_description":"Diante da identifica\u00e7\u00e3o de duas novas sublinhagens do v\u00edrus da covid-19 no pa\u00eds, o Minist\u00e9rio da Sa\u00fade passou a recomendar uma nova dose da vacina bivalente para pessoas com 60 anos ou mais e imunocomprometidos acima de 12 anos que tenham recebido a \u00faltima dose do imunizante h\u00e1 mais de seis meses. \u201cSeguimos atentos ao &hellip;","og_url":"https:\/\/transamerica93.com.br\/home\/covid-19-saude-antecipa-nova-dose-da-bivalente-para-idosos\/","og_site_name":"Transam\u00e9rica Mococa 93,3","article_publisher":"https:\/\/www.facebook.com\/transamericamococa","article_published_time":"2023-12-07T12:00:33+00:00","article_modified_time":"2023-12-07T13:49:21+00:00","og_image":[{"width":1168,"height":698,"url":"https:\/\/transamerica93.com.br\/home\/wp-content\/uploads\/2023\/12\/imagem-5.jpg","type":"image\/jpeg"}],"author":"Reda\u00e7\u00e3o","twitter_card":"summary_large_image","twitter_creator":"@transamerica933","twitter_site":"@transamerica933","twitter_misc":{"Escrito por":"Reda\u00e7\u00e3o","Est. tempo de leitura":"3 minutos"},"schema":{"@context":"https:\/\/schema.org","@graph":[{"@type":"Article","@id":"https:\/\/transamerica93.com.br\/home\/covid-19-saude-antecipa-nova-dose-da-bivalente-para-idosos\/#article","isPartOf":{"@id":"https:\/\/transamerica93.com.br\/home\/covid-19-saude-antecipa-nova-dose-da-bivalente-para-idosos\/"},"author":{"name":"Reda\u00e7\u00e3o","@id":"https:\/\/transamerica93.com.br\/home\/#\/schema\/person\/7fed7c99c0d4562efa8561bc0f543172"},"headline":"Covid-19: Sa\u00fade antecipa nova dose da bivalente para idosos","datePublished":"2023-12-07T12:00:33+00:00","dateModified":"2023-12-07T13:49:21+00:00","mainEntityOfPage":{"@id":"https:\/\/transamerica93.com.br\/home\/covid-19-saude-antecipa-nova-dose-da-bivalente-para-idosos\/"},"wordCount":360,"publisher":{"@id":"https:\/\/transamerica93.com.br\/home\/#organization"},"image":{"@id":"https:\/\/transamerica93.com.br\/home\/covid-19-saude-antecipa-nova-dose-da-bivalente-para-idosos\/#primaryimage"},"thumbnailUrl":"https:\/\/transamerica93.com.br\/home\/wp-content\/uploads\/2023\/12\/imagem-5.jpg","articleSection":["Geral"],"inLanguage":"pt-BR"},{"@type":"WebPage","@id":"https:\/\/transamerica93.com.br\/home\/covid-19-saude-antecipa-nova-dose-da-bivalente-para-idosos\/","url":"https:\/\/transamerica93.com.br\/home\/covid-19-saude-antecipa-nova-dose-da-bivalente-para-idosos\/","name":"Covid-19: Sa\u00fade antecipa nova dose da bivalente para idosos - Transam\u00e9rica Mococa 93,3","isPartOf":{"@id":"https:\/\/transamerica93.com.br\/home\/#website"},"primaryImageOfPage":{"@id":"https:\/\/transamerica93.com.br\/home\/covid-19-saude-antecipa-nova-dose-da-bivalente-para-idosos\/#primaryimage"},"image":{"@id":"https:\/\/transamerica93.com.br\/home\/covid-19-saude-antecipa-nova-dose-da-bivalente-para-idosos\/#primaryimage"},"thumbnailUrl":"https:\/\/transamerica93.com.br\/home\/wp-content\/uploads\/2023\/12\/imagem-5.jpg","datePublished":"2023-12-07T12:00:33+00:00","dateModified":"2023-12-07T13:49:21+00:00","breadcrumb":{"@id":"https:\/\/transamerica93.com.br\/home\/covid-19-saude-antecipa-nova-dose-da-bivalente-para-idosos\/#breadcrumb"},"inLanguage":"pt-BR","potentialAction":[{"@type":"ReadAction","target":["https:\/\/transamerica93.com.br\/home\/covid-19-saude-antecipa-nova-dose-da-bivalente-para-idosos\/"]}]},{"@type":"ImageObject","inLanguage":"pt-BR","@id":"https:\/\/transamerica93.com.br\/home\/covid-19-saude-antecipa-nova-dose-da-bivalente-para-idosos\/#primaryimage","url":"https:\/\/transamerica93.com.br\/home\/wp-content\/uploads\/2023\/12\/imagem-5.jpg","contentUrl":"https:\/\/transamerica93.com.br\/home\/wp-content\/uploads\/2023\/12\/imagem-5.jpg","width":1168,"height":698,"caption":"\u00a9 Antonio Cruz\/Ag\u00eancia Brasil"},{"@type":"BreadcrumbList","@id":"https:\/\/transamerica93.com.br\/home\/covid-19-saude-antecipa-nova-dose-da-bivalente-para-idosos\/#breadcrumb","itemListElement":[{"@type":"ListItem","position":1,"name":"In\u00edcio","item":"https:\/\/transamerica93.com.br\/home\/"},{"@type":"ListItem","position":2,"name":"Covid-19: Sa\u00fade antecipa nova dose da bivalente para idosos"}]},{"@type":"WebSite","@id":"https:\/\/transamerica93.com.br\/home\/#website","url":"https:\/\/transamerica93.com.br\/home\/","name":"Transam\u00e9rica Mococa 93,3","description":"","publisher":{"@id":"https:\/\/transamerica93.com.br\/home\/#organization"},"potentialAction":[{"@type":"SearchAction","target":{"@type":"EntryPoint","urlTemplate":"https:\/\/transamerica93.com.br\/home\/?s={search_term_string}"},"query-input":{"@type":"PropertyValueSpecification","valueRequired":true,"valueName":"search_term_string"}}],"inLanguage":"pt-BR"},{"@type":"Organization","@id":"https:\/\/transamerica93.com.br\/home\/#organization","name":"Transam\u00e9rica Mococa 93,3","url":"https:\/\/transamerica93.com.br\/home\/","logo":{"@type":"ImageObject","inLanguage":"pt-BR","@id":"https:\/\/transamerica93.com.br\/home\/#\/schema\/logo\/image\/","url":"https:\/\/transamerica93.com.br\/home\/wp-content\/uploads\/2023\/10\/logo2.png","contentUrl":"https:\/\/transamerica93.com.br\/home\/wp-content\/uploads\/2023\/10\/logo2.png","width":800,"height":500,"caption":"Transam\u00e9rica Mococa 93,3"},"image":{"@id":"https:\/\/transamerica93.com.br\/home\/#\/schema\/logo\/image\/"},"sameAs":["https:\/\/www.facebook.com\/transamericamococa","https:\/\/x.com\/transamerica933","https:\/\/www.instagram.com\/transamericamococa"]},{"@type":"Person","@id":"https:\/\/transamerica93.com.br\/home\/#\/schema\/person\/7fed7c99c0d4562efa8561bc0f543172","name":"Reda\u00e7\u00e3o","image":{"@type":"ImageObject","inLanguage":"pt-BR","@id":"https:\/\/secure.gravatar.com\/avatar\/1072c6b775fb02ef8506ce967551d95926669a6b7d2c2147b42eea4d7c68395e?s=96&d=mm&r=g","url":"https:\/\/secure.gravatar.com\/avatar\/1072c6b775fb02ef8506ce967551d95926669a6b7d2c2147b42eea4d7c68395e?s=96&d=mm&r=g","contentUrl":"https:\/\/secure.gravatar.com\/avatar\/1072c6b775fb02ef8506ce967551d95926669a6b7d2c2147b42eea4d7c68395e?s=96&d=mm&r=g","caption":"Reda\u00e7\u00e3o"},"sameAs":["https:\/\/transamerica93.com.br\/home"],"url":"https:\/\/transamerica93.com.br\/home\/author\/william\/"}]}},"_links":{"self":[{"href":"https:\/\/transamerica93.com.br\/home\/wp-json\/wp\/v2\/posts\/2100","targetHints":{"allow":["GET"]}}],"collection":[{"href":"https:\/\/transamerica93.com.br\/home\/wp-json\/wp\/v2\/posts"}],"about":[{"href":"https:\/\/transamerica93.com.br\/home\/wp-json\/wp\/v2\/types\/post"}],"author":[{"embeddable":true,"href":"https:\/\/transamerica93.com.br\/home\/wp-json\/wp\/v2\/users\/1"}],"replies":[{"embeddable":true,"href":"https:\/\/transamerica93.com.br\/home\/wp-json\/wp\/v2\/comments?post=2100"}],"version-history":[{"count":1,"href":"https:\/\/transamerica93.com.br\/home\/wp-json\/wp\/v2\/posts\/2100\/revisions"}],"predecessor-version":[{"id":2102,"href":"https:\/\/transamerica93.com.br\/home\/wp-json\/wp\/v2\/posts\/2100\/revisions\/2102"}],"wp:featuredmedia":[{"embeddable":true,"href":"https:\/\/transamerica93.com.br\/home\/wp-json\/wp\/v2\/media\/2101"}],"wp:attachment":[{"href":"https:\/\/transamerica93.com.br\/home\/wp-json\/wp\/v2\/media?parent=2100"}],"wp:term":[{"taxonomy":"category","embeddable":true,"href":"https:\/\/transamerica93.com.br\/home\/wp-json\/wp\/v2\/categories?post=2100"},{"taxonomy":"post_tag","embeddable":true,"href":"https:\/\/transamerica93.com.br\/home\/wp-json\/wp\/v2\/tags?post=2100"}],"curies":[{"name":"wp","href":"https:\/\/api.w.org\/{rel}","templated":true}]}}