{"id":2119,"date":"2023-12-08T12:00:03","date_gmt":"2023-12-08T15:00:03","guid":{"rendered":"https:\/\/transamerica93.com.br\/home\/?p=2119"},"modified":"2023-12-07T19:01:12","modified_gmt":"2023-12-07T22:01:12","slug":"bruce-willis-teve-mais-dias-ruins-do-que-bons-nos-ultimos-dois-meses-diz-site","status":"publish","type":"post","link":"https:\/\/transamerica93.com.br\/home\/bruce-willis-teve-mais-dias-ruins-do-que-bons-nos-ultimos-dois-meses-diz-site\/","title":{"rendered":"Bruce Willis teve mais dias ruins do que bons nos \u00faltimos dois meses, diz site"},"content":{"rendered":"<h6 class=\"Assina\">Por Reda\u00e7\u00e3o E+<\/h6>\n<p>O estado de sa\u00fade de Bruce Willis, diagnosticado com dem\u00eancia frontotemporal (DFT) em 2022, se agravou nos \u00faltimos dois meses. Segundo fontes ouvidas pelo site US Weekly nesta quarta-feira, 6, os familiares do artista se uniram para aproveitar cada momento que passam ao lado do ator.<\/p>\n<p>A fam\u00edlia sempre publica registros com o ator e fala abertamente sobre a import\u00e2ncia da conscientiza\u00e7\u00e3o da DFT, que n\u00e3o tem cura. Em uma foto compartilhada por Emma Heming, mulher do artista, no Dia de A\u00e7\u00e3o de Gra\u00e7as, ele apareceu ao lado das cinco filhas, dos dois genros e da ex-mulher, Demi Moore.<\/p>\n<p>Conforme as fontes do US Weekly, o diagn\u00f3stico de Bruce aproximou todos eles. &#8220;Bruce tem dias bons e dias ruins, mas, nos \u00faltimos dois meses, houve muito mais dias ruins do que bons. [&#8230;] Ningu\u00e9m sabe quanto tempo resta para Bruce, ent\u00e3o eles est\u00e3o aproveitando cada momento que passam com ele&#8221;, disse uma delas.<\/p>\n<p>Outra pessoa ouvida pelo site descreveu que os familiares se esfor\u00e7am para &#8220;manter intacta a mem\u00f3ria da fam\u00edlia e estar presente como um lembrete constante [de que] o amam&#8221;. Segundo o site, &#8220;tudo gira em torno de Bruce&#8221; e o ator, mesmo que tenha profissionais que o acompanhem 24h por dia, sempre est\u00e1 com um dos membros da fam\u00edlia.<\/p>\n<p>O v\u00ednculo mais forte se d\u00e1 entre o artista e as filhas. Conforme o portal, elas &#8220;est\u00e3o muito conscientes de que qualquer dia pode ser o \u00faltimo&#8221;. Uma das fontes acrescenta que o tratamento que o ator recebe \u00e9 &#8220;impec\u00e1vel&#8221; e que ele &#8220;permanece presente quando est\u00e1 mentalmente e fisicamente capaz&#8221;.<\/p>\n<p>Durante as festas de final de ano, a fam\u00edlia aproveita para passar um tempo ainda maior ao lado de Bruce, mostrando fotos de inf\u00e2ncia e objetos nost\u00e1lgicos. &#8220;Quando Bruce est\u00e1 perto das filhas, \u00e0s vezes pode ser f\u00e1cil esquecer que h\u00e1 algo errado com ele. Os sorrisos, caretas e risadas s\u00e3o f\u00e1ceis. Ele brinca com seu jeito de \u2018pai engra\u00e7ado\u2019. H\u00e1 uma parte dele que sempre ser\u00e1 uma crian\u00e7a no cora\u00e7\u00e3o&#8221;, conta uma das fontes.<\/p>\n","protected":false},"excerpt":{"rendered":"<p>Por Reda\u00e7\u00e3o E+ O estado de sa\u00fade de Bruce Willis, diagnosticado com dem\u00eancia frontotemporal (DFT) em 2022, se agravou nos \u00faltimos dois meses. Segundo fontes ouvidas pelo site US Weekly nesta quarta-feira, 6, os familiares do artista se uniram para aproveitar cada momento que passam ao lado do ator. A fam\u00edlia sempre publica registros com &hellip;<\/p>\n","protected":false},"author":1,"featured_media":2120,"comment_status":"closed","ping_status":"closed","sticky":false,"template":"","format":"standard","meta":{"footnotes":""},"categories":[24],"tags":[],"class_list":["post-2119","post","type-post","status-publish","format-standard","has-post-thumbnail","hentry","category-entretenimento"],"yoast_head":"<!-- This site is optimized with the Yoast SEO plugin v27.4 - https:\/\/yoast.com\/product\/yoast-seo-wordpress\/ -->\n<title>Bruce Willis teve mais dias ruins do que bons nos \u00faltimos dois meses, diz site - Transam\u00e9rica Mococa 93,3<\/title>\n<meta name=\"robots\" content=\"index, follow, max-snippet:-1, max-image-preview:large, max-video-preview:-1\" \/>\n<link rel=\"canonical\" href=\"https:\/\/transamerica93.com.br\/home\/bruce-willis-teve-mais-dias-ruins-do-que-bons-nos-ultimos-dois-meses-diz-site\/\" \/>\n<meta property=\"og:locale\" content=\"pt_BR\" \/>\n<meta property=\"og:type\" content=\"article\" \/>\n<meta property=\"og:title\" content=\"Bruce Willis teve mais dias ruins do que bons nos \u00faltimos dois meses, diz site - Transam\u00e9rica Mococa 93,3\" \/>\n<meta property=\"og:description\" content=\"Por Reda\u00e7\u00e3o E+ O estado de sa\u00fade de Bruce Willis, diagnosticado com dem\u00eancia frontotemporal (DFT) em 2022, se agravou nos \u00faltimos dois meses. Segundo fontes ouvidas pelo site US Weekly nesta quarta-feira, 6, os familiares do artista se uniram para aproveitar cada momento que passam ao lado do ator. A fam\u00edlia sempre publica registros com &hellip;\" \/>\n<meta property=\"og:url\" content=\"https:\/\/transamerica93.com.br\/home\/bruce-willis-teve-mais-dias-ruins-do-que-bons-nos-ultimos-dois-meses-diz-site\/\" \/>\n<meta property=\"og:site_name\" content=\"Transam\u00e9rica Mococa 93,3\" \/>\n<meta property=\"article:publisher\" content=\"https:\/\/www.facebook.com\/transamericamococa\" \/>\n<meta property=\"article:published_time\" content=\"2023-12-08T15:00:03+00:00\" \/>\n<meta property=\"og:image\" content=\"https:\/\/transamerica93.com.br\/home\/wp-content\/uploads\/2023\/12\/imagem-8.jpg\" \/>\n\t<meta property=\"og:image:width\" content=\"999\" \/>\n\t<meta property=\"og:image:height\" content=\"603\" \/>\n\t<meta property=\"og:image:type\" content=\"image\/jpeg\" \/>\n<meta name=\"author\" content=\"Reda\u00e7\u00e3o\" \/>\n<meta name=\"twitter:card\" content=\"summary_large_image\" \/>\n<meta name=\"twitter:creator\" content=\"@transamerica933\" \/>\n<meta name=\"twitter:site\" content=\"@transamerica933\" \/>\n<meta name=\"twitter:label1\" content=\"Escrito por\" \/>\n\t<meta name=\"twitter:data1\" content=\"Reda\u00e7\u00e3o\" \/>\n\t<meta name=\"twitter:label2\" content=\"Est. tempo de leitura\" \/>\n\t<meta name=\"twitter:data2\" content=\"2 minutos\" \/>\n<script type=\"application\/ld+json\" class=\"yoast-schema-graph\">{\"@context\":\"https:\\\/\\\/schema.org\",\"@graph\":[{\"@type\":\"Article\",\"@id\":\"https:\\\/\\\/transamerica93.com.br\\\/home\\\/bruce-willis-teve-mais-dias-ruins-do-que-bons-nos-ultimos-dois-meses-diz-site\\\/#article\",\"isPartOf\":{\"@id\":\"https:\\\/\\\/transamerica93.com.br\\\/home\\\/bruce-willis-teve-mais-dias-ruins-do-que-bons-nos-ultimos-dois-meses-diz-site\\\/\"},\"author\":{\"name\":\"Reda\u00e7\u00e3o\",\"@id\":\"https:\\\/\\\/transamerica93.com.br\\\/home\\\/#\\\/schema\\\/person\\\/7fed7c99c0d4562efa8561bc0f543172\"},\"headline\":\"Bruce Willis teve mais dias ruins do que bons nos \u00faltimos dois meses, diz site\",\"datePublished\":\"2023-12-08T15:00:03+00:00\",\"mainEntityOfPage\":{\"@id\":\"https:\\\/\\\/transamerica93.com.br\\\/home\\\/bruce-willis-teve-mais-dias-ruins-do-que-bons-nos-ultimos-dois-meses-diz-site\\\/\"},\"wordCount\":381,\"publisher\":{\"@id\":\"https:\\\/\\\/transamerica93.com.br\\\/home\\\/#organization\"},\"image\":{\"@id\":\"https:\\\/\\\/transamerica93.com.br\\\/home\\\/bruce-willis-teve-mais-dias-ruins-do-que-bons-nos-ultimos-dois-meses-diz-site\\\/#primaryimage\"},\"thumbnailUrl\":\"https:\\\/\\\/transamerica93.com.br\\\/home\\\/wp-content\\\/uploads\\\/2023\\\/12\\\/imagem-8.jpg\",\"articleSection\":[\"Entretenimento\"],\"inLanguage\":\"pt-BR\"},{\"@type\":\"WebPage\",\"@id\":\"https:\\\/\\\/transamerica93.com.br\\\/home\\\/bruce-willis-teve-mais-dias-ruins-do-que-bons-nos-ultimos-dois-meses-diz-site\\\/\",\"url\":\"https:\\\/\\\/transamerica93.com.br\\\/home\\\/bruce-willis-teve-mais-dias-ruins-do-que-bons-nos-ultimos-dois-meses-diz-site\\\/\",\"name\":\"Bruce Willis teve mais dias ruins do que bons nos \u00faltimos dois meses, diz site - Transam\u00e9rica Mococa 93,3\",\"isPartOf\":{\"@id\":\"https:\\\/\\\/transamerica93.com.br\\\/home\\\/#website\"},\"primaryImageOfPage\":{\"@id\":\"https:\\\/\\\/transamerica93.com.br\\\/home\\\/bruce-willis-teve-mais-dias-ruins-do-que-bons-nos-ultimos-dois-meses-diz-site\\\/#primaryimage\"},\"image\":{\"@id\":\"https:\\\/\\\/transamerica93.com.br\\\/home\\\/bruce-willis-teve-mais-dias-ruins-do-que-bons-nos-ultimos-dois-meses-diz-site\\\/#primaryimage\"},\"thumbnailUrl\":\"https:\\\/\\\/transamerica93.com.br\\\/home\\\/wp-content\\\/uploads\\\/2023\\\/12\\\/imagem-8.jpg\",\"datePublished\":\"2023-12-08T15:00:03+00:00\",\"breadcrumb\":{\"@id\":\"https:\\\/\\\/transamerica93.com.br\\\/home\\\/bruce-willis-teve-mais-dias-ruins-do-que-bons-nos-ultimos-dois-meses-diz-site\\\/#breadcrumb\"},\"inLanguage\":\"pt-BR\",\"potentialAction\":[{\"@type\":\"ReadAction\",\"target\":[\"https:\\\/\\\/transamerica93.com.br\\\/home\\\/bruce-willis-teve-mais-dias-ruins-do-que-bons-nos-ultimos-dois-meses-diz-site\\\/\"]}]},{\"@type\":\"ImageObject\",\"inLanguage\":\"pt-BR\",\"@id\":\"https:\\\/\\\/transamerica93.com.br\\\/home\\\/bruce-willis-teve-mais-dias-ruins-do-que-bons-nos-ultimos-dois-meses-diz-site\\\/#primaryimage\",\"url\":\"https:\\\/\\\/transamerica93.com.br\\\/home\\\/wp-content\\\/uploads\\\/2023\\\/12\\\/imagem-8.jpg\",\"contentUrl\":\"https:\\\/\\\/transamerica93.com.br\\\/home\\\/wp-content\\\/uploads\\\/2023\\\/12\\\/imagem-8.jpg\",\"width\":999,\"height\":603,\"caption\":\"Foto: Reprodu\u00e7\u00e3o\\\/Instagram\"},{\"@type\":\"BreadcrumbList\",\"@id\":\"https:\\\/\\\/transamerica93.com.br\\\/home\\\/bruce-willis-teve-mais-dias-ruins-do-que-bons-nos-ultimos-dois-meses-diz-site\\\/#breadcrumb\",\"itemListElement\":[{\"@type\":\"ListItem\",\"position\":1,\"name\":\"In\u00edcio\",\"item\":\"https:\\\/\\\/transamerica93.com.br\\\/home\\\/\"},{\"@type\":\"ListItem\",\"position\":2,\"name\":\"Bruce Willis teve mais dias ruins do que bons nos \u00faltimos dois meses, diz site\"}]},{\"@type\":\"WebSite\",\"@id\":\"https:\\\/\\\/transamerica93.com.br\\\/home\\\/#website\",\"url\":\"https:\\\/\\\/transamerica93.com.br\\\/home\\\/\",\"name\":\"Transam\u00e9rica Mococa 93,3\",\"description\":\"\",\"publisher\":{\"@id\":\"https:\\\/\\\/transamerica93.com.br\\\/home\\\/#organization\"},\"potentialAction\":[{\"@type\":\"SearchAction\",\"target\":{\"@type\":\"EntryPoint\",\"urlTemplate\":\"https:\\\/\\\/transamerica93.com.br\\\/home\\\/?s={search_term_string}\"},\"query-input\":{\"@type\":\"PropertyValueSpecification\",\"valueRequired\":true,\"valueName\":\"search_term_string\"}}],\"inLanguage\":\"pt-BR\"},{\"@type\":\"Organization\",\"@id\":\"https:\\\/\\\/transamerica93.com.br\\\/home\\\/#organization\",\"name\":\"Transam\u00e9rica Mococa 93,3\",\"url\":\"https:\\\/\\\/transamerica93.com.br\\\/home\\\/\",\"logo\":{\"@type\":\"ImageObject\",\"inLanguage\":\"pt-BR\",\"@id\":\"https:\\\/\\\/transamerica93.com.br\\\/home\\\/#\\\/schema\\\/logo\\\/image\\\/\",\"url\":\"https:\\\/\\\/transamerica93.com.br\\\/home\\\/wp-content\\\/uploads\\\/2023\\\/10\\\/logo2.png\",\"contentUrl\":\"https:\\\/\\\/transamerica93.com.br\\\/home\\\/wp-content\\\/uploads\\\/2023\\\/10\\\/logo2.png\",\"width\":800,\"height\":500,\"caption\":\"Transam\u00e9rica Mococa 93,3\"},\"image\":{\"@id\":\"https:\\\/\\\/transamerica93.com.br\\\/home\\\/#\\\/schema\\\/logo\\\/image\\\/\"},\"sameAs\":[\"https:\\\/\\\/www.facebook.com\\\/transamericamococa\",\"https:\\\/\\\/x.com\\\/transamerica933\",\"https:\\\/\\\/www.instagram.com\\\/transamericamococa\"]},{\"@type\":\"Person\",\"@id\":\"https:\\\/\\\/transamerica93.com.br\\\/home\\\/#\\\/schema\\\/person\\\/7fed7c99c0d4562efa8561bc0f543172\",\"name\":\"Reda\u00e7\u00e3o\",\"image\":{\"@type\":\"ImageObject\",\"inLanguage\":\"pt-BR\",\"@id\":\"https:\\\/\\\/secure.gravatar.com\\\/avatar\\\/1072c6b775fb02ef8506ce967551d95926669a6b7d2c2147b42eea4d7c68395e?s=96&d=mm&r=g\",\"url\":\"https:\\\/\\\/secure.gravatar.com\\\/avatar\\\/1072c6b775fb02ef8506ce967551d95926669a6b7d2c2147b42eea4d7c68395e?s=96&d=mm&r=g\",\"contentUrl\":\"https:\\\/\\\/secure.gravatar.com\\\/avatar\\\/1072c6b775fb02ef8506ce967551d95926669a6b7d2c2147b42eea4d7c68395e?s=96&d=mm&r=g\",\"caption\":\"Reda\u00e7\u00e3o\"},\"sameAs\":[\"https:\\\/\\\/transamerica93.com.br\\\/home\"],\"url\":\"https:\\\/\\\/transamerica93.com.br\\\/home\\\/author\\\/william\\\/\"}]}<\/script>\n<!-- \/ Yoast SEO plugin. -->","yoast_head_json":{"title":"Bruce Willis teve mais dias ruins do que bons nos \u00faltimos dois meses, diz site - Transam\u00e9rica Mococa 93,3","robots":{"index":"index","follow":"follow","max-snippet":"max-snippet:-1","max-image-preview":"max-image-preview:large","max-video-preview":"max-video-preview:-1"},"canonical":"https:\/\/transamerica93.com.br\/home\/bruce-willis-teve-mais-dias-ruins-do-que-bons-nos-ultimos-dois-meses-diz-site\/","og_locale":"pt_BR","og_type":"article","og_title":"Bruce Willis teve mais dias ruins do que bons nos \u00faltimos dois meses, diz site - Transam\u00e9rica Mococa 93,3","og_description":"Por Reda\u00e7\u00e3o E+ O estado de sa\u00fade de Bruce Willis, diagnosticado com dem\u00eancia frontotemporal (DFT) em 2022, se agravou nos \u00faltimos dois meses. Segundo fontes ouvidas pelo site US Weekly nesta quarta-feira, 6, os familiares do artista se uniram para aproveitar cada momento que passam ao lado do ator. A fam\u00edlia sempre publica registros com &hellip;","og_url":"https:\/\/transamerica93.com.br\/home\/bruce-willis-teve-mais-dias-ruins-do-que-bons-nos-ultimos-dois-meses-diz-site\/","og_site_name":"Transam\u00e9rica Mococa 93,3","article_publisher":"https:\/\/www.facebook.com\/transamericamococa","article_published_time":"2023-12-08T15:00:03+00:00","og_image":[{"width":999,"height":603,"url":"https:\/\/transamerica93.com.br\/home\/wp-content\/uploads\/2023\/12\/imagem-8.jpg","type":"image\/jpeg"}],"author":"Reda\u00e7\u00e3o","twitter_card":"summary_large_image","twitter_creator":"@transamerica933","twitter_site":"@transamerica933","twitter_misc":{"Escrito por":"Reda\u00e7\u00e3o","Est. tempo de leitura":"2 minutos"},"schema":{"@context":"https:\/\/schema.org","@graph":[{"@type":"Article","@id":"https:\/\/transamerica93.com.br\/home\/bruce-willis-teve-mais-dias-ruins-do-que-bons-nos-ultimos-dois-meses-diz-site\/#article","isPartOf":{"@id":"https:\/\/transamerica93.com.br\/home\/bruce-willis-teve-mais-dias-ruins-do-que-bons-nos-ultimos-dois-meses-diz-site\/"},"author":{"name":"Reda\u00e7\u00e3o","@id":"https:\/\/transamerica93.com.br\/home\/#\/schema\/person\/7fed7c99c0d4562efa8561bc0f543172"},"headline":"Bruce Willis teve mais dias ruins do que bons nos \u00faltimos dois meses, diz site","datePublished":"2023-12-08T15:00:03+00:00","mainEntityOfPage":{"@id":"https:\/\/transamerica93.com.br\/home\/bruce-willis-teve-mais-dias-ruins-do-que-bons-nos-ultimos-dois-meses-diz-site\/"},"wordCount":381,"publisher":{"@id":"https:\/\/transamerica93.com.br\/home\/#organization"},"image":{"@id":"https:\/\/transamerica93.com.br\/home\/bruce-willis-teve-mais-dias-ruins-do-que-bons-nos-ultimos-dois-meses-diz-site\/#primaryimage"},"thumbnailUrl":"https:\/\/transamerica93.com.br\/home\/wp-content\/uploads\/2023\/12\/imagem-8.jpg","articleSection":["Entretenimento"],"inLanguage":"pt-BR"},{"@type":"WebPage","@id":"https:\/\/transamerica93.com.br\/home\/bruce-willis-teve-mais-dias-ruins-do-que-bons-nos-ultimos-dois-meses-diz-site\/","url":"https:\/\/transamerica93.com.br\/home\/bruce-willis-teve-mais-dias-ruins-do-que-bons-nos-ultimos-dois-meses-diz-site\/","name":"Bruce Willis teve mais dias ruins do que bons nos \u00faltimos dois meses, diz site - Transam\u00e9rica Mococa 93,3","isPartOf":{"@id":"https:\/\/transamerica93.com.br\/home\/#website"},"primaryImageOfPage":{"@id":"https:\/\/transamerica93.com.br\/home\/bruce-willis-teve-mais-dias-ruins-do-que-bons-nos-ultimos-dois-meses-diz-site\/#primaryimage"},"image":{"@id":"https:\/\/transamerica93.com.br\/home\/bruce-willis-teve-mais-dias-ruins-do-que-bons-nos-ultimos-dois-meses-diz-site\/#primaryimage"},"thumbnailUrl":"https:\/\/transamerica93.com.br\/home\/wp-content\/uploads\/2023\/12\/imagem-8.jpg","datePublished":"2023-12-08T15:00:03+00:00","breadcrumb":{"@id":"https:\/\/transamerica93.com.br\/home\/bruce-willis-teve-mais-dias-ruins-do-que-bons-nos-ultimos-dois-meses-diz-site\/#breadcrumb"},"inLanguage":"pt-BR","potentialAction":[{"@type":"ReadAction","target":["https:\/\/transamerica93.com.br\/home\/bruce-willis-teve-mais-dias-ruins-do-que-bons-nos-ultimos-dois-meses-diz-site\/"]}]},{"@type":"ImageObject","inLanguage":"pt-BR","@id":"https:\/\/transamerica93.com.br\/home\/bruce-willis-teve-mais-dias-ruins-do-que-bons-nos-ultimos-dois-meses-diz-site\/#primaryimage","url":"https:\/\/transamerica93.com.br\/home\/wp-content\/uploads\/2023\/12\/imagem-8.jpg","contentUrl":"https:\/\/transamerica93.com.br\/home\/wp-content\/uploads\/2023\/12\/imagem-8.jpg","width":999,"height":603,"caption":"Foto: Reprodu\u00e7\u00e3o\/Instagram"},{"@type":"BreadcrumbList","@id":"https:\/\/transamerica93.com.br\/home\/bruce-willis-teve-mais-dias-ruins-do-que-bons-nos-ultimos-dois-meses-diz-site\/#breadcrumb","itemListElement":[{"@type":"ListItem","position":1,"name":"In\u00edcio","item":"https:\/\/transamerica93.com.br\/home\/"},{"@type":"ListItem","position":2,"name":"Bruce Willis teve mais dias ruins do que bons nos \u00faltimos dois meses, diz site"}]},{"@type":"WebSite","@id":"https:\/\/transamerica93.com.br\/home\/#website","url":"https:\/\/transamerica93.com.br\/home\/","name":"Transam\u00e9rica Mococa 93,3","description":"","publisher":{"@id":"https:\/\/transamerica93.com.br\/home\/#organization"},"potentialAction":[{"@type":"SearchAction","target":{"@type":"EntryPoint","urlTemplate":"https:\/\/transamerica93.com.br\/home\/?s={search_term_string}"},"query-input":{"@type":"PropertyValueSpecification","valueRequired":true,"valueName":"search_term_string"}}],"inLanguage":"pt-BR"},{"@type":"Organization","@id":"https:\/\/transamerica93.com.br\/home\/#organization","name":"Transam\u00e9rica Mococa 93,3","url":"https:\/\/transamerica93.com.br\/home\/","logo":{"@type":"ImageObject","inLanguage":"pt-BR","@id":"https:\/\/transamerica93.com.br\/home\/#\/schema\/logo\/image\/","url":"https:\/\/transamerica93.com.br\/home\/wp-content\/uploads\/2023\/10\/logo2.png","contentUrl":"https:\/\/transamerica93.com.br\/home\/wp-content\/uploads\/2023\/10\/logo2.png","width":800,"height":500,"caption":"Transam\u00e9rica Mococa 93,3"},"image":{"@id":"https:\/\/transamerica93.com.br\/home\/#\/schema\/logo\/image\/"},"sameAs":["https:\/\/www.facebook.com\/transamericamococa","https:\/\/x.com\/transamerica933","https:\/\/www.instagram.com\/transamericamococa"]},{"@type":"Person","@id":"https:\/\/transamerica93.com.br\/home\/#\/schema\/person\/7fed7c99c0d4562efa8561bc0f543172","name":"Reda\u00e7\u00e3o","image":{"@type":"ImageObject","inLanguage":"pt-BR","@id":"https:\/\/secure.gravatar.com\/avatar\/1072c6b775fb02ef8506ce967551d95926669a6b7d2c2147b42eea4d7c68395e?s=96&d=mm&r=g","url":"https:\/\/secure.gravatar.com\/avatar\/1072c6b775fb02ef8506ce967551d95926669a6b7d2c2147b42eea4d7c68395e?s=96&d=mm&r=g","contentUrl":"https:\/\/secure.gravatar.com\/avatar\/1072c6b775fb02ef8506ce967551d95926669a6b7d2c2147b42eea4d7c68395e?s=96&d=mm&r=g","caption":"Reda\u00e7\u00e3o"},"sameAs":["https:\/\/transamerica93.com.br\/home"],"url":"https:\/\/transamerica93.com.br\/home\/author\/william\/"}]}},"_links":{"self":[{"href":"https:\/\/transamerica93.com.br\/home\/wp-json\/wp\/v2\/posts\/2119","targetHints":{"allow":["GET"]}}],"collection":[{"href":"https:\/\/transamerica93.com.br\/home\/wp-json\/wp\/v2\/posts"}],"about":[{"href":"https:\/\/transamerica93.com.br\/home\/wp-json\/wp\/v2\/types\/post"}],"author":[{"embeddable":true,"href":"https:\/\/transamerica93.com.br\/home\/wp-json\/wp\/v2\/users\/1"}],"replies":[{"embeddable":true,"href":"https:\/\/transamerica93.com.br\/home\/wp-json\/wp\/v2\/comments?post=2119"}],"version-history":[{"count":1,"href":"https:\/\/transamerica93.com.br\/home\/wp-json\/wp\/v2\/posts\/2119\/revisions"}],"predecessor-version":[{"id":2121,"href":"https:\/\/transamerica93.com.br\/home\/wp-json\/wp\/v2\/posts\/2119\/revisions\/2121"}],"wp:featuredmedia":[{"embeddable":true,"href":"https:\/\/transamerica93.com.br\/home\/wp-json\/wp\/v2\/media\/2120"}],"wp:attachment":[{"href":"https:\/\/transamerica93.com.br\/home\/wp-json\/wp\/v2\/media?parent=2119"}],"wp:term":[{"taxonomy":"category","embeddable":true,"href":"https:\/\/transamerica93.com.br\/home\/wp-json\/wp\/v2\/categories?post=2119"},{"taxonomy":"post_tag","embeddable":true,"href":"https:\/\/transamerica93.com.br\/home\/wp-json\/wp\/v2\/tags?post=2119"}],"curies":[{"name":"wp","href":"https:\/\/api.w.org\/{rel}","templated":true}]}}